{"id":166924,"date":"2026-02-09T07:00:51","date_gmt":"2026-02-09T06:00:51","guid":{"rendered":"https:\/\/www.bellunopress.it\/?p=166924"},"modified":"2026-02-09T13:40:51","modified_gmt":"2026-02-09T12:40:51","slug":"fatture-e-corrispondenza-aziendale-come-gestire-e-conservare-i-documenti-nel-tempo","status":"publish","type":"post","link":"https:\/\/www.bellunopress.it\/fr\/2026\/02\/09\/fatture-e-corrispondenza-aziendale-come-gestire-e-conservare-i-documenti-nel-tempo\/","title":{"rendered":"Fatture e corrispondenza aziendale: come gestire e conservare i documenti nel tempo"},"content":{"rendered":"<p lang=\"it-IT\" align=\"LEFT\"><span style=\"color: #000000;\"><span style=\"font-family: Helvetica Neue, serif;\"><span style=\"font-size: medium;\"><span style=\"font-family: Helvetica, serif;\"><span style=\"font-size: large;\"><span lang=\"it-IT\">Il flusso vitale di un&#8217;azienda, dalla piccola impresa alla grande corporazione, \u00e8 scandito dalla produzione continua di documenti. Fatture attive e passive, ordini, contratti e una mole crescente di corrispondenza elettronica costituiscono la memoria storica e legale dell&#8217;attivit<\/span><\/span><\/span><span style=\"font-family: Helvetica, serif;\"><span style=\"font-size: large;\">\u00e0<\/span><\/span><span style=\"font-family: Helvetica, serif;\"><span style=\"font-size: large;\"><span lang=\"it-IT\">. Nel 2026, la gestione di questo patrimonio informativo non \u00e8 <\/span><\/span><\/span><span style=\"font-family: Helvetica, serif;\"><span style=\"font-size: large;\">pi<\/span><\/span><span style=\"font-family: Helvetica, serif;\"><span style=\"font-size: large;\"><span lang=\"it-IT\">\u00f9 una questione di scaffali e faldoni polverosi, ma una sfida di governance digitale. La dematerializzazione, se da un lato ha snellito i processi di trasmissione, dall&#8217;altro ha introdotto nuove complessit<\/span><\/span><\/span><span style=\"font-family: Helvetica, serif;\"><span style=\"font-size: large;\">\u00e0 <\/span><\/span><span style=\"font-family: Helvetica, serif;\"><span style=\"font-size: large;\"><span lang=\"it-IT\">legate alla garanzia dell&#8217;integrit<\/span><\/span><\/span><span style=\"font-family: Helvetica, serif;\"><span style=\"font-size: large;\">\u00e0 <\/span><\/span><span style=\"font-family: Helvetica, serif;\"><span style=\"font-size: large;\"><span lang=\"it-IT\">e dell&#8217;accessibilit<\/span><\/span><\/span><span style=\"font-family: Helvetica, serif;\"><span style=\"font-size: large;\">\u00e0 <\/span><\/span><span style=\"font-family: Helvetica, serif;\"><span style=\"font-size: large;\"><span lang=\"it-IT\">dei dati nel lungo periodo.<\/span><\/span><\/span><\/span><\/span><\/span><\/p>\n<p lang=\"it-IT\" align=\"LEFT\"><span style=\"color: #000000;\"><span style=\"font-family: Helvetica Neue, serif;\"><span style=\"font-size: medium;\"><span style=\"font-family: Helvetica, serif;\"><span style=\"font-size: large;\"><span lang=\"it-IT\">L&#8217;errore pi\u00f9 comune \u00e8 confondere il semplice salvataggio su un hard disk con la conservazione legale. Un file PDF salvato sul desktop pu\u00f2 essere modificato, cancellato per errore o perdere la sua validit<\/span><\/span><\/span><span style=\"font-family: Helvetica, serif;\"><span style=\"font-size: large;\">\u00e0 <\/span><\/span><span style=\"font-family: Helvetica, serif;\"><span style=\"font-size: large;\"><span lang=\"it-IT\">probatoria se non accompagnato da marche temporali e firme che ne cristallizzino il contenuto. Per gli amministratori e i titolari d&#8217;azienda che cercano di mettere al sicuro i propri archivi garantendosi la conformit<\/span><\/span><\/span><span style=\"font-family: Helvetica, serif;\"><span style=\"font-size: large;\">\u00e0 <\/span><\/span><span style=\"font-family: Helvetica, serif;\"><span style=\"font-size: large;\"><span lang=\"it-IT\">normativa, l&#8217;adozione di piattaforme dedicate \u00e8 un passaggio obbligato. Strumenti evoluti come<\/span><\/span><\/span><span style=\"font-family: Helvetica, serif;\"><span style=\"font-size: large;\">\u00a0<\/span><\/span><span style=\"color: #0432ff;\"><u><a href=\"https:\/\/www.letterasenzabusta.com\/conservazione-digitale\/attivazione-servizio-conservazione-digitale.html\"><span style=\"font-family: Helvetica, serif;\"><span style=\"font-size: large;\"><span lang=\"it-IT\">Docucloud di Lettera Senza Busta<\/span><\/span><\/span><\/a><\/u><\/span><span style=\"font-family: Helvetica, serif;\"><span style=\"font-size: large;\"><span lang=\"it-IT\">, <\/span><\/span><\/span><span style=\"font-family: Helvetica, serif;\"><span style=\"font-size: large;\"><span lang=\"it-IT\"><b>fornitore di servizi digitali<\/b><\/span><\/span><\/span><span style=\"font-family: Helvetica, serif;\"><span style=\"font-size: large;\"><span lang=\"it-IT\"> di vario genere,<\/span><\/span><\/span><span style=\"font-family: Helvetica, serif;\"><span style=\"font-size: large;\">\u00a0<\/span><\/span><span style=\"font-family: Helvetica, serif;\"><span style=\"font-size: large;\"><span lang=\"it-IT\">si inseriscono proprio in questo contesto, offrendo un ambiente protetto dove la documentazione fiscale e la corrispondenza rilevante vengono custodite mantenendo inalterato il loro valore legale nel tempo.<\/span><\/span><\/span><\/span><\/span><\/span><\/p>\n<p lang=\"it-IT\" align=\"LEFT\"><span style=\"color: #000000;\"><span style=\"font-family: Helvetica Neue, serif;\"><span style=\"font-size: medium;\"><span style=\"font-family: Helvetica, serif;\"><span style=\"font-size: large;\"><span lang=\"it-IT\"><b>Il ciclo di vita della fattura: oltre l&#8217;invio allo SDI<\/b><\/span><\/span><\/span><\/span><\/span><\/span><\/p>\n<p lang=\"it-IT\" align=\"LEFT\"><span style=\"color: #000000;\"><span style=\"font-family: Helvetica Neue, serif;\"><span style=\"font-size: medium;\"><span style=\"font-family: Helvetica, serif;\"><span style=\"font-size: large;\"><span lang=\"it-IT\">La fatturazione elettronica ha standardizzato il formato di emissione (XML), ma ha lasciato aperta la questione della conservazione. Molte aziende credono erroneamente che il transito attraverso il Sistema di Interscambio (SDI) dell&#8217;Agenzia delle Entrate costituisca di per s<\/span><\/span><\/span><span style=\"font-family: Helvetica, serif;\"><span style=\"font-size: large;\"><span lang=\"fr-FR\">\u00e9 <\/span><\/span><\/span><span style=\"font-family: Helvetica, serif;\"><span style=\"font-size: large;\"><span lang=\"it-IT\">un archivio definitivo. In realt<\/span><\/span><\/span><span style=\"font-family: Helvetica, serif;\"><span style=\"font-size: large;\">\u00e0<\/span><\/span><span style=\"font-family: Helvetica, serif;\"><span style=\"font-size: large;\"><span lang=\"it-IT\">, l&#8217;obbligo di conservazione decennale (previsto dall&#8217;art. 2220 del Codice Civile) ricade sempre sul contribuente.<\/span><\/span><\/span><\/span><\/span><\/span><\/p>\n<p lang=\"it-IT\" align=\"LEFT\"><span style=\"color: #000000;\"><span style=\"font-family: Helvetica Neue, serif;\"><span style=\"font-size: medium;\"><span style=\"font-family: Helvetica, serif;\"><span style=\"font-size: large;\"><span lang=\"it-IT\">Gestire correttamente le fatture significa implementare un processo che, dopo la ricezione o l&#8217;emissione, preveda il &#8220;versamento&#8221; in un sistema di conservazione a norma. Questo passaggio \u00e8 cruciale non solo per evitare sanzioni in caso di controlli fiscali, ma per avere sempre a disposizione i giustificativi di spesa e di incasso in caso di contenziosi civili. Un archivio ben strutturato permette di recuperare una fattura di cinque anni fa in pochi secondi, trasformando un potenziale incubo amministrativo in una semplice ricerca per parole chiave.<\/span><\/span><\/span><\/span><\/span><\/span><\/p>\n<p lang=\"it-IT\" align=\"LEFT\"><span style=\"color: #000000;\"><span style=\"font-family: Helvetica Neue, serif;\"><span style=\"font-size: medium;\"><span style=\"font-family: Helvetica, serif;\"><span style=\"font-size: large;\"><span lang=\"it-IT\"><b>La corrispondenza come prova: PEC ed email<\/b><\/span><\/span><\/span><\/span><\/span><\/span><\/p>\n<p lang=\"it-IT\" align=\"LEFT\"><span style=\"color: #000000;\"><span style=\"font-family: Helvetica Neue, serif;\"><span style=\"font-size: medium;\"><span style=\"font-family: Helvetica, serif;\"><span style=\"font-size: large;\"><span lang=\"it-IT\">Se per le fatture la normativa \u00e8 rigida e nota, la gestione della corrispondenza \u00e8 spesso l&#8217;anello debole. La Posta Elettronica Certificata (PEC) ha valore legale, ma le caselle di posta non sono archivi eterni. I gestori di PEC hanno limiti di spazio e policy di conservazione che potrebbero non coprire l&#8217;arco temporale necessario all&#8217;azienda.<\/span><\/span><\/span><\/span><\/span><\/span><\/p>\n<p lang=\"it-IT\" align=\"LEFT\"><span style=\"color: #000000;\"><span style=\"font-family: Helvetica Neue, serif;\"><span style=\"font-size: medium;\"><span style=\"font-family: Helvetica, serif;\"><span style=\"font-size: large;\"><span lang=\"it-IT\">In caso di dispute commerciali, appalti o contestazioni sul lavoro, poter esibire lo scambio di comunicazioni integro e con data certa \u00e8 fondamentale. Le email ordinarie e le PEC devono essere estratte dai client di posta e archiviate in sistemi che ne garantiscano l&#8217;immodificabilit<\/span><\/span><\/span><span style=\"font-family: Helvetica, serif;\"><span style=\"font-size: large;\">\u00e0<\/span><\/span><span style=\"font-family: Helvetica, serif;\"><span style=\"font-size: large;\"><span lang=\"it-IT\">. Una gestione efficiente prevede protocolli che identificano quali comunicazioni sono rilevanti per il business (ordini, disdette, accordi, diffide) e le convogliano automaticamente verso l&#8217;archivio a lungo termine, evitando che restino sepolte nelle caselle personali dei dipendenti.<\/span><\/span><\/span><\/span><\/span><\/span><\/p>\n<p lang=\"it-IT\" align=\"LEFT\"><span style=\"color: #000000;\"><span style=\"font-family: Helvetica Neue, serif;\"><span style=\"font-size: medium;\"><span style=\"font-family: Helvetica, serif;\"><span style=\"font-size: large;\"><span lang=\"it-IT\"><b>Il rischio tecnologico e la sicurezza dei dati<\/b><\/span><\/span><\/span><\/span><\/span><\/span><\/p>\n<p lang=\"it-IT\" align=\"LEFT\"><span style=\"color: #000000;\"><span style=\"font-family: Helvetica Neue, serif;\"><span style=\"font-size: medium;\"><span style=\"font-family: Helvetica, serif;\"><span style=\"font-size: large;\"><span lang=\"it-IT\">Conservare i documenti nel tempo significa anche proteggerli dall&#8217;obsolescenza tecnologica e dalle minacce informatiche. I supporti fisici come CD, DVD o vecchi hard disk si smagnetizzano o diventano illeggibili con i nuovi sistemi operativi. Inoltre, la piaga dei <\/span><\/span><\/span><span style=\"color: #0432ff;\"><u><a href=\"https:\/\/www.cloudflare.com\/it-it\/learning\/security\/ransomware\/what-is-ransomware\/\"><span style=\"font-family: Helvetica, serif;\"><span style=\"font-size: large;\"><span lang=\"en-US\">ransomware<\/span><\/span><\/span><\/a><\/u><\/span><span style=\"font-family: Helvetica, serif;\"><span style=\"font-size: large;\"><span lang=\"it-IT\"> (software malevoli che criptano i dati chiedendo un riscatto) mette a rischio la sopravvivenza stessa delle aziende che non hanno backup sicuri e separati dalla rete aziendale principale.<\/span><\/span><\/span><\/span><\/span><\/span><\/p>\n<p lang=\"it-IT\" align=\"LEFT\"><span style=\"color: #000000;\"><span style=\"font-family: Helvetica Neue, serif;\"><span style=\"font-size: medium;\"><span style=\"font-family: Helvetica, serif;\"><span style=\"font-size: large;\"><span lang=\"it-IT\">Un sistema di gestione documentale professionale si fa carico di questi rischi. Garantisce la migrazione dei formati se necessario, esegue backup ridondanti su server geograficamente distanti e applica protocolli di sicurezza di livello enterprise. In questo modo, l&#8217;imprenditore delega la responsabilit<\/span><\/span><\/span><span style=\"font-family: Helvetica, serif;\"><span style=\"font-size: large;\">\u00e0 <\/span><\/span><span style=\"font-family: Helvetica, serif;\"><span style=\"font-size: large;\"><span lang=\"it-IT\">tecnica della custodia, mantenendo per\u00f2 il controllo e l&#8217;accesso ai propri dati.<\/span><\/span><\/span><\/span><\/span><\/span><\/p>\n<p lang=\"it-IT\" align=\"LEFT\"><span style=\"color: #000000;\"><span style=\"font-family: Helvetica Neue, serif;\"><span style=\"font-size: medium;\"><span style=\"font-family: Helvetica, serif;\"><span style=\"font-size: large;\"><span lang=\"it-IT\"><b>Organizzazione logica e reperibilit<\/b><\/span><\/span><\/span><span style=\"font-family: Helvetica, serif;\"><span style=\"font-size: large;\"><b>\u00e0<\/b><\/span><\/span><\/span><\/span><\/span><\/p>\n<p lang=\"it-IT\" align=\"LEFT\"><span style=\"color: #000000;\"><span style=\"font-family: Helvetica Neue, serif;\"><span style=\"font-size: medium;\"><span style=\"font-family: Helvetica, serif;\"><span style=\"font-size: large;\"><span lang=\"it-IT\">Infine, c&#8217;\u00e8 l&#8217;aspetto pratico dell&#8217;efficienza quotidiana. Un archivio, per essere utile, deve essere consultabile. Buttare file alla rinfusa in una cartella cloud generica crea un &#8220;cimitero dei dati&#8221;. Una gestione corretta implica l&#8217;uso di metadati (data, tipologia, cliente\/fornitore, importo) che rendono l&#8217;archivio un database interrogabile.<\/span><\/span><\/span><\/span><\/span><\/span><\/p>\n<p lang=\"it-IT\" align=\"LEFT\"><span style=\"color: #000000;\"><span style=\"font-family: Helvetica Neue, serif;\"><span style=\"font-size: medium;\"><span style=\"font-family: Helvetica, serif;\"><span style=\"font-size: large;\"><span lang=\"it-IT\">Questo livello di organizzazione permette non solo di rispondere rapidamente a richieste esterne (banche, revisori, autorit<\/span><\/span><\/span><span style=\"font-family: Helvetica, serif;\"><span style=\"font-size: large;\">\u00e0<\/span><\/span><span style=\"font-family: Helvetica, serif;\"><span style=\"font-size: large;\"><span lang=\"it-IT\">), ma anche di effettuare analisi interne sull&#8217;andamento del business. Sapere di avere ogni documento al suo posto, protetto e valido, libera risorse mentali e operative, permettendo al management di concentrarsi sulla crescita dell&#8217;azienda piuttosto che sulla difesa del passato burocratico.<\/span><\/span><\/span><\/span><\/span><\/span><\/p>","protected":false},"excerpt":{"rendered":"<p>Il flusso vitale di un&#8217;azienda, dalla piccola impresa alla grande corporazione, \u00e8 scandito dalla produzione continua di documenti. Fatture attive e passive, ordini, contratti e una mole crescente di corrispondenza elettronica costituiscono la memoria storica e legale dell&#8217;attivit\u00e0. Nel 2026, la gestione di questo patrimonio informativo non \u00e8 pi\u00f9 una questione di scaffali e faldoni [&hellip;]<\/p>\n","protected":false},"author":2,"featured_media":166925,"comment_status":"closed","ping_status":"open","sticky":false,"template":"","format":"standard","meta":{"footnotes":""},"categories":[36],"tags":[],"class_list":["post-166924","post","type-post","status-publish","format-standard","has-post-thumbnail","category-lavoro-economia"],"yoast_head":"<!-- This site is optimized with the Yoast SEO plugin v28.4 - https:\/\/yoast.com\/product\/yoast-seo-wordpress\/ -->\n<title>Fatture e corrispondenza aziendale: come gestire e conservare i documenti nel tempo - Bellunopress - Dolomiti<\/title>\n<meta name=\"robots\" content=\"index, follow, max-snippet:-1, max-image-preview:large, max-video-preview:-1\" \/>\n<link rel=\"canonical\" href=\"https:\/\/www.bellunopress.it\/fr\/2026\/02\/09\/fatture-e-corrispondenza-aziendale-come-gestire-e-conservare-i-documenti-nel-tempo\/\" \/>\n<meta property=\"og:locale\" content=\"fr_FR\" \/>\n<meta property=\"og:type\" content=\"article\" \/>\n<meta property=\"og:title\" content=\"Fatture e corrispondenza aziendale: come gestire e conservare i documenti nel tempo - Bellunopress - Dolomiti\" \/>\n<meta property=\"og:description\" content=\"Il flusso vitale di un&#8217;azienda, dalla piccola impresa alla grande corporazione, \u00e8 scandito dalla produzione continua di documenti. Fatture attive e passive, ordini, contratti e una mole crescente di corrispondenza elettronica costituiscono la memoria storica e legale dell&#8217;attivit\u00e0. Nel 2026, la gestione di questo patrimonio informativo non \u00e8 pi\u00f9 una questione di scaffali e faldoni [&hellip;]\" \/>\n<meta property=\"og:url\" content=\"https:\/\/www.bellunopress.it\/fr\/2026\/02\/09\/fatture-e-corrispondenza-aziendale-come-gestire-e-conservare-i-documenti-nel-tempo\/\" \/>\n<meta property=\"og:site_name\" content=\"Bellunopress - Dolomiti\" \/>\n<meta property=\"article:publisher\" content=\"https:\/\/www.facebook.com\/profile.php?id=100008943462799\" \/>\n<meta property=\"article:published_time\" content=\"2026-02-09T06:00:51+00:00\" \/>\n<meta property=\"article:modified_time\" content=\"2026-02-09T12:40:51+00:00\" \/>\n<meta property=\"og:image\" content=\"https:\/\/www.bellunopress.it\/wp-content\/uploads\/2026\/01\/pila-di-carte-burocrazia.jpg\" \/>\n\t<meta property=\"og:image:width\" content=\"600\" \/>\n\t<meta property=\"og:image:height\" content=\"469\" \/>\n\t<meta property=\"og:image:type\" content=\"image\/jpeg\" \/>\n<meta name=\"author\" content=\"redazione\" \/>\n<meta name=\"twitter:card\" content=\"summary_large_image\" \/>\n<meta name=\"twitter:creator\" content=\"@bellunopress\" \/>\n<meta name=\"twitter:site\" content=\"@bellunopress\" \/>\n<meta name=\"twitter:label1\" content=\"\u00c9crit par\" \/>\n\t<meta name=\"twitter:data1\" content=\"redazione\" \/>\n\t<meta name=\"twitter:label2\" content=\"Dur\u00e9e de lecture estim\u00e9e\" \/>\n\t<meta name=\"twitter:data2\" content=\"4 minutes\" \/>\n<script type=\"application\/ld+json\" class=\"yoast-schema-graph\">{\"@context\":\"https:\\\/\\\/schema.org\",\"@graph\":[{\"@type\":\"Article\",\"@id\":\"https:\\\/\\\/www.bellunopress.it\\\/2026\\\/02\\\/09\\\/fatture-e-corrispondenza-aziendale-come-gestire-e-conservare-i-documenti-nel-tempo\\\/#article\",\"isPartOf\":{\"@id\":\"https:\\\/\\\/www.bellunopress.it\\\/2026\\\/02\\\/09\\\/fatture-e-corrispondenza-aziendale-come-gestire-e-conservare-i-documenti-nel-tempo\\\/\"},\"author\":{\"name\":\"redazione\",\"@id\":\"https:\\\/\\\/www.bellunopress.it\\\/#\\\/schema\\\/person\\\/79bb06722b37ece1c03d3e94beb30d73\"},\"headline\":\"Fatture e corrispondenza aziendale: come gestire e conservare i documenti nel tempo\",\"datePublished\":\"2026-02-09T06:00:51+00:00\",\"dateModified\":\"2026-02-09T12:40:51+00:00\",\"mainEntityOfPage\":{\"@id\":\"https:\\\/\\\/www.bellunopress.it\\\/2026\\\/02\\\/09\\\/fatture-e-corrispondenza-aziendale-come-gestire-e-conservare-i-documenti-nel-tempo\\\/\"},\"wordCount\":764,\"publisher\":{\"@id\":\"https:\\\/\\\/www.bellunopress.it\\\/#organization\"},\"image\":{\"@id\":\"https:\\\/\\\/www.bellunopress.it\\\/2026\\\/02\\\/09\\\/fatture-e-corrispondenza-aziendale-come-gestire-e-conservare-i-documenti-nel-tempo\\\/#primaryimage\"},\"thumbnailUrl\":\"https:\\\/\\\/www.bellunopress.it\\\/wp-content\\\/uploads\\\/2026\\\/01\\\/pila-di-carte-burocrazia.jpg\",\"articleSection\":[\"Lavoro, Economia, Turismo\"],\"inLanguage\":\"fr-FR\"},{\"@type\":\"WebPage\",\"@id\":\"https:\\\/\\\/www.bellunopress.it\\\/2026\\\/02\\\/09\\\/fatture-e-corrispondenza-aziendale-come-gestire-e-conservare-i-documenti-nel-tempo\\\/\",\"url\":\"https:\\\/\\\/www.bellunopress.it\\\/2026\\\/02\\\/09\\\/fatture-e-corrispondenza-aziendale-come-gestire-e-conservare-i-documenti-nel-tempo\\\/\",\"name\":\"Fatture e corrispondenza aziendale: come gestire e conservare i documenti nel tempo - Bellunopress - Dolomiti\",\"isPartOf\":{\"@id\":\"https:\\\/\\\/www.bellunopress.it\\\/#website\"},\"primaryImageOfPage\":{\"@id\":\"https:\\\/\\\/www.bellunopress.it\\\/2026\\\/02\\\/09\\\/fatture-e-corrispondenza-aziendale-come-gestire-e-conservare-i-documenti-nel-tempo\\\/#primaryimage\"},\"image\":{\"@id\":\"https:\\\/\\\/www.bellunopress.it\\\/2026\\\/02\\\/09\\\/fatture-e-corrispondenza-aziendale-come-gestire-e-conservare-i-documenti-nel-tempo\\\/#primaryimage\"},\"thumbnailUrl\":\"https:\\\/\\\/www.bellunopress.it\\\/wp-content\\\/uploads\\\/2026\\\/01\\\/pila-di-carte-burocrazia.jpg\",\"datePublished\":\"2026-02-09T06:00:51+00:00\",\"dateModified\":\"2026-02-09T12:40:51+00:00\",\"breadcrumb\":{\"@id\":\"https:\\\/\\\/www.bellunopress.it\\\/2026\\\/02\\\/09\\\/fatture-e-corrispondenza-aziendale-come-gestire-e-conservare-i-documenti-nel-tempo\\\/#breadcrumb\"},\"inLanguage\":\"fr-FR\",\"potentialAction\":[{\"@type\":\"ReadAction\",\"target\":[\"https:\\\/\\\/www.bellunopress.it\\\/2026\\\/02\\\/09\\\/fatture-e-corrispondenza-aziendale-come-gestire-e-conservare-i-documenti-nel-tempo\\\/\"]}]},{\"@type\":\"ImageObject\",\"inLanguage\":\"fr-FR\",\"@id\":\"https:\\\/\\\/www.bellunopress.it\\\/2026\\\/02\\\/09\\\/fatture-e-corrispondenza-aziendale-come-gestire-e-conservare-i-documenti-nel-tempo\\\/#primaryimage\",\"url\":\"https:\\\/\\\/www.bellunopress.it\\\/wp-content\\\/uploads\\\/2026\\\/01\\\/pila-di-carte-burocrazia.jpg\",\"contentUrl\":\"https:\\\/\\\/www.bellunopress.it\\\/wp-content\\\/uploads\\\/2026\\\/01\\\/pila-di-carte-burocrazia.jpg\",\"width\":600,\"height\":469},{\"@type\":\"BreadcrumbList\",\"@id\":\"https:\\\/\\\/www.bellunopress.it\\\/2026\\\/02\\\/09\\\/fatture-e-corrispondenza-aziendale-come-gestire-e-conservare-i-documenti-nel-tempo\\\/#breadcrumb\",\"itemListElement\":[{\"@type\":\"ListItem\",\"position\":1,\"name\":\"Home\",\"item\":\"https:\\\/\\\/www.bellunopress.it\\\/\"},{\"@type\":\"ListItem\",\"position\":2,\"name\":\"Fatture e corrispondenza aziendale: come gestire e conservare i documenti nel tempo\"}]},{\"@type\":\"WebSite\",\"@id\":\"https:\\\/\\\/www.bellunopress.it\\\/#website\",\"url\":\"https:\\\/\\\/www.bellunopress.it\\\/\",\"name\":\"Bellunopress - Dolomiti\",\"description\":\"e-mail: redazione@bellunopress.it\",\"publisher\":{\"@id\":\"https:\\\/\\\/www.bellunopress.it\\\/#organization\"},\"potentialAction\":[{\"@type\":\"SearchAction\",\"target\":{\"@type\":\"EntryPoint\",\"urlTemplate\":\"https:\\\/\\\/www.bellunopress.it\\\/?s={search_term_string}\"},\"query-input\":{\"@type\":\"PropertyValueSpecification\",\"valueRequired\":true,\"valueName\":\"search_term_string\"}}],\"inLanguage\":\"fr-FR\"},{\"@type\":\"Organization\",\"@id\":\"https:\\\/\\\/www.bellunopress.it\\\/#organization\",\"name\":\"Bellunopress\",\"url\":\"https:\\\/\\\/www.bellunopress.it\\\/\",\"logo\":{\"@type\":\"ImageObject\",\"inLanguage\":\"fr-FR\",\"@id\":\"https:\\\/\\\/www.bellunopress.it\\\/#\\\/schema\\\/logo\\\/image\\\/\",\"url\":\"https:\\\/\\\/www.bellunopress.it\\\/wp-content\\\/uploads\\\/2011\\\/05\\\/cropped-logo-bellunopress-.jpg\",\"contentUrl\":\"https:\\\/\\\/www.bellunopress.it\\\/wp-content\\\/uploads\\\/2011\\\/05\\\/cropped-logo-bellunopress-.jpg\",\"width\":512,\"height\":512,\"caption\":\"Bellunopress\"},\"image\":{\"@id\":\"https:\\\/\\\/www.bellunopress.it\\\/#\\\/schema\\\/logo\\\/image\\\/\"},\"sameAs\":[\"https:\\\/\\\/www.facebook.com\\\/profile.php?id=100008943462799\",\"https:\\\/\\\/x.com\\\/bellunopress\",\"https:\\\/\\\/www.linkedin.com\\\/hp\\\/?dnr=JBzUWaJfMUw8vbXJJ2tVW5-I3jZKvC4wsoxE&amp;amp;amp;amp;amp;amp;trk=nav_responsive_tab_home\",\"https:\\\/\\\/www.youtube.com\\\/channel\\\/UCxL0wu1uN0_3_7hGG0306cw\"]},{\"@type\":\"Person\",\"@id\":\"https:\\\/\\\/www.bellunopress.it\\\/#\\\/schema\\\/person\\\/79bb06722b37ece1c03d3e94beb30d73\",\"name\":\"redazione\",\"image\":{\"@type\":\"ImageObject\",\"inLanguage\":\"fr-FR\",\"@id\":\"https:\\\/\\\/secure.gravatar.com\\\/avatar\\\/37d968a2e67a6fd04c169c4bdef102d0bc5d31b2546345219e348575eb80e9a0?s=96&d=mm&r=g\",\"url\":\"https:\\\/\\\/secure.gravatar.com\\\/avatar\\\/37d968a2e67a6fd04c169c4bdef102d0bc5d31b2546345219e348575eb80e9a0?s=96&d=mm&r=g\",\"contentUrl\":\"https:\\\/\\\/secure.gravatar.com\\\/avatar\\\/37d968a2e67a6fd04c169c4bdef102d0bc5d31b2546345219e348575eb80e9a0?s=96&d=mm&r=g\",\"caption\":\"redazione\"},\"sameAs\":[\"http:\\\/\\\/www.bellunopress.it\",\"https:\\\/\\\/x.com\\\/bellunopress\"],\"url\":\"https:\\\/\\\/www.bellunopress.it\\\/fr\\\/author\\\/redazione\\\/\"}]}<\/script>\n<!-- \/ Yoast SEO plugin. -->","yoast_head_json":{"title":"Fatture e corrispondenza aziendale: come gestire e conservare i documenti nel tempo - Bellunopress - Dolomiti","robots":{"index":"index","follow":"follow","max-snippet":"max-snippet:-1","max-image-preview":"max-image-preview:large","max-video-preview":"max-video-preview:-1"},"canonical":"https:\/\/www.bellunopress.it\/fr\/2026\/02\/09\/fatture-e-corrispondenza-aziendale-come-gestire-e-conservare-i-documenti-nel-tempo\/","og_locale":"fr_FR","og_type":"article","og_title":"Fatture e corrispondenza aziendale: come gestire e conservare i documenti nel tempo - Bellunopress - Dolomiti","og_description":"Il flusso vitale di un&#8217;azienda, dalla piccola impresa alla grande corporazione, \u00e8 scandito dalla produzione continua di documenti. Fatture attive e passive, ordini, contratti e una mole crescente di corrispondenza elettronica costituiscono la memoria storica e legale dell&#8217;attivit\u00e0. Nel 2026, la gestione di questo patrimonio informativo non \u00e8 pi\u00f9 una questione di scaffali e faldoni [&hellip;]","og_url":"https:\/\/www.bellunopress.it\/fr\/2026\/02\/09\/fatture-e-corrispondenza-aziendale-come-gestire-e-conservare-i-documenti-nel-tempo\/","og_site_name":"Bellunopress - Dolomiti","article_publisher":"https:\/\/www.facebook.com\/profile.php?id=100008943462799","article_published_time":"2026-02-09T06:00:51+00:00","article_modified_time":"2026-02-09T12:40:51+00:00","og_image":[{"width":600,"height":469,"url":"https:\/\/www.bellunopress.it\/wp-content\/uploads\/2026\/01\/pila-di-carte-burocrazia.jpg","type":"image\/jpeg"}],"author":"redazione","twitter_card":"summary_large_image","twitter_creator":"@bellunopress","twitter_site":"@bellunopress","twitter_misc":{"\u00c9crit par":"redazione","Dur\u00e9e de lecture estim\u00e9e":"4 minutes"},"schema":{"@context":"https:\/\/schema.org","@graph":[{"@type":"Article","@id":"https:\/\/www.bellunopress.it\/2026\/02\/09\/fatture-e-corrispondenza-aziendale-come-gestire-e-conservare-i-documenti-nel-tempo\/#article","isPartOf":{"@id":"https:\/\/www.bellunopress.it\/2026\/02\/09\/fatture-e-corrispondenza-aziendale-come-gestire-e-conservare-i-documenti-nel-tempo\/"},"author":{"name":"redazione","@id":"https:\/\/www.bellunopress.it\/#\/schema\/person\/79bb06722b37ece1c03d3e94beb30d73"},"headline":"Fatture e corrispondenza aziendale: come gestire e conservare i documenti nel tempo","datePublished":"2026-02-09T06:00:51+00:00","dateModified":"2026-02-09T12:40:51+00:00","mainEntityOfPage":{"@id":"https:\/\/www.bellunopress.it\/2026\/02\/09\/fatture-e-corrispondenza-aziendale-come-gestire-e-conservare-i-documenti-nel-tempo\/"},"wordCount":764,"publisher":{"@id":"https:\/\/www.bellunopress.it\/#organization"},"image":{"@id":"https:\/\/www.bellunopress.it\/2026\/02\/09\/fatture-e-corrispondenza-aziendale-come-gestire-e-conservare-i-documenti-nel-tempo\/#primaryimage"},"thumbnailUrl":"https:\/\/www.bellunopress.it\/wp-content\/uploads\/2026\/01\/pila-di-carte-burocrazia.jpg","articleSection":["Lavoro, Economia, Turismo"],"inLanguage":"fr-FR"},{"@type":"WebPage","@id":"https:\/\/www.bellunopress.it\/2026\/02\/09\/fatture-e-corrispondenza-aziendale-come-gestire-e-conservare-i-documenti-nel-tempo\/","url":"https:\/\/www.bellunopress.it\/2026\/02\/09\/fatture-e-corrispondenza-aziendale-come-gestire-e-conservare-i-documenti-nel-tempo\/","name":"Fatture e corrispondenza aziendale: come gestire e conservare i documenti nel tempo - Bellunopress - Dolomiti","isPartOf":{"@id":"https:\/\/www.bellunopress.it\/#website"},"primaryImageOfPage":{"@id":"https:\/\/www.bellunopress.it\/2026\/02\/09\/fatture-e-corrispondenza-aziendale-come-gestire-e-conservare-i-documenti-nel-tempo\/#primaryimage"},"image":{"@id":"https:\/\/www.bellunopress.it\/2026\/02\/09\/fatture-e-corrispondenza-aziendale-come-gestire-e-conservare-i-documenti-nel-tempo\/#primaryimage"},"thumbnailUrl":"https:\/\/www.bellunopress.it\/wp-content\/uploads\/2026\/01\/pila-di-carte-burocrazia.jpg","datePublished":"2026-02-09T06:00:51+00:00","dateModified":"2026-02-09T12:40:51+00:00","breadcrumb":{"@id":"https:\/\/www.bellunopress.it\/2026\/02\/09\/fatture-e-corrispondenza-aziendale-come-gestire-e-conservare-i-documenti-nel-tempo\/#breadcrumb"},"inLanguage":"fr-FR","potentialAction":[{"@type":"ReadAction","target":["https:\/\/www.bellunopress.it\/2026\/02\/09\/fatture-e-corrispondenza-aziendale-come-gestire-e-conservare-i-documenti-nel-tempo\/"]}]},{"@type":"ImageObject","inLanguage":"fr-FR","@id":"https:\/\/www.bellunopress.it\/2026\/02\/09\/fatture-e-corrispondenza-aziendale-come-gestire-e-conservare-i-documenti-nel-tempo\/#primaryimage","url":"https:\/\/www.bellunopress.it\/wp-content\/uploads\/2026\/01\/pila-di-carte-burocrazia.jpg","contentUrl":"https:\/\/www.bellunopress.it\/wp-content\/uploads\/2026\/01\/pila-di-carte-burocrazia.jpg","width":600,"height":469},{"@type":"BreadcrumbList","@id":"https:\/\/www.bellunopress.it\/2026\/02\/09\/fatture-e-corrispondenza-aziendale-come-gestire-e-conservare-i-documenti-nel-tempo\/#breadcrumb","itemListElement":[{"@type":"ListItem","position":1,"name":"Home","item":"https:\/\/www.bellunopress.it\/"},{"@type":"ListItem","position":2,"name":"Fatture e corrispondenza aziendale: come gestire e conservare i documenti nel tempo"}]},{"@type":"WebSite","@id":"https:\/\/www.bellunopress.it\/#website","url":"https:\/\/www.bellunopress.it\/","name":"Bellunopress - Dolomiti","description":"e-mail: redazione@bellunopress.it","publisher":{"@id":"https:\/\/www.bellunopress.it\/#organization"},"potentialAction":[{"@type":"SearchAction","target":{"@type":"EntryPoint","urlTemplate":"https:\/\/www.bellunopress.it\/?s={search_term_string}"},"query-input":{"@type":"PropertyValueSpecification","valueRequired":true,"valueName":"search_term_string"}}],"inLanguage":"fr-FR"},{"@type":"Organization","@id":"https:\/\/www.bellunopress.it\/#organization","name":"Bellunopress","url":"https:\/\/www.bellunopress.it\/","logo":{"@type":"ImageObject","inLanguage":"fr-FR","@id":"https:\/\/www.bellunopress.it\/#\/schema\/logo\/image\/","url":"https:\/\/www.bellunopress.it\/wp-content\/uploads\/2011\/05\/cropped-logo-bellunopress-.jpg","contentUrl":"https:\/\/www.bellunopress.it\/wp-content\/uploads\/2011\/05\/cropped-logo-bellunopress-.jpg","width":512,"height":512,"caption":"Bellunopress"},"image":{"@id":"https:\/\/www.bellunopress.it\/#\/schema\/logo\/image\/"},"sameAs":["https:\/\/www.facebook.com\/profile.php?id=100008943462799","https:\/\/x.com\/bellunopress","https:\/\/www.linkedin.com\/hp\/?dnr=JBzUWaJfMUw8vbXJJ2tVW5-I3jZKvC4wsoxE&amp;amp;amp;amp;amp;amp;trk=nav_responsive_tab_home","https:\/\/www.youtube.com\/channel\/UCxL0wu1uN0_3_7hGG0306cw"]},{"@type":"Person","@id":"https:\/\/www.bellunopress.it\/#\/schema\/person\/79bb06722b37ece1c03d3e94beb30d73","name":"r\u00e9daction","image":{"@type":"ImageObject","inLanguage":"fr-FR","@id":"https:\/\/secure.gravatar.com\/avatar\/37d968a2e67a6fd04c169c4bdef102d0bc5d31b2546345219e348575eb80e9a0?s=96&d=mm&r=g","url":"https:\/\/secure.gravatar.com\/avatar\/37d968a2e67a6fd04c169c4bdef102d0bc5d31b2546345219e348575eb80e9a0?s=96&d=mm&r=g","contentUrl":"https:\/\/secure.gravatar.com\/avatar\/37d968a2e67a6fd04c169c4bdef102d0bc5d31b2546345219e348575eb80e9a0?s=96&d=mm&r=g","caption":"redazione"},"sameAs":["http:\/\/www.bellunopress.it","https:\/\/x.com\/bellunopress"],"url":"https:\/\/www.bellunopress.it\/fr\/author\/redazione\/"}]}},"_links":{"self":[{"href":"https:\/\/www.bellunopress.it\/fr\/wp-json\/wp\/v2\/posts\/166924","targetHints":{"allow":["GET"]}}],"collection":[{"href":"https:\/\/www.bellunopress.it\/fr\/wp-json\/wp\/v2\/posts"}],"about":[{"href":"https:\/\/www.bellunopress.it\/fr\/wp-json\/wp\/v2\/types\/post"}],"author":[{"embeddable":true,"href":"https:\/\/www.bellunopress.it\/fr\/wp-json\/wp\/v2\/users\/2"}],"replies":[{"embeddable":true,"href":"https:\/\/www.bellunopress.it\/fr\/wp-json\/wp\/v2\/comments?post=166924"}],"version-history":[{"count":2,"href":"https:\/\/www.bellunopress.it\/fr\/wp-json\/wp\/v2\/posts\/166924\/revisions"}],"predecessor-version":[{"id":167306,"href":"https:\/\/www.bellunopress.it\/fr\/wp-json\/wp\/v2\/posts\/166924\/revisions\/167306"}],"wp:featuredmedia":[{"embeddable":true,"href":"https:\/\/www.bellunopress.it\/fr\/wp-json\/wp\/v2\/media\/166925"}],"wp:attachment":[{"href":"https:\/\/www.bellunopress.it\/fr\/wp-json\/wp\/v2\/media?parent=166924"}],"wp:term":[{"taxonomy":"category","embeddable":true,"href":"https:\/\/www.bellunopress.it\/fr\/wp-json\/wp\/v2\/categories?post=166924"},{"taxonomy":"post_tag","embeddable":true,"href":"https:\/\/www.bellunopress.it\/fr\/wp-json\/wp\/v2\/tags?post=166924"}],"curies":[{"name":"wp","href":"https:\/\/api.w.org\/{rel}","templated":true}]}}