{"id":166896,"date":"2026-01-28T11:39:27","date_gmt":"2026-01-28T10:39:27","guid":{"rendered":"https:\/\/www.bellunopress.it\/?p=166896"},"modified":"2026-01-28T11:39:27","modified_gmt":"2026-01-28T10:39:27","slug":"verso-le-paralimpiadi-2026-il-fisioterapista-protagonista-della-salute-e-dellinclusione-sportiva","status":"publish","type":"post","link":"https:\/\/www.bellunopress.it\/fr\/2026\/01\/28\/verso-le-paralimpiadi-2026-il-fisioterapista-protagonista-della-salute-e-dellinclusione-sportiva\/","title":{"rendered":"Verso le Paralimpiadi 2026: il fisioterapista protagonista della salute e dell\u2019inclusione sportiva"},"content":{"rendered":"<p data-path-to-node=\"0\">\n<p data-path-to-node=\"3\"><b data-path-to-node=\"3\" data-index-in-node=\"0\">Sabato 21 febbraio a Verona un grande convegno con campioni olimpici e paralimpici per valorizzare la professione al servizio della collettivit\u00e0 e degli atleti.<\/b><\/p>\n<p data-path-to-node=\"4\">\u00a0Mentre il clima olimpico inizia a riscaldare il Veneto, l\u2019<b data-path-to-node=\"4\" data-index-in-node=\"75\">Ordine dei Fisioterapisti del Veneto Settentrionale<\/b> (che raggruppa le province di Belluno, Treviso, Vicenza e Verona) scende in campo con un\u2019iniziativa di alto profilo. Sabato <b data-path-to-node=\"4\" data-index-in-node=\"251\">21 febbraio<\/b>, il capoluogo scaligero ospiter\u00e0 il convegno <i data-path-to-node=\"4\" data-index-in-node=\"308\">&#8220;Paralimpiadi 2026: il fisioterapista al fianco degli atleti&#8221;<\/i>, un appuntamento cruciale per ribadire la centralit\u00e0 di questa professione sanitaria non solo nello sport d&#8217;\u00e9lite, ma come pilastro della salute pubblica e dell&#8217;inclusione.<\/p>\n<p data-path-to-node=\"6\">L\u2019obiettivo dell&#8217;evento \u00e8 ambizioso: creare un dialogo tra aziende sanitarie, universit\u00e0, amministratori pubblici e Comitato Paralimpico. Al centro del dibattito, la necessit\u00e0 di attuare politiche che permettano un accesso sicuro alla pratica sportiva per tutti, indipendentemente dalle condizioni fisiche.<\/p>\n<blockquote data-path-to-node=\"7\">\n<h6 style=\"text-align: left;\" data-path-to-node=\"7,0\">&#8220;La salute, lo sport e il valore inclusivo dell&#8217;attivit\u00e0 fisica riguardano l\u2019intera collettivit\u00e0&#8221;, spiega <b data-path-to-node=\"7,0\" data-index-in-node=\"106\">Laura Melotti<\/b>, presidente dell&#8217;Ordine. &#8220;Abbiamo scelto di uscire dall&#8217;ambito strettamente medico per favorire lo sviluppo di reti virtuose. Lavorare insieme \u00e8 l&#8217;unica strada per ottenere risultati duraturi per la qualit\u00e0 della vita dei cittadini&#8221;.<\/h6>\n<\/blockquote>\n<h3 data-path-to-node=\"8\">I numeri di una professione in crescita<\/h3>\n<p data-path-to-node=\"9\">Il convegno sar\u00e0 anche l\u2019occasione per fare il punto su una professione che sta vivendo un momento di forte espansione. Secondo i dati della <b data-path-to-node=\"9\" data-index-in-node=\"141\">FNOFI<\/b>, i fisioterapisti in Italia hanno superato quota 70mila.<\/p>\n<p data-path-to-node=\"10\">Nel Veneto Settentrionale, l&#8217;Ordine conta 3.104 iscritti, cos\u00ec distribuiti:<\/p>\n<ul data-path-to-node=\"11\">\n<li>\n<p data-path-to-node=\"11,0,0\">Verona: 984<\/p>\n<\/li>\n<li>\n<p data-path-to-node=\"11,1,0\">Treviso: 875<\/p>\n<\/li>\n<li>\n<p data-path-to-node=\"11,2,0\">Vicenza: 860<\/p>\n<\/li>\n<li>\n<p data-path-to-node=\"11,3,0\">Belluno: 202<\/p>\n<\/li>\n<li>\n<p data-path-to-node=\"11,4,0\"><i data-path-to-node=\"11,4,0\" data-index-in-node=\"0\">(A questi si aggiungono 183 professionisti non residenti operanti sul territorio).<\/i><\/p>\n<\/li>\n<\/ul>\n<p data-path-to-node=\"12\">In un Paese caratterizzato da un progressivo invecchiamento (un italiano su quattro ha pi\u00f9 di 65 anni), il fisioterapista diventa una figura chiave per la prevenzione, capace di generare non solo benessere ma anche un significativo risparmio per il sistema sanitario nazionale.<\/p>\n<p data-path-to-node=\"14\">Il valore del convegno sar\u00e0 impreziosito dalla presenza di leggende dello sport, che racconteranno l&#8217;importanza del supporto fisioterapico nelle loro carriere. Tra gli ospiti attesi, moderati dal giornalista sportivo Sergio Meda:<\/p>\n<ul data-path-to-node=\"15\">\n<li>\n<p data-path-to-node=\"15,0,0\">Paola Pezzo (doppio oro olimpico in MTB) e Fulvio Valbusa (oro nello sci di fondo).<\/p>\n<\/li>\n<li>\n<p data-path-to-node=\"15,1,0\">Martina Caironi (pluricampionessa mondiale di atletica) e Simone Salvagnin (paraclimber e portavoce ONU per i diritti dei disabili).<\/p>\n<\/li>\n<\/ul>\n<p data-path-to-node=\"17\">L&#8217;appuntamento di Verona non \u00e8 che una tappa di un percorso pi\u00f9 ampio. Il 2026 si prospetta come l&#8217;anno del consolidamento per l&#8217;Ordine, con l&#8217;obiettivo di rispondere a bisogni di salute sempre pi\u00f9 complessi. &#8220;Vogliamo una visione strategica di lungo periodo che metta al centro il paziente e le sue esigenze riabilitative globali&#8221;, conclude Laura Melotti.<\/p>","protected":false},"excerpt":{"rendered":"<p>Sabato 21 febbraio a Verona un grande convegno con campioni olimpici e paralimpici per valorizzare la professione al servizio della collettivit\u00e0 e degli atleti. \u00a0Mentre il clima olimpico inizia a riscaldare il Veneto, l\u2019Ordine dei Fisioterapisti del Veneto Settentrionale (che raggruppa le province di Belluno, Treviso, Vicenza e Verona) scende in campo con un\u2019iniziativa di [&hellip;]<\/p>\n","protected":false},"author":2,"featured_media":166897,"comment_status":"closed","ping_status":"open","sticky":false,"template":"","format":"standard","meta":{"footnotes":""},"categories":[17],"tags":[],"class_list":["post-166896","post","type-post","status-publish","format-standard","has-post-thumbnail","category-sanita"],"yoast_head":"<!-- This site is optimized with the Yoast SEO plugin v28.4 - https:\/\/yoast.com\/product\/yoast-seo-wordpress\/ -->\n<title>Verso le Paralimpiadi 2026: il fisioterapista protagonista della salute e dell\u2019inclusione sportiva - Bellunopress - Dolomiti<\/title>\n<meta name=\"robots\" content=\"index, follow, max-snippet:-1, max-image-preview:large, max-video-preview:-1\" \/>\n<link rel=\"canonical\" href=\"https:\/\/www.bellunopress.it\/fr\/2026\/01\/28\/verso-le-paralimpiadi-2026-il-fisioterapista-protagonista-della-salute-e-dellinclusione-sportiva\/\" \/>\n<meta property=\"og:locale\" content=\"fr_FR\" \/>\n<meta property=\"og:type\" content=\"article\" \/>\n<meta property=\"og:title\" content=\"Verso le Paralimpiadi 2026: il fisioterapista protagonista della salute e dell\u2019inclusione sportiva - Bellunopress - Dolomiti\" \/>\n<meta property=\"og:description\" content=\"Sabato 21 febbraio a Verona un grande convegno con campioni olimpici e paralimpici per valorizzare la professione al servizio della collettivit\u00e0 e degli atleti. \u00a0Mentre il clima olimpico inizia a riscaldare il Veneto, l\u2019Ordine dei Fisioterapisti del Veneto Settentrionale (che raggruppa le province di Belluno, Treviso, Vicenza e Verona) scende in campo con un\u2019iniziativa di [&hellip;]\" \/>\n<meta property=\"og:url\" content=\"https:\/\/www.bellunopress.it\/fr\/2026\/01\/28\/verso-le-paralimpiadi-2026-il-fisioterapista-protagonista-della-salute-e-dellinclusione-sportiva\/\" \/>\n<meta property=\"og:site_name\" content=\"Bellunopress - Dolomiti\" \/>\n<meta property=\"article:publisher\" content=\"https:\/\/www.facebook.com\/profile.php?id=100008943462799\" \/>\n<meta property=\"article:published_time\" content=\"2026-01-28T10:39:27+00:00\" \/>\n<meta property=\"og:image\" content=\"https:\/\/www.bellunopress.it\/wp-content\/uploads\/2026\/01\/Laura-Melotti-presidente-OFI-Veneto-Settentrionale.jpg\" \/>\n\t<meta property=\"og:image:width\" content=\"597\" \/>\n\t<meta property=\"og:image:height\" content=\"600\" \/>\n\t<meta property=\"og:image:type\" content=\"image\/jpeg\" \/>\n<meta name=\"author\" content=\"redazione\" \/>\n<meta name=\"twitter:card\" content=\"summary_large_image\" \/>\n<meta name=\"twitter:creator\" content=\"@bellunopress\" \/>\n<meta name=\"twitter:site\" content=\"@bellunopress\" \/>\n<meta name=\"twitter:label1\" content=\"\u00c9crit par\" \/>\n\t<meta name=\"twitter:data1\" content=\"redazione\" \/>\n\t<meta name=\"twitter:label2\" content=\"Dur\u00e9e de lecture estim\u00e9e\" \/>\n\t<meta name=\"twitter:data2\" content=\"2 minutes\" \/>\n<script type=\"application\/ld+json\" class=\"yoast-schema-graph\">{\"@context\":\"https:\\\/\\\/schema.org\",\"@graph\":[{\"@type\":\"Article\",\"@id\":\"https:\\\/\\\/www.bellunopress.it\\\/2026\\\/01\\\/28\\\/verso-le-paralimpiadi-2026-il-fisioterapista-protagonista-della-salute-e-dellinclusione-sportiva\\\/#article\",\"isPartOf\":{\"@id\":\"https:\\\/\\\/www.bellunopress.it\\\/2026\\\/01\\\/28\\\/verso-le-paralimpiadi-2026-il-fisioterapista-protagonista-della-salute-e-dellinclusione-sportiva\\\/\"},\"author\":{\"name\":\"redazione\",\"@id\":\"https:\\\/\\\/www.bellunopress.it\\\/#\\\/schema\\\/person\\\/79bb06722b37ece1c03d3e94beb30d73\"},\"headline\":\"Verso le Paralimpiadi 2026: il fisioterapista protagonista della salute e dell\u2019inclusione sportiva\",\"datePublished\":\"2026-01-28T10:39:27+00:00\",\"mainEntityOfPage\":{\"@id\":\"https:\\\/\\\/www.bellunopress.it\\\/2026\\\/01\\\/28\\\/verso-le-paralimpiadi-2026-il-fisioterapista-protagonista-della-salute-e-dellinclusione-sportiva\\\/\"},\"wordCount\":431,\"publisher\":{\"@id\":\"https:\\\/\\\/www.bellunopress.it\\\/#organization\"},\"image\":{\"@id\":\"https:\\\/\\\/www.bellunopress.it\\\/2026\\\/01\\\/28\\\/verso-le-paralimpiadi-2026-il-fisioterapista-protagonista-della-salute-e-dellinclusione-sportiva\\\/#primaryimage\"},\"thumbnailUrl\":\"https:\\\/\\\/www.bellunopress.it\\\/wp-content\\\/uploads\\\/2026\\\/01\\\/Laura-Melotti-presidente-OFI-Veneto-Settentrionale.jpg\",\"articleSection\":[\"Sanit\u00e0 Medicina\"],\"inLanguage\":\"fr-FR\"},{\"@type\":\"WebPage\",\"@id\":\"https:\\\/\\\/www.bellunopress.it\\\/2026\\\/01\\\/28\\\/verso-le-paralimpiadi-2026-il-fisioterapista-protagonista-della-salute-e-dellinclusione-sportiva\\\/\",\"url\":\"https:\\\/\\\/www.bellunopress.it\\\/2026\\\/01\\\/28\\\/verso-le-paralimpiadi-2026-il-fisioterapista-protagonista-della-salute-e-dellinclusione-sportiva\\\/\",\"name\":\"Verso le Paralimpiadi 2026: il fisioterapista protagonista della salute e dell\u2019inclusione sportiva - Bellunopress - Dolomiti\",\"isPartOf\":{\"@id\":\"https:\\\/\\\/www.bellunopress.it\\\/#website\"},\"primaryImageOfPage\":{\"@id\":\"https:\\\/\\\/www.bellunopress.it\\\/2026\\\/01\\\/28\\\/verso-le-paralimpiadi-2026-il-fisioterapista-protagonista-della-salute-e-dellinclusione-sportiva\\\/#primaryimage\"},\"image\":{\"@id\":\"https:\\\/\\\/www.bellunopress.it\\\/2026\\\/01\\\/28\\\/verso-le-paralimpiadi-2026-il-fisioterapista-protagonista-della-salute-e-dellinclusione-sportiva\\\/#primaryimage\"},\"thumbnailUrl\":\"https:\\\/\\\/www.bellunopress.it\\\/wp-content\\\/uploads\\\/2026\\\/01\\\/Laura-Melotti-presidente-OFI-Veneto-Settentrionale.jpg\",\"datePublished\":\"2026-01-28T10:39:27+00:00\",\"breadcrumb\":{\"@id\":\"https:\\\/\\\/www.bellunopress.it\\\/2026\\\/01\\\/28\\\/verso-le-paralimpiadi-2026-il-fisioterapista-protagonista-della-salute-e-dellinclusione-sportiva\\\/#breadcrumb\"},\"inLanguage\":\"fr-FR\",\"potentialAction\":[{\"@type\":\"ReadAction\",\"target\":[\"https:\\\/\\\/www.bellunopress.it\\\/2026\\\/01\\\/28\\\/verso-le-paralimpiadi-2026-il-fisioterapista-protagonista-della-salute-e-dellinclusione-sportiva\\\/\"]}]},{\"@type\":\"ImageObject\",\"inLanguage\":\"fr-FR\",\"@id\":\"https:\\\/\\\/www.bellunopress.it\\\/2026\\\/01\\\/28\\\/verso-le-paralimpiadi-2026-il-fisioterapista-protagonista-della-salute-e-dellinclusione-sportiva\\\/#primaryimage\",\"url\":\"https:\\\/\\\/www.bellunopress.it\\\/wp-content\\\/uploads\\\/2026\\\/01\\\/Laura-Melotti-presidente-OFI-Veneto-Settentrionale.jpg\",\"contentUrl\":\"https:\\\/\\\/www.bellunopress.it\\\/wp-content\\\/uploads\\\/2026\\\/01\\\/Laura-Melotti-presidente-OFI-Veneto-Settentrionale.jpg\",\"width\":597,\"height\":600,\"caption\":\"Laura Melotti, presidente dell'Ordine dei Fisioterapisti del Veneto Settentrionale\"},{\"@type\":\"BreadcrumbList\",\"@id\":\"https:\\\/\\\/www.bellunopress.it\\\/2026\\\/01\\\/28\\\/verso-le-paralimpiadi-2026-il-fisioterapista-protagonista-della-salute-e-dellinclusione-sportiva\\\/#breadcrumb\",\"itemListElement\":[{\"@type\":\"ListItem\",\"position\":1,\"name\":\"Home\",\"item\":\"https:\\\/\\\/www.bellunopress.it\\\/\"},{\"@type\":\"ListItem\",\"position\":2,\"name\":\"Verso le Paralimpiadi 2026: il fisioterapista protagonista della salute e dell\u2019inclusione sportiva\"}]},{\"@type\":\"WebSite\",\"@id\":\"https:\\\/\\\/www.bellunopress.it\\\/#website\",\"url\":\"https:\\\/\\\/www.bellunopress.it\\\/\",\"name\":\"Bellunopress - Dolomiti\",\"description\":\"e-mail: redazione@bellunopress.it\",\"publisher\":{\"@id\":\"https:\\\/\\\/www.bellunopress.it\\\/#organization\"},\"potentialAction\":[{\"@type\":\"SearchAction\",\"target\":{\"@type\":\"EntryPoint\",\"urlTemplate\":\"https:\\\/\\\/www.bellunopress.it\\\/?s={search_term_string}\"},\"query-input\":{\"@type\":\"PropertyValueSpecification\",\"valueRequired\":true,\"valueName\":\"search_term_string\"}}],\"inLanguage\":\"fr-FR\"},{\"@type\":\"Organization\",\"@id\":\"https:\\\/\\\/www.bellunopress.it\\\/#organization\",\"name\":\"Bellunopress\",\"url\":\"https:\\\/\\\/www.bellunopress.it\\\/\",\"logo\":{\"@type\":\"ImageObject\",\"inLanguage\":\"fr-FR\",\"@id\":\"https:\\\/\\\/www.bellunopress.it\\\/#\\\/schema\\\/logo\\\/image\\\/\",\"url\":\"https:\\\/\\\/www.bellunopress.it\\\/wp-content\\\/uploads\\\/2011\\\/05\\\/cropped-logo-bellunopress-.jpg\",\"contentUrl\":\"https:\\\/\\\/www.bellunopress.it\\\/wp-content\\\/uploads\\\/2011\\\/05\\\/cropped-logo-bellunopress-.jpg\",\"width\":512,\"height\":512,\"caption\":\"Bellunopress\"},\"image\":{\"@id\":\"https:\\\/\\\/www.bellunopress.it\\\/#\\\/schema\\\/logo\\\/image\\\/\"},\"sameAs\":[\"https:\\\/\\\/www.facebook.com\\\/profile.php?id=100008943462799\",\"https:\\\/\\\/x.com\\\/bellunopress\",\"https:\\\/\\\/www.linkedin.com\\\/hp\\\/?dnr=JBzUWaJfMUw8vbXJJ2tVW5-I3jZKvC4wsoxE&amp;amp;amp;amp;amp;amp;trk=nav_responsive_tab_home\",\"https:\\\/\\\/www.youtube.com\\\/channel\\\/UCxL0wu1uN0_3_7hGG0306cw\"]},{\"@type\":\"Person\",\"@id\":\"https:\\\/\\\/www.bellunopress.it\\\/#\\\/schema\\\/person\\\/79bb06722b37ece1c03d3e94beb30d73\",\"name\":\"redazione\",\"image\":{\"@type\":\"ImageObject\",\"inLanguage\":\"fr-FR\",\"@id\":\"https:\\\/\\\/secure.gravatar.com\\\/avatar\\\/37d968a2e67a6fd04c169c4bdef102d0bc5d31b2546345219e348575eb80e9a0?s=96&d=mm&r=g\",\"url\":\"https:\\\/\\\/secure.gravatar.com\\\/avatar\\\/37d968a2e67a6fd04c169c4bdef102d0bc5d31b2546345219e348575eb80e9a0?s=96&d=mm&r=g\",\"contentUrl\":\"https:\\\/\\\/secure.gravatar.com\\\/avatar\\\/37d968a2e67a6fd04c169c4bdef102d0bc5d31b2546345219e348575eb80e9a0?s=96&d=mm&r=g\",\"caption\":\"redazione\"},\"sameAs\":[\"http:\\\/\\\/www.bellunopress.it\",\"https:\\\/\\\/x.com\\\/bellunopress\"],\"url\":\"https:\\\/\\\/www.bellunopress.it\\\/fr\\\/author\\\/redazione\\\/\"}]}<\/script>\n<!-- \/ Yoast SEO plugin. -->","yoast_head_json":{"title":"Verso le Paralimpiadi 2026: il fisioterapista protagonista della salute e dell\u2019inclusione sportiva - Bellunopress - Dolomiti","robots":{"index":"index","follow":"follow","max-snippet":"max-snippet:-1","max-image-preview":"max-image-preview:large","max-video-preview":"max-video-preview:-1"},"canonical":"https:\/\/www.bellunopress.it\/fr\/2026\/01\/28\/verso-le-paralimpiadi-2026-il-fisioterapista-protagonista-della-salute-e-dellinclusione-sportiva\/","og_locale":"fr_FR","og_type":"article","og_title":"Verso le Paralimpiadi 2026: il fisioterapista protagonista della salute e dell\u2019inclusione sportiva - Bellunopress - Dolomiti","og_description":"Sabato 21 febbraio a Verona un grande convegno con campioni olimpici e paralimpici per valorizzare la professione al servizio della collettivit\u00e0 e degli atleti. \u00a0Mentre il clima olimpico inizia a riscaldare il Veneto, l\u2019Ordine dei Fisioterapisti del Veneto Settentrionale (che raggruppa le province di Belluno, Treviso, Vicenza e Verona) scende in campo con un\u2019iniziativa di [&hellip;]","og_url":"https:\/\/www.bellunopress.it\/fr\/2026\/01\/28\/verso-le-paralimpiadi-2026-il-fisioterapista-protagonista-della-salute-e-dellinclusione-sportiva\/","og_site_name":"Bellunopress - Dolomiti","article_publisher":"https:\/\/www.facebook.com\/profile.php?id=100008943462799","article_published_time":"2026-01-28T10:39:27+00:00","og_image":[{"width":597,"height":600,"url":"https:\/\/www.bellunopress.it\/wp-content\/uploads\/2026\/01\/Laura-Melotti-presidente-OFI-Veneto-Settentrionale.jpg","type":"image\/jpeg"}],"author":"redazione","twitter_card":"summary_large_image","twitter_creator":"@bellunopress","twitter_site":"@bellunopress","twitter_misc":{"\u00c9crit par":"redazione","Dur\u00e9e de lecture estim\u00e9e":"2 minutes"},"schema":{"@context":"https:\/\/schema.org","@graph":[{"@type":"Article","@id":"https:\/\/www.bellunopress.it\/2026\/01\/28\/verso-le-paralimpiadi-2026-il-fisioterapista-protagonista-della-salute-e-dellinclusione-sportiva\/#article","isPartOf":{"@id":"https:\/\/www.bellunopress.it\/2026\/01\/28\/verso-le-paralimpiadi-2026-il-fisioterapista-protagonista-della-salute-e-dellinclusione-sportiva\/"},"author":{"name":"redazione","@id":"https:\/\/www.bellunopress.it\/#\/schema\/person\/79bb06722b37ece1c03d3e94beb30d73"},"headline":"Verso le Paralimpiadi 2026: il fisioterapista protagonista della salute e dell\u2019inclusione sportiva","datePublished":"2026-01-28T10:39:27+00:00","mainEntityOfPage":{"@id":"https:\/\/www.bellunopress.it\/2026\/01\/28\/verso-le-paralimpiadi-2026-il-fisioterapista-protagonista-della-salute-e-dellinclusione-sportiva\/"},"wordCount":431,"publisher":{"@id":"https:\/\/www.bellunopress.it\/#organization"},"image":{"@id":"https:\/\/www.bellunopress.it\/2026\/01\/28\/verso-le-paralimpiadi-2026-il-fisioterapista-protagonista-della-salute-e-dellinclusione-sportiva\/#primaryimage"},"thumbnailUrl":"https:\/\/www.bellunopress.it\/wp-content\/uploads\/2026\/01\/Laura-Melotti-presidente-OFI-Veneto-Settentrionale.jpg","articleSection":["Sanit\u00e0 Medicina"],"inLanguage":"fr-FR"},{"@type":"WebPage","@id":"https:\/\/www.bellunopress.it\/2026\/01\/28\/verso-le-paralimpiadi-2026-il-fisioterapista-protagonista-della-salute-e-dellinclusione-sportiva\/","url":"https:\/\/www.bellunopress.it\/2026\/01\/28\/verso-le-paralimpiadi-2026-il-fisioterapista-protagonista-della-salute-e-dellinclusione-sportiva\/","name":"Verso le Paralimpiadi 2026: il fisioterapista protagonista della salute e dell\u2019inclusione sportiva - Bellunopress - Dolomiti","isPartOf":{"@id":"https:\/\/www.bellunopress.it\/#website"},"primaryImageOfPage":{"@id":"https:\/\/www.bellunopress.it\/2026\/01\/28\/verso-le-paralimpiadi-2026-il-fisioterapista-protagonista-della-salute-e-dellinclusione-sportiva\/#primaryimage"},"image":{"@id":"https:\/\/www.bellunopress.it\/2026\/01\/28\/verso-le-paralimpiadi-2026-il-fisioterapista-protagonista-della-salute-e-dellinclusione-sportiva\/#primaryimage"},"thumbnailUrl":"https:\/\/www.bellunopress.it\/wp-content\/uploads\/2026\/01\/Laura-Melotti-presidente-OFI-Veneto-Settentrionale.jpg","datePublished":"2026-01-28T10:39:27+00:00","breadcrumb":{"@id":"https:\/\/www.bellunopress.it\/2026\/01\/28\/verso-le-paralimpiadi-2026-il-fisioterapista-protagonista-della-salute-e-dellinclusione-sportiva\/#breadcrumb"},"inLanguage":"fr-FR","potentialAction":[{"@type":"ReadAction","target":["https:\/\/www.bellunopress.it\/2026\/01\/28\/verso-le-paralimpiadi-2026-il-fisioterapista-protagonista-della-salute-e-dellinclusione-sportiva\/"]}]},{"@type":"ImageObject","inLanguage":"fr-FR","@id":"https:\/\/www.bellunopress.it\/2026\/01\/28\/verso-le-paralimpiadi-2026-il-fisioterapista-protagonista-della-salute-e-dellinclusione-sportiva\/#primaryimage","url":"https:\/\/www.bellunopress.it\/wp-content\/uploads\/2026\/01\/Laura-Melotti-presidente-OFI-Veneto-Settentrionale.jpg","contentUrl":"https:\/\/www.bellunopress.it\/wp-content\/uploads\/2026\/01\/Laura-Melotti-presidente-OFI-Veneto-Settentrionale.jpg","width":597,"height":600,"caption":"Laura Melotti, presidente dell'Ordine dei Fisioterapisti del Veneto Settentrionale"},{"@type":"BreadcrumbList","@id":"https:\/\/www.bellunopress.it\/2026\/01\/28\/verso-le-paralimpiadi-2026-il-fisioterapista-protagonista-della-salute-e-dellinclusione-sportiva\/#breadcrumb","itemListElement":[{"@type":"ListItem","position":1,"name":"Home","item":"https:\/\/www.bellunopress.it\/"},{"@type":"ListItem","position":2,"name":"Verso le Paralimpiadi 2026: il fisioterapista protagonista della salute e dell\u2019inclusione sportiva"}]},{"@type":"WebSite","@id":"https:\/\/www.bellunopress.it\/#website","url":"https:\/\/www.bellunopress.it\/","name":"Bellunopress - Dolomiti","description":"e-mail: redazione@bellunopress.it","publisher":{"@id":"https:\/\/www.bellunopress.it\/#organization"},"potentialAction":[{"@type":"SearchAction","target":{"@type":"EntryPoint","urlTemplate":"https:\/\/www.bellunopress.it\/?s={search_term_string}"},"query-input":{"@type":"PropertyValueSpecification","valueRequired":true,"valueName":"search_term_string"}}],"inLanguage":"fr-FR"},{"@type":"Organization","@id":"https:\/\/www.bellunopress.it\/#organization","name":"Bellunopress","url":"https:\/\/www.bellunopress.it\/","logo":{"@type":"ImageObject","inLanguage":"fr-FR","@id":"https:\/\/www.bellunopress.it\/#\/schema\/logo\/image\/","url":"https:\/\/www.bellunopress.it\/wp-content\/uploads\/2011\/05\/cropped-logo-bellunopress-.jpg","contentUrl":"https:\/\/www.bellunopress.it\/wp-content\/uploads\/2011\/05\/cropped-logo-bellunopress-.jpg","width":512,"height":512,"caption":"Bellunopress"},"image":{"@id":"https:\/\/www.bellunopress.it\/#\/schema\/logo\/image\/"},"sameAs":["https:\/\/www.facebook.com\/profile.php?id=100008943462799","https:\/\/x.com\/bellunopress","https:\/\/www.linkedin.com\/hp\/?dnr=JBzUWaJfMUw8vbXJJ2tVW5-I3jZKvC4wsoxE&amp;amp;amp;amp;amp;amp;trk=nav_responsive_tab_home","https:\/\/www.youtube.com\/channel\/UCxL0wu1uN0_3_7hGG0306cw"]},{"@type":"Person","@id":"https:\/\/www.bellunopress.it\/#\/schema\/person\/79bb06722b37ece1c03d3e94beb30d73","name":"r\u00e9daction","image":{"@type":"ImageObject","inLanguage":"fr-FR","@id":"https:\/\/secure.gravatar.com\/avatar\/37d968a2e67a6fd04c169c4bdef102d0bc5d31b2546345219e348575eb80e9a0?s=96&d=mm&r=g","url":"https:\/\/secure.gravatar.com\/avatar\/37d968a2e67a6fd04c169c4bdef102d0bc5d31b2546345219e348575eb80e9a0?s=96&d=mm&r=g","contentUrl":"https:\/\/secure.gravatar.com\/avatar\/37d968a2e67a6fd04c169c4bdef102d0bc5d31b2546345219e348575eb80e9a0?s=96&d=mm&r=g","caption":"redazione"},"sameAs":["http:\/\/www.bellunopress.it","https:\/\/x.com\/bellunopress"],"url":"https:\/\/www.bellunopress.it\/fr\/author\/redazione\/"}]}},"_links":{"self":[{"href":"https:\/\/www.bellunopress.it\/fr\/wp-json\/wp\/v2\/posts\/166896","targetHints":{"allow":["GET"]}}],"collection":[{"href":"https:\/\/www.bellunopress.it\/fr\/wp-json\/wp\/v2\/posts"}],"about":[{"href":"https:\/\/www.bellunopress.it\/fr\/wp-json\/wp\/v2\/types\/post"}],"author":[{"embeddable":true,"href":"https:\/\/www.bellunopress.it\/fr\/wp-json\/wp\/v2\/users\/2"}],"replies":[{"embeddable":true,"href":"https:\/\/www.bellunopress.it\/fr\/wp-json\/wp\/v2\/comments?post=166896"}],"version-history":[{"count":1,"href":"https:\/\/www.bellunopress.it\/fr\/wp-json\/wp\/v2\/posts\/166896\/revisions"}],"predecessor-version":[{"id":166898,"href":"https:\/\/www.bellunopress.it\/fr\/wp-json\/wp\/v2\/posts\/166896\/revisions\/166898"}],"wp:featuredmedia":[{"embeddable":true,"href":"https:\/\/www.bellunopress.it\/fr\/wp-json\/wp\/v2\/media\/166897"}],"wp:attachment":[{"href":"https:\/\/www.bellunopress.it\/fr\/wp-json\/wp\/v2\/media?parent=166896"}],"wp:term":[{"taxonomy":"category","embeddable":true,"href":"https:\/\/www.bellunopress.it\/fr\/wp-json\/wp\/v2\/categories?post=166896"},{"taxonomy":"post_tag","embeddable":true,"href":"https:\/\/www.bellunopress.it\/fr\/wp-json\/wp\/v2\/tags?post=166896"}],"curies":[{"name":"wp","href":"https:\/\/api.w.org\/{rel}","templated":true}]}}