{"id":166851,"date":"2026-01-27T09:52:38","date_gmt":"2026-01-27T08:52:38","guid":{"rendered":"https:\/\/www.bellunopress.it\/?p=166851"},"modified":"2026-01-27T06:58:30","modified_gmt":"2026-01-27T05:58:30","slug":"oltre-i-confini-sulle-onde-della-liberta-nicoletta-bortolotti-incontra-gli-studenti-di-sedico-e-sospirolo","status":"publish","type":"post","link":"https:\/\/www.bellunopress.it\/fr\/2026\/01\/27\/oltre-i-confini-sulle-onde-della-liberta-nicoletta-bortolotti-incontra-gli-studenti-di-sedico-e-sospirolo\/","title":{"rendered":"&#8220;Oltre i confini, sulle onde della libert\u00e0&#8221;: Nicoletta Bortolotti incontra gli studenti di Sedico e Sospirolo"},"content":{"rendered":"<p data-path-to-node=\"3\"><b data-path-to-node=\"3\" data-index-in-node=\"0\">Dalle pagine di un romanzo alla realt\u00e0: gli alunni delle medie riflettono su pace e amicizia a Gaza City insieme all&#8217;autrice e editor Mondadori.<\/b><\/p>\n<p data-path-to-node=\"4\">Sedico\u00a0\u2013 \u201cL\u2019immaginare di oggi aiuta ad abitare la realt\u00e0 di domani\u201d. Citando Gianni Rodari, la scrittrice Nicoletta Bortolotti ha sintetizzato perfettamente il senso degli incontri tenutisi gioved\u00ec mattina al Polo Culturale di Sedico e, nel pomeriggio, alla biblioteca di Sospirolo. Protagonisti assoluti: gli studenti delle classi prime e seconde delle scuole medie, che hanno concluso un percorso di lettura profondo e attuale.<\/p>\n<h3 data-path-to-node=\"5\">Un ponte tra Gaza e le Dolomiti<\/h3>\n<p data-path-to-node=\"6\">Al centro del dialogo il romanzo \u201cSulle onde della libert\u00e0. Una storia di amicizia a Gaza City\u201d. La storia racconta di Mahmud e Samir, uno palestinese e l\u2019altro israeliano, uniti dalla passione per il surf. Un legame che sfida i confini e i pregiudizi, offrendo uno sguardo diverso su una delle aree pi\u00f9 complesse del pianeta.<\/p>\n<blockquote data-path-to-node=\"7\">\n<h6 style=\"text-align: left;\" data-path-to-node=\"7,0\">&#8220;I docenti hanno scelto di lanciare un messaggio di speranza,&#8221; ha spiegato la dirigente scolastica dell\u2019I.C. di Sedico-Sospirolo, <b data-path-to-node=\"7,0\" data-index-in-node=\"130\">Lucia Fratturelli<\/b>. &#8220;Anche nelle situazioni pi\u00f9 buie, \u00e8 possibile trovare una luce attraverso lo sport e l&#8217;amicizia.&#8221;<\/h6>\n<\/blockquote>\n<h3 data-path-to-node=\"8\">Il progetto &#8220;Incontro con l&#8217;autore&#8221;<\/h3>\n<p data-path-to-node=\"9\">L\u2019evento non \u00e8 stato un episodio isolato, ma l\u2019epilogo di un lavoro meticoloso svolto in classe. Sotto la guida dei docenti Elisa Zancanaro (Sedico) e Valentino Grimaldi (Sospirolo), dieci classi sono state coinvolte in:<\/p>\n<ul data-path-to-node=\"10\">\n<li>\n<p data-path-to-node=\"10,0,0\">Lettura ad alta voce e analisi del testo.<\/p>\n<\/li>\n<li>\n<p data-path-to-node=\"10,1,0\">Approfondimenti socio-politici sul Medio Oriente.<\/p>\n<\/li>\n<li>\n<p data-path-to-node=\"10,2,0\">Laboratori di scrittura e riflessione sulla conoscenza di s\u00e9.<\/p>\n<\/li>\n<\/ul>\n<h3 data-path-to-node=\"11\">Cercare la propria &#8220;onda&#8221;<\/h3>\n<p data-path-to-node=\"12\">Nicoletta Bortolotti \u2013 autrice di successo ed editor per Mondadori \u2013 ha risposto con generosit\u00e0 alle curiosit\u00e0 dei ragazzi, parlando della genesi del libro e della sua carriera. Un momento particolarmente toccante \u00e8 stato il riferimento alla metafora del surf:<\/p>\n<ul data-path-to-node=\"13\">\n<li>\n<p data-path-to-node=\"13,0,0\">La scoperta della vocazione: Bortolotti ha confessato di aver trovato la sua &#8220;onda giusta&#8221; (la scrittura) solo in et\u00e0 adulta.<\/p>\n<\/li>\n<li>\n<p data-path-to-node=\"13,1,0\">L&#8217;invito ai giovani: &#8220;Cercate sempre la vostra onda,&#8221; ha spronato l&#8217;autrice, invitando i ragazzi a non arrendersi finch\u00e9 non troveranno la propria strada.<\/p>\n<\/li>\n<\/ul>\n<p data-path-to-node=\"14\">Dal romanzo \u00e8 stato tratto anche il film &#8220;I bambini di Gaza&#8221;, candidato al David di Donatello e impreziosito dalle musiche del Premio Oscar Nicola Piovani, a testimonianza della forza universale di questa storia.<\/p>\n<h3 data-path-to-node=\"15\">Un dono per il futuro<\/h3>\n<p data-path-to-node=\"16\">L&#8217;incontro si \u00e8 concluso con un gesto simbolico: gli studenti hanno consegnato all&#8217;autrice alcuni lavori realizzati durante l&#8217;anno, trasformandosi da semplici lettori a portavoce di un messaggio di pace. Un passaggio di testimone necessario per costruire, partendo dai banchi di scuola, un mondo pi\u00f9 giusto per tutti.<\/p>","protected":false},"excerpt":{"rendered":"<p>Dalle pagine di un romanzo alla realt\u00e0: gli alunni delle medie riflettono su pace e amicizia a Gaza City insieme all&#8217;autrice e editor Mondadori. Sedico\u00a0\u2013 \u201cL\u2019immaginare di oggi aiuta ad abitare la realt\u00e0 di domani\u201d. Citando Gianni Rodari, la scrittrice Nicoletta Bortolotti ha sintetizzato perfettamente il senso degli incontri tenutisi gioved\u00ec mattina al Polo Culturale [&hellip;]<\/p>\n","protected":false},"author":2,"featured_media":166852,"comment_status":"closed","ping_status":"open","sticky":false,"template":"","format":"standard","meta":{"footnotes":""},"categories":[15],"tags":[],"class_list":["post-166851","post","type-post","status-publish","format-standard","has-post-thumbnail","category-scuola"],"yoast_head":"<!-- This site is optimized with the Yoast SEO plugin v28.4 - https:\/\/yoast.com\/product\/yoast-seo-wordpress\/ -->\n<title>&quot;Oltre i confini, sulle onde della libert\u00e0&quot;: Nicoletta Bortolotti incontra gli studenti di Sedico e Sospirolo - Bellunopress - Dolomiti<\/title>\n<meta name=\"robots\" content=\"index, follow, max-snippet:-1, max-image-preview:large, max-video-preview:-1\" \/>\n<link rel=\"canonical\" href=\"https:\/\/www.bellunopress.it\/fr\/2026\/01\/27\/oltre-i-confini-sulle-onde-della-liberta-nicoletta-bortolotti-incontra-gli-studenti-di-sedico-e-sospirolo\/\" \/>\n<meta property=\"og:locale\" content=\"fr_FR\" \/>\n<meta property=\"og:type\" content=\"article\" \/>\n<meta property=\"og:title\" content=\"&quot;Oltre i confini, sulle onde della libert\u00e0&quot;: Nicoletta Bortolotti incontra gli studenti di Sedico e Sospirolo - Bellunopress - Dolomiti\" \/>\n<meta property=\"og:description\" content=\"Dalle pagine di un romanzo alla realt\u00e0: gli alunni delle medie riflettono su pace e amicizia a Gaza City insieme all&#8217;autrice e editor Mondadori. Sedico\u00a0\u2013 \u201cL\u2019immaginare di oggi aiuta ad abitare la realt\u00e0 di domani\u201d. Citando Gianni Rodari, la scrittrice Nicoletta Bortolotti ha sintetizzato perfettamente il senso degli incontri tenutisi gioved\u00ec mattina al Polo Culturale [&hellip;]\" \/>\n<meta property=\"og:url\" content=\"https:\/\/www.bellunopress.it\/fr\/2026\/01\/27\/oltre-i-confini-sulle-onde-della-liberta-nicoletta-bortolotti-incontra-gli-studenti-di-sedico-e-sospirolo\/\" \/>\n<meta property=\"og:site_name\" content=\"Bellunopress - Dolomiti\" \/>\n<meta property=\"article:publisher\" content=\"https:\/\/www.facebook.com\/profile.php?id=100008943462799\" \/>\n<meta property=\"article:published_time\" content=\"2026-01-27T08:52:38+00:00\" \/>\n<meta property=\"og:image\" content=\"https:\/\/www.bellunopress.it\/wp-content\/uploads\/2026\/01\/Nicoletta-Bortolotti.jpg\" \/>\n\t<meta property=\"og:image:width\" content=\"600\" \/>\n\t<meta property=\"og:image:height\" content=\"402\" \/>\n\t<meta property=\"og:image:type\" content=\"image\/jpeg\" \/>\n<meta name=\"author\" content=\"redazione\" \/>\n<meta name=\"twitter:card\" content=\"summary_large_image\" \/>\n<meta name=\"twitter:creator\" content=\"@bellunopress\" \/>\n<meta name=\"twitter:site\" content=\"@bellunopress\" \/>\n<meta name=\"twitter:label1\" content=\"\u00c9crit par\" \/>\n\t<meta name=\"twitter:data1\" content=\"redazione\" \/>\n\t<meta name=\"twitter:label2\" content=\"Dur\u00e9e de lecture estim\u00e9e\" \/>\n\t<meta name=\"twitter:data2\" content=\"2 minutes\" \/>\n<script type=\"application\/ld+json\" class=\"yoast-schema-graph\">{\"@context\":\"https:\\\/\\\/schema.org\",\"@graph\":[{\"@type\":\"Article\",\"@id\":\"https:\\\/\\\/www.bellunopress.it\\\/2026\\\/01\\\/27\\\/oltre-i-confini-sulle-onde-della-liberta-nicoletta-bortolotti-incontra-gli-studenti-di-sedico-e-sospirolo\\\/#article\",\"isPartOf\":{\"@id\":\"https:\\\/\\\/www.bellunopress.it\\\/2026\\\/01\\\/27\\\/oltre-i-confini-sulle-onde-della-liberta-nicoletta-bortolotti-incontra-gli-studenti-di-sedico-e-sospirolo\\\/\"},\"author\":{\"name\":\"redazione\",\"@id\":\"https:\\\/\\\/www.bellunopress.it\\\/#\\\/schema\\\/person\\\/79bb06722b37ece1c03d3e94beb30d73\"},\"headline\":\"&#8220;Oltre i confini, sulle onde della libert\u00e0&#8221;: Nicoletta Bortolotti incontra gli studenti di Sedico e Sospirolo\",\"datePublished\":\"2026-01-27T08:52:38+00:00\",\"mainEntityOfPage\":{\"@id\":\"https:\\\/\\\/www.bellunopress.it\\\/2026\\\/01\\\/27\\\/oltre-i-confini-sulle-onde-della-liberta-nicoletta-bortolotti-incontra-gli-studenti-di-sedico-e-sospirolo\\\/\"},\"wordCount\":441,\"publisher\":{\"@id\":\"https:\\\/\\\/www.bellunopress.it\\\/#organization\"},\"image\":{\"@id\":\"https:\\\/\\\/www.bellunopress.it\\\/2026\\\/01\\\/27\\\/oltre-i-confini-sulle-onde-della-liberta-nicoletta-bortolotti-incontra-gli-studenti-di-sedico-e-sospirolo\\\/#primaryimage\"},\"thumbnailUrl\":\"https:\\\/\\\/www.bellunopress.it\\\/wp-content\\\/uploads\\\/2026\\\/01\\\/Nicoletta-Bortolotti.jpg\",\"articleSection\":[\"Scuola\"],\"inLanguage\":\"fr-FR\"},{\"@type\":\"WebPage\",\"@id\":\"https:\\\/\\\/www.bellunopress.it\\\/2026\\\/01\\\/27\\\/oltre-i-confini-sulle-onde-della-liberta-nicoletta-bortolotti-incontra-gli-studenti-di-sedico-e-sospirolo\\\/\",\"url\":\"https:\\\/\\\/www.bellunopress.it\\\/2026\\\/01\\\/27\\\/oltre-i-confini-sulle-onde-della-liberta-nicoletta-bortolotti-incontra-gli-studenti-di-sedico-e-sospirolo\\\/\",\"name\":\"\\\"Oltre i confini, sulle onde della libert\u00e0\\\": Nicoletta Bortolotti incontra gli studenti di Sedico e Sospirolo - Bellunopress - Dolomiti\",\"isPartOf\":{\"@id\":\"https:\\\/\\\/www.bellunopress.it\\\/#website\"},\"primaryImageOfPage\":{\"@id\":\"https:\\\/\\\/www.bellunopress.it\\\/2026\\\/01\\\/27\\\/oltre-i-confini-sulle-onde-della-liberta-nicoletta-bortolotti-incontra-gli-studenti-di-sedico-e-sospirolo\\\/#primaryimage\"},\"image\":{\"@id\":\"https:\\\/\\\/www.bellunopress.it\\\/2026\\\/01\\\/27\\\/oltre-i-confini-sulle-onde-della-liberta-nicoletta-bortolotti-incontra-gli-studenti-di-sedico-e-sospirolo\\\/#primaryimage\"},\"thumbnailUrl\":\"https:\\\/\\\/www.bellunopress.it\\\/wp-content\\\/uploads\\\/2026\\\/01\\\/Nicoletta-Bortolotti.jpg\",\"datePublished\":\"2026-01-27T08:52:38+00:00\",\"breadcrumb\":{\"@id\":\"https:\\\/\\\/www.bellunopress.it\\\/2026\\\/01\\\/27\\\/oltre-i-confini-sulle-onde-della-liberta-nicoletta-bortolotti-incontra-gli-studenti-di-sedico-e-sospirolo\\\/#breadcrumb\"},\"inLanguage\":\"fr-FR\",\"potentialAction\":[{\"@type\":\"ReadAction\",\"target\":[\"https:\\\/\\\/www.bellunopress.it\\\/2026\\\/01\\\/27\\\/oltre-i-confini-sulle-onde-della-liberta-nicoletta-bortolotti-incontra-gli-studenti-di-sedico-e-sospirolo\\\/\"]}]},{\"@type\":\"ImageObject\",\"inLanguage\":\"fr-FR\",\"@id\":\"https:\\\/\\\/www.bellunopress.it\\\/2026\\\/01\\\/27\\\/oltre-i-confini-sulle-onde-della-liberta-nicoletta-bortolotti-incontra-gli-studenti-di-sedico-e-sospirolo\\\/#primaryimage\",\"url\":\"https:\\\/\\\/www.bellunopress.it\\\/wp-content\\\/uploads\\\/2026\\\/01\\\/Nicoletta-Bortolotti.jpg\",\"contentUrl\":\"https:\\\/\\\/www.bellunopress.it\\\/wp-content\\\/uploads\\\/2026\\\/01\\\/Nicoletta-Bortolotti.jpg\",\"width\":600,\"height\":402,\"caption\":\"Nicoletta Bortolotti\"},{\"@type\":\"BreadcrumbList\",\"@id\":\"https:\\\/\\\/www.bellunopress.it\\\/2026\\\/01\\\/27\\\/oltre-i-confini-sulle-onde-della-liberta-nicoletta-bortolotti-incontra-gli-studenti-di-sedico-e-sospirolo\\\/#breadcrumb\",\"itemListElement\":[{\"@type\":\"ListItem\",\"position\":1,\"name\":\"Home\",\"item\":\"https:\\\/\\\/www.bellunopress.it\\\/\"},{\"@type\":\"ListItem\",\"position\":2,\"name\":\"&#8220;Oltre i confini, sulle onde della libert\u00e0&#8221;: Nicoletta Bortolotti incontra gli studenti di Sedico e Sospirolo\"}]},{\"@type\":\"WebSite\",\"@id\":\"https:\\\/\\\/www.bellunopress.it\\\/#website\",\"url\":\"https:\\\/\\\/www.bellunopress.it\\\/\",\"name\":\"Bellunopress - Dolomiti\",\"description\":\"e-mail: redazione@bellunopress.it\",\"publisher\":{\"@id\":\"https:\\\/\\\/www.bellunopress.it\\\/#organization\"},\"potentialAction\":[{\"@type\":\"SearchAction\",\"target\":{\"@type\":\"EntryPoint\",\"urlTemplate\":\"https:\\\/\\\/www.bellunopress.it\\\/?s={search_term_string}\"},\"query-input\":{\"@type\":\"PropertyValueSpecification\",\"valueRequired\":true,\"valueName\":\"search_term_string\"}}],\"inLanguage\":\"fr-FR\"},{\"@type\":\"Organization\",\"@id\":\"https:\\\/\\\/www.bellunopress.it\\\/#organization\",\"name\":\"Bellunopress\",\"url\":\"https:\\\/\\\/www.bellunopress.it\\\/\",\"logo\":{\"@type\":\"ImageObject\",\"inLanguage\":\"fr-FR\",\"@id\":\"https:\\\/\\\/www.bellunopress.it\\\/#\\\/schema\\\/logo\\\/image\\\/\",\"url\":\"https:\\\/\\\/www.bellunopress.it\\\/wp-content\\\/uploads\\\/2011\\\/05\\\/cropped-logo-bellunopress-.jpg\",\"contentUrl\":\"https:\\\/\\\/www.bellunopress.it\\\/wp-content\\\/uploads\\\/2011\\\/05\\\/cropped-logo-bellunopress-.jpg\",\"width\":512,\"height\":512,\"caption\":\"Bellunopress\"},\"image\":{\"@id\":\"https:\\\/\\\/www.bellunopress.it\\\/#\\\/schema\\\/logo\\\/image\\\/\"},\"sameAs\":[\"https:\\\/\\\/www.facebook.com\\\/profile.php?id=100008943462799\",\"https:\\\/\\\/x.com\\\/bellunopress\",\"https:\\\/\\\/www.linkedin.com\\\/hp\\\/?dnr=JBzUWaJfMUw8vbXJJ2tVW5-I3jZKvC4wsoxE&amp;amp;amp;amp;amp;amp;trk=nav_responsive_tab_home\",\"https:\\\/\\\/www.youtube.com\\\/channel\\\/UCxL0wu1uN0_3_7hGG0306cw\"]},{\"@type\":\"Person\",\"@id\":\"https:\\\/\\\/www.bellunopress.it\\\/#\\\/schema\\\/person\\\/79bb06722b37ece1c03d3e94beb30d73\",\"name\":\"redazione\",\"image\":{\"@type\":\"ImageObject\",\"inLanguage\":\"fr-FR\",\"@id\":\"https:\\\/\\\/secure.gravatar.com\\\/avatar\\\/37d968a2e67a6fd04c169c4bdef102d0bc5d31b2546345219e348575eb80e9a0?s=96&d=mm&r=g\",\"url\":\"https:\\\/\\\/secure.gravatar.com\\\/avatar\\\/37d968a2e67a6fd04c169c4bdef102d0bc5d31b2546345219e348575eb80e9a0?s=96&d=mm&r=g\",\"contentUrl\":\"https:\\\/\\\/secure.gravatar.com\\\/avatar\\\/37d968a2e67a6fd04c169c4bdef102d0bc5d31b2546345219e348575eb80e9a0?s=96&d=mm&r=g\",\"caption\":\"redazione\"},\"sameAs\":[\"http:\\\/\\\/www.bellunopress.it\",\"https:\\\/\\\/x.com\\\/bellunopress\"],\"url\":\"https:\\\/\\\/www.bellunopress.it\\\/fr\\\/author\\\/redazione\\\/\"}]}<\/script>\n<!-- \/ Yoast SEO plugin. -->","yoast_head_json":{"title":"\"Oltre i confini, sulle onde della libert\u00e0\": Nicoletta Bortolotti incontra gli studenti di Sedico e Sospirolo - Bellunopress - Dolomiti","robots":{"index":"index","follow":"follow","max-snippet":"max-snippet:-1","max-image-preview":"max-image-preview:large","max-video-preview":"max-video-preview:-1"},"canonical":"https:\/\/www.bellunopress.it\/fr\/2026\/01\/27\/oltre-i-confini-sulle-onde-della-liberta-nicoletta-bortolotti-incontra-gli-studenti-di-sedico-e-sospirolo\/","og_locale":"fr_FR","og_type":"article","og_title":"\"Oltre i confini, sulle onde della libert\u00e0\": Nicoletta Bortolotti incontra gli studenti di Sedico e Sospirolo - Bellunopress - Dolomiti","og_description":"Dalle pagine di un romanzo alla realt\u00e0: gli alunni delle medie riflettono su pace e amicizia a Gaza City insieme all&#8217;autrice e editor Mondadori. Sedico\u00a0\u2013 \u201cL\u2019immaginare di oggi aiuta ad abitare la realt\u00e0 di domani\u201d. Citando Gianni Rodari, la scrittrice Nicoletta Bortolotti ha sintetizzato perfettamente il senso degli incontri tenutisi gioved\u00ec mattina al Polo Culturale [&hellip;]","og_url":"https:\/\/www.bellunopress.it\/fr\/2026\/01\/27\/oltre-i-confini-sulle-onde-della-liberta-nicoletta-bortolotti-incontra-gli-studenti-di-sedico-e-sospirolo\/","og_site_name":"Bellunopress - Dolomiti","article_publisher":"https:\/\/www.facebook.com\/profile.php?id=100008943462799","article_published_time":"2026-01-27T08:52:38+00:00","og_image":[{"width":600,"height":402,"url":"https:\/\/www.bellunopress.it\/wp-content\/uploads\/2026\/01\/Nicoletta-Bortolotti.jpg","type":"image\/jpeg"}],"author":"redazione","twitter_card":"summary_large_image","twitter_creator":"@bellunopress","twitter_site":"@bellunopress","twitter_misc":{"\u00c9crit par":"redazione","Dur\u00e9e de lecture estim\u00e9e":"2 minutes"},"schema":{"@context":"https:\/\/schema.org","@graph":[{"@type":"Article","@id":"https:\/\/www.bellunopress.it\/2026\/01\/27\/oltre-i-confini-sulle-onde-della-liberta-nicoletta-bortolotti-incontra-gli-studenti-di-sedico-e-sospirolo\/#article","isPartOf":{"@id":"https:\/\/www.bellunopress.it\/2026\/01\/27\/oltre-i-confini-sulle-onde-della-liberta-nicoletta-bortolotti-incontra-gli-studenti-di-sedico-e-sospirolo\/"},"author":{"name":"redazione","@id":"https:\/\/www.bellunopress.it\/#\/schema\/person\/79bb06722b37ece1c03d3e94beb30d73"},"headline":"&#8220;Oltre i confini, sulle onde della libert\u00e0&#8221;: Nicoletta Bortolotti incontra gli studenti di Sedico e Sospirolo","datePublished":"2026-01-27T08:52:38+00:00","mainEntityOfPage":{"@id":"https:\/\/www.bellunopress.it\/2026\/01\/27\/oltre-i-confini-sulle-onde-della-liberta-nicoletta-bortolotti-incontra-gli-studenti-di-sedico-e-sospirolo\/"},"wordCount":441,"publisher":{"@id":"https:\/\/www.bellunopress.it\/#organization"},"image":{"@id":"https:\/\/www.bellunopress.it\/2026\/01\/27\/oltre-i-confini-sulle-onde-della-liberta-nicoletta-bortolotti-incontra-gli-studenti-di-sedico-e-sospirolo\/#primaryimage"},"thumbnailUrl":"https:\/\/www.bellunopress.it\/wp-content\/uploads\/2026\/01\/Nicoletta-Bortolotti.jpg","articleSection":["Scuola"],"inLanguage":"fr-FR"},{"@type":"WebPage","@id":"https:\/\/www.bellunopress.it\/2026\/01\/27\/oltre-i-confini-sulle-onde-della-liberta-nicoletta-bortolotti-incontra-gli-studenti-di-sedico-e-sospirolo\/","url":"https:\/\/www.bellunopress.it\/2026\/01\/27\/oltre-i-confini-sulle-onde-della-liberta-nicoletta-bortolotti-incontra-gli-studenti-di-sedico-e-sospirolo\/","name":"\"Oltre i confini, sulle onde della libert\u00e0\": Nicoletta Bortolotti incontra gli studenti di Sedico e Sospirolo - Bellunopress - Dolomiti","isPartOf":{"@id":"https:\/\/www.bellunopress.it\/#website"},"primaryImageOfPage":{"@id":"https:\/\/www.bellunopress.it\/2026\/01\/27\/oltre-i-confini-sulle-onde-della-liberta-nicoletta-bortolotti-incontra-gli-studenti-di-sedico-e-sospirolo\/#primaryimage"},"image":{"@id":"https:\/\/www.bellunopress.it\/2026\/01\/27\/oltre-i-confini-sulle-onde-della-liberta-nicoletta-bortolotti-incontra-gli-studenti-di-sedico-e-sospirolo\/#primaryimage"},"thumbnailUrl":"https:\/\/www.bellunopress.it\/wp-content\/uploads\/2026\/01\/Nicoletta-Bortolotti.jpg","datePublished":"2026-01-27T08:52:38+00:00","breadcrumb":{"@id":"https:\/\/www.bellunopress.it\/2026\/01\/27\/oltre-i-confini-sulle-onde-della-liberta-nicoletta-bortolotti-incontra-gli-studenti-di-sedico-e-sospirolo\/#breadcrumb"},"inLanguage":"fr-FR","potentialAction":[{"@type":"ReadAction","target":["https:\/\/www.bellunopress.it\/2026\/01\/27\/oltre-i-confini-sulle-onde-della-liberta-nicoletta-bortolotti-incontra-gli-studenti-di-sedico-e-sospirolo\/"]}]},{"@type":"ImageObject","inLanguage":"fr-FR","@id":"https:\/\/www.bellunopress.it\/2026\/01\/27\/oltre-i-confini-sulle-onde-della-liberta-nicoletta-bortolotti-incontra-gli-studenti-di-sedico-e-sospirolo\/#primaryimage","url":"https:\/\/www.bellunopress.it\/wp-content\/uploads\/2026\/01\/Nicoletta-Bortolotti.jpg","contentUrl":"https:\/\/www.bellunopress.it\/wp-content\/uploads\/2026\/01\/Nicoletta-Bortolotti.jpg","width":600,"height":402,"caption":"Nicoletta Bortolotti"},{"@type":"BreadcrumbList","@id":"https:\/\/www.bellunopress.it\/2026\/01\/27\/oltre-i-confini-sulle-onde-della-liberta-nicoletta-bortolotti-incontra-gli-studenti-di-sedico-e-sospirolo\/#breadcrumb","itemListElement":[{"@type":"ListItem","position":1,"name":"Home","item":"https:\/\/www.bellunopress.it\/"},{"@type":"ListItem","position":2,"name":"&#8220;Oltre i confini, sulle onde della libert\u00e0&#8221;: Nicoletta Bortolotti incontra gli studenti di Sedico e Sospirolo"}]},{"@type":"WebSite","@id":"https:\/\/www.bellunopress.it\/#website","url":"https:\/\/www.bellunopress.it\/","name":"Bellunopress - Dolomiti","description":"e-mail: redazione@bellunopress.it","publisher":{"@id":"https:\/\/www.bellunopress.it\/#organization"},"potentialAction":[{"@type":"SearchAction","target":{"@type":"EntryPoint","urlTemplate":"https:\/\/www.bellunopress.it\/?s={search_term_string}"},"query-input":{"@type":"PropertyValueSpecification","valueRequired":true,"valueName":"search_term_string"}}],"inLanguage":"fr-FR"},{"@type":"Organization","@id":"https:\/\/www.bellunopress.it\/#organization","name":"Bellunopress","url":"https:\/\/www.bellunopress.it\/","logo":{"@type":"ImageObject","inLanguage":"fr-FR","@id":"https:\/\/www.bellunopress.it\/#\/schema\/logo\/image\/","url":"https:\/\/www.bellunopress.it\/wp-content\/uploads\/2011\/05\/cropped-logo-bellunopress-.jpg","contentUrl":"https:\/\/www.bellunopress.it\/wp-content\/uploads\/2011\/05\/cropped-logo-bellunopress-.jpg","width":512,"height":512,"caption":"Bellunopress"},"image":{"@id":"https:\/\/www.bellunopress.it\/#\/schema\/logo\/image\/"},"sameAs":["https:\/\/www.facebook.com\/profile.php?id=100008943462799","https:\/\/x.com\/bellunopress","https:\/\/www.linkedin.com\/hp\/?dnr=JBzUWaJfMUw8vbXJJ2tVW5-I3jZKvC4wsoxE&amp;amp;amp;amp;amp;amp;trk=nav_responsive_tab_home","https:\/\/www.youtube.com\/channel\/UCxL0wu1uN0_3_7hGG0306cw"]},{"@type":"Person","@id":"https:\/\/www.bellunopress.it\/#\/schema\/person\/79bb06722b37ece1c03d3e94beb30d73","name":"r\u00e9daction","image":{"@type":"ImageObject","inLanguage":"fr-FR","@id":"https:\/\/secure.gravatar.com\/avatar\/37d968a2e67a6fd04c169c4bdef102d0bc5d31b2546345219e348575eb80e9a0?s=96&d=mm&r=g","url":"https:\/\/secure.gravatar.com\/avatar\/37d968a2e67a6fd04c169c4bdef102d0bc5d31b2546345219e348575eb80e9a0?s=96&d=mm&r=g","contentUrl":"https:\/\/secure.gravatar.com\/avatar\/37d968a2e67a6fd04c169c4bdef102d0bc5d31b2546345219e348575eb80e9a0?s=96&d=mm&r=g","caption":"redazione"},"sameAs":["http:\/\/www.bellunopress.it","https:\/\/x.com\/bellunopress"],"url":"https:\/\/www.bellunopress.it\/fr\/author\/redazione\/"}]}},"_links":{"self":[{"href":"https:\/\/www.bellunopress.it\/fr\/wp-json\/wp\/v2\/posts\/166851","targetHints":{"allow":["GET"]}}],"collection":[{"href":"https:\/\/www.bellunopress.it\/fr\/wp-json\/wp\/v2\/posts"}],"about":[{"href":"https:\/\/www.bellunopress.it\/fr\/wp-json\/wp\/v2\/types\/post"}],"author":[{"embeddable":true,"href":"https:\/\/www.bellunopress.it\/fr\/wp-json\/wp\/v2\/users\/2"}],"replies":[{"embeddable":true,"href":"https:\/\/www.bellunopress.it\/fr\/wp-json\/wp\/v2\/comments?post=166851"}],"version-history":[{"count":1,"href":"https:\/\/www.bellunopress.it\/fr\/wp-json\/wp\/v2\/posts\/166851\/revisions"}],"predecessor-version":[{"id":166853,"href":"https:\/\/www.bellunopress.it\/fr\/wp-json\/wp\/v2\/posts\/166851\/revisions\/166853"}],"wp:featuredmedia":[{"embeddable":true,"href":"https:\/\/www.bellunopress.it\/fr\/wp-json\/wp\/v2\/media\/166852"}],"wp:attachment":[{"href":"https:\/\/www.bellunopress.it\/fr\/wp-json\/wp\/v2\/media?parent=166851"}],"wp:term":[{"taxonomy":"category","embeddable":true,"href":"https:\/\/www.bellunopress.it\/fr\/wp-json\/wp\/v2\/categories?post=166851"},{"taxonomy":"post_tag","embeddable":true,"href":"https:\/\/www.bellunopress.it\/fr\/wp-json\/wp\/v2\/tags?post=166851"}],"curies":[{"name":"wp","href":"https:\/\/api.w.org\/{rel}","templated":true}]}}