{"id":166847,"date":"2026-01-27T09:30:27","date_gmt":"2026-01-27T08:30:27","guid":{"rendered":"https:\/\/www.bellunopress.it\/?p=166847"},"modified":"2026-01-27T06:22:57","modified_gmt":"2026-01-27T05:22:57","slug":"rai-e-montagna-promossa-la-nuova-narrazione-uncem-ora-lo-sguardo-voli-oltre-le-olimpiadi","status":"publish","type":"post","link":"https:\/\/www.bellunopress.it\/fr\/2026\/01\/27\/rai-e-montagna-promossa-la-nuova-narrazione-uncem-ora-lo-sguardo-voli-oltre-le-olimpiadi\/","title":{"rendered":"Rai e montagna: promossa la nuova narrazione. UNCEM: &#8220;Ora lo sguardo voli oltre le Olimpiadi&#8221;"},"content":{"rendered":"<p data-path-to-node=\"3\"><b data-path-to-node=\"3\" data-index-in-node=\"0\">Dalle proteste per la chiusura di TGR Montagne al plauso per i nuovi format: l\u2019Unione Nazionale Comuni Comunit\u00e0 Enti Montani (UNCEM) traccia un bilancio positivo del racconto Rai, chiedendo per\u00f2 uno sforzo corale in vista di Milano-Cortina 2026.<\/b><\/p>\n<p data-path-to-node=\"4\">A un anno di distanza dal &#8220;decalogo&#8221; inviato ai vertici di Viale Mazzini, il clima tra l\u2019UNCEM e la Rai sembra essere decisamente cambiato. Se dodici mesi fa l\u2019associazione dei Comuni montani esprimeva forte preoccupazione per la perdita di spazi informativi dedicati alle &#8220;terre alte&#8221;, oggi il Presidente Marco Bussone firma una nota di soddisfazione, pur mantenendo alta l\u2019attenzione sulle sfide future.<\/p>\n<h3 data-path-to-node=\"5\">Il successo dei nuovi format: Linea Bianca e TGR Alta Quota<\/h3>\n<p data-path-to-node=\"6\">Il punto di svolta \u00e8 segnato dalla qualit\u00e0 di due programmi che hanno saputo interpretare la montagna non solo come cartolina turistica, ma come ecosistema vivo:<\/p>\n<ul data-path-to-node=\"7\">\n<li>\n<p data-path-to-node=\"7,0,0\"><b data-path-to-node=\"7,0,0\" data-index-in-node=\"0\">Linea Bianca:<\/b> Il racconto di Massimiliano Ossini e Lino Zani viene definito come &#8220;un ottimo lavoro sui territori&#8221;, capace di coniugare bellezza paesaggistica e approfondimento.<\/p>\n<\/li>\n<li>\n<p data-path-to-node=\"7,1,0\"><b data-path-to-node=\"7,1,0\" data-index-in-node=\"0\">TGR Alta Quota:<\/b> Sotto la guida di Roberta Serdoz, il format ha saputo attivare le redazioni regionali, restituendo una voce autentica alle diverse realt\u00e0 locali.<\/p>\n<\/li>\n<\/ul>\n<blockquote data-path-to-node=\"8\">\n<h6 style=\"text-align: left;\" data-path-to-node=\"8,0\"><i data-path-to-node=\"8,0\" data-index-in-node=\"0\">&#8220;Passi avanti ne sono stati fatti,&#8221;<\/i> commenta Marco Bussone. <i data-path-to-node=\"8,0\" data-index-in-node=\"60\">&#8220;Siamo soddisfatti della direzione intrapresa. Resta il tema della collocazione nel palinsesto, su cui continueremo a fare le giuste pressioni affinch\u00e9 questi contenuti abbiano la visibilit\u00e0 che meritano.&#8221;<\/i><\/h6>\n<\/blockquote>\n<h3 data-path-to-node=\"9\">La sfida olimpica: oltre la neve c&#8217;\u00e8 di pi\u00f9<\/h3>\n<p data-path-to-node=\"10\">Il vero banco di prova, tuttavia, \u00e8 ormai alle porte. Con l&#8217;avvicinarsi delle Olimpiadi di Milano-Cortina, l\u2019UNCEM chiede alla Rai un salto di qualit\u00e0 narrativo. L&#8217;obiettivo \u00e8 evitare che i Giochi restino un evento isolato, trasformandoli invece nell&#8217;occasione per raccontare l&#8217;intero arco alpino e la dorsale appenninica.<\/p>\n<p data-path-to-node=\"11\">Il &#8220;patto decisivo&#8221; auspicato da Bussone riguarda l&#8217;unione tra aree urbane e zone montane. La narrazione richiesta non deve limitarsi ai risultati sportivi o all&#8217;agricoltura, ma deve abbracciare temi complessi e vitali:<\/p>\n<ol start=\"1\" data-path-to-node=\"12\">\n<li>\n<p data-path-to-node=\"12,0,0\"><b data-path-to-node=\"12,0,0\" data-index-in-node=\"0\">Economia di montagna<\/b> e resilienza dei territori.<\/p>\n<\/li>\n<li>\n<p data-path-to-node=\"12,1,0\"><b data-path-to-node=\"12,1,0\" data-index-in-node=\"0\">Neopopolamento:<\/b> le storie di chi sceglie di tornare a vivere in quota.<\/p>\n<\/li>\n<li>\n<p data-path-to-node=\"12,2,0\"><b data-path-to-node=\"12,2,0\" data-index-in-node=\"0\">Societ\u00e0:<\/b> i servizi, le scuole e le infrastrutture che rendono la montagna vivibile tutto l&#8217;anno.<\/p>\n<\/li>\n<\/ol>\n<h3 data-path-to-node=\"13\">Un racconto per unire il Paese<\/h3>\n<p data-path-to-node=\"14\">L\u2019appello di UNCEM \u00e8 chiaro: le Olimpiadi devono essere il motore di un racconto che vada &#8220;oltre i Giochi&#8221;, capace di mostrare la montagna come una risorsa strategica per l&#8217;intera nazione. Una sfida che la TV pubblica, forte dei recenti successi, sembra ora pronta a raccogliere.<\/p>","protected":false},"excerpt":{"rendered":"<p>Dalle proteste per la chiusura di TGR Montagne al plauso per i nuovi format: l\u2019Unione Nazionale Comuni Comunit\u00e0 Enti Montani (UNCEM) traccia un bilancio positivo del racconto Rai, chiedendo per\u00f2 uno sforzo corale in vista di Milano-Cortina 2026. A un anno di distanza dal &#8220;decalogo&#8221; inviato ai vertici di Viale Mazzini, il clima tra l\u2019UNCEM [&hellip;]<\/p>\n","protected":false},"author":2,"featured_media":129991,"comment_status":"closed","ping_status":"open","sticky":false,"template":"","format":"standard","meta":{"footnotes":""},"categories":[8],"tags":[],"class_list":["post-166847","post","type-post","status-publish","format-standard","has-post-thumbnail","category-societa-istituzioni"],"yoast_head":"<!-- This site is optimized with the Yoast SEO plugin v28.4 - https:\/\/yoast.com\/product\/yoast-seo-wordpress\/ -->\n<title>Rai e montagna: promossa la nuova narrazione. UNCEM: &quot;Ora lo sguardo voli oltre le Olimpiadi&quot; - Bellunopress - Dolomiti<\/title>\n<meta name=\"robots\" content=\"index, follow, max-snippet:-1, max-image-preview:large, max-video-preview:-1\" \/>\n<link rel=\"canonical\" href=\"https:\/\/www.bellunopress.it\/fr\/2026\/01\/27\/rai-e-montagna-promossa-la-nuova-narrazione-uncem-ora-lo-sguardo-voli-oltre-le-olimpiadi\/\" \/>\n<meta property=\"og:locale\" content=\"fr_FR\" \/>\n<meta property=\"og:type\" content=\"article\" \/>\n<meta property=\"og:title\" content=\"Rai e montagna: promossa la nuova narrazione. UNCEM: &quot;Ora lo sguardo voli oltre le Olimpiadi&quot; - Bellunopress - Dolomiti\" \/>\n<meta property=\"og:description\" content=\"Dalle proteste per la chiusura di TGR Montagne al plauso per i nuovi format: l\u2019Unione Nazionale Comuni Comunit\u00e0 Enti Montani (UNCEM) traccia un bilancio positivo del racconto Rai, chiedendo per\u00f2 uno sforzo corale in vista di Milano-Cortina 2026. A un anno di distanza dal &#8220;decalogo&#8221; inviato ai vertici di Viale Mazzini, il clima tra l\u2019UNCEM [&hellip;]\" \/>\n<meta property=\"og:url\" content=\"https:\/\/www.bellunopress.it\/fr\/2026\/01\/27\/rai-e-montagna-promossa-la-nuova-narrazione-uncem-ora-lo-sguardo-voli-oltre-le-olimpiadi\/\" \/>\n<meta property=\"og:site_name\" content=\"Bellunopress - Dolomiti\" \/>\n<meta property=\"article:publisher\" content=\"https:\/\/www.facebook.com\/profile.php?id=100008943462799\" \/>\n<meta property=\"article:published_time\" content=\"2026-01-27T08:30:27+00:00\" \/>\n<meta property=\"og:image\" content=\"https:\/\/www.bellunopress.it\/wp-content\/uploads\/2021\/12\/Uncem.jpg\" \/>\n\t<meta property=\"og:image:width\" content=\"890\" \/>\n\t<meta property=\"og:image:height\" content=\"500\" \/>\n\t<meta property=\"og:image:type\" content=\"image\/jpeg\" \/>\n<meta name=\"author\" content=\"redazione\" \/>\n<meta name=\"twitter:card\" content=\"summary_large_image\" \/>\n<meta name=\"twitter:creator\" content=\"@bellunopress\" \/>\n<meta name=\"twitter:site\" content=\"@bellunopress\" \/>\n<meta name=\"twitter:label1\" content=\"\u00c9crit par\" \/>\n\t<meta name=\"twitter:data1\" content=\"redazione\" \/>\n\t<meta name=\"twitter:label2\" content=\"Dur\u00e9e de lecture estim\u00e9e\" \/>\n\t<meta name=\"twitter:data2\" content=\"2 minutes\" \/>\n<script type=\"application\/ld+json\" class=\"yoast-schema-graph\">{\"@context\":\"https:\\\/\\\/schema.org\",\"@graph\":[{\"@type\":\"Article\",\"@id\":\"https:\\\/\\\/www.bellunopress.it\\\/2026\\\/01\\\/27\\\/rai-e-montagna-promossa-la-nuova-narrazione-uncem-ora-lo-sguardo-voli-oltre-le-olimpiadi\\\/#article\",\"isPartOf\":{\"@id\":\"https:\\\/\\\/www.bellunopress.it\\\/2026\\\/01\\\/27\\\/rai-e-montagna-promossa-la-nuova-narrazione-uncem-ora-lo-sguardo-voli-oltre-le-olimpiadi\\\/\"},\"author\":{\"name\":\"redazione\",\"@id\":\"https:\\\/\\\/www.bellunopress.it\\\/#\\\/schema\\\/person\\\/79bb06722b37ece1c03d3e94beb30d73\"},\"headline\":\"Rai e montagna: promossa la nuova narrazione. UNCEM: &#8220;Ora lo sguardo voli oltre le Olimpiadi&#8221;\",\"datePublished\":\"2026-01-27T08:30:27+00:00\",\"mainEntityOfPage\":{\"@id\":\"https:\\\/\\\/www.bellunopress.it\\\/2026\\\/01\\\/27\\\/rai-e-montagna-promossa-la-nuova-narrazione-uncem-ora-lo-sguardo-voli-oltre-le-olimpiadi\\\/\"},\"wordCount\":422,\"publisher\":{\"@id\":\"https:\\\/\\\/www.bellunopress.it\\\/#organization\"},\"image\":{\"@id\":\"https:\\\/\\\/www.bellunopress.it\\\/2026\\\/01\\\/27\\\/rai-e-montagna-promossa-la-nuova-narrazione-uncem-ora-lo-sguardo-voli-oltre-le-olimpiadi\\\/#primaryimage\"},\"thumbnailUrl\":\"https:\\\/\\\/www.bellunopress.it\\\/wp-content\\\/uploads\\\/2021\\\/12\\\/Uncem.jpg\",\"articleSection\":[\"Societ\u00e0, Associazioni, Istituzioni\"],\"inLanguage\":\"fr-FR\"},{\"@type\":\"WebPage\",\"@id\":\"https:\\\/\\\/www.bellunopress.it\\\/2026\\\/01\\\/27\\\/rai-e-montagna-promossa-la-nuova-narrazione-uncem-ora-lo-sguardo-voli-oltre-le-olimpiadi\\\/\",\"url\":\"https:\\\/\\\/www.bellunopress.it\\\/2026\\\/01\\\/27\\\/rai-e-montagna-promossa-la-nuova-narrazione-uncem-ora-lo-sguardo-voli-oltre-le-olimpiadi\\\/\",\"name\":\"Rai e montagna: promossa la nuova narrazione. UNCEM: \\\"Ora lo sguardo voli oltre le Olimpiadi\\\" - Bellunopress - Dolomiti\",\"isPartOf\":{\"@id\":\"https:\\\/\\\/www.bellunopress.it\\\/#website\"},\"primaryImageOfPage\":{\"@id\":\"https:\\\/\\\/www.bellunopress.it\\\/2026\\\/01\\\/27\\\/rai-e-montagna-promossa-la-nuova-narrazione-uncem-ora-lo-sguardo-voli-oltre-le-olimpiadi\\\/#primaryimage\"},\"image\":{\"@id\":\"https:\\\/\\\/www.bellunopress.it\\\/2026\\\/01\\\/27\\\/rai-e-montagna-promossa-la-nuova-narrazione-uncem-ora-lo-sguardo-voli-oltre-le-olimpiadi\\\/#primaryimage\"},\"thumbnailUrl\":\"https:\\\/\\\/www.bellunopress.it\\\/wp-content\\\/uploads\\\/2021\\\/12\\\/Uncem.jpg\",\"datePublished\":\"2026-01-27T08:30:27+00:00\",\"breadcrumb\":{\"@id\":\"https:\\\/\\\/www.bellunopress.it\\\/2026\\\/01\\\/27\\\/rai-e-montagna-promossa-la-nuova-narrazione-uncem-ora-lo-sguardo-voli-oltre-le-olimpiadi\\\/#breadcrumb\"},\"inLanguage\":\"fr-FR\",\"potentialAction\":[{\"@type\":\"ReadAction\",\"target\":[\"https:\\\/\\\/www.bellunopress.it\\\/2026\\\/01\\\/27\\\/rai-e-montagna-promossa-la-nuova-narrazione-uncem-ora-lo-sguardo-voli-oltre-le-olimpiadi\\\/\"]}]},{\"@type\":\"ImageObject\",\"inLanguage\":\"fr-FR\",\"@id\":\"https:\\\/\\\/www.bellunopress.it\\\/2026\\\/01\\\/27\\\/rai-e-montagna-promossa-la-nuova-narrazione-uncem-ora-lo-sguardo-voli-oltre-le-olimpiadi\\\/#primaryimage\",\"url\":\"https:\\\/\\\/www.bellunopress.it\\\/wp-content\\\/uploads\\\/2021\\\/12\\\/Uncem.jpg\",\"contentUrl\":\"https:\\\/\\\/www.bellunopress.it\\\/wp-content\\\/uploads\\\/2021\\\/12\\\/Uncem.jpg\",\"width\":890,\"height\":500},{\"@type\":\"BreadcrumbList\",\"@id\":\"https:\\\/\\\/www.bellunopress.it\\\/2026\\\/01\\\/27\\\/rai-e-montagna-promossa-la-nuova-narrazione-uncem-ora-lo-sguardo-voli-oltre-le-olimpiadi\\\/#breadcrumb\",\"itemListElement\":[{\"@type\":\"ListItem\",\"position\":1,\"name\":\"Home\",\"item\":\"https:\\\/\\\/www.bellunopress.it\\\/\"},{\"@type\":\"ListItem\",\"position\":2,\"name\":\"Rai e montagna: promossa la nuova narrazione. UNCEM: &#8220;Ora lo sguardo voli oltre le Olimpiadi&#8221;\"}]},{\"@type\":\"WebSite\",\"@id\":\"https:\\\/\\\/www.bellunopress.it\\\/#website\",\"url\":\"https:\\\/\\\/www.bellunopress.it\\\/\",\"name\":\"Bellunopress - Dolomiti\",\"description\":\"e-mail: redazione@bellunopress.it\",\"publisher\":{\"@id\":\"https:\\\/\\\/www.bellunopress.it\\\/#organization\"},\"potentialAction\":[{\"@type\":\"SearchAction\",\"target\":{\"@type\":\"EntryPoint\",\"urlTemplate\":\"https:\\\/\\\/www.bellunopress.it\\\/?s={search_term_string}\"},\"query-input\":{\"@type\":\"PropertyValueSpecification\",\"valueRequired\":true,\"valueName\":\"search_term_string\"}}],\"inLanguage\":\"fr-FR\"},{\"@type\":\"Organization\",\"@id\":\"https:\\\/\\\/www.bellunopress.it\\\/#organization\",\"name\":\"Bellunopress\",\"url\":\"https:\\\/\\\/www.bellunopress.it\\\/\",\"logo\":{\"@type\":\"ImageObject\",\"inLanguage\":\"fr-FR\",\"@id\":\"https:\\\/\\\/www.bellunopress.it\\\/#\\\/schema\\\/logo\\\/image\\\/\",\"url\":\"https:\\\/\\\/www.bellunopress.it\\\/wp-content\\\/uploads\\\/2011\\\/05\\\/cropped-logo-bellunopress-.jpg\",\"contentUrl\":\"https:\\\/\\\/www.bellunopress.it\\\/wp-content\\\/uploads\\\/2011\\\/05\\\/cropped-logo-bellunopress-.jpg\",\"width\":512,\"height\":512,\"caption\":\"Bellunopress\"},\"image\":{\"@id\":\"https:\\\/\\\/www.bellunopress.it\\\/#\\\/schema\\\/logo\\\/image\\\/\"},\"sameAs\":[\"https:\\\/\\\/www.facebook.com\\\/profile.php?id=100008943462799\",\"https:\\\/\\\/x.com\\\/bellunopress\",\"https:\\\/\\\/www.linkedin.com\\\/hp\\\/?dnr=JBzUWaJfMUw8vbXJJ2tVW5-I3jZKvC4wsoxE&amp;amp;amp;amp;amp;amp;trk=nav_responsive_tab_home\",\"https:\\\/\\\/www.youtube.com\\\/channel\\\/UCxL0wu1uN0_3_7hGG0306cw\"]},{\"@type\":\"Person\",\"@id\":\"https:\\\/\\\/www.bellunopress.it\\\/#\\\/schema\\\/person\\\/79bb06722b37ece1c03d3e94beb30d73\",\"name\":\"redazione\",\"image\":{\"@type\":\"ImageObject\",\"inLanguage\":\"fr-FR\",\"@id\":\"https:\\\/\\\/secure.gravatar.com\\\/avatar\\\/37d968a2e67a6fd04c169c4bdef102d0bc5d31b2546345219e348575eb80e9a0?s=96&d=mm&r=g\",\"url\":\"https:\\\/\\\/secure.gravatar.com\\\/avatar\\\/37d968a2e67a6fd04c169c4bdef102d0bc5d31b2546345219e348575eb80e9a0?s=96&d=mm&r=g\",\"contentUrl\":\"https:\\\/\\\/secure.gravatar.com\\\/avatar\\\/37d968a2e67a6fd04c169c4bdef102d0bc5d31b2546345219e348575eb80e9a0?s=96&d=mm&r=g\",\"caption\":\"redazione\"},\"sameAs\":[\"http:\\\/\\\/www.bellunopress.it\",\"https:\\\/\\\/x.com\\\/bellunopress\"],\"url\":\"https:\\\/\\\/www.bellunopress.it\\\/fr\\\/author\\\/redazione\\\/\"}]}<\/script>\n<!-- \/ Yoast SEO plugin. -->","yoast_head_json":{"title":"Rai e montagna: promossa la nuova narrazione. UNCEM: \"Ora lo sguardo voli oltre le Olimpiadi\" - Bellunopress - Dolomiti","robots":{"index":"index","follow":"follow","max-snippet":"max-snippet:-1","max-image-preview":"max-image-preview:large","max-video-preview":"max-video-preview:-1"},"canonical":"https:\/\/www.bellunopress.it\/fr\/2026\/01\/27\/rai-e-montagna-promossa-la-nuova-narrazione-uncem-ora-lo-sguardo-voli-oltre-le-olimpiadi\/","og_locale":"fr_FR","og_type":"article","og_title":"Rai e montagna: promossa la nuova narrazione. UNCEM: \"Ora lo sguardo voli oltre le Olimpiadi\" - Bellunopress - Dolomiti","og_description":"Dalle proteste per la chiusura di TGR Montagne al plauso per i nuovi format: l\u2019Unione Nazionale Comuni Comunit\u00e0 Enti Montani (UNCEM) traccia un bilancio positivo del racconto Rai, chiedendo per\u00f2 uno sforzo corale in vista di Milano-Cortina 2026. A un anno di distanza dal &#8220;decalogo&#8221; inviato ai vertici di Viale Mazzini, il clima tra l\u2019UNCEM [&hellip;]","og_url":"https:\/\/www.bellunopress.it\/fr\/2026\/01\/27\/rai-e-montagna-promossa-la-nuova-narrazione-uncem-ora-lo-sguardo-voli-oltre-le-olimpiadi\/","og_site_name":"Bellunopress - Dolomiti","article_publisher":"https:\/\/www.facebook.com\/profile.php?id=100008943462799","article_published_time":"2026-01-27T08:30:27+00:00","og_image":[{"width":890,"height":500,"url":"https:\/\/www.bellunopress.it\/wp-content\/uploads\/2021\/12\/Uncem.jpg","type":"image\/jpeg"}],"author":"redazione","twitter_card":"summary_large_image","twitter_creator":"@bellunopress","twitter_site":"@bellunopress","twitter_misc":{"\u00c9crit par":"redazione","Dur\u00e9e de lecture estim\u00e9e":"2 minutes"},"schema":{"@context":"https:\/\/schema.org","@graph":[{"@type":"Article","@id":"https:\/\/www.bellunopress.it\/2026\/01\/27\/rai-e-montagna-promossa-la-nuova-narrazione-uncem-ora-lo-sguardo-voli-oltre-le-olimpiadi\/#article","isPartOf":{"@id":"https:\/\/www.bellunopress.it\/2026\/01\/27\/rai-e-montagna-promossa-la-nuova-narrazione-uncem-ora-lo-sguardo-voli-oltre-le-olimpiadi\/"},"author":{"name":"redazione","@id":"https:\/\/www.bellunopress.it\/#\/schema\/person\/79bb06722b37ece1c03d3e94beb30d73"},"headline":"Rai e montagna: promossa la nuova narrazione. UNCEM: &#8220;Ora lo sguardo voli oltre le Olimpiadi&#8221;","datePublished":"2026-01-27T08:30:27+00:00","mainEntityOfPage":{"@id":"https:\/\/www.bellunopress.it\/2026\/01\/27\/rai-e-montagna-promossa-la-nuova-narrazione-uncem-ora-lo-sguardo-voli-oltre-le-olimpiadi\/"},"wordCount":422,"publisher":{"@id":"https:\/\/www.bellunopress.it\/#organization"},"image":{"@id":"https:\/\/www.bellunopress.it\/2026\/01\/27\/rai-e-montagna-promossa-la-nuova-narrazione-uncem-ora-lo-sguardo-voli-oltre-le-olimpiadi\/#primaryimage"},"thumbnailUrl":"https:\/\/www.bellunopress.it\/wp-content\/uploads\/2021\/12\/Uncem.jpg","articleSection":["Societ\u00e0, Associazioni, Istituzioni"],"inLanguage":"fr-FR"},{"@type":"WebPage","@id":"https:\/\/www.bellunopress.it\/2026\/01\/27\/rai-e-montagna-promossa-la-nuova-narrazione-uncem-ora-lo-sguardo-voli-oltre-le-olimpiadi\/","url":"https:\/\/www.bellunopress.it\/2026\/01\/27\/rai-e-montagna-promossa-la-nuova-narrazione-uncem-ora-lo-sguardo-voli-oltre-le-olimpiadi\/","name":"Rai e montagna: promossa la nuova narrazione. UNCEM: \"Ora lo sguardo voli oltre le Olimpiadi\" - Bellunopress - Dolomiti","isPartOf":{"@id":"https:\/\/www.bellunopress.it\/#website"},"primaryImageOfPage":{"@id":"https:\/\/www.bellunopress.it\/2026\/01\/27\/rai-e-montagna-promossa-la-nuova-narrazione-uncem-ora-lo-sguardo-voli-oltre-le-olimpiadi\/#primaryimage"},"image":{"@id":"https:\/\/www.bellunopress.it\/2026\/01\/27\/rai-e-montagna-promossa-la-nuova-narrazione-uncem-ora-lo-sguardo-voli-oltre-le-olimpiadi\/#primaryimage"},"thumbnailUrl":"https:\/\/www.bellunopress.it\/wp-content\/uploads\/2021\/12\/Uncem.jpg","datePublished":"2026-01-27T08:30:27+00:00","breadcrumb":{"@id":"https:\/\/www.bellunopress.it\/2026\/01\/27\/rai-e-montagna-promossa-la-nuova-narrazione-uncem-ora-lo-sguardo-voli-oltre-le-olimpiadi\/#breadcrumb"},"inLanguage":"fr-FR","potentialAction":[{"@type":"ReadAction","target":["https:\/\/www.bellunopress.it\/2026\/01\/27\/rai-e-montagna-promossa-la-nuova-narrazione-uncem-ora-lo-sguardo-voli-oltre-le-olimpiadi\/"]}]},{"@type":"ImageObject","inLanguage":"fr-FR","@id":"https:\/\/www.bellunopress.it\/2026\/01\/27\/rai-e-montagna-promossa-la-nuova-narrazione-uncem-ora-lo-sguardo-voli-oltre-le-olimpiadi\/#primaryimage","url":"https:\/\/www.bellunopress.it\/wp-content\/uploads\/2021\/12\/Uncem.jpg","contentUrl":"https:\/\/www.bellunopress.it\/wp-content\/uploads\/2021\/12\/Uncem.jpg","width":890,"height":500},{"@type":"BreadcrumbList","@id":"https:\/\/www.bellunopress.it\/2026\/01\/27\/rai-e-montagna-promossa-la-nuova-narrazione-uncem-ora-lo-sguardo-voli-oltre-le-olimpiadi\/#breadcrumb","itemListElement":[{"@type":"ListItem","position":1,"name":"Home","item":"https:\/\/www.bellunopress.it\/"},{"@type":"ListItem","position":2,"name":"Rai e montagna: promossa la nuova narrazione. UNCEM: &#8220;Ora lo sguardo voli oltre le Olimpiadi&#8221;"}]},{"@type":"WebSite","@id":"https:\/\/www.bellunopress.it\/#website","url":"https:\/\/www.bellunopress.it\/","name":"Bellunopress - Dolomiti","description":"e-mail: redazione@bellunopress.it","publisher":{"@id":"https:\/\/www.bellunopress.it\/#organization"},"potentialAction":[{"@type":"SearchAction","target":{"@type":"EntryPoint","urlTemplate":"https:\/\/www.bellunopress.it\/?s={search_term_string}"},"query-input":{"@type":"PropertyValueSpecification","valueRequired":true,"valueName":"search_term_string"}}],"inLanguage":"fr-FR"},{"@type":"Organization","@id":"https:\/\/www.bellunopress.it\/#organization","name":"Bellunopress","url":"https:\/\/www.bellunopress.it\/","logo":{"@type":"ImageObject","inLanguage":"fr-FR","@id":"https:\/\/www.bellunopress.it\/#\/schema\/logo\/image\/","url":"https:\/\/www.bellunopress.it\/wp-content\/uploads\/2011\/05\/cropped-logo-bellunopress-.jpg","contentUrl":"https:\/\/www.bellunopress.it\/wp-content\/uploads\/2011\/05\/cropped-logo-bellunopress-.jpg","width":512,"height":512,"caption":"Bellunopress"},"image":{"@id":"https:\/\/www.bellunopress.it\/#\/schema\/logo\/image\/"},"sameAs":["https:\/\/www.facebook.com\/profile.php?id=100008943462799","https:\/\/x.com\/bellunopress","https:\/\/www.linkedin.com\/hp\/?dnr=JBzUWaJfMUw8vbXJJ2tVW5-I3jZKvC4wsoxE&amp;amp;amp;amp;amp;amp;trk=nav_responsive_tab_home","https:\/\/www.youtube.com\/channel\/UCxL0wu1uN0_3_7hGG0306cw"]},{"@type":"Person","@id":"https:\/\/www.bellunopress.it\/#\/schema\/person\/79bb06722b37ece1c03d3e94beb30d73","name":"r\u00e9daction","image":{"@type":"ImageObject","inLanguage":"fr-FR","@id":"https:\/\/secure.gravatar.com\/avatar\/37d968a2e67a6fd04c169c4bdef102d0bc5d31b2546345219e348575eb80e9a0?s=96&d=mm&r=g","url":"https:\/\/secure.gravatar.com\/avatar\/37d968a2e67a6fd04c169c4bdef102d0bc5d31b2546345219e348575eb80e9a0?s=96&d=mm&r=g","contentUrl":"https:\/\/secure.gravatar.com\/avatar\/37d968a2e67a6fd04c169c4bdef102d0bc5d31b2546345219e348575eb80e9a0?s=96&d=mm&r=g","caption":"redazione"},"sameAs":["http:\/\/www.bellunopress.it","https:\/\/x.com\/bellunopress"],"url":"https:\/\/www.bellunopress.it\/fr\/author\/redazione\/"}]}},"_links":{"self":[{"href":"https:\/\/www.bellunopress.it\/fr\/wp-json\/wp\/v2\/posts\/166847","targetHints":{"allow":["GET"]}}],"collection":[{"href":"https:\/\/www.bellunopress.it\/fr\/wp-json\/wp\/v2\/posts"}],"about":[{"href":"https:\/\/www.bellunopress.it\/fr\/wp-json\/wp\/v2\/types\/post"}],"author":[{"embeddable":true,"href":"https:\/\/www.bellunopress.it\/fr\/wp-json\/wp\/v2\/users\/2"}],"replies":[{"embeddable":true,"href":"https:\/\/www.bellunopress.it\/fr\/wp-json\/wp\/v2\/comments?post=166847"}],"version-history":[{"count":1,"href":"https:\/\/www.bellunopress.it\/fr\/wp-json\/wp\/v2\/posts\/166847\/revisions"}],"predecessor-version":[{"id":166848,"href":"https:\/\/www.bellunopress.it\/fr\/wp-json\/wp\/v2\/posts\/166847\/revisions\/166848"}],"wp:featuredmedia":[{"embeddable":true,"href":"https:\/\/www.bellunopress.it\/fr\/wp-json\/wp\/v2\/media\/129991"}],"wp:attachment":[{"href":"https:\/\/www.bellunopress.it\/fr\/wp-json\/wp\/v2\/media?parent=166847"}],"wp:term":[{"taxonomy":"category","embeddable":true,"href":"https:\/\/www.bellunopress.it\/fr\/wp-json\/wp\/v2\/categories?post=166847"},{"taxonomy":"post_tag","embeddable":true,"href":"https:\/\/www.bellunopress.it\/fr\/wp-json\/wp\/v2\/tags?post=166847"}],"curies":[{"name":"wp","href":"https:\/\/api.w.org\/{rel}","templated":true}]}}