{"id":166825,"date":"2026-01-26T16:19:03","date_gmt":"2026-01-26T15:19:03","guid":{"rendered":"https:\/\/www.bellunopress.it\/?p=166825"},"modified":"2026-01-26T16:19:03","modified_gmt":"2026-01-26T15:19:03","slug":"la-parola-allo-sport-proseguono-le-iniziative-del-comune-di-belluno","status":"publish","type":"post","link":"https:\/\/www.bellunopress.it\/fr\/2026\/01\/26\/la-parola-allo-sport-proseguono-le-iniziative-del-comune-di-belluno\/","title":{"rendered":"La parola allo Sport. Proseguono le iniziative del Comune di Belluno"},"content":{"rendered":"<p>Il cammino di Belluno verso i Giochi Olimpici e Paralimpici di Milano Cortina 2026 continua. Archiviata l\u2019emozione del passaggio della Fiamma olimpica, celebrato domenica 25 gennaio in Piazza dei Martiri, il Comune propone ora due momenti di approfondimento dedicati alla storia e allo sviluppo degli impianti sportivi della Citt\u00e0.<\/p>\n<p>A condurre i due incontri, in programma venerd\u00ec 30 gennaio e gioved\u00ec 5 febbraio alle 18 in Sala Bianchi, sar\u00e0 l\u2019architetto Fulvio Bona, che presenter\u00e0 una ricerca condotta presso l\u2019Archivio storico comunale, basata anche sulle tavole originali di progettazione. Un lavoro che ricostruisce le fasi di ideazione, realizzazione e inserimento degli impianti sportivi nel tessuto urbano, restituendo alla cittadinanza un quadro documentato dell\u2019evoluzione della Citt\u00e0 attraverso le sue strutture sportive e, parallelamente, di adeguamento degli impianti alle nuove esigenze della comunit\u00e0.<br \/>\nLe serate avranno anche valore formativo e saranno riconosciute per l\u2019ottenimento di crediti professionali per gli iscritti all\u2019Ordine degli Architetti.<\/p>\n<p>\u201cIl percorso di avvicinamento alle Olimpiadi e Paralimpiadi di Milano Cortina non \u00e8 solo un conto alla rovescia verso un grande evento sportivo, ma un\u2019occasione preziosa per riflettere sull\u2019identit\u00e0 della nostra Citt\u00e0 e sul ruolo che lo sport ha avuto e continua ad avere nel suo sviluppo \u2013 spiega l\u2019assessore allo sport, Monica Mazzoccoli -. Con queste iniziative vogliamo valorizzare la memoria degli impianti sportivi di Belluno, raccontandone l\u2019evoluzione e il legame profondo con il tessuto urbano e sociale, ma anche guardare al futuro, alle nuove esigenze della comunit\u00e0 e alle sfide che ci attendono. Lo sport \u00e8 crescita, inclusione e cultura: accompagnare Belluno verso l\u2019appuntamento olimpico significa rafforzare questo patrimonio condiviso e renderlo consapevole, accessibile e vivo per tutta la cittadinanza\u201d.<\/p>\n<p><strong>Il primo incontro, in programma venerd\u00ec 30 gennaio<\/strong>, avr\u00e0 come tema \u201cLo stadio polisportivo di Belluno, l\u2019evoluzione di una necessit\u00e0 come motore di trasformazione urbana e specchio della memoria cittadina\u201d. Partendo dalla considerazione di come uno stadio rappresenti un\u2019infrastruttura fondamentale nella sviluppo di una citt\u00e0, di come non sia solo un impianto destinato ad ospitare le attivit\u00e0 sportive, il calcio in particolare, ma sia invece luogo di incontro e di ritrovo dove la cittadinanza si identifica in un gruppo di giocatori attraverso il tifo e l\u2019appartenenza, l\u2019incontro rifletter\u00e0 su come la scelta di costruire uno stadio polisportivo sia quasi sempre la conseguenza inevitabile di uno sviluppo urbanistico costituito da fatti storici, momenti distintivi che cambiano il destino di una citt\u00e0. Attraverso l\u2019individuazione di alcune date fondamentali, il racconto illustrer\u00e0 la crescita di Belluno dal suo impianto medievale fino alla met\u00e0 del XX secolo, e come questa crescita abbia portato alla scelta di Baldenich come sito ideale per la costruzione del Polisportivo.<\/p>\n<p><strong>Nel secondo appuntamento, di gioved\u00ec 5 febbraio,<\/strong> l\u2019Architetto parler\u00e0 de \u201cIl palasport di Belluno. La scelta di un luogo tra conferme e cambi di direzione\u201d. Il \u201cPala De Mas\u201d porta con s\u00e9 una storia di esigenze da soddisfare, scelte obbligate, opportunit\u00e0 e ripensamenti. Se la sua costruzione all\u2019ex Foro Boario appartiene ormai alla memoria storica della Citt\u00e0, ci\u00f2 che \u00e8 meno noto \u00e8 il processo che ha portato alla scelta di un sito a discapito di altre aree disponibili. Una decisione che alcuni eventi storici successivi avrebbero potuto cambiare diametralmente.<br \/>\nAttraverso disegni e documenti d\u2019epoca, l\u2019incontro dipaner\u00e0 il racconto della nascita di un impianto che ha visto crescere decine di atleti bellunesi.<br \/>\n\u201cIl cammino verso le Olimpiadi e le Paralimpiadi non \u00e8 fatto solo di grandi eventi, ma anche di occasioni di riflessione e di crescita per la comunit\u00e0 \u2013 commenta il sindaco Oscar De Pellegrin -. Lo sport, per la nostra Citt\u00e0, \u00e8 parte della storia e dell\u2019identit\u00e0 della sua comunit\u00e0. Raccontare come sono nati e si sono sviluppati i nostri impianti significa anche raccontare Belluno sotto un punto di vista nuovo, forse poco esplorato\u201d.<\/p>\n<p>Con questi appuntamenti prosegue dunque il calendario di iniziative, gi\u00e0 iniziato nel 2024 con eventi e proposte anche rivolte alle scuole, con cui il Comune di Belluno accompagna la comunit\u00e0 verso l\u2019appuntamento olimpico e paralimpico, unendo dimensione sportiva, memoria storica e riflessione sullo sviluppo urbano.<\/p>","protected":false},"excerpt":{"rendered":"<p>Il cammino di Belluno verso i Giochi Olimpici e Paralimpici di Milano Cortina 2026 continua. Archiviata l\u2019emozione del passaggio della Fiamma olimpica, celebrato domenica 25 gennaio in Piazza dei Martiri, il Comune propone ora due momenti di approfondimento dedicati alla storia e allo sviluppo degli impianti sportivi della Citt\u00e0. A condurre i due incontri, in [&hellip;]<\/p>\n","protected":false},"author":2,"featured_media":127436,"comment_status":"closed","ping_status":"open","sticky":false,"template":"","format":"standard","meta":{"footnotes":""},"categories":[27],"tags":[],"class_list":["post-166825","post","type-post","status-publish","format-standard","has-post-thumbnail","category-appuntamenti"],"yoast_head":"<!-- This site is optimized with the Yoast SEO plugin v28.4 - https:\/\/yoast.com\/product\/yoast-seo-wordpress\/ -->\n<title>La parola allo Sport. Proseguono le iniziative del Comune di Belluno - Bellunopress - Dolomiti<\/title>\n<meta name=\"robots\" content=\"index, follow, max-snippet:-1, max-image-preview:large, max-video-preview:-1\" \/>\n<link rel=\"canonical\" href=\"https:\/\/www.bellunopress.it\/fr\/2026\/01\/26\/la-parola-allo-sport-proseguono-le-iniziative-del-comune-di-belluno\/\" \/>\n<meta property=\"og:locale\" content=\"fr_FR\" \/>\n<meta property=\"og:type\" content=\"article\" \/>\n<meta property=\"og:title\" content=\"La parola allo Sport. Proseguono le iniziative del Comune di Belluno - Bellunopress - Dolomiti\" \/>\n<meta property=\"og:description\" content=\"Il cammino di Belluno verso i Giochi Olimpici e Paralimpici di Milano Cortina 2026 continua. Archiviata l\u2019emozione del passaggio della Fiamma olimpica, celebrato domenica 25 gennaio in Piazza dei Martiri, il Comune propone ora due momenti di approfondimento dedicati alla storia e allo sviluppo degli impianti sportivi della Citt\u00e0. A condurre i due incontri, in [&hellip;]\" \/>\n<meta property=\"og:url\" content=\"https:\/\/www.bellunopress.it\/fr\/2026\/01\/26\/la-parola-allo-sport-proseguono-le-iniziative-del-comune-di-belluno\/\" \/>\n<meta property=\"og:site_name\" content=\"Bellunopress - Dolomiti\" \/>\n<meta property=\"article:publisher\" content=\"https:\/\/www.facebook.com\/profile.php?id=100008943462799\" \/>\n<meta property=\"article:published_time\" content=\"2026-01-26T15:19:03+00:00\" \/>\n<meta property=\"og:image\" content=\"https:\/\/www.bellunopress.it\/wp-content\/uploads\/2021\/08\/Stadio_polisportivo_2_edited.jpg\" \/>\n\t<meta property=\"og:image:width\" content=\"800\" \/>\n\t<meta property=\"og:image:height\" content=\"399\" \/>\n\t<meta property=\"og:image:type\" content=\"image\/jpeg\" \/>\n<meta name=\"author\" content=\"redazione\" \/>\n<meta name=\"twitter:card\" content=\"summary_large_image\" \/>\n<meta name=\"twitter:creator\" content=\"@bellunopress\" \/>\n<meta name=\"twitter:site\" content=\"@bellunopress\" \/>\n<meta name=\"twitter:label1\" content=\"\u00c9crit par\" \/>\n\t<meta name=\"twitter:data1\" content=\"redazione\" \/>\n\t<meta name=\"twitter:label2\" content=\"Dur\u00e9e de lecture estim\u00e9e\" \/>\n\t<meta name=\"twitter:data2\" content=\"3 minutes\" \/>\n<script type=\"application\/ld+json\" class=\"yoast-schema-graph\">{\"@context\":\"https:\\\/\\\/schema.org\",\"@graph\":[{\"@type\":\"Article\",\"@id\":\"https:\\\/\\\/www.bellunopress.it\\\/2026\\\/01\\\/26\\\/la-parola-allo-sport-proseguono-le-iniziative-del-comune-di-belluno\\\/#article\",\"isPartOf\":{\"@id\":\"https:\\\/\\\/www.bellunopress.it\\\/2026\\\/01\\\/26\\\/la-parola-allo-sport-proseguono-le-iniziative-del-comune-di-belluno\\\/\"},\"author\":{\"name\":\"redazione\",\"@id\":\"https:\\\/\\\/www.bellunopress.it\\\/#\\\/schema\\\/person\\\/79bb06722b37ece1c03d3e94beb30d73\"},\"headline\":\"La parola allo Sport. Proseguono le iniziative del Comune di Belluno\",\"datePublished\":\"2026-01-26T15:19:03+00:00\",\"mainEntityOfPage\":{\"@id\":\"https:\\\/\\\/www.bellunopress.it\\\/2026\\\/01\\\/26\\\/la-parola-allo-sport-proseguono-le-iniziative-del-comune-di-belluno\\\/\"},\"wordCount\":681,\"publisher\":{\"@id\":\"https:\\\/\\\/www.bellunopress.it\\\/#organization\"},\"image\":{\"@id\":\"https:\\\/\\\/www.bellunopress.it\\\/2026\\\/01\\\/26\\\/la-parola-allo-sport-proseguono-le-iniziative-del-comune-di-belluno\\\/#primaryimage\"},\"thumbnailUrl\":\"https:\\\/\\\/www.bellunopress.it\\\/wp-content\\\/uploads\\\/2021\\\/08\\\/Stadio_polisportivo_2_edited.jpg\",\"articleSection\":[\"Appuntamenti, Eventi\"],\"inLanguage\":\"fr-FR\"},{\"@type\":\"WebPage\",\"@id\":\"https:\\\/\\\/www.bellunopress.it\\\/2026\\\/01\\\/26\\\/la-parola-allo-sport-proseguono-le-iniziative-del-comune-di-belluno\\\/\",\"url\":\"https:\\\/\\\/www.bellunopress.it\\\/2026\\\/01\\\/26\\\/la-parola-allo-sport-proseguono-le-iniziative-del-comune-di-belluno\\\/\",\"name\":\"La parola allo Sport. Proseguono le iniziative del Comune di Belluno - Bellunopress - Dolomiti\",\"isPartOf\":{\"@id\":\"https:\\\/\\\/www.bellunopress.it\\\/#website\"},\"primaryImageOfPage\":{\"@id\":\"https:\\\/\\\/www.bellunopress.it\\\/2026\\\/01\\\/26\\\/la-parola-allo-sport-proseguono-le-iniziative-del-comune-di-belluno\\\/#primaryimage\"},\"image\":{\"@id\":\"https:\\\/\\\/www.bellunopress.it\\\/2026\\\/01\\\/26\\\/la-parola-allo-sport-proseguono-le-iniziative-del-comune-di-belluno\\\/#primaryimage\"},\"thumbnailUrl\":\"https:\\\/\\\/www.bellunopress.it\\\/wp-content\\\/uploads\\\/2021\\\/08\\\/Stadio_polisportivo_2_edited.jpg\",\"datePublished\":\"2026-01-26T15:19:03+00:00\",\"breadcrumb\":{\"@id\":\"https:\\\/\\\/www.bellunopress.it\\\/2026\\\/01\\\/26\\\/la-parola-allo-sport-proseguono-le-iniziative-del-comune-di-belluno\\\/#breadcrumb\"},\"inLanguage\":\"fr-FR\",\"potentialAction\":[{\"@type\":\"ReadAction\",\"target\":[\"https:\\\/\\\/www.bellunopress.it\\\/2026\\\/01\\\/26\\\/la-parola-allo-sport-proseguono-le-iniziative-del-comune-di-belluno\\\/\"]}]},{\"@type\":\"ImageObject\",\"inLanguage\":\"fr-FR\",\"@id\":\"https:\\\/\\\/www.bellunopress.it\\\/2026\\\/01\\\/26\\\/la-parola-allo-sport-proseguono-le-iniziative-del-comune-di-belluno\\\/#primaryimage\",\"url\":\"https:\\\/\\\/www.bellunopress.it\\\/wp-content\\\/uploads\\\/2021\\\/08\\\/Stadio_polisportivo_2_edited.jpg\",\"contentUrl\":\"https:\\\/\\\/www.bellunopress.it\\\/wp-content\\\/uploads\\\/2021\\\/08\\\/Stadio_polisportivo_2_edited.jpg\",\"width\":800,\"height\":399,\"caption\":\"Stadio polisportivo di Belluno\"},{\"@type\":\"BreadcrumbList\",\"@id\":\"https:\\\/\\\/www.bellunopress.it\\\/2026\\\/01\\\/26\\\/la-parola-allo-sport-proseguono-le-iniziative-del-comune-di-belluno\\\/#breadcrumb\",\"itemListElement\":[{\"@type\":\"ListItem\",\"position\":1,\"name\":\"Home\",\"item\":\"https:\\\/\\\/www.bellunopress.it\\\/\"},{\"@type\":\"ListItem\",\"position\":2,\"name\":\"La parola allo Sport. Proseguono le iniziative del Comune di Belluno\"}]},{\"@type\":\"WebSite\",\"@id\":\"https:\\\/\\\/www.bellunopress.it\\\/#website\",\"url\":\"https:\\\/\\\/www.bellunopress.it\\\/\",\"name\":\"Bellunopress - Dolomiti\",\"description\":\"e-mail: redazione@bellunopress.it\",\"publisher\":{\"@id\":\"https:\\\/\\\/www.bellunopress.it\\\/#organization\"},\"potentialAction\":[{\"@type\":\"SearchAction\",\"target\":{\"@type\":\"EntryPoint\",\"urlTemplate\":\"https:\\\/\\\/www.bellunopress.it\\\/?s={search_term_string}\"},\"query-input\":{\"@type\":\"PropertyValueSpecification\",\"valueRequired\":true,\"valueName\":\"search_term_string\"}}],\"inLanguage\":\"fr-FR\"},{\"@type\":\"Organization\",\"@id\":\"https:\\\/\\\/www.bellunopress.it\\\/#organization\",\"name\":\"Bellunopress\",\"url\":\"https:\\\/\\\/www.bellunopress.it\\\/\",\"logo\":{\"@type\":\"ImageObject\",\"inLanguage\":\"fr-FR\",\"@id\":\"https:\\\/\\\/www.bellunopress.it\\\/#\\\/schema\\\/logo\\\/image\\\/\",\"url\":\"https:\\\/\\\/www.bellunopress.it\\\/wp-content\\\/uploads\\\/2011\\\/05\\\/cropped-logo-bellunopress-.jpg\",\"contentUrl\":\"https:\\\/\\\/www.bellunopress.it\\\/wp-content\\\/uploads\\\/2011\\\/05\\\/cropped-logo-bellunopress-.jpg\",\"width\":512,\"height\":512,\"caption\":\"Bellunopress\"},\"image\":{\"@id\":\"https:\\\/\\\/www.bellunopress.it\\\/#\\\/schema\\\/logo\\\/image\\\/\"},\"sameAs\":[\"https:\\\/\\\/www.facebook.com\\\/profile.php?id=100008943462799\",\"https:\\\/\\\/x.com\\\/bellunopress\",\"https:\\\/\\\/www.linkedin.com\\\/hp\\\/?dnr=JBzUWaJfMUw8vbXJJ2tVW5-I3jZKvC4wsoxE&amp;amp;amp;amp;amp;amp;trk=nav_responsive_tab_home\",\"https:\\\/\\\/www.youtube.com\\\/channel\\\/UCxL0wu1uN0_3_7hGG0306cw\"]},{\"@type\":\"Person\",\"@id\":\"https:\\\/\\\/www.bellunopress.it\\\/#\\\/schema\\\/person\\\/79bb06722b37ece1c03d3e94beb30d73\",\"name\":\"redazione\",\"image\":{\"@type\":\"ImageObject\",\"inLanguage\":\"fr-FR\",\"@id\":\"https:\\\/\\\/secure.gravatar.com\\\/avatar\\\/37d968a2e67a6fd04c169c4bdef102d0bc5d31b2546345219e348575eb80e9a0?s=96&d=mm&r=g\",\"url\":\"https:\\\/\\\/secure.gravatar.com\\\/avatar\\\/37d968a2e67a6fd04c169c4bdef102d0bc5d31b2546345219e348575eb80e9a0?s=96&d=mm&r=g\",\"contentUrl\":\"https:\\\/\\\/secure.gravatar.com\\\/avatar\\\/37d968a2e67a6fd04c169c4bdef102d0bc5d31b2546345219e348575eb80e9a0?s=96&d=mm&r=g\",\"caption\":\"redazione\"},\"sameAs\":[\"http:\\\/\\\/www.bellunopress.it\",\"https:\\\/\\\/x.com\\\/bellunopress\"],\"url\":\"https:\\\/\\\/www.bellunopress.it\\\/fr\\\/author\\\/redazione\\\/\"}]}<\/script>\n<!-- \/ Yoast SEO plugin. -->","yoast_head_json":{"title":"La parola allo Sport. Proseguono le iniziative del Comune di Belluno - Bellunopress - Dolomiti","robots":{"index":"index","follow":"follow","max-snippet":"max-snippet:-1","max-image-preview":"max-image-preview:large","max-video-preview":"max-video-preview:-1"},"canonical":"https:\/\/www.bellunopress.it\/fr\/2026\/01\/26\/la-parola-allo-sport-proseguono-le-iniziative-del-comune-di-belluno\/","og_locale":"fr_FR","og_type":"article","og_title":"La parola allo Sport. Proseguono le iniziative del Comune di Belluno - Bellunopress - Dolomiti","og_description":"Il cammino di Belluno verso i Giochi Olimpici e Paralimpici di Milano Cortina 2026 continua. Archiviata l\u2019emozione del passaggio della Fiamma olimpica, celebrato domenica 25 gennaio in Piazza dei Martiri, il Comune propone ora due momenti di approfondimento dedicati alla storia e allo sviluppo degli impianti sportivi della Citt\u00e0. A condurre i due incontri, in [&hellip;]","og_url":"https:\/\/www.bellunopress.it\/fr\/2026\/01\/26\/la-parola-allo-sport-proseguono-le-iniziative-del-comune-di-belluno\/","og_site_name":"Bellunopress - Dolomiti","article_publisher":"https:\/\/www.facebook.com\/profile.php?id=100008943462799","article_published_time":"2026-01-26T15:19:03+00:00","og_image":[{"width":800,"height":399,"url":"https:\/\/www.bellunopress.it\/wp-content\/uploads\/2021\/08\/Stadio_polisportivo_2_edited.jpg","type":"image\/jpeg"}],"author":"redazione","twitter_card":"summary_large_image","twitter_creator":"@bellunopress","twitter_site":"@bellunopress","twitter_misc":{"\u00c9crit par":"redazione","Dur\u00e9e de lecture estim\u00e9e":"3 minutes"},"schema":{"@context":"https:\/\/schema.org","@graph":[{"@type":"Article","@id":"https:\/\/www.bellunopress.it\/2026\/01\/26\/la-parola-allo-sport-proseguono-le-iniziative-del-comune-di-belluno\/#article","isPartOf":{"@id":"https:\/\/www.bellunopress.it\/2026\/01\/26\/la-parola-allo-sport-proseguono-le-iniziative-del-comune-di-belluno\/"},"author":{"name":"redazione","@id":"https:\/\/www.bellunopress.it\/#\/schema\/person\/79bb06722b37ece1c03d3e94beb30d73"},"headline":"La parola allo Sport. Proseguono le iniziative del Comune di Belluno","datePublished":"2026-01-26T15:19:03+00:00","mainEntityOfPage":{"@id":"https:\/\/www.bellunopress.it\/2026\/01\/26\/la-parola-allo-sport-proseguono-le-iniziative-del-comune-di-belluno\/"},"wordCount":681,"publisher":{"@id":"https:\/\/www.bellunopress.it\/#organization"},"image":{"@id":"https:\/\/www.bellunopress.it\/2026\/01\/26\/la-parola-allo-sport-proseguono-le-iniziative-del-comune-di-belluno\/#primaryimage"},"thumbnailUrl":"https:\/\/www.bellunopress.it\/wp-content\/uploads\/2021\/08\/Stadio_polisportivo_2_edited.jpg","articleSection":["Appuntamenti, Eventi"],"inLanguage":"fr-FR"},{"@type":"WebPage","@id":"https:\/\/www.bellunopress.it\/2026\/01\/26\/la-parola-allo-sport-proseguono-le-iniziative-del-comune-di-belluno\/","url":"https:\/\/www.bellunopress.it\/2026\/01\/26\/la-parola-allo-sport-proseguono-le-iniziative-del-comune-di-belluno\/","name":"La parola allo Sport. Proseguono le iniziative del Comune di Belluno - Bellunopress - Dolomiti","isPartOf":{"@id":"https:\/\/www.bellunopress.it\/#website"},"primaryImageOfPage":{"@id":"https:\/\/www.bellunopress.it\/2026\/01\/26\/la-parola-allo-sport-proseguono-le-iniziative-del-comune-di-belluno\/#primaryimage"},"image":{"@id":"https:\/\/www.bellunopress.it\/2026\/01\/26\/la-parola-allo-sport-proseguono-le-iniziative-del-comune-di-belluno\/#primaryimage"},"thumbnailUrl":"https:\/\/www.bellunopress.it\/wp-content\/uploads\/2021\/08\/Stadio_polisportivo_2_edited.jpg","datePublished":"2026-01-26T15:19:03+00:00","breadcrumb":{"@id":"https:\/\/www.bellunopress.it\/2026\/01\/26\/la-parola-allo-sport-proseguono-le-iniziative-del-comune-di-belluno\/#breadcrumb"},"inLanguage":"fr-FR","potentialAction":[{"@type":"ReadAction","target":["https:\/\/www.bellunopress.it\/2026\/01\/26\/la-parola-allo-sport-proseguono-le-iniziative-del-comune-di-belluno\/"]}]},{"@type":"ImageObject","inLanguage":"fr-FR","@id":"https:\/\/www.bellunopress.it\/2026\/01\/26\/la-parola-allo-sport-proseguono-le-iniziative-del-comune-di-belluno\/#primaryimage","url":"https:\/\/www.bellunopress.it\/wp-content\/uploads\/2021\/08\/Stadio_polisportivo_2_edited.jpg","contentUrl":"https:\/\/www.bellunopress.it\/wp-content\/uploads\/2021\/08\/Stadio_polisportivo_2_edited.jpg","width":800,"height":399,"caption":"Stadio polisportivo di Belluno"},{"@type":"BreadcrumbList","@id":"https:\/\/www.bellunopress.it\/2026\/01\/26\/la-parola-allo-sport-proseguono-le-iniziative-del-comune-di-belluno\/#breadcrumb","itemListElement":[{"@type":"ListItem","position":1,"name":"Home","item":"https:\/\/www.bellunopress.it\/"},{"@type":"ListItem","position":2,"name":"La parola allo Sport. Proseguono le iniziative del Comune di Belluno"}]},{"@type":"WebSite","@id":"https:\/\/www.bellunopress.it\/#website","url":"https:\/\/www.bellunopress.it\/","name":"Bellunopress - Dolomiti","description":"e-mail: redazione@bellunopress.it","publisher":{"@id":"https:\/\/www.bellunopress.it\/#organization"},"potentialAction":[{"@type":"SearchAction","target":{"@type":"EntryPoint","urlTemplate":"https:\/\/www.bellunopress.it\/?s={search_term_string}"},"query-input":{"@type":"PropertyValueSpecification","valueRequired":true,"valueName":"search_term_string"}}],"inLanguage":"fr-FR"},{"@type":"Organization","@id":"https:\/\/www.bellunopress.it\/#organization","name":"Bellunopress","url":"https:\/\/www.bellunopress.it\/","logo":{"@type":"ImageObject","inLanguage":"fr-FR","@id":"https:\/\/www.bellunopress.it\/#\/schema\/logo\/image\/","url":"https:\/\/www.bellunopress.it\/wp-content\/uploads\/2011\/05\/cropped-logo-bellunopress-.jpg","contentUrl":"https:\/\/www.bellunopress.it\/wp-content\/uploads\/2011\/05\/cropped-logo-bellunopress-.jpg","width":512,"height":512,"caption":"Bellunopress"},"image":{"@id":"https:\/\/www.bellunopress.it\/#\/schema\/logo\/image\/"},"sameAs":["https:\/\/www.facebook.com\/profile.php?id=100008943462799","https:\/\/x.com\/bellunopress","https:\/\/www.linkedin.com\/hp\/?dnr=JBzUWaJfMUw8vbXJJ2tVW5-I3jZKvC4wsoxE&amp;amp;amp;amp;amp;amp;trk=nav_responsive_tab_home","https:\/\/www.youtube.com\/channel\/UCxL0wu1uN0_3_7hGG0306cw"]},{"@type":"Person","@id":"https:\/\/www.bellunopress.it\/#\/schema\/person\/79bb06722b37ece1c03d3e94beb30d73","name":"r\u00e9daction","image":{"@type":"ImageObject","inLanguage":"fr-FR","@id":"https:\/\/secure.gravatar.com\/avatar\/37d968a2e67a6fd04c169c4bdef102d0bc5d31b2546345219e348575eb80e9a0?s=96&d=mm&r=g","url":"https:\/\/secure.gravatar.com\/avatar\/37d968a2e67a6fd04c169c4bdef102d0bc5d31b2546345219e348575eb80e9a0?s=96&d=mm&r=g","contentUrl":"https:\/\/secure.gravatar.com\/avatar\/37d968a2e67a6fd04c169c4bdef102d0bc5d31b2546345219e348575eb80e9a0?s=96&d=mm&r=g","caption":"redazione"},"sameAs":["http:\/\/www.bellunopress.it","https:\/\/x.com\/bellunopress"],"url":"https:\/\/www.bellunopress.it\/fr\/author\/redazione\/"}]}},"_links":{"self":[{"href":"https:\/\/www.bellunopress.it\/fr\/wp-json\/wp\/v2\/posts\/166825","targetHints":{"allow":["GET"]}}],"collection":[{"href":"https:\/\/www.bellunopress.it\/fr\/wp-json\/wp\/v2\/posts"}],"about":[{"href":"https:\/\/www.bellunopress.it\/fr\/wp-json\/wp\/v2\/types\/post"}],"author":[{"embeddable":true,"href":"https:\/\/www.bellunopress.it\/fr\/wp-json\/wp\/v2\/users\/2"}],"replies":[{"embeddable":true,"href":"https:\/\/www.bellunopress.it\/fr\/wp-json\/wp\/v2\/comments?post=166825"}],"version-history":[{"count":1,"href":"https:\/\/www.bellunopress.it\/fr\/wp-json\/wp\/v2\/posts\/166825\/revisions"}],"predecessor-version":[{"id":166826,"href":"https:\/\/www.bellunopress.it\/fr\/wp-json\/wp\/v2\/posts\/166825\/revisions\/166826"}],"wp:featuredmedia":[{"embeddable":true,"href":"https:\/\/www.bellunopress.it\/fr\/wp-json\/wp\/v2\/media\/127436"}],"wp:attachment":[{"href":"https:\/\/www.bellunopress.it\/fr\/wp-json\/wp\/v2\/media?parent=166825"}],"wp:term":[{"taxonomy":"category","embeddable":true,"href":"https:\/\/www.bellunopress.it\/fr\/wp-json\/wp\/v2\/categories?post=166825"},{"taxonomy":"post_tag","embeddable":true,"href":"https:\/\/www.bellunopress.it\/fr\/wp-json\/wp\/v2\/tags?post=166825"}],"curies":[{"name":"wp","href":"https:\/\/api.w.org\/{rel}","templated":true}]}}