{"id":166822,"date":"2026-01-26T15:59:21","date_gmt":"2026-01-26T14:59:21","guid":{"rendered":"https:\/\/www.bellunopress.it\/?p=166822"},"modified":"2026-01-26T15:59:21","modified_gmt":"2026-01-26T14:59:21","slug":"abarth-il-cucciolo-di-razza-maine-coon-e-il-gatto-piu-bello-del-mondo-2026","status":"publish","type":"post","link":"https:\/\/www.bellunopress.it\/fr\/2026\/01\/26\/abarth-il-cucciolo-di-razza-maine-coon-e-il-gatto-piu-bello-del-mondo-2026\/","title":{"rendered":"Abarth, il cucciolo di razza Maine Coon \u00e8 il gatto pi\u00f9 bello del mondo 2026"},"content":{"rendered":"<p><strong>A Padova, successo di pubblico e allevatori per l&#8217;Esposizione internazionale felina ENFI<\/strong><\/p>\n<p>Un fenomeno di nome e di fatto. Abarth ha sbaragliato la concorrenza, tagliando il traguardo senza rivali. Un bolide non a quattro ruote, come lascerebbe presagire il nome, ma a quattro zampe. Il gatto pi\u00f9 bello del mondo dell&#8217;Esposizione internazionale felina di Padova, che si \u00e8 conclusa ieri sera, \u00e8 un cucciolo di Maine Coon di 8 mesi. Rosso fuoco, con un manto tigrato molto evidente, raro per questo tipo di colorazione. Precisamente Red Blotche per gli esperti. Nato a Parigi da campioni statunitensi, \u00e8 arrivato in Italia ad ottobre. A casa dell&#8217;allevatore Stefano Tomasoni, di Brescia, che afferma &#8220;Trovare una genealogia cos\u00ec importante ha comportato una lunga ricerca. Ma ne siamo innamorati. Ha una bellissima corporatura e un carattere meraviglioso, ama essere coccolato e stare in braccio. \u00c8 giocherellone con tutti, anche con i giudici. Sembrava molto divertito durante l&#8217;expo&#8221;.<\/p>\n<p>Una due giorni che gli ha portato davvero fortuna. Aggiudicandosi il titolo di &#8216;Best in show&#8217; ENFI per entrambe le giornate \u00e8 gi\u00e0 diventato Junior Winner. Una futura star del regno felino.<\/p>\n<p>A Padova, l&#8217;Esposizione internazionale felina ha registrato successo di pubblico, con numerose famiglie e studenti presenti, e di allevatori. Grazie anche al format del doppio evento. Accanto all&#8217;esposizione ufficiale ENFI \u2013 Ente Nazionale Felinotecnica Italiana, il Cat Show CFA \u2013 Cat Fanciers&#8217; Association, il pi\u00f9 importante circuito felino americano. Due competizioni parallele, due giurie internazionali, due sistemi di valutazione, un&#8217;unica grande manifestazione capace di unire Europa e Stati Uniti sotto il segno dell&#8217;eccellenza felina.<\/p>\n<p>Il risultato \u00e8 stato uno spettacolo continuo, che per un intero weekend ha portato in Fiera oltre 300 gatti al giorno, cuccioli e adulti, a pelo lungo e corto, di tante razze diverse.<\/p>\n<p>&#8220;La soddisfazione \u00e8 grande, anche perch\u00e9 riscontriamo un pubblico sempre pi\u00f9 attento e desideroso di uscire dall&#8217;expo con informazioni sulla cura e il benessere animale \u2013 afferma Maria Sole Farinelli, presidente del Club Felino di Verona e organizzatrice dell&#8217;expo -. \u00c8 questo il nostro primo obiettivo: sensibilizzare le persone affinch\u00e8 gli animali che arrivano nelle nostre case siano amati e tutelati. E questo \u00e8 possibile solamente se bambini e adulti sono preparati e consapevoli dell&#8217;impegno e della responsabilit\u00e0 che si assumono. E se gli allevatori lavorano in maniera professionale, grazie alle associazioni come l&#8217;ENFI che ne certificano l&#8217;attivit\u00e0&#8221;.<\/p>\n<p>Durante le due giornate il pubblico ha assistito dal vivo alle valutazioni delle giurie ENFI e CFA, seguito le premiazioni, osservato le dinamiche delle competizioni e visitato gli stand dedicati ad alimentazione, prodotti professionali e accessori per il mondo felino.<\/p>\n<p>L&#8217;edizione 2026 \u00e8 stata organizzata dal Club Felino di Verona con E.N.F.I. \u2013 Ente Nazionale Felinotecnica Italiana, in collaborazione con Movimento Azzurro e con il patrocinio del Comune di Padova. Main sponsor della manifestazione Farmina. Partner dell&#8217;evento Tigri Domestiche.<\/p>\n<p>&nbsp;<\/p>","protected":false},"excerpt":{"rendered":"<p>A Padova, successo di pubblico e allevatori per l&#8217;Esposizione internazionale felina ENFI Un fenomeno di nome e di fatto. Abarth ha sbaragliato la concorrenza, tagliando il traguardo senza rivali. Un bolide non a quattro ruote, come lascerebbe presagire il nome, ma a quattro zampe. Il gatto pi\u00f9 bello del mondo dell&#8217;Esposizione internazionale felina di Padova, [&hellip;]<\/p>\n","protected":false},"author":2,"featured_media":166823,"comment_status":"closed","ping_status":"open","sticky":false,"template":"","format":"standard","meta":{"footnotes":""},"categories":[38],"tags":[],"class_list":["post-166822","post","type-post","status-publish","format-standard","has-post-thumbnail","category-natura-ambiente"],"yoast_head":"<!-- This site is optimized with the Yoast SEO plugin v28.4 - https:\/\/yoast.com\/product\/yoast-seo-wordpress\/ -->\n<title>Abarth, il cucciolo di razza Maine Coon \u00e8 il gatto pi\u00f9 bello del mondo 2026 - Bellunopress - Dolomiti<\/title>\n<meta name=\"robots\" content=\"index, follow, max-snippet:-1, max-image-preview:large, max-video-preview:-1\" \/>\n<link rel=\"canonical\" href=\"https:\/\/www.bellunopress.it\/fr\/2026\/01\/26\/abarth-il-cucciolo-di-razza-maine-coon-e-il-gatto-piu-bello-del-mondo-2026\/\" \/>\n<meta property=\"og:locale\" content=\"fr_FR\" \/>\n<meta property=\"og:type\" content=\"article\" \/>\n<meta property=\"og:title\" content=\"Abarth, il cucciolo di razza Maine Coon \u00e8 il gatto pi\u00f9 bello del mondo 2026 - Bellunopress - Dolomiti\" \/>\n<meta property=\"og:description\" content=\"A Padova, successo di pubblico e allevatori per l&#8217;Esposizione internazionale felina ENFI Un fenomeno di nome e di fatto. Abarth ha sbaragliato la concorrenza, tagliando il traguardo senza rivali. Un bolide non a quattro ruote, come lascerebbe presagire il nome, ma a quattro zampe. Il gatto pi\u00f9 bello del mondo dell&#8217;Esposizione internazionale felina di Padova, [&hellip;]\" \/>\n<meta property=\"og:url\" content=\"https:\/\/www.bellunopress.it\/fr\/2026\/01\/26\/abarth-il-cucciolo-di-razza-maine-coon-e-il-gatto-piu-bello-del-mondo-2026\/\" \/>\n<meta property=\"og:site_name\" content=\"Bellunopress - Dolomiti\" \/>\n<meta property=\"article:publisher\" content=\"https:\/\/www.facebook.com\/profile.php?id=100008943462799\" \/>\n<meta property=\"article:published_time\" content=\"2026-01-26T14:59:21+00:00\" \/>\n<meta property=\"og:image\" content=\"https:\/\/www.bellunopress.it\/wp-content\/uploads\/2026\/01\/Abarth.jpg\" \/>\n\t<meta property=\"og:image:width\" content=\"450\" \/>\n\t<meta property=\"og:image:height\" content=\"600\" \/>\n\t<meta property=\"og:image:type\" content=\"image\/jpeg\" \/>\n<meta name=\"author\" content=\"redazione\" \/>\n<meta name=\"twitter:card\" content=\"summary_large_image\" \/>\n<meta name=\"twitter:creator\" content=\"@bellunopress\" \/>\n<meta name=\"twitter:site\" content=\"@bellunopress\" \/>\n<meta name=\"twitter:label1\" content=\"\u00c9crit par\" \/>\n\t<meta name=\"twitter:data1\" content=\"redazione\" \/>\n\t<meta name=\"twitter:label2\" content=\"Dur\u00e9e de lecture estim\u00e9e\" \/>\n\t<meta name=\"twitter:data2\" content=\"2 minutes\" \/>\n<script type=\"application\/ld+json\" class=\"yoast-schema-graph\">{\"@context\":\"https:\\\/\\\/schema.org\",\"@graph\":[{\"@type\":\"Article\",\"@id\":\"https:\\\/\\\/www.bellunopress.it\\\/2026\\\/01\\\/26\\\/abarth-il-cucciolo-di-razza-maine-coon-e-il-gatto-piu-bello-del-mondo-2026\\\/#article\",\"isPartOf\":{\"@id\":\"https:\\\/\\\/www.bellunopress.it\\\/2026\\\/01\\\/26\\\/abarth-il-cucciolo-di-razza-maine-coon-e-il-gatto-piu-bello-del-mondo-2026\\\/\"},\"author\":{\"name\":\"redazione\",\"@id\":\"https:\\\/\\\/www.bellunopress.it\\\/#\\\/schema\\\/person\\\/79bb06722b37ece1c03d3e94beb30d73\"},\"headline\":\"Abarth, il cucciolo di razza Maine Coon \u00e8 il gatto pi\u00f9 bello del mondo 2026\",\"datePublished\":\"2026-01-26T14:59:21+00:00\",\"mainEntityOfPage\":{\"@id\":\"https:\\\/\\\/www.bellunopress.it\\\/2026\\\/01\\\/26\\\/abarth-il-cucciolo-di-razza-maine-coon-e-il-gatto-piu-bello-del-mondo-2026\\\/\"},\"wordCount\":484,\"publisher\":{\"@id\":\"https:\\\/\\\/www.bellunopress.it\\\/#organization\"},\"image\":{\"@id\":\"https:\\\/\\\/www.bellunopress.it\\\/2026\\\/01\\\/26\\\/abarth-il-cucciolo-di-razza-maine-coon-e-il-gatto-piu-bello-del-mondo-2026\\\/#primaryimage\"},\"thumbnailUrl\":\"https:\\\/\\\/www.bellunopress.it\\\/wp-content\\\/uploads\\\/2026\\\/01\\\/Abarth.jpg\",\"articleSection\":[\"Meteo, natura, ambiente, animali\"],\"inLanguage\":\"fr-FR\"},{\"@type\":\"WebPage\",\"@id\":\"https:\\\/\\\/www.bellunopress.it\\\/2026\\\/01\\\/26\\\/abarth-il-cucciolo-di-razza-maine-coon-e-il-gatto-piu-bello-del-mondo-2026\\\/\",\"url\":\"https:\\\/\\\/www.bellunopress.it\\\/2026\\\/01\\\/26\\\/abarth-il-cucciolo-di-razza-maine-coon-e-il-gatto-piu-bello-del-mondo-2026\\\/\",\"name\":\"Abarth, il cucciolo di razza Maine Coon \u00e8 il gatto pi\u00f9 bello del mondo 2026 - Bellunopress - Dolomiti\",\"isPartOf\":{\"@id\":\"https:\\\/\\\/www.bellunopress.it\\\/#website\"},\"primaryImageOfPage\":{\"@id\":\"https:\\\/\\\/www.bellunopress.it\\\/2026\\\/01\\\/26\\\/abarth-il-cucciolo-di-razza-maine-coon-e-il-gatto-piu-bello-del-mondo-2026\\\/#primaryimage\"},\"image\":{\"@id\":\"https:\\\/\\\/www.bellunopress.it\\\/2026\\\/01\\\/26\\\/abarth-il-cucciolo-di-razza-maine-coon-e-il-gatto-piu-bello-del-mondo-2026\\\/#primaryimage\"},\"thumbnailUrl\":\"https:\\\/\\\/www.bellunopress.it\\\/wp-content\\\/uploads\\\/2026\\\/01\\\/Abarth.jpg\",\"datePublished\":\"2026-01-26T14:59:21+00:00\",\"breadcrumb\":{\"@id\":\"https:\\\/\\\/www.bellunopress.it\\\/2026\\\/01\\\/26\\\/abarth-il-cucciolo-di-razza-maine-coon-e-il-gatto-piu-bello-del-mondo-2026\\\/#breadcrumb\"},\"inLanguage\":\"fr-FR\",\"potentialAction\":[{\"@type\":\"ReadAction\",\"target\":[\"https:\\\/\\\/www.bellunopress.it\\\/2026\\\/01\\\/26\\\/abarth-il-cucciolo-di-razza-maine-coon-e-il-gatto-piu-bello-del-mondo-2026\\\/\"]}]},{\"@type\":\"ImageObject\",\"inLanguage\":\"fr-FR\",\"@id\":\"https:\\\/\\\/www.bellunopress.it\\\/2026\\\/01\\\/26\\\/abarth-il-cucciolo-di-razza-maine-coon-e-il-gatto-piu-bello-del-mondo-2026\\\/#primaryimage\",\"url\":\"https:\\\/\\\/www.bellunopress.it\\\/wp-content\\\/uploads\\\/2026\\\/01\\\/Abarth.jpg\",\"contentUrl\":\"https:\\\/\\\/www.bellunopress.it\\\/wp-content\\\/uploads\\\/2026\\\/01\\\/Abarth.jpg\",\"width\":450,\"height\":600,\"caption\":\"Abarth, cucciolo Maine Coon vincitore a Padova\"},{\"@type\":\"BreadcrumbList\",\"@id\":\"https:\\\/\\\/www.bellunopress.it\\\/2026\\\/01\\\/26\\\/abarth-il-cucciolo-di-razza-maine-coon-e-il-gatto-piu-bello-del-mondo-2026\\\/#breadcrumb\",\"itemListElement\":[{\"@type\":\"ListItem\",\"position\":1,\"name\":\"Home\",\"item\":\"https:\\\/\\\/www.bellunopress.it\\\/\"},{\"@type\":\"ListItem\",\"position\":2,\"name\":\"Abarth, il cucciolo di razza Maine Coon \u00e8 il gatto pi\u00f9 bello del mondo 2026\"}]},{\"@type\":\"WebSite\",\"@id\":\"https:\\\/\\\/www.bellunopress.it\\\/#website\",\"url\":\"https:\\\/\\\/www.bellunopress.it\\\/\",\"name\":\"Bellunopress - Dolomiti\",\"description\":\"e-mail: redazione@bellunopress.it\",\"publisher\":{\"@id\":\"https:\\\/\\\/www.bellunopress.it\\\/#organization\"},\"potentialAction\":[{\"@type\":\"SearchAction\",\"target\":{\"@type\":\"EntryPoint\",\"urlTemplate\":\"https:\\\/\\\/www.bellunopress.it\\\/?s={search_term_string}\"},\"query-input\":{\"@type\":\"PropertyValueSpecification\",\"valueRequired\":true,\"valueName\":\"search_term_string\"}}],\"inLanguage\":\"fr-FR\"},{\"@type\":\"Organization\",\"@id\":\"https:\\\/\\\/www.bellunopress.it\\\/#organization\",\"name\":\"Bellunopress\",\"url\":\"https:\\\/\\\/www.bellunopress.it\\\/\",\"logo\":{\"@type\":\"ImageObject\",\"inLanguage\":\"fr-FR\",\"@id\":\"https:\\\/\\\/www.bellunopress.it\\\/#\\\/schema\\\/logo\\\/image\\\/\",\"url\":\"https:\\\/\\\/www.bellunopress.it\\\/wp-content\\\/uploads\\\/2011\\\/05\\\/cropped-logo-bellunopress-.jpg\",\"contentUrl\":\"https:\\\/\\\/www.bellunopress.it\\\/wp-content\\\/uploads\\\/2011\\\/05\\\/cropped-logo-bellunopress-.jpg\",\"width\":512,\"height\":512,\"caption\":\"Bellunopress\"},\"image\":{\"@id\":\"https:\\\/\\\/www.bellunopress.it\\\/#\\\/schema\\\/logo\\\/image\\\/\"},\"sameAs\":[\"https:\\\/\\\/www.facebook.com\\\/profile.php?id=100008943462799\",\"https:\\\/\\\/x.com\\\/bellunopress\",\"https:\\\/\\\/www.linkedin.com\\\/hp\\\/?dnr=JBzUWaJfMUw8vbXJJ2tVW5-I3jZKvC4wsoxE&amp;amp;amp;amp;amp;amp;trk=nav_responsive_tab_home\",\"https:\\\/\\\/www.youtube.com\\\/channel\\\/UCxL0wu1uN0_3_7hGG0306cw\"]},{\"@type\":\"Person\",\"@id\":\"https:\\\/\\\/www.bellunopress.it\\\/#\\\/schema\\\/person\\\/79bb06722b37ece1c03d3e94beb30d73\",\"name\":\"redazione\",\"image\":{\"@type\":\"ImageObject\",\"inLanguage\":\"fr-FR\",\"@id\":\"https:\\\/\\\/secure.gravatar.com\\\/avatar\\\/37d968a2e67a6fd04c169c4bdef102d0bc5d31b2546345219e348575eb80e9a0?s=96&d=mm&r=g\",\"url\":\"https:\\\/\\\/secure.gravatar.com\\\/avatar\\\/37d968a2e67a6fd04c169c4bdef102d0bc5d31b2546345219e348575eb80e9a0?s=96&d=mm&r=g\",\"contentUrl\":\"https:\\\/\\\/secure.gravatar.com\\\/avatar\\\/37d968a2e67a6fd04c169c4bdef102d0bc5d31b2546345219e348575eb80e9a0?s=96&d=mm&r=g\",\"caption\":\"redazione\"},\"sameAs\":[\"http:\\\/\\\/www.bellunopress.it\",\"https:\\\/\\\/x.com\\\/bellunopress\"],\"url\":\"https:\\\/\\\/www.bellunopress.it\\\/fr\\\/author\\\/redazione\\\/\"}]}<\/script>\n<!-- \/ Yoast SEO plugin. -->","yoast_head_json":{"title":"Abarth, il cucciolo di razza Maine Coon \u00e8 il gatto pi\u00f9 bello del mondo 2026 - Bellunopress - Dolomiti","robots":{"index":"index","follow":"follow","max-snippet":"max-snippet:-1","max-image-preview":"max-image-preview:large","max-video-preview":"max-video-preview:-1"},"canonical":"https:\/\/www.bellunopress.it\/fr\/2026\/01\/26\/abarth-il-cucciolo-di-razza-maine-coon-e-il-gatto-piu-bello-del-mondo-2026\/","og_locale":"fr_FR","og_type":"article","og_title":"Abarth, il cucciolo di razza Maine Coon \u00e8 il gatto pi\u00f9 bello del mondo 2026 - Bellunopress - Dolomiti","og_description":"A Padova, successo di pubblico e allevatori per l&#8217;Esposizione internazionale felina ENFI Un fenomeno di nome e di fatto. Abarth ha sbaragliato la concorrenza, tagliando il traguardo senza rivali. Un bolide non a quattro ruote, come lascerebbe presagire il nome, ma a quattro zampe. Il gatto pi\u00f9 bello del mondo dell&#8217;Esposizione internazionale felina di Padova, [&hellip;]","og_url":"https:\/\/www.bellunopress.it\/fr\/2026\/01\/26\/abarth-il-cucciolo-di-razza-maine-coon-e-il-gatto-piu-bello-del-mondo-2026\/","og_site_name":"Bellunopress - Dolomiti","article_publisher":"https:\/\/www.facebook.com\/profile.php?id=100008943462799","article_published_time":"2026-01-26T14:59:21+00:00","og_image":[{"width":450,"height":600,"url":"https:\/\/www.bellunopress.it\/wp-content\/uploads\/2026\/01\/Abarth.jpg","type":"image\/jpeg"}],"author":"redazione","twitter_card":"summary_large_image","twitter_creator":"@bellunopress","twitter_site":"@bellunopress","twitter_misc":{"\u00c9crit par":"redazione","Dur\u00e9e de lecture estim\u00e9e":"2 minutes"},"schema":{"@context":"https:\/\/schema.org","@graph":[{"@type":"Article","@id":"https:\/\/www.bellunopress.it\/2026\/01\/26\/abarth-il-cucciolo-di-razza-maine-coon-e-il-gatto-piu-bello-del-mondo-2026\/#article","isPartOf":{"@id":"https:\/\/www.bellunopress.it\/2026\/01\/26\/abarth-il-cucciolo-di-razza-maine-coon-e-il-gatto-piu-bello-del-mondo-2026\/"},"author":{"name":"redazione","@id":"https:\/\/www.bellunopress.it\/#\/schema\/person\/79bb06722b37ece1c03d3e94beb30d73"},"headline":"Abarth, il cucciolo di razza Maine Coon \u00e8 il gatto pi\u00f9 bello del mondo 2026","datePublished":"2026-01-26T14:59:21+00:00","mainEntityOfPage":{"@id":"https:\/\/www.bellunopress.it\/2026\/01\/26\/abarth-il-cucciolo-di-razza-maine-coon-e-il-gatto-piu-bello-del-mondo-2026\/"},"wordCount":484,"publisher":{"@id":"https:\/\/www.bellunopress.it\/#organization"},"image":{"@id":"https:\/\/www.bellunopress.it\/2026\/01\/26\/abarth-il-cucciolo-di-razza-maine-coon-e-il-gatto-piu-bello-del-mondo-2026\/#primaryimage"},"thumbnailUrl":"https:\/\/www.bellunopress.it\/wp-content\/uploads\/2026\/01\/Abarth.jpg","articleSection":["Meteo, natura, ambiente, animali"],"inLanguage":"fr-FR"},{"@type":"WebPage","@id":"https:\/\/www.bellunopress.it\/2026\/01\/26\/abarth-il-cucciolo-di-razza-maine-coon-e-il-gatto-piu-bello-del-mondo-2026\/","url":"https:\/\/www.bellunopress.it\/2026\/01\/26\/abarth-il-cucciolo-di-razza-maine-coon-e-il-gatto-piu-bello-del-mondo-2026\/","name":"Abarth, il cucciolo di razza Maine Coon \u00e8 il gatto pi\u00f9 bello del mondo 2026 - Bellunopress - Dolomiti","isPartOf":{"@id":"https:\/\/www.bellunopress.it\/#website"},"primaryImageOfPage":{"@id":"https:\/\/www.bellunopress.it\/2026\/01\/26\/abarth-il-cucciolo-di-razza-maine-coon-e-il-gatto-piu-bello-del-mondo-2026\/#primaryimage"},"image":{"@id":"https:\/\/www.bellunopress.it\/2026\/01\/26\/abarth-il-cucciolo-di-razza-maine-coon-e-il-gatto-piu-bello-del-mondo-2026\/#primaryimage"},"thumbnailUrl":"https:\/\/www.bellunopress.it\/wp-content\/uploads\/2026\/01\/Abarth.jpg","datePublished":"2026-01-26T14:59:21+00:00","breadcrumb":{"@id":"https:\/\/www.bellunopress.it\/2026\/01\/26\/abarth-il-cucciolo-di-razza-maine-coon-e-il-gatto-piu-bello-del-mondo-2026\/#breadcrumb"},"inLanguage":"fr-FR","potentialAction":[{"@type":"ReadAction","target":["https:\/\/www.bellunopress.it\/2026\/01\/26\/abarth-il-cucciolo-di-razza-maine-coon-e-il-gatto-piu-bello-del-mondo-2026\/"]}]},{"@type":"ImageObject","inLanguage":"fr-FR","@id":"https:\/\/www.bellunopress.it\/2026\/01\/26\/abarth-il-cucciolo-di-razza-maine-coon-e-il-gatto-piu-bello-del-mondo-2026\/#primaryimage","url":"https:\/\/www.bellunopress.it\/wp-content\/uploads\/2026\/01\/Abarth.jpg","contentUrl":"https:\/\/www.bellunopress.it\/wp-content\/uploads\/2026\/01\/Abarth.jpg","width":450,"height":600,"caption":"Abarth, cucciolo Maine Coon vincitore a Padova"},{"@type":"BreadcrumbList","@id":"https:\/\/www.bellunopress.it\/2026\/01\/26\/abarth-il-cucciolo-di-razza-maine-coon-e-il-gatto-piu-bello-del-mondo-2026\/#breadcrumb","itemListElement":[{"@type":"ListItem","position":1,"name":"Home","item":"https:\/\/www.bellunopress.it\/"},{"@type":"ListItem","position":2,"name":"Abarth, il cucciolo di razza Maine Coon \u00e8 il gatto pi\u00f9 bello del mondo 2026"}]},{"@type":"WebSite","@id":"https:\/\/www.bellunopress.it\/#website","url":"https:\/\/www.bellunopress.it\/","name":"Bellunopress - Dolomiti","description":"e-mail: redazione@bellunopress.it","publisher":{"@id":"https:\/\/www.bellunopress.it\/#organization"},"potentialAction":[{"@type":"SearchAction","target":{"@type":"EntryPoint","urlTemplate":"https:\/\/www.bellunopress.it\/?s={search_term_string}"},"query-input":{"@type":"PropertyValueSpecification","valueRequired":true,"valueName":"search_term_string"}}],"inLanguage":"fr-FR"},{"@type":"Organization","@id":"https:\/\/www.bellunopress.it\/#organization","name":"Bellunopress","url":"https:\/\/www.bellunopress.it\/","logo":{"@type":"ImageObject","inLanguage":"fr-FR","@id":"https:\/\/www.bellunopress.it\/#\/schema\/logo\/image\/","url":"https:\/\/www.bellunopress.it\/wp-content\/uploads\/2011\/05\/cropped-logo-bellunopress-.jpg","contentUrl":"https:\/\/www.bellunopress.it\/wp-content\/uploads\/2011\/05\/cropped-logo-bellunopress-.jpg","width":512,"height":512,"caption":"Bellunopress"},"image":{"@id":"https:\/\/www.bellunopress.it\/#\/schema\/logo\/image\/"},"sameAs":["https:\/\/www.facebook.com\/profile.php?id=100008943462799","https:\/\/x.com\/bellunopress","https:\/\/www.linkedin.com\/hp\/?dnr=JBzUWaJfMUw8vbXJJ2tVW5-I3jZKvC4wsoxE&amp;amp;amp;amp;amp;amp;trk=nav_responsive_tab_home","https:\/\/www.youtube.com\/channel\/UCxL0wu1uN0_3_7hGG0306cw"]},{"@type":"Person","@id":"https:\/\/www.bellunopress.it\/#\/schema\/person\/79bb06722b37ece1c03d3e94beb30d73","name":"r\u00e9daction","image":{"@type":"ImageObject","inLanguage":"fr-FR","@id":"https:\/\/secure.gravatar.com\/avatar\/37d968a2e67a6fd04c169c4bdef102d0bc5d31b2546345219e348575eb80e9a0?s=96&d=mm&r=g","url":"https:\/\/secure.gravatar.com\/avatar\/37d968a2e67a6fd04c169c4bdef102d0bc5d31b2546345219e348575eb80e9a0?s=96&d=mm&r=g","contentUrl":"https:\/\/secure.gravatar.com\/avatar\/37d968a2e67a6fd04c169c4bdef102d0bc5d31b2546345219e348575eb80e9a0?s=96&d=mm&r=g","caption":"redazione"},"sameAs":["http:\/\/www.bellunopress.it","https:\/\/x.com\/bellunopress"],"url":"https:\/\/www.bellunopress.it\/fr\/author\/redazione\/"}]}},"_links":{"self":[{"href":"https:\/\/www.bellunopress.it\/fr\/wp-json\/wp\/v2\/posts\/166822","targetHints":{"allow":["GET"]}}],"collection":[{"href":"https:\/\/www.bellunopress.it\/fr\/wp-json\/wp\/v2\/posts"}],"about":[{"href":"https:\/\/www.bellunopress.it\/fr\/wp-json\/wp\/v2\/types\/post"}],"author":[{"embeddable":true,"href":"https:\/\/www.bellunopress.it\/fr\/wp-json\/wp\/v2\/users\/2"}],"replies":[{"embeddable":true,"href":"https:\/\/www.bellunopress.it\/fr\/wp-json\/wp\/v2\/comments?post=166822"}],"version-history":[{"count":1,"href":"https:\/\/www.bellunopress.it\/fr\/wp-json\/wp\/v2\/posts\/166822\/revisions"}],"predecessor-version":[{"id":166824,"href":"https:\/\/www.bellunopress.it\/fr\/wp-json\/wp\/v2\/posts\/166822\/revisions\/166824"}],"wp:featuredmedia":[{"embeddable":true,"href":"https:\/\/www.bellunopress.it\/fr\/wp-json\/wp\/v2\/media\/166823"}],"wp:attachment":[{"href":"https:\/\/www.bellunopress.it\/fr\/wp-json\/wp\/v2\/media?parent=166822"}],"wp:term":[{"taxonomy":"category","embeddable":true,"href":"https:\/\/www.bellunopress.it\/fr\/wp-json\/wp\/v2\/categories?post=166822"},{"taxonomy":"post_tag","embeddable":true,"href":"https:\/\/www.bellunopress.it\/fr\/wp-json\/wp\/v2\/tags?post=166822"}],"curies":[{"name":"wp","href":"https:\/\/api.w.org\/{rel}","templated":true}]}}