{"id":166766,"date":"2026-01-24T19:51:01","date_gmt":"2026-01-24T18:51:01","guid":{"rendered":"https:\/\/www.bellunopress.it\/?p=166766"},"modified":"2026-01-24T19:51:40","modified_gmt":"2026-01-24T18:51:40","slug":"trasporti-tisoi-alza-la-voce-l-comune-ci-ignora-scontro-aperto-sulla-linea-lilla","status":"publish","type":"post","link":"https:\/\/www.bellunopress.it\/fr\/2026\/01\/24\/trasporti-tisoi-alza-la-voce-l-comune-ci-ignora-scontro-aperto-sulla-linea-lilla\/","title":{"rendered":"Trasporti, Tisoi alza la voce: &#8220;ll Comune ci ignora&#8221;. Scontro aperto sulla Linea Lilla"},"content":{"rendered":"<p data-path-to-node=\"3\"><b data-path-to-node=\"3\" data-index-in-node=\"0\"><img loading=\"lazy\" decoding=\"async\" class=\"aligncenter size-full wp-image-159251\" src=\"https:\/\/www.bellunopress.it\/wp-content\/uploads\/2025\/04\/Pd-Partito-Democratico-Belluno-Dolomiti.jpg\" alt=\"\" width=\"572\" height=\"251\" srcset=\"https:\/\/www.bellunopress.it\/wp-content\/uploads\/2025\/04\/Pd-Partito-Democratico-Belluno-Dolomiti.jpg 572w, https:\/\/www.bellunopress.it\/wp-content\/uploads\/2025\/04\/Pd-Partito-Democratico-Belluno-Dolomiti-500x219.jpg 500w\" sizes=\"auto, (max-width: 572px) 100vw, 572px\" \/>Oltre cinquanta cittadini si sono riuniti per discutere i disservizi di &#8220;Trillo&#8221; e il ripristino delle corse fisse. Grande assente l&#8217;Amministrazione De Pellegrin: \u00abSedia vuota mentre noi viviamo un incubo quotidiano\u00bb.<\/b><\/p>\n<p data-path-to-node=\"4\">Belluno, 24 gennaio 2026 \u2013 La sala di Tisoi era gremita, ieri sera, per l\u2019incontro \u201cDopo la Petizione\u201d, organizzato dal PD Citt\u00e0 di Belluno e dal Circolo di Mussoi. Cinquanta persone di ogni et\u00e0 si sono ritrovate per dare voce a un disagio che dura da mesi, legato a un sistema di trasporto pubblico definito dai residenti come \u00abun incubo costante\u00bb. Ma l\u2019ospite pi\u00f9 atteso, il vicesindaco e assessore ai trasporti Paolo Gamba, non si \u00e8 presentato, lasciando una sedia vuota che ha alimentato ulteriormente il malcontento.<\/p>\n<p data-path-to-node=\"6\">A soli ventiquattr\u2019ore dall\u2019incontro, l&#8217;Amministrazione aveva annunciato l&#8217;introduzione di tre corse pomeridiane. Una mossa letta dai presenti come un tentativo tardivo e insufficiente di placare gli animi. I cittadini chiedono molto di pi\u00f9: il ripristino totale della Linea Lilla con orari fissi e l\u2019integrazione del servizio a chiamata Trillo solo per le fasce orarie scoperte.<\/p>\n<p data-path-to-node=\"7\">Secondo i dati riportati, le necessit\u00e0 degli utenti si concentrano a met\u00e0 mattina (ore 11:00) e nella fascia serale (intorno alle 20:00) per permettere ai lavoratori di rientrare.<\/p>\n<blockquote data-path-to-node=\"8\">\n<h6 style=\"text-align: left;\" data-path-to-node=\"8,0\">\u00abNon si capisce perch\u00e9 a Barp e Gioz non sia possibile usare il servizio a chiamata in concomitanza con la linea fissa, come gi\u00e0 avviene per la linea Gialla\u00bb, hanno sottolineato i promotori della petizione, che ha gi\u00e0 raccolto <b data-path-to-node=\"8,0\" data-index-in-node=\"227\">1.045 firme<\/b>.<\/h6>\n<\/blockquote>\n<p data-path-to-node=\"10\">Le testimonianze raccolte durante la serata, incluse quelle di molti giovanissimi, hanno dipinto un quadro critico:<\/p>\n<ul data-path-to-node=\"11\">\n<li>\n<p data-path-to-node=\"11,0,0\">Corse saltate o in ritardo senza un numero di emergenza da contattare.<\/p>\n<\/li>\n<li>\n<p data-path-to-node=\"11,1,0\">Difficolt\u00e0 di prenotazione: necessit\u00e0 di muoversi con larghissimo anticipo.<\/p>\n<\/li>\n<li>\n<p data-path-to-node=\"11,2,0\">Paradossi logistici: pi\u00f9 mezzi contemporaneamente sullo stesso percorso ma poca disponibilit\u00e0 effettiva per l&#8217;utenza.<\/p>\n<\/li>\n<\/ul>\n<p data-path-to-node=\"12\">La consigliera comunale Maria Teresa Cassol ha ripercorso le tappe della vicenda, respingendo le accuse della maggioranza che aveva definito le richieste dei cittadini come un \u00ablibro dei sogni\u00bb. \u00abDicano ai residenti che vivono l&#8217;incubo di non poter tornare a casa che i loro sogni sono irrealistici\u00bb, \u00e8 stato il commento amaro emerso dalla sala.<\/p>\n<p data-path-to-node=\"14\">Sotto la lente d&#8217;ingrandimento \u00e8 finita anche la gestione di <b data-path-to-node=\"14\" data-index-in-node=\"61\">Dolomitibus<\/b>. Con un utile di due milioni di euro, i cittadini si chiedono dove finiscano i risparmi derivanti da un servizio che appare sempre pi\u00f9 scollegato dai bisogni reali del territorio. Resta inoltre l&#8217;incognita dell&#8217;orario estivo: le tre corse aggiuntive appena promesse rimarranno attive o spariranno con la chiusura delle scuole?<\/p>\n<p data-path-to-node=\"16\">La mobilitazione non si ferma. Al termine della serata, la consigliera Cassol ha lanciato una proposta accolta con favore dall\u2019assemblea: la convocazione di una nuova assemblea frazionale congiunta tra Tisoi e Bolzano Bellunese. Questa volta, per\u00f2, i cittadini pretendono che al tavolo siedano non solo l&#8217;Amministrazione Comunale, ma anche i vertici di Dolomitibus per un confronto diretto e trasparente.<\/p>","protected":false},"excerpt":{"rendered":"<p>Oltre cinquanta cittadini si sono riuniti per discutere i disservizi di &#8220;Trillo&#8221; e il ripristino delle corse fisse. Grande assente l&#8217;Amministrazione De Pellegrin: \u00abSedia vuota mentre noi viviamo un incubo quotidiano\u00bb. Belluno, 24 gennaio 2026 \u2013 La sala di Tisoi era gremita, ieri sera, per l\u2019incontro \u201cDopo la Petizione\u201d, organizzato dal PD Citt\u00e0 di Belluno [&hellip;]<\/p>\n","protected":false},"author":2,"featured_media":166767,"comment_status":"closed","ping_status":"open","sticky":false,"template":"","format":"standard","meta":{"footnotes":""},"categories":[5],"tags":[],"class_list":["post-166766","post","type-post","status-publish","format-standard","has-post-thumbnail","category-cronaca"],"yoast_head":"<!-- This site is optimized with the Yoast SEO plugin v28.4 - https:\/\/yoast.com\/product\/yoast-seo-wordpress\/ -->\n<title>Trasporti, Tisoi alza la voce: &quot;ll Comune ci ignora&quot;. Scontro aperto sulla Linea Lilla - Bellunopress - Dolomiti<\/title>\n<meta name=\"robots\" content=\"index, follow, max-snippet:-1, max-image-preview:large, max-video-preview:-1\" \/>\n<link rel=\"canonical\" href=\"https:\/\/www.bellunopress.it\/fr\/2026\/01\/24\/trasporti-tisoi-alza-la-voce-l-comune-ci-ignora-scontro-aperto-sulla-linea-lilla\/\" \/>\n<meta property=\"og:locale\" content=\"fr_FR\" \/>\n<meta property=\"og:type\" content=\"article\" \/>\n<meta property=\"og:title\" content=\"Trasporti, Tisoi alza la voce: &quot;ll Comune ci ignora&quot;. Scontro aperto sulla Linea Lilla - Bellunopress - Dolomiti\" \/>\n<meta property=\"og:description\" content=\"Oltre cinquanta cittadini si sono riuniti per discutere i disservizi di &#8220;Trillo&#8221; e il ripristino delle corse fisse. Grande assente l&#8217;Amministrazione De Pellegrin: \u00abSedia vuota mentre noi viviamo un incubo quotidiano\u00bb. Belluno, 24 gennaio 2026 \u2013 La sala di Tisoi era gremita, ieri sera, per l\u2019incontro \u201cDopo la Petizione\u201d, organizzato dal PD Citt\u00e0 di Belluno [&hellip;]\" \/>\n<meta property=\"og:url\" content=\"https:\/\/www.bellunopress.it\/fr\/2026\/01\/24\/trasporti-tisoi-alza-la-voce-l-comune-ci-ignora-scontro-aperto-sulla-linea-lilla\/\" \/>\n<meta property=\"og:site_name\" content=\"Bellunopress - Dolomiti\" \/>\n<meta property=\"article:publisher\" content=\"https:\/\/www.facebook.com\/profile.php?id=100008943462799\" \/>\n<meta property=\"article:published_time\" content=\"2026-01-24T18:51:01+00:00\" \/>\n<meta property=\"article:modified_time\" content=\"2026-01-24T18:51:40+00:00\" \/>\n<meta property=\"og:image\" content=\"https:\/\/www.bellunopress.it\/wp-content\/uploads\/2026\/01\/assemblea-pd-Tisoi-Linea-Lilla.jpeg\" \/>\n\t<meta property=\"og:image:width\" content=\"600\" \/>\n\t<meta property=\"og:image:height\" content=\"604\" \/>\n\t<meta property=\"og:image:type\" content=\"image\/jpeg\" \/>\n<meta name=\"author\" content=\"redazione\" \/>\n<meta name=\"twitter:card\" content=\"summary_large_image\" \/>\n<meta name=\"twitter:creator\" content=\"@bellunopress\" \/>\n<meta name=\"twitter:site\" content=\"@bellunopress\" \/>\n<meta name=\"twitter:label1\" content=\"\u00c9crit par\" \/>\n\t<meta name=\"twitter:data1\" content=\"redazione\" \/>\n\t<meta name=\"twitter:label2\" content=\"Dur\u00e9e de lecture estim\u00e9e\" \/>\n\t<meta name=\"twitter:data2\" content=\"2 minutes\" \/>\n<script type=\"application\/ld+json\" class=\"yoast-schema-graph\">{\"@context\":\"https:\\\/\\\/schema.org\",\"@graph\":[{\"@type\":\"Article\",\"@id\":\"https:\\\/\\\/www.bellunopress.it\\\/2026\\\/01\\\/24\\\/trasporti-tisoi-alza-la-voce-l-comune-ci-ignora-scontro-aperto-sulla-linea-lilla\\\/#article\",\"isPartOf\":{\"@id\":\"https:\\\/\\\/www.bellunopress.it\\\/2026\\\/01\\\/24\\\/trasporti-tisoi-alza-la-voce-l-comune-ci-ignora-scontro-aperto-sulla-linea-lilla\\\/\"},\"author\":{\"name\":\"redazione\",\"@id\":\"https:\\\/\\\/www.bellunopress.it\\\/#\\\/schema\\\/person\\\/79bb06722b37ece1c03d3e94beb30d73\"},\"headline\":\"Trasporti, Tisoi alza la voce: &#8220;ll Comune ci ignora&#8221;. Scontro aperto sulla Linea Lilla\",\"datePublished\":\"2026-01-24T18:51:01+00:00\",\"dateModified\":\"2026-01-24T18:51:40+00:00\",\"mainEntityOfPage\":{\"@id\":\"https:\\\/\\\/www.bellunopress.it\\\/2026\\\/01\\\/24\\\/trasporti-tisoi-alza-la-voce-l-comune-ci-ignora-scontro-aperto-sulla-linea-lilla\\\/\"},\"wordCount\":488,\"publisher\":{\"@id\":\"https:\\\/\\\/www.bellunopress.it\\\/#organization\"},\"image\":{\"@id\":\"https:\\\/\\\/www.bellunopress.it\\\/2026\\\/01\\\/24\\\/trasporti-tisoi-alza-la-voce-l-comune-ci-ignora-scontro-aperto-sulla-linea-lilla\\\/#primaryimage\"},\"thumbnailUrl\":\"https:\\\/\\\/www.bellunopress.it\\\/wp-content\\\/uploads\\\/2026\\\/01\\\/assemblea-pd-Tisoi-Linea-Lilla.jpeg\",\"articleSection\":[\"Cronaca\\\/Politica\"],\"inLanguage\":\"fr-FR\"},{\"@type\":\"WebPage\",\"@id\":\"https:\\\/\\\/www.bellunopress.it\\\/2026\\\/01\\\/24\\\/trasporti-tisoi-alza-la-voce-l-comune-ci-ignora-scontro-aperto-sulla-linea-lilla\\\/\",\"url\":\"https:\\\/\\\/www.bellunopress.it\\\/2026\\\/01\\\/24\\\/trasporti-tisoi-alza-la-voce-l-comune-ci-ignora-scontro-aperto-sulla-linea-lilla\\\/\",\"name\":\"Trasporti, Tisoi alza la voce: \\\"ll Comune ci ignora\\\". Scontro aperto sulla Linea Lilla - Bellunopress - Dolomiti\",\"isPartOf\":{\"@id\":\"https:\\\/\\\/www.bellunopress.it\\\/#website\"},\"primaryImageOfPage\":{\"@id\":\"https:\\\/\\\/www.bellunopress.it\\\/2026\\\/01\\\/24\\\/trasporti-tisoi-alza-la-voce-l-comune-ci-ignora-scontro-aperto-sulla-linea-lilla\\\/#primaryimage\"},\"image\":{\"@id\":\"https:\\\/\\\/www.bellunopress.it\\\/2026\\\/01\\\/24\\\/trasporti-tisoi-alza-la-voce-l-comune-ci-ignora-scontro-aperto-sulla-linea-lilla\\\/#primaryimage\"},\"thumbnailUrl\":\"https:\\\/\\\/www.bellunopress.it\\\/wp-content\\\/uploads\\\/2026\\\/01\\\/assemblea-pd-Tisoi-Linea-Lilla.jpeg\",\"datePublished\":\"2026-01-24T18:51:01+00:00\",\"dateModified\":\"2026-01-24T18:51:40+00:00\",\"breadcrumb\":{\"@id\":\"https:\\\/\\\/www.bellunopress.it\\\/2026\\\/01\\\/24\\\/trasporti-tisoi-alza-la-voce-l-comune-ci-ignora-scontro-aperto-sulla-linea-lilla\\\/#breadcrumb\"},\"inLanguage\":\"fr-FR\",\"potentialAction\":[{\"@type\":\"ReadAction\",\"target\":[\"https:\\\/\\\/www.bellunopress.it\\\/2026\\\/01\\\/24\\\/trasporti-tisoi-alza-la-voce-l-comune-ci-ignora-scontro-aperto-sulla-linea-lilla\\\/\"]}]},{\"@type\":\"ImageObject\",\"inLanguage\":\"fr-FR\",\"@id\":\"https:\\\/\\\/www.bellunopress.it\\\/2026\\\/01\\\/24\\\/trasporti-tisoi-alza-la-voce-l-comune-ci-ignora-scontro-aperto-sulla-linea-lilla\\\/#primaryimage\",\"url\":\"https:\\\/\\\/www.bellunopress.it\\\/wp-content\\\/uploads\\\/2026\\\/01\\\/assemblea-pd-Tisoi-Linea-Lilla.jpeg\",\"contentUrl\":\"https:\\\/\\\/www.bellunopress.it\\\/wp-content\\\/uploads\\\/2026\\\/01\\\/assemblea-pd-Tisoi-Linea-Lilla.jpeg\",\"width\":600,\"height\":604},{\"@type\":\"BreadcrumbList\",\"@id\":\"https:\\\/\\\/www.bellunopress.it\\\/2026\\\/01\\\/24\\\/trasporti-tisoi-alza-la-voce-l-comune-ci-ignora-scontro-aperto-sulla-linea-lilla\\\/#breadcrumb\",\"itemListElement\":[{\"@type\":\"ListItem\",\"position\":1,\"name\":\"Home\",\"item\":\"https:\\\/\\\/www.bellunopress.it\\\/\"},{\"@type\":\"ListItem\",\"position\":2,\"name\":\"Trasporti, Tisoi alza la voce: &#8220;ll Comune ci ignora&#8221;. Scontro aperto sulla Linea Lilla\"}]},{\"@type\":\"WebSite\",\"@id\":\"https:\\\/\\\/www.bellunopress.it\\\/#website\",\"url\":\"https:\\\/\\\/www.bellunopress.it\\\/\",\"name\":\"Bellunopress - Dolomiti\",\"description\":\"e-mail: redazione@bellunopress.it\",\"publisher\":{\"@id\":\"https:\\\/\\\/www.bellunopress.it\\\/#organization\"},\"potentialAction\":[{\"@type\":\"SearchAction\",\"target\":{\"@type\":\"EntryPoint\",\"urlTemplate\":\"https:\\\/\\\/www.bellunopress.it\\\/?s={search_term_string}\"},\"query-input\":{\"@type\":\"PropertyValueSpecification\",\"valueRequired\":true,\"valueName\":\"search_term_string\"}}],\"inLanguage\":\"fr-FR\"},{\"@type\":\"Organization\",\"@id\":\"https:\\\/\\\/www.bellunopress.it\\\/#organization\",\"name\":\"Bellunopress\",\"url\":\"https:\\\/\\\/www.bellunopress.it\\\/\",\"logo\":{\"@type\":\"ImageObject\",\"inLanguage\":\"fr-FR\",\"@id\":\"https:\\\/\\\/www.bellunopress.it\\\/#\\\/schema\\\/logo\\\/image\\\/\",\"url\":\"https:\\\/\\\/www.bellunopress.it\\\/wp-content\\\/uploads\\\/2011\\\/05\\\/cropped-logo-bellunopress-.jpg\",\"contentUrl\":\"https:\\\/\\\/www.bellunopress.it\\\/wp-content\\\/uploads\\\/2011\\\/05\\\/cropped-logo-bellunopress-.jpg\",\"width\":512,\"height\":512,\"caption\":\"Bellunopress\"},\"image\":{\"@id\":\"https:\\\/\\\/www.bellunopress.it\\\/#\\\/schema\\\/logo\\\/image\\\/\"},\"sameAs\":[\"https:\\\/\\\/www.facebook.com\\\/profile.php?id=100008943462799\",\"https:\\\/\\\/x.com\\\/bellunopress\",\"https:\\\/\\\/www.linkedin.com\\\/hp\\\/?dnr=JBzUWaJfMUw8vbXJJ2tVW5-I3jZKvC4wsoxE&amp;amp;amp;amp;amp;amp;trk=nav_responsive_tab_home\",\"https:\\\/\\\/www.youtube.com\\\/channel\\\/UCxL0wu1uN0_3_7hGG0306cw\"]},{\"@type\":\"Person\",\"@id\":\"https:\\\/\\\/www.bellunopress.it\\\/#\\\/schema\\\/person\\\/79bb06722b37ece1c03d3e94beb30d73\",\"name\":\"redazione\",\"image\":{\"@type\":\"ImageObject\",\"inLanguage\":\"fr-FR\",\"@id\":\"https:\\\/\\\/secure.gravatar.com\\\/avatar\\\/37d968a2e67a6fd04c169c4bdef102d0bc5d31b2546345219e348575eb80e9a0?s=96&d=mm&r=g\",\"url\":\"https:\\\/\\\/secure.gravatar.com\\\/avatar\\\/37d968a2e67a6fd04c169c4bdef102d0bc5d31b2546345219e348575eb80e9a0?s=96&d=mm&r=g\",\"contentUrl\":\"https:\\\/\\\/secure.gravatar.com\\\/avatar\\\/37d968a2e67a6fd04c169c4bdef102d0bc5d31b2546345219e348575eb80e9a0?s=96&d=mm&r=g\",\"caption\":\"redazione\"},\"sameAs\":[\"http:\\\/\\\/www.bellunopress.it\",\"https:\\\/\\\/x.com\\\/bellunopress\"],\"url\":\"https:\\\/\\\/www.bellunopress.it\\\/fr\\\/author\\\/redazione\\\/\"}]}<\/script>\n<!-- \/ Yoast SEO plugin. -->","yoast_head_json":{"title":"Trasporti, Tisoi alza la voce: \"ll Comune ci ignora\". Scontro aperto sulla Linea Lilla - Bellunopress - Dolomiti","robots":{"index":"index","follow":"follow","max-snippet":"max-snippet:-1","max-image-preview":"max-image-preview:large","max-video-preview":"max-video-preview:-1"},"canonical":"https:\/\/www.bellunopress.it\/fr\/2026\/01\/24\/trasporti-tisoi-alza-la-voce-l-comune-ci-ignora-scontro-aperto-sulla-linea-lilla\/","og_locale":"fr_FR","og_type":"article","og_title":"Trasporti, Tisoi alza la voce: \"ll Comune ci ignora\". Scontro aperto sulla Linea Lilla - Bellunopress - Dolomiti","og_description":"Oltre cinquanta cittadini si sono riuniti per discutere i disservizi di &#8220;Trillo&#8221; e il ripristino delle corse fisse. Grande assente l&#8217;Amministrazione De Pellegrin: \u00abSedia vuota mentre noi viviamo un incubo quotidiano\u00bb. Belluno, 24 gennaio 2026 \u2013 La sala di Tisoi era gremita, ieri sera, per l\u2019incontro \u201cDopo la Petizione\u201d, organizzato dal PD Citt\u00e0 di Belluno [&hellip;]","og_url":"https:\/\/www.bellunopress.it\/fr\/2026\/01\/24\/trasporti-tisoi-alza-la-voce-l-comune-ci-ignora-scontro-aperto-sulla-linea-lilla\/","og_site_name":"Bellunopress - Dolomiti","article_publisher":"https:\/\/www.facebook.com\/profile.php?id=100008943462799","article_published_time":"2026-01-24T18:51:01+00:00","article_modified_time":"2026-01-24T18:51:40+00:00","og_image":[{"width":600,"height":604,"url":"https:\/\/www.bellunopress.it\/wp-content\/uploads\/2026\/01\/assemblea-pd-Tisoi-Linea-Lilla.jpeg","type":"image\/jpeg"}],"author":"redazione","twitter_card":"summary_large_image","twitter_creator":"@bellunopress","twitter_site":"@bellunopress","twitter_misc":{"\u00c9crit par":"redazione","Dur\u00e9e de lecture estim\u00e9e":"2 minutes"},"schema":{"@context":"https:\/\/schema.org","@graph":[{"@type":"Article","@id":"https:\/\/www.bellunopress.it\/2026\/01\/24\/trasporti-tisoi-alza-la-voce-l-comune-ci-ignora-scontro-aperto-sulla-linea-lilla\/#article","isPartOf":{"@id":"https:\/\/www.bellunopress.it\/2026\/01\/24\/trasporti-tisoi-alza-la-voce-l-comune-ci-ignora-scontro-aperto-sulla-linea-lilla\/"},"author":{"name":"redazione","@id":"https:\/\/www.bellunopress.it\/#\/schema\/person\/79bb06722b37ece1c03d3e94beb30d73"},"headline":"Trasporti, Tisoi alza la voce: &#8220;ll Comune ci ignora&#8221;. Scontro aperto sulla Linea Lilla","datePublished":"2026-01-24T18:51:01+00:00","dateModified":"2026-01-24T18:51:40+00:00","mainEntityOfPage":{"@id":"https:\/\/www.bellunopress.it\/2026\/01\/24\/trasporti-tisoi-alza-la-voce-l-comune-ci-ignora-scontro-aperto-sulla-linea-lilla\/"},"wordCount":488,"publisher":{"@id":"https:\/\/www.bellunopress.it\/#organization"},"image":{"@id":"https:\/\/www.bellunopress.it\/2026\/01\/24\/trasporti-tisoi-alza-la-voce-l-comune-ci-ignora-scontro-aperto-sulla-linea-lilla\/#primaryimage"},"thumbnailUrl":"https:\/\/www.bellunopress.it\/wp-content\/uploads\/2026\/01\/assemblea-pd-Tisoi-Linea-Lilla.jpeg","articleSection":["Cronaca\/Politica"],"inLanguage":"fr-FR"},{"@type":"WebPage","@id":"https:\/\/www.bellunopress.it\/2026\/01\/24\/trasporti-tisoi-alza-la-voce-l-comune-ci-ignora-scontro-aperto-sulla-linea-lilla\/","url":"https:\/\/www.bellunopress.it\/2026\/01\/24\/trasporti-tisoi-alza-la-voce-l-comune-ci-ignora-scontro-aperto-sulla-linea-lilla\/","name":"Trasporti, Tisoi alza la voce: \"ll Comune ci ignora\". Scontro aperto sulla Linea Lilla - Bellunopress - Dolomiti","isPartOf":{"@id":"https:\/\/www.bellunopress.it\/#website"},"primaryImageOfPage":{"@id":"https:\/\/www.bellunopress.it\/2026\/01\/24\/trasporti-tisoi-alza-la-voce-l-comune-ci-ignora-scontro-aperto-sulla-linea-lilla\/#primaryimage"},"image":{"@id":"https:\/\/www.bellunopress.it\/2026\/01\/24\/trasporti-tisoi-alza-la-voce-l-comune-ci-ignora-scontro-aperto-sulla-linea-lilla\/#primaryimage"},"thumbnailUrl":"https:\/\/www.bellunopress.it\/wp-content\/uploads\/2026\/01\/assemblea-pd-Tisoi-Linea-Lilla.jpeg","datePublished":"2026-01-24T18:51:01+00:00","dateModified":"2026-01-24T18:51:40+00:00","breadcrumb":{"@id":"https:\/\/www.bellunopress.it\/2026\/01\/24\/trasporti-tisoi-alza-la-voce-l-comune-ci-ignora-scontro-aperto-sulla-linea-lilla\/#breadcrumb"},"inLanguage":"fr-FR","potentialAction":[{"@type":"ReadAction","target":["https:\/\/www.bellunopress.it\/2026\/01\/24\/trasporti-tisoi-alza-la-voce-l-comune-ci-ignora-scontro-aperto-sulla-linea-lilla\/"]}]},{"@type":"ImageObject","inLanguage":"fr-FR","@id":"https:\/\/www.bellunopress.it\/2026\/01\/24\/trasporti-tisoi-alza-la-voce-l-comune-ci-ignora-scontro-aperto-sulla-linea-lilla\/#primaryimage","url":"https:\/\/www.bellunopress.it\/wp-content\/uploads\/2026\/01\/assemblea-pd-Tisoi-Linea-Lilla.jpeg","contentUrl":"https:\/\/www.bellunopress.it\/wp-content\/uploads\/2026\/01\/assemblea-pd-Tisoi-Linea-Lilla.jpeg","width":600,"height":604},{"@type":"BreadcrumbList","@id":"https:\/\/www.bellunopress.it\/2026\/01\/24\/trasporti-tisoi-alza-la-voce-l-comune-ci-ignora-scontro-aperto-sulla-linea-lilla\/#breadcrumb","itemListElement":[{"@type":"ListItem","position":1,"name":"Home","item":"https:\/\/www.bellunopress.it\/"},{"@type":"ListItem","position":2,"name":"Trasporti, Tisoi alza la voce: &#8220;ll Comune ci ignora&#8221;. Scontro aperto sulla Linea Lilla"}]},{"@type":"WebSite","@id":"https:\/\/www.bellunopress.it\/#website","url":"https:\/\/www.bellunopress.it\/","name":"Bellunopress - Dolomiti","description":"e-mail: redazione@bellunopress.it","publisher":{"@id":"https:\/\/www.bellunopress.it\/#organization"},"potentialAction":[{"@type":"SearchAction","target":{"@type":"EntryPoint","urlTemplate":"https:\/\/www.bellunopress.it\/?s={search_term_string}"},"query-input":{"@type":"PropertyValueSpecification","valueRequired":true,"valueName":"search_term_string"}}],"inLanguage":"fr-FR"},{"@type":"Organization","@id":"https:\/\/www.bellunopress.it\/#organization","name":"Bellunopress","url":"https:\/\/www.bellunopress.it\/","logo":{"@type":"ImageObject","inLanguage":"fr-FR","@id":"https:\/\/www.bellunopress.it\/#\/schema\/logo\/image\/","url":"https:\/\/www.bellunopress.it\/wp-content\/uploads\/2011\/05\/cropped-logo-bellunopress-.jpg","contentUrl":"https:\/\/www.bellunopress.it\/wp-content\/uploads\/2011\/05\/cropped-logo-bellunopress-.jpg","width":512,"height":512,"caption":"Bellunopress"},"image":{"@id":"https:\/\/www.bellunopress.it\/#\/schema\/logo\/image\/"},"sameAs":["https:\/\/www.facebook.com\/profile.php?id=100008943462799","https:\/\/x.com\/bellunopress","https:\/\/www.linkedin.com\/hp\/?dnr=JBzUWaJfMUw8vbXJJ2tVW5-I3jZKvC4wsoxE&amp;amp;amp;amp;amp;amp;trk=nav_responsive_tab_home","https:\/\/www.youtube.com\/channel\/UCxL0wu1uN0_3_7hGG0306cw"]},{"@type":"Person","@id":"https:\/\/www.bellunopress.it\/#\/schema\/person\/79bb06722b37ece1c03d3e94beb30d73","name":"r\u00e9daction","image":{"@type":"ImageObject","inLanguage":"fr-FR","@id":"https:\/\/secure.gravatar.com\/avatar\/37d968a2e67a6fd04c169c4bdef102d0bc5d31b2546345219e348575eb80e9a0?s=96&d=mm&r=g","url":"https:\/\/secure.gravatar.com\/avatar\/37d968a2e67a6fd04c169c4bdef102d0bc5d31b2546345219e348575eb80e9a0?s=96&d=mm&r=g","contentUrl":"https:\/\/secure.gravatar.com\/avatar\/37d968a2e67a6fd04c169c4bdef102d0bc5d31b2546345219e348575eb80e9a0?s=96&d=mm&r=g","caption":"redazione"},"sameAs":["http:\/\/www.bellunopress.it","https:\/\/x.com\/bellunopress"],"url":"https:\/\/www.bellunopress.it\/fr\/author\/redazione\/"}]}},"_links":{"self":[{"href":"https:\/\/www.bellunopress.it\/fr\/wp-json\/wp\/v2\/posts\/166766","targetHints":{"allow":["GET"]}}],"collection":[{"href":"https:\/\/www.bellunopress.it\/fr\/wp-json\/wp\/v2\/posts"}],"about":[{"href":"https:\/\/www.bellunopress.it\/fr\/wp-json\/wp\/v2\/types\/post"}],"author":[{"embeddable":true,"href":"https:\/\/www.bellunopress.it\/fr\/wp-json\/wp\/v2\/users\/2"}],"replies":[{"embeddable":true,"href":"https:\/\/www.bellunopress.it\/fr\/wp-json\/wp\/v2\/comments?post=166766"}],"version-history":[{"count":2,"href":"https:\/\/www.bellunopress.it\/fr\/wp-json\/wp\/v2\/posts\/166766\/revisions"}],"predecessor-version":[{"id":166769,"href":"https:\/\/www.bellunopress.it\/fr\/wp-json\/wp\/v2\/posts\/166766\/revisions\/166769"}],"wp:featuredmedia":[{"embeddable":true,"href":"https:\/\/www.bellunopress.it\/fr\/wp-json\/wp\/v2\/media\/166767"}],"wp:attachment":[{"href":"https:\/\/www.bellunopress.it\/fr\/wp-json\/wp\/v2\/media?parent=166766"}],"wp:term":[{"taxonomy":"category","embeddable":true,"href":"https:\/\/www.bellunopress.it\/fr\/wp-json\/wp\/v2\/categories?post=166766"},{"taxonomy":"post_tag","embeddable":true,"href":"https:\/\/www.bellunopress.it\/fr\/wp-json\/wp\/v2\/tags?post=166766"}],"curies":[{"name":"wp","href":"https:\/\/api.w.org\/{rel}","templated":true}]}}