{"id":166762,"date":"2026-01-24T15:22:53","date_gmt":"2026-01-24T14:22:53","guid":{"rendered":"https:\/\/www.bellunopress.it\/?p=166762"},"modified":"2026-01-24T15:24:26","modified_gmt":"2026-01-24T14:24:26","slug":"specificita-della-provincia-di-belluno-il-consigliere-bortoluzzi-chiede-un-incontro-allassessore-bond-su-8-punti-cardine","status":"publish","type":"post","link":"https:\/\/www.bellunopress.it\/fr\/2026\/01\/24\/specificita-della-provincia-di-belluno-il-consigliere-bortoluzzi-chiede-un-incontro-allassessore-bond-su-8-punti-cardine\/","title":{"rendered":"Specificit\u00e0 della Provincia di Belluno. Il consigliere Bortoluzzi chiede un incontro all&#8217;assessore Bond su 8 punti cardine"},"content":{"rendered":"<figure id=\"attachment_165777\" aria-describedby=\"caption-attachment-165777\" style=\"width: 775px\" class=\"wp-caption aligncenter\"><img loading=\"lazy\" decoding=\"async\" class=\"size-full wp-image-165777\" src=\"https:\/\/www.bellunopress.it\/wp-content\/uploads\/2025\/12\/Dario-Bond_edited.jpg\" alt=\"\" width=\"775\" height=\"800\" srcset=\"https:\/\/www.bellunopress.it\/wp-content\/uploads\/2025\/12\/Dario-Bond_edited.jpg 775w, https:\/\/www.bellunopress.it\/wp-content\/uploads\/2025\/12\/Dario-Bond_edited-484x500.jpg 484w, https:\/\/www.bellunopress.it\/wp-content\/uploads\/2025\/12\/Dario-Bond_edited-407x420.jpg 407w, https:\/\/www.bellunopress.it\/wp-content\/uploads\/2025\/12\/Dario-Bond_edited-696x718.jpg 696w\" sizes=\"auto, (max-width: 775px) 100vw, 775px\" \/><figcaption id=\"caption-attachment-165777\" class=\"wp-caption-text\">Dario Bond, assessore regionale<\/figcaption><\/figure>\n<p>Egregio Assessore Dario Bond,<br \/>\ndesidero innanzitutto esprimerLe le mie pi\u00f9 vive congratulazioni per la nomina ad Assessore alla Montagna della Regione Veneto. La sua profonda conoscenza del territorio bellunese e delle sue criticit\u00e0 rappresenta una garanzia per tutti i nostri cittadini; sono certo che il suo impegno sar\u00e0 determinante per dare voce alle istanze di una provincia che, per morfologia e complessit\u00e0, richiede un\u2019attenzione d\u2019eccezione.<br \/>\nIn qualit\u00e0 di Consigliere Delegato della Provincia di Belluno con deleghe al Demanio idrico,<br \/>\nTrasporti, Protezione Civile, Difesa del suolo, Reti elettriche e Trasporto Olimpico, sono a richiede un incontro urgente per definire un\u2019agenda di lavoro comune. \u00c8 fondamentale che la Legge Regionale 25\/2014 e lo Statuto del Veneto non restino dichiarazioni d\u2019intento, ma trovino piena attuazione, riconoscendo a Belluno quella specificit\u00e0 amministrativa e gestionale che le spetta.<\/p>\n<p><strong>Di seguito i punti cardine che intendo sottoporre alla sua attenzione:<\/strong><\/p>\n<p><strong>1. Grandi Derivazioni Idroelettriche e Autonomia Energetica (Scadenza 2029)<\/strong><br \/>\nIn vista della scadenza delle concessioni nel 2029 e del passaggio della propriet\u00e0 degli<br \/>\nimpianti alla Regione, \u00e8 essenziale garantire un ruolo attivo al territorio bellunese attraverso la partecipazione diretta della Provincia di Belluno ai momenti decisionali relativi al modello di gestione e alle successive fasi operative. Dato l\u2019esteso sfruttamento delle nostre acque a scopi energetici, \u00e8 necessario che la Provincia si possa esprimere in modo vincolante rispetto alle scelte da fare e che siano mantenuti integralmente gli attuali benefici economici diretti, affinch\u00e9 le popolazioni locali e i territori siano risarciti della subita sottrazione idrica e si attuino le necessarie azioni per contrastare lo spopolamento.<\/p>\n<p><strong>2. Canoni Idrici e Contenziosi con i Grandi Concessionari<\/strong><br \/>\n\u00c8 necessario confrontarsi, anche a livello politico, sui ricorsi pendenti riguardanti l\u2019aumento<br \/>\ndella quota fissa di concessione e l\u2019introduzione della quota variabile. Ad oggi, il contenzioso in essere, promosso da ENEL, \u00e8 causa del mancato versamento delle somme legittimamente spettanti alla Provincia, e della mancata corresponsione della\u00a0 monetizzazione degli extra canoni a favore del territorio e della popolazione. Le chiedo quindi di definire una comune strategia di intervento presso ENEL per superare questa situazione.<\/p>\n<p><strong>3. Difesa del Suolo, Demanio Idrico e Potenziamento Organico<\/strong><br \/>\nIl nostro ufficio Difesa del Suolo dispone attualmente di sole due figure tecniche e,<br \/>\ncomplessivamente, la gestione delle funzioni delegate in materia di Demanio Idrico e Difesa del Suolo risente pesantemente del mancato turn over del personale, in parte riassorbito dalla Regione a partire dalla \u201criforma\u201d Del Rio e in parte cessato dal servizio senza sostituzione. La fragilit\u00e0 del territorio, il rischio siccit\u00e0 e le normative a esso associate richiedono che questa Provincia abbia le professionalit\u00e0 necessarie per garantire la possibilit\u00e0 di utilizzare la risorsa idrica ma anche la sua sostenibilit\u00e0 rispetto<br \/>\nalle esigenze complessive e, senza dubbio, la capacit\u00e0 strategica e operativa di prevenire o<br \/>\nfronteggiare le emergenze del territorio. Le chiedo quindi di condividere un impegno reciproco in cui la Provincia sia autorizzata ad assumere, a tempo indeterminato, il personale specializzato necessario, utilizzando i canoni idrici che gi\u00e0 incassa, oltre che valorizzare il personale gi\u00e0 impiegato. La Regione, dal canto suo, a tutela della preparazione professionale maturata e a garanzia economica dei lavoratori\/persone, dovrebbe assicurare la permanenza in servizio dei dipendenti anche in caso di<br \/>\nfuturi riassetti delle deleghe.<\/p>\n<p><strong>4. Trasporto Pubblico Locale e Agenzie di Bacino<\/strong><br \/>\nSulla costituzione delle nuove Agenzie per il trasporto, Belluno rivendica la propria<br \/>\nautonomia e specificit\u00e0 territoriale. Non possiamo accettare accorpamenti con realt\u00e0 di pianura (Treviso o Vicenza) che hanno esigenze diametralmente opposte. Servono pi\u00f9 risorse per i servizi a chiamata in tutto il territorio e una vera integrazione ferro-gomma, con bigliettazione unica e un sistema dove il treno copra le lunghe tratte e l\u2019autobus garantisca la capillarit\u00e0 montana.<\/p>\n<p><strong>5. Protezione Civile: Polo Logistico Provinciale<\/strong><br \/>\n\u00c8 prioritario accelerare l\u2019iter per la realizzazione del Polo Logistico della Protezione Civile. Una struttura moderna e baricentrica \u00e8 indispensabile per la gestione delle emergenze in un territorio montano geologicamente fragile e soggetto a fenomeni meteo estremi. \u00c8 necessario un coordinamento stretto con la Regione per garantire i finanziamenti e la rapidit\u00e0 esecutiva dell\u2019opera.<\/p>\n<p><strong>6. Reti Elettriche di Alta Tensione (Terna) e Razionalizzazione<\/strong><br \/>\nChiediamo un intervento regionale per definire e accelerare il protocollo di razionalizzazione<br \/>\ndelle reti elettriche di alta tensione, con particolare riferimento alla Media Valle del Piave (aree a nord e sud di Ponte nelle Alpi). Il dialogo con Terna deve essere finalizzato all&#8217;interramento delle linee dove possibile o alla loro delocalizzazione, rendendo lo sviluppo energetico compatibile con la salute delle comunit\u00e0 bellunesi oltre che con la tutela del paesaggio.<\/p>\n<p><strong>7. Viabilit\u00e0 e Trasporto Olimpico<\/strong><br \/>\nLe prossime Olimpiadi sono un\u2019opportunit\u00e0 irripetibile. Dobbiamo per\u00f2 garantire che gli<br \/>\ninvestimenti e la mobilit\u00e0 non si fermino a Cortina, ma coinvolgano e valorizzino l\u2019intera provincia come un unico \u201csistema montagna\u201d.<\/p>\n<p><strong>8. Sicurezza del Volo e Segnalazione Ostacoli (Progetto \u201cFalco\u201d)<\/strong><br \/>\n\u00c8 mia ferma intenzione riprendere il progetto sulla risoluzione del problema degli ostacoli al<br \/>\nvolo (teleferiche e linee elettriche), su cui avevamo gi\u00e0 lavorato nel 2020. Il progetto, presentato dall\u2019associazione \u201cFalco senza confini\u201d; con il Soccorso Alpino, prevede il posizionamento di segnali identificativi su cavi e infrastrutture critiche. Dopo la tragedia di \u201cFalco\u201d, la messa in sicurezza dei nostri cieli \u00e8 un dovere morale e tecnico. \u00c8 necessario un protocollo operativo tra Regione, Prefettura e Provincia per mappare e segnalare ogni pericolo per l\u2019elisoccorso.<\/p>\n<p>Il compito che ci attende \u00e8 oneroso ma fondamentale per il futuro delle nostre \u201cterre alte\u201d.<br \/>\nResto in attesa di un suo cortese riscontro per fissare un incontro presso i suoi uffici o in Provincia a Belluno.<br \/>\nPorgendole i pi\u00f9 cordiali saluti, le auguro buona giornata e buon lavoro.<br \/>\nIl Consigliere<br \/>\nMassimo Bortoluzzi<\/p>","protected":false},"excerpt":{"rendered":"<p>Egregio Assessore Dario Bond, desidero innanzitutto esprimerLe le mie pi\u00f9 vive congratulazioni per la nomina ad Assessore alla Montagna della Regione Veneto. La sua profonda conoscenza del territorio bellunese e delle sue criticit\u00e0 rappresenta una garanzia per tutti i nostri cittadini; sono certo che il suo impegno sar\u00e0 determinante per dare voce alle istanze di [&hellip;]<\/p>\n","protected":false},"author":2,"featured_media":152663,"comment_status":"closed","ping_status":"open","sticky":false,"template":"","format":"standard","meta":{"footnotes":""},"categories":[5,3446,8],"tags":[],"class_list":["post-166762","post","type-post","status-publish","format-standard","has-post-thumbnail","category-cronaca","category-featured","category-societa-istituzioni"],"yoast_head":"<!-- This site is optimized with the Yoast SEO plugin v28.4 - https:\/\/yoast.com\/product\/yoast-seo-wordpress\/ -->\n<title>Specificit\u00e0 della Provincia di Belluno. Il consigliere Bortoluzzi chiede un incontro all&#039;assessore Bond su 8 punti cardine - Bellunopress - Dolomiti<\/title>\n<meta name=\"robots\" content=\"index, follow, max-snippet:-1, max-image-preview:large, max-video-preview:-1\" \/>\n<link rel=\"canonical\" href=\"https:\/\/www.bellunopress.it\/fr\/2026\/01\/24\/specificita-della-provincia-di-belluno-il-consigliere-bortoluzzi-chiede-un-incontro-allassessore-bond-su-8-punti-cardine\/\" \/>\n<meta property=\"og:locale\" content=\"fr_FR\" \/>\n<meta property=\"og:type\" content=\"article\" \/>\n<meta property=\"og:title\" content=\"Specificit\u00e0 della Provincia di Belluno. Il consigliere Bortoluzzi chiede un incontro all&#039;assessore Bond su 8 punti cardine - Bellunopress - Dolomiti\" \/>\n<meta property=\"og:description\" content=\"Egregio Assessore Dario Bond, desidero innanzitutto esprimerLe le mie pi\u00f9 vive congratulazioni per la nomina ad Assessore alla Montagna della Regione Veneto. La sua profonda conoscenza del territorio bellunese e delle sue criticit\u00e0 rappresenta una garanzia per tutti i nostri cittadini; sono certo che il suo impegno sar\u00e0 determinante per dare voce alle istanze di [&hellip;]\" \/>\n<meta property=\"og:url\" content=\"https:\/\/www.bellunopress.it\/fr\/2026\/01\/24\/specificita-della-provincia-di-belluno-il-consigliere-bortoluzzi-chiede-un-incontro-allassessore-bond-su-8-punti-cardine\/\" \/>\n<meta property=\"og:site_name\" content=\"Bellunopress - Dolomiti\" \/>\n<meta property=\"article:publisher\" content=\"https:\/\/www.facebook.com\/profile.php?id=100008943462799\" \/>\n<meta property=\"article:published_time\" content=\"2026-01-24T14:22:53+00:00\" \/>\n<meta property=\"article:modified_time\" content=\"2026-01-24T14:24:26+00:00\" \/>\n<meta property=\"og:image\" content=\"https:\/\/www.bellunopress.it\/wp-content\/uploads\/2024\/07\/Massimo-Bortoluzzi-consigloiere-provinciale.jpg\" \/>\n\t<meta property=\"og:image:width\" content=\"643\" \/>\n\t<meta property=\"og:image:height\" content=\"491\" \/>\n\t<meta property=\"og:image:type\" content=\"image\/jpeg\" \/>\n<meta name=\"author\" content=\"redazione\" \/>\n<meta name=\"twitter:card\" content=\"summary_large_image\" \/>\n<meta name=\"twitter:creator\" content=\"@bellunopress\" \/>\n<meta name=\"twitter:site\" content=\"@bellunopress\" \/>\n<meta name=\"twitter:label1\" content=\"\u00c9crit par\" \/>\n\t<meta name=\"twitter:data1\" content=\"redazione\" \/>\n\t<meta name=\"twitter:label2\" content=\"Dur\u00e9e de lecture estim\u00e9e\" \/>\n\t<meta name=\"twitter:data2\" content=\"5 minutes\" \/>\n<script type=\"application\/ld+json\" class=\"yoast-schema-graph\">{\"@context\":\"https:\\\/\\\/schema.org\",\"@graph\":[{\"@type\":\"Article\",\"@id\":\"https:\\\/\\\/www.bellunopress.it\\\/2026\\\/01\\\/24\\\/specificita-della-provincia-di-belluno-il-consigliere-bortoluzzi-chiede-un-incontro-allassessore-bond-su-8-punti-cardine\\\/#article\",\"isPartOf\":{\"@id\":\"https:\\\/\\\/www.bellunopress.it\\\/2026\\\/01\\\/24\\\/specificita-della-provincia-di-belluno-il-consigliere-bortoluzzi-chiede-un-incontro-allassessore-bond-su-8-punti-cardine\\\/\"},\"author\":{\"name\":\"redazione\",\"@id\":\"https:\\\/\\\/www.bellunopress.it\\\/#\\\/schema\\\/person\\\/79bb06722b37ece1c03d3e94beb30d73\"},\"headline\":\"Specificit\u00e0 della Provincia di Belluno. Il consigliere Bortoluzzi chiede un incontro all&#8217;assessore Bond su 8 punti cardine\",\"datePublished\":\"2026-01-24T14:22:53+00:00\",\"dateModified\":\"2026-01-24T14:24:26+00:00\",\"mainEntityOfPage\":{\"@id\":\"https:\\\/\\\/www.bellunopress.it\\\/2026\\\/01\\\/24\\\/specificita-della-provincia-di-belluno-il-consigliere-bortoluzzi-chiede-un-incontro-allassessore-bond-su-8-punti-cardine\\\/\"},\"wordCount\":947,\"publisher\":{\"@id\":\"https:\\\/\\\/www.bellunopress.it\\\/#organization\"},\"image\":{\"@id\":\"https:\\\/\\\/www.bellunopress.it\\\/2026\\\/01\\\/24\\\/specificita-della-provincia-di-belluno-il-consigliere-bortoluzzi-chiede-un-incontro-allassessore-bond-su-8-punti-cardine\\\/#primaryimage\"},\"thumbnailUrl\":\"https:\\\/\\\/www.bellunopress.it\\\/wp-content\\\/uploads\\\/2024\\\/07\\\/Massimo-Bortoluzzi-consigloiere-provinciale.jpg\",\"articleSection\":[\"Cronaca\\\/Politica\",\"Featured\",\"Societ\u00e0, Associazioni, Istituzioni\"],\"inLanguage\":\"fr-FR\"},{\"@type\":\"WebPage\",\"@id\":\"https:\\\/\\\/www.bellunopress.it\\\/2026\\\/01\\\/24\\\/specificita-della-provincia-di-belluno-il-consigliere-bortoluzzi-chiede-un-incontro-allassessore-bond-su-8-punti-cardine\\\/\",\"url\":\"https:\\\/\\\/www.bellunopress.it\\\/2026\\\/01\\\/24\\\/specificita-della-provincia-di-belluno-il-consigliere-bortoluzzi-chiede-un-incontro-allassessore-bond-su-8-punti-cardine\\\/\",\"name\":\"Specificit\u00e0 della Provincia di Belluno. Il consigliere Bortoluzzi chiede un incontro all'assessore Bond su 8 punti cardine - Bellunopress - Dolomiti\",\"isPartOf\":{\"@id\":\"https:\\\/\\\/www.bellunopress.it\\\/#website\"},\"primaryImageOfPage\":{\"@id\":\"https:\\\/\\\/www.bellunopress.it\\\/2026\\\/01\\\/24\\\/specificita-della-provincia-di-belluno-il-consigliere-bortoluzzi-chiede-un-incontro-allassessore-bond-su-8-punti-cardine\\\/#primaryimage\"},\"image\":{\"@id\":\"https:\\\/\\\/www.bellunopress.it\\\/2026\\\/01\\\/24\\\/specificita-della-provincia-di-belluno-il-consigliere-bortoluzzi-chiede-un-incontro-allassessore-bond-su-8-punti-cardine\\\/#primaryimage\"},\"thumbnailUrl\":\"https:\\\/\\\/www.bellunopress.it\\\/wp-content\\\/uploads\\\/2024\\\/07\\\/Massimo-Bortoluzzi-consigloiere-provinciale.jpg\",\"datePublished\":\"2026-01-24T14:22:53+00:00\",\"dateModified\":\"2026-01-24T14:24:26+00:00\",\"breadcrumb\":{\"@id\":\"https:\\\/\\\/www.bellunopress.it\\\/2026\\\/01\\\/24\\\/specificita-della-provincia-di-belluno-il-consigliere-bortoluzzi-chiede-un-incontro-allassessore-bond-su-8-punti-cardine\\\/#breadcrumb\"},\"inLanguage\":\"fr-FR\",\"potentialAction\":[{\"@type\":\"ReadAction\",\"target\":[\"https:\\\/\\\/www.bellunopress.it\\\/2026\\\/01\\\/24\\\/specificita-della-provincia-di-belluno-il-consigliere-bortoluzzi-chiede-un-incontro-allassessore-bond-su-8-punti-cardine\\\/\"]}]},{\"@type\":\"ImageObject\",\"inLanguage\":\"fr-FR\",\"@id\":\"https:\\\/\\\/www.bellunopress.it\\\/2026\\\/01\\\/24\\\/specificita-della-provincia-di-belluno-il-consigliere-bortoluzzi-chiede-un-incontro-allassessore-bond-su-8-punti-cardine\\\/#primaryimage\",\"url\":\"https:\\\/\\\/www.bellunopress.it\\\/wp-content\\\/uploads\\\/2024\\\/07\\\/Massimo-Bortoluzzi-consigloiere-provinciale.jpg\",\"contentUrl\":\"https:\\\/\\\/www.bellunopress.it\\\/wp-content\\\/uploads\\\/2024\\\/07\\\/Massimo-Bortoluzzi-consigloiere-provinciale.jpg\",\"width\":643,\"height\":491,\"caption\":\"Massimo Bortoluzzi, gi\u00e0 consigliere provinciale delegato al Demanio idrico e Trasporti, Protezione civile e Difesa del suolo\"},{\"@type\":\"BreadcrumbList\",\"@id\":\"https:\\\/\\\/www.bellunopress.it\\\/2026\\\/01\\\/24\\\/specificita-della-provincia-di-belluno-il-consigliere-bortoluzzi-chiede-un-incontro-allassessore-bond-su-8-punti-cardine\\\/#breadcrumb\",\"itemListElement\":[{\"@type\":\"ListItem\",\"position\":1,\"name\":\"Home\",\"item\":\"https:\\\/\\\/www.bellunopress.it\\\/\"},{\"@type\":\"ListItem\",\"position\":2,\"name\":\"Specificit\u00e0 della Provincia di Belluno. Il consigliere Bortoluzzi chiede un incontro all&#8217;assessore Bond su 8 punti cardine\"}]},{\"@type\":\"WebSite\",\"@id\":\"https:\\\/\\\/www.bellunopress.it\\\/#website\",\"url\":\"https:\\\/\\\/www.bellunopress.it\\\/\",\"name\":\"Bellunopress - Dolomiti\",\"description\":\"e-mail: redazione@bellunopress.it\",\"publisher\":{\"@id\":\"https:\\\/\\\/www.bellunopress.it\\\/#organization\"},\"potentialAction\":[{\"@type\":\"SearchAction\",\"target\":{\"@type\":\"EntryPoint\",\"urlTemplate\":\"https:\\\/\\\/www.bellunopress.it\\\/?s={search_term_string}\"},\"query-input\":{\"@type\":\"PropertyValueSpecification\",\"valueRequired\":true,\"valueName\":\"search_term_string\"}}],\"inLanguage\":\"fr-FR\"},{\"@type\":\"Organization\",\"@id\":\"https:\\\/\\\/www.bellunopress.it\\\/#organization\",\"name\":\"Bellunopress\",\"url\":\"https:\\\/\\\/www.bellunopress.it\\\/\",\"logo\":{\"@type\":\"ImageObject\",\"inLanguage\":\"fr-FR\",\"@id\":\"https:\\\/\\\/www.bellunopress.it\\\/#\\\/schema\\\/logo\\\/image\\\/\",\"url\":\"https:\\\/\\\/www.bellunopress.it\\\/wp-content\\\/uploads\\\/2011\\\/05\\\/cropped-logo-bellunopress-.jpg\",\"contentUrl\":\"https:\\\/\\\/www.bellunopress.it\\\/wp-content\\\/uploads\\\/2011\\\/05\\\/cropped-logo-bellunopress-.jpg\",\"width\":512,\"height\":512,\"caption\":\"Bellunopress\"},\"image\":{\"@id\":\"https:\\\/\\\/www.bellunopress.it\\\/#\\\/schema\\\/logo\\\/image\\\/\"},\"sameAs\":[\"https:\\\/\\\/www.facebook.com\\\/profile.php?id=100008943462799\",\"https:\\\/\\\/x.com\\\/bellunopress\",\"https:\\\/\\\/www.linkedin.com\\\/hp\\\/?dnr=JBzUWaJfMUw8vbXJJ2tVW5-I3jZKvC4wsoxE&amp;amp;amp;amp;amp;amp;trk=nav_responsive_tab_home\",\"https:\\\/\\\/www.youtube.com\\\/channel\\\/UCxL0wu1uN0_3_7hGG0306cw\"]},{\"@type\":\"Person\",\"@id\":\"https:\\\/\\\/www.bellunopress.it\\\/#\\\/schema\\\/person\\\/79bb06722b37ece1c03d3e94beb30d73\",\"name\":\"redazione\",\"image\":{\"@type\":\"ImageObject\",\"inLanguage\":\"fr-FR\",\"@id\":\"https:\\\/\\\/secure.gravatar.com\\\/avatar\\\/37d968a2e67a6fd04c169c4bdef102d0bc5d31b2546345219e348575eb80e9a0?s=96&d=mm&r=g\",\"url\":\"https:\\\/\\\/secure.gravatar.com\\\/avatar\\\/37d968a2e67a6fd04c169c4bdef102d0bc5d31b2546345219e348575eb80e9a0?s=96&d=mm&r=g\",\"contentUrl\":\"https:\\\/\\\/secure.gravatar.com\\\/avatar\\\/37d968a2e67a6fd04c169c4bdef102d0bc5d31b2546345219e348575eb80e9a0?s=96&d=mm&r=g\",\"caption\":\"redazione\"},\"sameAs\":[\"http:\\\/\\\/www.bellunopress.it\",\"https:\\\/\\\/x.com\\\/bellunopress\"],\"url\":\"https:\\\/\\\/www.bellunopress.it\\\/fr\\\/author\\\/redazione\\\/\"}]}<\/script>\n<!-- \/ Yoast SEO plugin. -->","yoast_head_json":{"title":"Specificit\u00e0 della Provincia di Belluno. Il consigliere Bortoluzzi chiede un incontro all'assessore Bond su 8 punti cardine - Bellunopress - Dolomiti","robots":{"index":"index","follow":"follow","max-snippet":"max-snippet:-1","max-image-preview":"max-image-preview:large","max-video-preview":"max-video-preview:-1"},"canonical":"https:\/\/www.bellunopress.it\/fr\/2026\/01\/24\/specificita-della-provincia-di-belluno-il-consigliere-bortoluzzi-chiede-un-incontro-allassessore-bond-su-8-punti-cardine\/","og_locale":"fr_FR","og_type":"article","og_title":"Specificit\u00e0 della Provincia di Belluno. Il consigliere Bortoluzzi chiede un incontro all'assessore Bond su 8 punti cardine - Bellunopress - Dolomiti","og_description":"Egregio Assessore Dario Bond, desidero innanzitutto esprimerLe le mie pi\u00f9 vive congratulazioni per la nomina ad Assessore alla Montagna della Regione Veneto. La sua profonda conoscenza del territorio bellunese e delle sue criticit\u00e0 rappresenta una garanzia per tutti i nostri cittadini; sono certo che il suo impegno sar\u00e0 determinante per dare voce alle istanze di [&hellip;]","og_url":"https:\/\/www.bellunopress.it\/fr\/2026\/01\/24\/specificita-della-provincia-di-belluno-il-consigliere-bortoluzzi-chiede-un-incontro-allassessore-bond-su-8-punti-cardine\/","og_site_name":"Bellunopress - Dolomiti","article_publisher":"https:\/\/www.facebook.com\/profile.php?id=100008943462799","article_published_time":"2026-01-24T14:22:53+00:00","article_modified_time":"2026-01-24T14:24:26+00:00","og_image":[{"width":643,"height":491,"url":"https:\/\/www.bellunopress.it\/wp-content\/uploads\/2024\/07\/Massimo-Bortoluzzi-consigloiere-provinciale.jpg","type":"image\/jpeg"}],"author":"redazione","twitter_card":"summary_large_image","twitter_creator":"@bellunopress","twitter_site":"@bellunopress","twitter_misc":{"\u00c9crit par":"redazione","Dur\u00e9e de lecture estim\u00e9e":"5 minutes"},"schema":{"@context":"https:\/\/schema.org","@graph":[{"@type":"Article","@id":"https:\/\/www.bellunopress.it\/2026\/01\/24\/specificita-della-provincia-di-belluno-il-consigliere-bortoluzzi-chiede-un-incontro-allassessore-bond-su-8-punti-cardine\/#article","isPartOf":{"@id":"https:\/\/www.bellunopress.it\/2026\/01\/24\/specificita-della-provincia-di-belluno-il-consigliere-bortoluzzi-chiede-un-incontro-allassessore-bond-su-8-punti-cardine\/"},"author":{"name":"redazione","@id":"https:\/\/www.bellunopress.it\/#\/schema\/person\/79bb06722b37ece1c03d3e94beb30d73"},"headline":"Specificit\u00e0 della Provincia di Belluno. Il consigliere Bortoluzzi chiede un incontro all&#8217;assessore Bond su 8 punti cardine","datePublished":"2026-01-24T14:22:53+00:00","dateModified":"2026-01-24T14:24:26+00:00","mainEntityOfPage":{"@id":"https:\/\/www.bellunopress.it\/2026\/01\/24\/specificita-della-provincia-di-belluno-il-consigliere-bortoluzzi-chiede-un-incontro-allassessore-bond-su-8-punti-cardine\/"},"wordCount":947,"publisher":{"@id":"https:\/\/www.bellunopress.it\/#organization"},"image":{"@id":"https:\/\/www.bellunopress.it\/2026\/01\/24\/specificita-della-provincia-di-belluno-il-consigliere-bortoluzzi-chiede-un-incontro-allassessore-bond-su-8-punti-cardine\/#primaryimage"},"thumbnailUrl":"https:\/\/www.bellunopress.it\/wp-content\/uploads\/2024\/07\/Massimo-Bortoluzzi-consigloiere-provinciale.jpg","articleSection":["Cronaca\/Politica","Featured","Societ\u00e0, Associazioni, Istituzioni"],"inLanguage":"fr-FR"},{"@type":"WebPage","@id":"https:\/\/www.bellunopress.it\/2026\/01\/24\/specificita-della-provincia-di-belluno-il-consigliere-bortoluzzi-chiede-un-incontro-allassessore-bond-su-8-punti-cardine\/","url":"https:\/\/www.bellunopress.it\/2026\/01\/24\/specificita-della-provincia-di-belluno-il-consigliere-bortoluzzi-chiede-un-incontro-allassessore-bond-su-8-punti-cardine\/","name":"Specificit\u00e0 della Provincia di Belluno. Il consigliere Bortoluzzi chiede un incontro all'assessore Bond su 8 punti cardine - Bellunopress - Dolomiti","isPartOf":{"@id":"https:\/\/www.bellunopress.it\/#website"},"primaryImageOfPage":{"@id":"https:\/\/www.bellunopress.it\/2026\/01\/24\/specificita-della-provincia-di-belluno-il-consigliere-bortoluzzi-chiede-un-incontro-allassessore-bond-su-8-punti-cardine\/#primaryimage"},"image":{"@id":"https:\/\/www.bellunopress.it\/2026\/01\/24\/specificita-della-provincia-di-belluno-il-consigliere-bortoluzzi-chiede-un-incontro-allassessore-bond-su-8-punti-cardine\/#primaryimage"},"thumbnailUrl":"https:\/\/www.bellunopress.it\/wp-content\/uploads\/2024\/07\/Massimo-Bortoluzzi-consigloiere-provinciale.jpg","datePublished":"2026-01-24T14:22:53+00:00","dateModified":"2026-01-24T14:24:26+00:00","breadcrumb":{"@id":"https:\/\/www.bellunopress.it\/2026\/01\/24\/specificita-della-provincia-di-belluno-il-consigliere-bortoluzzi-chiede-un-incontro-allassessore-bond-su-8-punti-cardine\/#breadcrumb"},"inLanguage":"fr-FR","potentialAction":[{"@type":"ReadAction","target":["https:\/\/www.bellunopress.it\/2026\/01\/24\/specificita-della-provincia-di-belluno-il-consigliere-bortoluzzi-chiede-un-incontro-allassessore-bond-su-8-punti-cardine\/"]}]},{"@type":"ImageObject","inLanguage":"fr-FR","@id":"https:\/\/www.bellunopress.it\/2026\/01\/24\/specificita-della-provincia-di-belluno-il-consigliere-bortoluzzi-chiede-un-incontro-allassessore-bond-su-8-punti-cardine\/#primaryimage","url":"https:\/\/www.bellunopress.it\/wp-content\/uploads\/2024\/07\/Massimo-Bortoluzzi-consigloiere-provinciale.jpg","contentUrl":"https:\/\/www.bellunopress.it\/wp-content\/uploads\/2024\/07\/Massimo-Bortoluzzi-consigloiere-provinciale.jpg","width":643,"height":491,"caption":"Massimo Bortoluzzi, gi\u00e0 consigliere provinciale delegato al Demanio idrico e Trasporti, Protezione civile e Difesa del suolo"},{"@type":"BreadcrumbList","@id":"https:\/\/www.bellunopress.it\/2026\/01\/24\/specificita-della-provincia-di-belluno-il-consigliere-bortoluzzi-chiede-un-incontro-allassessore-bond-su-8-punti-cardine\/#breadcrumb","itemListElement":[{"@type":"ListItem","position":1,"name":"Home","item":"https:\/\/www.bellunopress.it\/"},{"@type":"ListItem","position":2,"name":"Specificit\u00e0 della Provincia di Belluno. Il consigliere Bortoluzzi chiede un incontro all&#8217;assessore Bond su 8 punti cardine"}]},{"@type":"WebSite","@id":"https:\/\/www.bellunopress.it\/#website","url":"https:\/\/www.bellunopress.it\/","name":"Bellunopress - Dolomiti","description":"e-mail: redazione@bellunopress.it","publisher":{"@id":"https:\/\/www.bellunopress.it\/#organization"},"potentialAction":[{"@type":"SearchAction","target":{"@type":"EntryPoint","urlTemplate":"https:\/\/www.bellunopress.it\/?s={search_term_string}"},"query-input":{"@type":"PropertyValueSpecification","valueRequired":true,"valueName":"search_term_string"}}],"inLanguage":"fr-FR"},{"@type":"Organization","@id":"https:\/\/www.bellunopress.it\/#organization","name":"Bellunopress","url":"https:\/\/www.bellunopress.it\/","logo":{"@type":"ImageObject","inLanguage":"fr-FR","@id":"https:\/\/www.bellunopress.it\/#\/schema\/logo\/image\/","url":"https:\/\/www.bellunopress.it\/wp-content\/uploads\/2011\/05\/cropped-logo-bellunopress-.jpg","contentUrl":"https:\/\/www.bellunopress.it\/wp-content\/uploads\/2011\/05\/cropped-logo-bellunopress-.jpg","width":512,"height":512,"caption":"Bellunopress"},"image":{"@id":"https:\/\/www.bellunopress.it\/#\/schema\/logo\/image\/"},"sameAs":["https:\/\/www.facebook.com\/profile.php?id=100008943462799","https:\/\/x.com\/bellunopress","https:\/\/www.linkedin.com\/hp\/?dnr=JBzUWaJfMUw8vbXJJ2tVW5-I3jZKvC4wsoxE&amp;amp;amp;amp;amp;amp;trk=nav_responsive_tab_home","https:\/\/www.youtube.com\/channel\/UCxL0wu1uN0_3_7hGG0306cw"]},{"@type":"Person","@id":"https:\/\/www.bellunopress.it\/#\/schema\/person\/79bb06722b37ece1c03d3e94beb30d73","name":"r\u00e9daction","image":{"@type":"ImageObject","inLanguage":"fr-FR","@id":"https:\/\/secure.gravatar.com\/avatar\/37d968a2e67a6fd04c169c4bdef102d0bc5d31b2546345219e348575eb80e9a0?s=96&d=mm&r=g","url":"https:\/\/secure.gravatar.com\/avatar\/37d968a2e67a6fd04c169c4bdef102d0bc5d31b2546345219e348575eb80e9a0?s=96&d=mm&r=g","contentUrl":"https:\/\/secure.gravatar.com\/avatar\/37d968a2e67a6fd04c169c4bdef102d0bc5d31b2546345219e348575eb80e9a0?s=96&d=mm&r=g","caption":"redazione"},"sameAs":["http:\/\/www.bellunopress.it","https:\/\/x.com\/bellunopress"],"url":"https:\/\/www.bellunopress.it\/fr\/author\/redazione\/"}]}},"_links":{"self":[{"href":"https:\/\/www.bellunopress.it\/fr\/wp-json\/wp\/v2\/posts\/166762","targetHints":{"allow":["GET"]}}],"collection":[{"href":"https:\/\/www.bellunopress.it\/fr\/wp-json\/wp\/v2\/posts"}],"about":[{"href":"https:\/\/www.bellunopress.it\/fr\/wp-json\/wp\/v2\/types\/post"}],"author":[{"embeddable":true,"href":"https:\/\/www.bellunopress.it\/fr\/wp-json\/wp\/v2\/users\/2"}],"replies":[{"embeddable":true,"href":"https:\/\/www.bellunopress.it\/fr\/wp-json\/wp\/v2\/comments?post=166762"}],"version-history":[{"count":1,"href":"https:\/\/www.bellunopress.it\/fr\/wp-json\/wp\/v2\/posts\/166762\/revisions"}],"predecessor-version":[{"id":166763,"href":"https:\/\/www.bellunopress.it\/fr\/wp-json\/wp\/v2\/posts\/166762\/revisions\/166763"}],"wp:featuredmedia":[{"embeddable":true,"href":"https:\/\/www.bellunopress.it\/fr\/wp-json\/wp\/v2\/media\/152663"}],"wp:attachment":[{"href":"https:\/\/www.bellunopress.it\/fr\/wp-json\/wp\/v2\/media?parent=166762"}],"wp:term":[{"taxonomy":"category","embeddable":true,"href":"https:\/\/www.bellunopress.it\/fr\/wp-json\/wp\/v2\/categories?post=166762"},{"taxonomy":"post_tag","embeddable":true,"href":"https:\/\/www.bellunopress.it\/fr\/wp-json\/wp\/v2\/tags?post=166762"}],"curies":[{"name":"wp","href":"https:\/\/api.w.org\/{rel}","templated":true}]}}