{"id":166759,"date":"2026-01-24T14:37:23","date_gmt":"2026-01-24T13:37:23","guid":{"rendered":"https:\/\/www.bellunopress.it\/?p=166759"},"modified":"2026-01-24T14:37:50","modified_gmt":"2026-01-24T13:37:50","slug":"olimpiadi-berton-ora-il-momento-del-riscatto-e-del-rilancio","status":"publish","type":"post","link":"https:\/\/www.bellunopress.it\/fr\/2026\/01\/24\/olimpiadi-berton-ora-il-momento-del-riscatto-e-del-rilancio\/","title":{"rendered":"Olimpiadi. Berton: &#8220;Ora \u00e8 il momento del riscatto e del rilancio&#8221;"},"content":{"rendered":"<p><strong>Attesa anche per l&#8217;inaugurazione delle varianti sull&#8217;Alemagna<\/strong><\/p>\n<p>Belluno, 24 gennaio 2026 &#8211; &#8220;Con l&#8217;arrivo della fiamma olimpica nel Bellunese, si apre una nuova fase per la nostra montagna e le terre alte. Dobbiamo essere orgogliosi e consapevoli di quello che siamo e determinati sul futuro che vogliamo. \u00c8 stato un viaggio lungo, complesso, a tratti difficile, ma ora \u00e8 arrivato il nostro momento di riscatto e rilancio. Accogliamo i tedofori tra le nostre Dolomiti con fiducia e trepidazione&#8221;.<\/p>\n<p>Cos\u00ec Lorraine Berton, presidente di Confindustria Belluno Dolomiti e del Gruppo nazionale Grandi Eventi, Olimpiadi ed Economia della Montagna d\u00e0 il benvenuto alla fiamma olimpica in arrivo nel Bellunese, a Feltre, Trichiana, Belluno, Farra d&#8217;Alpago, Ponte nella Alpi, Vajont\/Longarone, Pieve, Tai, Valle, San Vito di Cadore e poi, ovviamente, Cortina d&#8217;Ampezzo &#8211; nel giorno del 70\u00b0 anniversario dei Giochi del 1956 \u2013 e ancora le Tre Cime di Lavaredo e il Lago di Misurina.<\/p>\n<p>&#8220;Sar\u00e0 un&#8217;emozione che attraverser\u00e0 l&#8217;intera provincia e che segna l&#8217;inizio di settimane cruciali, che ci devono vedere protagonisti. Anche per questo, mi auguro \u2013 che ad accogliere la fiamma &#8211; vi sia una massiccia presenza di giovani, studenti, scuole. Questa Olimpiade \u00e8 dedicata soprattutto a loro&#8221;, prosegue Berton.<\/p>\n<p>Ma il passaggio della fiamma \u2013 nella giornata di luned\u00ec 26 gennaio \u2013 segner\u00e0 anche l&#8217;apertura delle varianti di Tai e Valle di Cadore lungo la strada statale di Alemagna: &#8220;Opere che aspettavamo da decenni e che finalmente potremo toccare con mano: i Giochi sono stati il vero punto di svolta per raggiungere l&#8217;obiettivo&#8221;, rimarca Berton, che \u2013 allo stesso tempo \u2013 valuta positivamente la recentissima pubblicazione del bando di gara relativo all&#8217;appalto integrato per la progettazione esecutiva e l&#8217;esecuzione dei lavori della variante di Longarone. &#8220;Si tratta di un altro passo importante che ci consentir\u00e0 di recuperare parte del gap infrastrutturale accumulato da questa provincia&#8221;.<\/p>\n<p>&#8220;Ora&#8221;, conclude Berton, &#8220;godiamoci questo primo spettacolo, abbracciando la fiamma e i tedofori che sfileranno tra i paesi del Bellunese. Sar\u00e0 l&#8217;inizio di settimane galvanizzanti che daranno nuova energia al nostro territorio&#8221;.<\/p>\n<p>&nbsp;<\/p>\n<p>&nbsp;<\/p>","protected":false},"excerpt":{"rendered":"<p>Attesa anche per l&#8217;inaugurazione delle varianti sull&#8217;Alemagna Belluno, 24 gennaio 2026 &#8211; &#8220;Con l&#8217;arrivo della fiamma olimpica nel Bellunese, si apre una nuova fase per la nostra montagna e le terre alte. Dobbiamo essere orgogliosi e consapevoli di quello che siamo e determinati sul futuro che vogliamo. \u00c8 stato un viaggio lungo, complesso, a tratti [&hellip;]<\/p>\n","protected":false},"author":2,"featured_media":146172,"comment_status":"closed","ping_status":"open","sticky":false,"template":"","format":"standard","meta":{"footnotes":""},"categories":[36],"tags":[],"class_list":["post-166759","post","type-post","status-publish","format-standard","has-post-thumbnail","category-lavoro-economia"],"yoast_head":"<!-- This site is optimized with the Yoast SEO plugin v28.4 - https:\/\/yoast.com\/product\/yoast-seo-wordpress\/ -->\n<title>Olimpiadi. Berton: &quot;Ora \u00e8 il momento del riscatto e del rilancio&quot; - Bellunopress - Dolomiti<\/title>\n<meta name=\"robots\" content=\"index, follow, max-snippet:-1, max-image-preview:large, max-video-preview:-1\" \/>\n<link rel=\"canonical\" href=\"https:\/\/www.bellunopress.it\/fr\/2026\/01\/24\/olimpiadi-berton-ora-il-momento-del-riscatto-e-del-rilancio\/\" \/>\n<meta property=\"og:locale\" content=\"fr_FR\" \/>\n<meta property=\"og:type\" content=\"article\" \/>\n<meta property=\"og:title\" content=\"Olimpiadi. Berton: &quot;Ora \u00e8 il momento del riscatto e del rilancio&quot; - Bellunopress - Dolomiti\" \/>\n<meta property=\"og:description\" content=\"Attesa anche per l&#8217;inaugurazione delle varianti sull&#8217;Alemagna Belluno, 24 gennaio 2026 &#8211; &#8220;Con l&#8217;arrivo della fiamma olimpica nel Bellunese, si apre una nuova fase per la nostra montagna e le terre alte. Dobbiamo essere orgogliosi e consapevoli di quello che siamo e determinati sul futuro che vogliamo. \u00c8 stato un viaggio lungo, complesso, a tratti [&hellip;]\" \/>\n<meta property=\"og:url\" content=\"https:\/\/www.bellunopress.it\/fr\/2026\/01\/24\/olimpiadi-berton-ora-il-momento-del-riscatto-e-del-rilancio\/\" \/>\n<meta property=\"og:site_name\" content=\"Bellunopress - Dolomiti\" \/>\n<meta property=\"article:publisher\" content=\"https:\/\/www.facebook.com\/profile.php?id=100008943462799\" \/>\n<meta property=\"article:published_time\" content=\"2026-01-24T13:37:23+00:00\" \/>\n<meta property=\"article:modified_time\" content=\"2026-01-24T13:37:50+00:00\" \/>\n<meta property=\"og:image\" content=\"https:\/\/www.bellunopress.it\/wp-content\/uploads\/2023\/11\/Lorraine-Berton_edited.jpg\" \/>\n\t<meta property=\"og:image:width\" content=\"951\" \/>\n\t<meta property=\"og:image:height\" content=\"1000\" \/>\n\t<meta property=\"og:image:type\" content=\"image\/jpeg\" \/>\n<meta name=\"author\" content=\"redazione\" \/>\n<meta name=\"twitter:card\" content=\"summary_large_image\" \/>\n<meta name=\"twitter:creator\" content=\"@bellunopress\" \/>\n<meta name=\"twitter:site\" content=\"@bellunopress\" \/>\n<meta name=\"twitter:label1\" content=\"\u00c9crit par\" \/>\n\t<meta name=\"twitter:data1\" content=\"redazione\" \/>\n\t<meta name=\"twitter:label2\" content=\"Dur\u00e9e de lecture estim\u00e9e\" \/>\n\t<meta name=\"twitter:data2\" content=\"2 minutes\" \/>\n<script type=\"application\/ld+json\" class=\"yoast-schema-graph\">{\"@context\":\"https:\\\/\\\/schema.org\",\"@graph\":[{\"@type\":\"Article\",\"@id\":\"https:\\\/\\\/www.bellunopress.it\\\/2026\\\/01\\\/24\\\/olimpiadi-berton-ora-il-momento-del-riscatto-e-del-rilancio\\\/#article\",\"isPartOf\":{\"@id\":\"https:\\\/\\\/www.bellunopress.it\\\/2026\\\/01\\\/24\\\/olimpiadi-berton-ora-il-momento-del-riscatto-e-del-rilancio\\\/\"},\"author\":{\"name\":\"redazione\",\"@id\":\"https:\\\/\\\/www.bellunopress.it\\\/#\\\/schema\\\/person\\\/79bb06722b37ece1c03d3e94beb30d73\"},\"headline\":\"Olimpiadi. Berton: &#8220;Ora \u00e8 il momento del riscatto e del rilancio&#8221;\",\"datePublished\":\"2026-01-24T13:37:23+00:00\",\"dateModified\":\"2026-01-24T13:37:50+00:00\",\"mainEntityOfPage\":{\"@id\":\"https:\\\/\\\/www.bellunopress.it\\\/2026\\\/01\\\/24\\\/olimpiadi-berton-ora-il-momento-del-riscatto-e-del-rilancio\\\/\"},\"wordCount\":350,\"publisher\":{\"@id\":\"https:\\\/\\\/www.bellunopress.it\\\/#organization\"},\"image\":{\"@id\":\"https:\\\/\\\/www.bellunopress.it\\\/2026\\\/01\\\/24\\\/olimpiadi-berton-ora-il-momento-del-riscatto-e-del-rilancio\\\/#primaryimage\"},\"thumbnailUrl\":\"https:\\\/\\\/www.bellunopress.it\\\/wp-content\\\/uploads\\\/2023\\\/11\\\/Lorraine-Berton_edited.jpg\",\"articleSection\":[\"Lavoro, Economia, Turismo\"],\"inLanguage\":\"fr-FR\"},{\"@type\":\"WebPage\",\"@id\":\"https:\\\/\\\/www.bellunopress.it\\\/2026\\\/01\\\/24\\\/olimpiadi-berton-ora-il-momento-del-riscatto-e-del-rilancio\\\/\",\"url\":\"https:\\\/\\\/www.bellunopress.it\\\/2026\\\/01\\\/24\\\/olimpiadi-berton-ora-il-momento-del-riscatto-e-del-rilancio\\\/\",\"name\":\"Olimpiadi. Berton: \\\"Ora \u00e8 il momento del riscatto e del rilancio\\\" - Bellunopress - Dolomiti\",\"isPartOf\":{\"@id\":\"https:\\\/\\\/www.bellunopress.it\\\/#website\"},\"primaryImageOfPage\":{\"@id\":\"https:\\\/\\\/www.bellunopress.it\\\/2026\\\/01\\\/24\\\/olimpiadi-berton-ora-il-momento-del-riscatto-e-del-rilancio\\\/#primaryimage\"},\"image\":{\"@id\":\"https:\\\/\\\/www.bellunopress.it\\\/2026\\\/01\\\/24\\\/olimpiadi-berton-ora-il-momento-del-riscatto-e-del-rilancio\\\/#primaryimage\"},\"thumbnailUrl\":\"https:\\\/\\\/www.bellunopress.it\\\/wp-content\\\/uploads\\\/2023\\\/11\\\/Lorraine-Berton_edited.jpg\",\"datePublished\":\"2026-01-24T13:37:23+00:00\",\"dateModified\":\"2026-01-24T13:37:50+00:00\",\"breadcrumb\":{\"@id\":\"https:\\\/\\\/www.bellunopress.it\\\/2026\\\/01\\\/24\\\/olimpiadi-berton-ora-il-momento-del-riscatto-e-del-rilancio\\\/#breadcrumb\"},\"inLanguage\":\"fr-FR\",\"potentialAction\":[{\"@type\":\"ReadAction\",\"target\":[\"https:\\\/\\\/www.bellunopress.it\\\/2026\\\/01\\\/24\\\/olimpiadi-berton-ora-il-momento-del-riscatto-e-del-rilancio\\\/\"]}]},{\"@type\":\"ImageObject\",\"inLanguage\":\"fr-FR\",\"@id\":\"https:\\\/\\\/www.bellunopress.it\\\/2026\\\/01\\\/24\\\/olimpiadi-berton-ora-il-momento-del-riscatto-e-del-rilancio\\\/#primaryimage\",\"url\":\"https:\\\/\\\/www.bellunopress.it\\\/wp-content\\\/uploads\\\/2023\\\/11\\\/Lorraine-Berton_edited.jpg\",\"contentUrl\":\"https:\\\/\\\/www.bellunopress.it\\\/wp-content\\\/uploads\\\/2023\\\/11\\\/Lorraine-Berton_edited.jpg\",\"width\":951,\"height\":1000,\"caption\":\"Lorraine Berton, presidente di Confindustria Belluno Dolomiti\"},{\"@type\":\"BreadcrumbList\",\"@id\":\"https:\\\/\\\/www.bellunopress.it\\\/2026\\\/01\\\/24\\\/olimpiadi-berton-ora-il-momento-del-riscatto-e-del-rilancio\\\/#breadcrumb\",\"itemListElement\":[{\"@type\":\"ListItem\",\"position\":1,\"name\":\"Home\",\"item\":\"https:\\\/\\\/www.bellunopress.it\\\/\"},{\"@type\":\"ListItem\",\"position\":2,\"name\":\"Olimpiadi. Berton: &#8220;Ora \u00e8 il momento del riscatto e del rilancio&#8221;\"}]},{\"@type\":\"WebSite\",\"@id\":\"https:\\\/\\\/www.bellunopress.it\\\/#website\",\"url\":\"https:\\\/\\\/www.bellunopress.it\\\/\",\"name\":\"Bellunopress - Dolomiti\",\"description\":\"e-mail: redazione@bellunopress.it\",\"publisher\":{\"@id\":\"https:\\\/\\\/www.bellunopress.it\\\/#organization\"},\"potentialAction\":[{\"@type\":\"SearchAction\",\"target\":{\"@type\":\"EntryPoint\",\"urlTemplate\":\"https:\\\/\\\/www.bellunopress.it\\\/?s={search_term_string}\"},\"query-input\":{\"@type\":\"PropertyValueSpecification\",\"valueRequired\":true,\"valueName\":\"search_term_string\"}}],\"inLanguage\":\"fr-FR\"},{\"@type\":\"Organization\",\"@id\":\"https:\\\/\\\/www.bellunopress.it\\\/#organization\",\"name\":\"Bellunopress\",\"url\":\"https:\\\/\\\/www.bellunopress.it\\\/\",\"logo\":{\"@type\":\"ImageObject\",\"inLanguage\":\"fr-FR\",\"@id\":\"https:\\\/\\\/www.bellunopress.it\\\/#\\\/schema\\\/logo\\\/image\\\/\",\"url\":\"https:\\\/\\\/www.bellunopress.it\\\/wp-content\\\/uploads\\\/2011\\\/05\\\/cropped-logo-bellunopress-.jpg\",\"contentUrl\":\"https:\\\/\\\/www.bellunopress.it\\\/wp-content\\\/uploads\\\/2011\\\/05\\\/cropped-logo-bellunopress-.jpg\",\"width\":512,\"height\":512,\"caption\":\"Bellunopress\"},\"image\":{\"@id\":\"https:\\\/\\\/www.bellunopress.it\\\/#\\\/schema\\\/logo\\\/image\\\/\"},\"sameAs\":[\"https:\\\/\\\/www.facebook.com\\\/profile.php?id=100008943462799\",\"https:\\\/\\\/x.com\\\/bellunopress\",\"https:\\\/\\\/www.linkedin.com\\\/hp\\\/?dnr=JBzUWaJfMUw8vbXJJ2tVW5-I3jZKvC4wsoxE&amp;amp;amp;amp;amp;amp;trk=nav_responsive_tab_home\",\"https:\\\/\\\/www.youtube.com\\\/channel\\\/UCxL0wu1uN0_3_7hGG0306cw\"]},{\"@type\":\"Person\",\"@id\":\"https:\\\/\\\/www.bellunopress.it\\\/#\\\/schema\\\/person\\\/79bb06722b37ece1c03d3e94beb30d73\",\"name\":\"redazione\",\"image\":{\"@type\":\"ImageObject\",\"inLanguage\":\"fr-FR\",\"@id\":\"https:\\\/\\\/secure.gravatar.com\\\/avatar\\\/37d968a2e67a6fd04c169c4bdef102d0bc5d31b2546345219e348575eb80e9a0?s=96&d=mm&r=g\",\"url\":\"https:\\\/\\\/secure.gravatar.com\\\/avatar\\\/37d968a2e67a6fd04c169c4bdef102d0bc5d31b2546345219e348575eb80e9a0?s=96&d=mm&r=g\",\"contentUrl\":\"https:\\\/\\\/secure.gravatar.com\\\/avatar\\\/37d968a2e67a6fd04c169c4bdef102d0bc5d31b2546345219e348575eb80e9a0?s=96&d=mm&r=g\",\"caption\":\"redazione\"},\"sameAs\":[\"http:\\\/\\\/www.bellunopress.it\",\"https:\\\/\\\/x.com\\\/bellunopress\"],\"url\":\"https:\\\/\\\/www.bellunopress.it\\\/fr\\\/author\\\/redazione\\\/\"}]}<\/script>\n<!-- \/ Yoast SEO plugin. -->","yoast_head_json":{"title":"Olimpiadi. Berton: \"Ora \u00e8 il momento del riscatto e del rilancio\" - Bellunopress - Dolomiti","robots":{"index":"index","follow":"follow","max-snippet":"max-snippet:-1","max-image-preview":"max-image-preview:large","max-video-preview":"max-video-preview:-1"},"canonical":"https:\/\/www.bellunopress.it\/fr\/2026\/01\/24\/olimpiadi-berton-ora-il-momento-del-riscatto-e-del-rilancio\/","og_locale":"fr_FR","og_type":"article","og_title":"Olimpiadi. Berton: \"Ora \u00e8 il momento del riscatto e del rilancio\" - Bellunopress - Dolomiti","og_description":"Attesa anche per l&#8217;inaugurazione delle varianti sull&#8217;Alemagna Belluno, 24 gennaio 2026 &#8211; &#8220;Con l&#8217;arrivo della fiamma olimpica nel Bellunese, si apre una nuova fase per la nostra montagna e le terre alte. Dobbiamo essere orgogliosi e consapevoli di quello che siamo e determinati sul futuro che vogliamo. \u00c8 stato un viaggio lungo, complesso, a tratti [&hellip;]","og_url":"https:\/\/www.bellunopress.it\/fr\/2026\/01\/24\/olimpiadi-berton-ora-il-momento-del-riscatto-e-del-rilancio\/","og_site_name":"Bellunopress - Dolomiti","article_publisher":"https:\/\/www.facebook.com\/profile.php?id=100008943462799","article_published_time":"2026-01-24T13:37:23+00:00","article_modified_time":"2026-01-24T13:37:50+00:00","og_image":[{"width":951,"height":1000,"url":"https:\/\/www.bellunopress.it\/wp-content\/uploads\/2023\/11\/Lorraine-Berton_edited.jpg","type":"image\/jpeg"}],"author":"redazione","twitter_card":"summary_large_image","twitter_creator":"@bellunopress","twitter_site":"@bellunopress","twitter_misc":{"\u00c9crit par":"redazione","Dur\u00e9e de lecture estim\u00e9e":"2 minutes"},"schema":{"@context":"https:\/\/schema.org","@graph":[{"@type":"Article","@id":"https:\/\/www.bellunopress.it\/2026\/01\/24\/olimpiadi-berton-ora-il-momento-del-riscatto-e-del-rilancio\/#article","isPartOf":{"@id":"https:\/\/www.bellunopress.it\/2026\/01\/24\/olimpiadi-berton-ora-il-momento-del-riscatto-e-del-rilancio\/"},"author":{"name":"redazione","@id":"https:\/\/www.bellunopress.it\/#\/schema\/person\/79bb06722b37ece1c03d3e94beb30d73"},"headline":"Olimpiadi. Berton: &#8220;Ora \u00e8 il momento del riscatto e del rilancio&#8221;","datePublished":"2026-01-24T13:37:23+00:00","dateModified":"2026-01-24T13:37:50+00:00","mainEntityOfPage":{"@id":"https:\/\/www.bellunopress.it\/2026\/01\/24\/olimpiadi-berton-ora-il-momento-del-riscatto-e-del-rilancio\/"},"wordCount":350,"publisher":{"@id":"https:\/\/www.bellunopress.it\/#organization"},"image":{"@id":"https:\/\/www.bellunopress.it\/2026\/01\/24\/olimpiadi-berton-ora-il-momento-del-riscatto-e-del-rilancio\/#primaryimage"},"thumbnailUrl":"https:\/\/www.bellunopress.it\/wp-content\/uploads\/2023\/11\/Lorraine-Berton_edited.jpg","articleSection":["Lavoro, Economia, Turismo"],"inLanguage":"fr-FR"},{"@type":"WebPage","@id":"https:\/\/www.bellunopress.it\/2026\/01\/24\/olimpiadi-berton-ora-il-momento-del-riscatto-e-del-rilancio\/","url":"https:\/\/www.bellunopress.it\/2026\/01\/24\/olimpiadi-berton-ora-il-momento-del-riscatto-e-del-rilancio\/","name":"Olimpiadi. Berton: \"Ora \u00e8 il momento del riscatto e del rilancio\" - Bellunopress - Dolomiti","isPartOf":{"@id":"https:\/\/www.bellunopress.it\/#website"},"primaryImageOfPage":{"@id":"https:\/\/www.bellunopress.it\/2026\/01\/24\/olimpiadi-berton-ora-il-momento-del-riscatto-e-del-rilancio\/#primaryimage"},"image":{"@id":"https:\/\/www.bellunopress.it\/2026\/01\/24\/olimpiadi-berton-ora-il-momento-del-riscatto-e-del-rilancio\/#primaryimage"},"thumbnailUrl":"https:\/\/www.bellunopress.it\/wp-content\/uploads\/2023\/11\/Lorraine-Berton_edited.jpg","datePublished":"2026-01-24T13:37:23+00:00","dateModified":"2026-01-24T13:37:50+00:00","breadcrumb":{"@id":"https:\/\/www.bellunopress.it\/2026\/01\/24\/olimpiadi-berton-ora-il-momento-del-riscatto-e-del-rilancio\/#breadcrumb"},"inLanguage":"fr-FR","potentialAction":[{"@type":"ReadAction","target":["https:\/\/www.bellunopress.it\/2026\/01\/24\/olimpiadi-berton-ora-il-momento-del-riscatto-e-del-rilancio\/"]}]},{"@type":"ImageObject","inLanguage":"fr-FR","@id":"https:\/\/www.bellunopress.it\/2026\/01\/24\/olimpiadi-berton-ora-il-momento-del-riscatto-e-del-rilancio\/#primaryimage","url":"https:\/\/www.bellunopress.it\/wp-content\/uploads\/2023\/11\/Lorraine-Berton_edited.jpg","contentUrl":"https:\/\/www.bellunopress.it\/wp-content\/uploads\/2023\/11\/Lorraine-Berton_edited.jpg","width":951,"height":1000,"caption":"Lorraine Berton, presidente di Confindustria Belluno Dolomiti"},{"@type":"BreadcrumbList","@id":"https:\/\/www.bellunopress.it\/2026\/01\/24\/olimpiadi-berton-ora-il-momento-del-riscatto-e-del-rilancio\/#breadcrumb","itemListElement":[{"@type":"ListItem","position":1,"name":"Home","item":"https:\/\/www.bellunopress.it\/"},{"@type":"ListItem","position":2,"name":"Olimpiadi. Berton: &#8220;Ora \u00e8 il momento del riscatto e del rilancio&#8221;"}]},{"@type":"WebSite","@id":"https:\/\/www.bellunopress.it\/#website","url":"https:\/\/www.bellunopress.it\/","name":"Bellunopress - Dolomiti","description":"e-mail: redazione@bellunopress.it","publisher":{"@id":"https:\/\/www.bellunopress.it\/#organization"},"potentialAction":[{"@type":"SearchAction","target":{"@type":"EntryPoint","urlTemplate":"https:\/\/www.bellunopress.it\/?s={search_term_string}"},"query-input":{"@type":"PropertyValueSpecification","valueRequired":true,"valueName":"search_term_string"}}],"inLanguage":"fr-FR"},{"@type":"Organization","@id":"https:\/\/www.bellunopress.it\/#organization","name":"Bellunopress","url":"https:\/\/www.bellunopress.it\/","logo":{"@type":"ImageObject","inLanguage":"fr-FR","@id":"https:\/\/www.bellunopress.it\/#\/schema\/logo\/image\/","url":"https:\/\/www.bellunopress.it\/wp-content\/uploads\/2011\/05\/cropped-logo-bellunopress-.jpg","contentUrl":"https:\/\/www.bellunopress.it\/wp-content\/uploads\/2011\/05\/cropped-logo-bellunopress-.jpg","width":512,"height":512,"caption":"Bellunopress"},"image":{"@id":"https:\/\/www.bellunopress.it\/#\/schema\/logo\/image\/"},"sameAs":["https:\/\/www.facebook.com\/profile.php?id=100008943462799","https:\/\/x.com\/bellunopress","https:\/\/www.linkedin.com\/hp\/?dnr=JBzUWaJfMUw8vbXJJ2tVW5-I3jZKvC4wsoxE&amp;amp;amp;amp;amp;amp;trk=nav_responsive_tab_home","https:\/\/www.youtube.com\/channel\/UCxL0wu1uN0_3_7hGG0306cw"]},{"@type":"Person","@id":"https:\/\/www.bellunopress.it\/#\/schema\/person\/79bb06722b37ece1c03d3e94beb30d73","name":"r\u00e9daction","image":{"@type":"ImageObject","inLanguage":"fr-FR","@id":"https:\/\/secure.gravatar.com\/avatar\/37d968a2e67a6fd04c169c4bdef102d0bc5d31b2546345219e348575eb80e9a0?s=96&d=mm&r=g","url":"https:\/\/secure.gravatar.com\/avatar\/37d968a2e67a6fd04c169c4bdef102d0bc5d31b2546345219e348575eb80e9a0?s=96&d=mm&r=g","contentUrl":"https:\/\/secure.gravatar.com\/avatar\/37d968a2e67a6fd04c169c4bdef102d0bc5d31b2546345219e348575eb80e9a0?s=96&d=mm&r=g","caption":"redazione"},"sameAs":["http:\/\/www.bellunopress.it","https:\/\/x.com\/bellunopress"],"url":"https:\/\/www.bellunopress.it\/fr\/author\/redazione\/"}]}},"_links":{"self":[{"href":"https:\/\/www.bellunopress.it\/fr\/wp-json\/wp\/v2\/posts\/166759","targetHints":{"allow":["GET"]}}],"collection":[{"href":"https:\/\/www.bellunopress.it\/fr\/wp-json\/wp\/v2\/posts"}],"about":[{"href":"https:\/\/www.bellunopress.it\/fr\/wp-json\/wp\/v2\/types\/post"}],"author":[{"embeddable":true,"href":"https:\/\/www.bellunopress.it\/fr\/wp-json\/wp\/v2\/users\/2"}],"replies":[{"embeddable":true,"href":"https:\/\/www.bellunopress.it\/fr\/wp-json\/wp\/v2\/comments?post=166759"}],"version-history":[{"count":2,"href":"https:\/\/www.bellunopress.it\/fr\/wp-json\/wp\/v2\/posts\/166759\/revisions"}],"predecessor-version":[{"id":166761,"href":"https:\/\/www.bellunopress.it\/fr\/wp-json\/wp\/v2\/posts\/166759\/revisions\/166761"}],"wp:featuredmedia":[{"embeddable":true,"href":"https:\/\/www.bellunopress.it\/fr\/wp-json\/wp\/v2\/media\/146172"}],"wp:attachment":[{"href":"https:\/\/www.bellunopress.it\/fr\/wp-json\/wp\/v2\/media?parent=166759"}],"wp:term":[{"taxonomy":"category","embeddable":true,"href":"https:\/\/www.bellunopress.it\/fr\/wp-json\/wp\/v2\/categories?post=166759"},{"taxonomy":"post_tag","embeddable":true,"href":"https:\/\/www.bellunopress.it\/fr\/wp-json\/wp\/v2\/tags?post=166759"}],"curies":[{"name":"wp","href":"https:\/\/api.w.org\/{rel}","templated":true}]}}