{"id":166752,"date":"2026-01-24T13:45:59","date_gmt":"2026-01-24T12:45:59","guid":{"rendered":"https:\/\/www.bellunopress.it\/?p=166752"},"modified":"2026-01-24T13:45:59","modified_gmt":"2026-01-24T12:45:59","slug":"belluno-non-e-terra-di-conquista-il-grido-del-territorio-alla-manifestazione-hydro","status":"publish","type":"post","link":"https:\/\/www.bellunopress.it\/fr\/2026\/01\/24\/belluno-non-e-terra-di-conquista-il-grido-del-territorio-alla-manifestazione-hydro\/","title":{"rendered":"Belluno non \u00e8 &#8220;terra di conquista&#8221;: il grido del territorio alla manifestazione Hydro"},"content":{"rendered":"<p data-path-to-node=\"3\"><b data-path-to-node=\"3\" data-index-in-node=\"0\"><img loading=\"lazy\" decoding=\"async\" class=\"aligncenter size-full wp-image-166753\" src=\"https:\/\/www.bellunopress.it\/wp-content\/uploads\/2026\/01\/manifestazione-Hydro-Feltre.jpeg\" alt=\"\" width=\"600\" height=\"450\" srcset=\"https:\/\/www.bellunopress.it\/wp-content\/uploads\/2026\/01\/manifestazione-Hydro-Feltre.jpeg 600w, https:\/\/www.bellunopress.it\/wp-content\/uploads\/2026\/01\/manifestazione-Hydro-Feltre-500x375.jpeg 500w, https:\/\/www.bellunopress.it\/wp-content\/uploads\/2026\/01\/manifestazione-Hydro-Feltre-560x420.jpeg 560w, https:\/\/www.bellunopress.it\/wp-content\/uploads\/2026\/01\/manifestazione-Hydro-Feltre-80x60.jpeg 80w, https:\/\/www.bellunopress.it\/wp-content\/uploads\/2026\/01\/manifestazione-Hydro-Feltre-150x113.jpeg 150w, https:\/\/www.bellunopress.it\/wp-content\/uploads\/2026\/01\/manifestazione-Hydro-Feltre-300x225.jpeg 300w\" sizes=\"auto, (max-width: 600px) 100vw, 600px\" \/>Dalla mobilitazione di Feltre parte un messaggio chiaro alla politica e alle multinazionali: la montagna bellunese non accetta di essere sfruttata e poi abbandonata. Tra crisi industriali e l&#8217;ombra dello spopolamento, il futuro si gioca sulla dignit\u00e0 del lavoro.<\/b><\/p>\n<p data-path-to-node=\"4\">Feltre, 24 gennaio 2026 \u00a0\u2013 Non \u00e8 solo una questione di cifre, di esuberi o di bilanci. Quella che si \u00e8 consumata davanti ai cancelli della Hydro di Feltre \u00e8 una battaglia per la dignit\u00e0. Operai, sindacati e istituzioni si sono ritrovati fianco a fianco per dire &#8220;basta&#8221; a un modello industriale che vede il territorio bellunese come una risorsa da spremere finch\u00e9 conviene, per poi essere abbandonata al primo soffio di crisi.<\/p>\n<h3 data-path-to-node=\"5\">Il richiamo alla responsabilit\u00e0 delle multinazionali<\/h3>\n<p data-path-to-node=\"6\">Il Presidente della Provincia, Roberto Padrin, ha usato parole nette per descrivere il sentimento di una comunit\u00e0 ferita: &#8220;Una multinazionale non pu\u00f2 decidere dall\u2019oggi al domani di andarsene dopo aver goduto per anni di sviluppo e manodopera&#8221;.<\/p>\n<p data-path-to-node=\"7\">Il riferimento non \u00e8 solo alla Hydro, ma a una scia di crisi che sta colpendo il cuore manifatturiero della provincia. Padrin ha citato i casi di Ceramica Dolomite ed Edim Bosch, senza nascondere la preoccupazione per il rallentamento del settore dell&#8217;occhialeria, storico motore dell&#8217;economia locale.<\/p>\n<h3 data-path-to-node=\"8\">Le Olimpiadi: vetrina o occasione di riscatto?<\/h3>\n<h6 style=\"text-align: left;\" data-path-to-node=\"9\">In un territorio che si prepara a ospitare i riflettori mondiali di Milano-Cortina 2026, il contrasto \u00e8 stridente. La provocazione di Padrin \u00e8 chiara: la vera sfida olimpica non \u00e8 solo organizzare gare impeccabili, ma dimostrare che la montagna \u00e8 viva e produttiva.<\/h6>\n<blockquote data-path-to-node=\"10\">\n<h6 style=\"text-align: left;\" data-path-to-node=\"10,0\">&#8220;A chi dice che la politica pensa solo alle Olimpiadi e se ne frega del resto, rispondo che i Giochi devono essere l&#8217;occasione per portare all&#8217;attenzione nazionale queste crisi. La montagna deve avere gli strumenti per essere forte, non essere considerata terra di conquista.&#8221;<\/h6>\n<\/blockquote>\n<h3 data-path-to-node=\"11\">Il rischio di un &#8220;ritorno alle origini&#8221;<\/h3>\n<p data-path-to-node=\"12\">Ancora pi\u00f9 duro l&#8217;allarme lanciato da Roberto Toigo, segretario generale della Uil Veneto. Toigo ha tracciato un parallelo storico inquietante: se il Bellunese \u00e8 diventato un polo industriale grazie ai contributi del post-Vajont, oggi quel ciclo sembra arrivato a un punto di rottura.<\/p>\n<p data-path-to-node=\"13\">Secondo la Uil, senza interventi strutturali urgenti, il destino \u00e8 segnato:<\/p>\n<ul data-path-to-node=\"14\">\n<li>\n<p data-path-to-node=\"14,0,0\">Investimenti mirati: servono infrastrutture moderne.<\/p>\n<\/li>\n<li>\n<p data-path-to-node=\"14,1,0\">Fiscalit\u00e0 di vantaggio: tassazione agevolata per chi resta a produrre in quota.<\/p>\n<\/li>\n<li>\n<p data-path-to-node=\"14,2,0\">Servizi ai residenti: per frenare lo spopolamento che minaccia di svuotare le valli.<\/p>\n<\/li>\n<\/ul>\n<p data-path-to-node=\"15\">&#8220;Senza una politica che crei le condizioni per restare,&#8221; ha avvertito Toigo, &#8220;torneremo a essere una terra dove le persone devono andare via per cercare opportunit\u00e0.&#8221;<\/p>\n<h3 data-path-to-node=\"17\">In sintesi: le richieste del territorio<\/h3>\n<table data-path-to-node=\"18\">\n<thead>\n<tr>\n<td>Criticit\u00e0<\/td>\n<td>Soluzione Proposta<\/td>\n<\/tr>\n<\/thead>\n<tbody>\n<tr>\n<td>Abbandono delle multinazionali<\/td>\n<td>Misure concrete per frenare la delocalizzazione selvaggia.<\/td>\n<\/tr>\n<tr>\n<td>Rallentamento manifatturiero<\/td>\n<td>Supporto ai settori strategici (occhialeria, ceramica).<\/td>\n<\/tr>\n<tr>\n<td>Spopolamento<\/td>\n<td>Garantire servizi fondamentali per residenti e imprese.<\/td>\n<\/tr>\n<tr>\n<td>Isolamento della montagna<\/td>\n<td><span data-path-to-node=\"18,4,1,0\">Usare la visibilit\u00e0 olimpica come leva politica per il territorio.<\/span><\/td>\n<\/tr>\n<\/tbody>\n<\/table>\n<p data-path-to-node=\"19\">La manifestazione di Feltre non \u00e8 stata dunque solo una protesta locale, ma un monito a tutto il Paese: la montagna bellunese \u00e8 pronta a lottare per il proprio futuro, rivendicando che la dignit\u00e0 di un territorio passa, inevitabilmente, attraverso un lavoro equo, giusto e radicato.<\/p>","protected":false},"excerpt":{"rendered":"<p>Dalla mobilitazione di Feltre parte un messaggio chiaro alla politica e alle multinazionali: la montagna bellunese non accetta di essere sfruttata e poi abbandonata. Tra crisi industriali e l&#8217;ombra dello spopolamento, il futuro si gioca sulla dignit\u00e0 del lavoro. Feltre, 24 gennaio 2026 \u00a0\u2013 Non \u00e8 solo una questione di cifre, di esuberi o di [&hellip;]<\/p>\n","protected":false},"author":2,"featured_media":157930,"comment_status":"closed","ping_status":"open","sticky":false,"template":"","format":"standard","meta":{"footnotes":""},"categories":[5,36],"tags":[],"class_list":["post-166752","post","type-post","status-publish","format-standard","has-post-thumbnail","category-cronaca","category-lavoro-economia"],"yoast_head":"<!-- This site is optimized with the Yoast SEO plugin v28.4 - https:\/\/yoast.com\/product\/yoast-seo-wordpress\/ -->\n<title>Belluno non \u00e8 &quot;terra di conquista&quot;: il grido del territorio alla manifestazione Hydro - Bellunopress - Dolomiti<\/title>\n<meta name=\"robots\" content=\"index, follow, max-snippet:-1, max-image-preview:large, max-video-preview:-1\" \/>\n<link rel=\"canonical\" href=\"https:\/\/www.bellunopress.it\/fr\/2026\/01\/24\/belluno-non-e-terra-di-conquista-il-grido-del-territorio-alla-manifestazione-hydro\/\" \/>\n<meta property=\"og:locale\" content=\"fr_FR\" \/>\n<meta property=\"og:type\" content=\"article\" \/>\n<meta property=\"og:title\" content=\"Belluno non \u00e8 &quot;terra di conquista&quot;: il grido del territorio alla manifestazione Hydro - Bellunopress - Dolomiti\" \/>\n<meta property=\"og:description\" content=\"Dalla mobilitazione di Feltre parte un messaggio chiaro alla politica e alle multinazionali: la montagna bellunese non accetta di essere sfruttata e poi abbandonata. Tra crisi industriali e l&#8217;ombra dello spopolamento, il futuro si gioca sulla dignit\u00e0 del lavoro. Feltre, 24 gennaio 2026 \u00a0\u2013 Non \u00e8 solo una questione di cifre, di esuberi o di [&hellip;]\" \/>\n<meta property=\"og:url\" content=\"https:\/\/www.bellunopress.it\/fr\/2026\/01\/24\/belluno-non-e-terra-di-conquista-il-grido-del-territorio-alla-manifestazione-hydro\/\" \/>\n<meta property=\"og:site_name\" content=\"Bellunopress - Dolomiti\" \/>\n<meta property=\"article:publisher\" content=\"https:\/\/www.facebook.com\/profile.php?id=100008943462799\" \/>\n<meta property=\"article:published_time\" content=\"2026-01-24T12:45:59+00:00\" \/>\n<meta property=\"og:image\" content=\"https:\/\/www.bellunopress.it\/wp-content\/uploads\/2025\/02\/Fiom-Cgil-Hydro-Feltre.jpg\" \/>\n\t<meta property=\"og:image:width\" content=\"1599\" \/>\n\t<meta property=\"og:image:height\" content=\"1176\" \/>\n\t<meta property=\"og:image:type\" content=\"image\/jpeg\" \/>\n<meta name=\"author\" content=\"redazione\" \/>\n<meta name=\"twitter:card\" content=\"summary_large_image\" \/>\n<meta name=\"twitter:creator\" content=\"@bellunopress\" \/>\n<meta name=\"twitter:site\" content=\"@bellunopress\" \/>\n<meta name=\"twitter:label1\" content=\"\u00c9crit par\" \/>\n\t<meta name=\"twitter:data1\" content=\"redazione\" \/>\n\t<meta name=\"twitter:label2\" content=\"Dur\u00e9e de lecture estim\u00e9e\" \/>\n\t<meta name=\"twitter:data2\" content=\"2 minutes\" \/>\n<script type=\"application\/ld+json\" class=\"yoast-schema-graph\">{\"@context\":\"https:\\\/\\\/schema.org\",\"@graph\":[{\"@type\":\"Article\",\"@id\":\"https:\\\/\\\/www.bellunopress.it\\\/2026\\\/01\\\/24\\\/belluno-non-e-terra-di-conquista-il-grido-del-territorio-alla-manifestazione-hydro\\\/#article\",\"isPartOf\":{\"@id\":\"https:\\\/\\\/www.bellunopress.it\\\/2026\\\/01\\\/24\\\/belluno-non-e-terra-di-conquista-il-grido-del-territorio-alla-manifestazione-hydro\\\/\"},\"author\":{\"name\":\"redazione\",\"@id\":\"https:\\\/\\\/www.bellunopress.it\\\/#\\\/schema\\\/person\\\/79bb06722b37ece1c03d3e94beb30d73\"},\"headline\":\"Belluno non \u00e8 &#8220;terra di conquista&#8221;: il grido del territorio alla manifestazione Hydro\",\"datePublished\":\"2026-01-24T12:45:59+00:00\",\"mainEntityOfPage\":{\"@id\":\"https:\\\/\\\/www.bellunopress.it\\\/2026\\\/01\\\/24\\\/belluno-non-e-terra-di-conquista-il-grido-del-territorio-alla-manifestazione-hydro\\\/\"},\"wordCount\":509,\"publisher\":{\"@id\":\"https:\\\/\\\/www.bellunopress.it\\\/#organization\"},\"image\":{\"@id\":\"https:\\\/\\\/www.bellunopress.it\\\/2026\\\/01\\\/24\\\/belluno-non-e-terra-di-conquista-il-grido-del-territorio-alla-manifestazione-hydro\\\/#primaryimage\"},\"thumbnailUrl\":\"https:\\\/\\\/www.bellunopress.it\\\/wp-content\\\/uploads\\\/2025\\\/02\\\/Fiom-Cgil-Hydro-Feltre.jpg\",\"articleSection\":[\"Cronaca\\\/Politica\",\"Lavoro, Economia, Turismo\"],\"inLanguage\":\"fr-FR\"},{\"@type\":\"WebPage\",\"@id\":\"https:\\\/\\\/www.bellunopress.it\\\/2026\\\/01\\\/24\\\/belluno-non-e-terra-di-conquista-il-grido-del-territorio-alla-manifestazione-hydro\\\/\",\"url\":\"https:\\\/\\\/www.bellunopress.it\\\/2026\\\/01\\\/24\\\/belluno-non-e-terra-di-conquista-il-grido-del-territorio-alla-manifestazione-hydro\\\/\",\"name\":\"Belluno non \u00e8 \\\"terra di conquista\\\": il grido del territorio alla manifestazione Hydro - Bellunopress - Dolomiti\",\"isPartOf\":{\"@id\":\"https:\\\/\\\/www.bellunopress.it\\\/#website\"},\"primaryImageOfPage\":{\"@id\":\"https:\\\/\\\/www.bellunopress.it\\\/2026\\\/01\\\/24\\\/belluno-non-e-terra-di-conquista-il-grido-del-territorio-alla-manifestazione-hydro\\\/#primaryimage\"},\"image\":{\"@id\":\"https:\\\/\\\/www.bellunopress.it\\\/2026\\\/01\\\/24\\\/belluno-non-e-terra-di-conquista-il-grido-del-territorio-alla-manifestazione-hydro\\\/#primaryimage\"},\"thumbnailUrl\":\"https:\\\/\\\/www.bellunopress.it\\\/wp-content\\\/uploads\\\/2025\\\/02\\\/Fiom-Cgil-Hydro-Feltre.jpg\",\"datePublished\":\"2026-01-24T12:45:59+00:00\",\"breadcrumb\":{\"@id\":\"https:\\\/\\\/www.bellunopress.it\\\/2026\\\/01\\\/24\\\/belluno-non-e-terra-di-conquista-il-grido-del-territorio-alla-manifestazione-hydro\\\/#breadcrumb\"},\"inLanguage\":\"fr-FR\",\"potentialAction\":[{\"@type\":\"ReadAction\",\"target\":[\"https:\\\/\\\/www.bellunopress.it\\\/2026\\\/01\\\/24\\\/belluno-non-e-terra-di-conquista-il-grido-del-territorio-alla-manifestazione-hydro\\\/\"]}]},{\"@type\":\"ImageObject\",\"inLanguage\":\"fr-FR\",\"@id\":\"https:\\\/\\\/www.bellunopress.it\\\/2026\\\/01\\\/24\\\/belluno-non-e-terra-di-conquista-il-grido-del-territorio-alla-manifestazione-hydro\\\/#primaryimage\",\"url\":\"https:\\\/\\\/www.bellunopress.it\\\/wp-content\\\/uploads\\\/2025\\\/02\\\/Fiom-Cgil-Hydro-Feltre.jpg\",\"contentUrl\":\"https:\\\/\\\/www.bellunopress.it\\\/wp-content\\\/uploads\\\/2025\\\/02\\\/Fiom-Cgil-Hydro-Feltre.jpg\",\"width\":1599,\"height\":1176,\"caption\":\"Fiom Cgil, manifestazione alla Hydro Feltre (immagini di repertorio)\"},{\"@type\":\"BreadcrumbList\",\"@id\":\"https:\\\/\\\/www.bellunopress.it\\\/2026\\\/01\\\/24\\\/belluno-non-e-terra-di-conquista-il-grido-del-territorio-alla-manifestazione-hydro\\\/#breadcrumb\",\"itemListElement\":[{\"@type\":\"ListItem\",\"position\":1,\"name\":\"Home\",\"item\":\"https:\\\/\\\/www.bellunopress.it\\\/\"},{\"@type\":\"ListItem\",\"position\":2,\"name\":\"Belluno non \u00e8 &#8220;terra di conquista&#8221;: il grido del territorio alla manifestazione Hydro\"}]},{\"@type\":\"WebSite\",\"@id\":\"https:\\\/\\\/www.bellunopress.it\\\/#website\",\"url\":\"https:\\\/\\\/www.bellunopress.it\\\/\",\"name\":\"Bellunopress - Dolomiti\",\"description\":\"e-mail: redazione@bellunopress.it\",\"publisher\":{\"@id\":\"https:\\\/\\\/www.bellunopress.it\\\/#organization\"},\"potentialAction\":[{\"@type\":\"SearchAction\",\"target\":{\"@type\":\"EntryPoint\",\"urlTemplate\":\"https:\\\/\\\/www.bellunopress.it\\\/?s={search_term_string}\"},\"query-input\":{\"@type\":\"PropertyValueSpecification\",\"valueRequired\":true,\"valueName\":\"search_term_string\"}}],\"inLanguage\":\"fr-FR\"},{\"@type\":\"Organization\",\"@id\":\"https:\\\/\\\/www.bellunopress.it\\\/#organization\",\"name\":\"Bellunopress\",\"url\":\"https:\\\/\\\/www.bellunopress.it\\\/\",\"logo\":{\"@type\":\"ImageObject\",\"inLanguage\":\"fr-FR\",\"@id\":\"https:\\\/\\\/www.bellunopress.it\\\/#\\\/schema\\\/logo\\\/image\\\/\",\"url\":\"https:\\\/\\\/www.bellunopress.it\\\/wp-content\\\/uploads\\\/2011\\\/05\\\/cropped-logo-bellunopress-.jpg\",\"contentUrl\":\"https:\\\/\\\/www.bellunopress.it\\\/wp-content\\\/uploads\\\/2011\\\/05\\\/cropped-logo-bellunopress-.jpg\",\"width\":512,\"height\":512,\"caption\":\"Bellunopress\"},\"image\":{\"@id\":\"https:\\\/\\\/www.bellunopress.it\\\/#\\\/schema\\\/logo\\\/image\\\/\"},\"sameAs\":[\"https:\\\/\\\/www.facebook.com\\\/profile.php?id=100008943462799\",\"https:\\\/\\\/x.com\\\/bellunopress\",\"https:\\\/\\\/www.linkedin.com\\\/hp\\\/?dnr=JBzUWaJfMUw8vbXJJ2tVW5-I3jZKvC4wsoxE&amp;amp;amp;amp;amp;amp;trk=nav_responsive_tab_home\",\"https:\\\/\\\/www.youtube.com\\\/channel\\\/UCxL0wu1uN0_3_7hGG0306cw\"]},{\"@type\":\"Person\",\"@id\":\"https:\\\/\\\/www.bellunopress.it\\\/#\\\/schema\\\/person\\\/79bb06722b37ece1c03d3e94beb30d73\",\"name\":\"redazione\",\"image\":{\"@type\":\"ImageObject\",\"inLanguage\":\"fr-FR\",\"@id\":\"https:\\\/\\\/secure.gravatar.com\\\/avatar\\\/37d968a2e67a6fd04c169c4bdef102d0bc5d31b2546345219e348575eb80e9a0?s=96&d=mm&r=g\",\"url\":\"https:\\\/\\\/secure.gravatar.com\\\/avatar\\\/37d968a2e67a6fd04c169c4bdef102d0bc5d31b2546345219e348575eb80e9a0?s=96&d=mm&r=g\",\"contentUrl\":\"https:\\\/\\\/secure.gravatar.com\\\/avatar\\\/37d968a2e67a6fd04c169c4bdef102d0bc5d31b2546345219e348575eb80e9a0?s=96&d=mm&r=g\",\"caption\":\"redazione\"},\"sameAs\":[\"http:\\\/\\\/www.bellunopress.it\",\"https:\\\/\\\/x.com\\\/bellunopress\"],\"url\":\"https:\\\/\\\/www.bellunopress.it\\\/fr\\\/author\\\/redazione\\\/\"}]}<\/script>\n<!-- \/ Yoast SEO plugin. -->","yoast_head_json":{"title":"Belluno non \u00e8 \"terra di conquista\": il grido del territorio alla manifestazione Hydro - Bellunopress - Dolomiti","robots":{"index":"index","follow":"follow","max-snippet":"max-snippet:-1","max-image-preview":"max-image-preview:large","max-video-preview":"max-video-preview:-1"},"canonical":"https:\/\/www.bellunopress.it\/fr\/2026\/01\/24\/belluno-non-e-terra-di-conquista-il-grido-del-territorio-alla-manifestazione-hydro\/","og_locale":"fr_FR","og_type":"article","og_title":"Belluno non \u00e8 \"terra di conquista\": il grido del territorio alla manifestazione Hydro - Bellunopress - Dolomiti","og_description":"Dalla mobilitazione di Feltre parte un messaggio chiaro alla politica e alle multinazionali: la montagna bellunese non accetta di essere sfruttata e poi abbandonata. Tra crisi industriali e l&#8217;ombra dello spopolamento, il futuro si gioca sulla dignit\u00e0 del lavoro. Feltre, 24 gennaio 2026 \u00a0\u2013 Non \u00e8 solo una questione di cifre, di esuberi o di [&hellip;]","og_url":"https:\/\/www.bellunopress.it\/fr\/2026\/01\/24\/belluno-non-e-terra-di-conquista-il-grido-del-territorio-alla-manifestazione-hydro\/","og_site_name":"Bellunopress - Dolomiti","article_publisher":"https:\/\/www.facebook.com\/profile.php?id=100008943462799","article_published_time":"2026-01-24T12:45:59+00:00","og_image":[{"width":1599,"height":1176,"url":"https:\/\/www.bellunopress.it\/wp-content\/uploads\/2025\/02\/Fiom-Cgil-Hydro-Feltre.jpg","type":"image\/jpeg"}],"author":"redazione","twitter_card":"summary_large_image","twitter_creator":"@bellunopress","twitter_site":"@bellunopress","twitter_misc":{"\u00c9crit par":"redazione","Dur\u00e9e de lecture estim\u00e9e":"2 minutes"},"schema":{"@context":"https:\/\/schema.org","@graph":[{"@type":"Article","@id":"https:\/\/www.bellunopress.it\/2026\/01\/24\/belluno-non-e-terra-di-conquista-il-grido-del-territorio-alla-manifestazione-hydro\/#article","isPartOf":{"@id":"https:\/\/www.bellunopress.it\/2026\/01\/24\/belluno-non-e-terra-di-conquista-il-grido-del-territorio-alla-manifestazione-hydro\/"},"author":{"name":"redazione","@id":"https:\/\/www.bellunopress.it\/#\/schema\/person\/79bb06722b37ece1c03d3e94beb30d73"},"headline":"Belluno non \u00e8 &#8220;terra di conquista&#8221;: il grido del territorio alla manifestazione Hydro","datePublished":"2026-01-24T12:45:59+00:00","mainEntityOfPage":{"@id":"https:\/\/www.bellunopress.it\/2026\/01\/24\/belluno-non-e-terra-di-conquista-il-grido-del-territorio-alla-manifestazione-hydro\/"},"wordCount":509,"publisher":{"@id":"https:\/\/www.bellunopress.it\/#organization"},"image":{"@id":"https:\/\/www.bellunopress.it\/2026\/01\/24\/belluno-non-e-terra-di-conquista-il-grido-del-territorio-alla-manifestazione-hydro\/#primaryimage"},"thumbnailUrl":"https:\/\/www.bellunopress.it\/wp-content\/uploads\/2025\/02\/Fiom-Cgil-Hydro-Feltre.jpg","articleSection":["Cronaca\/Politica","Lavoro, Economia, Turismo"],"inLanguage":"fr-FR"},{"@type":"WebPage","@id":"https:\/\/www.bellunopress.it\/2026\/01\/24\/belluno-non-e-terra-di-conquista-il-grido-del-territorio-alla-manifestazione-hydro\/","url":"https:\/\/www.bellunopress.it\/2026\/01\/24\/belluno-non-e-terra-di-conquista-il-grido-del-territorio-alla-manifestazione-hydro\/","name":"Belluno non \u00e8 \"terra di conquista\": il grido del territorio alla manifestazione Hydro - Bellunopress - Dolomiti","isPartOf":{"@id":"https:\/\/www.bellunopress.it\/#website"},"primaryImageOfPage":{"@id":"https:\/\/www.bellunopress.it\/2026\/01\/24\/belluno-non-e-terra-di-conquista-il-grido-del-territorio-alla-manifestazione-hydro\/#primaryimage"},"image":{"@id":"https:\/\/www.bellunopress.it\/2026\/01\/24\/belluno-non-e-terra-di-conquista-il-grido-del-territorio-alla-manifestazione-hydro\/#primaryimage"},"thumbnailUrl":"https:\/\/www.bellunopress.it\/wp-content\/uploads\/2025\/02\/Fiom-Cgil-Hydro-Feltre.jpg","datePublished":"2026-01-24T12:45:59+00:00","breadcrumb":{"@id":"https:\/\/www.bellunopress.it\/2026\/01\/24\/belluno-non-e-terra-di-conquista-il-grido-del-territorio-alla-manifestazione-hydro\/#breadcrumb"},"inLanguage":"fr-FR","potentialAction":[{"@type":"ReadAction","target":["https:\/\/www.bellunopress.it\/2026\/01\/24\/belluno-non-e-terra-di-conquista-il-grido-del-territorio-alla-manifestazione-hydro\/"]}]},{"@type":"ImageObject","inLanguage":"fr-FR","@id":"https:\/\/www.bellunopress.it\/2026\/01\/24\/belluno-non-e-terra-di-conquista-il-grido-del-territorio-alla-manifestazione-hydro\/#primaryimage","url":"https:\/\/www.bellunopress.it\/wp-content\/uploads\/2025\/02\/Fiom-Cgil-Hydro-Feltre.jpg","contentUrl":"https:\/\/www.bellunopress.it\/wp-content\/uploads\/2025\/02\/Fiom-Cgil-Hydro-Feltre.jpg","width":1599,"height":1176,"caption":"Fiom Cgil, manifestazione alla Hydro Feltre (immagini di repertorio)"},{"@type":"BreadcrumbList","@id":"https:\/\/www.bellunopress.it\/2026\/01\/24\/belluno-non-e-terra-di-conquista-il-grido-del-territorio-alla-manifestazione-hydro\/#breadcrumb","itemListElement":[{"@type":"ListItem","position":1,"name":"Home","item":"https:\/\/www.bellunopress.it\/"},{"@type":"ListItem","position":2,"name":"Belluno non \u00e8 &#8220;terra di conquista&#8221;: il grido del territorio alla manifestazione Hydro"}]},{"@type":"WebSite","@id":"https:\/\/www.bellunopress.it\/#website","url":"https:\/\/www.bellunopress.it\/","name":"Bellunopress - Dolomiti","description":"e-mail: redazione@bellunopress.it","publisher":{"@id":"https:\/\/www.bellunopress.it\/#organization"},"potentialAction":[{"@type":"SearchAction","target":{"@type":"EntryPoint","urlTemplate":"https:\/\/www.bellunopress.it\/?s={search_term_string}"},"query-input":{"@type":"PropertyValueSpecification","valueRequired":true,"valueName":"search_term_string"}}],"inLanguage":"fr-FR"},{"@type":"Organization","@id":"https:\/\/www.bellunopress.it\/#organization","name":"Bellunopress","url":"https:\/\/www.bellunopress.it\/","logo":{"@type":"ImageObject","inLanguage":"fr-FR","@id":"https:\/\/www.bellunopress.it\/#\/schema\/logo\/image\/","url":"https:\/\/www.bellunopress.it\/wp-content\/uploads\/2011\/05\/cropped-logo-bellunopress-.jpg","contentUrl":"https:\/\/www.bellunopress.it\/wp-content\/uploads\/2011\/05\/cropped-logo-bellunopress-.jpg","width":512,"height":512,"caption":"Bellunopress"},"image":{"@id":"https:\/\/www.bellunopress.it\/#\/schema\/logo\/image\/"},"sameAs":["https:\/\/www.facebook.com\/profile.php?id=100008943462799","https:\/\/x.com\/bellunopress","https:\/\/www.linkedin.com\/hp\/?dnr=JBzUWaJfMUw8vbXJJ2tVW5-I3jZKvC4wsoxE&amp;amp;amp;amp;amp;amp;trk=nav_responsive_tab_home","https:\/\/www.youtube.com\/channel\/UCxL0wu1uN0_3_7hGG0306cw"]},{"@type":"Person","@id":"https:\/\/www.bellunopress.it\/#\/schema\/person\/79bb06722b37ece1c03d3e94beb30d73","name":"r\u00e9daction","image":{"@type":"ImageObject","inLanguage":"fr-FR","@id":"https:\/\/secure.gravatar.com\/avatar\/37d968a2e67a6fd04c169c4bdef102d0bc5d31b2546345219e348575eb80e9a0?s=96&d=mm&r=g","url":"https:\/\/secure.gravatar.com\/avatar\/37d968a2e67a6fd04c169c4bdef102d0bc5d31b2546345219e348575eb80e9a0?s=96&d=mm&r=g","contentUrl":"https:\/\/secure.gravatar.com\/avatar\/37d968a2e67a6fd04c169c4bdef102d0bc5d31b2546345219e348575eb80e9a0?s=96&d=mm&r=g","caption":"redazione"},"sameAs":["http:\/\/www.bellunopress.it","https:\/\/x.com\/bellunopress"],"url":"https:\/\/www.bellunopress.it\/fr\/author\/redazione\/"}]}},"_links":{"self":[{"href":"https:\/\/www.bellunopress.it\/fr\/wp-json\/wp\/v2\/posts\/166752","targetHints":{"allow":["GET"]}}],"collection":[{"href":"https:\/\/www.bellunopress.it\/fr\/wp-json\/wp\/v2\/posts"}],"about":[{"href":"https:\/\/www.bellunopress.it\/fr\/wp-json\/wp\/v2\/types\/post"}],"author":[{"embeddable":true,"href":"https:\/\/www.bellunopress.it\/fr\/wp-json\/wp\/v2\/users\/2"}],"replies":[{"embeddable":true,"href":"https:\/\/www.bellunopress.it\/fr\/wp-json\/wp\/v2\/comments?post=166752"}],"version-history":[{"count":1,"href":"https:\/\/www.bellunopress.it\/fr\/wp-json\/wp\/v2\/posts\/166752\/revisions"}],"predecessor-version":[{"id":166754,"href":"https:\/\/www.bellunopress.it\/fr\/wp-json\/wp\/v2\/posts\/166752\/revisions\/166754"}],"wp:featuredmedia":[{"embeddable":true,"href":"https:\/\/www.bellunopress.it\/fr\/wp-json\/wp\/v2\/media\/157930"}],"wp:attachment":[{"href":"https:\/\/www.bellunopress.it\/fr\/wp-json\/wp\/v2\/media?parent=166752"}],"wp:term":[{"taxonomy":"category","embeddable":true,"href":"https:\/\/www.bellunopress.it\/fr\/wp-json\/wp\/v2\/categories?post=166752"},{"taxonomy":"post_tag","embeddable":true,"href":"https:\/\/www.bellunopress.it\/fr\/wp-json\/wp\/v2\/tags?post=166752"}],"curies":[{"name":"wp","href":"https:\/\/api.w.org\/{rel}","templated":true}]}}