{"id":166745,"date":"2026-01-24T13:05:01","date_gmt":"2026-01-24T12:05:01","guid":{"rendered":"https:\/\/www.bellunopress.it\/?p=166745"},"modified":"2026-01-24T13:05:01","modified_gmt":"2026-01-24T12:05:01","slug":"arma-1814-ski-callenge-partita-da-cortina-la-2a-edizione-dellesercitazione-alpina-dellarma-dei-carabinieri","status":"publish","type":"post","link":"https:\/\/www.bellunopress.it\/fr\/2026\/01\/24\/arma-1814-ski-callenge-partita-da-cortina-la-2a-edizione-dellesercitazione-alpina-dellarma-dei-carabinieri\/","title":{"rendered":"Arma 1814 Ski Callenge. Partita da Cortina la 2a edizione dell&#8217;esercitazione alpina dell&#8217;Arma dei Carabinieri"},"content":{"rendered":"<p><img loading=\"lazy\" decoding=\"async\" class=\"aligncenter size-full wp-image-166747\" src=\"https:\/\/www.bellunopress.it\/wp-content\/uploads\/2026\/01\/Arma-1814-Ski-Challenge.jpeg\" alt=\"\" width=\"600\" height=\"450\" srcset=\"https:\/\/www.bellunopress.it\/wp-content\/uploads\/2026\/01\/Arma-1814-Ski-Challenge.jpeg 600w, https:\/\/www.bellunopress.it\/wp-content\/uploads\/2026\/01\/Arma-1814-Ski-Challenge-500x375.jpeg 500w, https:\/\/www.bellunopress.it\/wp-content\/uploads\/2026\/01\/Arma-1814-Ski-Challenge-560x420.jpeg 560w, https:\/\/www.bellunopress.it\/wp-content\/uploads\/2026\/01\/Arma-1814-Ski-Challenge-80x60.jpeg 80w, https:\/\/www.bellunopress.it\/wp-content\/uploads\/2026\/01\/Arma-1814-Ski-Challenge-150x113.jpeg 150w, https:\/\/www.bellunopress.it\/wp-content\/uploads\/2026\/01\/Arma-1814-Ski-Challenge-300x225.jpeg 300w\" sizes=\"auto, (max-width: 600px) 100vw, 600px\" \/>Cortina, 24 gennaio 2026 \u2013 E\u2019 partita da Cortina d\u2019Ampezzo nella giornata di ieri 23 gennaio, la seconda edizione di \u201cArma 1814 Ski Challenge\u201d la manifestazione che ha trasformato la pi\u00f9 complessa esercitazione alpina dell\u2019Arma dei Carabinieri, in una manifestazione sportiva, ricca di eventi dedicati al grande pubblico ed una gara di sci unica nel suo genere.<\/p>\n<p>Protagonisti della prima giornata gli alunni della Scuola Primaria Duca d\u2019Aosta e della Scuola Media Zardini dell\u2019Istituto Comprensivo di Cortina d\u2019Ampezzo che hanno potuto vivere in prima persona l\u2019esperienza di salire in sella con i carabinieri del 4\u00b0 Reggimento Carabinieri a cavallo e sulle motoslitte del Soccorso Alpino dell\u2019Arma dei Carabinieri.<\/p>\n<figure id=\"attachment_166746\" aria-describedby=\"caption-attachment-166746\" style=\"width: 600px\" class=\"wp-caption aligncenter\"><img loading=\"lazy\" decoding=\"async\" class=\"size-full wp-image-166746\" src=\"https:\/\/www.bellunopress.it\/wp-content\/uploads\/2026\/01\/Generale-Andrea-Rispoli-e-Roberta-Alvera-vicesindaco-Cortina.jpg\" alt=\"\" width=\"600\" height=\"450\" srcset=\"https:\/\/www.bellunopress.it\/wp-content\/uploads\/2026\/01\/Generale-Andrea-Rispoli-e-Roberta-Alvera-vicesindaco-Cortina.jpg 600w, https:\/\/www.bellunopress.it\/wp-content\/uploads\/2026\/01\/Generale-Andrea-Rispoli-e-Roberta-Alvera-vicesindaco-Cortina-500x375.jpg 500w, https:\/\/www.bellunopress.it\/wp-content\/uploads\/2026\/01\/Generale-Andrea-Rispoli-e-Roberta-Alvera-vicesindaco-Cortina-560x420.jpg 560w, https:\/\/www.bellunopress.it\/wp-content\/uploads\/2026\/01\/Generale-Andrea-Rispoli-e-Roberta-Alvera-vicesindaco-Cortina-80x60.jpg 80w, https:\/\/www.bellunopress.it\/wp-content\/uploads\/2026\/01\/Generale-Andrea-Rispoli-e-Roberta-Alvera-vicesindaco-Cortina-150x113.jpg 150w, https:\/\/www.bellunopress.it\/wp-content\/uploads\/2026\/01\/Generale-Andrea-Rispoli-e-Roberta-Alvera-vicesindaco-Cortina-300x225.jpg 300w\" sizes=\"auto, (max-width: 600px) 100vw, 600px\" \/><figcaption id=\"caption-attachment-166746\" class=\"wp-caption-text\">Generale di Corpo d\u2019Armata Andrea Rispoli e la vicesindaco di Cortina d&#8217;Ampezzo Roberta Alver\u00e0<\/figcaption><\/figure>\n<p>La giornata \u00e8 proseguita con un importante momento di raccoglimento con la cerimonia di deposizione di una corona d\u2019alloro in memoria dei Caduti della Grande Guerra presso il Sacrario Militare di Pocol alla quale ha preso parte il Generale di Corpo d\u2019Armata Andrea Rispoli \u2013 Capo dell&#8217;Ufficio per la tutela della cultura e della memoria della Difesa:<\/p>\n<p>\u201cAttraverso questa deposizione vogliamo fare un&#8217;azione di cultura e di memoria. Abbiamo illuminato con il tricolore il Sacrario grazie all\u2019impegno di Difesa Servizi che ringrazio. Sono i colori nazionali che ci ricordano i valori della patria, ci ricordano la storia del nostro paese ma ci ricordano anche l&#8217;importanza di ricercare la pace e la convivenza tra i popoli. Mettiamo il tricolore anche in un periodo speciale per queste terre, bellissime, dove tra poco si celebreranno i giochi olimpici che anticamente nascono come concetto di pace e di vicinanza e di comunanza tra i cittadini e quindi \u00e8 una doppia funzione la quale noi teniamo particolarmente\u201d.<\/p>\n<p>Presente anche Luca Andreoli Amministratore Delegato di Difesa Servizi, la societ\u00e0 in house del Ministero della Difesa che si occupa della valorizzazione degli asset del Dicastero che insieme all\u2019Arma dei Carabinieri organizza la manifestazione:<\/p>\n<p>\u201cSiamo qui per rendere onore a chi ci ha consentito di vivere in libert\u00e0 e in pace: un valore mai scontato, che dobbiamo preservare, valorizzare ogni giorno e trasmettere alle nuove generazioni. Questo momento al Sacrario di Pocol assume un significato particolare per il territorio, che tra pochi giorni vedr\u00e0 l\u2019inizio delle Olimpiadi Milano. Siamo qui per rinnovare il nostro ringraziamento a quanti ci hanno donato tutto questo. Lo facciamo nell\u2019ambito della seconda edizione dell\u2019\u201cArma 1814 Ski Challenge\u201d, una manifestazione sportiva realizzata con e per l\u2019Arma dei Carabinieri, che unisce addestramento e sport. L\u2019interesse verso questa iniziativa \u00e8 in costante crescita e la volont\u00e0 \u00e8 quella di farla sviluppare nel tempo. L\u2019invito \u00e8 rivolto a tutti, dai bambini agli adulti, nel rispetto dell\u2019ambiente e del valore che questo territorio rappresenta\u201d.<\/p>\n<p>E\u2019 intervenuta anche Roberta Alver\u00e0 vice sindaco del Comune di Cortina d\u2019Ampezzo.<\/p>\n<p>La giornata si \u00e8 conclusa con un\u2019esibizione della Fanfara del 3\u00b0 Reggimento Carabinieri Lombardia, in piazza Dibona a Cortina, che ha emozionato tutti i presenti.<\/p>\n<p>&nbsp;<\/p>","protected":false},"excerpt":{"rendered":"<p>Cortina, 24 gennaio 2026 \u2013 E\u2019 partita da Cortina d\u2019Ampezzo nella giornata di ieri 23 gennaio, la seconda edizione di \u201cArma 1814 Ski Challenge\u201d la manifestazione che ha trasformato la pi\u00f9 complessa esercitazione alpina dell\u2019Arma dei Carabinieri, in una manifestazione sportiva, ricca di eventi dedicati al grande pubblico ed una gara di sci unica nel [&hellip;]<\/p>\n","protected":false},"author":2,"featured_media":166747,"comment_status":"closed","ping_status":"open","sticky":false,"template":"","format":"standard","meta":{"footnotes":""},"categories":[8],"tags":[],"class_list":["post-166745","post","type-post","status-publish","format-standard","has-post-thumbnail","category-societa-istituzioni"],"yoast_head":"<!-- This site is optimized with the Yoast SEO plugin v28.4 - https:\/\/yoast.com\/product\/yoast-seo-wordpress\/ -->\n<title>Arma 1814 Ski Callenge. Partita da Cortina la 2a edizione dell&#039;esercitazione alpina dell&#039;Arma dei Carabinieri - Bellunopress - Dolomiti<\/title>\n<meta name=\"robots\" content=\"index, follow, max-snippet:-1, max-image-preview:large, max-video-preview:-1\" \/>\n<link rel=\"canonical\" href=\"https:\/\/www.bellunopress.it\/fr\/2026\/01\/24\/arma-1814-ski-callenge-partita-da-cortina-la-2a-edizione-dellesercitazione-alpina-dellarma-dei-carabinieri\/\" \/>\n<meta property=\"og:locale\" content=\"fr_FR\" \/>\n<meta property=\"og:type\" content=\"article\" \/>\n<meta property=\"og:title\" content=\"Arma 1814 Ski Callenge. Partita da Cortina la 2a edizione dell&#039;esercitazione alpina dell&#039;Arma dei Carabinieri - Bellunopress - Dolomiti\" \/>\n<meta property=\"og:description\" content=\"Cortina, 24 gennaio 2026 \u2013 E\u2019 partita da Cortina d\u2019Ampezzo nella giornata di ieri 23 gennaio, la seconda edizione di \u201cArma 1814 Ski Challenge\u201d la manifestazione che ha trasformato la pi\u00f9 complessa esercitazione alpina dell\u2019Arma dei Carabinieri, in una manifestazione sportiva, ricca di eventi dedicati al grande pubblico ed una gara di sci unica nel [&hellip;]\" \/>\n<meta property=\"og:url\" content=\"https:\/\/www.bellunopress.it\/fr\/2026\/01\/24\/arma-1814-ski-callenge-partita-da-cortina-la-2a-edizione-dellesercitazione-alpina-dellarma-dei-carabinieri\/\" \/>\n<meta property=\"og:site_name\" content=\"Bellunopress - Dolomiti\" \/>\n<meta property=\"article:publisher\" content=\"https:\/\/www.facebook.com\/profile.php?id=100008943462799\" \/>\n<meta property=\"article:published_time\" content=\"2026-01-24T12:05:01+00:00\" \/>\n<meta property=\"og:image\" content=\"https:\/\/www.bellunopress.it\/wp-content\/uploads\/2026\/01\/Arma-1814-Ski-Challenge.jpeg\" \/>\n\t<meta property=\"og:image:width\" content=\"600\" \/>\n\t<meta property=\"og:image:height\" content=\"450\" \/>\n\t<meta property=\"og:image:type\" content=\"image\/jpeg\" \/>\n<meta name=\"author\" content=\"redazione\" \/>\n<meta name=\"twitter:card\" content=\"summary_large_image\" \/>\n<meta name=\"twitter:creator\" content=\"@bellunopress\" \/>\n<meta name=\"twitter:site\" content=\"@bellunopress\" \/>\n<meta name=\"twitter:label1\" content=\"\u00c9crit par\" \/>\n\t<meta name=\"twitter:data1\" content=\"redazione\" \/>\n\t<meta name=\"twitter:label2\" content=\"Dur\u00e9e de lecture estim\u00e9e\" \/>\n\t<meta name=\"twitter:data2\" content=\"2 minutes\" \/>\n<script type=\"application\/ld+json\" class=\"yoast-schema-graph\">{\"@context\":\"https:\\\/\\\/schema.org\",\"@graph\":[{\"@type\":\"Article\",\"@id\":\"https:\\\/\\\/www.bellunopress.it\\\/2026\\\/01\\\/24\\\/arma-1814-ski-callenge-partita-da-cortina-la-2a-edizione-dellesercitazione-alpina-dellarma-dei-carabinieri\\\/#article\",\"isPartOf\":{\"@id\":\"https:\\\/\\\/www.bellunopress.it\\\/2026\\\/01\\\/24\\\/arma-1814-ski-callenge-partita-da-cortina-la-2a-edizione-dellesercitazione-alpina-dellarma-dei-carabinieri\\\/\"},\"author\":{\"name\":\"redazione\",\"@id\":\"https:\\\/\\\/www.bellunopress.it\\\/#\\\/schema\\\/person\\\/79bb06722b37ece1c03d3e94beb30d73\"},\"headline\":\"Arma 1814 Ski Callenge. Partita da Cortina la 2a edizione dell&#8217;esercitazione alpina dell&#8217;Arma dei Carabinieri\",\"datePublished\":\"2026-01-24T12:05:01+00:00\",\"mainEntityOfPage\":{\"@id\":\"https:\\\/\\\/www.bellunopress.it\\\/2026\\\/01\\\/24\\\/arma-1814-ski-callenge-partita-da-cortina-la-2a-edizione-dellesercitazione-alpina-dellarma-dei-carabinieri\\\/\"},\"wordCount\":519,\"publisher\":{\"@id\":\"https:\\\/\\\/www.bellunopress.it\\\/#organization\"},\"image\":{\"@id\":\"https:\\\/\\\/www.bellunopress.it\\\/2026\\\/01\\\/24\\\/arma-1814-ski-callenge-partita-da-cortina-la-2a-edizione-dellesercitazione-alpina-dellarma-dei-carabinieri\\\/#primaryimage\"},\"thumbnailUrl\":\"https:\\\/\\\/www.bellunopress.it\\\/wp-content\\\/uploads\\\/2026\\\/01\\\/Arma-1814-Ski-Challenge.jpeg\",\"articleSection\":[\"Societ\u00e0, Associazioni, Istituzioni\"],\"inLanguage\":\"fr-FR\"},{\"@type\":\"WebPage\",\"@id\":\"https:\\\/\\\/www.bellunopress.it\\\/2026\\\/01\\\/24\\\/arma-1814-ski-callenge-partita-da-cortina-la-2a-edizione-dellesercitazione-alpina-dellarma-dei-carabinieri\\\/\",\"url\":\"https:\\\/\\\/www.bellunopress.it\\\/2026\\\/01\\\/24\\\/arma-1814-ski-callenge-partita-da-cortina-la-2a-edizione-dellesercitazione-alpina-dellarma-dei-carabinieri\\\/\",\"name\":\"Arma 1814 Ski Callenge. Partita da Cortina la 2a edizione dell'esercitazione alpina dell'Arma dei Carabinieri - Bellunopress - Dolomiti\",\"isPartOf\":{\"@id\":\"https:\\\/\\\/www.bellunopress.it\\\/#website\"},\"primaryImageOfPage\":{\"@id\":\"https:\\\/\\\/www.bellunopress.it\\\/2026\\\/01\\\/24\\\/arma-1814-ski-callenge-partita-da-cortina-la-2a-edizione-dellesercitazione-alpina-dellarma-dei-carabinieri\\\/#primaryimage\"},\"image\":{\"@id\":\"https:\\\/\\\/www.bellunopress.it\\\/2026\\\/01\\\/24\\\/arma-1814-ski-callenge-partita-da-cortina-la-2a-edizione-dellesercitazione-alpina-dellarma-dei-carabinieri\\\/#primaryimage\"},\"thumbnailUrl\":\"https:\\\/\\\/www.bellunopress.it\\\/wp-content\\\/uploads\\\/2026\\\/01\\\/Arma-1814-Ski-Challenge.jpeg\",\"datePublished\":\"2026-01-24T12:05:01+00:00\",\"breadcrumb\":{\"@id\":\"https:\\\/\\\/www.bellunopress.it\\\/2026\\\/01\\\/24\\\/arma-1814-ski-callenge-partita-da-cortina-la-2a-edizione-dellesercitazione-alpina-dellarma-dei-carabinieri\\\/#breadcrumb\"},\"inLanguage\":\"fr-FR\",\"potentialAction\":[{\"@type\":\"ReadAction\",\"target\":[\"https:\\\/\\\/www.bellunopress.it\\\/2026\\\/01\\\/24\\\/arma-1814-ski-callenge-partita-da-cortina-la-2a-edizione-dellesercitazione-alpina-dellarma-dei-carabinieri\\\/\"]}]},{\"@type\":\"ImageObject\",\"inLanguage\":\"fr-FR\",\"@id\":\"https:\\\/\\\/www.bellunopress.it\\\/2026\\\/01\\\/24\\\/arma-1814-ski-callenge-partita-da-cortina-la-2a-edizione-dellesercitazione-alpina-dellarma-dei-carabinieri\\\/#primaryimage\",\"url\":\"https:\\\/\\\/www.bellunopress.it\\\/wp-content\\\/uploads\\\/2026\\\/01\\\/Arma-1814-Ski-Challenge.jpeg\",\"contentUrl\":\"https:\\\/\\\/www.bellunopress.it\\\/wp-content\\\/uploads\\\/2026\\\/01\\\/Arma-1814-Ski-Challenge.jpeg\",\"width\":600,\"height\":450},{\"@type\":\"BreadcrumbList\",\"@id\":\"https:\\\/\\\/www.bellunopress.it\\\/2026\\\/01\\\/24\\\/arma-1814-ski-callenge-partita-da-cortina-la-2a-edizione-dellesercitazione-alpina-dellarma-dei-carabinieri\\\/#breadcrumb\",\"itemListElement\":[{\"@type\":\"ListItem\",\"position\":1,\"name\":\"Home\",\"item\":\"https:\\\/\\\/www.bellunopress.it\\\/\"},{\"@type\":\"ListItem\",\"position\":2,\"name\":\"Arma 1814 Ski Callenge. Partita da Cortina la 2a edizione dell&#8217;esercitazione alpina dell&#8217;Arma dei Carabinieri\"}]},{\"@type\":\"WebSite\",\"@id\":\"https:\\\/\\\/www.bellunopress.it\\\/#website\",\"url\":\"https:\\\/\\\/www.bellunopress.it\\\/\",\"name\":\"Bellunopress - Dolomiti\",\"description\":\"e-mail: redazione@bellunopress.it\",\"publisher\":{\"@id\":\"https:\\\/\\\/www.bellunopress.it\\\/#organization\"},\"potentialAction\":[{\"@type\":\"SearchAction\",\"target\":{\"@type\":\"EntryPoint\",\"urlTemplate\":\"https:\\\/\\\/www.bellunopress.it\\\/?s={search_term_string}\"},\"query-input\":{\"@type\":\"PropertyValueSpecification\",\"valueRequired\":true,\"valueName\":\"search_term_string\"}}],\"inLanguage\":\"fr-FR\"},{\"@type\":\"Organization\",\"@id\":\"https:\\\/\\\/www.bellunopress.it\\\/#organization\",\"name\":\"Bellunopress\",\"url\":\"https:\\\/\\\/www.bellunopress.it\\\/\",\"logo\":{\"@type\":\"ImageObject\",\"inLanguage\":\"fr-FR\",\"@id\":\"https:\\\/\\\/www.bellunopress.it\\\/#\\\/schema\\\/logo\\\/image\\\/\",\"url\":\"https:\\\/\\\/www.bellunopress.it\\\/wp-content\\\/uploads\\\/2011\\\/05\\\/cropped-logo-bellunopress-.jpg\",\"contentUrl\":\"https:\\\/\\\/www.bellunopress.it\\\/wp-content\\\/uploads\\\/2011\\\/05\\\/cropped-logo-bellunopress-.jpg\",\"width\":512,\"height\":512,\"caption\":\"Bellunopress\"},\"image\":{\"@id\":\"https:\\\/\\\/www.bellunopress.it\\\/#\\\/schema\\\/logo\\\/image\\\/\"},\"sameAs\":[\"https:\\\/\\\/www.facebook.com\\\/profile.php?id=100008943462799\",\"https:\\\/\\\/x.com\\\/bellunopress\",\"https:\\\/\\\/www.linkedin.com\\\/hp\\\/?dnr=JBzUWaJfMUw8vbXJJ2tVW5-I3jZKvC4wsoxE&amp;amp;amp;amp;amp;amp;trk=nav_responsive_tab_home\",\"https:\\\/\\\/www.youtube.com\\\/channel\\\/UCxL0wu1uN0_3_7hGG0306cw\"]},{\"@type\":\"Person\",\"@id\":\"https:\\\/\\\/www.bellunopress.it\\\/#\\\/schema\\\/person\\\/79bb06722b37ece1c03d3e94beb30d73\",\"name\":\"redazione\",\"image\":{\"@type\":\"ImageObject\",\"inLanguage\":\"fr-FR\",\"@id\":\"https:\\\/\\\/secure.gravatar.com\\\/avatar\\\/37d968a2e67a6fd04c169c4bdef102d0bc5d31b2546345219e348575eb80e9a0?s=96&d=mm&r=g\",\"url\":\"https:\\\/\\\/secure.gravatar.com\\\/avatar\\\/37d968a2e67a6fd04c169c4bdef102d0bc5d31b2546345219e348575eb80e9a0?s=96&d=mm&r=g\",\"contentUrl\":\"https:\\\/\\\/secure.gravatar.com\\\/avatar\\\/37d968a2e67a6fd04c169c4bdef102d0bc5d31b2546345219e348575eb80e9a0?s=96&d=mm&r=g\",\"caption\":\"redazione\"},\"sameAs\":[\"http:\\\/\\\/www.bellunopress.it\",\"https:\\\/\\\/x.com\\\/bellunopress\"],\"url\":\"https:\\\/\\\/www.bellunopress.it\\\/fr\\\/author\\\/redazione\\\/\"}]}<\/script>\n<!-- \/ Yoast SEO plugin. -->","yoast_head_json":{"title":"Arma 1814 Ski Callenge. Partita da Cortina la 2a edizione dell'esercitazione alpina dell'Arma dei Carabinieri - Bellunopress - Dolomiti","robots":{"index":"index","follow":"follow","max-snippet":"max-snippet:-1","max-image-preview":"max-image-preview:large","max-video-preview":"max-video-preview:-1"},"canonical":"https:\/\/www.bellunopress.it\/fr\/2026\/01\/24\/arma-1814-ski-callenge-partita-da-cortina-la-2a-edizione-dellesercitazione-alpina-dellarma-dei-carabinieri\/","og_locale":"fr_FR","og_type":"article","og_title":"Arma 1814 Ski Callenge. Partita da Cortina la 2a edizione dell'esercitazione alpina dell'Arma dei Carabinieri - Bellunopress - Dolomiti","og_description":"Cortina, 24 gennaio 2026 \u2013 E\u2019 partita da Cortina d\u2019Ampezzo nella giornata di ieri 23 gennaio, la seconda edizione di \u201cArma 1814 Ski Challenge\u201d la manifestazione che ha trasformato la pi\u00f9 complessa esercitazione alpina dell\u2019Arma dei Carabinieri, in una manifestazione sportiva, ricca di eventi dedicati al grande pubblico ed una gara di sci unica nel [&hellip;]","og_url":"https:\/\/www.bellunopress.it\/fr\/2026\/01\/24\/arma-1814-ski-callenge-partita-da-cortina-la-2a-edizione-dellesercitazione-alpina-dellarma-dei-carabinieri\/","og_site_name":"Bellunopress - Dolomiti","article_publisher":"https:\/\/www.facebook.com\/profile.php?id=100008943462799","article_published_time":"2026-01-24T12:05:01+00:00","og_image":[{"width":600,"height":450,"url":"https:\/\/www.bellunopress.it\/wp-content\/uploads\/2026\/01\/Arma-1814-Ski-Challenge.jpeg","type":"image\/jpeg"}],"author":"redazione","twitter_card":"summary_large_image","twitter_creator":"@bellunopress","twitter_site":"@bellunopress","twitter_misc":{"\u00c9crit par":"redazione","Dur\u00e9e de lecture estim\u00e9e":"2 minutes"},"schema":{"@context":"https:\/\/schema.org","@graph":[{"@type":"Article","@id":"https:\/\/www.bellunopress.it\/2026\/01\/24\/arma-1814-ski-callenge-partita-da-cortina-la-2a-edizione-dellesercitazione-alpina-dellarma-dei-carabinieri\/#article","isPartOf":{"@id":"https:\/\/www.bellunopress.it\/2026\/01\/24\/arma-1814-ski-callenge-partita-da-cortina-la-2a-edizione-dellesercitazione-alpina-dellarma-dei-carabinieri\/"},"author":{"name":"redazione","@id":"https:\/\/www.bellunopress.it\/#\/schema\/person\/79bb06722b37ece1c03d3e94beb30d73"},"headline":"Arma 1814 Ski Callenge. Partita da Cortina la 2a edizione dell&#8217;esercitazione alpina dell&#8217;Arma dei Carabinieri","datePublished":"2026-01-24T12:05:01+00:00","mainEntityOfPage":{"@id":"https:\/\/www.bellunopress.it\/2026\/01\/24\/arma-1814-ski-callenge-partita-da-cortina-la-2a-edizione-dellesercitazione-alpina-dellarma-dei-carabinieri\/"},"wordCount":519,"publisher":{"@id":"https:\/\/www.bellunopress.it\/#organization"},"image":{"@id":"https:\/\/www.bellunopress.it\/2026\/01\/24\/arma-1814-ski-callenge-partita-da-cortina-la-2a-edizione-dellesercitazione-alpina-dellarma-dei-carabinieri\/#primaryimage"},"thumbnailUrl":"https:\/\/www.bellunopress.it\/wp-content\/uploads\/2026\/01\/Arma-1814-Ski-Challenge.jpeg","articleSection":["Societ\u00e0, Associazioni, Istituzioni"],"inLanguage":"fr-FR"},{"@type":"WebPage","@id":"https:\/\/www.bellunopress.it\/2026\/01\/24\/arma-1814-ski-callenge-partita-da-cortina-la-2a-edizione-dellesercitazione-alpina-dellarma-dei-carabinieri\/","url":"https:\/\/www.bellunopress.it\/2026\/01\/24\/arma-1814-ski-callenge-partita-da-cortina-la-2a-edizione-dellesercitazione-alpina-dellarma-dei-carabinieri\/","name":"Arma 1814 Ski Callenge. Partita da Cortina la 2a edizione dell'esercitazione alpina dell'Arma dei Carabinieri - Bellunopress - Dolomiti","isPartOf":{"@id":"https:\/\/www.bellunopress.it\/#website"},"primaryImageOfPage":{"@id":"https:\/\/www.bellunopress.it\/2026\/01\/24\/arma-1814-ski-callenge-partita-da-cortina-la-2a-edizione-dellesercitazione-alpina-dellarma-dei-carabinieri\/#primaryimage"},"image":{"@id":"https:\/\/www.bellunopress.it\/2026\/01\/24\/arma-1814-ski-callenge-partita-da-cortina-la-2a-edizione-dellesercitazione-alpina-dellarma-dei-carabinieri\/#primaryimage"},"thumbnailUrl":"https:\/\/www.bellunopress.it\/wp-content\/uploads\/2026\/01\/Arma-1814-Ski-Challenge.jpeg","datePublished":"2026-01-24T12:05:01+00:00","breadcrumb":{"@id":"https:\/\/www.bellunopress.it\/2026\/01\/24\/arma-1814-ski-callenge-partita-da-cortina-la-2a-edizione-dellesercitazione-alpina-dellarma-dei-carabinieri\/#breadcrumb"},"inLanguage":"fr-FR","potentialAction":[{"@type":"ReadAction","target":["https:\/\/www.bellunopress.it\/2026\/01\/24\/arma-1814-ski-callenge-partita-da-cortina-la-2a-edizione-dellesercitazione-alpina-dellarma-dei-carabinieri\/"]}]},{"@type":"ImageObject","inLanguage":"fr-FR","@id":"https:\/\/www.bellunopress.it\/2026\/01\/24\/arma-1814-ski-callenge-partita-da-cortina-la-2a-edizione-dellesercitazione-alpina-dellarma-dei-carabinieri\/#primaryimage","url":"https:\/\/www.bellunopress.it\/wp-content\/uploads\/2026\/01\/Arma-1814-Ski-Challenge.jpeg","contentUrl":"https:\/\/www.bellunopress.it\/wp-content\/uploads\/2026\/01\/Arma-1814-Ski-Challenge.jpeg","width":600,"height":450},{"@type":"BreadcrumbList","@id":"https:\/\/www.bellunopress.it\/2026\/01\/24\/arma-1814-ski-callenge-partita-da-cortina-la-2a-edizione-dellesercitazione-alpina-dellarma-dei-carabinieri\/#breadcrumb","itemListElement":[{"@type":"ListItem","position":1,"name":"Home","item":"https:\/\/www.bellunopress.it\/"},{"@type":"ListItem","position":2,"name":"Arma 1814 Ski Callenge. Partita da Cortina la 2a edizione dell&#8217;esercitazione alpina dell&#8217;Arma dei Carabinieri"}]},{"@type":"WebSite","@id":"https:\/\/www.bellunopress.it\/#website","url":"https:\/\/www.bellunopress.it\/","name":"Bellunopress - Dolomiti","description":"e-mail: redazione@bellunopress.it","publisher":{"@id":"https:\/\/www.bellunopress.it\/#organization"},"potentialAction":[{"@type":"SearchAction","target":{"@type":"EntryPoint","urlTemplate":"https:\/\/www.bellunopress.it\/?s={search_term_string}"},"query-input":{"@type":"PropertyValueSpecification","valueRequired":true,"valueName":"search_term_string"}}],"inLanguage":"fr-FR"},{"@type":"Organization","@id":"https:\/\/www.bellunopress.it\/#organization","name":"Bellunopress","url":"https:\/\/www.bellunopress.it\/","logo":{"@type":"ImageObject","inLanguage":"fr-FR","@id":"https:\/\/www.bellunopress.it\/#\/schema\/logo\/image\/","url":"https:\/\/www.bellunopress.it\/wp-content\/uploads\/2011\/05\/cropped-logo-bellunopress-.jpg","contentUrl":"https:\/\/www.bellunopress.it\/wp-content\/uploads\/2011\/05\/cropped-logo-bellunopress-.jpg","width":512,"height":512,"caption":"Bellunopress"},"image":{"@id":"https:\/\/www.bellunopress.it\/#\/schema\/logo\/image\/"},"sameAs":["https:\/\/www.facebook.com\/profile.php?id=100008943462799","https:\/\/x.com\/bellunopress","https:\/\/www.linkedin.com\/hp\/?dnr=JBzUWaJfMUw8vbXJJ2tVW5-I3jZKvC4wsoxE&amp;amp;amp;amp;amp;amp;trk=nav_responsive_tab_home","https:\/\/www.youtube.com\/channel\/UCxL0wu1uN0_3_7hGG0306cw"]},{"@type":"Person","@id":"https:\/\/www.bellunopress.it\/#\/schema\/person\/79bb06722b37ece1c03d3e94beb30d73","name":"r\u00e9daction","image":{"@type":"ImageObject","inLanguage":"fr-FR","@id":"https:\/\/secure.gravatar.com\/avatar\/37d968a2e67a6fd04c169c4bdef102d0bc5d31b2546345219e348575eb80e9a0?s=96&d=mm&r=g","url":"https:\/\/secure.gravatar.com\/avatar\/37d968a2e67a6fd04c169c4bdef102d0bc5d31b2546345219e348575eb80e9a0?s=96&d=mm&r=g","contentUrl":"https:\/\/secure.gravatar.com\/avatar\/37d968a2e67a6fd04c169c4bdef102d0bc5d31b2546345219e348575eb80e9a0?s=96&d=mm&r=g","caption":"redazione"},"sameAs":["http:\/\/www.bellunopress.it","https:\/\/x.com\/bellunopress"],"url":"https:\/\/www.bellunopress.it\/fr\/author\/redazione\/"}]}},"_links":{"self":[{"href":"https:\/\/www.bellunopress.it\/fr\/wp-json\/wp\/v2\/posts\/166745","targetHints":{"allow":["GET"]}}],"collection":[{"href":"https:\/\/www.bellunopress.it\/fr\/wp-json\/wp\/v2\/posts"}],"about":[{"href":"https:\/\/www.bellunopress.it\/fr\/wp-json\/wp\/v2\/types\/post"}],"author":[{"embeddable":true,"href":"https:\/\/www.bellunopress.it\/fr\/wp-json\/wp\/v2\/users\/2"}],"replies":[{"embeddable":true,"href":"https:\/\/www.bellunopress.it\/fr\/wp-json\/wp\/v2\/comments?post=166745"}],"version-history":[{"count":1,"href":"https:\/\/www.bellunopress.it\/fr\/wp-json\/wp\/v2\/posts\/166745\/revisions"}],"predecessor-version":[{"id":166748,"href":"https:\/\/www.bellunopress.it\/fr\/wp-json\/wp\/v2\/posts\/166745\/revisions\/166748"}],"wp:featuredmedia":[{"embeddable":true,"href":"https:\/\/www.bellunopress.it\/fr\/wp-json\/wp\/v2\/media\/166747"}],"wp:attachment":[{"href":"https:\/\/www.bellunopress.it\/fr\/wp-json\/wp\/v2\/media?parent=166745"}],"wp:term":[{"taxonomy":"category","embeddable":true,"href":"https:\/\/www.bellunopress.it\/fr\/wp-json\/wp\/v2\/categories?post=166745"},{"taxonomy":"post_tag","embeddable":true,"href":"https:\/\/www.bellunopress.it\/fr\/wp-json\/wp\/v2\/tags?post=166745"}],"curies":[{"name":"wp","href":"https:\/\/api.w.org\/{rel}","templated":true}]}}