{"id":166717,"date":"2026-01-23T12:41:04","date_gmt":"2026-01-23T11:41:04","guid":{"rendered":"https:\/\/www.bellunopress.it\/?p=166717"},"modified":"2026-01-23T12:41:04","modified_gmt":"2026-01-23T11:41:04","slug":"belluno-il-saluto-del-sindaco-e-invito-alla-cerimonia-di-domenica-25-gennaio-per-il-passaggio-della-fiamma-olimpica","status":"publish","type":"post","link":"https:\/\/www.bellunopress.it\/fr\/2026\/01\/23\/belluno-il-saluto-del-sindaco-e-invito-alla-cerimonia-di-domenica-25-gennaio-per-il-passaggio-della-fiamma-olimpica\/","title":{"rendered":"Belluno. Il saluto del sindaco e invito alla cerimonia di domenica 25 gennaio per il passaggio della Fiamma olimpica"},"content":{"rendered":"<figure id=\"attachment_135245\" aria-describedby=\"caption-attachment-135245\" style=\"width: 803px\" class=\"wp-caption aligncenter\"><img loading=\"lazy\" decoding=\"async\" class=\"size-full wp-image-135245\" src=\"https:\/\/www.bellunopress.it\/wp-content\/uploads\/2022\/07\/Oscar-De-Pellegrin-sindaco-di-Belluno_edited.jpg\" alt=\"\" width=\"803\" height=\"1000\" srcset=\"https:\/\/www.bellunopress.it\/wp-content\/uploads\/2022\/07\/Oscar-De-Pellegrin-sindaco-di-Belluno_edited.jpg 803w, https:\/\/www.bellunopress.it\/wp-content\/uploads\/2022\/07\/Oscar-De-Pellegrin-sindaco-di-Belluno_edited-402x500.jpg 402w, https:\/\/www.bellunopress.it\/wp-content\/uploads\/2022\/07\/Oscar-De-Pellegrin-sindaco-di-Belluno_edited-696x867.jpg 696w, https:\/\/www.bellunopress.it\/wp-content\/uploads\/2022\/07\/Oscar-De-Pellegrin-sindaco-di-Belluno_edited-337x420.jpg 337w\" sizes=\"auto, (max-width: 803px) 100vw, 803px\" \/><figcaption id=\"caption-attachment-135245\" class=\"wp-caption-text\">Oscar De Pellegrin, sindaco di Belluno<\/figcaption><\/figure>\n<p>Cari concittadini,<\/p>\n<p>il passaggio della Fiamma olimpica nella nostra Citt\u00e0 \u00e8 un momento di grandi emozioni che avrei voluto vivere in piazza insieme a voi. Purtroppo non potr\u00f2 esserci di persona perch\u00e9 sto affrontando un periodo di riabilitazione dopo due interventi importanti, ma ci tenevo a far arrivare comunque il mio saluto e, soprattutto, il mio invito a partecipare a questo appuntamento cos\u00ec speciale per Belluno.<\/p>\n<p>La Fiamma olimpica \u00e8 molto pi\u00f9 di un simbolo sportivo: \u00e8 un segno di pace, di incontro, di unione, di dialogo possibile tra persone e popoli diversi. In un tempo in cui le notizie che arrivano dal mondo ci parlano quotidianamente di guerre e di scontri, lo spirito olimpico ci ricorda che esiste un terreno comune fatto di rispetto, di dignit\u00e0 della persona, di valori che ci uniscono al di l\u00e0 delle differenze.<br \/>\nLo sport, io credo, ha una forza straordinaria: ci insegna l\u2019impegno, la solidariet\u00e0, l\u2019inclusione, la capacit\u00e0 di riconoscere nell\u2019altro non solo un avversario, ma qualcuno con cui condividere un percorso dentro e fuori dal campo di gioco. \u00c8 questo lo spirito che la Fiamma porta con s\u00e9 attraversando le nostre strade e arrivando domenica 25 gennaio nel cuore della nostra bella Citt\u00e0.<\/p>\n<p>Per me questo passaggio ha anche un significato profondamente personale. Ho avuto l\u2019onore, anni fa, di essere tedoforo, e so bene quanta emozione ci sia in quel gesto semplice e potentissimo: portare avanti una Fiamma che rappresenta i sogni, la fatica, le speranze di tante persone. Per questo, non essere con voi oggi mi dispiace davvero, ma sapere che Belluno sapr\u00e0 vivere questo momento con lo spirito giusto mi rende sereno e orgoglioso.<\/p>\n<p>Invito tutti a esserci, a sentirsi parte di questa festa che \u00e8 prima di tutto una festa della nostra comunit\u00e0.<br \/>\nMi auguro che questo momento non resti solo un bel ricordo, ma lasci anche qualcosa di pi\u00f9 profondo: fiducia nel nostro territorio, attenzione verso i giovani, voglia di continuare a costruire insieme una comunit\u00e0 inclusiva, aperta, capace di guardare avanti.<\/p>\n<p>Grazie a tutte le istituzioni, ai volontari, agli organizzatori e a chi ha lavorato per la buona riuscita di questo evento. E grazie a tutti voi che sarete in piazza: anche se non potr\u00f2 essere l\u00ec fisicamente, sar\u00f2 con voi con il pensiero e con l\u2019emozione.<\/p>\n<p><strong>\u00a0Oscar De Pellegrin<\/strong><\/p>\n<p><strong>Sindaco di Belluno<\/strong><\/p>","protected":false},"excerpt":{"rendered":"<p>Cari concittadini, il passaggio della Fiamma olimpica nella nostra Citt\u00e0 \u00e8 un momento di grandi emozioni che avrei voluto vivere in piazza insieme a voi. Purtroppo non potr\u00f2 esserci di persona perch\u00e9 sto affrontando un periodo di riabilitazione dopo due interventi importanti, ma ci tenevo a far arrivare comunque il mio saluto e, soprattutto, il [&hellip;]<\/p>\n","protected":false},"author":2,"featured_media":135245,"comment_status":"closed","ping_status":"open","sticky":false,"template":"","format":"standard","meta":{"footnotes":""},"categories":[1,8],"tags":[],"class_list":["post-166717","post","type-post","status-publish","format-standard","has-post-thumbnail","category-leo","category-societa-istituzioni"],"yoast_head":"<!-- This site is optimized with the Yoast SEO plugin v28.4 - https:\/\/yoast.com\/product\/yoast-seo-wordpress\/ -->\n<title>Belluno. Il saluto del sindaco e invito alla cerimonia di domenica 25 gennaio per il passaggio della Fiamma olimpica - Bellunopress - Dolomiti<\/title>\n<meta name=\"robots\" content=\"index, follow, max-snippet:-1, max-image-preview:large, max-video-preview:-1\" \/>\n<link rel=\"canonical\" href=\"https:\/\/www.bellunopress.it\/fr\/2026\/01\/23\/belluno-il-saluto-del-sindaco-e-invito-alla-cerimonia-di-domenica-25-gennaio-per-il-passaggio-della-fiamma-olimpica\/\" \/>\n<meta property=\"og:locale\" content=\"fr_FR\" \/>\n<meta property=\"og:type\" content=\"article\" \/>\n<meta property=\"og:title\" content=\"Belluno. Il saluto del sindaco e invito alla cerimonia di domenica 25 gennaio per il passaggio della Fiamma olimpica - Bellunopress - Dolomiti\" \/>\n<meta property=\"og:description\" content=\"Cari concittadini, il passaggio della Fiamma olimpica nella nostra Citt\u00e0 \u00e8 un momento di grandi emozioni che avrei voluto vivere in piazza insieme a voi. Purtroppo non potr\u00f2 esserci di persona perch\u00e9 sto affrontando un periodo di riabilitazione dopo due interventi importanti, ma ci tenevo a far arrivare comunque il mio saluto e, soprattutto, il [&hellip;]\" \/>\n<meta property=\"og:url\" content=\"https:\/\/www.bellunopress.it\/fr\/2026\/01\/23\/belluno-il-saluto-del-sindaco-e-invito-alla-cerimonia-di-domenica-25-gennaio-per-il-passaggio-della-fiamma-olimpica\/\" \/>\n<meta property=\"og:site_name\" content=\"Bellunopress - Dolomiti\" \/>\n<meta property=\"article:publisher\" content=\"https:\/\/www.facebook.com\/profile.php?id=100008943462799\" \/>\n<meta property=\"article:published_time\" content=\"2026-01-23T11:41:04+00:00\" \/>\n<meta property=\"og:image\" content=\"https:\/\/www.bellunopress.it\/wp-content\/uploads\/2022\/07\/Oscar-De-Pellegrin-sindaco-di-Belluno_edited.jpg\" \/>\n\t<meta property=\"og:image:width\" content=\"803\" \/>\n\t<meta property=\"og:image:height\" content=\"1000\" \/>\n\t<meta property=\"og:image:type\" content=\"image\/jpeg\" \/>\n<meta name=\"author\" content=\"redazione\" \/>\n<meta name=\"twitter:card\" content=\"summary_large_image\" \/>\n<meta name=\"twitter:creator\" content=\"@bellunopress\" \/>\n<meta name=\"twitter:site\" content=\"@bellunopress\" \/>\n<meta name=\"twitter:label1\" content=\"\u00c9crit par\" \/>\n\t<meta name=\"twitter:data1\" content=\"redazione\" \/>\n\t<meta name=\"twitter:label2\" content=\"Dur\u00e9e de lecture estim\u00e9e\" \/>\n\t<meta name=\"twitter:data2\" content=\"2 minutes\" \/>\n<script type=\"application\/ld+json\" class=\"yoast-schema-graph\">{\"@context\":\"https:\\\/\\\/schema.org\",\"@graph\":[{\"@type\":\"Article\",\"@id\":\"https:\\\/\\\/www.bellunopress.it\\\/2026\\\/01\\\/23\\\/belluno-il-saluto-del-sindaco-e-invito-alla-cerimonia-di-domenica-25-gennaio-per-il-passaggio-della-fiamma-olimpica\\\/#article\",\"isPartOf\":{\"@id\":\"https:\\\/\\\/www.bellunopress.it\\\/2026\\\/01\\\/23\\\/belluno-il-saluto-del-sindaco-e-invito-alla-cerimonia-di-domenica-25-gennaio-per-il-passaggio-della-fiamma-olimpica\\\/\"},\"author\":{\"name\":\"redazione\",\"@id\":\"https:\\\/\\\/www.bellunopress.it\\\/#\\\/schema\\\/person\\\/79bb06722b37ece1c03d3e94beb30d73\"},\"headline\":\"Belluno. Il saluto del sindaco e invito alla cerimonia di domenica 25 gennaio per il passaggio della Fiamma olimpica\",\"datePublished\":\"2026-01-23T11:41:04+00:00\",\"mainEntityOfPage\":{\"@id\":\"https:\\\/\\\/www.bellunopress.it\\\/2026\\\/01\\\/23\\\/belluno-il-saluto-del-sindaco-e-invito-alla-cerimonia-di-domenica-25-gennaio-per-il-passaggio-della-fiamma-olimpica\\\/\"},\"wordCount\":416,\"publisher\":{\"@id\":\"https:\\\/\\\/www.bellunopress.it\\\/#organization\"},\"image\":{\"@id\":\"https:\\\/\\\/www.bellunopress.it\\\/2026\\\/01\\\/23\\\/belluno-il-saluto-del-sindaco-e-invito-alla-cerimonia-di-domenica-25-gennaio-per-il-passaggio-della-fiamma-olimpica\\\/#primaryimage\"},\"thumbnailUrl\":\"https:\\\/\\\/www.bellunopress.it\\\/wp-content\\\/uploads\\\/2022\\\/07\\\/Oscar-De-Pellegrin-sindaco-di-Belluno_edited.jpg\",\"articleSection\":[\"Lettere Opinioni\",\"Societ\u00e0, Associazioni, Istituzioni\"],\"inLanguage\":\"fr-FR\"},{\"@type\":\"WebPage\",\"@id\":\"https:\\\/\\\/www.bellunopress.it\\\/2026\\\/01\\\/23\\\/belluno-il-saluto-del-sindaco-e-invito-alla-cerimonia-di-domenica-25-gennaio-per-il-passaggio-della-fiamma-olimpica\\\/\",\"url\":\"https:\\\/\\\/www.bellunopress.it\\\/2026\\\/01\\\/23\\\/belluno-il-saluto-del-sindaco-e-invito-alla-cerimonia-di-domenica-25-gennaio-per-il-passaggio-della-fiamma-olimpica\\\/\",\"name\":\"Belluno. Il saluto del sindaco e invito alla cerimonia di domenica 25 gennaio per il passaggio della Fiamma olimpica - Bellunopress - Dolomiti\",\"isPartOf\":{\"@id\":\"https:\\\/\\\/www.bellunopress.it\\\/#website\"},\"primaryImageOfPage\":{\"@id\":\"https:\\\/\\\/www.bellunopress.it\\\/2026\\\/01\\\/23\\\/belluno-il-saluto-del-sindaco-e-invito-alla-cerimonia-di-domenica-25-gennaio-per-il-passaggio-della-fiamma-olimpica\\\/#primaryimage\"},\"image\":{\"@id\":\"https:\\\/\\\/www.bellunopress.it\\\/2026\\\/01\\\/23\\\/belluno-il-saluto-del-sindaco-e-invito-alla-cerimonia-di-domenica-25-gennaio-per-il-passaggio-della-fiamma-olimpica\\\/#primaryimage\"},\"thumbnailUrl\":\"https:\\\/\\\/www.bellunopress.it\\\/wp-content\\\/uploads\\\/2022\\\/07\\\/Oscar-De-Pellegrin-sindaco-di-Belluno_edited.jpg\",\"datePublished\":\"2026-01-23T11:41:04+00:00\",\"breadcrumb\":{\"@id\":\"https:\\\/\\\/www.bellunopress.it\\\/2026\\\/01\\\/23\\\/belluno-il-saluto-del-sindaco-e-invito-alla-cerimonia-di-domenica-25-gennaio-per-il-passaggio-della-fiamma-olimpica\\\/#breadcrumb\"},\"inLanguage\":\"fr-FR\",\"potentialAction\":[{\"@type\":\"ReadAction\",\"target\":[\"https:\\\/\\\/www.bellunopress.it\\\/2026\\\/01\\\/23\\\/belluno-il-saluto-del-sindaco-e-invito-alla-cerimonia-di-domenica-25-gennaio-per-il-passaggio-della-fiamma-olimpica\\\/\"]}]},{\"@type\":\"ImageObject\",\"inLanguage\":\"fr-FR\",\"@id\":\"https:\\\/\\\/www.bellunopress.it\\\/2026\\\/01\\\/23\\\/belluno-il-saluto-del-sindaco-e-invito-alla-cerimonia-di-domenica-25-gennaio-per-il-passaggio-della-fiamma-olimpica\\\/#primaryimage\",\"url\":\"https:\\\/\\\/www.bellunopress.it\\\/wp-content\\\/uploads\\\/2022\\\/07\\\/Oscar-De-Pellegrin-sindaco-di-Belluno_edited.jpg\",\"contentUrl\":\"https:\\\/\\\/www.bellunopress.it\\\/wp-content\\\/uploads\\\/2022\\\/07\\\/Oscar-De-Pellegrin-sindaco-di-Belluno_edited.jpg\",\"width\":803,\"height\":1000,\"caption\":\"Oscar De Pellegrin, sindaco di Belluno\"},{\"@type\":\"BreadcrumbList\",\"@id\":\"https:\\\/\\\/www.bellunopress.it\\\/2026\\\/01\\\/23\\\/belluno-il-saluto-del-sindaco-e-invito-alla-cerimonia-di-domenica-25-gennaio-per-il-passaggio-della-fiamma-olimpica\\\/#breadcrumb\",\"itemListElement\":[{\"@type\":\"ListItem\",\"position\":1,\"name\":\"Home\",\"item\":\"https:\\\/\\\/www.bellunopress.it\\\/\"},{\"@type\":\"ListItem\",\"position\":2,\"name\":\"Belluno. Il saluto del sindaco e invito alla cerimonia di domenica 25 gennaio per il passaggio della Fiamma olimpica\"}]},{\"@type\":\"WebSite\",\"@id\":\"https:\\\/\\\/www.bellunopress.it\\\/#website\",\"url\":\"https:\\\/\\\/www.bellunopress.it\\\/\",\"name\":\"Bellunopress - Dolomiti\",\"description\":\"e-mail: redazione@bellunopress.it\",\"publisher\":{\"@id\":\"https:\\\/\\\/www.bellunopress.it\\\/#organization\"},\"potentialAction\":[{\"@type\":\"SearchAction\",\"target\":{\"@type\":\"EntryPoint\",\"urlTemplate\":\"https:\\\/\\\/www.bellunopress.it\\\/?s={search_term_string}\"},\"query-input\":{\"@type\":\"PropertyValueSpecification\",\"valueRequired\":true,\"valueName\":\"search_term_string\"}}],\"inLanguage\":\"fr-FR\"},{\"@type\":\"Organization\",\"@id\":\"https:\\\/\\\/www.bellunopress.it\\\/#organization\",\"name\":\"Bellunopress\",\"url\":\"https:\\\/\\\/www.bellunopress.it\\\/\",\"logo\":{\"@type\":\"ImageObject\",\"inLanguage\":\"fr-FR\",\"@id\":\"https:\\\/\\\/www.bellunopress.it\\\/#\\\/schema\\\/logo\\\/image\\\/\",\"url\":\"https:\\\/\\\/www.bellunopress.it\\\/wp-content\\\/uploads\\\/2011\\\/05\\\/cropped-logo-bellunopress-.jpg\",\"contentUrl\":\"https:\\\/\\\/www.bellunopress.it\\\/wp-content\\\/uploads\\\/2011\\\/05\\\/cropped-logo-bellunopress-.jpg\",\"width\":512,\"height\":512,\"caption\":\"Bellunopress\"},\"image\":{\"@id\":\"https:\\\/\\\/www.bellunopress.it\\\/#\\\/schema\\\/logo\\\/image\\\/\"},\"sameAs\":[\"https:\\\/\\\/www.facebook.com\\\/profile.php?id=100008943462799\",\"https:\\\/\\\/x.com\\\/bellunopress\",\"https:\\\/\\\/www.linkedin.com\\\/hp\\\/?dnr=JBzUWaJfMUw8vbXJJ2tVW5-I3jZKvC4wsoxE&amp;amp;amp;amp;amp;amp;trk=nav_responsive_tab_home\",\"https:\\\/\\\/www.youtube.com\\\/channel\\\/UCxL0wu1uN0_3_7hGG0306cw\"]},{\"@type\":\"Person\",\"@id\":\"https:\\\/\\\/www.bellunopress.it\\\/#\\\/schema\\\/person\\\/79bb06722b37ece1c03d3e94beb30d73\",\"name\":\"redazione\",\"image\":{\"@type\":\"ImageObject\",\"inLanguage\":\"fr-FR\",\"@id\":\"https:\\\/\\\/secure.gravatar.com\\\/avatar\\\/37d968a2e67a6fd04c169c4bdef102d0bc5d31b2546345219e348575eb80e9a0?s=96&d=mm&r=g\",\"url\":\"https:\\\/\\\/secure.gravatar.com\\\/avatar\\\/37d968a2e67a6fd04c169c4bdef102d0bc5d31b2546345219e348575eb80e9a0?s=96&d=mm&r=g\",\"contentUrl\":\"https:\\\/\\\/secure.gravatar.com\\\/avatar\\\/37d968a2e67a6fd04c169c4bdef102d0bc5d31b2546345219e348575eb80e9a0?s=96&d=mm&r=g\",\"caption\":\"redazione\"},\"sameAs\":[\"http:\\\/\\\/www.bellunopress.it\",\"https:\\\/\\\/x.com\\\/bellunopress\"],\"url\":\"https:\\\/\\\/www.bellunopress.it\\\/fr\\\/author\\\/redazione\\\/\"}]}<\/script>\n<!-- \/ Yoast SEO plugin. -->","yoast_head_json":{"title":"Belluno. Il saluto del sindaco e invito alla cerimonia di domenica 25 gennaio per il passaggio della Fiamma olimpica - Bellunopress - Dolomiti","robots":{"index":"index","follow":"follow","max-snippet":"max-snippet:-1","max-image-preview":"max-image-preview:large","max-video-preview":"max-video-preview:-1"},"canonical":"https:\/\/www.bellunopress.it\/fr\/2026\/01\/23\/belluno-il-saluto-del-sindaco-e-invito-alla-cerimonia-di-domenica-25-gennaio-per-il-passaggio-della-fiamma-olimpica\/","og_locale":"fr_FR","og_type":"article","og_title":"Belluno. Il saluto del sindaco e invito alla cerimonia di domenica 25 gennaio per il passaggio della Fiamma olimpica - Bellunopress - Dolomiti","og_description":"Cari concittadini, il passaggio della Fiamma olimpica nella nostra Citt\u00e0 \u00e8 un momento di grandi emozioni che avrei voluto vivere in piazza insieme a voi. Purtroppo non potr\u00f2 esserci di persona perch\u00e9 sto affrontando un periodo di riabilitazione dopo due interventi importanti, ma ci tenevo a far arrivare comunque il mio saluto e, soprattutto, il [&hellip;]","og_url":"https:\/\/www.bellunopress.it\/fr\/2026\/01\/23\/belluno-il-saluto-del-sindaco-e-invito-alla-cerimonia-di-domenica-25-gennaio-per-il-passaggio-della-fiamma-olimpica\/","og_site_name":"Bellunopress - Dolomiti","article_publisher":"https:\/\/www.facebook.com\/profile.php?id=100008943462799","article_published_time":"2026-01-23T11:41:04+00:00","og_image":[{"width":803,"height":1000,"url":"https:\/\/www.bellunopress.it\/wp-content\/uploads\/2022\/07\/Oscar-De-Pellegrin-sindaco-di-Belluno_edited.jpg","type":"image\/jpeg"}],"author":"redazione","twitter_card":"summary_large_image","twitter_creator":"@bellunopress","twitter_site":"@bellunopress","twitter_misc":{"\u00c9crit par":"redazione","Dur\u00e9e de lecture estim\u00e9e":"2 minutes"},"schema":{"@context":"https:\/\/schema.org","@graph":[{"@type":"Article","@id":"https:\/\/www.bellunopress.it\/2026\/01\/23\/belluno-il-saluto-del-sindaco-e-invito-alla-cerimonia-di-domenica-25-gennaio-per-il-passaggio-della-fiamma-olimpica\/#article","isPartOf":{"@id":"https:\/\/www.bellunopress.it\/2026\/01\/23\/belluno-il-saluto-del-sindaco-e-invito-alla-cerimonia-di-domenica-25-gennaio-per-il-passaggio-della-fiamma-olimpica\/"},"author":{"name":"redazione","@id":"https:\/\/www.bellunopress.it\/#\/schema\/person\/79bb06722b37ece1c03d3e94beb30d73"},"headline":"Belluno. Il saluto del sindaco e invito alla cerimonia di domenica 25 gennaio per il passaggio della Fiamma olimpica","datePublished":"2026-01-23T11:41:04+00:00","mainEntityOfPage":{"@id":"https:\/\/www.bellunopress.it\/2026\/01\/23\/belluno-il-saluto-del-sindaco-e-invito-alla-cerimonia-di-domenica-25-gennaio-per-il-passaggio-della-fiamma-olimpica\/"},"wordCount":416,"publisher":{"@id":"https:\/\/www.bellunopress.it\/#organization"},"image":{"@id":"https:\/\/www.bellunopress.it\/2026\/01\/23\/belluno-il-saluto-del-sindaco-e-invito-alla-cerimonia-di-domenica-25-gennaio-per-il-passaggio-della-fiamma-olimpica\/#primaryimage"},"thumbnailUrl":"https:\/\/www.bellunopress.it\/wp-content\/uploads\/2022\/07\/Oscar-De-Pellegrin-sindaco-di-Belluno_edited.jpg","articleSection":["Lettere Opinioni","Societ\u00e0, Associazioni, Istituzioni"],"inLanguage":"fr-FR"},{"@type":"WebPage","@id":"https:\/\/www.bellunopress.it\/2026\/01\/23\/belluno-il-saluto-del-sindaco-e-invito-alla-cerimonia-di-domenica-25-gennaio-per-il-passaggio-della-fiamma-olimpica\/","url":"https:\/\/www.bellunopress.it\/2026\/01\/23\/belluno-il-saluto-del-sindaco-e-invito-alla-cerimonia-di-domenica-25-gennaio-per-il-passaggio-della-fiamma-olimpica\/","name":"Belluno. Il saluto del sindaco e invito alla cerimonia di domenica 25 gennaio per il passaggio della Fiamma olimpica - Bellunopress - Dolomiti","isPartOf":{"@id":"https:\/\/www.bellunopress.it\/#website"},"primaryImageOfPage":{"@id":"https:\/\/www.bellunopress.it\/2026\/01\/23\/belluno-il-saluto-del-sindaco-e-invito-alla-cerimonia-di-domenica-25-gennaio-per-il-passaggio-della-fiamma-olimpica\/#primaryimage"},"image":{"@id":"https:\/\/www.bellunopress.it\/2026\/01\/23\/belluno-il-saluto-del-sindaco-e-invito-alla-cerimonia-di-domenica-25-gennaio-per-il-passaggio-della-fiamma-olimpica\/#primaryimage"},"thumbnailUrl":"https:\/\/www.bellunopress.it\/wp-content\/uploads\/2022\/07\/Oscar-De-Pellegrin-sindaco-di-Belluno_edited.jpg","datePublished":"2026-01-23T11:41:04+00:00","breadcrumb":{"@id":"https:\/\/www.bellunopress.it\/2026\/01\/23\/belluno-il-saluto-del-sindaco-e-invito-alla-cerimonia-di-domenica-25-gennaio-per-il-passaggio-della-fiamma-olimpica\/#breadcrumb"},"inLanguage":"fr-FR","potentialAction":[{"@type":"ReadAction","target":["https:\/\/www.bellunopress.it\/2026\/01\/23\/belluno-il-saluto-del-sindaco-e-invito-alla-cerimonia-di-domenica-25-gennaio-per-il-passaggio-della-fiamma-olimpica\/"]}]},{"@type":"ImageObject","inLanguage":"fr-FR","@id":"https:\/\/www.bellunopress.it\/2026\/01\/23\/belluno-il-saluto-del-sindaco-e-invito-alla-cerimonia-di-domenica-25-gennaio-per-il-passaggio-della-fiamma-olimpica\/#primaryimage","url":"https:\/\/www.bellunopress.it\/wp-content\/uploads\/2022\/07\/Oscar-De-Pellegrin-sindaco-di-Belluno_edited.jpg","contentUrl":"https:\/\/www.bellunopress.it\/wp-content\/uploads\/2022\/07\/Oscar-De-Pellegrin-sindaco-di-Belluno_edited.jpg","width":803,"height":1000,"caption":"Oscar De Pellegrin, sindaco di Belluno"},{"@type":"BreadcrumbList","@id":"https:\/\/www.bellunopress.it\/2026\/01\/23\/belluno-il-saluto-del-sindaco-e-invito-alla-cerimonia-di-domenica-25-gennaio-per-il-passaggio-della-fiamma-olimpica\/#breadcrumb","itemListElement":[{"@type":"ListItem","position":1,"name":"Home","item":"https:\/\/www.bellunopress.it\/"},{"@type":"ListItem","position":2,"name":"Belluno. Il saluto del sindaco e invito alla cerimonia di domenica 25 gennaio per il passaggio della Fiamma olimpica"}]},{"@type":"WebSite","@id":"https:\/\/www.bellunopress.it\/#website","url":"https:\/\/www.bellunopress.it\/","name":"Bellunopress - Dolomiti","description":"e-mail: redazione@bellunopress.it","publisher":{"@id":"https:\/\/www.bellunopress.it\/#organization"},"potentialAction":[{"@type":"SearchAction","target":{"@type":"EntryPoint","urlTemplate":"https:\/\/www.bellunopress.it\/?s={search_term_string}"},"query-input":{"@type":"PropertyValueSpecification","valueRequired":true,"valueName":"search_term_string"}}],"inLanguage":"fr-FR"},{"@type":"Organization","@id":"https:\/\/www.bellunopress.it\/#organization","name":"Bellunopress","url":"https:\/\/www.bellunopress.it\/","logo":{"@type":"ImageObject","inLanguage":"fr-FR","@id":"https:\/\/www.bellunopress.it\/#\/schema\/logo\/image\/","url":"https:\/\/www.bellunopress.it\/wp-content\/uploads\/2011\/05\/cropped-logo-bellunopress-.jpg","contentUrl":"https:\/\/www.bellunopress.it\/wp-content\/uploads\/2011\/05\/cropped-logo-bellunopress-.jpg","width":512,"height":512,"caption":"Bellunopress"},"image":{"@id":"https:\/\/www.bellunopress.it\/#\/schema\/logo\/image\/"},"sameAs":["https:\/\/www.facebook.com\/profile.php?id=100008943462799","https:\/\/x.com\/bellunopress","https:\/\/www.linkedin.com\/hp\/?dnr=JBzUWaJfMUw8vbXJJ2tVW5-I3jZKvC4wsoxE&amp;amp;amp;amp;amp;amp;trk=nav_responsive_tab_home","https:\/\/www.youtube.com\/channel\/UCxL0wu1uN0_3_7hGG0306cw"]},{"@type":"Person","@id":"https:\/\/www.bellunopress.it\/#\/schema\/person\/79bb06722b37ece1c03d3e94beb30d73","name":"r\u00e9daction","image":{"@type":"ImageObject","inLanguage":"fr-FR","@id":"https:\/\/secure.gravatar.com\/avatar\/37d968a2e67a6fd04c169c4bdef102d0bc5d31b2546345219e348575eb80e9a0?s=96&d=mm&r=g","url":"https:\/\/secure.gravatar.com\/avatar\/37d968a2e67a6fd04c169c4bdef102d0bc5d31b2546345219e348575eb80e9a0?s=96&d=mm&r=g","contentUrl":"https:\/\/secure.gravatar.com\/avatar\/37d968a2e67a6fd04c169c4bdef102d0bc5d31b2546345219e348575eb80e9a0?s=96&d=mm&r=g","caption":"redazione"},"sameAs":["http:\/\/www.bellunopress.it","https:\/\/x.com\/bellunopress"],"url":"https:\/\/www.bellunopress.it\/fr\/author\/redazione\/"}]}},"_links":{"self":[{"href":"https:\/\/www.bellunopress.it\/fr\/wp-json\/wp\/v2\/posts\/166717","targetHints":{"allow":["GET"]}}],"collection":[{"href":"https:\/\/www.bellunopress.it\/fr\/wp-json\/wp\/v2\/posts"}],"about":[{"href":"https:\/\/www.bellunopress.it\/fr\/wp-json\/wp\/v2\/types\/post"}],"author":[{"embeddable":true,"href":"https:\/\/www.bellunopress.it\/fr\/wp-json\/wp\/v2\/users\/2"}],"replies":[{"embeddable":true,"href":"https:\/\/www.bellunopress.it\/fr\/wp-json\/wp\/v2\/comments?post=166717"}],"version-history":[{"count":1,"href":"https:\/\/www.bellunopress.it\/fr\/wp-json\/wp\/v2\/posts\/166717\/revisions"}],"predecessor-version":[{"id":166718,"href":"https:\/\/www.bellunopress.it\/fr\/wp-json\/wp\/v2\/posts\/166717\/revisions\/166718"}],"wp:featuredmedia":[{"embeddable":true,"href":"https:\/\/www.bellunopress.it\/fr\/wp-json\/wp\/v2\/media\/135245"}],"wp:attachment":[{"href":"https:\/\/www.bellunopress.it\/fr\/wp-json\/wp\/v2\/media?parent=166717"}],"wp:term":[{"taxonomy":"category","embeddable":true,"href":"https:\/\/www.bellunopress.it\/fr\/wp-json\/wp\/v2\/categories?post=166717"},{"taxonomy":"post_tag","embeddable":true,"href":"https:\/\/www.bellunopress.it\/fr\/wp-json\/wp\/v2\/tags?post=166717"}],"curies":[{"name":"wp","href":"https:\/\/api.w.org\/{rel}","templated":true}]}}