{"id":166714,"date":"2026-01-23T12:30:16","date_gmt":"2026-01-23T11:30:16","guid":{"rendered":"https:\/\/www.bellunopress.it\/?p=166714"},"modified":"2026-01-23T12:30:16","modified_gmt":"2026-01-23T11:30:16","slug":"belluno-in-campo-per-la-solidarieta-arriva-la-partita-del-sorriso","status":"publish","type":"post","link":"https:\/\/www.bellunopress.it\/fr\/2026\/01\/23\/belluno-in-campo-per-la-solidarieta-arriva-la-partita-del-sorriso\/","title":{"rendered":"Belluno in campo per la solidariet\u00e0: arriva &#8220;La Partita del Sorriso&#8221;"},"content":{"rendered":"<p><img loading=\"lazy\" decoding=\"async\" class=\"aligncenter size-full wp-image-166715\" src=\"https:\/\/www.bellunopress.it\/wp-content\/uploads\/2026\/01\/la-partita-del-sorriso.jpg\" alt=\"\" width=\"423\" height=\"600\" srcset=\"https:\/\/www.bellunopress.it\/wp-content\/uploads\/2026\/01\/la-partita-del-sorriso.jpg 423w, https:\/\/www.bellunopress.it\/wp-content\/uploads\/2026\/01\/la-partita-del-sorriso-353x500.jpg 353w, https:\/\/www.bellunopress.it\/wp-content\/uploads\/2026\/01\/la-partita-del-sorriso-296x420.jpg 296w, https:\/\/www.bellunopress.it\/wp-content\/uploads\/2026\/01\/la-partita-del-sorriso-150x213.jpg 150w, https:\/\/www.bellunopress.it\/wp-content\/uploads\/2026\/01\/la-partita-del-sorriso-300x426.jpg 300w\" sizes=\"auto, (max-width: 423px) 100vw, 423px\" \/>Lo sport bellunese si mobilita per una nobile causa. Sabato 31 gennaio 2026, il Palasport De Mas ospiter\u00e0 un appuntamento che unisce competizione e generosit\u00e0: &#8220;La Partita del Sorriso&#8221;. L&#8217;evento, che avr\u00e0 inizio alle ore 18:30, promette una serata di divertimento con un obiettivo ambizioso: sostenere il diritto all&#8217;istruzione.<\/p>\n<p>Il programma della serata prevede un&#8217;avvincente partita di calcio a 5. A contendersi la vittoria non saranno atleti professionisti, ma rappresentanti della vita pubblica e dell&#8217;informazione locale: la squadra del Comune di Belluno sfider\u00e0 infatti il Team giornalisti. Una sfida che si preannuncia ricca di colpi di scena, dove il risultato finale passer\u00e0 in secondo piano rispetto alla finalit\u00e0 solidale della manifestazione.<\/p>\n<p>L&#8217;intero ricavato dell&#8217;iniziativa sar\u00e0 devoluto alla raccolta fondi per il progetto &#8220;Tutti a scuola&#8221;, coordinato dall&#8217;organizzazione &#8220;Insieme si pu\u00f2 \u2014 Costruire un mondo migliore&#8221;. Partecipare significa contribuire attivamente a rimuovere le barriere che impediscono l&#8217;accesso all&#8217;istruzione per molti bambini.<\/p>\n<p>L&#8217;accesso al Palasport De Mas avverr\u00e0 con la modalit\u00e0 dell&#8217;ingresso a offerta libera, rendendo l&#8217;evento accessibile a tutta la cittadinanza e invitando ognuno a donare secondo le proprie possibilit\u00e0.<\/p>\n<p>L&#8217;evento \u00e8 patrocinato dal Comune di Belluno &#8211; Assessorato allo Sport e dal CONI (Comitato Regionale Veneto Belluno), con il supporto tecnico di partner come AIA, LND e Decathlon. Per maggiori informazioni, \u00e8 possibile visitare il sito ufficiale: www.comune.belluno.it.<\/p>\n<p><strong>Formazione squadra Comune di Belluno<\/strong><br \/>\nPortieri &#8211; Raffaele Addamiano<br \/>\n&#8211; Manuele Gelisio<\/p>\n<p>In campo<br \/>\n&#8211; Lorenzo Bortoluzzi<br \/>\n&#8211; Cristiano Brahimi<br \/>\n&#8211; Anna Candeago<br \/>\n&#8211; Antonio Codemo<br \/>\n&#8211; Mirco Costa<br \/>\n&#8211; Valentina Dalla Cort<br \/>\n&#8211; Alessandro Farina<br \/>\n&#8211; Giangiacomo Nicolini<br \/>\n&#8211; Simone Soccal<br \/>\n&#8211; Marzio Sovilla<\/p>\n<p>Direttore tecnico: Paolo De Biasio<\/p>\n<p><strong>Formazione squadra Stampa<\/strong><br \/>\nPortieri &#8211; Barbara Squarcina &#8211; Corriere Delle Alpi<\/p>\n<p>In campo<br \/>\n&#8211; Stefano Bozzi &#8211; Antenna3 Nord Est<br \/>\n&#8211; Daniele Collavino &#8211; Il Gazzettino<br \/>\n&#8211; Cristina Contento &#8211; Corriere Delle Alpi<br \/>\n&#8211; Irene Dal Mas &#8211; Amico del Popolo<br \/>\n&#8211; Daniele Dalvit &#8211; Radio Pi\u00f9, TeleBelluno, News in Quota<br \/>\n&#8211; Luca Daur\u00f9 &#8211; Il Gazzettino<br \/>\n&#8211; Luca De Michiel &#8211; Corriere Delle Alpi, Radio Club 103<br \/>\n&#8211; Sandy Fiabane &#8211; Il Dolomiti<br \/>\n&#8211; Matteo Lazzarin &#8211; Il Gazzettino<br \/>\n&#8211; Giacomo Lucchetta &#8211; Corriere Delle Alpi<br \/>\n&#8211; Federico Maccagnan &#8211; Corriere Delle Alpi<br \/>\n&#8211; Nicola Maccagnan &#8211; Freelance<br \/>\n&#8211; Roberto Padrin &#8211; Freelance<br \/>\n&#8211; Michele Rosset &#8211; TeleBelluno<\/p>\n<p>Direttore tecnico: Alessia Forzin<\/p>\n<p>Mister: Silvano Cavallet<\/p>\n<p>&nbsp;<\/p>","protected":false},"excerpt":{"rendered":"<p>Lo sport bellunese si mobilita per una nobile causa. Sabato 31 gennaio 2026, il Palasport De Mas ospiter\u00e0 un appuntamento che unisce competizione e generosit\u00e0: &#8220;La Partita del Sorriso&#8221;. L&#8217;evento, che avr\u00e0 inizio alle ore 18:30, promette una serata di divertimento con un obiettivo ambizioso: sostenere il diritto all&#8217;istruzione. Il programma della serata prevede un&#8217;avvincente [&hellip;]<\/p>\n","protected":false},"author":2,"featured_media":166715,"comment_status":"closed","ping_status":"open","sticky":false,"template":"","format":"standard","meta":{"footnotes":""},"categories":[8,4],"tags":[],"class_list":["post-166714","post","type-post","status-publish","format-standard","has-post-thumbnail","category-societa-istituzioni","category-sport"],"yoast_head":"<!-- This site is optimized with the Yoast SEO plugin v28.4 - https:\/\/yoast.com\/product\/yoast-seo-wordpress\/ -->\n<title>Belluno in campo per la solidariet\u00e0: arriva &quot;La Partita del Sorriso&quot; - Bellunopress - Dolomiti<\/title>\n<meta name=\"robots\" content=\"index, follow, max-snippet:-1, max-image-preview:large, max-video-preview:-1\" \/>\n<link rel=\"canonical\" href=\"https:\/\/www.bellunopress.it\/fr\/2026\/01\/23\/belluno-in-campo-per-la-solidarieta-arriva-la-partita-del-sorriso\/\" \/>\n<meta property=\"og:locale\" content=\"fr_FR\" \/>\n<meta property=\"og:type\" content=\"article\" \/>\n<meta property=\"og:title\" content=\"Belluno in campo per la solidariet\u00e0: arriva &quot;La Partita del Sorriso&quot; - Bellunopress - Dolomiti\" \/>\n<meta property=\"og:description\" content=\"Lo sport bellunese si mobilita per una nobile causa. Sabato 31 gennaio 2026, il Palasport De Mas ospiter\u00e0 un appuntamento che unisce competizione e generosit\u00e0: &#8220;La Partita del Sorriso&#8221;. L&#8217;evento, che avr\u00e0 inizio alle ore 18:30, promette una serata di divertimento con un obiettivo ambizioso: sostenere il diritto all&#8217;istruzione. Il programma della serata prevede un&#8217;avvincente [&hellip;]\" \/>\n<meta property=\"og:url\" content=\"https:\/\/www.bellunopress.it\/fr\/2026\/01\/23\/belluno-in-campo-per-la-solidarieta-arriva-la-partita-del-sorriso\/\" \/>\n<meta property=\"og:site_name\" content=\"Bellunopress - Dolomiti\" \/>\n<meta property=\"article:publisher\" content=\"https:\/\/www.facebook.com\/profile.php?id=100008943462799\" \/>\n<meta property=\"article:published_time\" content=\"2026-01-23T11:30:16+00:00\" \/>\n<meta property=\"og:image\" content=\"https:\/\/www.bellunopress.it\/wp-content\/uploads\/2026\/01\/la-partita-del-sorriso.jpg\" \/>\n\t<meta property=\"og:image:width\" content=\"423\" \/>\n\t<meta property=\"og:image:height\" content=\"600\" \/>\n\t<meta property=\"og:image:type\" content=\"image\/jpeg\" \/>\n<meta name=\"author\" content=\"redazione\" \/>\n<meta name=\"twitter:card\" content=\"summary_large_image\" \/>\n<meta name=\"twitter:creator\" content=\"@bellunopress\" \/>\n<meta name=\"twitter:site\" content=\"@bellunopress\" \/>\n<meta name=\"twitter:label1\" content=\"\u00c9crit par\" \/>\n\t<meta name=\"twitter:data1\" content=\"redazione\" \/>\n\t<meta name=\"twitter:label2\" content=\"Dur\u00e9e de lecture estim\u00e9e\" \/>\n\t<meta name=\"twitter:data2\" content=\"2 minutes\" \/>\n<script type=\"application\/ld+json\" class=\"yoast-schema-graph\">{\"@context\":\"https:\\\/\\\/schema.org\",\"@graph\":[{\"@type\":\"Article\",\"@id\":\"https:\\\/\\\/www.bellunopress.it\\\/2026\\\/01\\\/23\\\/belluno-in-campo-per-la-solidarieta-arriva-la-partita-del-sorriso\\\/#article\",\"isPartOf\":{\"@id\":\"https:\\\/\\\/www.bellunopress.it\\\/2026\\\/01\\\/23\\\/belluno-in-campo-per-la-solidarieta-arriva-la-partita-del-sorriso\\\/\"},\"author\":{\"name\":\"redazione\",\"@id\":\"https:\\\/\\\/www.bellunopress.it\\\/#\\\/schema\\\/person\\\/79bb06722b37ece1c03d3e94beb30d73\"},\"headline\":\"Belluno in campo per la solidariet\u00e0: arriva &#8220;La Partita del Sorriso&#8221;\",\"datePublished\":\"2026-01-23T11:30:16+00:00\",\"mainEntityOfPage\":{\"@id\":\"https:\\\/\\\/www.bellunopress.it\\\/2026\\\/01\\\/23\\\/belluno-in-campo-per-la-solidarieta-arriva-la-partita-del-sorriso\\\/\"},\"wordCount\":404,\"publisher\":{\"@id\":\"https:\\\/\\\/www.bellunopress.it\\\/#organization\"},\"image\":{\"@id\":\"https:\\\/\\\/www.bellunopress.it\\\/2026\\\/01\\\/23\\\/belluno-in-campo-per-la-solidarieta-arriva-la-partita-del-sorriso\\\/#primaryimage\"},\"thumbnailUrl\":\"https:\\\/\\\/www.bellunopress.it\\\/wp-content\\\/uploads\\\/2026\\\/01\\\/la-partita-del-sorriso.jpg\",\"articleSection\":[\"Societ\u00e0, Associazioni, Istituzioni\",\"Sport, tempo libero\"],\"inLanguage\":\"fr-FR\"},{\"@type\":\"WebPage\",\"@id\":\"https:\\\/\\\/www.bellunopress.it\\\/2026\\\/01\\\/23\\\/belluno-in-campo-per-la-solidarieta-arriva-la-partita-del-sorriso\\\/\",\"url\":\"https:\\\/\\\/www.bellunopress.it\\\/2026\\\/01\\\/23\\\/belluno-in-campo-per-la-solidarieta-arriva-la-partita-del-sorriso\\\/\",\"name\":\"Belluno in campo per la solidariet\u00e0: arriva \\\"La Partita del Sorriso\\\" - Bellunopress - Dolomiti\",\"isPartOf\":{\"@id\":\"https:\\\/\\\/www.bellunopress.it\\\/#website\"},\"primaryImageOfPage\":{\"@id\":\"https:\\\/\\\/www.bellunopress.it\\\/2026\\\/01\\\/23\\\/belluno-in-campo-per-la-solidarieta-arriva-la-partita-del-sorriso\\\/#primaryimage\"},\"image\":{\"@id\":\"https:\\\/\\\/www.bellunopress.it\\\/2026\\\/01\\\/23\\\/belluno-in-campo-per-la-solidarieta-arriva-la-partita-del-sorriso\\\/#primaryimage\"},\"thumbnailUrl\":\"https:\\\/\\\/www.bellunopress.it\\\/wp-content\\\/uploads\\\/2026\\\/01\\\/la-partita-del-sorriso.jpg\",\"datePublished\":\"2026-01-23T11:30:16+00:00\",\"breadcrumb\":{\"@id\":\"https:\\\/\\\/www.bellunopress.it\\\/2026\\\/01\\\/23\\\/belluno-in-campo-per-la-solidarieta-arriva-la-partita-del-sorriso\\\/#breadcrumb\"},\"inLanguage\":\"fr-FR\",\"potentialAction\":[{\"@type\":\"ReadAction\",\"target\":[\"https:\\\/\\\/www.bellunopress.it\\\/2026\\\/01\\\/23\\\/belluno-in-campo-per-la-solidarieta-arriva-la-partita-del-sorriso\\\/\"]}]},{\"@type\":\"ImageObject\",\"inLanguage\":\"fr-FR\",\"@id\":\"https:\\\/\\\/www.bellunopress.it\\\/2026\\\/01\\\/23\\\/belluno-in-campo-per-la-solidarieta-arriva-la-partita-del-sorriso\\\/#primaryimage\",\"url\":\"https:\\\/\\\/www.bellunopress.it\\\/wp-content\\\/uploads\\\/2026\\\/01\\\/la-partita-del-sorriso.jpg\",\"contentUrl\":\"https:\\\/\\\/www.bellunopress.it\\\/wp-content\\\/uploads\\\/2026\\\/01\\\/la-partita-del-sorriso.jpg\",\"width\":423,\"height\":600},{\"@type\":\"BreadcrumbList\",\"@id\":\"https:\\\/\\\/www.bellunopress.it\\\/2026\\\/01\\\/23\\\/belluno-in-campo-per-la-solidarieta-arriva-la-partita-del-sorriso\\\/#breadcrumb\",\"itemListElement\":[{\"@type\":\"ListItem\",\"position\":1,\"name\":\"Home\",\"item\":\"https:\\\/\\\/www.bellunopress.it\\\/\"},{\"@type\":\"ListItem\",\"position\":2,\"name\":\"Belluno in campo per la solidariet\u00e0: arriva &#8220;La Partita del Sorriso&#8221;\"}]},{\"@type\":\"WebSite\",\"@id\":\"https:\\\/\\\/www.bellunopress.it\\\/#website\",\"url\":\"https:\\\/\\\/www.bellunopress.it\\\/\",\"name\":\"Bellunopress - Dolomiti\",\"description\":\"e-mail: redazione@bellunopress.it\",\"publisher\":{\"@id\":\"https:\\\/\\\/www.bellunopress.it\\\/#organization\"},\"potentialAction\":[{\"@type\":\"SearchAction\",\"target\":{\"@type\":\"EntryPoint\",\"urlTemplate\":\"https:\\\/\\\/www.bellunopress.it\\\/?s={search_term_string}\"},\"query-input\":{\"@type\":\"PropertyValueSpecification\",\"valueRequired\":true,\"valueName\":\"search_term_string\"}}],\"inLanguage\":\"fr-FR\"},{\"@type\":\"Organization\",\"@id\":\"https:\\\/\\\/www.bellunopress.it\\\/#organization\",\"name\":\"Bellunopress\",\"url\":\"https:\\\/\\\/www.bellunopress.it\\\/\",\"logo\":{\"@type\":\"ImageObject\",\"inLanguage\":\"fr-FR\",\"@id\":\"https:\\\/\\\/www.bellunopress.it\\\/#\\\/schema\\\/logo\\\/image\\\/\",\"url\":\"https:\\\/\\\/www.bellunopress.it\\\/wp-content\\\/uploads\\\/2011\\\/05\\\/cropped-logo-bellunopress-.jpg\",\"contentUrl\":\"https:\\\/\\\/www.bellunopress.it\\\/wp-content\\\/uploads\\\/2011\\\/05\\\/cropped-logo-bellunopress-.jpg\",\"width\":512,\"height\":512,\"caption\":\"Bellunopress\"},\"image\":{\"@id\":\"https:\\\/\\\/www.bellunopress.it\\\/#\\\/schema\\\/logo\\\/image\\\/\"},\"sameAs\":[\"https:\\\/\\\/www.facebook.com\\\/profile.php?id=100008943462799\",\"https:\\\/\\\/x.com\\\/bellunopress\",\"https:\\\/\\\/www.linkedin.com\\\/hp\\\/?dnr=JBzUWaJfMUw8vbXJJ2tVW5-I3jZKvC4wsoxE&amp;amp;amp;amp;amp;amp;trk=nav_responsive_tab_home\",\"https:\\\/\\\/www.youtube.com\\\/channel\\\/UCxL0wu1uN0_3_7hGG0306cw\"]},{\"@type\":\"Person\",\"@id\":\"https:\\\/\\\/www.bellunopress.it\\\/#\\\/schema\\\/person\\\/79bb06722b37ece1c03d3e94beb30d73\",\"name\":\"redazione\",\"image\":{\"@type\":\"ImageObject\",\"inLanguage\":\"fr-FR\",\"@id\":\"https:\\\/\\\/secure.gravatar.com\\\/avatar\\\/37d968a2e67a6fd04c169c4bdef102d0bc5d31b2546345219e348575eb80e9a0?s=96&d=mm&r=g\",\"url\":\"https:\\\/\\\/secure.gravatar.com\\\/avatar\\\/37d968a2e67a6fd04c169c4bdef102d0bc5d31b2546345219e348575eb80e9a0?s=96&d=mm&r=g\",\"contentUrl\":\"https:\\\/\\\/secure.gravatar.com\\\/avatar\\\/37d968a2e67a6fd04c169c4bdef102d0bc5d31b2546345219e348575eb80e9a0?s=96&d=mm&r=g\",\"caption\":\"redazione\"},\"sameAs\":[\"http:\\\/\\\/www.bellunopress.it\",\"https:\\\/\\\/x.com\\\/bellunopress\"],\"url\":\"https:\\\/\\\/www.bellunopress.it\\\/fr\\\/author\\\/redazione\\\/\"}]}<\/script>\n<!-- \/ Yoast SEO plugin. -->","yoast_head_json":{"title":"Belluno in campo per la solidariet\u00e0: arriva \"La Partita del Sorriso\" - Bellunopress - Dolomiti","robots":{"index":"index","follow":"follow","max-snippet":"max-snippet:-1","max-image-preview":"max-image-preview:large","max-video-preview":"max-video-preview:-1"},"canonical":"https:\/\/www.bellunopress.it\/fr\/2026\/01\/23\/belluno-in-campo-per-la-solidarieta-arriva-la-partita-del-sorriso\/","og_locale":"fr_FR","og_type":"article","og_title":"Belluno in campo per la solidariet\u00e0: arriva \"La Partita del Sorriso\" - Bellunopress - Dolomiti","og_description":"Lo sport bellunese si mobilita per una nobile causa. Sabato 31 gennaio 2026, il Palasport De Mas ospiter\u00e0 un appuntamento che unisce competizione e generosit\u00e0: &#8220;La Partita del Sorriso&#8221;. L&#8217;evento, che avr\u00e0 inizio alle ore 18:30, promette una serata di divertimento con un obiettivo ambizioso: sostenere il diritto all&#8217;istruzione. Il programma della serata prevede un&#8217;avvincente [&hellip;]","og_url":"https:\/\/www.bellunopress.it\/fr\/2026\/01\/23\/belluno-in-campo-per-la-solidarieta-arriva-la-partita-del-sorriso\/","og_site_name":"Bellunopress - Dolomiti","article_publisher":"https:\/\/www.facebook.com\/profile.php?id=100008943462799","article_published_time":"2026-01-23T11:30:16+00:00","og_image":[{"width":423,"height":600,"url":"https:\/\/www.bellunopress.it\/wp-content\/uploads\/2026\/01\/la-partita-del-sorriso.jpg","type":"image\/jpeg"}],"author":"redazione","twitter_card":"summary_large_image","twitter_creator":"@bellunopress","twitter_site":"@bellunopress","twitter_misc":{"\u00c9crit par":"redazione","Dur\u00e9e de lecture estim\u00e9e":"2 minutes"},"schema":{"@context":"https:\/\/schema.org","@graph":[{"@type":"Article","@id":"https:\/\/www.bellunopress.it\/2026\/01\/23\/belluno-in-campo-per-la-solidarieta-arriva-la-partita-del-sorriso\/#article","isPartOf":{"@id":"https:\/\/www.bellunopress.it\/2026\/01\/23\/belluno-in-campo-per-la-solidarieta-arriva-la-partita-del-sorriso\/"},"author":{"name":"redazione","@id":"https:\/\/www.bellunopress.it\/#\/schema\/person\/79bb06722b37ece1c03d3e94beb30d73"},"headline":"Belluno in campo per la solidariet\u00e0: arriva &#8220;La Partita del Sorriso&#8221;","datePublished":"2026-01-23T11:30:16+00:00","mainEntityOfPage":{"@id":"https:\/\/www.bellunopress.it\/2026\/01\/23\/belluno-in-campo-per-la-solidarieta-arriva-la-partita-del-sorriso\/"},"wordCount":404,"publisher":{"@id":"https:\/\/www.bellunopress.it\/#organization"},"image":{"@id":"https:\/\/www.bellunopress.it\/2026\/01\/23\/belluno-in-campo-per-la-solidarieta-arriva-la-partita-del-sorriso\/#primaryimage"},"thumbnailUrl":"https:\/\/www.bellunopress.it\/wp-content\/uploads\/2026\/01\/la-partita-del-sorriso.jpg","articleSection":["Societ\u00e0, Associazioni, Istituzioni","Sport, tempo libero"],"inLanguage":"fr-FR"},{"@type":"WebPage","@id":"https:\/\/www.bellunopress.it\/2026\/01\/23\/belluno-in-campo-per-la-solidarieta-arriva-la-partita-del-sorriso\/","url":"https:\/\/www.bellunopress.it\/2026\/01\/23\/belluno-in-campo-per-la-solidarieta-arriva-la-partita-del-sorriso\/","name":"Belluno in campo per la solidariet\u00e0: arriva \"La Partita del Sorriso\" - Bellunopress - Dolomiti","isPartOf":{"@id":"https:\/\/www.bellunopress.it\/#website"},"primaryImageOfPage":{"@id":"https:\/\/www.bellunopress.it\/2026\/01\/23\/belluno-in-campo-per-la-solidarieta-arriva-la-partita-del-sorriso\/#primaryimage"},"image":{"@id":"https:\/\/www.bellunopress.it\/2026\/01\/23\/belluno-in-campo-per-la-solidarieta-arriva-la-partita-del-sorriso\/#primaryimage"},"thumbnailUrl":"https:\/\/www.bellunopress.it\/wp-content\/uploads\/2026\/01\/la-partita-del-sorriso.jpg","datePublished":"2026-01-23T11:30:16+00:00","breadcrumb":{"@id":"https:\/\/www.bellunopress.it\/2026\/01\/23\/belluno-in-campo-per-la-solidarieta-arriva-la-partita-del-sorriso\/#breadcrumb"},"inLanguage":"fr-FR","potentialAction":[{"@type":"ReadAction","target":["https:\/\/www.bellunopress.it\/2026\/01\/23\/belluno-in-campo-per-la-solidarieta-arriva-la-partita-del-sorriso\/"]}]},{"@type":"ImageObject","inLanguage":"fr-FR","@id":"https:\/\/www.bellunopress.it\/2026\/01\/23\/belluno-in-campo-per-la-solidarieta-arriva-la-partita-del-sorriso\/#primaryimage","url":"https:\/\/www.bellunopress.it\/wp-content\/uploads\/2026\/01\/la-partita-del-sorriso.jpg","contentUrl":"https:\/\/www.bellunopress.it\/wp-content\/uploads\/2026\/01\/la-partita-del-sorriso.jpg","width":423,"height":600},{"@type":"BreadcrumbList","@id":"https:\/\/www.bellunopress.it\/2026\/01\/23\/belluno-in-campo-per-la-solidarieta-arriva-la-partita-del-sorriso\/#breadcrumb","itemListElement":[{"@type":"ListItem","position":1,"name":"Home","item":"https:\/\/www.bellunopress.it\/"},{"@type":"ListItem","position":2,"name":"Belluno in campo per la solidariet\u00e0: arriva &#8220;La Partita del Sorriso&#8221;"}]},{"@type":"WebSite","@id":"https:\/\/www.bellunopress.it\/#website","url":"https:\/\/www.bellunopress.it\/","name":"Bellunopress - Dolomiti","description":"e-mail: redazione@bellunopress.it","publisher":{"@id":"https:\/\/www.bellunopress.it\/#organization"},"potentialAction":[{"@type":"SearchAction","target":{"@type":"EntryPoint","urlTemplate":"https:\/\/www.bellunopress.it\/?s={search_term_string}"},"query-input":{"@type":"PropertyValueSpecification","valueRequired":true,"valueName":"search_term_string"}}],"inLanguage":"fr-FR"},{"@type":"Organization","@id":"https:\/\/www.bellunopress.it\/#organization","name":"Bellunopress","url":"https:\/\/www.bellunopress.it\/","logo":{"@type":"ImageObject","inLanguage":"fr-FR","@id":"https:\/\/www.bellunopress.it\/#\/schema\/logo\/image\/","url":"https:\/\/www.bellunopress.it\/wp-content\/uploads\/2011\/05\/cropped-logo-bellunopress-.jpg","contentUrl":"https:\/\/www.bellunopress.it\/wp-content\/uploads\/2011\/05\/cropped-logo-bellunopress-.jpg","width":512,"height":512,"caption":"Bellunopress"},"image":{"@id":"https:\/\/www.bellunopress.it\/#\/schema\/logo\/image\/"},"sameAs":["https:\/\/www.facebook.com\/profile.php?id=100008943462799","https:\/\/x.com\/bellunopress","https:\/\/www.linkedin.com\/hp\/?dnr=JBzUWaJfMUw8vbXJJ2tVW5-I3jZKvC4wsoxE&amp;amp;amp;amp;amp;amp;trk=nav_responsive_tab_home","https:\/\/www.youtube.com\/channel\/UCxL0wu1uN0_3_7hGG0306cw"]},{"@type":"Person","@id":"https:\/\/www.bellunopress.it\/#\/schema\/person\/79bb06722b37ece1c03d3e94beb30d73","name":"r\u00e9daction","image":{"@type":"ImageObject","inLanguage":"fr-FR","@id":"https:\/\/secure.gravatar.com\/avatar\/37d968a2e67a6fd04c169c4bdef102d0bc5d31b2546345219e348575eb80e9a0?s=96&d=mm&r=g","url":"https:\/\/secure.gravatar.com\/avatar\/37d968a2e67a6fd04c169c4bdef102d0bc5d31b2546345219e348575eb80e9a0?s=96&d=mm&r=g","contentUrl":"https:\/\/secure.gravatar.com\/avatar\/37d968a2e67a6fd04c169c4bdef102d0bc5d31b2546345219e348575eb80e9a0?s=96&d=mm&r=g","caption":"redazione"},"sameAs":["http:\/\/www.bellunopress.it","https:\/\/x.com\/bellunopress"],"url":"https:\/\/www.bellunopress.it\/fr\/author\/redazione\/"}]}},"_links":{"self":[{"href":"https:\/\/www.bellunopress.it\/fr\/wp-json\/wp\/v2\/posts\/166714","targetHints":{"allow":["GET"]}}],"collection":[{"href":"https:\/\/www.bellunopress.it\/fr\/wp-json\/wp\/v2\/posts"}],"about":[{"href":"https:\/\/www.bellunopress.it\/fr\/wp-json\/wp\/v2\/types\/post"}],"author":[{"embeddable":true,"href":"https:\/\/www.bellunopress.it\/fr\/wp-json\/wp\/v2\/users\/2"}],"replies":[{"embeddable":true,"href":"https:\/\/www.bellunopress.it\/fr\/wp-json\/wp\/v2\/comments?post=166714"}],"version-history":[{"count":1,"href":"https:\/\/www.bellunopress.it\/fr\/wp-json\/wp\/v2\/posts\/166714\/revisions"}],"predecessor-version":[{"id":166716,"href":"https:\/\/www.bellunopress.it\/fr\/wp-json\/wp\/v2\/posts\/166714\/revisions\/166716"}],"wp:featuredmedia":[{"embeddable":true,"href":"https:\/\/www.bellunopress.it\/fr\/wp-json\/wp\/v2\/media\/166715"}],"wp:attachment":[{"href":"https:\/\/www.bellunopress.it\/fr\/wp-json\/wp\/v2\/media?parent=166714"}],"wp:term":[{"taxonomy":"category","embeddable":true,"href":"https:\/\/www.bellunopress.it\/fr\/wp-json\/wp\/v2\/categories?post=166714"},{"taxonomy":"post_tag","embeddable":true,"href":"https:\/\/www.bellunopress.it\/fr\/wp-json\/wp\/v2\/tags?post=166714"}],"curies":[{"name":"wp","href":"https:\/\/api.w.org\/{rel}","templated":true}]}}