{"id":166699,"date":"2026-01-23T05:19:53","date_gmt":"2026-01-23T04:19:53","guid":{"rendered":"https:\/\/www.bellunopress.it\/?p=166699"},"modified":"2026-01-23T05:19:53","modified_gmt":"2026-01-23T04:19:53","slug":"olimpiadi-2026-la-linea-calalzo-cortina-diventa-una-metropolitana-di-superficie","status":"publish","type":"post","link":"https:\/\/www.bellunopress.it\/fr\/2026\/01\/23\/olimpiadi-2026-la-linea-calalzo-cortina-diventa-una-metropolitana-di-superficie\/","title":{"rendered":"Olimpiadi 2026: la linea Calalzo-Cortina diventa una metropolitana di superficie"},"content":{"rendered":"<p><strong><img loading=\"lazy\" decoding=\"async\" class=\"aligncenter size-full wp-image-166598\" src=\"https:\/\/www.bellunopress.it\/wp-content\/uploads\/2026\/01\/DolomitiBus-nuovi-mezzi-genn-2026.jpeg\" alt=\"\" width=\"600\" height=\"450\" srcset=\"https:\/\/www.bellunopress.it\/wp-content\/uploads\/2026\/01\/DolomitiBus-nuovi-mezzi-genn-2026.jpeg 600w, https:\/\/www.bellunopress.it\/wp-content\/uploads\/2026\/01\/DolomitiBus-nuovi-mezzi-genn-2026-500x375.jpeg 500w, https:\/\/www.bellunopress.it\/wp-content\/uploads\/2026\/01\/DolomitiBus-nuovi-mezzi-genn-2026-560x420.jpeg 560w, https:\/\/www.bellunopress.it\/wp-content\/uploads\/2026\/01\/DolomitiBus-nuovi-mezzi-genn-2026-80x60.jpeg 80w, https:\/\/www.bellunopress.it\/wp-content\/uploads\/2026\/01\/DolomitiBus-nuovi-mezzi-genn-2026-150x113.jpeg 150w, https:\/\/www.bellunopress.it\/wp-content\/uploads\/2026\/01\/DolomitiBus-nuovi-mezzi-genn-2026-300x225.jpeg 300w\" sizes=\"auto, (max-width: 600px) 100vw, 600px\" \/>4 autobus ogni ora e abbonamenti gratuiti per lavoratori: &#8220;Cos\u00ec liberiamo la SS 51 e garantiamo mobilit\u00e0 a chi vive e lavora nella valle&#8221;<\/strong><\/p>\n<p>In vista dei Giochi Olimpici Invernali di Milano Cortina 2026, l&#8217;ente di Governo del trasporto pubblico locale della Provincia di Belluno \u2013 in accordo con la Regione del Veneto e su proposta della Fondazione Milano Cortina 2026 fatta solo ai primi di gennaio &#8211; ha messo in campo una misura straordinaria per garantire mobilit\u00e0, accessibilit\u00e0 e sicurezza lungo la tratta Calalzo-Cortina, uno degli assi nevralgici dell&#8217;intero sistema olimpico.<\/p>\n<p>Da venerd\u00ec 23 gennaio a marted\u00ec 17 marzo, la Linea 30 del trasporto pubblico extraurbano sar\u00e0 completamente potenziata, diventando a tutti gli effetti una metropolitana di superficie:<br \/>\nfino a 4 autobus ogni ora in partenza da Calalzo (e diretti a Cortina), con possibilit\u00e0 per gli utenti di salire e scendere pi\u00f9 volte durante la giornata grazie a un titolo giornaliero speciale e per gli utenti lavoratori che lasciano l&#8217;auto a casa un abbonamento specifico in qualit\u00e0 di nuovi abbonati.<br \/>\n&#8220;\u00c8 una rivoluzione nella mobilit\u00e0 della valle&#8221; dichiara il consigliere provinciale con delega ai trasporti Massimo Bortoluzzi. &#8220;Non ci saranno pi\u00f9 vincoli orari rigidi o corse sporadiche: i cittadini, i lavoratori e anche gli spettatori delle Olimpiadi potranno contare su un servizio continuo, frequente e flessibile, proprio come una metropolitana.&#8221;&#8216;<\/p>\n<p><strong>AGEVOLAZIONE PER I LAVORATORI IN QUALITA&#8217; DI NUOVI UTENTI<\/strong><br \/>\n500 abbonamenti mensili gratuiti per lavoratori pendolari (nuovi utenti), prenotabili tramite APP Dolomiti Bus, fino ad esaurimento e comunque fino al 10\/3\/2026 validi dal 23 gennaio al 17 marzo .<br \/>\nRequisito soggettivo: essere lavoratori tramite autocertificazione oggetto di successivi controlli.<br \/>\nNuova tessera abbonamento obbligatoria, anche digitale, senza necessit\u00e0 di ritiro in biglietteria.<\/p>\n<p><strong>TARIFFA SPECIALE PER TUTTI<\/strong><br \/>\nBiglietto giornaliero valido su tutta la tratta, con corse illimitate da Calalzo dalle 5,15 in periodo pre olimpico e dalle 4,35 in periodo olimpico. Ultimo rientro da Cortina la sera appena dopo mezzanotte. Il servizio effettua tutte le fermate previste sulla linea in andata e ritorno.<br \/>\nBiglietti giornalieri digitali vendibili a terra su App Dolomiti Bus o tramite piattaforma e-commerce che l&#8217;utente potr\u00e0 raggiungere inquadrando un apposito QrCode che sar\u00e0 alle fermate e a bordo dei mezzi con pagamento tramite POS<br \/>\nAbbonamento olimpico per lavoratori per il periodo 23 gennaio \u2013 17 marzo 2026, che sar\u00e0 venduto digitalmente tramite APP con associazione a usuale Tessera abbonato, che per questa specifica tipologia di abbonamento sar\u00e0 materializzata unicamente su applicazione mobile.<br \/>\nSistema chilometrico abolito, accesso semplificato per ogni tipo di utente.<br \/>\nGli abbonati gi\u00e0 attivi per studenti e lavoratori continueranno a viaggiare senza variazioni.<\/p>\n<p>&#8220;La SS 51 non pu\u00f2 essere congestionata durante le Olimpiadi &#8211; ribadisce Bortoluzzi &#8211; per questo stiamo offrendo un&#8217;alternativa concreta, efficiente e sostenibile. Chi sceglie il mezzo pubblico non solo fa la scelta giusta per l&#8217;ambiente, ma anche per se stesso. Serve una responsabilit\u00e0 collettiva: il trasporto pubblico \u00e8 la chiave per una valle che funziona&#8221;.<\/p>\n<p>&nbsp;<\/p>","protected":false},"excerpt":{"rendered":"<p>4 autobus ogni ora e abbonamenti gratuiti per lavoratori: &#8220;Cos\u00ec liberiamo la SS 51 e garantiamo mobilit\u00e0 a chi vive e lavora nella valle&#8221; In vista dei Giochi Olimpici Invernali di Milano Cortina 2026, l&#8217;ente di Governo del trasporto pubblico locale della Provincia di Belluno \u2013 in accordo con la Regione del Veneto e su [&hellip;]<\/p>\n","protected":false},"author":2,"featured_media":166598,"comment_status":"closed","ping_status":"open","sticky":false,"template":"","format":"standard","meta":{"footnotes":""},"categories":[26,8],"tags":[],"class_list":["post-166699","post","type-post","status-publish","format-standard","has-post-thumbnail","category-prima-pagina","category-societa-istituzioni"],"yoast_head":"<!-- This site is optimized with the Yoast SEO plugin v28.4 - https:\/\/yoast.com\/product\/yoast-seo-wordpress\/ -->\n<title>Olimpiadi 2026: la linea Calalzo-Cortina diventa una metropolitana di superficie - Bellunopress - Dolomiti<\/title>\n<meta name=\"robots\" content=\"index, follow, max-snippet:-1, max-image-preview:large, max-video-preview:-1\" \/>\n<link rel=\"canonical\" href=\"https:\/\/www.bellunopress.it\/fr\/2026\/01\/23\/olimpiadi-2026-la-linea-calalzo-cortina-diventa-una-metropolitana-di-superficie\/\" \/>\n<meta property=\"og:locale\" content=\"fr_FR\" \/>\n<meta property=\"og:type\" content=\"article\" \/>\n<meta property=\"og:title\" content=\"Olimpiadi 2026: la linea Calalzo-Cortina diventa una metropolitana di superficie - Bellunopress - Dolomiti\" \/>\n<meta property=\"og:description\" content=\"4 autobus ogni ora e abbonamenti gratuiti per lavoratori: &#8220;Cos\u00ec liberiamo la SS 51 e garantiamo mobilit\u00e0 a chi vive e lavora nella valle&#8221; In vista dei Giochi Olimpici Invernali di Milano Cortina 2026, l&#8217;ente di Governo del trasporto pubblico locale della Provincia di Belluno \u2013 in accordo con la Regione del Veneto e su [&hellip;]\" \/>\n<meta property=\"og:url\" content=\"https:\/\/www.bellunopress.it\/fr\/2026\/01\/23\/olimpiadi-2026-la-linea-calalzo-cortina-diventa-una-metropolitana-di-superficie\/\" \/>\n<meta property=\"og:site_name\" content=\"Bellunopress - Dolomiti\" \/>\n<meta property=\"article:publisher\" content=\"https:\/\/www.facebook.com\/profile.php?id=100008943462799\" \/>\n<meta property=\"article:published_time\" content=\"2026-01-23T04:19:53+00:00\" \/>\n<meta property=\"og:image\" content=\"https:\/\/www.bellunopress.it\/wp-content\/uploads\/2026\/01\/DolomitiBus-nuovi-mezzi-genn-2026.jpeg\" \/>\n\t<meta property=\"og:image:width\" content=\"600\" \/>\n\t<meta property=\"og:image:height\" content=\"450\" \/>\n\t<meta property=\"og:image:type\" content=\"image\/jpeg\" \/>\n<meta name=\"author\" content=\"redazione\" \/>\n<meta name=\"twitter:card\" content=\"summary_large_image\" \/>\n<meta name=\"twitter:creator\" content=\"@bellunopress\" \/>\n<meta name=\"twitter:site\" content=\"@bellunopress\" \/>\n<meta name=\"twitter:label1\" content=\"\u00c9crit par\" \/>\n\t<meta name=\"twitter:data1\" content=\"redazione\" \/>\n\t<meta name=\"twitter:label2\" content=\"Dur\u00e9e de lecture estim\u00e9e\" \/>\n\t<meta name=\"twitter:data2\" content=\"2 minutes\" \/>\n<script type=\"application\/ld+json\" class=\"yoast-schema-graph\">{\"@context\":\"https:\\\/\\\/schema.org\",\"@graph\":[{\"@type\":\"Article\",\"@id\":\"https:\\\/\\\/www.bellunopress.it\\\/2026\\\/01\\\/23\\\/olimpiadi-2026-la-linea-calalzo-cortina-diventa-una-metropolitana-di-superficie\\\/#article\",\"isPartOf\":{\"@id\":\"https:\\\/\\\/www.bellunopress.it\\\/2026\\\/01\\\/23\\\/olimpiadi-2026-la-linea-calalzo-cortina-diventa-una-metropolitana-di-superficie\\\/\"},\"author\":{\"name\":\"redazione\",\"@id\":\"https:\\\/\\\/www.bellunopress.it\\\/#\\\/schema\\\/person\\\/79bb06722b37ece1c03d3e94beb30d73\"},\"headline\":\"Olimpiadi 2026: la linea Calalzo-Cortina diventa una metropolitana di superficie\",\"datePublished\":\"2026-01-23T04:19:53+00:00\",\"mainEntityOfPage\":{\"@id\":\"https:\\\/\\\/www.bellunopress.it\\\/2026\\\/01\\\/23\\\/olimpiadi-2026-la-linea-calalzo-cortina-diventa-una-metropolitana-di-superficie\\\/\"},\"wordCount\":477,\"publisher\":{\"@id\":\"https:\\\/\\\/www.bellunopress.it\\\/#organization\"},\"image\":{\"@id\":\"https:\\\/\\\/www.bellunopress.it\\\/2026\\\/01\\\/23\\\/olimpiadi-2026-la-linea-calalzo-cortina-diventa-una-metropolitana-di-superficie\\\/#primaryimage\"},\"thumbnailUrl\":\"https:\\\/\\\/www.bellunopress.it\\\/wp-content\\\/uploads\\\/2026\\\/01\\\/DolomitiBus-nuovi-mezzi-genn-2026.jpeg\",\"articleSection\":[\"Prima Pagina\",\"Societ\u00e0, Associazioni, Istituzioni\"],\"inLanguage\":\"fr-FR\"},{\"@type\":\"WebPage\",\"@id\":\"https:\\\/\\\/www.bellunopress.it\\\/2026\\\/01\\\/23\\\/olimpiadi-2026-la-linea-calalzo-cortina-diventa-una-metropolitana-di-superficie\\\/\",\"url\":\"https:\\\/\\\/www.bellunopress.it\\\/2026\\\/01\\\/23\\\/olimpiadi-2026-la-linea-calalzo-cortina-diventa-una-metropolitana-di-superficie\\\/\",\"name\":\"Olimpiadi 2026: la linea Calalzo-Cortina diventa una metropolitana di superficie - Bellunopress - Dolomiti\",\"isPartOf\":{\"@id\":\"https:\\\/\\\/www.bellunopress.it\\\/#website\"},\"primaryImageOfPage\":{\"@id\":\"https:\\\/\\\/www.bellunopress.it\\\/2026\\\/01\\\/23\\\/olimpiadi-2026-la-linea-calalzo-cortina-diventa-una-metropolitana-di-superficie\\\/#primaryimage\"},\"image\":{\"@id\":\"https:\\\/\\\/www.bellunopress.it\\\/2026\\\/01\\\/23\\\/olimpiadi-2026-la-linea-calalzo-cortina-diventa-una-metropolitana-di-superficie\\\/#primaryimage\"},\"thumbnailUrl\":\"https:\\\/\\\/www.bellunopress.it\\\/wp-content\\\/uploads\\\/2026\\\/01\\\/DolomitiBus-nuovi-mezzi-genn-2026.jpeg\",\"datePublished\":\"2026-01-23T04:19:53+00:00\",\"breadcrumb\":{\"@id\":\"https:\\\/\\\/www.bellunopress.it\\\/2026\\\/01\\\/23\\\/olimpiadi-2026-la-linea-calalzo-cortina-diventa-una-metropolitana-di-superficie\\\/#breadcrumb\"},\"inLanguage\":\"fr-FR\",\"potentialAction\":[{\"@type\":\"ReadAction\",\"target\":[\"https:\\\/\\\/www.bellunopress.it\\\/2026\\\/01\\\/23\\\/olimpiadi-2026-la-linea-calalzo-cortina-diventa-una-metropolitana-di-superficie\\\/\"]}]},{\"@type\":\"ImageObject\",\"inLanguage\":\"fr-FR\",\"@id\":\"https:\\\/\\\/www.bellunopress.it\\\/2026\\\/01\\\/23\\\/olimpiadi-2026-la-linea-calalzo-cortina-diventa-una-metropolitana-di-superficie\\\/#primaryimage\",\"url\":\"https:\\\/\\\/www.bellunopress.it\\\/wp-content\\\/uploads\\\/2026\\\/01\\\/DolomitiBus-nuovi-mezzi-genn-2026.jpeg\",\"contentUrl\":\"https:\\\/\\\/www.bellunopress.it\\\/wp-content\\\/uploads\\\/2026\\\/01\\\/DolomitiBus-nuovi-mezzi-genn-2026.jpeg\",\"width\":600,\"height\":450},{\"@type\":\"BreadcrumbList\",\"@id\":\"https:\\\/\\\/www.bellunopress.it\\\/2026\\\/01\\\/23\\\/olimpiadi-2026-la-linea-calalzo-cortina-diventa-una-metropolitana-di-superficie\\\/#breadcrumb\",\"itemListElement\":[{\"@type\":\"ListItem\",\"position\":1,\"name\":\"Home\",\"item\":\"https:\\\/\\\/www.bellunopress.it\\\/\"},{\"@type\":\"ListItem\",\"position\":2,\"name\":\"Olimpiadi 2026: la linea Calalzo-Cortina diventa una metropolitana di superficie\"}]},{\"@type\":\"WebSite\",\"@id\":\"https:\\\/\\\/www.bellunopress.it\\\/#website\",\"url\":\"https:\\\/\\\/www.bellunopress.it\\\/\",\"name\":\"Bellunopress - Dolomiti\",\"description\":\"e-mail: redazione@bellunopress.it\",\"publisher\":{\"@id\":\"https:\\\/\\\/www.bellunopress.it\\\/#organization\"},\"potentialAction\":[{\"@type\":\"SearchAction\",\"target\":{\"@type\":\"EntryPoint\",\"urlTemplate\":\"https:\\\/\\\/www.bellunopress.it\\\/?s={search_term_string}\"},\"query-input\":{\"@type\":\"PropertyValueSpecification\",\"valueRequired\":true,\"valueName\":\"search_term_string\"}}],\"inLanguage\":\"fr-FR\"},{\"@type\":\"Organization\",\"@id\":\"https:\\\/\\\/www.bellunopress.it\\\/#organization\",\"name\":\"Bellunopress\",\"url\":\"https:\\\/\\\/www.bellunopress.it\\\/\",\"logo\":{\"@type\":\"ImageObject\",\"inLanguage\":\"fr-FR\",\"@id\":\"https:\\\/\\\/www.bellunopress.it\\\/#\\\/schema\\\/logo\\\/image\\\/\",\"url\":\"https:\\\/\\\/www.bellunopress.it\\\/wp-content\\\/uploads\\\/2011\\\/05\\\/cropped-logo-bellunopress-.jpg\",\"contentUrl\":\"https:\\\/\\\/www.bellunopress.it\\\/wp-content\\\/uploads\\\/2011\\\/05\\\/cropped-logo-bellunopress-.jpg\",\"width\":512,\"height\":512,\"caption\":\"Bellunopress\"},\"image\":{\"@id\":\"https:\\\/\\\/www.bellunopress.it\\\/#\\\/schema\\\/logo\\\/image\\\/\"},\"sameAs\":[\"https:\\\/\\\/www.facebook.com\\\/profile.php?id=100008943462799\",\"https:\\\/\\\/x.com\\\/bellunopress\",\"https:\\\/\\\/www.linkedin.com\\\/hp\\\/?dnr=JBzUWaJfMUw8vbXJJ2tVW5-I3jZKvC4wsoxE&amp;amp;amp;amp;amp;amp;trk=nav_responsive_tab_home\",\"https:\\\/\\\/www.youtube.com\\\/channel\\\/UCxL0wu1uN0_3_7hGG0306cw\"]},{\"@type\":\"Person\",\"@id\":\"https:\\\/\\\/www.bellunopress.it\\\/#\\\/schema\\\/person\\\/79bb06722b37ece1c03d3e94beb30d73\",\"name\":\"redazione\",\"image\":{\"@type\":\"ImageObject\",\"inLanguage\":\"fr-FR\",\"@id\":\"https:\\\/\\\/secure.gravatar.com\\\/avatar\\\/37d968a2e67a6fd04c169c4bdef102d0bc5d31b2546345219e348575eb80e9a0?s=96&d=mm&r=g\",\"url\":\"https:\\\/\\\/secure.gravatar.com\\\/avatar\\\/37d968a2e67a6fd04c169c4bdef102d0bc5d31b2546345219e348575eb80e9a0?s=96&d=mm&r=g\",\"contentUrl\":\"https:\\\/\\\/secure.gravatar.com\\\/avatar\\\/37d968a2e67a6fd04c169c4bdef102d0bc5d31b2546345219e348575eb80e9a0?s=96&d=mm&r=g\",\"caption\":\"redazione\"},\"sameAs\":[\"http:\\\/\\\/www.bellunopress.it\",\"https:\\\/\\\/x.com\\\/bellunopress\"],\"url\":\"https:\\\/\\\/www.bellunopress.it\\\/fr\\\/author\\\/redazione\\\/\"}]}<\/script>\n<!-- \/ Yoast SEO plugin. -->","yoast_head_json":{"title":"Olimpiadi 2026: la linea Calalzo-Cortina diventa una metropolitana di superficie - Bellunopress - Dolomiti","robots":{"index":"index","follow":"follow","max-snippet":"max-snippet:-1","max-image-preview":"max-image-preview:large","max-video-preview":"max-video-preview:-1"},"canonical":"https:\/\/www.bellunopress.it\/fr\/2026\/01\/23\/olimpiadi-2026-la-linea-calalzo-cortina-diventa-una-metropolitana-di-superficie\/","og_locale":"fr_FR","og_type":"article","og_title":"Olimpiadi 2026: la linea Calalzo-Cortina diventa una metropolitana di superficie - Bellunopress - Dolomiti","og_description":"4 autobus ogni ora e abbonamenti gratuiti per lavoratori: &#8220;Cos\u00ec liberiamo la SS 51 e garantiamo mobilit\u00e0 a chi vive e lavora nella valle&#8221; In vista dei Giochi Olimpici Invernali di Milano Cortina 2026, l&#8217;ente di Governo del trasporto pubblico locale della Provincia di Belluno \u2013 in accordo con la Regione del Veneto e su [&hellip;]","og_url":"https:\/\/www.bellunopress.it\/fr\/2026\/01\/23\/olimpiadi-2026-la-linea-calalzo-cortina-diventa-una-metropolitana-di-superficie\/","og_site_name":"Bellunopress - Dolomiti","article_publisher":"https:\/\/www.facebook.com\/profile.php?id=100008943462799","article_published_time":"2026-01-23T04:19:53+00:00","og_image":[{"width":600,"height":450,"url":"https:\/\/www.bellunopress.it\/wp-content\/uploads\/2026\/01\/DolomitiBus-nuovi-mezzi-genn-2026.jpeg","type":"image\/jpeg"}],"author":"redazione","twitter_card":"summary_large_image","twitter_creator":"@bellunopress","twitter_site":"@bellunopress","twitter_misc":{"\u00c9crit par":"redazione","Dur\u00e9e de lecture estim\u00e9e":"2 minutes"},"schema":{"@context":"https:\/\/schema.org","@graph":[{"@type":"Article","@id":"https:\/\/www.bellunopress.it\/2026\/01\/23\/olimpiadi-2026-la-linea-calalzo-cortina-diventa-una-metropolitana-di-superficie\/#article","isPartOf":{"@id":"https:\/\/www.bellunopress.it\/2026\/01\/23\/olimpiadi-2026-la-linea-calalzo-cortina-diventa-una-metropolitana-di-superficie\/"},"author":{"name":"redazione","@id":"https:\/\/www.bellunopress.it\/#\/schema\/person\/79bb06722b37ece1c03d3e94beb30d73"},"headline":"Olimpiadi 2026: la linea Calalzo-Cortina diventa una metropolitana di superficie","datePublished":"2026-01-23T04:19:53+00:00","mainEntityOfPage":{"@id":"https:\/\/www.bellunopress.it\/2026\/01\/23\/olimpiadi-2026-la-linea-calalzo-cortina-diventa-una-metropolitana-di-superficie\/"},"wordCount":477,"publisher":{"@id":"https:\/\/www.bellunopress.it\/#organization"},"image":{"@id":"https:\/\/www.bellunopress.it\/2026\/01\/23\/olimpiadi-2026-la-linea-calalzo-cortina-diventa-una-metropolitana-di-superficie\/#primaryimage"},"thumbnailUrl":"https:\/\/www.bellunopress.it\/wp-content\/uploads\/2026\/01\/DolomitiBus-nuovi-mezzi-genn-2026.jpeg","articleSection":["Prima Pagina","Societ\u00e0, Associazioni, Istituzioni"],"inLanguage":"fr-FR"},{"@type":"WebPage","@id":"https:\/\/www.bellunopress.it\/2026\/01\/23\/olimpiadi-2026-la-linea-calalzo-cortina-diventa-una-metropolitana-di-superficie\/","url":"https:\/\/www.bellunopress.it\/2026\/01\/23\/olimpiadi-2026-la-linea-calalzo-cortina-diventa-una-metropolitana-di-superficie\/","name":"Olimpiadi 2026: la linea Calalzo-Cortina diventa una metropolitana di superficie - Bellunopress - Dolomiti","isPartOf":{"@id":"https:\/\/www.bellunopress.it\/#website"},"primaryImageOfPage":{"@id":"https:\/\/www.bellunopress.it\/2026\/01\/23\/olimpiadi-2026-la-linea-calalzo-cortina-diventa-una-metropolitana-di-superficie\/#primaryimage"},"image":{"@id":"https:\/\/www.bellunopress.it\/2026\/01\/23\/olimpiadi-2026-la-linea-calalzo-cortina-diventa-una-metropolitana-di-superficie\/#primaryimage"},"thumbnailUrl":"https:\/\/www.bellunopress.it\/wp-content\/uploads\/2026\/01\/DolomitiBus-nuovi-mezzi-genn-2026.jpeg","datePublished":"2026-01-23T04:19:53+00:00","breadcrumb":{"@id":"https:\/\/www.bellunopress.it\/2026\/01\/23\/olimpiadi-2026-la-linea-calalzo-cortina-diventa-una-metropolitana-di-superficie\/#breadcrumb"},"inLanguage":"fr-FR","potentialAction":[{"@type":"ReadAction","target":["https:\/\/www.bellunopress.it\/2026\/01\/23\/olimpiadi-2026-la-linea-calalzo-cortina-diventa-una-metropolitana-di-superficie\/"]}]},{"@type":"ImageObject","inLanguage":"fr-FR","@id":"https:\/\/www.bellunopress.it\/2026\/01\/23\/olimpiadi-2026-la-linea-calalzo-cortina-diventa-una-metropolitana-di-superficie\/#primaryimage","url":"https:\/\/www.bellunopress.it\/wp-content\/uploads\/2026\/01\/DolomitiBus-nuovi-mezzi-genn-2026.jpeg","contentUrl":"https:\/\/www.bellunopress.it\/wp-content\/uploads\/2026\/01\/DolomitiBus-nuovi-mezzi-genn-2026.jpeg","width":600,"height":450},{"@type":"BreadcrumbList","@id":"https:\/\/www.bellunopress.it\/2026\/01\/23\/olimpiadi-2026-la-linea-calalzo-cortina-diventa-una-metropolitana-di-superficie\/#breadcrumb","itemListElement":[{"@type":"ListItem","position":1,"name":"Home","item":"https:\/\/www.bellunopress.it\/"},{"@type":"ListItem","position":2,"name":"Olimpiadi 2026: la linea Calalzo-Cortina diventa una metropolitana di superficie"}]},{"@type":"WebSite","@id":"https:\/\/www.bellunopress.it\/#website","url":"https:\/\/www.bellunopress.it\/","name":"Bellunopress - Dolomiti","description":"e-mail: redazione@bellunopress.it","publisher":{"@id":"https:\/\/www.bellunopress.it\/#organization"},"potentialAction":[{"@type":"SearchAction","target":{"@type":"EntryPoint","urlTemplate":"https:\/\/www.bellunopress.it\/?s={search_term_string}"},"query-input":{"@type":"PropertyValueSpecification","valueRequired":true,"valueName":"search_term_string"}}],"inLanguage":"fr-FR"},{"@type":"Organization","@id":"https:\/\/www.bellunopress.it\/#organization","name":"Bellunopress","url":"https:\/\/www.bellunopress.it\/","logo":{"@type":"ImageObject","inLanguage":"fr-FR","@id":"https:\/\/www.bellunopress.it\/#\/schema\/logo\/image\/","url":"https:\/\/www.bellunopress.it\/wp-content\/uploads\/2011\/05\/cropped-logo-bellunopress-.jpg","contentUrl":"https:\/\/www.bellunopress.it\/wp-content\/uploads\/2011\/05\/cropped-logo-bellunopress-.jpg","width":512,"height":512,"caption":"Bellunopress"},"image":{"@id":"https:\/\/www.bellunopress.it\/#\/schema\/logo\/image\/"},"sameAs":["https:\/\/www.facebook.com\/profile.php?id=100008943462799","https:\/\/x.com\/bellunopress","https:\/\/www.linkedin.com\/hp\/?dnr=JBzUWaJfMUw8vbXJJ2tVW5-I3jZKvC4wsoxE&amp;amp;amp;amp;amp;amp;trk=nav_responsive_tab_home","https:\/\/www.youtube.com\/channel\/UCxL0wu1uN0_3_7hGG0306cw"]},{"@type":"Person","@id":"https:\/\/www.bellunopress.it\/#\/schema\/person\/79bb06722b37ece1c03d3e94beb30d73","name":"r\u00e9daction","image":{"@type":"ImageObject","inLanguage":"fr-FR","@id":"https:\/\/secure.gravatar.com\/avatar\/37d968a2e67a6fd04c169c4bdef102d0bc5d31b2546345219e348575eb80e9a0?s=96&d=mm&r=g","url":"https:\/\/secure.gravatar.com\/avatar\/37d968a2e67a6fd04c169c4bdef102d0bc5d31b2546345219e348575eb80e9a0?s=96&d=mm&r=g","contentUrl":"https:\/\/secure.gravatar.com\/avatar\/37d968a2e67a6fd04c169c4bdef102d0bc5d31b2546345219e348575eb80e9a0?s=96&d=mm&r=g","caption":"redazione"},"sameAs":["http:\/\/www.bellunopress.it","https:\/\/x.com\/bellunopress"],"url":"https:\/\/www.bellunopress.it\/fr\/author\/redazione\/"}]}},"_links":{"self":[{"href":"https:\/\/www.bellunopress.it\/fr\/wp-json\/wp\/v2\/posts\/166699","targetHints":{"allow":["GET"]}}],"collection":[{"href":"https:\/\/www.bellunopress.it\/fr\/wp-json\/wp\/v2\/posts"}],"about":[{"href":"https:\/\/www.bellunopress.it\/fr\/wp-json\/wp\/v2\/types\/post"}],"author":[{"embeddable":true,"href":"https:\/\/www.bellunopress.it\/fr\/wp-json\/wp\/v2\/users\/2"}],"replies":[{"embeddable":true,"href":"https:\/\/www.bellunopress.it\/fr\/wp-json\/wp\/v2\/comments?post=166699"}],"version-history":[{"count":1,"href":"https:\/\/www.bellunopress.it\/fr\/wp-json\/wp\/v2\/posts\/166699\/revisions"}],"predecessor-version":[{"id":166700,"href":"https:\/\/www.bellunopress.it\/fr\/wp-json\/wp\/v2\/posts\/166699\/revisions\/166700"}],"wp:featuredmedia":[{"embeddable":true,"href":"https:\/\/www.bellunopress.it\/fr\/wp-json\/wp\/v2\/media\/166598"}],"wp:attachment":[{"href":"https:\/\/www.bellunopress.it\/fr\/wp-json\/wp\/v2\/media?parent=166699"}],"wp:term":[{"taxonomy":"category","embeddable":true,"href":"https:\/\/www.bellunopress.it\/fr\/wp-json\/wp\/v2\/categories?post=166699"},{"taxonomy":"post_tag","embeddable":true,"href":"https:\/\/www.bellunopress.it\/fr\/wp-json\/wp\/v2\/tags?post=166699"}],"curies":[{"name":"wp","href":"https:\/\/api.w.org\/{rel}","templated":true}]}}