{"id":166694,"date":"2026-01-22T21:35:58","date_gmt":"2026-01-22T20:35:58","guid":{"rendered":"https:\/\/www.bellunopress.it\/?p=166694"},"modified":"2026-01-22T21:35:58","modified_gmt":"2026-01-22T20:35:58","slug":"declassata-per-decreto-la-protezione-del-lupo-lav-li-vogliono-ammazzare-perche-gli-allevatori-non-usano-le-dovute-recinzioni","status":"publish","type":"post","link":"https:\/\/www.bellunopress.it\/fr\/2026\/01\/22\/declassata-per-decreto-la-protezione-del-lupo-lav-li-vogliono-ammazzare-perche-gli-allevatori-non-usano-le-dovute-recinzioni\/","title":{"rendered":"Declassata per decreto la protezione del lupo. Lav: li vogliono ammazzare perch\u00e9 gli allevatori non usano le dovute recinzioni"},"content":{"rendered":"<p><img loading=\"lazy\" decoding=\"async\" class=\"aligncenter size-full wp-image-152032\" src=\"https:\/\/www.bellunopress.it\/wp-content\/uploads\/2024\/07\/LAV-2.jpg\" alt=\"Lav Lega antivivesezione\" width=\"800\" height=\"800\" srcset=\"https:\/\/www.bellunopress.it\/wp-content\/uploads\/2024\/07\/LAV-2.jpg 800w, https:\/\/www.bellunopress.it\/wp-content\/uploads\/2024\/07\/LAV-2-500x500.jpg 500w, https:\/\/www.bellunopress.it\/wp-content\/uploads\/2024\/07\/LAV-2-300x300.jpg 300w, https:\/\/www.bellunopress.it\/wp-content\/uploads\/2024\/07\/LAV-2-420x420.jpg 420w, https:\/\/www.bellunopress.it\/wp-content\/uploads\/2024\/07\/LAV-2-696x696.jpg 696w\" sizes=\"auto, (max-width: 800px) 100vw, 800px\" \/>Con un Decreto del Ministro dell\u2019Ambiente Pichetto Fratin, sotto la regia del Ministro dell\u2019Agricoltura Lollobrigida, pubblicato nell\u2019ultima Gazzetta Ufficiale, \u00e8 stato recepito nel Decreto del Presidente della Repubblica 357 del 1997 il depotenziamento della protezione dei lupi, delineato con la modifica della Direttiva Habitat dell\u2019Unione Europea lo scorso giugno. Si potranno quindi attuare \u201cpiani di gestione\u201d di questi animali, cos\u00ec, secondo i dati forniti dall\u2019Istituto Superiore per la Protezione e la Ricerca Ambientale (ISPRA), gi\u00e0 quest\u2019anno i cacciatori potrebbero uccidere fino a 163 lupi.<\/p>\n<p>\u201cSi tratta di un atto violento e intollerabile che dopo decenni di protezione mander\u00e0 a morte i lupi solo perch\u00e9 gli allevatori non vogliono proteggere adeguatamente gli animali allevati e destinati da loro alla produzione e alla morte \u2013 dichiara Massimo Vitturi, responsabile Animali Selvatici della LAV \u2013 ma la responsabilit\u00e0 \u00e8 anche delle Regioni che non hanno mai realizzato alcuna iniziativa per favorire la convivenza pacifica tra i lupi e i cittadini, gli animali quindi saranno uccisi per la colpevole sciatteria delle nostre Istituzioni e dare una nuova specie animale in pasto ai cacciatori\u201d.<\/p>\n<p>Nonostante la compatta opposizione della comunit\u00e0 scientifica internazionale e l\u2019assoluta contrariet\u00e0 dei cittadini italiani, secondo tutti i sondaggi, a questa politica lupicida, il Governo non ha voluto mantenere il massimo grado di tutela possibile per i lupi che vivono sulla penisola e pur avendo tempo fino a un anno e mezzo per implementare la direttiva di Bruxelles, l\u2019Europa tanto odiata a parole, ha impiegato, poco meno di sei mesi per mettere nero su bianco il via libera alla caccia a questi animali.<\/p>\n<p>Eppure, il dettato della nostra Costituzione, che dal 2022 ha innalzato la tutela dell\u2019ambiente e degli animali a principio fondativo dell\u2019ordinamento nazionale, avrebbe dovuto vincolare il Governo a discostarsi dalla becera campagna d\u2019odio contro i lupi che ha contagiato l\u2019Europa. Invece, come c\u2019era da aspettarsi, l\u2019attuale classe politica ha dato l\u2019ennesima conferma della sua sudditanza all\u2019irrisoria minoranza di cittadini rappresentati dalla lobby venatoria e allevatoriale, approvando un decreto antidemocratico e antiscientifico solo per racimolare qualche misero voto in pi\u00f9 da allevatori e cacciatori.<\/p>\n<p>Ad ogni modo, finch\u00e9 la Legge nazionale sulla tutela degli animali selvatici, la n. 157 del 1992, continuer\u00e0 a offrire una \u201cprotezione particolare\u201d ai lupi italiani, la sete di sangue dei cacciatori dovr\u00e0 aspettare. Purtroppo, le minime tutele offerte da questa Legge attualmente sono sotto attacco dal Disegno di Legge \u201csparatutto\u201d fortemente voluto dal Ministro dell\u2019Agricoltura Lollobrigida, nei cui emendamenti nelle Commissioni al Senato \u00e8 gi\u00e0 stato proposto da parlamentari della maggioranza, l\u2019abbassamento della protezione dei lupi.<\/p>\n<p>Ammazzare i lupi non \u00e8 solo un atto moralmente indegno e che confligge con la Costituzione, ma non serve nemmeno a diminuire le loro predazioni sugli animali allevati, come gi\u00e0 accertato dalla comunit\u00e0 scientifica in tutto il mondo. Sono invece gli allevatori ad essere obbligati a proteggere i loro animali, ai sensi del Decreto Legislativo n. 146 del 2001 che ha recepito in Italia la Direttiva 98\/58\/CE dell\u2019Unione Europea, e l\u2019unico modo per ottemperare a tale dovere comunitario e nazionale \u00e8 di implementare misure preventive incruente, come le recinzioni elettrificate, la cui validit\u00e0 \u00e8 scientificamente comprovata.<\/p>\n<p>Gli sforzi fatti finora dalla LAV a livello nazionale ed europeo per mantenere il massimo grado di protezione dei lupi, ma anche per dare voce alla stragrande maggioranza dei cittadini italiani da sempre contrari alla loro uccisione e alla comunit\u00e0 scientifica, bloccando questa indegna deriva lupicida delle Istituzioni purtroppo non hanno consentito di scongiurare il rischio di uccisioni.<\/p>\n<p>\u201cAd ogni modo, la nostra battaglia per la vita e la libert\u00e0 dei lupi non si \u00e8 assolutamente conclusa, non solo ci opporremmo con ogni mezzo possibile alla revisione della Legge sulla tutela degli animali selvatici, ma anche faremo ricorso alla giustizia amministrativa per impedire l\u2019attuazione di ogni provvedimento di uccisione che dovesse essere approvato da qualsiasi Regione \u2013 conclude la LAV.\u201d<\/p>\n<p>&nbsp;<\/p>\n<p>&nbsp;<\/p>","protected":false},"excerpt":{"rendered":"<p>Con un Decreto del Ministro dell\u2019Ambiente Pichetto Fratin, sotto la regia del Ministro dell\u2019Agricoltura Lollobrigida, pubblicato nell\u2019ultima Gazzetta Ufficiale, \u00e8 stato recepito nel Decreto del Presidente della Repubblica 357 del 1997 il depotenziamento della protezione dei lupi, delineato con la modifica della Direttiva Habitat dell\u2019Unione Europea lo scorso giugno. Si potranno quindi attuare \u201cpiani di [&hellip;]<\/p>\n","protected":false},"author":2,"featured_media":165858,"comment_status":"closed","ping_status":"open","sticky":false,"template":"","format":"standard","meta":{"footnotes":""},"categories":[38],"tags":[],"class_list":["post-166694","post","type-post","status-publish","format-standard","has-post-thumbnail","category-natura-ambiente"],"yoast_head":"<!-- This site is optimized with the Yoast SEO plugin v28.4 - https:\/\/yoast.com\/product\/yoast-seo-wordpress\/ -->\n<title>Declassata per decreto la protezione del lupo. Lav: li vogliono ammazzare perch\u00e9 gli allevatori non usano le dovute recinzioni - Bellunopress - Dolomiti<\/title>\n<meta name=\"robots\" content=\"index, follow, max-snippet:-1, max-image-preview:large, max-video-preview:-1\" \/>\n<link rel=\"canonical\" href=\"https:\/\/www.bellunopress.it\/fr\/2026\/01\/22\/declassata-per-decreto-la-protezione-del-lupo-lav-li-vogliono-ammazzare-perche-gli-allevatori-non-usano-le-dovute-recinzioni\/\" \/>\n<meta property=\"og:locale\" content=\"fr_FR\" \/>\n<meta property=\"og:type\" content=\"article\" \/>\n<meta property=\"og:title\" content=\"Declassata per decreto la protezione del lupo. Lav: li vogliono ammazzare perch\u00e9 gli allevatori non usano le dovute recinzioni - Bellunopress - Dolomiti\" \/>\n<meta property=\"og:description\" content=\"Con un Decreto del Ministro dell\u2019Ambiente Pichetto Fratin, sotto la regia del Ministro dell\u2019Agricoltura Lollobrigida, pubblicato nell\u2019ultima Gazzetta Ufficiale, \u00e8 stato recepito nel Decreto del Presidente della Repubblica 357 del 1997 il depotenziamento della protezione dei lupi, delineato con la modifica della Direttiva Habitat dell\u2019Unione Europea lo scorso giugno. Si potranno quindi attuare \u201cpiani di [&hellip;]\" \/>\n<meta property=\"og:url\" content=\"https:\/\/www.bellunopress.it\/fr\/2026\/01\/22\/declassata-per-decreto-la-protezione-del-lupo-lav-li-vogliono-ammazzare-perche-gli-allevatori-non-usano-le-dovute-recinzioni\/\" \/>\n<meta property=\"og:site_name\" content=\"Bellunopress - Dolomiti\" \/>\n<meta property=\"article:publisher\" content=\"https:\/\/www.facebook.com\/profile.php?id=100008943462799\" \/>\n<meta property=\"article:published_time\" content=\"2026-01-22T20:35:58+00:00\" \/>\n<meta property=\"og:image\" content=\"https:\/\/www.bellunopress.it\/wp-content\/uploads\/2025\/12\/lupo-branco.jpg\" \/>\n\t<meta property=\"og:image:width\" content=\"800\" \/>\n\t<meta property=\"og:image:height\" content=\"533\" \/>\n\t<meta property=\"og:image:type\" content=\"image\/jpeg\" \/>\n<meta name=\"author\" content=\"redazione\" \/>\n<meta name=\"twitter:card\" content=\"summary_large_image\" \/>\n<meta name=\"twitter:creator\" content=\"@bellunopress\" \/>\n<meta name=\"twitter:site\" content=\"@bellunopress\" \/>\n<meta name=\"twitter:label1\" content=\"\u00c9crit par\" \/>\n\t<meta name=\"twitter:data1\" content=\"redazione\" \/>\n\t<meta name=\"twitter:label2\" content=\"Dur\u00e9e de lecture estim\u00e9e\" \/>\n\t<meta name=\"twitter:data2\" content=\"3 minutes\" \/>\n<script type=\"application\/ld+json\" class=\"yoast-schema-graph\">{\"@context\":\"https:\\\/\\\/schema.org\",\"@graph\":[{\"@type\":\"Article\",\"@id\":\"https:\\\/\\\/www.bellunopress.it\\\/2026\\\/01\\\/22\\\/declassata-per-decreto-la-protezione-del-lupo-lav-li-vogliono-ammazzare-perche-gli-allevatori-non-usano-le-dovute-recinzioni\\\/#article\",\"isPartOf\":{\"@id\":\"https:\\\/\\\/www.bellunopress.it\\\/2026\\\/01\\\/22\\\/declassata-per-decreto-la-protezione-del-lupo-lav-li-vogliono-ammazzare-perche-gli-allevatori-non-usano-le-dovute-recinzioni\\\/\"},\"author\":{\"name\":\"redazione\",\"@id\":\"https:\\\/\\\/www.bellunopress.it\\\/#\\\/schema\\\/person\\\/79bb06722b37ece1c03d3e94beb30d73\"},\"headline\":\"Declassata per decreto la protezione del lupo. Lav: li vogliono ammazzare perch\u00e9 gli allevatori non usano le dovute recinzioni\",\"datePublished\":\"2026-01-22T20:35:58+00:00\",\"mainEntityOfPage\":{\"@id\":\"https:\\\/\\\/www.bellunopress.it\\\/2026\\\/01\\\/22\\\/declassata-per-decreto-la-protezione-del-lupo-lav-li-vogliono-ammazzare-perche-gli-allevatori-non-usano-le-dovute-recinzioni\\\/\"},\"wordCount\":661,\"publisher\":{\"@id\":\"https:\\\/\\\/www.bellunopress.it\\\/#organization\"},\"image\":{\"@id\":\"https:\\\/\\\/www.bellunopress.it\\\/2026\\\/01\\\/22\\\/declassata-per-decreto-la-protezione-del-lupo-lav-li-vogliono-ammazzare-perche-gli-allevatori-non-usano-le-dovute-recinzioni\\\/#primaryimage\"},\"thumbnailUrl\":\"https:\\\/\\\/www.bellunopress.it\\\/wp-content\\\/uploads\\\/2025\\\/12\\\/lupo-branco.jpg\",\"articleSection\":[\"Meteo, natura, ambiente, animali\"],\"inLanguage\":\"fr-FR\"},{\"@type\":\"WebPage\",\"@id\":\"https:\\\/\\\/www.bellunopress.it\\\/2026\\\/01\\\/22\\\/declassata-per-decreto-la-protezione-del-lupo-lav-li-vogliono-ammazzare-perche-gli-allevatori-non-usano-le-dovute-recinzioni\\\/\",\"url\":\"https:\\\/\\\/www.bellunopress.it\\\/2026\\\/01\\\/22\\\/declassata-per-decreto-la-protezione-del-lupo-lav-li-vogliono-ammazzare-perche-gli-allevatori-non-usano-le-dovute-recinzioni\\\/\",\"name\":\"Declassata per decreto la protezione del lupo. Lav: li vogliono ammazzare perch\u00e9 gli allevatori non usano le dovute recinzioni - Bellunopress - Dolomiti\",\"isPartOf\":{\"@id\":\"https:\\\/\\\/www.bellunopress.it\\\/#website\"},\"primaryImageOfPage\":{\"@id\":\"https:\\\/\\\/www.bellunopress.it\\\/2026\\\/01\\\/22\\\/declassata-per-decreto-la-protezione-del-lupo-lav-li-vogliono-ammazzare-perche-gli-allevatori-non-usano-le-dovute-recinzioni\\\/#primaryimage\"},\"image\":{\"@id\":\"https:\\\/\\\/www.bellunopress.it\\\/2026\\\/01\\\/22\\\/declassata-per-decreto-la-protezione-del-lupo-lav-li-vogliono-ammazzare-perche-gli-allevatori-non-usano-le-dovute-recinzioni\\\/#primaryimage\"},\"thumbnailUrl\":\"https:\\\/\\\/www.bellunopress.it\\\/wp-content\\\/uploads\\\/2025\\\/12\\\/lupo-branco.jpg\",\"datePublished\":\"2026-01-22T20:35:58+00:00\",\"breadcrumb\":{\"@id\":\"https:\\\/\\\/www.bellunopress.it\\\/2026\\\/01\\\/22\\\/declassata-per-decreto-la-protezione-del-lupo-lav-li-vogliono-ammazzare-perche-gli-allevatori-non-usano-le-dovute-recinzioni\\\/#breadcrumb\"},\"inLanguage\":\"fr-FR\",\"potentialAction\":[{\"@type\":\"ReadAction\",\"target\":[\"https:\\\/\\\/www.bellunopress.it\\\/2026\\\/01\\\/22\\\/declassata-per-decreto-la-protezione-del-lupo-lav-li-vogliono-ammazzare-perche-gli-allevatori-non-usano-le-dovute-recinzioni\\\/\"]}]},{\"@type\":\"ImageObject\",\"inLanguage\":\"fr-FR\",\"@id\":\"https:\\\/\\\/www.bellunopress.it\\\/2026\\\/01\\\/22\\\/declassata-per-decreto-la-protezione-del-lupo-lav-li-vogliono-ammazzare-perche-gli-allevatori-non-usano-le-dovute-recinzioni\\\/#primaryimage\",\"url\":\"https:\\\/\\\/www.bellunopress.it\\\/wp-content\\\/uploads\\\/2025\\\/12\\\/lupo-branco.jpg\",\"contentUrl\":\"https:\\\/\\\/www.bellunopress.it\\\/wp-content\\\/uploads\\\/2025\\\/12\\\/lupo-branco.jpg\",\"width\":800,\"height\":533},{\"@type\":\"BreadcrumbList\",\"@id\":\"https:\\\/\\\/www.bellunopress.it\\\/2026\\\/01\\\/22\\\/declassata-per-decreto-la-protezione-del-lupo-lav-li-vogliono-ammazzare-perche-gli-allevatori-non-usano-le-dovute-recinzioni\\\/#breadcrumb\",\"itemListElement\":[{\"@type\":\"ListItem\",\"position\":1,\"name\":\"Home\",\"item\":\"https:\\\/\\\/www.bellunopress.it\\\/\"},{\"@type\":\"ListItem\",\"position\":2,\"name\":\"Declassata per decreto la protezione del lupo. Lav: li vogliono ammazzare perch\u00e9 gli allevatori non usano le dovute recinzioni\"}]},{\"@type\":\"WebSite\",\"@id\":\"https:\\\/\\\/www.bellunopress.it\\\/#website\",\"url\":\"https:\\\/\\\/www.bellunopress.it\\\/\",\"name\":\"Bellunopress - Dolomiti\",\"description\":\"e-mail: redazione@bellunopress.it\",\"publisher\":{\"@id\":\"https:\\\/\\\/www.bellunopress.it\\\/#organization\"},\"potentialAction\":[{\"@type\":\"SearchAction\",\"target\":{\"@type\":\"EntryPoint\",\"urlTemplate\":\"https:\\\/\\\/www.bellunopress.it\\\/?s={search_term_string}\"},\"query-input\":{\"@type\":\"PropertyValueSpecification\",\"valueRequired\":true,\"valueName\":\"search_term_string\"}}],\"inLanguage\":\"fr-FR\"},{\"@type\":\"Organization\",\"@id\":\"https:\\\/\\\/www.bellunopress.it\\\/#organization\",\"name\":\"Bellunopress\",\"url\":\"https:\\\/\\\/www.bellunopress.it\\\/\",\"logo\":{\"@type\":\"ImageObject\",\"inLanguage\":\"fr-FR\",\"@id\":\"https:\\\/\\\/www.bellunopress.it\\\/#\\\/schema\\\/logo\\\/image\\\/\",\"url\":\"https:\\\/\\\/www.bellunopress.it\\\/wp-content\\\/uploads\\\/2011\\\/05\\\/cropped-logo-bellunopress-.jpg\",\"contentUrl\":\"https:\\\/\\\/www.bellunopress.it\\\/wp-content\\\/uploads\\\/2011\\\/05\\\/cropped-logo-bellunopress-.jpg\",\"width\":512,\"height\":512,\"caption\":\"Bellunopress\"},\"image\":{\"@id\":\"https:\\\/\\\/www.bellunopress.it\\\/#\\\/schema\\\/logo\\\/image\\\/\"},\"sameAs\":[\"https:\\\/\\\/www.facebook.com\\\/profile.php?id=100008943462799\",\"https:\\\/\\\/x.com\\\/bellunopress\",\"https:\\\/\\\/www.linkedin.com\\\/hp\\\/?dnr=JBzUWaJfMUw8vbXJJ2tVW5-I3jZKvC4wsoxE&amp;amp;amp;amp;amp;amp;trk=nav_responsive_tab_home\",\"https:\\\/\\\/www.youtube.com\\\/channel\\\/UCxL0wu1uN0_3_7hGG0306cw\"]},{\"@type\":\"Person\",\"@id\":\"https:\\\/\\\/www.bellunopress.it\\\/#\\\/schema\\\/person\\\/79bb06722b37ece1c03d3e94beb30d73\",\"name\":\"redazione\",\"image\":{\"@type\":\"ImageObject\",\"inLanguage\":\"fr-FR\",\"@id\":\"https:\\\/\\\/secure.gravatar.com\\\/avatar\\\/37d968a2e67a6fd04c169c4bdef102d0bc5d31b2546345219e348575eb80e9a0?s=96&d=mm&r=g\",\"url\":\"https:\\\/\\\/secure.gravatar.com\\\/avatar\\\/37d968a2e67a6fd04c169c4bdef102d0bc5d31b2546345219e348575eb80e9a0?s=96&d=mm&r=g\",\"contentUrl\":\"https:\\\/\\\/secure.gravatar.com\\\/avatar\\\/37d968a2e67a6fd04c169c4bdef102d0bc5d31b2546345219e348575eb80e9a0?s=96&d=mm&r=g\",\"caption\":\"redazione\"},\"sameAs\":[\"http:\\\/\\\/www.bellunopress.it\",\"https:\\\/\\\/x.com\\\/bellunopress\"],\"url\":\"https:\\\/\\\/www.bellunopress.it\\\/fr\\\/author\\\/redazione\\\/\"}]}<\/script>\n<!-- \/ Yoast SEO plugin. -->","yoast_head_json":{"title":"Declassata per decreto la protezione del lupo. Lav: li vogliono ammazzare perch\u00e9 gli allevatori non usano le dovute recinzioni - Bellunopress - Dolomiti","robots":{"index":"index","follow":"follow","max-snippet":"max-snippet:-1","max-image-preview":"max-image-preview:large","max-video-preview":"max-video-preview:-1"},"canonical":"https:\/\/www.bellunopress.it\/fr\/2026\/01\/22\/declassata-per-decreto-la-protezione-del-lupo-lav-li-vogliono-ammazzare-perche-gli-allevatori-non-usano-le-dovute-recinzioni\/","og_locale":"fr_FR","og_type":"article","og_title":"Declassata per decreto la protezione del lupo. Lav: li vogliono ammazzare perch\u00e9 gli allevatori non usano le dovute recinzioni - Bellunopress - Dolomiti","og_description":"Con un Decreto del Ministro dell\u2019Ambiente Pichetto Fratin, sotto la regia del Ministro dell\u2019Agricoltura Lollobrigida, pubblicato nell\u2019ultima Gazzetta Ufficiale, \u00e8 stato recepito nel Decreto del Presidente della Repubblica 357 del 1997 il depotenziamento della protezione dei lupi, delineato con la modifica della Direttiva Habitat dell\u2019Unione Europea lo scorso giugno. Si potranno quindi attuare \u201cpiani di [&hellip;]","og_url":"https:\/\/www.bellunopress.it\/fr\/2026\/01\/22\/declassata-per-decreto-la-protezione-del-lupo-lav-li-vogliono-ammazzare-perche-gli-allevatori-non-usano-le-dovute-recinzioni\/","og_site_name":"Bellunopress - Dolomiti","article_publisher":"https:\/\/www.facebook.com\/profile.php?id=100008943462799","article_published_time":"2026-01-22T20:35:58+00:00","og_image":[{"width":800,"height":533,"url":"https:\/\/www.bellunopress.it\/wp-content\/uploads\/2025\/12\/lupo-branco.jpg","type":"image\/jpeg"}],"author":"redazione","twitter_card":"summary_large_image","twitter_creator":"@bellunopress","twitter_site":"@bellunopress","twitter_misc":{"\u00c9crit par":"redazione","Dur\u00e9e de lecture estim\u00e9e":"3 minutes"},"schema":{"@context":"https:\/\/schema.org","@graph":[{"@type":"Article","@id":"https:\/\/www.bellunopress.it\/2026\/01\/22\/declassata-per-decreto-la-protezione-del-lupo-lav-li-vogliono-ammazzare-perche-gli-allevatori-non-usano-le-dovute-recinzioni\/#article","isPartOf":{"@id":"https:\/\/www.bellunopress.it\/2026\/01\/22\/declassata-per-decreto-la-protezione-del-lupo-lav-li-vogliono-ammazzare-perche-gli-allevatori-non-usano-le-dovute-recinzioni\/"},"author":{"name":"redazione","@id":"https:\/\/www.bellunopress.it\/#\/schema\/person\/79bb06722b37ece1c03d3e94beb30d73"},"headline":"Declassata per decreto la protezione del lupo. Lav: li vogliono ammazzare perch\u00e9 gli allevatori non usano le dovute recinzioni","datePublished":"2026-01-22T20:35:58+00:00","mainEntityOfPage":{"@id":"https:\/\/www.bellunopress.it\/2026\/01\/22\/declassata-per-decreto-la-protezione-del-lupo-lav-li-vogliono-ammazzare-perche-gli-allevatori-non-usano-le-dovute-recinzioni\/"},"wordCount":661,"publisher":{"@id":"https:\/\/www.bellunopress.it\/#organization"},"image":{"@id":"https:\/\/www.bellunopress.it\/2026\/01\/22\/declassata-per-decreto-la-protezione-del-lupo-lav-li-vogliono-ammazzare-perche-gli-allevatori-non-usano-le-dovute-recinzioni\/#primaryimage"},"thumbnailUrl":"https:\/\/www.bellunopress.it\/wp-content\/uploads\/2025\/12\/lupo-branco.jpg","articleSection":["Meteo, natura, ambiente, animali"],"inLanguage":"fr-FR"},{"@type":"WebPage","@id":"https:\/\/www.bellunopress.it\/2026\/01\/22\/declassata-per-decreto-la-protezione-del-lupo-lav-li-vogliono-ammazzare-perche-gli-allevatori-non-usano-le-dovute-recinzioni\/","url":"https:\/\/www.bellunopress.it\/2026\/01\/22\/declassata-per-decreto-la-protezione-del-lupo-lav-li-vogliono-ammazzare-perche-gli-allevatori-non-usano-le-dovute-recinzioni\/","name":"Declassata per decreto la protezione del lupo. Lav: li vogliono ammazzare perch\u00e9 gli allevatori non usano le dovute recinzioni - Bellunopress - Dolomiti","isPartOf":{"@id":"https:\/\/www.bellunopress.it\/#website"},"primaryImageOfPage":{"@id":"https:\/\/www.bellunopress.it\/2026\/01\/22\/declassata-per-decreto-la-protezione-del-lupo-lav-li-vogliono-ammazzare-perche-gli-allevatori-non-usano-le-dovute-recinzioni\/#primaryimage"},"image":{"@id":"https:\/\/www.bellunopress.it\/2026\/01\/22\/declassata-per-decreto-la-protezione-del-lupo-lav-li-vogliono-ammazzare-perche-gli-allevatori-non-usano-le-dovute-recinzioni\/#primaryimage"},"thumbnailUrl":"https:\/\/www.bellunopress.it\/wp-content\/uploads\/2025\/12\/lupo-branco.jpg","datePublished":"2026-01-22T20:35:58+00:00","breadcrumb":{"@id":"https:\/\/www.bellunopress.it\/2026\/01\/22\/declassata-per-decreto-la-protezione-del-lupo-lav-li-vogliono-ammazzare-perche-gli-allevatori-non-usano-le-dovute-recinzioni\/#breadcrumb"},"inLanguage":"fr-FR","potentialAction":[{"@type":"ReadAction","target":["https:\/\/www.bellunopress.it\/2026\/01\/22\/declassata-per-decreto-la-protezione-del-lupo-lav-li-vogliono-ammazzare-perche-gli-allevatori-non-usano-le-dovute-recinzioni\/"]}]},{"@type":"ImageObject","inLanguage":"fr-FR","@id":"https:\/\/www.bellunopress.it\/2026\/01\/22\/declassata-per-decreto-la-protezione-del-lupo-lav-li-vogliono-ammazzare-perche-gli-allevatori-non-usano-le-dovute-recinzioni\/#primaryimage","url":"https:\/\/www.bellunopress.it\/wp-content\/uploads\/2025\/12\/lupo-branco.jpg","contentUrl":"https:\/\/www.bellunopress.it\/wp-content\/uploads\/2025\/12\/lupo-branco.jpg","width":800,"height":533},{"@type":"BreadcrumbList","@id":"https:\/\/www.bellunopress.it\/2026\/01\/22\/declassata-per-decreto-la-protezione-del-lupo-lav-li-vogliono-ammazzare-perche-gli-allevatori-non-usano-le-dovute-recinzioni\/#breadcrumb","itemListElement":[{"@type":"ListItem","position":1,"name":"Home","item":"https:\/\/www.bellunopress.it\/"},{"@type":"ListItem","position":2,"name":"Declassata per decreto la protezione del lupo. Lav: li vogliono ammazzare perch\u00e9 gli allevatori non usano le dovute recinzioni"}]},{"@type":"WebSite","@id":"https:\/\/www.bellunopress.it\/#website","url":"https:\/\/www.bellunopress.it\/","name":"Bellunopress - Dolomiti","description":"e-mail: redazione@bellunopress.it","publisher":{"@id":"https:\/\/www.bellunopress.it\/#organization"},"potentialAction":[{"@type":"SearchAction","target":{"@type":"EntryPoint","urlTemplate":"https:\/\/www.bellunopress.it\/?s={search_term_string}"},"query-input":{"@type":"PropertyValueSpecification","valueRequired":true,"valueName":"search_term_string"}}],"inLanguage":"fr-FR"},{"@type":"Organization","@id":"https:\/\/www.bellunopress.it\/#organization","name":"Bellunopress","url":"https:\/\/www.bellunopress.it\/","logo":{"@type":"ImageObject","inLanguage":"fr-FR","@id":"https:\/\/www.bellunopress.it\/#\/schema\/logo\/image\/","url":"https:\/\/www.bellunopress.it\/wp-content\/uploads\/2011\/05\/cropped-logo-bellunopress-.jpg","contentUrl":"https:\/\/www.bellunopress.it\/wp-content\/uploads\/2011\/05\/cropped-logo-bellunopress-.jpg","width":512,"height":512,"caption":"Bellunopress"},"image":{"@id":"https:\/\/www.bellunopress.it\/#\/schema\/logo\/image\/"},"sameAs":["https:\/\/www.facebook.com\/profile.php?id=100008943462799","https:\/\/x.com\/bellunopress","https:\/\/www.linkedin.com\/hp\/?dnr=JBzUWaJfMUw8vbXJJ2tVW5-I3jZKvC4wsoxE&amp;amp;amp;amp;amp;amp;trk=nav_responsive_tab_home","https:\/\/www.youtube.com\/channel\/UCxL0wu1uN0_3_7hGG0306cw"]},{"@type":"Person","@id":"https:\/\/www.bellunopress.it\/#\/schema\/person\/79bb06722b37ece1c03d3e94beb30d73","name":"r\u00e9daction","image":{"@type":"ImageObject","inLanguage":"fr-FR","@id":"https:\/\/secure.gravatar.com\/avatar\/37d968a2e67a6fd04c169c4bdef102d0bc5d31b2546345219e348575eb80e9a0?s=96&d=mm&r=g","url":"https:\/\/secure.gravatar.com\/avatar\/37d968a2e67a6fd04c169c4bdef102d0bc5d31b2546345219e348575eb80e9a0?s=96&d=mm&r=g","contentUrl":"https:\/\/secure.gravatar.com\/avatar\/37d968a2e67a6fd04c169c4bdef102d0bc5d31b2546345219e348575eb80e9a0?s=96&d=mm&r=g","caption":"redazione"},"sameAs":["http:\/\/www.bellunopress.it","https:\/\/x.com\/bellunopress"],"url":"https:\/\/www.bellunopress.it\/fr\/author\/redazione\/"}]}},"_links":{"self":[{"href":"https:\/\/www.bellunopress.it\/fr\/wp-json\/wp\/v2\/posts\/166694","targetHints":{"allow":["GET"]}}],"collection":[{"href":"https:\/\/www.bellunopress.it\/fr\/wp-json\/wp\/v2\/posts"}],"about":[{"href":"https:\/\/www.bellunopress.it\/fr\/wp-json\/wp\/v2\/types\/post"}],"author":[{"embeddable":true,"href":"https:\/\/www.bellunopress.it\/fr\/wp-json\/wp\/v2\/users\/2"}],"replies":[{"embeddable":true,"href":"https:\/\/www.bellunopress.it\/fr\/wp-json\/wp\/v2\/comments?post=166694"}],"version-history":[{"count":1,"href":"https:\/\/www.bellunopress.it\/fr\/wp-json\/wp\/v2\/posts\/166694\/revisions"}],"predecessor-version":[{"id":166695,"href":"https:\/\/www.bellunopress.it\/fr\/wp-json\/wp\/v2\/posts\/166694\/revisions\/166695"}],"wp:featuredmedia":[{"embeddable":true,"href":"https:\/\/www.bellunopress.it\/fr\/wp-json\/wp\/v2\/media\/165858"}],"wp:attachment":[{"href":"https:\/\/www.bellunopress.it\/fr\/wp-json\/wp\/v2\/media?parent=166694"}],"wp:term":[{"taxonomy":"category","embeddable":true,"href":"https:\/\/www.bellunopress.it\/fr\/wp-json\/wp\/v2\/categories?post=166694"},{"taxonomy":"post_tag","embeddable":true,"href":"https:\/\/www.bellunopress.it\/fr\/wp-json\/wp\/v2\/tags?post=166694"}],"curies":[{"name":"wp","href":"https:\/\/api.w.org\/{rel}","templated":true}]}}