{"id":166691,"date":"2026-01-22T13:08:15","date_gmt":"2026-01-22T12:08:15","guid":{"rendered":"https:\/\/www.bellunopress.it\/?p=166691"},"modified":"2026-01-22T13:08:15","modified_gmt":"2026-01-22T12:08:15","slug":"il-sindaco-lorenzi-firma-lintesa-per-il-supporto-della-polizia-locale-di-roma-a-cortina-durante-i-giochi","status":"publish","type":"post","link":"https:\/\/www.bellunopress.it\/fr\/2026\/01\/22\/il-sindaco-lorenzi-firma-lintesa-per-il-supporto-della-polizia-locale-di-roma-a-cortina-durante-i-giochi\/","title":{"rendered":"Il Sindaco Lorenzi firma l\u2019intesa per il supporto della Polizia Locale di Roma a Cortina durante i Giochi"},"content":{"rendered":"<figure id=\"attachment_166692\" aria-describedby=\"caption-attachment-166692\" style=\"width: 600px\" class=\"wp-caption aligncenter\"><img loading=\"lazy\" decoding=\"async\" class=\"size-full wp-image-166692\" src=\"https:\/\/www.bellunopress.it\/wp-content\/uploads\/2026\/01\/Gianluca-Lorenzi-e-Robero-Gualtieri.jpg\" alt=\"\" width=\"600\" height=\"400\" srcset=\"https:\/\/www.bellunopress.it\/wp-content\/uploads\/2026\/01\/Gianluca-Lorenzi-e-Robero-Gualtieri.jpg 600w, https:\/\/www.bellunopress.it\/wp-content\/uploads\/2026\/01\/Gianluca-Lorenzi-e-Robero-Gualtieri-500x333.jpg 500w, https:\/\/www.bellunopress.it\/wp-content\/uploads\/2026\/01\/Gianluca-Lorenzi-e-Robero-Gualtieri-150x100.jpg 150w, https:\/\/www.bellunopress.it\/wp-content\/uploads\/2026\/01\/Gianluca-Lorenzi-e-Robero-Gualtieri-300x200.jpg 300w\" sizes=\"auto, (max-width: 600px) 100vw, 600px\" \/><figcaption id=\"caption-attachment-166692\" class=\"wp-caption-text\">Il sindaco di Cortina Gianluca Lorenzi con il sindaco di Roma Roberto Gualtieri<\/figcaption><\/figure>\n<p>Cortina d\u2019Ampezzo, 22 gennaio 2026 &#8211; Un contingente di agenti della Polizia Locale di Roma sar\u00e0 a Cortina d\u2019Ampezzo durante i Giochi Olimpici e Paralimpici Invernali Milano Cortina 2026 per offrire supporto operativo nell\u2019organizzazione dei servizi di Polizia Locale nel periodo dell\u2019evento.<br \/>\nLo prevede lo schema di Protocollo d\u2019intesa firmato ieri a Roma tra il sindaco di Cortina<br \/>\nd\u2019Ampezzo Gianluca Lorenzi e quello della capitale Roberto Gualtieri, a seguito della richiesta avanzata dall\u2019Amministrazione ampezzana per far fronte alla complessit\u00e0 organizzativa e al significativo afflusso di persone e veicoli atteso durante i Giochi invernali.<\/p>\n<p>L\u2019intesa definisce le linee di cooperazione tra i due enti e prevede la messa a disposizione<br \/>\ntemporanea di personale della Polizia Locale di Roma, nel rispetto della normativa vigente e con le comunicazioni previste alle autorit\u00e0 competenti. Modalit\u00e0 operative, impiego del personale e dei mezzi saranno dettagliati in una successiva convenzione attuativa.<br \/>\nNel corso dell\u2019incontro, i due Sindaci hanno inoltre richiamato lo storico legame tra Roma e<br \/>\nCortina d\u2019Ampezzo, che si rafforza ulteriormente in vista dell\u2019appuntamento olimpico. A margine della visita, il Sindaco Gianluca Lorenzi ha donato al Sindaco Roberto Gualtieri la bandiera dei Giochi \u201c1956\u20132026\u201d, simbolo del ponte tra l\u2019eredit\u00e0 olimpica di Cortina e il percorso verso Milano Cortina 2026.<\/p>\n<p>\u201cL\u2019incontro con il Sindaco Gualtieri &#8211; ha detto il Primo cittadino di Cortina Gianluca Lorenzi &#8211; \u00e8 stato una bellissima esperienza: ho trovato una calorosa accoglienza, sua personale, di tutta la struttura amministrativa e del Comando. Abbiamo condiviso il legame che unisce Roma e Cortina, anche perch\u00e9 tanti romani vengono da sempre nella nostra valle, in estate e in inverno. La collaborazione con la Polizia Locale di Roma \u00e8 un valore aggiunto concreto per l\u2019evento olimpico: per Cortina, i suoi agenti sono una vera boccata d\u2019ossigeno per la<br \/>\ngestione dei servizi e della sicurezza durante i Giochi. Sono grato al Sindaco<br \/>\nGualtieri per la disponibilit\u00e0 e per questo spirito di collaborazione tra amministrazioni.\u201d<\/p>","protected":false},"excerpt":{"rendered":"<p>Cortina d\u2019Ampezzo, 22 gennaio 2026 &#8211; Un contingente di agenti della Polizia Locale di Roma sar\u00e0 a Cortina d\u2019Ampezzo durante i Giochi Olimpici e Paralimpici Invernali Milano Cortina 2026 per offrire supporto operativo nell\u2019organizzazione dei servizi di Polizia Locale nel periodo dell\u2019evento. Lo prevede lo schema di Protocollo d\u2019intesa firmato ieri a Roma tra il [&hellip;]<\/p>\n","protected":false},"author":2,"featured_media":166692,"comment_status":"closed","ping_status":"open","sticky":false,"template":"","format":"standard","meta":{"footnotes":""},"categories":[5],"tags":[],"class_list":["post-166691","post","type-post","status-publish","format-standard","has-post-thumbnail","category-cronaca"],"yoast_head":"<!-- This site is optimized with the Yoast SEO plugin v28.4 - https:\/\/yoast.com\/product\/yoast-seo-wordpress\/ -->\n<title>Il Sindaco Lorenzi firma l\u2019intesa per il supporto della Polizia Locale di Roma a Cortina durante i Giochi - Bellunopress - Dolomiti<\/title>\n<meta name=\"robots\" content=\"index, follow, max-snippet:-1, max-image-preview:large, max-video-preview:-1\" \/>\n<link rel=\"canonical\" href=\"https:\/\/www.bellunopress.it\/fr\/2026\/01\/22\/il-sindaco-lorenzi-firma-lintesa-per-il-supporto-della-polizia-locale-di-roma-a-cortina-durante-i-giochi\/\" \/>\n<meta property=\"og:locale\" content=\"fr_FR\" \/>\n<meta property=\"og:type\" content=\"article\" \/>\n<meta property=\"og:title\" content=\"Il Sindaco Lorenzi firma l\u2019intesa per il supporto della Polizia Locale di Roma a Cortina durante i Giochi - Bellunopress - Dolomiti\" \/>\n<meta property=\"og:description\" content=\"Cortina d\u2019Ampezzo, 22 gennaio 2026 &#8211; Un contingente di agenti della Polizia Locale di Roma sar\u00e0 a Cortina d\u2019Ampezzo durante i Giochi Olimpici e Paralimpici Invernali Milano Cortina 2026 per offrire supporto operativo nell\u2019organizzazione dei servizi di Polizia Locale nel periodo dell\u2019evento. Lo prevede lo schema di Protocollo d\u2019intesa firmato ieri a Roma tra il [&hellip;]\" \/>\n<meta property=\"og:url\" content=\"https:\/\/www.bellunopress.it\/fr\/2026\/01\/22\/il-sindaco-lorenzi-firma-lintesa-per-il-supporto-della-polizia-locale-di-roma-a-cortina-durante-i-giochi\/\" \/>\n<meta property=\"og:site_name\" content=\"Bellunopress - Dolomiti\" \/>\n<meta property=\"article:publisher\" content=\"https:\/\/www.facebook.com\/profile.php?id=100008943462799\" \/>\n<meta property=\"article:published_time\" content=\"2026-01-22T12:08:15+00:00\" \/>\n<meta property=\"og:image\" content=\"https:\/\/www.bellunopress.it\/wp-content\/uploads\/2026\/01\/Gianluca-Lorenzi-e-Robero-Gualtieri.jpg\" \/>\n\t<meta property=\"og:image:width\" content=\"600\" \/>\n\t<meta property=\"og:image:height\" content=\"400\" \/>\n\t<meta property=\"og:image:type\" content=\"image\/jpeg\" \/>\n<meta name=\"author\" content=\"redazione\" \/>\n<meta name=\"twitter:card\" content=\"summary_large_image\" \/>\n<meta name=\"twitter:creator\" content=\"@bellunopress\" \/>\n<meta name=\"twitter:site\" content=\"@bellunopress\" \/>\n<meta name=\"twitter:label1\" content=\"\u00c9crit par\" \/>\n\t<meta name=\"twitter:data1\" content=\"redazione\" \/>\n\t<meta name=\"twitter:label2\" content=\"Dur\u00e9e de lecture estim\u00e9e\" \/>\n\t<meta name=\"twitter:data2\" content=\"2 minutes\" \/>\n<script type=\"application\/ld+json\" class=\"yoast-schema-graph\">{\"@context\":\"https:\\\/\\\/schema.org\",\"@graph\":[{\"@type\":\"Article\",\"@id\":\"https:\\\/\\\/www.bellunopress.it\\\/2026\\\/01\\\/22\\\/il-sindaco-lorenzi-firma-lintesa-per-il-supporto-della-polizia-locale-di-roma-a-cortina-durante-i-giochi\\\/#article\",\"isPartOf\":{\"@id\":\"https:\\\/\\\/www.bellunopress.it\\\/2026\\\/01\\\/22\\\/il-sindaco-lorenzi-firma-lintesa-per-il-supporto-della-polizia-locale-di-roma-a-cortina-durante-i-giochi\\\/\"},\"author\":{\"name\":\"redazione\",\"@id\":\"https:\\\/\\\/www.bellunopress.it\\\/#\\\/schema\\\/person\\\/79bb06722b37ece1c03d3e94beb30d73\"},\"headline\":\"Il Sindaco Lorenzi firma l\u2019intesa per il supporto della Polizia Locale di Roma a Cortina durante i Giochi\",\"datePublished\":\"2026-01-22T12:08:15+00:00\",\"mainEntityOfPage\":{\"@id\":\"https:\\\/\\\/www.bellunopress.it\\\/2026\\\/01\\\/22\\\/il-sindaco-lorenzi-firma-lintesa-per-il-supporto-della-polizia-locale-di-roma-a-cortina-durante-i-giochi\\\/\"},\"wordCount\":364,\"publisher\":{\"@id\":\"https:\\\/\\\/www.bellunopress.it\\\/#organization\"},\"image\":{\"@id\":\"https:\\\/\\\/www.bellunopress.it\\\/2026\\\/01\\\/22\\\/il-sindaco-lorenzi-firma-lintesa-per-il-supporto-della-polizia-locale-di-roma-a-cortina-durante-i-giochi\\\/#primaryimage\"},\"thumbnailUrl\":\"https:\\\/\\\/www.bellunopress.it\\\/wp-content\\\/uploads\\\/2026\\\/01\\\/Gianluca-Lorenzi-e-Robero-Gualtieri.jpg\",\"articleSection\":[\"Cronaca\\\/Politica\"],\"inLanguage\":\"fr-FR\"},{\"@type\":\"WebPage\",\"@id\":\"https:\\\/\\\/www.bellunopress.it\\\/2026\\\/01\\\/22\\\/il-sindaco-lorenzi-firma-lintesa-per-il-supporto-della-polizia-locale-di-roma-a-cortina-durante-i-giochi\\\/\",\"url\":\"https:\\\/\\\/www.bellunopress.it\\\/2026\\\/01\\\/22\\\/il-sindaco-lorenzi-firma-lintesa-per-il-supporto-della-polizia-locale-di-roma-a-cortina-durante-i-giochi\\\/\",\"name\":\"Il Sindaco Lorenzi firma l\u2019intesa per il supporto della Polizia Locale di Roma a Cortina durante i Giochi - Bellunopress - Dolomiti\",\"isPartOf\":{\"@id\":\"https:\\\/\\\/www.bellunopress.it\\\/#website\"},\"primaryImageOfPage\":{\"@id\":\"https:\\\/\\\/www.bellunopress.it\\\/2026\\\/01\\\/22\\\/il-sindaco-lorenzi-firma-lintesa-per-il-supporto-della-polizia-locale-di-roma-a-cortina-durante-i-giochi\\\/#primaryimage\"},\"image\":{\"@id\":\"https:\\\/\\\/www.bellunopress.it\\\/2026\\\/01\\\/22\\\/il-sindaco-lorenzi-firma-lintesa-per-il-supporto-della-polizia-locale-di-roma-a-cortina-durante-i-giochi\\\/#primaryimage\"},\"thumbnailUrl\":\"https:\\\/\\\/www.bellunopress.it\\\/wp-content\\\/uploads\\\/2026\\\/01\\\/Gianluca-Lorenzi-e-Robero-Gualtieri.jpg\",\"datePublished\":\"2026-01-22T12:08:15+00:00\",\"breadcrumb\":{\"@id\":\"https:\\\/\\\/www.bellunopress.it\\\/2026\\\/01\\\/22\\\/il-sindaco-lorenzi-firma-lintesa-per-il-supporto-della-polizia-locale-di-roma-a-cortina-durante-i-giochi\\\/#breadcrumb\"},\"inLanguage\":\"fr-FR\",\"potentialAction\":[{\"@type\":\"ReadAction\",\"target\":[\"https:\\\/\\\/www.bellunopress.it\\\/2026\\\/01\\\/22\\\/il-sindaco-lorenzi-firma-lintesa-per-il-supporto-della-polizia-locale-di-roma-a-cortina-durante-i-giochi\\\/\"]}]},{\"@type\":\"ImageObject\",\"inLanguage\":\"fr-FR\",\"@id\":\"https:\\\/\\\/www.bellunopress.it\\\/2026\\\/01\\\/22\\\/il-sindaco-lorenzi-firma-lintesa-per-il-supporto-della-polizia-locale-di-roma-a-cortina-durante-i-giochi\\\/#primaryimage\",\"url\":\"https:\\\/\\\/www.bellunopress.it\\\/wp-content\\\/uploads\\\/2026\\\/01\\\/Gianluca-Lorenzi-e-Robero-Gualtieri.jpg\",\"contentUrl\":\"https:\\\/\\\/www.bellunopress.it\\\/wp-content\\\/uploads\\\/2026\\\/01\\\/Gianluca-Lorenzi-e-Robero-Gualtieri.jpg\",\"width\":600,\"height\":400,\"caption\":\"Il sindaco di Cortina Gianluca LOrenzi con il sindaco di Roma Roberto Gualtieri\"},{\"@type\":\"BreadcrumbList\",\"@id\":\"https:\\\/\\\/www.bellunopress.it\\\/2026\\\/01\\\/22\\\/il-sindaco-lorenzi-firma-lintesa-per-il-supporto-della-polizia-locale-di-roma-a-cortina-durante-i-giochi\\\/#breadcrumb\",\"itemListElement\":[{\"@type\":\"ListItem\",\"position\":1,\"name\":\"Home\",\"item\":\"https:\\\/\\\/www.bellunopress.it\\\/\"},{\"@type\":\"ListItem\",\"position\":2,\"name\":\"Il Sindaco Lorenzi firma l\u2019intesa per il supporto della Polizia Locale di Roma a Cortina durante i Giochi\"}]},{\"@type\":\"WebSite\",\"@id\":\"https:\\\/\\\/www.bellunopress.it\\\/#website\",\"url\":\"https:\\\/\\\/www.bellunopress.it\\\/\",\"name\":\"Bellunopress - Dolomiti\",\"description\":\"e-mail: redazione@bellunopress.it\",\"publisher\":{\"@id\":\"https:\\\/\\\/www.bellunopress.it\\\/#organization\"},\"potentialAction\":[{\"@type\":\"SearchAction\",\"target\":{\"@type\":\"EntryPoint\",\"urlTemplate\":\"https:\\\/\\\/www.bellunopress.it\\\/?s={search_term_string}\"},\"query-input\":{\"@type\":\"PropertyValueSpecification\",\"valueRequired\":true,\"valueName\":\"search_term_string\"}}],\"inLanguage\":\"fr-FR\"},{\"@type\":\"Organization\",\"@id\":\"https:\\\/\\\/www.bellunopress.it\\\/#organization\",\"name\":\"Bellunopress\",\"url\":\"https:\\\/\\\/www.bellunopress.it\\\/\",\"logo\":{\"@type\":\"ImageObject\",\"inLanguage\":\"fr-FR\",\"@id\":\"https:\\\/\\\/www.bellunopress.it\\\/#\\\/schema\\\/logo\\\/image\\\/\",\"url\":\"https:\\\/\\\/www.bellunopress.it\\\/wp-content\\\/uploads\\\/2011\\\/05\\\/cropped-logo-bellunopress-.jpg\",\"contentUrl\":\"https:\\\/\\\/www.bellunopress.it\\\/wp-content\\\/uploads\\\/2011\\\/05\\\/cropped-logo-bellunopress-.jpg\",\"width\":512,\"height\":512,\"caption\":\"Bellunopress\"},\"image\":{\"@id\":\"https:\\\/\\\/www.bellunopress.it\\\/#\\\/schema\\\/logo\\\/image\\\/\"},\"sameAs\":[\"https:\\\/\\\/www.facebook.com\\\/profile.php?id=100008943462799\",\"https:\\\/\\\/x.com\\\/bellunopress\",\"https:\\\/\\\/www.linkedin.com\\\/hp\\\/?dnr=JBzUWaJfMUw8vbXJJ2tVW5-I3jZKvC4wsoxE&amp;amp;amp;amp;amp;amp;trk=nav_responsive_tab_home\",\"https:\\\/\\\/www.youtube.com\\\/channel\\\/UCxL0wu1uN0_3_7hGG0306cw\"]},{\"@type\":\"Person\",\"@id\":\"https:\\\/\\\/www.bellunopress.it\\\/#\\\/schema\\\/person\\\/79bb06722b37ece1c03d3e94beb30d73\",\"name\":\"redazione\",\"image\":{\"@type\":\"ImageObject\",\"inLanguage\":\"fr-FR\",\"@id\":\"https:\\\/\\\/secure.gravatar.com\\\/avatar\\\/37d968a2e67a6fd04c169c4bdef102d0bc5d31b2546345219e348575eb80e9a0?s=96&d=mm&r=g\",\"url\":\"https:\\\/\\\/secure.gravatar.com\\\/avatar\\\/37d968a2e67a6fd04c169c4bdef102d0bc5d31b2546345219e348575eb80e9a0?s=96&d=mm&r=g\",\"contentUrl\":\"https:\\\/\\\/secure.gravatar.com\\\/avatar\\\/37d968a2e67a6fd04c169c4bdef102d0bc5d31b2546345219e348575eb80e9a0?s=96&d=mm&r=g\",\"caption\":\"redazione\"},\"sameAs\":[\"http:\\\/\\\/www.bellunopress.it\",\"https:\\\/\\\/x.com\\\/bellunopress\"],\"url\":\"https:\\\/\\\/www.bellunopress.it\\\/fr\\\/author\\\/redazione\\\/\"}]}<\/script>\n<!-- \/ Yoast SEO plugin. -->","yoast_head_json":{"title":"Il Sindaco Lorenzi firma l\u2019intesa per il supporto della Polizia Locale di Roma a Cortina durante i Giochi - Bellunopress - Dolomiti","robots":{"index":"index","follow":"follow","max-snippet":"max-snippet:-1","max-image-preview":"max-image-preview:large","max-video-preview":"max-video-preview:-1"},"canonical":"https:\/\/www.bellunopress.it\/fr\/2026\/01\/22\/il-sindaco-lorenzi-firma-lintesa-per-il-supporto-della-polizia-locale-di-roma-a-cortina-durante-i-giochi\/","og_locale":"fr_FR","og_type":"article","og_title":"Il Sindaco Lorenzi firma l\u2019intesa per il supporto della Polizia Locale di Roma a Cortina durante i Giochi - Bellunopress - Dolomiti","og_description":"Cortina d\u2019Ampezzo, 22 gennaio 2026 &#8211; Un contingente di agenti della Polizia Locale di Roma sar\u00e0 a Cortina d\u2019Ampezzo durante i Giochi Olimpici e Paralimpici Invernali Milano Cortina 2026 per offrire supporto operativo nell\u2019organizzazione dei servizi di Polizia Locale nel periodo dell\u2019evento. Lo prevede lo schema di Protocollo d\u2019intesa firmato ieri a Roma tra il [&hellip;]","og_url":"https:\/\/www.bellunopress.it\/fr\/2026\/01\/22\/il-sindaco-lorenzi-firma-lintesa-per-il-supporto-della-polizia-locale-di-roma-a-cortina-durante-i-giochi\/","og_site_name":"Bellunopress - Dolomiti","article_publisher":"https:\/\/www.facebook.com\/profile.php?id=100008943462799","article_published_time":"2026-01-22T12:08:15+00:00","og_image":[{"width":600,"height":400,"url":"https:\/\/www.bellunopress.it\/wp-content\/uploads\/2026\/01\/Gianluca-Lorenzi-e-Robero-Gualtieri.jpg","type":"image\/jpeg"}],"author":"redazione","twitter_card":"summary_large_image","twitter_creator":"@bellunopress","twitter_site":"@bellunopress","twitter_misc":{"\u00c9crit par":"redazione","Dur\u00e9e de lecture estim\u00e9e":"2 minutes"},"schema":{"@context":"https:\/\/schema.org","@graph":[{"@type":"Article","@id":"https:\/\/www.bellunopress.it\/2026\/01\/22\/il-sindaco-lorenzi-firma-lintesa-per-il-supporto-della-polizia-locale-di-roma-a-cortina-durante-i-giochi\/#article","isPartOf":{"@id":"https:\/\/www.bellunopress.it\/2026\/01\/22\/il-sindaco-lorenzi-firma-lintesa-per-il-supporto-della-polizia-locale-di-roma-a-cortina-durante-i-giochi\/"},"author":{"name":"redazione","@id":"https:\/\/www.bellunopress.it\/#\/schema\/person\/79bb06722b37ece1c03d3e94beb30d73"},"headline":"Il Sindaco Lorenzi firma l\u2019intesa per il supporto della Polizia Locale di Roma a Cortina durante i Giochi","datePublished":"2026-01-22T12:08:15+00:00","mainEntityOfPage":{"@id":"https:\/\/www.bellunopress.it\/2026\/01\/22\/il-sindaco-lorenzi-firma-lintesa-per-il-supporto-della-polizia-locale-di-roma-a-cortina-durante-i-giochi\/"},"wordCount":364,"publisher":{"@id":"https:\/\/www.bellunopress.it\/#organization"},"image":{"@id":"https:\/\/www.bellunopress.it\/2026\/01\/22\/il-sindaco-lorenzi-firma-lintesa-per-il-supporto-della-polizia-locale-di-roma-a-cortina-durante-i-giochi\/#primaryimage"},"thumbnailUrl":"https:\/\/www.bellunopress.it\/wp-content\/uploads\/2026\/01\/Gianluca-Lorenzi-e-Robero-Gualtieri.jpg","articleSection":["Cronaca\/Politica"],"inLanguage":"fr-FR"},{"@type":"WebPage","@id":"https:\/\/www.bellunopress.it\/2026\/01\/22\/il-sindaco-lorenzi-firma-lintesa-per-il-supporto-della-polizia-locale-di-roma-a-cortina-durante-i-giochi\/","url":"https:\/\/www.bellunopress.it\/2026\/01\/22\/il-sindaco-lorenzi-firma-lintesa-per-il-supporto-della-polizia-locale-di-roma-a-cortina-durante-i-giochi\/","name":"Il Sindaco Lorenzi firma l\u2019intesa per il supporto della Polizia Locale di Roma a Cortina durante i Giochi - Bellunopress - Dolomiti","isPartOf":{"@id":"https:\/\/www.bellunopress.it\/#website"},"primaryImageOfPage":{"@id":"https:\/\/www.bellunopress.it\/2026\/01\/22\/il-sindaco-lorenzi-firma-lintesa-per-il-supporto-della-polizia-locale-di-roma-a-cortina-durante-i-giochi\/#primaryimage"},"image":{"@id":"https:\/\/www.bellunopress.it\/2026\/01\/22\/il-sindaco-lorenzi-firma-lintesa-per-il-supporto-della-polizia-locale-di-roma-a-cortina-durante-i-giochi\/#primaryimage"},"thumbnailUrl":"https:\/\/www.bellunopress.it\/wp-content\/uploads\/2026\/01\/Gianluca-Lorenzi-e-Robero-Gualtieri.jpg","datePublished":"2026-01-22T12:08:15+00:00","breadcrumb":{"@id":"https:\/\/www.bellunopress.it\/2026\/01\/22\/il-sindaco-lorenzi-firma-lintesa-per-il-supporto-della-polizia-locale-di-roma-a-cortina-durante-i-giochi\/#breadcrumb"},"inLanguage":"fr-FR","potentialAction":[{"@type":"ReadAction","target":["https:\/\/www.bellunopress.it\/2026\/01\/22\/il-sindaco-lorenzi-firma-lintesa-per-il-supporto-della-polizia-locale-di-roma-a-cortina-durante-i-giochi\/"]}]},{"@type":"ImageObject","inLanguage":"fr-FR","@id":"https:\/\/www.bellunopress.it\/2026\/01\/22\/il-sindaco-lorenzi-firma-lintesa-per-il-supporto-della-polizia-locale-di-roma-a-cortina-durante-i-giochi\/#primaryimage","url":"https:\/\/www.bellunopress.it\/wp-content\/uploads\/2026\/01\/Gianluca-Lorenzi-e-Robero-Gualtieri.jpg","contentUrl":"https:\/\/www.bellunopress.it\/wp-content\/uploads\/2026\/01\/Gianluca-Lorenzi-e-Robero-Gualtieri.jpg","width":600,"height":400,"caption":"Il sindaco di Cortina Gianluca LOrenzi con il sindaco di Roma Roberto Gualtieri"},{"@type":"BreadcrumbList","@id":"https:\/\/www.bellunopress.it\/2026\/01\/22\/il-sindaco-lorenzi-firma-lintesa-per-il-supporto-della-polizia-locale-di-roma-a-cortina-durante-i-giochi\/#breadcrumb","itemListElement":[{"@type":"ListItem","position":1,"name":"Home","item":"https:\/\/www.bellunopress.it\/"},{"@type":"ListItem","position":2,"name":"Il Sindaco Lorenzi firma l\u2019intesa per il supporto della Polizia Locale di Roma a Cortina durante i Giochi"}]},{"@type":"WebSite","@id":"https:\/\/www.bellunopress.it\/#website","url":"https:\/\/www.bellunopress.it\/","name":"Bellunopress - Dolomiti","description":"e-mail: redazione@bellunopress.it","publisher":{"@id":"https:\/\/www.bellunopress.it\/#organization"},"potentialAction":[{"@type":"SearchAction","target":{"@type":"EntryPoint","urlTemplate":"https:\/\/www.bellunopress.it\/?s={search_term_string}"},"query-input":{"@type":"PropertyValueSpecification","valueRequired":true,"valueName":"search_term_string"}}],"inLanguage":"fr-FR"},{"@type":"Organization","@id":"https:\/\/www.bellunopress.it\/#organization","name":"Bellunopress","url":"https:\/\/www.bellunopress.it\/","logo":{"@type":"ImageObject","inLanguage":"fr-FR","@id":"https:\/\/www.bellunopress.it\/#\/schema\/logo\/image\/","url":"https:\/\/www.bellunopress.it\/wp-content\/uploads\/2011\/05\/cropped-logo-bellunopress-.jpg","contentUrl":"https:\/\/www.bellunopress.it\/wp-content\/uploads\/2011\/05\/cropped-logo-bellunopress-.jpg","width":512,"height":512,"caption":"Bellunopress"},"image":{"@id":"https:\/\/www.bellunopress.it\/#\/schema\/logo\/image\/"},"sameAs":["https:\/\/www.facebook.com\/profile.php?id=100008943462799","https:\/\/x.com\/bellunopress","https:\/\/www.linkedin.com\/hp\/?dnr=JBzUWaJfMUw8vbXJJ2tVW5-I3jZKvC4wsoxE&amp;amp;amp;amp;amp;amp;trk=nav_responsive_tab_home","https:\/\/www.youtube.com\/channel\/UCxL0wu1uN0_3_7hGG0306cw"]},{"@type":"Person","@id":"https:\/\/www.bellunopress.it\/#\/schema\/person\/79bb06722b37ece1c03d3e94beb30d73","name":"r\u00e9daction","image":{"@type":"ImageObject","inLanguage":"fr-FR","@id":"https:\/\/secure.gravatar.com\/avatar\/37d968a2e67a6fd04c169c4bdef102d0bc5d31b2546345219e348575eb80e9a0?s=96&d=mm&r=g","url":"https:\/\/secure.gravatar.com\/avatar\/37d968a2e67a6fd04c169c4bdef102d0bc5d31b2546345219e348575eb80e9a0?s=96&d=mm&r=g","contentUrl":"https:\/\/secure.gravatar.com\/avatar\/37d968a2e67a6fd04c169c4bdef102d0bc5d31b2546345219e348575eb80e9a0?s=96&d=mm&r=g","caption":"redazione"},"sameAs":["http:\/\/www.bellunopress.it","https:\/\/x.com\/bellunopress"],"url":"https:\/\/www.bellunopress.it\/fr\/author\/redazione\/"}]}},"_links":{"self":[{"href":"https:\/\/www.bellunopress.it\/fr\/wp-json\/wp\/v2\/posts\/166691","targetHints":{"allow":["GET"]}}],"collection":[{"href":"https:\/\/www.bellunopress.it\/fr\/wp-json\/wp\/v2\/posts"}],"about":[{"href":"https:\/\/www.bellunopress.it\/fr\/wp-json\/wp\/v2\/types\/post"}],"author":[{"embeddable":true,"href":"https:\/\/www.bellunopress.it\/fr\/wp-json\/wp\/v2\/users\/2"}],"replies":[{"embeddable":true,"href":"https:\/\/www.bellunopress.it\/fr\/wp-json\/wp\/v2\/comments?post=166691"}],"version-history":[{"count":1,"href":"https:\/\/www.bellunopress.it\/fr\/wp-json\/wp\/v2\/posts\/166691\/revisions"}],"predecessor-version":[{"id":166693,"href":"https:\/\/www.bellunopress.it\/fr\/wp-json\/wp\/v2\/posts\/166691\/revisions\/166693"}],"wp:featuredmedia":[{"embeddable":true,"href":"https:\/\/www.bellunopress.it\/fr\/wp-json\/wp\/v2\/media\/166692"}],"wp:attachment":[{"href":"https:\/\/www.bellunopress.it\/fr\/wp-json\/wp\/v2\/media?parent=166691"}],"wp:term":[{"taxonomy":"category","embeddable":true,"href":"https:\/\/www.bellunopress.it\/fr\/wp-json\/wp\/v2\/categories?post=166691"},{"taxonomy":"post_tag","embeddable":true,"href":"https:\/\/www.bellunopress.it\/fr\/wp-json\/wp\/v2\/tags?post=166691"}],"curies":[{"name":"wp","href":"https:\/\/api.w.org\/{rel}","templated":true}]}}