{"id":166613,"date":"2026-01-20T10:06:37","date_gmt":"2026-01-20T09:06:37","guid":{"rendered":"https:\/\/www.bellunopress.it\/?p=166613"},"modified":"2026-01-20T10:11:17","modified_gmt":"2026-01-20T09:11:17","slug":"svolta-green-nel-parco-delle-dolomiti-bellunesi-oltre-un-milione-di-euro-per-rifugi-a-emissioni-zero","status":"publish","type":"post","link":"https:\/\/www.bellunopress.it\/fr\/2026\/01\/20\/svolta-green-nel-parco-delle-dolomiti-bellunesi-oltre-un-milione-di-euro-per-rifugi-a-emissioni-zero\/","title":{"rendered":"Svolta green nel Parco delle Dolomiti Bellunesi: oltre un milione di euro per rifugi a emissioni zero"},"content":{"rendered":"<figure id=\"attachment_166615\" aria-describedby=\"caption-attachment-166615\" style=\"width: 600px\" class=\"wp-caption aligncenter\"><img loading=\"lazy\" decoding=\"async\" class=\"size-full wp-image-166615\" src=\"https:\/\/www.bellunopress.it\/wp-content\/uploads\/2026\/01\/Rifugio-Bianchet-parco-Dolomiti-FOTO-CAI-BL.jpg\" alt=\"\" width=\"600\" height=\"374\" srcset=\"https:\/\/www.bellunopress.it\/wp-content\/uploads\/2026\/01\/Rifugio-Bianchet-parco-Dolomiti-FOTO-CAI-BL.jpg 600w, https:\/\/www.bellunopress.it\/wp-content\/uploads\/2026\/01\/Rifugio-Bianchet-parco-Dolomiti-FOTO-CAI-BL-500x312.jpg 500w, https:\/\/www.bellunopress.it\/wp-content\/uploads\/2026\/01\/Rifugio-Bianchet-parco-Dolomiti-FOTO-CAI-BL-150x94.jpg 150w, https:\/\/www.bellunopress.it\/wp-content\/uploads\/2026\/01\/Rifugio-Bianchet-parco-Dolomiti-FOTO-CAI-BL-300x187.jpg 300w\" sizes=\"auto, (max-width: 600px) 100vw, 600px\" \/><figcaption id=\"caption-attachment-166615\" class=\"wp-caption-text\">Rifugio Bianchet (Foto Cai Belluno)<\/figcaption><\/figure>\n<p data-path-to-node=\"3\"><b data-path-to-node=\"3\" data-index-in-node=\"0\">Il Ministero dell\u2019Ambiente finanzia quattro progetti chiave: fotovoltaico, pompe di calore ed efficientamento termico trasformeranno i rifugi Bianchet e Pramperet in modelli di sostenibilit\u00e0 ad alta quota.<\/b><\/p>\n<p data-path-to-node=\"4\">Belluno, 20 gennaio 2026 \u2013 Il futuro delle montagne bellunesi \u00e8 sempre pi\u00f9 legato alla sostenibilit\u00e0 e all&#8217;indipendenza energetica. Grazie al programma ministeriale \u201cParchi per il clima\u201d, il Parco Nazionale delle Dolomiti Bellunesi ha ottenuto un finanziamento complessivo di oltre un milione di euro. I fondi, stanziati dal Ministero dell\u2019Ambiente e della Sicurezza Energetica, saranno destinati a interventi strutturali volti alla mitigazione e all\u2019adattamento ai cambiamenti climatici.<\/p>\n<p data-path-to-node=\"6\">Il cuore dell&#8217;investimento riguarda le strutture ricettive del Parco, punti di riferimento per migliaia di escursionisti. L&#8217;intervento pi\u00f9 imponente, del valore di oltre 700.000 euro, interesser\u00e0 il rifugio Bianchet. Non si tratter\u00e0 solo di installare pannelli fotovoltaici e pompe di calore, ma di un vero e proprio restyling energetico che includer\u00e0 la sostituzione degli infissi e il potenziamento dell\u2019isolamento termico.<\/p>\n<p data-path-to-node=\"7\">Situato lungo la celebre Alta Via n. 1, il Bianchet diventer\u00e0 un &#8220;biglietto da visita&#8221; ecologico per i turisti internazionali, grazie anche alla collaborazione con la sezione CAI di Belluno, che si occuper\u00e0 di divulgare i valori della tutela ambientale ai propri soci e ai camminatori.<\/p>\n<p data-path-to-node=\"8\">Sempre sul fronte energetico, sono stati stanziati 350.000 euro per:<\/p>\n<ul data-path-to-node=\"9\">\n<li>\n<p data-path-to-node=\"9,0,0\">Casa Al Frassen (Val Canzoi): Un centro vitale per i giovani, che ospita i campi estivi dell\u2019Associazione &#8220;Italo De Cian&#8221;.<\/p>\n<\/li>\n<li>\n<p data-path-to-node=\"9,1,0\">Rifugio Sommariva al Pramperet: Altra tappa fondamentale dell&#8217;Alta Via n. 1.<\/p>\n<\/li>\n<\/ul>\n<p data-path-to-node=\"10\">In entrambe le strutture, l\u2019abbandono dei combustibili fossili a favore del fotovoltaico avr\u00e0 una forte valenza dimostrativa, mostrando come la tecnologia &#8220;green&#8221; possa funzionare efficacemente anche in contesti montani estremi.<\/p>\n<p data-path-to-node=\"12\">Il finanziamento non guarda solo alle strutture fisse, ma anche alla mobilit\u00e0 interna all\u2019area protetta. Una quota di 45.000 euro sar\u00e0 infatti investita per l\u2019acquisto di biciclette a pedalata assistita. Le e-bike saranno fornite al Reparto Carabinieri del Parco, permettendo ai militari di svolgere il servizio di vigilanza e pattugliamento dei sentieri in modo silenzioso e totalmente ecologico.<\/p>\n<figure id=\"attachment_150461\" aria-describedby=\"caption-attachment-150461\" style=\"width: 454px\" class=\"wp-caption aligncenter\"><img loading=\"lazy\" decoding=\"async\" class=\"size-full wp-image-150461\" src=\"https:\/\/www.bellunopress.it\/wp-content\/uploads\/2024\/05\/Ennio-Vigne_edited.jpg\" alt=\"\" width=\"454\" height=\"349\" srcset=\"https:\/\/www.bellunopress.it\/wp-content\/uploads\/2024\/05\/Ennio-Vigne_edited.jpg 454w, https:\/\/www.bellunopress.it\/wp-content\/uploads\/2024\/05\/Ennio-Vigne_edited-80x60.jpg 80w\" sizes=\"auto, (max-width: 454px) 100vw, 454px\" \/><figcaption id=\"caption-attachment-150461\" class=\"wp-caption-text\">Ennio Vigne, Commissario del Parco Nazionale delle Dolomiti bellunesi<\/figcaption><\/figure>\n<h6 data-path-to-node=\"14\">L\u2019iter per la progettazione partir\u00e0 a breve, con l\u2019obiettivo di completare tutti i cantieri entro il prossimo triennio.<\/h6>\n<blockquote data-path-to-node=\"15\">\n<h6 data-path-to-node=\"15,0\">&#8220;Questo finanziamento ci consente di proseguire nell\u2019azione di efficientamento energetico delle nostre strutture&#8221;, ha dichiarato il Commissario del Parco, Ennio Vigne. &#8220;Dimostriamo ancora una volta come la presenza del Parco rappresenti un valore aggiunto: non solo per la tutela di natura e paesaggio, ma come soggetto capace di intercettare risorse economiche significative a beneficio di tutto il territorio&#8221;.<\/h6>\n<\/blockquote>\n<p data-path-to-node=\"16\">L\u2019operazione conferma la strategia del Parco Nazionale delle Dolomiti Bellunesi: trasformare la sfida climatica in un&#8217;opportunit\u00e0 di innovazione, rendendo le &#8220;terre alte&#8221; un laboratorio a cielo aperto per la transizione energetica.<\/p>","protected":false},"excerpt":{"rendered":"<p>Il Ministero dell\u2019Ambiente finanzia quattro progetti chiave: fotovoltaico, pompe di calore ed efficientamento termico trasformeranno i rifugi Bianchet e Pramperet in modelli di sostenibilit\u00e0 ad alta quota. Belluno, 20 gennaio 2026 \u2013 Il futuro delle montagne bellunesi \u00e8 sempre pi\u00f9 legato alla sostenibilit\u00e0 e all&#8217;indipendenza energetica. Grazie al programma ministeriale \u201cParchi per il clima\u201d, il [&hellip;]<\/p>\n","protected":false},"author":2,"featured_media":134612,"comment_status":"closed","ping_status":"open","sticky":false,"template":"","format":"standard","meta":{"footnotes":""},"categories":[38],"tags":[],"class_list":["post-166613","post","type-post","status-publish","format-standard","has-post-thumbnail","category-natura-ambiente"],"yoast_head":"<!-- This site is optimized with the Yoast SEO plugin v28.4 - https:\/\/yoast.com\/product\/yoast-seo-wordpress\/ -->\n<title>Svolta green nel Parco delle Dolomiti Bellunesi: oltre un milione di euro per rifugi a emissioni zero - Bellunopress - Dolomiti<\/title>\n<meta name=\"robots\" content=\"index, follow, max-snippet:-1, max-image-preview:large, max-video-preview:-1\" \/>\n<link rel=\"canonical\" href=\"https:\/\/www.bellunopress.it\/fr\/2026\/01\/20\/svolta-green-nel-parco-delle-dolomiti-bellunesi-oltre-un-milione-di-euro-per-rifugi-a-emissioni-zero\/\" \/>\n<meta property=\"og:locale\" content=\"fr_FR\" \/>\n<meta property=\"og:type\" content=\"article\" \/>\n<meta property=\"og:title\" content=\"Svolta green nel Parco delle Dolomiti Bellunesi: oltre un milione di euro per rifugi a emissioni zero - Bellunopress - Dolomiti\" \/>\n<meta property=\"og:description\" content=\"Il Ministero dell\u2019Ambiente finanzia quattro progetti chiave: fotovoltaico, pompe di calore ed efficientamento termico trasformeranno i rifugi Bianchet e Pramperet in modelli di sostenibilit\u00e0 ad alta quota. Belluno, 20 gennaio 2026 \u2013 Il futuro delle montagne bellunesi \u00e8 sempre pi\u00f9 legato alla sostenibilit\u00e0 e all&#8217;indipendenza energetica. Grazie al programma ministeriale \u201cParchi per il clima\u201d, il [&hellip;]\" \/>\n<meta property=\"og:url\" content=\"https:\/\/www.bellunopress.it\/fr\/2026\/01\/20\/svolta-green-nel-parco-delle-dolomiti-bellunesi-oltre-un-milione-di-euro-per-rifugi-a-emissioni-zero\/\" \/>\n<meta property=\"og:site_name\" content=\"Bellunopress - Dolomiti\" \/>\n<meta property=\"article:publisher\" content=\"https:\/\/www.facebook.com\/profile.php?id=100008943462799\" \/>\n<meta property=\"article:published_time\" content=\"2026-01-20T09:06:37+00:00\" \/>\n<meta property=\"article:modified_time\" content=\"2026-01-20T09:11:17+00:00\" \/>\n<meta property=\"og:image\" content=\"https:\/\/www.bellunopress.it\/wp-content\/uploads\/2022\/06\/Lago-del-Mis_edited.jpg\" \/>\n\t<meta property=\"og:image:width\" content=\"1000\" \/>\n\t<meta property=\"og:image:height\" content=\"639\" \/>\n\t<meta property=\"og:image:type\" content=\"image\/jpeg\" \/>\n<meta name=\"author\" content=\"redazione\" \/>\n<meta name=\"twitter:card\" content=\"summary_large_image\" \/>\n<meta name=\"twitter:creator\" content=\"@bellunopress\" \/>\n<meta name=\"twitter:site\" content=\"@bellunopress\" \/>\n<meta name=\"twitter:label1\" content=\"\u00c9crit par\" \/>\n\t<meta name=\"twitter:data1\" content=\"redazione\" \/>\n\t<meta name=\"twitter:label2\" content=\"Dur\u00e9e de lecture estim\u00e9e\" \/>\n\t<meta name=\"twitter:data2\" content=\"2 minutes\" \/>\n<script type=\"application\/ld+json\" class=\"yoast-schema-graph\">{\"@context\":\"https:\\\/\\\/schema.org\",\"@graph\":[{\"@type\":\"Article\",\"@id\":\"https:\\\/\\\/www.bellunopress.it\\\/2026\\\/01\\\/20\\\/svolta-green-nel-parco-delle-dolomiti-bellunesi-oltre-un-milione-di-euro-per-rifugi-a-emissioni-zero\\\/#article\",\"isPartOf\":{\"@id\":\"https:\\\/\\\/www.bellunopress.it\\\/2026\\\/01\\\/20\\\/svolta-green-nel-parco-delle-dolomiti-bellunesi-oltre-un-milione-di-euro-per-rifugi-a-emissioni-zero\\\/\"},\"author\":{\"name\":\"redazione\",\"@id\":\"https:\\\/\\\/www.bellunopress.it\\\/#\\\/schema\\\/person\\\/79bb06722b37ece1c03d3e94beb30d73\"},\"headline\":\"Svolta green nel Parco delle Dolomiti Bellunesi: oltre un milione di euro per rifugi a emissioni zero\",\"datePublished\":\"2026-01-20T09:06:37+00:00\",\"dateModified\":\"2026-01-20T09:11:17+00:00\",\"mainEntityOfPage\":{\"@id\":\"https:\\\/\\\/www.bellunopress.it\\\/2026\\\/01\\\/20\\\/svolta-green-nel-parco-delle-dolomiti-bellunesi-oltre-un-milione-di-euro-per-rifugi-a-emissioni-zero\\\/\"},\"wordCount\":489,\"publisher\":{\"@id\":\"https:\\\/\\\/www.bellunopress.it\\\/#organization\"},\"image\":{\"@id\":\"https:\\\/\\\/www.bellunopress.it\\\/2026\\\/01\\\/20\\\/svolta-green-nel-parco-delle-dolomiti-bellunesi-oltre-un-milione-di-euro-per-rifugi-a-emissioni-zero\\\/#primaryimage\"},\"thumbnailUrl\":\"https:\\\/\\\/www.bellunopress.it\\\/wp-content\\\/uploads\\\/2022\\\/06\\\/Lago-del-Mis_edited.jpg\",\"articleSection\":[\"Meteo, natura, ambiente, animali\"],\"inLanguage\":\"fr-FR\"},{\"@type\":\"WebPage\",\"@id\":\"https:\\\/\\\/www.bellunopress.it\\\/2026\\\/01\\\/20\\\/svolta-green-nel-parco-delle-dolomiti-bellunesi-oltre-un-milione-di-euro-per-rifugi-a-emissioni-zero\\\/\",\"url\":\"https:\\\/\\\/www.bellunopress.it\\\/2026\\\/01\\\/20\\\/svolta-green-nel-parco-delle-dolomiti-bellunesi-oltre-un-milione-di-euro-per-rifugi-a-emissioni-zero\\\/\",\"name\":\"Svolta green nel Parco delle Dolomiti Bellunesi: oltre un milione di euro per rifugi a emissioni zero - Bellunopress - Dolomiti\",\"isPartOf\":{\"@id\":\"https:\\\/\\\/www.bellunopress.it\\\/#website\"},\"primaryImageOfPage\":{\"@id\":\"https:\\\/\\\/www.bellunopress.it\\\/2026\\\/01\\\/20\\\/svolta-green-nel-parco-delle-dolomiti-bellunesi-oltre-un-milione-di-euro-per-rifugi-a-emissioni-zero\\\/#primaryimage\"},\"image\":{\"@id\":\"https:\\\/\\\/www.bellunopress.it\\\/2026\\\/01\\\/20\\\/svolta-green-nel-parco-delle-dolomiti-bellunesi-oltre-un-milione-di-euro-per-rifugi-a-emissioni-zero\\\/#primaryimage\"},\"thumbnailUrl\":\"https:\\\/\\\/www.bellunopress.it\\\/wp-content\\\/uploads\\\/2022\\\/06\\\/Lago-del-Mis_edited.jpg\",\"datePublished\":\"2026-01-20T09:06:37+00:00\",\"dateModified\":\"2026-01-20T09:11:17+00:00\",\"breadcrumb\":{\"@id\":\"https:\\\/\\\/www.bellunopress.it\\\/2026\\\/01\\\/20\\\/svolta-green-nel-parco-delle-dolomiti-bellunesi-oltre-un-milione-di-euro-per-rifugi-a-emissioni-zero\\\/#breadcrumb\"},\"inLanguage\":\"fr-FR\",\"potentialAction\":[{\"@type\":\"ReadAction\",\"target\":[\"https:\\\/\\\/www.bellunopress.it\\\/2026\\\/01\\\/20\\\/svolta-green-nel-parco-delle-dolomiti-bellunesi-oltre-un-milione-di-euro-per-rifugi-a-emissioni-zero\\\/\"]}]},{\"@type\":\"ImageObject\",\"inLanguage\":\"fr-FR\",\"@id\":\"https:\\\/\\\/www.bellunopress.it\\\/2026\\\/01\\\/20\\\/svolta-green-nel-parco-delle-dolomiti-bellunesi-oltre-un-milione-di-euro-per-rifugi-a-emissioni-zero\\\/#primaryimage\",\"url\":\"https:\\\/\\\/www.bellunopress.it\\\/wp-content\\\/uploads\\\/2022\\\/06\\\/Lago-del-Mis_edited.jpg\",\"contentUrl\":\"https:\\\/\\\/www.bellunopress.it\\\/wp-content\\\/uploads\\\/2022\\\/06\\\/Lago-del-Mis_edited.jpg\",\"width\":1000,\"height\":639,\"caption\":\"Lago del Mis (Sospirolo - Provincia di Belluno)\"},{\"@type\":\"BreadcrumbList\",\"@id\":\"https:\\\/\\\/www.bellunopress.it\\\/2026\\\/01\\\/20\\\/svolta-green-nel-parco-delle-dolomiti-bellunesi-oltre-un-milione-di-euro-per-rifugi-a-emissioni-zero\\\/#breadcrumb\",\"itemListElement\":[{\"@type\":\"ListItem\",\"position\":1,\"name\":\"Home\",\"item\":\"https:\\\/\\\/www.bellunopress.it\\\/\"},{\"@type\":\"ListItem\",\"position\":2,\"name\":\"Svolta green nel Parco delle Dolomiti Bellunesi: oltre un milione di euro per rifugi a emissioni zero\"}]},{\"@type\":\"WebSite\",\"@id\":\"https:\\\/\\\/www.bellunopress.it\\\/#website\",\"url\":\"https:\\\/\\\/www.bellunopress.it\\\/\",\"name\":\"Bellunopress - Dolomiti\",\"description\":\"e-mail: redazione@bellunopress.it\",\"publisher\":{\"@id\":\"https:\\\/\\\/www.bellunopress.it\\\/#organization\"},\"potentialAction\":[{\"@type\":\"SearchAction\",\"target\":{\"@type\":\"EntryPoint\",\"urlTemplate\":\"https:\\\/\\\/www.bellunopress.it\\\/?s={search_term_string}\"},\"query-input\":{\"@type\":\"PropertyValueSpecification\",\"valueRequired\":true,\"valueName\":\"search_term_string\"}}],\"inLanguage\":\"fr-FR\"},{\"@type\":\"Organization\",\"@id\":\"https:\\\/\\\/www.bellunopress.it\\\/#organization\",\"name\":\"Bellunopress\",\"url\":\"https:\\\/\\\/www.bellunopress.it\\\/\",\"logo\":{\"@type\":\"ImageObject\",\"inLanguage\":\"fr-FR\",\"@id\":\"https:\\\/\\\/www.bellunopress.it\\\/#\\\/schema\\\/logo\\\/image\\\/\",\"url\":\"https:\\\/\\\/www.bellunopress.it\\\/wp-content\\\/uploads\\\/2011\\\/05\\\/cropped-logo-bellunopress-.jpg\",\"contentUrl\":\"https:\\\/\\\/www.bellunopress.it\\\/wp-content\\\/uploads\\\/2011\\\/05\\\/cropped-logo-bellunopress-.jpg\",\"width\":512,\"height\":512,\"caption\":\"Bellunopress\"},\"image\":{\"@id\":\"https:\\\/\\\/www.bellunopress.it\\\/#\\\/schema\\\/logo\\\/image\\\/\"},\"sameAs\":[\"https:\\\/\\\/www.facebook.com\\\/profile.php?id=100008943462799\",\"https:\\\/\\\/x.com\\\/bellunopress\",\"https:\\\/\\\/www.linkedin.com\\\/hp\\\/?dnr=JBzUWaJfMUw8vbXJJ2tVW5-I3jZKvC4wsoxE&amp;amp;amp;amp;amp;amp;trk=nav_responsive_tab_home\",\"https:\\\/\\\/www.youtube.com\\\/channel\\\/UCxL0wu1uN0_3_7hGG0306cw\"]},{\"@type\":\"Person\",\"@id\":\"https:\\\/\\\/www.bellunopress.it\\\/#\\\/schema\\\/person\\\/79bb06722b37ece1c03d3e94beb30d73\",\"name\":\"redazione\",\"image\":{\"@type\":\"ImageObject\",\"inLanguage\":\"fr-FR\",\"@id\":\"https:\\\/\\\/secure.gravatar.com\\\/avatar\\\/37d968a2e67a6fd04c169c4bdef102d0bc5d31b2546345219e348575eb80e9a0?s=96&d=mm&r=g\",\"url\":\"https:\\\/\\\/secure.gravatar.com\\\/avatar\\\/37d968a2e67a6fd04c169c4bdef102d0bc5d31b2546345219e348575eb80e9a0?s=96&d=mm&r=g\",\"contentUrl\":\"https:\\\/\\\/secure.gravatar.com\\\/avatar\\\/37d968a2e67a6fd04c169c4bdef102d0bc5d31b2546345219e348575eb80e9a0?s=96&d=mm&r=g\",\"caption\":\"redazione\"},\"sameAs\":[\"http:\\\/\\\/www.bellunopress.it\",\"https:\\\/\\\/x.com\\\/bellunopress\"],\"url\":\"https:\\\/\\\/www.bellunopress.it\\\/fr\\\/author\\\/redazione\\\/\"}]}<\/script>\n<!-- \/ Yoast SEO plugin. -->","yoast_head_json":{"title":"Svolta green nel Parco delle Dolomiti Bellunesi: oltre un milione di euro per rifugi a emissioni zero - Bellunopress - Dolomiti","robots":{"index":"index","follow":"follow","max-snippet":"max-snippet:-1","max-image-preview":"max-image-preview:large","max-video-preview":"max-video-preview:-1"},"canonical":"https:\/\/www.bellunopress.it\/fr\/2026\/01\/20\/svolta-green-nel-parco-delle-dolomiti-bellunesi-oltre-un-milione-di-euro-per-rifugi-a-emissioni-zero\/","og_locale":"fr_FR","og_type":"article","og_title":"Svolta green nel Parco delle Dolomiti Bellunesi: oltre un milione di euro per rifugi a emissioni zero - Bellunopress - Dolomiti","og_description":"Il Ministero dell\u2019Ambiente finanzia quattro progetti chiave: fotovoltaico, pompe di calore ed efficientamento termico trasformeranno i rifugi Bianchet e Pramperet in modelli di sostenibilit\u00e0 ad alta quota. Belluno, 20 gennaio 2026 \u2013 Il futuro delle montagne bellunesi \u00e8 sempre pi\u00f9 legato alla sostenibilit\u00e0 e all&#8217;indipendenza energetica. Grazie al programma ministeriale \u201cParchi per il clima\u201d, il [&hellip;]","og_url":"https:\/\/www.bellunopress.it\/fr\/2026\/01\/20\/svolta-green-nel-parco-delle-dolomiti-bellunesi-oltre-un-milione-di-euro-per-rifugi-a-emissioni-zero\/","og_site_name":"Bellunopress - Dolomiti","article_publisher":"https:\/\/www.facebook.com\/profile.php?id=100008943462799","article_published_time":"2026-01-20T09:06:37+00:00","article_modified_time":"2026-01-20T09:11:17+00:00","og_image":[{"width":1000,"height":639,"url":"https:\/\/www.bellunopress.it\/wp-content\/uploads\/2022\/06\/Lago-del-Mis_edited.jpg","type":"image\/jpeg"}],"author":"redazione","twitter_card":"summary_large_image","twitter_creator":"@bellunopress","twitter_site":"@bellunopress","twitter_misc":{"\u00c9crit par":"redazione","Dur\u00e9e de lecture estim\u00e9e":"2 minutes"},"schema":{"@context":"https:\/\/schema.org","@graph":[{"@type":"Article","@id":"https:\/\/www.bellunopress.it\/2026\/01\/20\/svolta-green-nel-parco-delle-dolomiti-bellunesi-oltre-un-milione-di-euro-per-rifugi-a-emissioni-zero\/#article","isPartOf":{"@id":"https:\/\/www.bellunopress.it\/2026\/01\/20\/svolta-green-nel-parco-delle-dolomiti-bellunesi-oltre-un-milione-di-euro-per-rifugi-a-emissioni-zero\/"},"author":{"name":"redazione","@id":"https:\/\/www.bellunopress.it\/#\/schema\/person\/79bb06722b37ece1c03d3e94beb30d73"},"headline":"Svolta green nel Parco delle Dolomiti Bellunesi: oltre un milione di euro per rifugi a emissioni zero","datePublished":"2026-01-20T09:06:37+00:00","dateModified":"2026-01-20T09:11:17+00:00","mainEntityOfPage":{"@id":"https:\/\/www.bellunopress.it\/2026\/01\/20\/svolta-green-nel-parco-delle-dolomiti-bellunesi-oltre-un-milione-di-euro-per-rifugi-a-emissioni-zero\/"},"wordCount":489,"publisher":{"@id":"https:\/\/www.bellunopress.it\/#organization"},"image":{"@id":"https:\/\/www.bellunopress.it\/2026\/01\/20\/svolta-green-nel-parco-delle-dolomiti-bellunesi-oltre-un-milione-di-euro-per-rifugi-a-emissioni-zero\/#primaryimage"},"thumbnailUrl":"https:\/\/www.bellunopress.it\/wp-content\/uploads\/2022\/06\/Lago-del-Mis_edited.jpg","articleSection":["Meteo, natura, ambiente, animali"],"inLanguage":"fr-FR"},{"@type":"WebPage","@id":"https:\/\/www.bellunopress.it\/2026\/01\/20\/svolta-green-nel-parco-delle-dolomiti-bellunesi-oltre-un-milione-di-euro-per-rifugi-a-emissioni-zero\/","url":"https:\/\/www.bellunopress.it\/2026\/01\/20\/svolta-green-nel-parco-delle-dolomiti-bellunesi-oltre-un-milione-di-euro-per-rifugi-a-emissioni-zero\/","name":"Svolta green nel Parco delle Dolomiti Bellunesi: oltre un milione di euro per rifugi a emissioni zero - Bellunopress - Dolomiti","isPartOf":{"@id":"https:\/\/www.bellunopress.it\/#website"},"primaryImageOfPage":{"@id":"https:\/\/www.bellunopress.it\/2026\/01\/20\/svolta-green-nel-parco-delle-dolomiti-bellunesi-oltre-un-milione-di-euro-per-rifugi-a-emissioni-zero\/#primaryimage"},"image":{"@id":"https:\/\/www.bellunopress.it\/2026\/01\/20\/svolta-green-nel-parco-delle-dolomiti-bellunesi-oltre-un-milione-di-euro-per-rifugi-a-emissioni-zero\/#primaryimage"},"thumbnailUrl":"https:\/\/www.bellunopress.it\/wp-content\/uploads\/2022\/06\/Lago-del-Mis_edited.jpg","datePublished":"2026-01-20T09:06:37+00:00","dateModified":"2026-01-20T09:11:17+00:00","breadcrumb":{"@id":"https:\/\/www.bellunopress.it\/2026\/01\/20\/svolta-green-nel-parco-delle-dolomiti-bellunesi-oltre-un-milione-di-euro-per-rifugi-a-emissioni-zero\/#breadcrumb"},"inLanguage":"fr-FR","potentialAction":[{"@type":"ReadAction","target":["https:\/\/www.bellunopress.it\/2026\/01\/20\/svolta-green-nel-parco-delle-dolomiti-bellunesi-oltre-un-milione-di-euro-per-rifugi-a-emissioni-zero\/"]}]},{"@type":"ImageObject","inLanguage":"fr-FR","@id":"https:\/\/www.bellunopress.it\/2026\/01\/20\/svolta-green-nel-parco-delle-dolomiti-bellunesi-oltre-un-milione-di-euro-per-rifugi-a-emissioni-zero\/#primaryimage","url":"https:\/\/www.bellunopress.it\/wp-content\/uploads\/2022\/06\/Lago-del-Mis_edited.jpg","contentUrl":"https:\/\/www.bellunopress.it\/wp-content\/uploads\/2022\/06\/Lago-del-Mis_edited.jpg","width":1000,"height":639,"caption":"Lago del Mis (Sospirolo - Provincia di Belluno)"},{"@type":"BreadcrumbList","@id":"https:\/\/www.bellunopress.it\/2026\/01\/20\/svolta-green-nel-parco-delle-dolomiti-bellunesi-oltre-un-milione-di-euro-per-rifugi-a-emissioni-zero\/#breadcrumb","itemListElement":[{"@type":"ListItem","position":1,"name":"Home","item":"https:\/\/www.bellunopress.it\/"},{"@type":"ListItem","position":2,"name":"Svolta green nel Parco delle Dolomiti Bellunesi: oltre un milione di euro per rifugi a emissioni zero"}]},{"@type":"WebSite","@id":"https:\/\/www.bellunopress.it\/#website","url":"https:\/\/www.bellunopress.it\/","name":"Bellunopress - Dolomiti","description":"e-mail: redazione@bellunopress.it","publisher":{"@id":"https:\/\/www.bellunopress.it\/#organization"},"potentialAction":[{"@type":"SearchAction","target":{"@type":"EntryPoint","urlTemplate":"https:\/\/www.bellunopress.it\/?s={search_term_string}"},"query-input":{"@type":"PropertyValueSpecification","valueRequired":true,"valueName":"search_term_string"}}],"inLanguage":"fr-FR"},{"@type":"Organization","@id":"https:\/\/www.bellunopress.it\/#organization","name":"Bellunopress","url":"https:\/\/www.bellunopress.it\/","logo":{"@type":"ImageObject","inLanguage":"fr-FR","@id":"https:\/\/www.bellunopress.it\/#\/schema\/logo\/image\/","url":"https:\/\/www.bellunopress.it\/wp-content\/uploads\/2011\/05\/cropped-logo-bellunopress-.jpg","contentUrl":"https:\/\/www.bellunopress.it\/wp-content\/uploads\/2011\/05\/cropped-logo-bellunopress-.jpg","width":512,"height":512,"caption":"Bellunopress"},"image":{"@id":"https:\/\/www.bellunopress.it\/#\/schema\/logo\/image\/"},"sameAs":["https:\/\/www.facebook.com\/profile.php?id=100008943462799","https:\/\/x.com\/bellunopress","https:\/\/www.linkedin.com\/hp\/?dnr=JBzUWaJfMUw8vbXJJ2tVW5-I3jZKvC4wsoxE&amp;amp;amp;amp;amp;amp;trk=nav_responsive_tab_home","https:\/\/www.youtube.com\/channel\/UCxL0wu1uN0_3_7hGG0306cw"]},{"@type":"Person","@id":"https:\/\/www.bellunopress.it\/#\/schema\/person\/79bb06722b37ece1c03d3e94beb30d73","name":"r\u00e9daction","image":{"@type":"ImageObject","inLanguage":"fr-FR","@id":"https:\/\/secure.gravatar.com\/avatar\/37d968a2e67a6fd04c169c4bdef102d0bc5d31b2546345219e348575eb80e9a0?s=96&d=mm&r=g","url":"https:\/\/secure.gravatar.com\/avatar\/37d968a2e67a6fd04c169c4bdef102d0bc5d31b2546345219e348575eb80e9a0?s=96&d=mm&r=g","contentUrl":"https:\/\/secure.gravatar.com\/avatar\/37d968a2e67a6fd04c169c4bdef102d0bc5d31b2546345219e348575eb80e9a0?s=96&d=mm&r=g","caption":"redazione"},"sameAs":["http:\/\/www.bellunopress.it","https:\/\/x.com\/bellunopress"],"url":"https:\/\/www.bellunopress.it\/fr\/author\/redazione\/"}]}},"_links":{"self":[{"href":"https:\/\/www.bellunopress.it\/fr\/wp-json\/wp\/v2\/posts\/166613","targetHints":{"allow":["GET"]}}],"collection":[{"href":"https:\/\/www.bellunopress.it\/fr\/wp-json\/wp\/v2\/posts"}],"about":[{"href":"https:\/\/www.bellunopress.it\/fr\/wp-json\/wp\/v2\/types\/post"}],"author":[{"embeddable":true,"href":"https:\/\/www.bellunopress.it\/fr\/wp-json\/wp\/v2\/users\/2"}],"replies":[{"embeddable":true,"href":"https:\/\/www.bellunopress.it\/fr\/wp-json\/wp\/v2\/comments?post=166613"}],"version-history":[{"count":2,"href":"https:\/\/www.bellunopress.it\/fr\/wp-json\/wp\/v2\/posts\/166613\/revisions"}],"predecessor-version":[{"id":166616,"href":"https:\/\/www.bellunopress.it\/fr\/wp-json\/wp\/v2\/posts\/166613\/revisions\/166616"}],"wp:featuredmedia":[{"embeddable":true,"href":"https:\/\/www.bellunopress.it\/fr\/wp-json\/wp\/v2\/media\/134612"}],"wp:attachment":[{"href":"https:\/\/www.bellunopress.it\/fr\/wp-json\/wp\/v2\/media?parent=166613"}],"wp:term":[{"taxonomy":"category","embeddable":true,"href":"https:\/\/www.bellunopress.it\/fr\/wp-json\/wp\/v2\/categories?post=166613"},{"taxonomy":"post_tag","embeddable":true,"href":"https:\/\/www.bellunopress.it\/fr\/wp-json\/wp\/v2\/tags?post=166613"}],"curies":[{"name":"wp","href":"https:\/\/api.w.org\/{rel}","templated":true}]}}