{"id":166611,"date":"2026-01-20T09:15:55","date_gmt":"2026-01-20T08:15:55","guid":{"rendered":"https:\/\/www.bellunopress.it\/?p=166611"},"modified":"2026-01-19T22:00:25","modified_gmt":"2026-01-19T21:00:25","slug":"conferenza-degli-enti-locali-bellunesi-venerdi-a-villa-patt-di-sedico","status":"publish","type":"post","link":"https:\/\/www.bellunopress.it\/fr\/2026\/01\/20\/conferenza-degli-enti-locali-bellunesi-venerdi-a-villa-patt-di-sedico\/","title":{"rendered":"Conferenza degli Enti Locali Bellunesi, Venerd\u00ec a Villa Patt di Sedico"},"content":{"rendered":"<figure id=\"attachment_155447\" aria-describedby=\"caption-attachment-155447\" style=\"width: 1000px\" class=\"wp-caption aligncenter\"><img loading=\"lazy\" decoding=\"async\" class=\"size-full wp-image-155447\" src=\"https:\/\/www.bellunopress.it\/wp-content\/uploads\/2024\/11\/Villa-Patt-Esterno_edited.jpg\" alt=\"\" width=\"1000\" height=\"567\" srcset=\"https:\/\/www.bellunopress.it\/wp-content\/uploads\/2024\/11\/Villa-Patt-Esterno_edited.jpg 1000w, https:\/\/www.bellunopress.it\/wp-content\/uploads\/2024\/11\/Villa-Patt-Esterno_edited-500x284.jpg 500w, https:\/\/www.bellunopress.it\/wp-content\/uploads\/2024\/11\/Villa-Patt-Esterno_edited-741x420.jpg 741w, https:\/\/www.bellunopress.it\/wp-content\/uploads\/2024\/11\/Villa-Patt-Esterno_edited-696x395.jpg 696w\" sizes=\"auto, (max-width: 1000px) 100vw, 1000px\" \/><figcaption id=\"caption-attachment-155447\" class=\"wp-caption-text\">Villa Patt &#8211; Sedico<\/figcaption><\/figure>\n<p><strong>Enti e istituzioni a confronto per il prologo degli Stati Generali della provincia che saranno convocati in primavera<\/strong><\/p>\n<p><strong>Il presidente Padrin: \u201cIniziamo a disegnare la traiettoria del nostro futuro dopo l\u2019evento olimpico\u201d.<\/strong><\/p>\n<p>La Provincia di Belluno promuove e organizza la Conferenza degli Enti Locali bellunesi, in programma venerd\u00ec 23 gennaio, dalle ore 9.00 alle 13.00, a Villa Patt di Sedico.<\/p>\n<p>L\u2019incontro rappresenta un momento di confronto istituzionale e di approfondimento dedicato al presente e al futuro del territorio bellunese, con particolare attenzione al contesto socio-economico e alle prospettive amministrative in vista e oltre l\u2019appuntamento olimpico.<\/p>\n<p>I lavori si apriranno con la relazione del Presidente della Provincia di Belluno, Roberto Padrin. Seguiranno gli interventi di Renato Mason, Segretario generale della CGIA di Mestre, e di Daniele Nicolai, ricercatore dell\u2019Ufficio studi della stessa CGIA, che presenteranno un\u2019analisi sulla situazione socio-economica della provincia di Belluno e sulla sua evoluzione nel tempo.<\/p>\n<p>A seguire, l\u2019avvocato Enrico Gaz far\u00e0 il punto sullo stato di attuazione delle riforme, con particolare riferimento alla legge 56 del 2014 e alla legge regionale 25 del 2014, evidenziandone gli effetti sull\u2019assetto istituzionale degli enti locali.<\/p>\n<p>La mattinata proseguir\u00e0 con una tavola rotonda, moderata da Nicola Maccagnan, dal titolo \u201cLa provincia di Belluno, quale futuro dopo l\u2019evento olimpico?\u201d.<\/p>\n<p>Sono stati invitati a partecipare al confronto l\u2019assessore regionale del Veneto Dario Bond, i consiglieri regionali Silvia Calligaro e Alessandro Del Bianco, Mario Pozza, Presidente della Camera di Commercio di Belluno Treviso, Ennio Vigne, Presidente regionale di UNCEM e Marco Staunovo Polacco, Presidente del Consorzio BIM Piave.<\/p>\n<p>Le conclusioni saranno affidate al Senatore Luca De Carlo, Presidente della Commissione industria, commercio, turismo, agricoltura e produzione agroalimentare del Senato, e al Presidente della Provincia di Belluno Roberto Padrin.<\/p>\n<p>\u201cQuesto appuntamento \u2013 sottolinea il Presidente Roberto Padrin \u2013 rappresenta un momento di grande importanza per il nostro territorio. Costituir\u00e0 infatti il primo step degli Stati Generali della Provincia, che si terranno in primavera. A cavallo dell\u2019atteso evento olimpico, vogliamo avviare un percorso di confronto e programmazione condivisa, utile a immaginare e disegnare la traiettoria amministrativa che la Provincia di Belluno dovr\u00e0 seguire nei prossimi anni\u201d.<\/p>","protected":false},"excerpt":{"rendered":"<p>Enti e istituzioni a confronto per il prologo degli Stati Generali della provincia che saranno convocati in primavera Il presidente Padrin: \u201cIniziamo a disegnare la traiettoria del nostro futuro dopo l\u2019evento olimpico\u201d. La Provincia di Belluno promuove e organizza la Conferenza degli Enti Locali bellunesi, in programma venerd\u00ec 23 gennaio, dalle ore 9.00 alle 13.00, [&hellip;]<\/p>\n","protected":false},"author":2,"featured_media":155447,"comment_status":"closed","ping_status":"open","sticky":false,"template":"","format":"standard","meta":{"footnotes":""},"categories":[8],"tags":[],"class_list":["post-166611","post","type-post","status-publish","format-standard","has-post-thumbnail","category-societa-istituzioni"],"yoast_head":"<!-- This site is optimized with the Yoast SEO plugin v28.4 - https:\/\/yoast.com\/product\/yoast-seo-wordpress\/ -->\n<title>Conferenza degli Enti Locali Bellunesi, Venerd\u00ec a Villa Patt di Sedico - Bellunopress - Dolomiti<\/title>\n<meta name=\"robots\" content=\"index, follow, max-snippet:-1, max-image-preview:large, max-video-preview:-1\" \/>\n<link rel=\"canonical\" href=\"https:\/\/www.bellunopress.it\/fr\/2026\/01\/20\/conferenza-degli-enti-locali-bellunesi-venerdi-a-villa-patt-di-sedico\/\" \/>\n<meta property=\"og:locale\" content=\"fr_FR\" \/>\n<meta property=\"og:type\" content=\"article\" \/>\n<meta property=\"og:title\" content=\"Conferenza degli Enti Locali Bellunesi, Venerd\u00ec a Villa Patt di Sedico - Bellunopress - Dolomiti\" \/>\n<meta property=\"og:description\" content=\"Enti e istituzioni a confronto per il prologo degli Stati Generali della provincia che saranno convocati in primavera Il presidente Padrin: \u201cIniziamo a disegnare la traiettoria del nostro futuro dopo l\u2019evento olimpico\u201d. La Provincia di Belluno promuove e organizza la Conferenza degli Enti Locali bellunesi, in programma venerd\u00ec 23 gennaio, dalle ore 9.00 alle 13.00, [&hellip;]\" \/>\n<meta property=\"og:url\" content=\"https:\/\/www.bellunopress.it\/fr\/2026\/01\/20\/conferenza-degli-enti-locali-bellunesi-venerdi-a-villa-patt-di-sedico\/\" \/>\n<meta property=\"og:site_name\" content=\"Bellunopress - Dolomiti\" \/>\n<meta property=\"article:publisher\" content=\"https:\/\/www.facebook.com\/profile.php?id=100008943462799\" \/>\n<meta property=\"article:published_time\" content=\"2026-01-20T08:15:55+00:00\" \/>\n<meta property=\"og:image\" content=\"https:\/\/www.bellunopress.it\/wp-content\/uploads\/2024\/11\/Villa-Patt-Esterno_edited.jpg\" \/>\n\t<meta property=\"og:image:width\" content=\"1000\" \/>\n\t<meta property=\"og:image:height\" content=\"567\" \/>\n\t<meta property=\"og:image:type\" content=\"image\/jpeg\" \/>\n<meta name=\"author\" content=\"redazione\" \/>\n<meta name=\"twitter:card\" content=\"summary_large_image\" \/>\n<meta name=\"twitter:creator\" content=\"@bellunopress\" \/>\n<meta name=\"twitter:site\" content=\"@bellunopress\" \/>\n<meta name=\"twitter:label1\" content=\"\u00c9crit par\" \/>\n\t<meta name=\"twitter:data1\" content=\"redazione\" \/>\n\t<meta name=\"twitter:label2\" content=\"Dur\u00e9e de lecture estim\u00e9e\" \/>\n\t<meta name=\"twitter:data2\" content=\"2 minutes\" \/>\n<script type=\"application\/ld+json\" class=\"yoast-schema-graph\">{\"@context\":\"https:\\\/\\\/schema.org\",\"@graph\":[{\"@type\":\"Article\",\"@id\":\"https:\\\/\\\/www.bellunopress.it\\\/2026\\\/01\\\/20\\\/conferenza-degli-enti-locali-bellunesi-venerdi-a-villa-patt-di-sedico\\\/#article\",\"isPartOf\":{\"@id\":\"https:\\\/\\\/www.bellunopress.it\\\/2026\\\/01\\\/20\\\/conferenza-degli-enti-locali-bellunesi-venerdi-a-villa-patt-di-sedico\\\/\"},\"author\":{\"name\":\"redazione\",\"@id\":\"https:\\\/\\\/www.bellunopress.it\\\/#\\\/schema\\\/person\\\/79bb06722b37ece1c03d3e94beb30d73\"},\"headline\":\"Conferenza degli Enti Locali Bellunesi, Venerd\u00ec a Villa Patt di Sedico\",\"datePublished\":\"2026-01-20T08:15:55+00:00\",\"mainEntityOfPage\":{\"@id\":\"https:\\\/\\\/www.bellunopress.it\\\/2026\\\/01\\\/20\\\/conferenza-degli-enti-locali-bellunesi-venerdi-a-villa-patt-di-sedico\\\/\"},\"wordCount\":373,\"publisher\":{\"@id\":\"https:\\\/\\\/www.bellunopress.it\\\/#organization\"},\"image\":{\"@id\":\"https:\\\/\\\/www.bellunopress.it\\\/2026\\\/01\\\/20\\\/conferenza-degli-enti-locali-bellunesi-venerdi-a-villa-patt-di-sedico\\\/#primaryimage\"},\"thumbnailUrl\":\"https:\\\/\\\/www.bellunopress.it\\\/wp-content\\\/uploads\\\/2024\\\/11\\\/Villa-Patt-Esterno_edited.jpg\",\"articleSection\":[\"Societ\u00e0, Associazioni, Istituzioni\"],\"inLanguage\":\"fr-FR\"},{\"@type\":\"WebPage\",\"@id\":\"https:\\\/\\\/www.bellunopress.it\\\/2026\\\/01\\\/20\\\/conferenza-degli-enti-locali-bellunesi-venerdi-a-villa-patt-di-sedico\\\/\",\"url\":\"https:\\\/\\\/www.bellunopress.it\\\/2026\\\/01\\\/20\\\/conferenza-degli-enti-locali-bellunesi-venerdi-a-villa-patt-di-sedico\\\/\",\"name\":\"Conferenza degli Enti Locali Bellunesi, Venerd\u00ec a Villa Patt di Sedico - Bellunopress - Dolomiti\",\"isPartOf\":{\"@id\":\"https:\\\/\\\/www.bellunopress.it\\\/#website\"},\"primaryImageOfPage\":{\"@id\":\"https:\\\/\\\/www.bellunopress.it\\\/2026\\\/01\\\/20\\\/conferenza-degli-enti-locali-bellunesi-venerdi-a-villa-patt-di-sedico\\\/#primaryimage\"},\"image\":{\"@id\":\"https:\\\/\\\/www.bellunopress.it\\\/2026\\\/01\\\/20\\\/conferenza-degli-enti-locali-bellunesi-venerdi-a-villa-patt-di-sedico\\\/#primaryimage\"},\"thumbnailUrl\":\"https:\\\/\\\/www.bellunopress.it\\\/wp-content\\\/uploads\\\/2024\\\/11\\\/Villa-Patt-Esterno_edited.jpg\",\"datePublished\":\"2026-01-20T08:15:55+00:00\",\"breadcrumb\":{\"@id\":\"https:\\\/\\\/www.bellunopress.it\\\/2026\\\/01\\\/20\\\/conferenza-degli-enti-locali-bellunesi-venerdi-a-villa-patt-di-sedico\\\/#breadcrumb\"},\"inLanguage\":\"fr-FR\",\"potentialAction\":[{\"@type\":\"ReadAction\",\"target\":[\"https:\\\/\\\/www.bellunopress.it\\\/2026\\\/01\\\/20\\\/conferenza-degli-enti-locali-bellunesi-venerdi-a-villa-patt-di-sedico\\\/\"]}]},{\"@type\":\"ImageObject\",\"inLanguage\":\"fr-FR\",\"@id\":\"https:\\\/\\\/www.bellunopress.it\\\/2026\\\/01\\\/20\\\/conferenza-degli-enti-locali-bellunesi-venerdi-a-villa-patt-di-sedico\\\/#primaryimage\",\"url\":\"https:\\\/\\\/www.bellunopress.it\\\/wp-content\\\/uploads\\\/2024\\\/11\\\/Villa-Patt-Esterno_edited.jpg\",\"contentUrl\":\"https:\\\/\\\/www.bellunopress.it\\\/wp-content\\\/uploads\\\/2024\\\/11\\\/Villa-Patt-Esterno_edited.jpg\",\"width\":1000,\"height\":567,\"caption\":\"Villa Patt - Sedico\"},{\"@type\":\"BreadcrumbList\",\"@id\":\"https:\\\/\\\/www.bellunopress.it\\\/2026\\\/01\\\/20\\\/conferenza-degli-enti-locali-bellunesi-venerdi-a-villa-patt-di-sedico\\\/#breadcrumb\",\"itemListElement\":[{\"@type\":\"ListItem\",\"position\":1,\"name\":\"Home\",\"item\":\"https:\\\/\\\/www.bellunopress.it\\\/\"},{\"@type\":\"ListItem\",\"position\":2,\"name\":\"Conferenza degli Enti Locali Bellunesi, Venerd\u00ec a Villa Patt di Sedico\"}]},{\"@type\":\"WebSite\",\"@id\":\"https:\\\/\\\/www.bellunopress.it\\\/#website\",\"url\":\"https:\\\/\\\/www.bellunopress.it\\\/\",\"name\":\"Bellunopress - Dolomiti\",\"description\":\"e-mail: redazione@bellunopress.it\",\"publisher\":{\"@id\":\"https:\\\/\\\/www.bellunopress.it\\\/#organization\"},\"potentialAction\":[{\"@type\":\"SearchAction\",\"target\":{\"@type\":\"EntryPoint\",\"urlTemplate\":\"https:\\\/\\\/www.bellunopress.it\\\/?s={search_term_string}\"},\"query-input\":{\"@type\":\"PropertyValueSpecification\",\"valueRequired\":true,\"valueName\":\"search_term_string\"}}],\"inLanguage\":\"fr-FR\"},{\"@type\":\"Organization\",\"@id\":\"https:\\\/\\\/www.bellunopress.it\\\/#organization\",\"name\":\"Bellunopress\",\"url\":\"https:\\\/\\\/www.bellunopress.it\\\/\",\"logo\":{\"@type\":\"ImageObject\",\"inLanguage\":\"fr-FR\",\"@id\":\"https:\\\/\\\/www.bellunopress.it\\\/#\\\/schema\\\/logo\\\/image\\\/\",\"url\":\"https:\\\/\\\/www.bellunopress.it\\\/wp-content\\\/uploads\\\/2011\\\/05\\\/cropped-logo-bellunopress-.jpg\",\"contentUrl\":\"https:\\\/\\\/www.bellunopress.it\\\/wp-content\\\/uploads\\\/2011\\\/05\\\/cropped-logo-bellunopress-.jpg\",\"width\":512,\"height\":512,\"caption\":\"Bellunopress\"},\"image\":{\"@id\":\"https:\\\/\\\/www.bellunopress.it\\\/#\\\/schema\\\/logo\\\/image\\\/\"},\"sameAs\":[\"https:\\\/\\\/www.facebook.com\\\/profile.php?id=100008943462799\",\"https:\\\/\\\/x.com\\\/bellunopress\",\"https:\\\/\\\/www.linkedin.com\\\/hp\\\/?dnr=JBzUWaJfMUw8vbXJJ2tVW5-I3jZKvC4wsoxE&amp;amp;amp;amp;amp;amp;trk=nav_responsive_tab_home\",\"https:\\\/\\\/www.youtube.com\\\/channel\\\/UCxL0wu1uN0_3_7hGG0306cw\"]},{\"@type\":\"Person\",\"@id\":\"https:\\\/\\\/www.bellunopress.it\\\/#\\\/schema\\\/person\\\/79bb06722b37ece1c03d3e94beb30d73\",\"name\":\"redazione\",\"image\":{\"@type\":\"ImageObject\",\"inLanguage\":\"fr-FR\",\"@id\":\"https:\\\/\\\/secure.gravatar.com\\\/avatar\\\/37d968a2e67a6fd04c169c4bdef102d0bc5d31b2546345219e348575eb80e9a0?s=96&d=mm&r=g\",\"url\":\"https:\\\/\\\/secure.gravatar.com\\\/avatar\\\/37d968a2e67a6fd04c169c4bdef102d0bc5d31b2546345219e348575eb80e9a0?s=96&d=mm&r=g\",\"contentUrl\":\"https:\\\/\\\/secure.gravatar.com\\\/avatar\\\/37d968a2e67a6fd04c169c4bdef102d0bc5d31b2546345219e348575eb80e9a0?s=96&d=mm&r=g\",\"caption\":\"redazione\"},\"sameAs\":[\"http:\\\/\\\/www.bellunopress.it\",\"https:\\\/\\\/x.com\\\/bellunopress\"],\"url\":\"https:\\\/\\\/www.bellunopress.it\\\/fr\\\/author\\\/redazione\\\/\"}]}<\/script>\n<!-- \/ Yoast SEO plugin. -->","yoast_head_json":{"title":"Conferenza degli Enti Locali Bellunesi, Venerd\u00ec a Villa Patt di Sedico - Bellunopress - Dolomiti","robots":{"index":"index","follow":"follow","max-snippet":"max-snippet:-1","max-image-preview":"max-image-preview:large","max-video-preview":"max-video-preview:-1"},"canonical":"https:\/\/www.bellunopress.it\/fr\/2026\/01\/20\/conferenza-degli-enti-locali-bellunesi-venerdi-a-villa-patt-di-sedico\/","og_locale":"fr_FR","og_type":"article","og_title":"Conferenza degli Enti Locali Bellunesi, Venerd\u00ec a Villa Patt di Sedico - Bellunopress - Dolomiti","og_description":"Enti e istituzioni a confronto per il prologo degli Stati Generali della provincia che saranno convocati in primavera Il presidente Padrin: \u201cIniziamo a disegnare la traiettoria del nostro futuro dopo l\u2019evento olimpico\u201d. La Provincia di Belluno promuove e organizza la Conferenza degli Enti Locali bellunesi, in programma venerd\u00ec 23 gennaio, dalle ore 9.00 alle 13.00, [&hellip;]","og_url":"https:\/\/www.bellunopress.it\/fr\/2026\/01\/20\/conferenza-degli-enti-locali-bellunesi-venerdi-a-villa-patt-di-sedico\/","og_site_name":"Bellunopress - Dolomiti","article_publisher":"https:\/\/www.facebook.com\/profile.php?id=100008943462799","article_published_time":"2026-01-20T08:15:55+00:00","og_image":[{"width":1000,"height":567,"url":"https:\/\/www.bellunopress.it\/wp-content\/uploads\/2024\/11\/Villa-Patt-Esterno_edited.jpg","type":"image\/jpeg"}],"author":"redazione","twitter_card":"summary_large_image","twitter_creator":"@bellunopress","twitter_site":"@bellunopress","twitter_misc":{"\u00c9crit par":"redazione","Dur\u00e9e de lecture estim\u00e9e":"2 minutes"},"schema":{"@context":"https:\/\/schema.org","@graph":[{"@type":"Article","@id":"https:\/\/www.bellunopress.it\/2026\/01\/20\/conferenza-degli-enti-locali-bellunesi-venerdi-a-villa-patt-di-sedico\/#article","isPartOf":{"@id":"https:\/\/www.bellunopress.it\/2026\/01\/20\/conferenza-degli-enti-locali-bellunesi-venerdi-a-villa-patt-di-sedico\/"},"author":{"name":"redazione","@id":"https:\/\/www.bellunopress.it\/#\/schema\/person\/79bb06722b37ece1c03d3e94beb30d73"},"headline":"Conferenza degli Enti Locali Bellunesi, Venerd\u00ec a Villa Patt di Sedico","datePublished":"2026-01-20T08:15:55+00:00","mainEntityOfPage":{"@id":"https:\/\/www.bellunopress.it\/2026\/01\/20\/conferenza-degli-enti-locali-bellunesi-venerdi-a-villa-patt-di-sedico\/"},"wordCount":373,"publisher":{"@id":"https:\/\/www.bellunopress.it\/#organization"},"image":{"@id":"https:\/\/www.bellunopress.it\/2026\/01\/20\/conferenza-degli-enti-locali-bellunesi-venerdi-a-villa-patt-di-sedico\/#primaryimage"},"thumbnailUrl":"https:\/\/www.bellunopress.it\/wp-content\/uploads\/2024\/11\/Villa-Patt-Esterno_edited.jpg","articleSection":["Societ\u00e0, Associazioni, Istituzioni"],"inLanguage":"fr-FR"},{"@type":"WebPage","@id":"https:\/\/www.bellunopress.it\/2026\/01\/20\/conferenza-degli-enti-locali-bellunesi-venerdi-a-villa-patt-di-sedico\/","url":"https:\/\/www.bellunopress.it\/2026\/01\/20\/conferenza-degli-enti-locali-bellunesi-venerdi-a-villa-patt-di-sedico\/","name":"Conferenza degli Enti Locali Bellunesi, Venerd\u00ec a Villa Patt di Sedico - Bellunopress - Dolomiti","isPartOf":{"@id":"https:\/\/www.bellunopress.it\/#website"},"primaryImageOfPage":{"@id":"https:\/\/www.bellunopress.it\/2026\/01\/20\/conferenza-degli-enti-locali-bellunesi-venerdi-a-villa-patt-di-sedico\/#primaryimage"},"image":{"@id":"https:\/\/www.bellunopress.it\/2026\/01\/20\/conferenza-degli-enti-locali-bellunesi-venerdi-a-villa-patt-di-sedico\/#primaryimage"},"thumbnailUrl":"https:\/\/www.bellunopress.it\/wp-content\/uploads\/2024\/11\/Villa-Patt-Esterno_edited.jpg","datePublished":"2026-01-20T08:15:55+00:00","breadcrumb":{"@id":"https:\/\/www.bellunopress.it\/2026\/01\/20\/conferenza-degli-enti-locali-bellunesi-venerdi-a-villa-patt-di-sedico\/#breadcrumb"},"inLanguage":"fr-FR","potentialAction":[{"@type":"ReadAction","target":["https:\/\/www.bellunopress.it\/2026\/01\/20\/conferenza-degli-enti-locali-bellunesi-venerdi-a-villa-patt-di-sedico\/"]}]},{"@type":"ImageObject","inLanguage":"fr-FR","@id":"https:\/\/www.bellunopress.it\/2026\/01\/20\/conferenza-degli-enti-locali-bellunesi-venerdi-a-villa-patt-di-sedico\/#primaryimage","url":"https:\/\/www.bellunopress.it\/wp-content\/uploads\/2024\/11\/Villa-Patt-Esterno_edited.jpg","contentUrl":"https:\/\/www.bellunopress.it\/wp-content\/uploads\/2024\/11\/Villa-Patt-Esterno_edited.jpg","width":1000,"height":567,"caption":"Villa Patt - Sedico"},{"@type":"BreadcrumbList","@id":"https:\/\/www.bellunopress.it\/2026\/01\/20\/conferenza-degli-enti-locali-bellunesi-venerdi-a-villa-patt-di-sedico\/#breadcrumb","itemListElement":[{"@type":"ListItem","position":1,"name":"Home","item":"https:\/\/www.bellunopress.it\/"},{"@type":"ListItem","position":2,"name":"Conferenza degli Enti Locali Bellunesi, Venerd\u00ec a Villa Patt di Sedico"}]},{"@type":"WebSite","@id":"https:\/\/www.bellunopress.it\/#website","url":"https:\/\/www.bellunopress.it\/","name":"Bellunopress - Dolomiti","description":"e-mail: redazione@bellunopress.it","publisher":{"@id":"https:\/\/www.bellunopress.it\/#organization"},"potentialAction":[{"@type":"SearchAction","target":{"@type":"EntryPoint","urlTemplate":"https:\/\/www.bellunopress.it\/?s={search_term_string}"},"query-input":{"@type":"PropertyValueSpecification","valueRequired":true,"valueName":"search_term_string"}}],"inLanguage":"fr-FR"},{"@type":"Organization","@id":"https:\/\/www.bellunopress.it\/#organization","name":"Bellunopress","url":"https:\/\/www.bellunopress.it\/","logo":{"@type":"ImageObject","inLanguage":"fr-FR","@id":"https:\/\/www.bellunopress.it\/#\/schema\/logo\/image\/","url":"https:\/\/www.bellunopress.it\/wp-content\/uploads\/2011\/05\/cropped-logo-bellunopress-.jpg","contentUrl":"https:\/\/www.bellunopress.it\/wp-content\/uploads\/2011\/05\/cropped-logo-bellunopress-.jpg","width":512,"height":512,"caption":"Bellunopress"},"image":{"@id":"https:\/\/www.bellunopress.it\/#\/schema\/logo\/image\/"},"sameAs":["https:\/\/www.facebook.com\/profile.php?id=100008943462799","https:\/\/x.com\/bellunopress","https:\/\/www.linkedin.com\/hp\/?dnr=JBzUWaJfMUw8vbXJJ2tVW5-I3jZKvC4wsoxE&amp;amp;amp;amp;amp;amp;trk=nav_responsive_tab_home","https:\/\/www.youtube.com\/channel\/UCxL0wu1uN0_3_7hGG0306cw"]},{"@type":"Person","@id":"https:\/\/www.bellunopress.it\/#\/schema\/person\/79bb06722b37ece1c03d3e94beb30d73","name":"r\u00e9daction","image":{"@type":"ImageObject","inLanguage":"fr-FR","@id":"https:\/\/secure.gravatar.com\/avatar\/37d968a2e67a6fd04c169c4bdef102d0bc5d31b2546345219e348575eb80e9a0?s=96&d=mm&r=g","url":"https:\/\/secure.gravatar.com\/avatar\/37d968a2e67a6fd04c169c4bdef102d0bc5d31b2546345219e348575eb80e9a0?s=96&d=mm&r=g","contentUrl":"https:\/\/secure.gravatar.com\/avatar\/37d968a2e67a6fd04c169c4bdef102d0bc5d31b2546345219e348575eb80e9a0?s=96&d=mm&r=g","caption":"redazione"},"sameAs":["http:\/\/www.bellunopress.it","https:\/\/x.com\/bellunopress"],"url":"https:\/\/www.bellunopress.it\/fr\/author\/redazione\/"}]}},"_links":{"self":[{"href":"https:\/\/www.bellunopress.it\/fr\/wp-json\/wp\/v2\/posts\/166611","targetHints":{"allow":["GET"]}}],"collection":[{"href":"https:\/\/www.bellunopress.it\/fr\/wp-json\/wp\/v2\/posts"}],"about":[{"href":"https:\/\/www.bellunopress.it\/fr\/wp-json\/wp\/v2\/types\/post"}],"author":[{"embeddable":true,"href":"https:\/\/www.bellunopress.it\/fr\/wp-json\/wp\/v2\/users\/2"}],"replies":[{"embeddable":true,"href":"https:\/\/www.bellunopress.it\/fr\/wp-json\/wp\/v2\/comments?post=166611"}],"version-history":[{"count":1,"href":"https:\/\/www.bellunopress.it\/fr\/wp-json\/wp\/v2\/posts\/166611\/revisions"}],"predecessor-version":[{"id":166612,"href":"https:\/\/www.bellunopress.it\/fr\/wp-json\/wp\/v2\/posts\/166611\/revisions\/166612"}],"wp:featuredmedia":[{"embeddable":true,"href":"https:\/\/www.bellunopress.it\/fr\/wp-json\/wp\/v2\/media\/155447"}],"wp:attachment":[{"href":"https:\/\/www.bellunopress.it\/fr\/wp-json\/wp\/v2\/media?parent=166611"}],"wp:term":[{"taxonomy":"category","embeddable":true,"href":"https:\/\/www.bellunopress.it\/fr\/wp-json\/wp\/v2\/categories?post=166611"},{"taxonomy":"post_tag","embeddable":true,"href":"https:\/\/www.bellunopress.it\/fr\/wp-json\/wp\/v2\/tags?post=166611"}],"curies":[{"name":"wp","href":"https:\/\/api.w.org\/{rel}","templated":true}]}}