{"id":166574,"date":"2026-01-19T07:31:47","date_gmt":"2026-01-19T06:31:47","guid":{"rendered":"https:\/\/www.bellunopress.it\/?p=166574"},"modified":"2026-01-19T07:31:47","modified_gmt":"2026-01-19T06:31:47","slug":"no-alla-schedatura-delle-studentesse-e-degli-studenti-palestinesi","status":"publish","type":"post","link":"https:\/\/www.bellunopress.it\/fr\/2026\/01\/19\/no-alla-schedatura-delle-studentesse-e-degli-studenti-palestinesi\/","title":{"rendered":"No alla &#8220;schedatura&#8221; delle studentesse e degli studenti palestinesi"},"content":{"rendered":"<figure id=\"attachment_110944\" aria-describedby=\"caption-attachment-110944\" style=\"width: 234px\" class=\"wp-caption aligncenter\"><img loading=\"lazy\" decoding=\"async\" class=\"size-full wp-image-110944\" src=\"https:\/\/www.bellunopress.it\/wp-content\/uploads\/2020\/01\/Maurizio-Acerbo.jpg\" alt=\"\" width=\"234\" height=\"300\" \/><figcaption id=\"caption-attachment-110944\" class=\"wp-caption-text\">Maurizio Acerbo, segretario nazionale Rifondazione Comunista<\/figcaption><\/figure>\n<p>Perch\u00e9 fare un censimento delle studentesse e degli studenti di origine palestinese in questo momento?<\/p>\n<p>\u00c8 la domanda che rivolgiamo al ministro Valditara alla luce di alcune circolari emanate di recente dagli Uffici scolastici regionali. Queste infatti offrono pochissimi dettagli sul senso dell&#8217;operazione. Che uso si far\u00e0 dei dati raccolti? Perch\u00e9 solo i e le palestinesi? \u00c8 evidente il carattere discriminatorio del monitoraggio. Questa vigilanza occhiuta su tutto ci\u00f2 che ruota intorno alla questione palestinese da parte del MIM e delle sue articolazioni l&#8217;abbiamo gi\u00e0 vista all&#8217;opera nei mesi scorsi attraverso direttive che intervenivano sulla libera espressione delle e dei docenti nei collegi. Questa appare palesemente una &#8220;schedatura&#8221;. Il ministro revochi circolare e chiarisca ogni aspetto della procedura posta in essere nei giorni scorsi. La scuola \u00e8 e deve restare un luogo di accoglienza, di integrazione e di sviluppo della partecipazione democratica.<\/p>\n<p><strong>Maurizio Acerbo, segretario Partito della Rifondazione Comunista<\/strong><\/p>\n<p><strong>Salvatore Romeo, responsabile Scuola e Universit\u00e0 Partito della Rifondazione Comunista<\/strong><\/p>","protected":false},"excerpt":{"rendered":"<p>Perch\u00e9 fare un censimento delle studentesse e degli studenti di origine palestinese in questo momento? \u00c8 la domanda che rivolgiamo al ministro Valditara alla luce di alcune circolari emanate di recente dagli Uffici scolastici regionali. Queste infatti offrono pochissimi dettagli sul senso dell&#8217;operazione. Che uso si far\u00e0 dei dati raccolti? Perch\u00e9 solo i e le [&hellip;]<\/p>\n","protected":false},"author":2,"featured_media":112629,"comment_status":"closed","ping_status":"open","sticky":false,"template":"","format":"standard","meta":{"footnotes":""},"categories":[15],"tags":[],"class_list":["post-166574","post","type-post","status-publish","format-standard","has-post-thumbnail","category-scuola"],"yoast_head":"<!-- This site is optimized with the Yoast SEO plugin v28.4 - https:\/\/yoast.com\/product\/yoast-seo-wordpress\/ -->\n<title>No alla &quot;schedatura&quot; delle studentesse e degli studenti palestinesi - Bellunopress - Dolomiti<\/title>\n<meta name=\"robots\" content=\"index, follow, max-snippet:-1, max-image-preview:large, max-video-preview:-1\" \/>\n<link rel=\"canonical\" href=\"https:\/\/www.bellunopress.it\/fr\/2026\/01\/19\/no-alla-schedatura-delle-studentesse-e-degli-studenti-palestinesi\/\" \/>\n<meta property=\"og:locale\" content=\"fr_FR\" \/>\n<meta property=\"og:type\" content=\"article\" \/>\n<meta property=\"og:title\" content=\"No alla &quot;schedatura&quot; delle studentesse e degli studenti palestinesi - Bellunopress - Dolomiti\" \/>\n<meta property=\"og:description\" content=\"Perch\u00e9 fare un censimento delle studentesse e degli studenti di origine palestinese in questo momento? \u00c8 la domanda che rivolgiamo al ministro Valditara alla luce di alcune circolari emanate di recente dagli Uffici scolastici regionali. Queste infatti offrono pochissimi dettagli sul senso dell&#8217;operazione. Che uso si far\u00e0 dei dati raccolti? Perch\u00e9 solo i e le [&hellip;]\" \/>\n<meta property=\"og:url\" content=\"https:\/\/www.bellunopress.it\/fr\/2026\/01\/19\/no-alla-schedatura-delle-studentesse-e-degli-studenti-palestinesi\/\" \/>\n<meta property=\"og:site_name\" content=\"Bellunopress - Dolomiti\" \/>\n<meta property=\"article:publisher\" content=\"https:\/\/www.facebook.com\/profile.php?id=100008943462799\" \/>\n<meta property=\"article:published_time\" content=\"2026-01-19T06:31:47+00:00\" \/>\n<meta property=\"og:image\" content=\"https:\/\/www.bellunopress.it\/wp-content\/uploads\/2020\/03\/Maurizio-Acerbo-Prc.jpg\" \/>\n\t<meta property=\"og:image:width\" content=\"394\" \/>\n\t<meta property=\"og:image:height\" content=\"264\" \/>\n\t<meta property=\"og:image:type\" content=\"image\/jpeg\" \/>\n<meta name=\"author\" content=\"redazione\" \/>\n<meta name=\"twitter:card\" content=\"summary_large_image\" \/>\n<meta name=\"twitter:creator\" content=\"@bellunopress\" \/>\n<meta name=\"twitter:site\" content=\"@bellunopress\" \/>\n<meta name=\"twitter:label1\" content=\"\u00c9crit par\" \/>\n\t<meta name=\"twitter:data1\" content=\"redazione\" \/>\n\t<meta name=\"twitter:label2\" content=\"Dur\u00e9e de lecture estim\u00e9e\" \/>\n\t<meta name=\"twitter:data2\" content=\"1 minute\" \/>\n<script type=\"application\/ld+json\" class=\"yoast-schema-graph\">{\"@context\":\"https:\\\/\\\/schema.org\",\"@graph\":[{\"@type\":\"Article\",\"@id\":\"https:\\\/\\\/www.bellunopress.it\\\/2026\\\/01\\\/19\\\/no-alla-schedatura-delle-studentesse-e-degli-studenti-palestinesi\\\/#article\",\"isPartOf\":{\"@id\":\"https:\\\/\\\/www.bellunopress.it\\\/2026\\\/01\\\/19\\\/no-alla-schedatura-delle-studentesse-e-degli-studenti-palestinesi\\\/\"},\"author\":{\"name\":\"redazione\",\"@id\":\"https:\\\/\\\/www.bellunopress.it\\\/#\\\/schema\\\/person\\\/79bb06722b37ece1c03d3e94beb30d73\"},\"headline\":\"No alla &#8220;schedatura&#8221; delle studentesse e degli studenti palestinesi\",\"datePublished\":\"2026-01-19T06:31:47+00:00\",\"mainEntityOfPage\":{\"@id\":\"https:\\\/\\\/www.bellunopress.it\\\/2026\\\/01\\\/19\\\/no-alla-schedatura-delle-studentesse-e-degli-studenti-palestinesi\\\/\"},\"wordCount\":181,\"publisher\":{\"@id\":\"https:\\\/\\\/www.bellunopress.it\\\/#organization\"},\"image\":{\"@id\":\"https:\\\/\\\/www.bellunopress.it\\\/2026\\\/01\\\/19\\\/no-alla-schedatura-delle-studentesse-e-degli-studenti-palestinesi\\\/#primaryimage\"},\"thumbnailUrl\":\"https:\\\/\\\/www.bellunopress.it\\\/wp-content\\\/uploads\\\/2020\\\/03\\\/Maurizio-Acerbo-Prc.jpg\",\"articleSection\":[\"Scuola\"],\"inLanguage\":\"fr-FR\"},{\"@type\":\"WebPage\",\"@id\":\"https:\\\/\\\/www.bellunopress.it\\\/2026\\\/01\\\/19\\\/no-alla-schedatura-delle-studentesse-e-degli-studenti-palestinesi\\\/\",\"url\":\"https:\\\/\\\/www.bellunopress.it\\\/2026\\\/01\\\/19\\\/no-alla-schedatura-delle-studentesse-e-degli-studenti-palestinesi\\\/\",\"name\":\"No alla \\\"schedatura\\\" delle studentesse e degli studenti palestinesi - Bellunopress - Dolomiti\",\"isPartOf\":{\"@id\":\"https:\\\/\\\/www.bellunopress.it\\\/#website\"},\"primaryImageOfPage\":{\"@id\":\"https:\\\/\\\/www.bellunopress.it\\\/2026\\\/01\\\/19\\\/no-alla-schedatura-delle-studentesse-e-degli-studenti-palestinesi\\\/#primaryimage\"},\"image\":{\"@id\":\"https:\\\/\\\/www.bellunopress.it\\\/2026\\\/01\\\/19\\\/no-alla-schedatura-delle-studentesse-e-degli-studenti-palestinesi\\\/#primaryimage\"},\"thumbnailUrl\":\"https:\\\/\\\/www.bellunopress.it\\\/wp-content\\\/uploads\\\/2020\\\/03\\\/Maurizio-Acerbo-Prc.jpg\",\"datePublished\":\"2026-01-19T06:31:47+00:00\",\"breadcrumb\":{\"@id\":\"https:\\\/\\\/www.bellunopress.it\\\/2026\\\/01\\\/19\\\/no-alla-schedatura-delle-studentesse-e-degli-studenti-palestinesi\\\/#breadcrumb\"},\"inLanguage\":\"fr-FR\",\"potentialAction\":[{\"@type\":\"ReadAction\",\"target\":[\"https:\\\/\\\/www.bellunopress.it\\\/2026\\\/01\\\/19\\\/no-alla-schedatura-delle-studentesse-e-degli-studenti-palestinesi\\\/\"]}]},{\"@type\":\"ImageObject\",\"inLanguage\":\"fr-FR\",\"@id\":\"https:\\\/\\\/www.bellunopress.it\\\/2026\\\/01\\\/19\\\/no-alla-schedatura-delle-studentesse-e-degli-studenti-palestinesi\\\/#primaryimage\",\"url\":\"https:\\\/\\\/www.bellunopress.it\\\/wp-content\\\/uploads\\\/2020\\\/03\\\/Maurizio-Acerbo-Prc.jpg\",\"contentUrl\":\"https:\\\/\\\/www.bellunopress.it\\\/wp-content\\\/uploads\\\/2020\\\/03\\\/Maurizio-Acerbo-Prc.jpg\",\"width\":394,\"height\":264,\"caption\":\"Maurizio Acerbo, Segretario nazionale Prc\"},{\"@type\":\"BreadcrumbList\",\"@id\":\"https:\\\/\\\/www.bellunopress.it\\\/2026\\\/01\\\/19\\\/no-alla-schedatura-delle-studentesse-e-degli-studenti-palestinesi\\\/#breadcrumb\",\"itemListElement\":[{\"@type\":\"ListItem\",\"position\":1,\"name\":\"Home\",\"item\":\"https:\\\/\\\/www.bellunopress.it\\\/\"},{\"@type\":\"ListItem\",\"position\":2,\"name\":\"No alla &#8220;schedatura&#8221; delle studentesse e degli studenti palestinesi\"}]},{\"@type\":\"WebSite\",\"@id\":\"https:\\\/\\\/www.bellunopress.it\\\/#website\",\"url\":\"https:\\\/\\\/www.bellunopress.it\\\/\",\"name\":\"Bellunopress - Dolomiti\",\"description\":\"e-mail: redazione@bellunopress.it\",\"publisher\":{\"@id\":\"https:\\\/\\\/www.bellunopress.it\\\/#organization\"},\"potentialAction\":[{\"@type\":\"SearchAction\",\"target\":{\"@type\":\"EntryPoint\",\"urlTemplate\":\"https:\\\/\\\/www.bellunopress.it\\\/?s={search_term_string}\"},\"query-input\":{\"@type\":\"PropertyValueSpecification\",\"valueRequired\":true,\"valueName\":\"search_term_string\"}}],\"inLanguage\":\"fr-FR\"},{\"@type\":\"Organization\",\"@id\":\"https:\\\/\\\/www.bellunopress.it\\\/#organization\",\"name\":\"Bellunopress\",\"url\":\"https:\\\/\\\/www.bellunopress.it\\\/\",\"logo\":{\"@type\":\"ImageObject\",\"inLanguage\":\"fr-FR\",\"@id\":\"https:\\\/\\\/www.bellunopress.it\\\/#\\\/schema\\\/logo\\\/image\\\/\",\"url\":\"https:\\\/\\\/www.bellunopress.it\\\/wp-content\\\/uploads\\\/2011\\\/05\\\/cropped-logo-bellunopress-.jpg\",\"contentUrl\":\"https:\\\/\\\/www.bellunopress.it\\\/wp-content\\\/uploads\\\/2011\\\/05\\\/cropped-logo-bellunopress-.jpg\",\"width\":512,\"height\":512,\"caption\":\"Bellunopress\"},\"image\":{\"@id\":\"https:\\\/\\\/www.bellunopress.it\\\/#\\\/schema\\\/logo\\\/image\\\/\"},\"sameAs\":[\"https:\\\/\\\/www.facebook.com\\\/profile.php?id=100008943462799\",\"https:\\\/\\\/x.com\\\/bellunopress\",\"https:\\\/\\\/www.linkedin.com\\\/hp\\\/?dnr=JBzUWaJfMUw8vbXJJ2tVW5-I3jZKvC4wsoxE&amp;amp;amp;amp;amp;amp;trk=nav_responsive_tab_home\",\"https:\\\/\\\/www.youtube.com\\\/channel\\\/UCxL0wu1uN0_3_7hGG0306cw\"]},{\"@type\":\"Person\",\"@id\":\"https:\\\/\\\/www.bellunopress.it\\\/#\\\/schema\\\/person\\\/79bb06722b37ece1c03d3e94beb30d73\",\"name\":\"redazione\",\"image\":{\"@type\":\"ImageObject\",\"inLanguage\":\"fr-FR\",\"@id\":\"https:\\\/\\\/secure.gravatar.com\\\/avatar\\\/37d968a2e67a6fd04c169c4bdef102d0bc5d31b2546345219e348575eb80e9a0?s=96&d=mm&r=g\",\"url\":\"https:\\\/\\\/secure.gravatar.com\\\/avatar\\\/37d968a2e67a6fd04c169c4bdef102d0bc5d31b2546345219e348575eb80e9a0?s=96&d=mm&r=g\",\"contentUrl\":\"https:\\\/\\\/secure.gravatar.com\\\/avatar\\\/37d968a2e67a6fd04c169c4bdef102d0bc5d31b2546345219e348575eb80e9a0?s=96&d=mm&r=g\",\"caption\":\"redazione\"},\"sameAs\":[\"http:\\\/\\\/www.bellunopress.it\",\"https:\\\/\\\/x.com\\\/bellunopress\"],\"url\":\"https:\\\/\\\/www.bellunopress.it\\\/fr\\\/author\\\/redazione\\\/\"}]}<\/script>\n<!-- \/ Yoast SEO plugin. -->","yoast_head_json":{"title":"No alla \"schedatura\" delle studentesse e degli studenti palestinesi - Bellunopress - Dolomiti","robots":{"index":"index","follow":"follow","max-snippet":"max-snippet:-1","max-image-preview":"max-image-preview:large","max-video-preview":"max-video-preview:-1"},"canonical":"https:\/\/www.bellunopress.it\/fr\/2026\/01\/19\/no-alla-schedatura-delle-studentesse-e-degli-studenti-palestinesi\/","og_locale":"fr_FR","og_type":"article","og_title":"No alla \"schedatura\" delle studentesse e degli studenti palestinesi - Bellunopress - Dolomiti","og_description":"Perch\u00e9 fare un censimento delle studentesse e degli studenti di origine palestinese in questo momento? \u00c8 la domanda che rivolgiamo al ministro Valditara alla luce di alcune circolari emanate di recente dagli Uffici scolastici regionali. Queste infatti offrono pochissimi dettagli sul senso dell&#8217;operazione. Che uso si far\u00e0 dei dati raccolti? Perch\u00e9 solo i e le [&hellip;]","og_url":"https:\/\/www.bellunopress.it\/fr\/2026\/01\/19\/no-alla-schedatura-delle-studentesse-e-degli-studenti-palestinesi\/","og_site_name":"Bellunopress - Dolomiti","article_publisher":"https:\/\/www.facebook.com\/profile.php?id=100008943462799","article_published_time":"2026-01-19T06:31:47+00:00","og_image":[{"width":394,"height":264,"url":"https:\/\/www.bellunopress.it\/wp-content\/uploads\/2020\/03\/Maurizio-Acerbo-Prc.jpg","type":"image\/jpeg"}],"author":"redazione","twitter_card":"summary_large_image","twitter_creator":"@bellunopress","twitter_site":"@bellunopress","twitter_misc":{"\u00c9crit par":"redazione","Dur\u00e9e de lecture estim\u00e9e":"1 minute"},"schema":{"@context":"https:\/\/schema.org","@graph":[{"@type":"Article","@id":"https:\/\/www.bellunopress.it\/2026\/01\/19\/no-alla-schedatura-delle-studentesse-e-degli-studenti-palestinesi\/#article","isPartOf":{"@id":"https:\/\/www.bellunopress.it\/2026\/01\/19\/no-alla-schedatura-delle-studentesse-e-degli-studenti-palestinesi\/"},"author":{"name":"redazione","@id":"https:\/\/www.bellunopress.it\/#\/schema\/person\/79bb06722b37ece1c03d3e94beb30d73"},"headline":"No alla &#8220;schedatura&#8221; delle studentesse e degli studenti palestinesi","datePublished":"2026-01-19T06:31:47+00:00","mainEntityOfPage":{"@id":"https:\/\/www.bellunopress.it\/2026\/01\/19\/no-alla-schedatura-delle-studentesse-e-degli-studenti-palestinesi\/"},"wordCount":181,"publisher":{"@id":"https:\/\/www.bellunopress.it\/#organization"},"image":{"@id":"https:\/\/www.bellunopress.it\/2026\/01\/19\/no-alla-schedatura-delle-studentesse-e-degli-studenti-palestinesi\/#primaryimage"},"thumbnailUrl":"https:\/\/www.bellunopress.it\/wp-content\/uploads\/2020\/03\/Maurizio-Acerbo-Prc.jpg","articleSection":["Scuola"],"inLanguage":"fr-FR"},{"@type":"WebPage","@id":"https:\/\/www.bellunopress.it\/2026\/01\/19\/no-alla-schedatura-delle-studentesse-e-degli-studenti-palestinesi\/","url":"https:\/\/www.bellunopress.it\/2026\/01\/19\/no-alla-schedatura-delle-studentesse-e-degli-studenti-palestinesi\/","name":"No alla \"schedatura\" delle studentesse e degli studenti palestinesi - Bellunopress - Dolomiti","isPartOf":{"@id":"https:\/\/www.bellunopress.it\/#website"},"primaryImageOfPage":{"@id":"https:\/\/www.bellunopress.it\/2026\/01\/19\/no-alla-schedatura-delle-studentesse-e-degli-studenti-palestinesi\/#primaryimage"},"image":{"@id":"https:\/\/www.bellunopress.it\/2026\/01\/19\/no-alla-schedatura-delle-studentesse-e-degli-studenti-palestinesi\/#primaryimage"},"thumbnailUrl":"https:\/\/www.bellunopress.it\/wp-content\/uploads\/2020\/03\/Maurizio-Acerbo-Prc.jpg","datePublished":"2026-01-19T06:31:47+00:00","breadcrumb":{"@id":"https:\/\/www.bellunopress.it\/2026\/01\/19\/no-alla-schedatura-delle-studentesse-e-degli-studenti-palestinesi\/#breadcrumb"},"inLanguage":"fr-FR","potentialAction":[{"@type":"ReadAction","target":["https:\/\/www.bellunopress.it\/2026\/01\/19\/no-alla-schedatura-delle-studentesse-e-degli-studenti-palestinesi\/"]}]},{"@type":"ImageObject","inLanguage":"fr-FR","@id":"https:\/\/www.bellunopress.it\/2026\/01\/19\/no-alla-schedatura-delle-studentesse-e-degli-studenti-palestinesi\/#primaryimage","url":"https:\/\/www.bellunopress.it\/wp-content\/uploads\/2020\/03\/Maurizio-Acerbo-Prc.jpg","contentUrl":"https:\/\/www.bellunopress.it\/wp-content\/uploads\/2020\/03\/Maurizio-Acerbo-Prc.jpg","width":394,"height":264,"caption":"Maurizio Acerbo, Segretario nazionale Prc"},{"@type":"BreadcrumbList","@id":"https:\/\/www.bellunopress.it\/2026\/01\/19\/no-alla-schedatura-delle-studentesse-e-degli-studenti-palestinesi\/#breadcrumb","itemListElement":[{"@type":"ListItem","position":1,"name":"Home","item":"https:\/\/www.bellunopress.it\/"},{"@type":"ListItem","position":2,"name":"No alla &#8220;schedatura&#8221; delle studentesse e degli studenti palestinesi"}]},{"@type":"WebSite","@id":"https:\/\/www.bellunopress.it\/#website","url":"https:\/\/www.bellunopress.it\/","name":"Bellunopress - Dolomiti","description":"e-mail: redazione@bellunopress.it","publisher":{"@id":"https:\/\/www.bellunopress.it\/#organization"},"potentialAction":[{"@type":"SearchAction","target":{"@type":"EntryPoint","urlTemplate":"https:\/\/www.bellunopress.it\/?s={search_term_string}"},"query-input":{"@type":"PropertyValueSpecification","valueRequired":true,"valueName":"search_term_string"}}],"inLanguage":"fr-FR"},{"@type":"Organization","@id":"https:\/\/www.bellunopress.it\/#organization","name":"Bellunopress","url":"https:\/\/www.bellunopress.it\/","logo":{"@type":"ImageObject","inLanguage":"fr-FR","@id":"https:\/\/www.bellunopress.it\/#\/schema\/logo\/image\/","url":"https:\/\/www.bellunopress.it\/wp-content\/uploads\/2011\/05\/cropped-logo-bellunopress-.jpg","contentUrl":"https:\/\/www.bellunopress.it\/wp-content\/uploads\/2011\/05\/cropped-logo-bellunopress-.jpg","width":512,"height":512,"caption":"Bellunopress"},"image":{"@id":"https:\/\/www.bellunopress.it\/#\/schema\/logo\/image\/"},"sameAs":["https:\/\/www.facebook.com\/profile.php?id=100008943462799","https:\/\/x.com\/bellunopress","https:\/\/www.linkedin.com\/hp\/?dnr=JBzUWaJfMUw8vbXJJ2tVW5-I3jZKvC4wsoxE&amp;amp;amp;amp;amp;amp;trk=nav_responsive_tab_home","https:\/\/www.youtube.com\/channel\/UCxL0wu1uN0_3_7hGG0306cw"]},{"@type":"Person","@id":"https:\/\/www.bellunopress.it\/#\/schema\/person\/79bb06722b37ece1c03d3e94beb30d73","name":"r\u00e9daction","image":{"@type":"ImageObject","inLanguage":"fr-FR","@id":"https:\/\/secure.gravatar.com\/avatar\/37d968a2e67a6fd04c169c4bdef102d0bc5d31b2546345219e348575eb80e9a0?s=96&d=mm&r=g","url":"https:\/\/secure.gravatar.com\/avatar\/37d968a2e67a6fd04c169c4bdef102d0bc5d31b2546345219e348575eb80e9a0?s=96&d=mm&r=g","contentUrl":"https:\/\/secure.gravatar.com\/avatar\/37d968a2e67a6fd04c169c4bdef102d0bc5d31b2546345219e348575eb80e9a0?s=96&d=mm&r=g","caption":"redazione"},"sameAs":["http:\/\/www.bellunopress.it","https:\/\/x.com\/bellunopress"],"url":"https:\/\/www.bellunopress.it\/fr\/author\/redazione\/"}]}},"_links":{"self":[{"href":"https:\/\/www.bellunopress.it\/fr\/wp-json\/wp\/v2\/posts\/166574","targetHints":{"allow":["GET"]}}],"collection":[{"href":"https:\/\/www.bellunopress.it\/fr\/wp-json\/wp\/v2\/posts"}],"about":[{"href":"https:\/\/www.bellunopress.it\/fr\/wp-json\/wp\/v2\/types\/post"}],"author":[{"embeddable":true,"href":"https:\/\/www.bellunopress.it\/fr\/wp-json\/wp\/v2\/users\/2"}],"replies":[{"embeddable":true,"href":"https:\/\/www.bellunopress.it\/fr\/wp-json\/wp\/v2\/comments?post=166574"}],"version-history":[{"count":1,"href":"https:\/\/www.bellunopress.it\/fr\/wp-json\/wp\/v2\/posts\/166574\/revisions"}],"predecessor-version":[{"id":166575,"href":"https:\/\/www.bellunopress.it\/fr\/wp-json\/wp\/v2\/posts\/166574\/revisions\/166575"}],"wp:featuredmedia":[{"embeddable":true,"href":"https:\/\/www.bellunopress.it\/fr\/wp-json\/wp\/v2\/media\/112629"}],"wp:attachment":[{"href":"https:\/\/www.bellunopress.it\/fr\/wp-json\/wp\/v2\/media?parent=166574"}],"wp:term":[{"taxonomy":"category","embeddable":true,"href":"https:\/\/www.bellunopress.it\/fr\/wp-json\/wp\/v2\/categories?post=166574"},{"taxonomy":"post_tag","embeddable":true,"href":"https:\/\/www.bellunopress.it\/fr\/wp-json\/wp\/v2\/tags?post=166574"}],"curies":[{"name":"wp","href":"https:\/\/api.w.org\/{rel}","templated":true}]}}