{"id":166541,"date":"2026-01-18T18:15:09","date_gmt":"2026-01-18T17:15:09","guid":{"rendered":"https:\/\/www.bellunopress.it\/?p=166541"},"modified":"2026-01-18T18:15:09","modified_gmt":"2026-01-18T17:15:09","slug":"borgo-valbelluna-listituto-comprensivo-di-mel-nellambito-dellorientamento-scolastico-organizza-un-incontro-con-ex-alunni","status":"publish","type":"post","link":"https:\/\/www.bellunopress.it\/fr\/2026\/01\/18\/borgo-valbelluna-listituto-comprensivo-di-mel-nellambito-dellorientamento-scolastico-organizza-un-incontro-con-ex-alunni\/","title":{"rendered":"Borgo Valbelluna: l\u2019Istituto Comprensivo di Mel nell\u2019ambito dell\u2019orientamento scolastico, organizza un incontro con ex alunni."},"content":{"rendered":"<figure id=\"attachment_166542\" aria-describedby=\"caption-attachment-166542\" style=\"width: 600px\" class=\"wp-caption aligncenter\"><img loading=\"lazy\" decoding=\"async\" class=\"size-full wp-image-166542\" src=\"https:\/\/www.bellunopress.it\/wp-content\/uploads\/2026\/01\/Roberto-Menel-Annita-Iovine-Giulia-Menel-Marco-Lorenzet-Valentina-e-Tommaso-De-Toffol.jpeg\" alt=\"Istituto comprensivo di Mel\" width=\"600\" height=\"450\" srcset=\"https:\/\/www.bellunopress.it\/wp-content\/uploads\/2026\/01\/Roberto-Menel-Annita-Iovine-Giulia-Menel-Marco-Lorenzet-Valentina-e-Tommaso-De-Toffol.jpeg 600w, https:\/\/www.bellunopress.it\/wp-content\/uploads\/2026\/01\/Roberto-Menel-Annita-Iovine-Giulia-Menel-Marco-Lorenzet-Valentina-e-Tommaso-De-Toffol-500x375.jpeg 500w, https:\/\/www.bellunopress.it\/wp-content\/uploads\/2026\/01\/Roberto-Menel-Annita-Iovine-Giulia-Menel-Marco-Lorenzet-Valentina-e-Tommaso-De-Toffol-560x420.jpeg 560w, https:\/\/www.bellunopress.it\/wp-content\/uploads\/2026\/01\/Roberto-Menel-Annita-Iovine-Giulia-Menel-Marco-Lorenzet-Valentina-e-Tommaso-De-Toffol-80x60.jpeg 80w, https:\/\/www.bellunopress.it\/wp-content\/uploads\/2026\/01\/Roberto-Menel-Annita-Iovine-Giulia-Menel-Marco-Lorenzet-Valentina-e-Tommaso-De-Toffol-150x113.jpeg 150w, https:\/\/www.bellunopress.it\/wp-content\/uploads\/2026\/01\/Roberto-Menel-Annita-Iovine-Giulia-Menel-Marco-Lorenzet-Valentina-e-Tommaso-De-Toffol-300x225.jpeg 300w\" sizes=\"auto, (max-width: 600px) 100vw, 600px\" \/><figcaption id=\"caption-attachment-166542\" class=\"wp-caption-text\">Roberto Menel Annita Iovine Giulia Menel Marco Lorenzet Valentina e Tommaso De Toffol<\/figcaption><\/figure>\n<p>Orientamento scolastico non significa solo illustrare quelle che sono le scuole superiori alle quali si pu\u00f2 accedere, ma anche raccontare ai ragazzi i possibili percorsi che potranno incontrare e intraprendere nella vita. Oggi, rispetto a un tempo, la scuola superiore o l\u2019universit\u00e0 non determinano pi\u00f9 a priori quello che sar\u00e0 la carriera professionale di un individuo. La mobilit\u00e0 nel mondo del lavoro, anche in Italia, fa parte ormai della normalit\u00e0 e richiede flessibilit\u00e0 e formazione permanente al fine di acquisire continuamente nuove competenze e imparare ad utilizzarle in contesti diversi. Per questo motivo ieri (sabato 17 gennaio) l\u2019Istituto Comprensivo di Mel, quando si sono appena aperte le iscrizione all\u2019istruzione secondaria, ha voluto proporre ai ragazzi delle classi terze delle due sedi un incontro con alcuni ex alunni, provenienti da esperienze scolastiche e lavorative tra le pi\u00f9 diverse, che non solo hanno raccontato la loro storia, ma soprattutto hanno trasmesso anche il coraggio di cambiare se si crede di non aver intrapreso la strada giusta.<br \/>\nDa chi ha sempre voluto far medicina a chi ha cambiato pi\u00f9 volte la scuola superiore o la facolt\u00e0 universitaria, da chi ha incontrato pi\u00f9 difficolt\u00e0 perch\u00e9 dislessico a chi ha girato il mondo e poi \u00e8 tornato il messaggio \u00e8 stato lo stesso: non perdete la speranza di trovare la vostra passione e il vostro interesse anche se a volte vi richieder\u00e0 pi\u00f9 tempo rispetto ad altri.<\/p>\n<p>Hanno aperto la carrellata di esperienze due studenti universitari: Annita Iovine, studentessa al terzo anno di medicina che da sempre desidera fare il medico e Roberto Menel, frequentante la magistrale di geologia e membro della Consulta Giovani di Borgo Valbelluna, che ha testimoniato come sia importante spendere per il proprio territorio quelle che sono le competenze acquisite fuori da esso. Si \u00e8 poi passati al mondo del lavoro con ex alunni un po\u2019 pi\u00f9 grandi come Marco Lorenzet, chef che dopo una lunga esperienza tra Milano e la Costa Smeralda ha deciso di tornare a Mel per divenire imprenditore nella ristorazione; Valentina e Tommaso De Toffol che producono formaggi di capra e pecora e promuovono il territorio con le varie iniziative presentate nel loro agriturismo e Giulia Menel, mediatrice culturale che lavora nei centri d\u2019accoglienza, ma \u00e8 anche impegnata nell\u2019associazionismo di promozione sociale. Non \u00e8 mancato un collegamento oltre oceano con Annandrea Dell\u2019Agnola che da un anno e mezzo si trova in Australia dove, malgrado una laurea in design, alterna il lavoro come maestra di sci a quello nella ristorazione. Tante esperienze diverse dalle quali \u00e8 emerso il fatto che, per poter essere appetibili nel mondo del lavoro e trarre soddisfazioni da questo \u00e8 comunque sempre necessario alimentare la propria cultura, le proprie conoscenze e acquisire competenze diverse per essere cittadini del mondo.<\/p>\n<p>Per gli insegnati, che hanno avuto in classe alcuni di questi ex alunni, \u00e8 stata tanta la soddisfazione di vederli realizzati e soprattutto disponibili a condividere con i loro colleghi pi\u00f9 giovani, attenti, ma anche un po\u2019 timidi, esperienze, successi, per\u00f2 a volte anche sconfitte e delusioni che tuttavia non li ha definiti, perch\u00e9 nessuno \u00e8 un voto, e non li ha scoraggiati, ma, anzi, sono stati motori del loro rimettersi in gioco e della scelta di impegnarsi anche nella crescita del loro territorio.<\/p>\n<p>&nbsp;<\/p>\n<p>&nbsp;<\/p>","protected":false},"excerpt":{"rendered":"<p>Orientamento scolastico non significa solo illustrare quelle che sono le scuole superiori alle quali si pu\u00f2 accedere, ma anche raccontare ai ragazzi i possibili percorsi che potranno incontrare e intraprendere nella vita. Oggi, rispetto a un tempo, la scuola superiore o l\u2019universit\u00e0 non determinano pi\u00f9 a priori quello che sar\u00e0 la carriera professionale di un [&hellip;]<\/p>\n","protected":false},"author":2,"featured_media":166542,"comment_status":"closed","ping_status":"open","sticky":false,"template":"","format":"standard","meta":{"footnotes":""},"categories":[26,15],"tags":[],"class_list":["post-166541","post","type-post","status-publish","format-standard","has-post-thumbnail","category-prima-pagina","category-scuola"],"yoast_head":"<!-- This site is optimized with the Yoast SEO plugin v28.4 - https:\/\/yoast.com\/product\/yoast-seo-wordpress\/ -->\n<title>Borgo Valbelluna: l\u2019Istituto Comprensivo di Mel nell\u2019ambito dell\u2019orientamento scolastico, organizza un incontro con ex alunni. - Bellunopress - Dolomiti<\/title>\n<meta name=\"robots\" content=\"index, follow, max-snippet:-1, max-image-preview:large, max-video-preview:-1\" \/>\n<link rel=\"canonical\" href=\"https:\/\/www.bellunopress.it\/fr\/2026\/01\/18\/borgo-valbelluna-listituto-comprensivo-di-mel-nellambito-dellorientamento-scolastico-organizza-un-incontro-con-ex-alunni\/\" \/>\n<meta property=\"og:locale\" content=\"fr_FR\" \/>\n<meta property=\"og:type\" content=\"article\" \/>\n<meta property=\"og:title\" content=\"Borgo Valbelluna: l\u2019Istituto Comprensivo di Mel nell\u2019ambito dell\u2019orientamento scolastico, organizza un incontro con ex alunni. - Bellunopress - Dolomiti\" \/>\n<meta property=\"og:description\" content=\"Orientamento scolastico non significa solo illustrare quelle che sono le scuole superiori alle quali si pu\u00f2 accedere, ma anche raccontare ai ragazzi i possibili percorsi che potranno incontrare e intraprendere nella vita. Oggi, rispetto a un tempo, la scuola superiore o l\u2019universit\u00e0 non determinano pi\u00f9 a priori quello che sar\u00e0 la carriera professionale di un [&hellip;]\" \/>\n<meta property=\"og:url\" content=\"https:\/\/www.bellunopress.it\/fr\/2026\/01\/18\/borgo-valbelluna-listituto-comprensivo-di-mel-nellambito-dellorientamento-scolastico-organizza-un-incontro-con-ex-alunni\/\" \/>\n<meta property=\"og:site_name\" content=\"Bellunopress - Dolomiti\" \/>\n<meta property=\"article:publisher\" content=\"https:\/\/www.facebook.com\/profile.php?id=100008943462799\" \/>\n<meta property=\"article:published_time\" content=\"2026-01-18T17:15:09+00:00\" \/>\n<meta property=\"og:image\" content=\"https:\/\/www.bellunopress.it\/wp-content\/uploads\/2026\/01\/Roberto-Menel-Annita-Iovine-Giulia-Menel-Marco-Lorenzet-Valentina-e-Tommaso-De-Toffol.jpeg\" \/>\n\t<meta property=\"og:image:width\" content=\"600\" \/>\n\t<meta property=\"og:image:height\" content=\"450\" \/>\n\t<meta property=\"og:image:type\" content=\"image\/jpeg\" \/>\n<meta name=\"author\" content=\"redazione\" \/>\n<meta name=\"twitter:card\" content=\"summary_large_image\" \/>\n<meta name=\"twitter:creator\" content=\"@bellunopress\" \/>\n<meta name=\"twitter:site\" content=\"@bellunopress\" \/>\n<meta name=\"twitter:label1\" content=\"\u00c9crit par\" \/>\n\t<meta name=\"twitter:data1\" content=\"redazione\" \/>\n\t<meta name=\"twitter:label2\" content=\"Dur\u00e9e de lecture estim\u00e9e\" \/>\n\t<meta name=\"twitter:data2\" content=\"3 minutes\" \/>\n<script type=\"application\/ld+json\" class=\"yoast-schema-graph\">{\"@context\":\"https:\\\/\\\/schema.org\",\"@graph\":[{\"@type\":\"Article\",\"@id\":\"https:\\\/\\\/www.bellunopress.it\\\/2026\\\/01\\\/18\\\/borgo-valbelluna-listituto-comprensivo-di-mel-nellambito-dellorientamento-scolastico-organizza-un-incontro-con-ex-alunni\\\/#article\",\"isPartOf\":{\"@id\":\"https:\\\/\\\/www.bellunopress.it\\\/2026\\\/01\\\/18\\\/borgo-valbelluna-listituto-comprensivo-di-mel-nellambito-dellorientamento-scolastico-organizza-un-incontro-con-ex-alunni\\\/\"},\"author\":{\"name\":\"redazione\",\"@id\":\"https:\\\/\\\/www.bellunopress.it\\\/#\\\/schema\\\/person\\\/79bb06722b37ece1c03d3e94beb30d73\"},\"headline\":\"Borgo Valbelluna: l\u2019Istituto Comprensivo di Mel nell\u2019ambito dell\u2019orientamento scolastico, organizza un incontro con ex alunni.\",\"datePublished\":\"2026-01-18T17:15:09+00:00\",\"mainEntityOfPage\":{\"@id\":\"https:\\\/\\\/www.bellunopress.it\\\/2026\\\/01\\\/18\\\/borgo-valbelluna-listituto-comprensivo-di-mel-nellambito-dellorientamento-scolastico-organizza-un-incontro-con-ex-alunni\\\/\"},\"wordCount\":575,\"publisher\":{\"@id\":\"https:\\\/\\\/www.bellunopress.it\\\/#organization\"},\"image\":{\"@id\":\"https:\\\/\\\/www.bellunopress.it\\\/2026\\\/01\\\/18\\\/borgo-valbelluna-listituto-comprensivo-di-mel-nellambito-dellorientamento-scolastico-organizza-un-incontro-con-ex-alunni\\\/#primaryimage\"},\"thumbnailUrl\":\"https:\\\/\\\/www.bellunopress.it\\\/wp-content\\\/uploads\\\/2026\\\/01\\\/Roberto-Menel-Annita-Iovine-Giulia-Menel-Marco-Lorenzet-Valentina-e-Tommaso-De-Toffol.jpeg\",\"articleSection\":[\"Prima Pagina\",\"Scuola\"],\"inLanguage\":\"fr-FR\"},{\"@type\":\"WebPage\",\"@id\":\"https:\\\/\\\/www.bellunopress.it\\\/2026\\\/01\\\/18\\\/borgo-valbelluna-listituto-comprensivo-di-mel-nellambito-dellorientamento-scolastico-organizza-un-incontro-con-ex-alunni\\\/\",\"url\":\"https:\\\/\\\/www.bellunopress.it\\\/2026\\\/01\\\/18\\\/borgo-valbelluna-listituto-comprensivo-di-mel-nellambito-dellorientamento-scolastico-organizza-un-incontro-con-ex-alunni\\\/\",\"name\":\"Borgo Valbelluna: l\u2019Istituto Comprensivo di Mel nell\u2019ambito dell\u2019orientamento scolastico, organizza un incontro con ex alunni. - Bellunopress - Dolomiti\",\"isPartOf\":{\"@id\":\"https:\\\/\\\/www.bellunopress.it\\\/#website\"},\"primaryImageOfPage\":{\"@id\":\"https:\\\/\\\/www.bellunopress.it\\\/2026\\\/01\\\/18\\\/borgo-valbelluna-listituto-comprensivo-di-mel-nellambito-dellorientamento-scolastico-organizza-un-incontro-con-ex-alunni\\\/#primaryimage\"},\"image\":{\"@id\":\"https:\\\/\\\/www.bellunopress.it\\\/2026\\\/01\\\/18\\\/borgo-valbelluna-listituto-comprensivo-di-mel-nellambito-dellorientamento-scolastico-organizza-un-incontro-con-ex-alunni\\\/#primaryimage\"},\"thumbnailUrl\":\"https:\\\/\\\/www.bellunopress.it\\\/wp-content\\\/uploads\\\/2026\\\/01\\\/Roberto-Menel-Annita-Iovine-Giulia-Menel-Marco-Lorenzet-Valentina-e-Tommaso-De-Toffol.jpeg\",\"datePublished\":\"2026-01-18T17:15:09+00:00\",\"breadcrumb\":{\"@id\":\"https:\\\/\\\/www.bellunopress.it\\\/2026\\\/01\\\/18\\\/borgo-valbelluna-listituto-comprensivo-di-mel-nellambito-dellorientamento-scolastico-organizza-un-incontro-con-ex-alunni\\\/#breadcrumb\"},\"inLanguage\":\"fr-FR\",\"potentialAction\":[{\"@type\":\"ReadAction\",\"target\":[\"https:\\\/\\\/www.bellunopress.it\\\/2026\\\/01\\\/18\\\/borgo-valbelluna-listituto-comprensivo-di-mel-nellambito-dellorientamento-scolastico-organizza-un-incontro-con-ex-alunni\\\/\"]}]},{\"@type\":\"ImageObject\",\"inLanguage\":\"fr-FR\",\"@id\":\"https:\\\/\\\/www.bellunopress.it\\\/2026\\\/01\\\/18\\\/borgo-valbelluna-listituto-comprensivo-di-mel-nellambito-dellorientamento-scolastico-organizza-un-incontro-con-ex-alunni\\\/#primaryimage\",\"url\":\"https:\\\/\\\/www.bellunopress.it\\\/wp-content\\\/uploads\\\/2026\\\/01\\\/Roberto-Menel-Annita-Iovine-Giulia-Menel-Marco-Lorenzet-Valentina-e-Tommaso-De-Toffol.jpeg\",\"contentUrl\":\"https:\\\/\\\/www.bellunopress.it\\\/wp-content\\\/uploads\\\/2026\\\/01\\\/Roberto-Menel-Annita-Iovine-Giulia-Menel-Marco-Lorenzet-Valentina-e-Tommaso-De-Toffol.jpeg\",\"width\":600,\"height\":450,\"caption\":\"Roberto Menel Annita Iovine Giulia Menel Marco Lorenzet Valentina e Tommaso De Toffol\"},{\"@type\":\"BreadcrumbList\",\"@id\":\"https:\\\/\\\/www.bellunopress.it\\\/2026\\\/01\\\/18\\\/borgo-valbelluna-listituto-comprensivo-di-mel-nellambito-dellorientamento-scolastico-organizza-un-incontro-con-ex-alunni\\\/#breadcrumb\",\"itemListElement\":[{\"@type\":\"ListItem\",\"position\":1,\"name\":\"Home\",\"item\":\"https:\\\/\\\/www.bellunopress.it\\\/\"},{\"@type\":\"ListItem\",\"position\":2,\"name\":\"Borgo Valbelluna: l\u2019Istituto Comprensivo di Mel nell\u2019ambito dell\u2019orientamento scolastico, organizza un incontro con ex alunni.\"}]},{\"@type\":\"WebSite\",\"@id\":\"https:\\\/\\\/www.bellunopress.it\\\/#website\",\"url\":\"https:\\\/\\\/www.bellunopress.it\\\/\",\"name\":\"Bellunopress - Dolomiti\",\"description\":\"e-mail: redazione@bellunopress.it\",\"publisher\":{\"@id\":\"https:\\\/\\\/www.bellunopress.it\\\/#organization\"},\"potentialAction\":[{\"@type\":\"SearchAction\",\"target\":{\"@type\":\"EntryPoint\",\"urlTemplate\":\"https:\\\/\\\/www.bellunopress.it\\\/?s={search_term_string}\"},\"query-input\":{\"@type\":\"PropertyValueSpecification\",\"valueRequired\":true,\"valueName\":\"search_term_string\"}}],\"inLanguage\":\"fr-FR\"},{\"@type\":\"Organization\",\"@id\":\"https:\\\/\\\/www.bellunopress.it\\\/#organization\",\"name\":\"Bellunopress\",\"url\":\"https:\\\/\\\/www.bellunopress.it\\\/\",\"logo\":{\"@type\":\"ImageObject\",\"inLanguage\":\"fr-FR\",\"@id\":\"https:\\\/\\\/www.bellunopress.it\\\/#\\\/schema\\\/logo\\\/image\\\/\",\"url\":\"https:\\\/\\\/www.bellunopress.it\\\/wp-content\\\/uploads\\\/2011\\\/05\\\/cropped-logo-bellunopress-.jpg\",\"contentUrl\":\"https:\\\/\\\/www.bellunopress.it\\\/wp-content\\\/uploads\\\/2011\\\/05\\\/cropped-logo-bellunopress-.jpg\",\"width\":512,\"height\":512,\"caption\":\"Bellunopress\"},\"image\":{\"@id\":\"https:\\\/\\\/www.bellunopress.it\\\/#\\\/schema\\\/logo\\\/image\\\/\"},\"sameAs\":[\"https:\\\/\\\/www.facebook.com\\\/profile.php?id=100008943462799\",\"https:\\\/\\\/x.com\\\/bellunopress\",\"https:\\\/\\\/www.linkedin.com\\\/hp\\\/?dnr=JBzUWaJfMUw8vbXJJ2tVW5-I3jZKvC4wsoxE&amp;amp;amp;amp;amp;amp;trk=nav_responsive_tab_home\",\"https:\\\/\\\/www.youtube.com\\\/channel\\\/UCxL0wu1uN0_3_7hGG0306cw\"]},{\"@type\":\"Person\",\"@id\":\"https:\\\/\\\/www.bellunopress.it\\\/#\\\/schema\\\/person\\\/79bb06722b37ece1c03d3e94beb30d73\",\"name\":\"redazione\",\"image\":{\"@type\":\"ImageObject\",\"inLanguage\":\"fr-FR\",\"@id\":\"https:\\\/\\\/secure.gravatar.com\\\/avatar\\\/37d968a2e67a6fd04c169c4bdef102d0bc5d31b2546345219e348575eb80e9a0?s=96&d=mm&r=g\",\"url\":\"https:\\\/\\\/secure.gravatar.com\\\/avatar\\\/37d968a2e67a6fd04c169c4bdef102d0bc5d31b2546345219e348575eb80e9a0?s=96&d=mm&r=g\",\"contentUrl\":\"https:\\\/\\\/secure.gravatar.com\\\/avatar\\\/37d968a2e67a6fd04c169c4bdef102d0bc5d31b2546345219e348575eb80e9a0?s=96&d=mm&r=g\",\"caption\":\"redazione\"},\"sameAs\":[\"http:\\\/\\\/www.bellunopress.it\",\"https:\\\/\\\/x.com\\\/bellunopress\"],\"url\":\"https:\\\/\\\/www.bellunopress.it\\\/fr\\\/author\\\/redazione\\\/\"}]}<\/script>\n<!-- \/ Yoast SEO plugin. -->","yoast_head_json":{"title":"Borgo Valbelluna: l\u2019Istituto Comprensivo di Mel nell\u2019ambito dell\u2019orientamento scolastico, organizza un incontro con ex alunni. - Bellunopress - Dolomiti","robots":{"index":"index","follow":"follow","max-snippet":"max-snippet:-1","max-image-preview":"max-image-preview:large","max-video-preview":"max-video-preview:-1"},"canonical":"https:\/\/www.bellunopress.it\/fr\/2026\/01\/18\/borgo-valbelluna-listituto-comprensivo-di-mel-nellambito-dellorientamento-scolastico-organizza-un-incontro-con-ex-alunni\/","og_locale":"fr_FR","og_type":"article","og_title":"Borgo Valbelluna: l\u2019Istituto Comprensivo di Mel nell\u2019ambito dell\u2019orientamento scolastico, organizza un incontro con ex alunni. - Bellunopress - Dolomiti","og_description":"Orientamento scolastico non significa solo illustrare quelle che sono le scuole superiori alle quali si pu\u00f2 accedere, ma anche raccontare ai ragazzi i possibili percorsi che potranno incontrare e intraprendere nella vita. Oggi, rispetto a un tempo, la scuola superiore o l\u2019universit\u00e0 non determinano pi\u00f9 a priori quello che sar\u00e0 la carriera professionale di un [&hellip;]","og_url":"https:\/\/www.bellunopress.it\/fr\/2026\/01\/18\/borgo-valbelluna-listituto-comprensivo-di-mel-nellambito-dellorientamento-scolastico-organizza-un-incontro-con-ex-alunni\/","og_site_name":"Bellunopress - Dolomiti","article_publisher":"https:\/\/www.facebook.com\/profile.php?id=100008943462799","article_published_time":"2026-01-18T17:15:09+00:00","og_image":[{"width":600,"height":450,"url":"https:\/\/www.bellunopress.it\/wp-content\/uploads\/2026\/01\/Roberto-Menel-Annita-Iovine-Giulia-Menel-Marco-Lorenzet-Valentina-e-Tommaso-De-Toffol.jpeg","type":"image\/jpeg"}],"author":"redazione","twitter_card":"summary_large_image","twitter_creator":"@bellunopress","twitter_site":"@bellunopress","twitter_misc":{"\u00c9crit par":"redazione","Dur\u00e9e de lecture estim\u00e9e":"3 minutes"},"schema":{"@context":"https:\/\/schema.org","@graph":[{"@type":"Article","@id":"https:\/\/www.bellunopress.it\/2026\/01\/18\/borgo-valbelluna-listituto-comprensivo-di-mel-nellambito-dellorientamento-scolastico-organizza-un-incontro-con-ex-alunni\/#article","isPartOf":{"@id":"https:\/\/www.bellunopress.it\/2026\/01\/18\/borgo-valbelluna-listituto-comprensivo-di-mel-nellambito-dellorientamento-scolastico-organizza-un-incontro-con-ex-alunni\/"},"author":{"name":"redazione","@id":"https:\/\/www.bellunopress.it\/#\/schema\/person\/79bb06722b37ece1c03d3e94beb30d73"},"headline":"Borgo Valbelluna: l\u2019Istituto Comprensivo di Mel nell\u2019ambito dell\u2019orientamento scolastico, organizza un incontro con ex alunni.","datePublished":"2026-01-18T17:15:09+00:00","mainEntityOfPage":{"@id":"https:\/\/www.bellunopress.it\/2026\/01\/18\/borgo-valbelluna-listituto-comprensivo-di-mel-nellambito-dellorientamento-scolastico-organizza-un-incontro-con-ex-alunni\/"},"wordCount":575,"publisher":{"@id":"https:\/\/www.bellunopress.it\/#organization"},"image":{"@id":"https:\/\/www.bellunopress.it\/2026\/01\/18\/borgo-valbelluna-listituto-comprensivo-di-mel-nellambito-dellorientamento-scolastico-organizza-un-incontro-con-ex-alunni\/#primaryimage"},"thumbnailUrl":"https:\/\/www.bellunopress.it\/wp-content\/uploads\/2026\/01\/Roberto-Menel-Annita-Iovine-Giulia-Menel-Marco-Lorenzet-Valentina-e-Tommaso-De-Toffol.jpeg","articleSection":["Prima Pagina","Scuola"],"inLanguage":"fr-FR"},{"@type":"WebPage","@id":"https:\/\/www.bellunopress.it\/2026\/01\/18\/borgo-valbelluna-listituto-comprensivo-di-mel-nellambito-dellorientamento-scolastico-organizza-un-incontro-con-ex-alunni\/","url":"https:\/\/www.bellunopress.it\/2026\/01\/18\/borgo-valbelluna-listituto-comprensivo-di-mel-nellambito-dellorientamento-scolastico-organizza-un-incontro-con-ex-alunni\/","name":"Borgo Valbelluna: l\u2019Istituto Comprensivo di Mel nell\u2019ambito dell\u2019orientamento scolastico, organizza un incontro con ex alunni. - Bellunopress - Dolomiti","isPartOf":{"@id":"https:\/\/www.bellunopress.it\/#website"},"primaryImageOfPage":{"@id":"https:\/\/www.bellunopress.it\/2026\/01\/18\/borgo-valbelluna-listituto-comprensivo-di-mel-nellambito-dellorientamento-scolastico-organizza-un-incontro-con-ex-alunni\/#primaryimage"},"image":{"@id":"https:\/\/www.bellunopress.it\/2026\/01\/18\/borgo-valbelluna-listituto-comprensivo-di-mel-nellambito-dellorientamento-scolastico-organizza-un-incontro-con-ex-alunni\/#primaryimage"},"thumbnailUrl":"https:\/\/www.bellunopress.it\/wp-content\/uploads\/2026\/01\/Roberto-Menel-Annita-Iovine-Giulia-Menel-Marco-Lorenzet-Valentina-e-Tommaso-De-Toffol.jpeg","datePublished":"2026-01-18T17:15:09+00:00","breadcrumb":{"@id":"https:\/\/www.bellunopress.it\/2026\/01\/18\/borgo-valbelluna-listituto-comprensivo-di-mel-nellambito-dellorientamento-scolastico-organizza-un-incontro-con-ex-alunni\/#breadcrumb"},"inLanguage":"fr-FR","potentialAction":[{"@type":"ReadAction","target":["https:\/\/www.bellunopress.it\/2026\/01\/18\/borgo-valbelluna-listituto-comprensivo-di-mel-nellambito-dellorientamento-scolastico-organizza-un-incontro-con-ex-alunni\/"]}]},{"@type":"ImageObject","inLanguage":"fr-FR","@id":"https:\/\/www.bellunopress.it\/2026\/01\/18\/borgo-valbelluna-listituto-comprensivo-di-mel-nellambito-dellorientamento-scolastico-organizza-un-incontro-con-ex-alunni\/#primaryimage","url":"https:\/\/www.bellunopress.it\/wp-content\/uploads\/2026\/01\/Roberto-Menel-Annita-Iovine-Giulia-Menel-Marco-Lorenzet-Valentina-e-Tommaso-De-Toffol.jpeg","contentUrl":"https:\/\/www.bellunopress.it\/wp-content\/uploads\/2026\/01\/Roberto-Menel-Annita-Iovine-Giulia-Menel-Marco-Lorenzet-Valentina-e-Tommaso-De-Toffol.jpeg","width":600,"height":450,"caption":"Roberto Menel Annita Iovine Giulia Menel Marco Lorenzet Valentina e Tommaso De Toffol"},{"@type":"BreadcrumbList","@id":"https:\/\/www.bellunopress.it\/2026\/01\/18\/borgo-valbelluna-listituto-comprensivo-di-mel-nellambito-dellorientamento-scolastico-organizza-un-incontro-con-ex-alunni\/#breadcrumb","itemListElement":[{"@type":"ListItem","position":1,"name":"Home","item":"https:\/\/www.bellunopress.it\/"},{"@type":"ListItem","position":2,"name":"Borgo Valbelluna: l\u2019Istituto Comprensivo di Mel nell\u2019ambito dell\u2019orientamento scolastico, organizza un incontro con ex alunni."}]},{"@type":"WebSite","@id":"https:\/\/www.bellunopress.it\/#website","url":"https:\/\/www.bellunopress.it\/","name":"Bellunopress - Dolomiti","description":"e-mail: redazione@bellunopress.it","publisher":{"@id":"https:\/\/www.bellunopress.it\/#organization"},"potentialAction":[{"@type":"SearchAction","target":{"@type":"EntryPoint","urlTemplate":"https:\/\/www.bellunopress.it\/?s={search_term_string}"},"query-input":{"@type":"PropertyValueSpecification","valueRequired":true,"valueName":"search_term_string"}}],"inLanguage":"fr-FR"},{"@type":"Organization","@id":"https:\/\/www.bellunopress.it\/#organization","name":"Bellunopress","url":"https:\/\/www.bellunopress.it\/","logo":{"@type":"ImageObject","inLanguage":"fr-FR","@id":"https:\/\/www.bellunopress.it\/#\/schema\/logo\/image\/","url":"https:\/\/www.bellunopress.it\/wp-content\/uploads\/2011\/05\/cropped-logo-bellunopress-.jpg","contentUrl":"https:\/\/www.bellunopress.it\/wp-content\/uploads\/2011\/05\/cropped-logo-bellunopress-.jpg","width":512,"height":512,"caption":"Bellunopress"},"image":{"@id":"https:\/\/www.bellunopress.it\/#\/schema\/logo\/image\/"},"sameAs":["https:\/\/www.facebook.com\/profile.php?id=100008943462799","https:\/\/x.com\/bellunopress","https:\/\/www.linkedin.com\/hp\/?dnr=JBzUWaJfMUw8vbXJJ2tVW5-I3jZKvC4wsoxE&amp;amp;amp;amp;amp;amp;trk=nav_responsive_tab_home","https:\/\/www.youtube.com\/channel\/UCxL0wu1uN0_3_7hGG0306cw"]},{"@type":"Person","@id":"https:\/\/www.bellunopress.it\/#\/schema\/person\/79bb06722b37ece1c03d3e94beb30d73","name":"r\u00e9daction","image":{"@type":"ImageObject","inLanguage":"fr-FR","@id":"https:\/\/secure.gravatar.com\/avatar\/37d968a2e67a6fd04c169c4bdef102d0bc5d31b2546345219e348575eb80e9a0?s=96&d=mm&r=g","url":"https:\/\/secure.gravatar.com\/avatar\/37d968a2e67a6fd04c169c4bdef102d0bc5d31b2546345219e348575eb80e9a0?s=96&d=mm&r=g","contentUrl":"https:\/\/secure.gravatar.com\/avatar\/37d968a2e67a6fd04c169c4bdef102d0bc5d31b2546345219e348575eb80e9a0?s=96&d=mm&r=g","caption":"redazione"},"sameAs":["http:\/\/www.bellunopress.it","https:\/\/x.com\/bellunopress"],"url":"https:\/\/www.bellunopress.it\/fr\/author\/redazione\/"}]}},"_links":{"self":[{"href":"https:\/\/www.bellunopress.it\/fr\/wp-json\/wp\/v2\/posts\/166541","targetHints":{"allow":["GET"]}}],"collection":[{"href":"https:\/\/www.bellunopress.it\/fr\/wp-json\/wp\/v2\/posts"}],"about":[{"href":"https:\/\/www.bellunopress.it\/fr\/wp-json\/wp\/v2\/types\/post"}],"author":[{"embeddable":true,"href":"https:\/\/www.bellunopress.it\/fr\/wp-json\/wp\/v2\/users\/2"}],"replies":[{"embeddable":true,"href":"https:\/\/www.bellunopress.it\/fr\/wp-json\/wp\/v2\/comments?post=166541"}],"version-history":[{"count":1,"href":"https:\/\/www.bellunopress.it\/fr\/wp-json\/wp\/v2\/posts\/166541\/revisions"}],"predecessor-version":[{"id":166543,"href":"https:\/\/www.bellunopress.it\/fr\/wp-json\/wp\/v2\/posts\/166541\/revisions\/166543"}],"wp:featuredmedia":[{"embeddable":true,"href":"https:\/\/www.bellunopress.it\/fr\/wp-json\/wp\/v2\/media\/166542"}],"wp:attachment":[{"href":"https:\/\/www.bellunopress.it\/fr\/wp-json\/wp\/v2\/media?parent=166541"}],"wp:term":[{"taxonomy":"category","embeddable":true,"href":"https:\/\/www.bellunopress.it\/fr\/wp-json\/wp\/v2\/categories?post=166541"},{"taxonomy":"post_tag","embeddable":true,"href":"https:\/\/www.bellunopress.it\/fr\/wp-json\/wp\/v2\/tags?post=166541"}],"curies":[{"name":"wp","href":"https:\/\/api.w.org\/{rel}","templated":true}]}}