{"id":166528,"date":"2026-01-18T09:27:56","date_gmt":"2026-01-18T08:27:56","guid":{"rendered":"https:\/\/www.bellunopress.it\/?p=166528"},"modified":"2026-01-18T05:34:13","modified_gmt":"2026-01-18T04:34:13","slug":"il-ritorno-dei-lupi-conoscerli-per-convivere-in-sicurezza-venerdi-a-belluno-il-convegno","status":"publish","type":"post","link":"https:\/\/www.bellunopress.it\/fr\/2026\/01\/18\/il-ritorno-dei-lupi-conoscerli-per-convivere-in-sicurezza-venerdi-a-belluno-il-convegno\/","title":{"rendered":"Il ritorno dei lupi: conoscerli per convivere in sicurezza. Venerd\u00ec a Belluno il convegno"},"content":{"rendered":"<figure id=\"attachment_155410\" aria-describedby=\"caption-attachment-155410\" style=\"width: 1000px\" class=\"wp-caption aligncenter\"><img loading=\"lazy\" decoding=\"async\" class=\"size-full wp-image-155410\" src=\"https:\/\/www.bellunopress.it\/wp-content\/uploads\/2024\/10\/crepadona-biblioteca-1_edited.jpg\" alt=\"\" width=\"1000\" height=\"750\" srcset=\"https:\/\/www.bellunopress.it\/wp-content\/uploads\/2024\/10\/crepadona-biblioteca-1_edited.jpg 1000w, https:\/\/www.bellunopress.it\/wp-content\/uploads\/2024\/10\/crepadona-biblioteca-1_edited-500x375.jpg 500w, https:\/\/www.bellunopress.it\/wp-content\/uploads\/2024\/10\/crepadona-biblioteca-1_edited-560x420.jpg 560w, https:\/\/www.bellunopress.it\/wp-content\/uploads\/2024\/10\/crepadona-biblioteca-1_edited-80x60.jpg 80w, https:\/\/www.bellunopress.it\/wp-content\/uploads\/2024\/10\/crepadona-biblioteca-1_edited-696x522.jpg 696w\" sizes=\"auto, (max-width: 1000px) 100vw, 1000px\" \/><figcaption id=\"caption-attachment-155410\" class=\"wp-caption-text\">Palazzo Crepadona, sede della Biblioteca Civica di Belluno<\/figcaption><\/figure>\n<p><strong>Venerd\u00ec 23 gennaio alle 18:30 in Crepadona il convegno organizzato in collaborazione con LAV<\/strong><\/p>\n<p>Il ritorno del lupo nel Bellunese: informare, conoscere e superare paure e pregiudizi \u00e8 il primo passo per una convivenza sicura e responsabile.<br \/>\nE\u2019 questo l\u2019obiettivo con il quale LAV \u2013 Lega Anti Vivisezione, con il patrocinio e la collaborazione del Comune di Belluno, organizza il convegno \u201cIl ritorno dei lupi: conoscerli per convivere in sicurezza tra comprensibili preoccupazioni e realt\u00e0 scientifiche\u201d, in programma venerd\u00ec 23 gennaio, dalle 18.30 alle 20, nella sala conferenze di Palazzo Crepadona.<\/p>\n<p>L\u2019incontro nasce dalla crescente attenzione e curiosit\u00e0 rispetto alla presenza del lupo sul territorio. In assenza di informazioni corrette e aggiornate, infatti, il dibattito pubblico \u00e8 spesso influenzato da timori e preconcetti che non trovano riscontro nella reale conoscenza etologica e biologica della specie. Una situazione che pu\u00f2 alimentare paure ingiustificate. All\u2019interno di questo quadro, il convegno punta quindi ad offrire strumenti di conoscenza scientifica, indicazioni pratiche per prevenire e gestire in sicurezza eventuali incontri e un\u2019occasione di confronto aperto con esperti qualificati.<\/p>\n<p>Ad aprire l\u2019incontro saranno i saluti dell\u2019Amministrazione e di rappresentanti della sede LAV di Belluno. Seguiranno gli interventi di:<br \/>\n&#8211; Massimo Vitturi, responsabile Area Animali Selvatici LAV;<br \/>\n&#8211; Renato Semenzato, biologo che, tra gli altri, ha collaborato con il Parco Nazionale delle Dolomiti Bellunesi per la prevenzione delle predazioni da lupo ed \u00e8 docente presso la scuola di Formazione dei Carabinieri Forestali di Cittaducale (RI) su ecologia e etologia per ridurre le predazioni da lupo;<br \/>\n&#8211; Isidoro Furlan, Generale di Brigata dei Carabinieri Forestali, gi\u00e0 comandante provinciale di Belluno, con una lunga esperienza sul tema della convivenza tra lupi e cittadini, maturata in particolare in Lessinia.<\/p>\n<p>\u201cNon \u00e8 il primo convegno che Belluno dedica al tema del lupo \u2013 sottolinea il consigliere comunale Lorenzo Bortoluzzi \u2013, ma \u00e8 la conferma di quanto sia necessario continuare a investire sull\u2019informazione. Negli anni sono stati fatti passi avanti importanti: oggi c\u2019\u00e8 una sensibilit\u00e0 e una consapevolezza diverse rispetto alla convivenza con questa specie, che \u00e8 tornata a vivere legittimamente nei nostri boschi. L\u2019informazione \u00e8 il modo migliore per combattere anche la paura. Per questo continueremo a promuovere momenti di incontro e approfondimento come questo\u201d.<\/p>\n<p>L\u2019ingresso \u00e8 libero fino a esaurimento posti.<\/p>","protected":false},"excerpt":{"rendered":"<p>Venerd\u00ec 23 gennaio alle 18:30 in Crepadona il convegno organizzato in collaborazione con LAV Il ritorno del lupo nel Bellunese: informare, conoscere e superare paure e pregiudizi \u00e8 il primo passo per una convivenza sicura e responsabile. E\u2019 questo l\u2019obiettivo con il quale LAV \u2013 Lega Anti Vivisezione, con il patrocinio e la collaborazione del [&hellip;]<\/p>\n","protected":false},"author":2,"featured_media":165858,"comment_status":"closed","ping_status":"open","sticky":false,"template":"","format":"standard","meta":{"footnotes":""},"categories":[38,25],"tags":[],"class_list":["post-166528","post","type-post","status-publish","format-standard","has-post-thumbnail","category-natura-ambiente","category-pausa-caffe"],"yoast_head":"<!-- This site is optimized with the Yoast SEO plugin v28.4 - https:\/\/yoast.com\/product\/yoast-seo-wordpress\/ -->\n<title>Il ritorno dei lupi: conoscerli per convivere in sicurezza. Venerd\u00ec a Belluno il convegno - Bellunopress - Dolomiti<\/title>\n<meta name=\"robots\" content=\"index, follow, max-snippet:-1, max-image-preview:large, max-video-preview:-1\" \/>\n<link rel=\"canonical\" href=\"https:\/\/www.bellunopress.it\/fr\/2026\/01\/18\/il-ritorno-dei-lupi-conoscerli-per-convivere-in-sicurezza-venerdi-a-belluno-il-convegno\/\" \/>\n<meta property=\"og:locale\" content=\"fr_FR\" \/>\n<meta property=\"og:type\" content=\"article\" \/>\n<meta property=\"og:title\" content=\"Il ritorno dei lupi: conoscerli per convivere in sicurezza. Venerd\u00ec a Belluno il convegno - Bellunopress - Dolomiti\" \/>\n<meta property=\"og:description\" content=\"Venerd\u00ec 23 gennaio alle 18:30 in Crepadona il convegno organizzato in collaborazione con LAV Il ritorno del lupo nel Bellunese: informare, conoscere e superare paure e pregiudizi \u00e8 il primo passo per una convivenza sicura e responsabile. E\u2019 questo l\u2019obiettivo con il quale LAV \u2013 Lega Anti Vivisezione, con il patrocinio e la collaborazione del [&hellip;]\" \/>\n<meta property=\"og:url\" content=\"https:\/\/www.bellunopress.it\/fr\/2026\/01\/18\/il-ritorno-dei-lupi-conoscerli-per-convivere-in-sicurezza-venerdi-a-belluno-il-convegno\/\" \/>\n<meta property=\"og:site_name\" content=\"Bellunopress - Dolomiti\" \/>\n<meta property=\"article:publisher\" content=\"https:\/\/www.facebook.com\/profile.php?id=100008943462799\" \/>\n<meta property=\"article:published_time\" content=\"2026-01-18T08:27:56+00:00\" \/>\n<meta property=\"og:image\" content=\"https:\/\/www.bellunopress.it\/wp-content\/uploads\/2025\/12\/lupo-branco.jpg\" \/>\n\t<meta property=\"og:image:width\" content=\"800\" \/>\n\t<meta property=\"og:image:height\" content=\"533\" \/>\n\t<meta property=\"og:image:type\" content=\"image\/jpeg\" \/>\n<meta name=\"author\" content=\"redazione\" \/>\n<meta name=\"twitter:card\" content=\"summary_large_image\" \/>\n<meta name=\"twitter:creator\" content=\"@bellunopress\" \/>\n<meta name=\"twitter:site\" content=\"@bellunopress\" \/>\n<meta name=\"twitter:label1\" content=\"\u00c9crit par\" \/>\n\t<meta name=\"twitter:data1\" content=\"redazione\" \/>\n\t<meta name=\"twitter:label2\" content=\"Dur\u00e9e de lecture estim\u00e9e\" \/>\n\t<meta name=\"twitter:data2\" content=\"2 minutes\" \/>\n<script type=\"application\/ld+json\" class=\"yoast-schema-graph\">{\"@context\":\"https:\\\/\\\/schema.org\",\"@graph\":[{\"@type\":\"Article\",\"@id\":\"https:\\\/\\\/www.bellunopress.it\\\/2026\\\/01\\\/18\\\/il-ritorno-dei-lupi-conoscerli-per-convivere-in-sicurezza-venerdi-a-belluno-il-convegno\\\/#article\",\"isPartOf\":{\"@id\":\"https:\\\/\\\/www.bellunopress.it\\\/2026\\\/01\\\/18\\\/il-ritorno-dei-lupi-conoscerli-per-convivere-in-sicurezza-venerdi-a-belluno-il-convegno\\\/\"},\"author\":{\"name\":\"redazione\",\"@id\":\"https:\\\/\\\/www.bellunopress.it\\\/#\\\/schema\\\/person\\\/79bb06722b37ece1c03d3e94beb30d73\"},\"headline\":\"Il ritorno dei lupi: conoscerli per convivere in sicurezza. Venerd\u00ec a Belluno il convegno\",\"datePublished\":\"2026-01-18T08:27:56+00:00\",\"mainEntityOfPage\":{\"@id\":\"https:\\\/\\\/www.bellunopress.it\\\/2026\\\/01\\\/18\\\/il-ritorno-dei-lupi-conoscerli-per-convivere-in-sicurezza-venerdi-a-belluno-il-convegno\\\/\"},\"wordCount\":394,\"publisher\":{\"@id\":\"https:\\\/\\\/www.bellunopress.it\\\/#organization\"},\"image\":{\"@id\":\"https:\\\/\\\/www.bellunopress.it\\\/2026\\\/01\\\/18\\\/il-ritorno-dei-lupi-conoscerli-per-convivere-in-sicurezza-venerdi-a-belluno-il-convegno\\\/#primaryimage\"},\"thumbnailUrl\":\"https:\\\/\\\/www.bellunopress.it\\\/wp-content\\\/uploads\\\/2025\\\/12\\\/lupo-branco.jpg\",\"articleSection\":[\"Meteo, natura, ambiente, animali\",\"Pausa Caff\u00e8\"],\"inLanguage\":\"fr-FR\"},{\"@type\":\"WebPage\",\"@id\":\"https:\\\/\\\/www.bellunopress.it\\\/2026\\\/01\\\/18\\\/il-ritorno-dei-lupi-conoscerli-per-convivere-in-sicurezza-venerdi-a-belluno-il-convegno\\\/\",\"url\":\"https:\\\/\\\/www.bellunopress.it\\\/2026\\\/01\\\/18\\\/il-ritorno-dei-lupi-conoscerli-per-convivere-in-sicurezza-venerdi-a-belluno-il-convegno\\\/\",\"name\":\"Il ritorno dei lupi: conoscerli per convivere in sicurezza. Venerd\u00ec a Belluno il convegno - Bellunopress - Dolomiti\",\"isPartOf\":{\"@id\":\"https:\\\/\\\/www.bellunopress.it\\\/#website\"},\"primaryImageOfPage\":{\"@id\":\"https:\\\/\\\/www.bellunopress.it\\\/2026\\\/01\\\/18\\\/il-ritorno-dei-lupi-conoscerli-per-convivere-in-sicurezza-venerdi-a-belluno-il-convegno\\\/#primaryimage\"},\"image\":{\"@id\":\"https:\\\/\\\/www.bellunopress.it\\\/2026\\\/01\\\/18\\\/il-ritorno-dei-lupi-conoscerli-per-convivere-in-sicurezza-venerdi-a-belluno-il-convegno\\\/#primaryimage\"},\"thumbnailUrl\":\"https:\\\/\\\/www.bellunopress.it\\\/wp-content\\\/uploads\\\/2025\\\/12\\\/lupo-branco.jpg\",\"datePublished\":\"2026-01-18T08:27:56+00:00\",\"breadcrumb\":{\"@id\":\"https:\\\/\\\/www.bellunopress.it\\\/2026\\\/01\\\/18\\\/il-ritorno-dei-lupi-conoscerli-per-convivere-in-sicurezza-venerdi-a-belluno-il-convegno\\\/#breadcrumb\"},\"inLanguage\":\"fr-FR\",\"potentialAction\":[{\"@type\":\"ReadAction\",\"target\":[\"https:\\\/\\\/www.bellunopress.it\\\/2026\\\/01\\\/18\\\/il-ritorno-dei-lupi-conoscerli-per-convivere-in-sicurezza-venerdi-a-belluno-il-convegno\\\/\"]}]},{\"@type\":\"ImageObject\",\"inLanguage\":\"fr-FR\",\"@id\":\"https:\\\/\\\/www.bellunopress.it\\\/2026\\\/01\\\/18\\\/il-ritorno-dei-lupi-conoscerli-per-convivere-in-sicurezza-venerdi-a-belluno-il-convegno\\\/#primaryimage\",\"url\":\"https:\\\/\\\/www.bellunopress.it\\\/wp-content\\\/uploads\\\/2025\\\/12\\\/lupo-branco.jpg\",\"contentUrl\":\"https:\\\/\\\/www.bellunopress.it\\\/wp-content\\\/uploads\\\/2025\\\/12\\\/lupo-branco.jpg\",\"width\":800,\"height\":533},{\"@type\":\"BreadcrumbList\",\"@id\":\"https:\\\/\\\/www.bellunopress.it\\\/2026\\\/01\\\/18\\\/il-ritorno-dei-lupi-conoscerli-per-convivere-in-sicurezza-venerdi-a-belluno-il-convegno\\\/#breadcrumb\",\"itemListElement\":[{\"@type\":\"ListItem\",\"position\":1,\"name\":\"Home\",\"item\":\"https:\\\/\\\/www.bellunopress.it\\\/\"},{\"@type\":\"ListItem\",\"position\":2,\"name\":\"Il ritorno dei lupi: conoscerli per convivere in sicurezza. Venerd\u00ec a Belluno il convegno\"}]},{\"@type\":\"WebSite\",\"@id\":\"https:\\\/\\\/www.bellunopress.it\\\/#website\",\"url\":\"https:\\\/\\\/www.bellunopress.it\\\/\",\"name\":\"Bellunopress - Dolomiti\",\"description\":\"e-mail: redazione@bellunopress.it\",\"publisher\":{\"@id\":\"https:\\\/\\\/www.bellunopress.it\\\/#organization\"},\"potentialAction\":[{\"@type\":\"SearchAction\",\"target\":{\"@type\":\"EntryPoint\",\"urlTemplate\":\"https:\\\/\\\/www.bellunopress.it\\\/?s={search_term_string}\"},\"query-input\":{\"@type\":\"PropertyValueSpecification\",\"valueRequired\":true,\"valueName\":\"search_term_string\"}}],\"inLanguage\":\"fr-FR\"},{\"@type\":\"Organization\",\"@id\":\"https:\\\/\\\/www.bellunopress.it\\\/#organization\",\"name\":\"Bellunopress\",\"url\":\"https:\\\/\\\/www.bellunopress.it\\\/\",\"logo\":{\"@type\":\"ImageObject\",\"inLanguage\":\"fr-FR\",\"@id\":\"https:\\\/\\\/www.bellunopress.it\\\/#\\\/schema\\\/logo\\\/image\\\/\",\"url\":\"https:\\\/\\\/www.bellunopress.it\\\/wp-content\\\/uploads\\\/2011\\\/05\\\/cropped-logo-bellunopress-.jpg\",\"contentUrl\":\"https:\\\/\\\/www.bellunopress.it\\\/wp-content\\\/uploads\\\/2011\\\/05\\\/cropped-logo-bellunopress-.jpg\",\"width\":512,\"height\":512,\"caption\":\"Bellunopress\"},\"image\":{\"@id\":\"https:\\\/\\\/www.bellunopress.it\\\/#\\\/schema\\\/logo\\\/image\\\/\"},\"sameAs\":[\"https:\\\/\\\/www.facebook.com\\\/profile.php?id=100008943462799\",\"https:\\\/\\\/x.com\\\/bellunopress\",\"https:\\\/\\\/www.linkedin.com\\\/hp\\\/?dnr=JBzUWaJfMUw8vbXJJ2tVW5-I3jZKvC4wsoxE&amp;amp;amp;amp;amp;amp;trk=nav_responsive_tab_home\",\"https:\\\/\\\/www.youtube.com\\\/channel\\\/UCxL0wu1uN0_3_7hGG0306cw\"]},{\"@type\":\"Person\",\"@id\":\"https:\\\/\\\/www.bellunopress.it\\\/#\\\/schema\\\/person\\\/79bb06722b37ece1c03d3e94beb30d73\",\"name\":\"redazione\",\"image\":{\"@type\":\"ImageObject\",\"inLanguage\":\"fr-FR\",\"@id\":\"https:\\\/\\\/secure.gravatar.com\\\/avatar\\\/37d968a2e67a6fd04c169c4bdef102d0bc5d31b2546345219e348575eb80e9a0?s=96&d=mm&r=g\",\"url\":\"https:\\\/\\\/secure.gravatar.com\\\/avatar\\\/37d968a2e67a6fd04c169c4bdef102d0bc5d31b2546345219e348575eb80e9a0?s=96&d=mm&r=g\",\"contentUrl\":\"https:\\\/\\\/secure.gravatar.com\\\/avatar\\\/37d968a2e67a6fd04c169c4bdef102d0bc5d31b2546345219e348575eb80e9a0?s=96&d=mm&r=g\",\"caption\":\"redazione\"},\"sameAs\":[\"http:\\\/\\\/www.bellunopress.it\",\"https:\\\/\\\/x.com\\\/bellunopress\"],\"url\":\"https:\\\/\\\/www.bellunopress.it\\\/fr\\\/author\\\/redazione\\\/\"}]}<\/script>\n<!-- \/ Yoast SEO plugin. -->","yoast_head_json":{"title":"Il ritorno dei lupi: conoscerli per convivere in sicurezza. Venerd\u00ec a Belluno il convegno - Bellunopress - Dolomiti","robots":{"index":"index","follow":"follow","max-snippet":"max-snippet:-1","max-image-preview":"max-image-preview:large","max-video-preview":"max-video-preview:-1"},"canonical":"https:\/\/www.bellunopress.it\/fr\/2026\/01\/18\/il-ritorno-dei-lupi-conoscerli-per-convivere-in-sicurezza-venerdi-a-belluno-il-convegno\/","og_locale":"fr_FR","og_type":"article","og_title":"Il ritorno dei lupi: conoscerli per convivere in sicurezza. Venerd\u00ec a Belluno il convegno - Bellunopress - Dolomiti","og_description":"Venerd\u00ec 23 gennaio alle 18:30 in Crepadona il convegno organizzato in collaborazione con LAV Il ritorno del lupo nel Bellunese: informare, conoscere e superare paure e pregiudizi \u00e8 il primo passo per una convivenza sicura e responsabile. E\u2019 questo l\u2019obiettivo con il quale LAV \u2013 Lega Anti Vivisezione, con il patrocinio e la collaborazione del [&hellip;]","og_url":"https:\/\/www.bellunopress.it\/fr\/2026\/01\/18\/il-ritorno-dei-lupi-conoscerli-per-convivere-in-sicurezza-venerdi-a-belluno-il-convegno\/","og_site_name":"Bellunopress - Dolomiti","article_publisher":"https:\/\/www.facebook.com\/profile.php?id=100008943462799","article_published_time":"2026-01-18T08:27:56+00:00","og_image":[{"width":800,"height":533,"url":"https:\/\/www.bellunopress.it\/wp-content\/uploads\/2025\/12\/lupo-branco.jpg","type":"image\/jpeg"}],"author":"redazione","twitter_card":"summary_large_image","twitter_creator":"@bellunopress","twitter_site":"@bellunopress","twitter_misc":{"\u00c9crit par":"redazione","Dur\u00e9e de lecture estim\u00e9e":"2 minutes"},"schema":{"@context":"https:\/\/schema.org","@graph":[{"@type":"Article","@id":"https:\/\/www.bellunopress.it\/2026\/01\/18\/il-ritorno-dei-lupi-conoscerli-per-convivere-in-sicurezza-venerdi-a-belluno-il-convegno\/#article","isPartOf":{"@id":"https:\/\/www.bellunopress.it\/2026\/01\/18\/il-ritorno-dei-lupi-conoscerli-per-convivere-in-sicurezza-venerdi-a-belluno-il-convegno\/"},"author":{"name":"redazione","@id":"https:\/\/www.bellunopress.it\/#\/schema\/person\/79bb06722b37ece1c03d3e94beb30d73"},"headline":"Il ritorno dei lupi: conoscerli per convivere in sicurezza. Venerd\u00ec a Belluno il convegno","datePublished":"2026-01-18T08:27:56+00:00","mainEntityOfPage":{"@id":"https:\/\/www.bellunopress.it\/2026\/01\/18\/il-ritorno-dei-lupi-conoscerli-per-convivere-in-sicurezza-venerdi-a-belluno-il-convegno\/"},"wordCount":394,"publisher":{"@id":"https:\/\/www.bellunopress.it\/#organization"},"image":{"@id":"https:\/\/www.bellunopress.it\/2026\/01\/18\/il-ritorno-dei-lupi-conoscerli-per-convivere-in-sicurezza-venerdi-a-belluno-il-convegno\/#primaryimage"},"thumbnailUrl":"https:\/\/www.bellunopress.it\/wp-content\/uploads\/2025\/12\/lupo-branco.jpg","articleSection":["Meteo, natura, ambiente, animali","Pausa Caff\u00e8"],"inLanguage":"fr-FR"},{"@type":"WebPage","@id":"https:\/\/www.bellunopress.it\/2026\/01\/18\/il-ritorno-dei-lupi-conoscerli-per-convivere-in-sicurezza-venerdi-a-belluno-il-convegno\/","url":"https:\/\/www.bellunopress.it\/2026\/01\/18\/il-ritorno-dei-lupi-conoscerli-per-convivere-in-sicurezza-venerdi-a-belluno-il-convegno\/","name":"Il ritorno dei lupi: conoscerli per convivere in sicurezza. Venerd\u00ec a Belluno il convegno - Bellunopress - Dolomiti","isPartOf":{"@id":"https:\/\/www.bellunopress.it\/#website"},"primaryImageOfPage":{"@id":"https:\/\/www.bellunopress.it\/2026\/01\/18\/il-ritorno-dei-lupi-conoscerli-per-convivere-in-sicurezza-venerdi-a-belluno-il-convegno\/#primaryimage"},"image":{"@id":"https:\/\/www.bellunopress.it\/2026\/01\/18\/il-ritorno-dei-lupi-conoscerli-per-convivere-in-sicurezza-venerdi-a-belluno-il-convegno\/#primaryimage"},"thumbnailUrl":"https:\/\/www.bellunopress.it\/wp-content\/uploads\/2025\/12\/lupo-branco.jpg","datePublished":"2026-01-18T08:27:56+00:00","breadcrumb":{"@id":"https:\/\/www.bellunopress.it\/2026\/01\/18\/il-ritorno-dei-lupi-conoscerli-per-convivere-in-sicurezza-venerdi-a-belluno-il-convegno\/#breadcrumb"},"inLanguage":"fr-FR","potentialAction":[{"@type":"ReadAction","target":["https:\/\/www.bellunopress.it\/2026\/01\/18\/il-ritorno-dei-lupi-conoscerli-per-convivere-in-sicurezza-venerdi-a-belluno-il-convegno\/"]}]},{"@type":"ImageObject","inLanguage":"fr-FR","@id":"https:\/\/www.bellunopress.it\/2026\/01\/18\/il-ritorno-dei-lupi-conoscerli-per-convivere-in-sicurezza-venerdi-a-belluno-il-convegno\/#primaryimage","url":"https:\/\/www.bellunopress.it\/wp-content\/uploads\/2025\/12\/lupo-branco.jpg","contentUrl":"https:\/\/www.bellunopress.it\/wp-content\/uploads\/2025\/12\/lupo-branco.jpg","width":800,"height":533},{"@type":"BreadcrumbList","@id":"https:\/\/www.bellunopress.it\/2026\/01\/18\/il-ritorno-dei-lupi-conoscerli-per-convivere-in-sicurezza-venerdi-a-belluno-il-convegno\/#breadcrumb","itemListElement":[{"@type":"ListItem","position":1,"name":"Home","item":"https:\/\/www.bellunopress.it\/"},{"@type":"ListItem","position":2,"name":"Il ritorno dei lupi: conoscerli per convivere in sicurezza. Venerd\u00ec a Belluno il convegno"}]},{"@type":"WebSite","@id":"https:\/\/www.bellunopress.it\/#website","url":"https:\/\/www.bellunopress.it\/","name":"Bellunopress - Dolomiti","description":"e-mail: redazione@bellunopress.it","publisher":{"@id":"https:\/\/www.bellunopress.it\/#organization"},"potentialAction":[{"@type":"SearchAction","target":{"@type":"EntryPoint","urlTemplate":"https:\/\/www.bellunopress.it\/?s={search_term_string}"},"query-input":{"@type":"PropertyValueSpecification","valueRequired":true,"valueName":"search_term_string"}}],"inLanguage":"fr-FR"},{"@type":"Organization","@id":"https:\/\/www.bellunopress.it\/#organization","name":"Bellunopress","url":"https:\/\/www.bellunopress.it\/","logo":{"@type":"ImageObject","inLanguage":"fr-FR","@id":"https:\/\/www.bellunopress.it\/#\/schema\/logo\/image\/","url":"https:\/\/www.bellunopress.it\/wp-content\/uploads\/2011\/05\/cropped-logo-bellunopress-.jpg","contentUrl":"https:\/\/www.bellunopress.it\/wp-content\/uploads\/2011\/05\/cropped-logo-bellunopress-.jpg","width":512,"height":512,"caption":"Bellunopress"},"image":{"@id":"https:\/\/www.bellunopress.it\/#\/schema\/logo\/image\/"},"sameAs":["https:\/\/www.facebook.com\/profile.php?id=100008943462799","https:\/\/x.com\/bellunopress","https:\/\/www.linkedin.com\/hp\/?dnr=JBzUWaJfMUw8vbXJJ2tVW5-I3jZKvC4wsoxE&amp;amp;amp;amp;amp;amp;trk=nav_responsive_tab_home","https:\/\/www.youtube.com\/channel\/UCxL0wu1uN0_3_7hGG0306cw"]},{"@type":"Person","@id":"https:\/\/www.bellunopress.it\/#\/schema\/person\/79bb06722b37ece1c03d3e94beb30d73","name":"r\u00e9daction","image":{"@type":"ImageObject","inLanguage":"fr-FR","@id":"https:\/\/secure.gravatar.com\/avatar\/37d968a2e67a6fd04c169c4bdef102d0bc5d31b2546345219e348575eb80e9a0?s=96&d=mm&r=g","url":"https:\/\/secure.gravatar.com\/avatar\/37d968a2e67a6fd04c169c4bdef102d0bc5d31b2546345219e348575eb80e9a0?s=96&d=mm&r=g","contentUrl":"https:\/\/secure.gravatar.com\/avatar\/37d968a2e67a6fd04c169c4bdef102d0bc5d31b2546345219e348575eb80e9a0?s=96&d=mm&r=g","caption":"redazione"},"sameAs":["http:\/\/www.bellunopress.it","https:\/\/x.com\/bellunopress"],"url":"https:\/\/www.bellunopress.it\/fr\/author\/redazione\/"}]}},"_links":{"self":[{"href":"https:\/\/www.bellunopress.it\/fr\/wp-json\/wp\/v2\/posts\/166528","targetHints":{"allow":["GET"]}}],"collection":[{"href":"https:\/\/www.bellunopress.it\/fr\/wp-json\/wp\/v2\/posts"}],"about":[{"href":"https:\/\/www.bellunopress.it\/fr\/wp-json\/wp\/v2\/types\/post"}],"author":[{"embeddable":true,"href":"https:\/\/www.bellunopress.it\/fr\/wp-json\/wp\/v2\/users\/2"}],"replies":[{"embeddable":true,"href":"https:\/\/www.bellunopress.it\/fr\/wp-json\/wp\/v2\/comments?post=166528"}],"version-history":[{"count":1,"href":"https:\/\/www.bellunopress.it\/fr\/wp-json\/wp\/v2\/posts\/166528\/revisions"}],"predecessor-version":[{"id":166529,"href":"https:\/\/www.bellunopress.it\/fr\/wp-json\/wp\/v2\/posts\/166528\/revisions\/166529"}],"wp:featuredmedia":[{"embeddable":true,"href":"https:\/\/www.bellunopress.it\/fr\/wp-json\/wp\/v2\/media\/165858"}],"wp:attachment":[{"href":"https:\/\/www.bellunopress.it\/fr\/wp-json\/wp\/v2\/media?parent=166528"}],"wp:term":[{"taxonomy":"category","embeddable":true,"href":"https:\/\/www.bellunopress.it\/fr\/wp-json\/wp\/v2\/categories?post=166528"},{"taxonomy":"post_tag","embeddable":true,"href":"https:\/\/www.bellunopress.it\/fr\/wp-json\/wp\/v2\/tags?post=166528"}],"curies":[{"name":"wp","href":"https:\/\/api.w.org\/{rel}","templated":true}]}}