{"id":166520,"date":"2026-01-17T15:21:55","date_gmt":"2026-01-17T14:21:55","guid":{"rendered":"https:\/\/www.bellunopress.it\/?p=166520"},"modified":"2026-01-17T15:21:55","modified_gmt":"2026-01-17T14:21:55","slug":"olimpiadi-2026-presentati-i-nuovi-mezzi-di-soccorso-resteranno-a-belluno-come-eredita-per-il-territorio","status":"publish","type":"post","link":"https:\/\/www.bellunopress.it\/fr\/2026\/01\/17\/olimpiadi-2026-presentati-i-nuovi-mezzi-di-soccorso-resteranno-a-belluno-come-eredita-per-il-territorio\/","title":{"rendered":"Olimpiadi 2026: presentati i nuovi mezzi di soccorso. Resteranno a Belluno come eredit\u00e0 per il territorio"},"content":{"rendered":"<p><img loading=\"lazy\" decoding=\"async\" class=\"aligncenter size-full wp-image-166521\" src=\"https:\/\/www.bellunopress.it\/wp-content\/uploads\/2026\/01\/mezzi-olimpiadi.jpg\" alt=\"\" width=\"600\" height=\"450\" srcset=\"https:\/\/www.bellunopress.it\/wp-content\/uploads\/2026\/01\/mezzi-olimpiadi.jpg 600w, https:\/\/www.bellunopress.it\/wp-content\/uploads\/2026\/01\/mezzi-olimpiadi-500x375.jpg 500w, https:\/\/www.bellunopress.it\/wp-content\/uploads\/2026\/01\/mezzi-olimpiadi-560x420.jpg 560w, https:\/\/www.bellunopress.it\/wp-content\/uploads\/2026\/01\/mezzi-olimpiadi-80x60.jpg 80w\" sizes=\"auto, (max-width: 600px) 100vw, 600px\" \/><img loading=\"lazy\" decoding=\"async\" class=\"aligncenter size-full wp-image-166522\" src=\"https:\/\/www.bellunopress.it\/wp-content\/uploads\/2026\/01\/prefettura-presentazione-mezzi-olimpiadi.jpg\" alt=\"\" width=\"600\" height=\"449\" srcset=\"https:\/\/www.bellunopress.it\/wp-content\/uploads\/2026\/01\/prefettura-presentazione-mezzi-olimpiadi.jpg 600w, https:\/\/www.bellunopress.it\/wp-content\/uploads\/2026\/01\/prefettura-presentazione-mezzi-olimpiadi-500x374.jpg 500w, https:\/\/www.bellunopress.it\/wp-content\/uploads\/2026\/01\/prefettura-presentazione-mezzi-olimpiadi-561x420.jpg 561w, https:\/\/www.bellunopress.it\/wp-content\/uploads\/2026\/01\/prefettura-presentazione-mezzi-olimpiadi-80x60.jpg 80w\" sizes=\"auto, (max-width: 600px) 100vw, 600px\" \/><\/p>\n<figure id=\"attachment_166523\" aria-describedby=\"caption-attachment-166523\" style=\"width: 600px\" class=\"wp-caption aligncenter\"><img loading=\"lazy\" decoding=\"async\" class=\"size-full wp-image-166523\" src=\"https:\/\/www.bellunopress.it\/wp-content\/uploads\/2026\/01\/presid-Alberto-Stefani-e-Paolo-Rosi-regional-manager-Regione.jpg\" alt=\"\" width=\"600\" height=\"528\" srcset=\"https:\/\/www.bellunopress.it\/wp-content\/uploads\/2026\/01\/presid-Alberto-Stefani-e-Paolo-Rosi-regional-manager-Regione.jpg 600w, https:\/\/www.bellunopress.it\/wp-content\/uploads\/2026\/01\/presid-Alberto-Stefani-e-Paolo-Rosi-regional-manager-Regione-500x440.jpg 500w, https:\/\/www.bellunopress.it\/wp-content\/uploads\/2026\/01\/presid-Alberto-Stefani-e-Paolo-Rosi-regional-manager-Regione-477x420.jpg 477w\" sizes=\"auto, (max-width: 600px) 100vw, 600px\" \/><figcaption id=\"caption-attachment-166523\" class=\"wp-caption-text\">Il presidente della Regione Veneto Alberto Stefani e Paolo Rosi regional manager Regione Veneto<\/figcaption><\/figure>\n<p>Belluno, 17 gennaio 2026 \u2013 Il &#8220;Salone delle grandi occasioni&#8221; di Palazzo dei Rettori ha ospitato stamane un momento cruciale nel percorso di avvicinamento ai Giochi Olimpici di Milano-Cortina 2026. Alla presenza delle massime autorit\u00e0 civili, militari e religiose, \u00e8 stata presentata la nuova flotta di mezzi di supporto e soccorso destinata a garantire la sicurezza durante l\u2019evento a cinque cerchi.<\/p>\n<p>Il messaggio emerso con forza dalla Prefettura di Belluno \u00e8 chiaro: le Olimpiadi non saranno solo una vetrina internazionale, ma un\u2019opportunit\u00e0 concreta per potenziare i servizi ai cittadini nel lungo periodo.<\/p>\n<p>Ad aprire l&#8217;incontro \u00e8 stato il Prefetto di Belluno, Antonello Roccoberton, che ha sottolineato la natura permanente di questo investimento. I nuovi mezzi di soccorso acquisiti per le competizioni non lasceranno la provincia al termine delle gare, ma rimarranno a disposizione della comunit\u00e0 bellunese. Un presidio di sicurezza che andr\u00e0 a rafforzare la risposta alle emergenze in un territorio morfologicamente complesso.<\/p>\n<p>Il Commissario dell\u2019Ulss 1 Dolomiti, Giuseppe Dal Ben, ha inquadrato la giornata odierna come una tappa fondamentale di un piano sanitario pi\u00f9 ampio che vede la sinergia tra professionisti e volontariato.<br \/>\n&#8220;In un\u2019epoca in cui si assiste alla chiusura di diverse strutture, noi daremo al Veneto un nuovo ospedale,&#8221; ha dichiarato Dal Ben, riferendosi al Codivilla di Cortina.<br \/>\nCon i suoi 86 posti letto, la struttura rappresenter\u00e0 una delle eredit\u00e0 pi\u00f9 tangibili dei Giochi, trasformandosi in un punto di riferimento stabile per l&#8217;area montana.<\/p>\n<p>Sul piano tecnico, il Regional Medical Care Manager, Paolo Rosi, ha spiegato come la scelta dei mezzi sia stata mirata alle necessit\u00e0 specifiche della provincia. Si tratta di veicoli fuoristrada progettati per operare in condizioni estreme, preziosi non solo per l&#8217;evento olimpico ma fondamentali in futuro per la gestione di eventuali calamit\u00e0. Grazie a questo potenziamento, il sistema di urgenza veneto si candida a diventare un punto di riferimento per il soccorso anche a livello sovranazionale.<\/p>\n<p>Viviana Fusaro, sindaco di Feltre, \u00e8 intervenuta in qualit\u00e0 di Presidente della Conferenza dei Sindaci Ulss 1 Dolomitiper elogiare l&#8217;operato e soprattutto l&#8217;umanit\u00e0 e la professionalit\u00e0 del commissario dell&#8217;Ulss 1 Dolomiti Giuseppe Dal Ben.<\/p>\n<p>A chiudere gli interventi \u00e8 stato il Presidente della Regione del Veneto, Alberto Stefani, che ha introdotto il concetto di &#8220;sostenibilit\u00e0 orizzontale&#8221;. Secondo Stefani, il successo dell&#8217;operazione risiede nella sinergia tra i vari attori coinvolti:<br \/>\n&#8220;Compito della politica sar\u00e0 costruire un\u2019eredit\u00e0 che duri negli anni. La vera sfida \u00e8 far vincere Belluno e il Veneto nei prossimi decenni, ben oltre la durata delle competizioni.&#8221;<\/p>\n<p>L&#8217;incontro si \u00e8 concluso con la consapevolezza che la macchina organizzativa non sta lavorando solo per un evento sportivo, ma per la costruzione di un territorio pi\u00f9 resiliente e attrezzato per il futuro.<\/p>","protected":false},"excerpt":{"rendered":"<p>Belluno, 17 gennaio 2026 \u2013 Il &#8220;Salone delle grandi occasioni&#8221; di Palazzo dei Rettori ha ospitato stamane un momento cruciale nel percorso di avvicinamento ai Giochi Olimpici di Milano-Cortina 2026. Alla presenza delle massime autorit\u00e0 civili, militari e religiose, \u00e8 stata presentata la nuova flotta di mezzi di supporto e soccorso destinata a garantire la [&hellip;]<\/p>\n","protected":false},"author":2,"featured_media":166521,"comment_status":"closed","ping_status":"open","sticky":false,"template":"","format":"standard","meta":{"footnotes":""},"categories":[5,3446,26],"tags":[],"class_list":["post-166520","post","type-post","status-publish","format-standard","has-post-thumbnail","category-cronaca","category-featured","category-prima-pagina"],"yoast_head":"<!-- This site is optimized with the Yoast SEO plugin v28.4 - https:\/\/yoast.com\/product\/yoast-seo-wordpress\/ -->\n<title>Olimpiadi 2026: presentati i nuovi mezzi di soccorso. Resteranno a Belluno come eredit\u00e0 per il territorio - Bellunopress - Dolomiti<\/title>\n<meta name=\"robots\" content=\"index, follow, max-snippet:-1, max-image-preview:large, max-video-preview:-1\" \/>\n<link rel=\"canonical\" href=\"https:\/\/www.bellunopress.it\/fr\/2026\/01\/17\/olimpiadi-2026-presentati-i-nuovi-mezzi-di-soccorso-resteranno-a-belluno-come-eredita-per-il-territorio\/\" \/>\n<meta property=\"og:locale\" content=\"fr_FR\" \/>\n<meta property=\"og:type\" content=\"article\" \/>\n<meta property=\"og:title\" content=\"Olimpiadi 2026: presentati i nuovi mezzi di soccorso. Resteranno a Belluno come eredit\u00e0 per il territorio - Bellunopress - Dolomiti\" \/>\n<meta property=\"og:description\" content=\"Belluno, 17 gennaio 2026 \u2013 Il &#8220;Salone delle grandi occasioni&#8221; di Palazzo dei Rettori ha ospitato stamane un momento cruciale nel percorso di avvicinamento ai Giochi Olimpici di Milano-Cortina 2026. Alla presenza delle massime autorit\u00e0 civili, militari e religiose, \u00e8 stata presentata la nuova flotta di mezzi di supporto e soccorso destinata a garantire la [&hellip;]\" \/>\n<meta property=\"og:url\" content=\"https:\/\/www.bellunopress.it\/fr\/2026\/01\/17\/olimpiadi-2026-presentati-i-nuovi-mezzi-di-soccorso-resteranno-a-belluno-come-eredita-per-il-territorio\/\" \/>\n<meta property=\"og:site_name\" content=\"Bellunopress - Dolomiti\" \/>\n<meta property=\"article:publisher\" content=\"https:\/\/www.facebook.com\/profile.php?id=100008943462799\" \/>\n<meta property=\"article:published_time\" content=\"2026-01-17T14:21:55+00:00\" \/>\n<meta property=\"og:image\" content=\"https:\/\/www.bellunopress.it\/wp-content\/uploads\/2026\/01\/mezzi-olimpiadi.jpg\" \/>\n\t<meta property=\"og:image:width\" content=\"600\" \/>\n\t<meta property=\"og:image:height\" content=\"450\" \/>\n\t<meta property=\"og:image:type\" content=\"image\/jpeg\" \/>\n<meta name=\"author\" content=\"redazione\" \/>\n<meta name=\"twitter:card\" content=\"summary_large_image\" \/>\n<meta name=\"twitter:creator\" content=\"@bellunopress\" \/>\n<meta name=\"twitter:site\" content=\"@bellunopress\" \/>\n<meta name=\"twitter:label1\" content=\"\u00c9crit par\" \/>\n\t<meta name=\"twitter:data1\" content=\"redazione\" \/>\n\t<meta name=\"twitter:label2\" content=\"Dur\u00e9e de lecture estim\u00e9e\" \/>\n\t<meta name=\"twitter:data2\" content=\"2 minutes\" \/>\n<script type=\"application\/ld+json\" class=\"yoast-schema-graph\">{\"@context\":\"https:\\\/\\\/schema.org\",\"@graph\":[{\"@type\":\"Article\",\"@id\":\"https:\\\/\\\/www.bellunopress.it\\\/2026\\\/01\\\/17\\\/olimpiadi-2026-presentati-i-nuovi-mezzi-di-soccorso-resteranno-a-belluno-come-eredita-per-il-territorio\\\/#article\",\"isPartOf\":{\"@id\":\"https:\\\/\\\/www.bellunopress.it\\\/2026\\\/01\\\/17\\\/olimpiadi-2026-presentati-i-nuovi-mezzi-di-soccorso-resteranno-a-belluno-come-eredita-per-il-territorio\\\/\"},\"author\":{\"name\":\"redazione\",\"@id\":\"https:\\\/\\\/www.bellunopress.it\\\/#\\\/schema\\\/person\\\/79bb06722b37ece1c03d3e94beb30d73\"},\"headline\":\"Olimpiadi 2026: presentati i nuovi mezzi di soccorso. Resteranno a Belluno come eredit\u00e0 per il territorio\",\"datePublished\":\"2026-01-17T14:21:55+00:00\",\"mainEntityOfPage\":{\"@id\":\"https:\\\/\\\/www.bellunopress.it\\\/2026\\\/01\\\/17\\\/olimpiadi-2026-presentati-i-nuovi-mezzi-di-soccorso-resteranno-a-belluno-come-eredita-per-il-territorio\\\/\"},\"wordCount\":478,\"publisher\":{\"@id\":\"https:\\\/\\\/www.bellunopress.it\\\/#organization\"},\"image\":{\"@id\":\"https:\\\/\\\/www.bellunopress.it\\\/2026\\\/01\\\/17\\\/olimpiadi-2026-presentati-i-nuovi-mezzi-di-soccorso-resteranno-a-belluno-come-eredita-per-il-territorio\\\/#primaryimage\"},\"thumbnailUrl\":\"https:\\\/\\\/www.bellunopress.it\\\/wp-content\\\/uploads\\\/2026\\\/01\\\/mezzi-olimpiadi.jpg\",\"articleSection\":[\"Cronaca\\\/Politica\",\"Featured\",\"Prima Pagina\"],\"inLanguage\":\"fr-FR\"},{\"@type\":\"WebPage\",\"@id\":\"https:\\\/\\\/www.bellunopress.it\\\/2026\\\/01\\\/17\\\/olimpiadi-2026-presentati-i-nuovi-mezzi-di-soccorso-resteranno-a-belluno-come-eredita-per-il-territorio\\\/\",\"url\":\"https:\\\/\\\/www.bellunopress.it\\\/2026\\\/01\\\/17\\\/olimpiadi-2026-presentati-i-nuovi-mezzi-di-soccorso-resteranno-a-belluno-come-eredita-per-il-territorio\\\/\",\"name\":\"Olimpiadi 2026: presentati i nuovi mezzi di soccorso. Resteranno a Belluno come eredit\u00e0 per il territorio - Bellunopress - Dolomiti\",\"isPartOf\":{\"@id\":\"https:\\\/\\\/www.bellunopress.it\\\/#website\"},\"primaryImageOfPage\":{\"@id\":\"https:\\\/\\\/www.bellunopress.it\\\/2026\\\/01\\\/17\\\/olimpiadi-2026-presentati-i-nuovi-mezzi-di-soccorso-resteranno-a-belluno-come-eredita-per-il-territorio\\\/#primaryimage\"},\"image\":{\"@id\":\"https:\\\/\\\/www.bellunopress.it\\\/2026\\\/01\\\/17\\\/olimpiadi-2026-presentati-i-nuovi-mezzi-di-soccorso-resteranno-a-belluno-come-eredita-per-il-territorio\\\/#primaryimage\"},\"thumbnailUrl\":\"https:\\\/\\\/www.bellunopress.it\\\/wp-content\\\/uploads\\\/2026\\\/01\\\/mezzi-olimpiadi.jpg\",\"datePublished\":\"2026-01-17T14:21:55+00:00\",\"breadcrumb\":{\"@id\":\"https:\\\/\\\/www.bellunopress.it\\\/2026\\\/01\\\/17\\\/olimpiadi-2026-presentati-i-nuovi-mezzi-di-soccorso-resteranno-a-belluno-come-eredita-per-il-territorio\\\/#breadcrumb\"},\"inLanguage\":\"fr-FR\",\"potentialAction\":[{\"@type\":\"ReadAction\",\"target\":[\"https:\\\/\\\/www.bellunopress.it\\\/2026\\\/01\\\/17\\\/olimpiadi-2026-presentati-i-nuovi-mezzi-di-soccorso-resteranno-a-belluno-come-eredita-per-il-territorio\\\/\"]}]},{\"@type\":\"ImageObject\",\"inLanguage\":\"fr-FR\",\"@id\":\"https:\\\/\\\/www.bellunopress.it\\\/2026\\\/01\\\/17\\\/olimpiadi-2026-presentati-i-nuovi-mezzi-di-soccorso-resteranno-a-belluno-come-eredita-per-il-territorio\\\/#primaryimage\",\"url\":\"https:\\\/\\\/www.bellunopress.it\\\/wp-content\\\/uploads\\\/2026\\\/01\\\/mezzi-olimpiadi.jpg\",\"contentUrl\":\"https:\\\/\\\/www.bellunopress.it\\\/wp-content\\\/uploads\\\/2026\\\/01\\\/mezzi-olimpiadi.jpg\",\"width\":600,\"height\":450},{\"@type\":\"BreadcrumbList\",\"@id\":\"https:\\\/\\\/www.bellunopress.it\\\/2026\\\/01\\\/17\\\/olimpiadi-2026-presentati-i-nuovi-mezzi-di-soccorso-resteranno-a-belluno-come-eredita-per-il-territorio\\\/#breadcrumb\",\"itemListElement\":[{\"@type\":\"ListItem\",\"position\":1,\"name\":\"Home\",\"item\":\"https:\\\/\\\/www.bellunopress.it\\\/\"},{\"@type\":\"ListItem\",\"position\":2,\"name\":\"Olimpiadi 2026: presentati i nuovi mezzi di soccorso. Resteranno a Belluno come eredit\u00e0 per il territorio\"}]},{\"@type\":\"WebSite\",\"@id\":\"https:\\\/\\\/www.bellunopress.it\\\/#website\",\"url\":\"https:\\\/\\\/www.bellunopress.it\\\/\",\"name\":\"Bellunopress - Dolomiti\",\"description\":\"e-mail: redazione@bellunopress.it\",\"publisher\":{\"@id\":\"https:\\\/\\\/www.bellunopress.it\\\/#organization\"},\"potentialAction\":[{\"@type\":\"SearchAction\",\"target\":{\"@type\":\"EntryPoint\",\"urlTemplate\":\"https:\\\/\\\/www.bellunopress.it\\\/?s={search_term_string}\"},\"query-input\":{\"@type\":\"PropertyValueSpecification\",\"valueRequired\":true,\"valueName\":\"search_term_string\"}}],\"inLanguage\":\"fr-FR\"},{\"@type\":\"Organization\",\"@id\":\"https:\\\/\\\/www.bellunopress.it\\\/#organization\",\"name\":\"Bellunopress\",\"url\":\"https:\\\/\\\/www.bellunopress.it\\\/\",\"logo\":{\"@type\":\"ImageObject\",\"inLanguage\":\"fr-FR\",\"@id\":\"https:\\\/\\\/www.bellunopress.it\\\/#\\\/schema\\\/logo\\\/image\\\/\",\"url\":\"https:\\\/\\\/www.bellunopress.it\\\/wp-content\\\/uploads\\\/2011\\\/05\\\/cropped-logo-bellunopress-.jpg\",\"contentUrl\":\"https:\\\/\\\/www.bellunopress.it\\\/wp-content\\\/uploads\\\/2011\\\/05\\\/cropped-logo-bellunopress-.jpg\",\"width\":512,\"height\":512,\"caption\":\"Bellunopress\"},\"image\":{\"@id\":\"https:\\\/\\\/www.bellunopress.it\\\/#\\\/schema\\\/logo\\\/image\\\/\"},\"sameAs\":[\"https:\\\/\\\/www.facebook.com\\\/profile.php?id=100008943462799\",\"https:\\\/\\\/x.com\\\/bellunopress\",\"https:\\\/\\\/www.linkedin.com\\\/hp\\\/?dnr=JBzUWaJfMUw8vbXJJ2tVW5-I3jZKvC4wsoxE&amp;amp;amp;amp;amp;amp;trk=nav_responsive_tab_home\",\"https:\\\/\\\/www.youtube.com\\\/channel\\\/UCxL0wu1uN0_3_7hGG0306cw\"]},{\"@type\":\"Person\",\"@id\":\"https:\\\/\\\/www.bellunopress.it\\\/#\\\/schema\\\/person\\\/79bb06722b37ece1c03d3e94beb30d73\",\"name\":\"redazione\",\"image\":{\"@type\":\"ImageObject\",\"inLanguage\":\"fr-FR\",\"@id\":\"https:\\\/\\\/secure.gravatar.com\\\/avatar\\\/37d968a2e67a6fd04c169c4bdef102d0bc5d31b2546345219e348575eb80e9a0?s=96&d=mm&r=g\",\"url\":\"https:\\\/\\\/secure.gravatar.com\\\/avatar\\\/37d968a2e67a6fd04c169c4bdef102d0bc5d31b2546345219e348575eb80e9a0?s=96&d=mm&r=g\",\"contentUrl\":\"https:\\\/\\\/secure.gravatar.com\\\/avatar\\\/37d968a2e67a6fd04c169c4bdef102d0bc5d31b2546345219e348575eb80e9a0?s=96&d=mm&r=g\",\"caption\":\"redazione\"},\"sameAs\":[\"http:\\\/\\\/www.bellunopress.it\",\"https:\\\/\\\/x.com\\\/bellunopress\"],\"url\":\"https:\\\/\\\/www.bellunopress.it\\\/fr\\\/author\\\/redazione\\\/\"}]}<\/script>\n<!-- \/ Yoast SEO plugin. -->","yoast_head_json":{"title":"Olimpiadi 2026: presentati i nuovi mezzi di soccorso. Resteranno a Belluno come eredit\u00e0 per il territorio - Bellunopress - Dolomiti","robots":{"index":"index","follow":"follow","max-snippet":"max-snippet:-1","max-image-preview":"max-image-preview:large","max-video-preview":"max-video-preview:-1"},"canonical":"https:\/\/www.bellunopress.it\/fr\/2026\/01\/17\/olimpiadi-2026-presentati-i-nuovi-mezzi-di-soccorso-resteranno-a-belluno-come-eredita-per-il-territorio\/","og_locale":"fr_FR","og_type":"article","og_title":"Olimpiadi 2026: presentati i nuovi mezzi di soccorso. Resteranno a Belluno come eredit\u00e0 per il territorio - Bellunopress - Dolomiti","og_description":"Belluno, 17 gennaio 2026 \u2013 Il &#8220;Salone delle grandi occasioni&#8221; di Palazzo dei Rettori ha ospitato stamane un momento cruciale nel percorso di avvicinamento ai Giochi Olimpici di Milano-Cortina 2026. Alla presenza delle massime autorit\u00e0 civili, militari e religiose, \u00e8 stata presentata la nuova flotta di mezzi di supporto e soccorso destinata a garantire la [&hellip;]","og_url":"https:\/\/www.bellunopress.it\/fr\/2026\/01\/17\/olimpiadi-2026-presentati-i-nuovi-mezzi-di-soccorso-resteranno-a-belluno-come-eredita-per-il-territorio\/","og_site_name":"Bellunopress - Dolomiti","article_publisher":"https:\/\/www.facebook.com\/profile.php?id=100008943462799","article_published_time":"2026-01-17T14:21:55+00:00","og_image":[{"width":600,"height":450,"url":"https:\/\/www.bellunopress.it\/wp-content\/uploads\/2026\/01\/mezzi-olimpiadi.jpg","type":"image\/jpeg"}],"author":"redazione","twitter_card":"summary_large_image","twitter_creator":"@bellunopress","twitter_site":"@bellunopress","twitter_misc":{"\u00c9crit par":"redazione","Dur\u00e9e de lecture estim\u00e9e":"2 minutes"},"schema":{"@context":"https:\/\/schema.org","@graph":[{"@type":"Article","@id":"https:\/\/www.bellunopress.it\/2026\/01\/17\/olimpiadi-2026-presentati-i-nuovi-mezzi-di-soccorso-resteranno-a-belluno-come-eredita-per-il-territorio\/#article","isPartOf":{"@id":"https:\/\/www.bellunopress.it\/2026\/01\/17\/olimpiadi-2026-presentati-i-nuovi-mezzi-di-soccorso-resteranno-a-belluno-come-eredita-per-il-territorio\/"},"author":{"name":"redazione","@id":"https:\/\/www.bellunopress.it\/#\/schema\/person\/79bb06722b37ece1c03d3e94beb30d73"},"headline":"Olimpiadi 2026: presentati i nuovi mezzi di soccorso. Resteranno a Belluno come eredit\u00e0 per il territorio","datePublished":"2026-01-17T14:21:55+00:00","mainEntityOfPage":{"@id":"https:\/\/www.bellunopress.it\/2026\/01\/17\/olimpiadi-2026-presentati-i-nuovi-mezzi-di-soccorso-resteranno-a-belluno-come-eredita-per-il-territorio\/"},"wordCount":478,"publisher":{"@id":"https:\/\/www.bellunopress.it\/#organization"},"image":{"@id":"https:\/\/www.bellunopress.it\/2026\/01\/17\/olimpiadi-2026-presentati-i-nuovi-mezzi-di-soccorso-resteranno-a-belluno-come-eredita-per-il-territorio\/#primaryimage"},"thumbnailUrl":"https:\/\/www.bellunopress.it\/wp-content\/uploads\/2026\/01\/mezzi-olimpiadi.jpg","articleSection":["Cronaca\/Politica","Featured","Prima Pagina"],"inLanguage":"fr-FR"},{"@type":"WebPage","@id":"https:\/\/www.bellunopress.it\/2026\/01\/17\/olimpiadi-2026-presentati-i-nuovi-mezzi-di-soccorso-resteranno-a-belluno-come-eredita-per-il-territorio\/","url":"https:\/\/www.bellunopress.it\/2026\/01\/17\/olimpiadi-2026-presentati-i-nuovi-mezzi-di-soccorso-resteranno-a-belluno-come-eredita-per-il-territorio\/","name":"Olimpiadi 2026: presentati i nuovi mezzi di soccorso. Resteranno a Belluno come eredit\u00e0 per il territorio - Bellunopress - Dolomiti","isPartOf":{"@id":"https:\/\/www.bellunopress.it\/#website"},"primaryImageOfPage":{"@id":"https:\/\/www.bellunopress.it\/2026\/01\/17\/olimpiadi-2026-presentati-i-nuovi-mezzi-di-soccorso-resteranno-a-belluno-come-eredita-per-il-territorio\/#primaryimage"},"image":{"@id":"https:\/\/www.bellunopress.it\/2026\/01\/17\/olimpiadi-2026-presentati-i-nuovi-mezzi-di-soccorso-resteranno-a-belluno-come-eredita-per-il-territorio\/#primaryimage"},"thumbnailUrl":"https:\/\/www.bellunopress.it\/wp-content\/uploads\/2026\/01\/mezzi-olimpiadi.jpg","datePublished":"2026-01-17T14:21:55+00:00","breadcrumb":{"@id":"https:\/\/www.bellunopress.it\/2026\/01\/17\/olimpiadi-2026-presentati-i-nuovi-mezzi-di-soccorso-resteranno-a-belluno-come-eredita-per-il-territorio\/#breadcrumb"},"inLanguage":"fr-FR","potentialAction":[{"@type":"ReadAction","target":["https:\/\/www.bellunopress.it\/2026\/01\/17\/olimpiadi-2026-presentati-i-nuovi-mezzi-di-soccorso-resteranno-a-belluno-come-eredita-per-il-territorio\/"]}]},{"@type":"ImageObject","inLanguage":"fr-FR","@id":"https:\/\/www.bellunopress.it\/2026\/01\/17\/olimpiadi-2026-presentati-i-nuovi-mezzi-di-soccorso-resteranno-a-belluno-come-eredita-per-il-territorio\/#primaryimage","url":"https:\/\/www.bellunopress.it\/wp-content\/uploads\/2026\/01\/mezzi-olimpiadi.jpg","contentUrl":"https:\/\/www.bellunopress.it\/wp-content\/uploads\/2026\/01\/mezzi-olimpiadi.jpg","width":600,"height":450},{"@type":"BreadcrumbList","@id":"https:\/\/www.bellunopress.it\/2026\/01\/17\/olimpiadi-2026-presentati-i-nuovi-mezzi-di-soccorso-resteranno-a-belluno-come-eredita-per-il-territorio\/#breadcrumb","itemListElement":[{"@type":"ListItem","position":1,"name":"Home","item":"https:\/\/www.bellunopress.it\/"},{"@type":"ListItem","position":2,"name":"Olimpiadi 2026: presentati i nuovi mezzi di soccorso. Resteranno a Belluno come eredit\u00e0 per il territorio"}]},{"@type":"WebSite","@id":"https:\/\/www.bellunopress.it\/#website","url":"https:\/\/www.bellunopress.it\/","name":"Bellunopress - Dolomiti","description":"e-mail: redazione@bellunopress.it","publisher":{"@id":"https:\/\/www.bellunopress.it\/#organization"},"potentialAction":[{"@type":"SearchAction","target":{"@type":"EntryPoint","urlTemplate":"https:\/\/www.bellunopress.it\/?s={search_term_string}"},"query-input":{"@type":"PropertyValueSpecification","valueRequired":true,"valueName":"search_term_string"}}],"inLanguage":"fr-FR"},{"@type":"Organization","@id":"https:\/\/www.bellunopress.it\/#organization","name":"Bellunopress","url":"https:\/\/www.bellunopress.it\/","logo":{"@type":"ImageObject","inLanguage":"fr-FR","@id":"https:\/\/www.bellunopress.it\/#\/schema\/logo\/image\/","url":"https:\/\/www.bellunopress.it\/wp-content\/uploads\/2011\/05\/cropped-logo-bellunopress-.jpg","contentUrl":"https:\/\/www.bellunopress.it\/wp-content\/uploads\/2011\/05\/cropped-logo-bellunopress-.jpg","width":512,"height":512,"caption":"Bellunopress"},"image":{"@id":"https:\/\/www.bellunopress.it\/#\/schema\/logo\/image\/"},"sameAs":["https:\/\/www.facebook.com\/profile.php?id=100008943462799","https:\/\/x.com\/bellunopress","https:\/\/www.linkedin.com\/hp\/?dnr=JBzUWaJfMUw8vbXJJ2tVW5-I3jZKvC4wsoxE&amp;amp;amp;amp;amp;amp;trk=nav_responsive_tab_home","https:\/\/www.youtube.com\/channel\/UCxL0wu1uN0_3_7hGG0306cw"]},{"@type":"Person","@id":"https:\/\/www.bellunopress.it\/#\/schema\/person\/79bb06722b37ece1c03d3e94beb30d73","name":"r\u00e9daction","image":{"@type":"ImageObject","inLanguage":"fr-FR","@id":"https:\/\/secure.gravatar.com\/avatar\/37d968a2e67a6fd04c169c4bdef102d0bc5d31b2546345219e348575eb80e9a0?s=96&d=mm&r=g","url":"https:\/\/secure.gravatar.com\/avatar\/37d968a2e67a6fd04c169c4bdef102d0bc5d31b2546345219e348575eb80e9a0?s=96&d=mm&r=g","contentUrl":"https:\/\/secure.gravatar.com\/avatar\/37d968a2e67a6fd04c169c4bdef102d0bc5d31b2546345219e348575eb80e9a0?s=96&d=mm&r=g","caption":"redazione"},"sameAs":["http:\/\/www.bellunopress.it","https:\/\/x.com\/bellunopress"],"url":"https:\/\/www.bellunopress.it\/fr\/author\/redazione\/"}]}},"_links":{"self":[{"href":"https:\/\/www.bellunopress.it\/fr\/wp-json\/wp\/v2\/posts\/166520","targetHints":{"allow":["GET"]}}],"collection":[{"href":"https:\/\/www.bellunopress.it\/fr\/wp-json\/wp\/v2\/posts"}],"about":[{"href":"https:\/\/www.bellunopress.it\/fr\/wp-json\/wp\/v2\/types\/post"}],"author":[{"embeddable":true,"href":"https:\/\/www.bellunopress.it\/fr\/wp-json\/wp\/v2\/users\/2"}],"replies":[{"embeddable":true,"href":"https:\/\/www.bellunopress.it\/fr\/wp-json\/wp\/v2\/comments?post=166520"}],"version-history":[{"count":1,"href":"https:\/\/www.bellunopress.it\/fr\/wp-json\/wp\/v2\/posts\/166520\/revisions"}],"predecessor-version":[{"id":166524,"href":"https:\/\/www.bellunopress.it\/fr\/wp-json\/wp\/v2\/posts\/166520\/revisions\/166524"}],"wp:featuredmedia":[{"embeddable":true,"href":"https:\/\/www.bellunopress.it\/fr\/wp-json\/wp\/v2\/media\/166521"}],"wp:attachment":[{"href":"https:\/\/www.bellunopress.it\/fr\/wp-json\/wp\/v2\/media?parent=166520"}],"wp:term":[{"taxonomy":"category","embeddable":true,"href":"https:\/\/www.bellunopress.it\/fr\/wp-json\/wp\/v2\/categories?post=166520"},{"taxonomy":"post_tag","embeddable":true,"href":"https:\/\/www.bellunopress.it\/fr\/wp-json\/wp\/v2\/tags?post=166520"}],"curies":[{"name":"wp","href":"https:\/\/api.w.org\/{rel}","templated":true}]}}