{"id":166517,"date":"2026-01-17T08:55:24","date_gmt":"2026-01-17T07:55:24","guid":{"rendered":"https:\/\/www.bellunopress.it\/?p=166517"},"modified":"2026-01-16T21:41:55","modified_gmt":"2026-01-16T20:41:55","slug":"palestina-avs-veneto-in-campo-sospendere-laccordo-ue-israele-mozione-in-consiglio-regionale","status":"publish","type":"post","link":"https:\/\/www.bellunopress.it\/fr\/2026\/01\/17\/palestina-avs-veneto-in-campo-sospendere-laccordo-ue-israele-mozione-in-consiglio-regionale\/","title":{"rendered":"Palestina, AVS Veneto in campo: &#8220;Sospendere l\u2019accordo UE-Israele&#8221;. Mozione in Consiglio Regionale"},"content":{"rendered":"<figure id=\"attachment_166313\" aria-describedby=\"caption-attachment-166313\" style=\"width: 255px\" class=\"wp-caption aligncenter\"><img loading=\"lazy\" decoding=\"async\" class=\"size-full wp-image-166313\" src=\"https:\/\/www.bellunopress.it\/wp-content\/uploads\/2026\/01\/Carlo-Cunegato-consigliere-regionale.jpg\" alt=\"Carlo Cunegato Gruppo Alleanza Verdi e Sinistra Consiglio regionale del Veneto\" width=\"255\" height=\"351\" \/><figcaption id=\"caption-attachment-166313\" class=\"wp-caption-text\">Carlo Cunegato &#8211;<br \/>Gruppo Alleanza Verdi e Sinistra<br \/>Consiglio regionale del Veneto<\/figcaption><\/figure>\n<figure id=\"attachment_124634\" aria-describedby=\"caption-attachment-124634\" style=\"width: 980px\" class=\"wp-caption aligncenter\"><img loading=\"lazy\" decoding=\"async\" class=\"size-full wp-image-124634\" src=\"https:\/\/www.bellunopress.it\/wp-content\/uploads\/2021\/05\/Elena-Ostanel_edited.jpg\" alt=\"\" width=\"980\" height=\"980\" srcset=\"https:\/\/www.bellunopress.it\/wp-content\/uploads\/2021\/05\/Elena-Ostanel_edited.jpg 980w, https:\/\/www.bellunopress.it\/wp-content\/uploads\/2021\/05\/Elena-Ostanel_edited-500x500.jpg 500w, https:\/\/www.bellunopress.it\/wp-content\/uploads\/2021\/05\/Elena-Ostanel_edited-300x300.jpg 300w, https:\/\/www.bellunopress.it\/wp-content\/uploads\/2021\/05\/Elena-Ostanel_edited-696x696.jpg 696w, https:\/\/www.bellunopress.it\/wp-content\/uploads\/2021\/05\/Elena-Ostanel_edited-420x420.jpg 420w\" sizes=\"auto, (max-width: 980px) 100vw, 980px\" \/><figcaption id=\"caption-attachment-124634\" class=\"wp-caption-text\">Elena Ostanel &#8211; Consigliera regionale Veneto che vogliamo<\/figcaption><\/figure>\n<p>I consiglieri regionali Cunegato e Ostanel chiedono alla Giunta di sostenere la petizione europea: \u00abIl Veneto promuova la pace e riconosca lo Stato di Palestina. Non si pu\u00f2 restare indifferenti davanti al genocidio\u00bb.<\/p>\n<p>Venezia, 16\/01\/2026 \u2013 Il conflitto in Medio Oriente approda tra i banchi del Consiglio regionale del Veneto. Il gruppo di Alleanza Verdi e Sinistra (AVS) ha depositato oggi, 16 gennaio 2026, una mozione per impegnare la Giunta regionale su un terreno diplomatico e umanitario di portata internazionale: la sospensione dell&#8217;Accordo di associazione tra Unione Europea e Israele.<\/p>\n<p>L&#8217;iniziativa si inserisce nella campagna europea &#8220;Justice for Palestine&#8221;, promossa dall&#8217;European Left Alliance, e mira a fare pressione sulla Commissione Europea affinch\u00e9 vengano applicate le clausole di salvaguardia dei diritti umani previste dai trattati internazionali.<\/p>\n<p>Al centro della mozione c&#8217;\u00e8 l&#8217;articolo 2 dell&#8217;Accordo di associazione, che vincola esplicitamente i rapporti commerciali e politici tra UE e Israele al rispetto dei principi democratici e dei diritti fondamentali.<\/p>\n<p>\u00abOggi quelle condizioni non sono rispettate\u00bb, dichiarano i consiglieri regionali Carlo Cunegato ed Elena Ostanel. \u00abIl governo di Israele \u00e8 responsabile di un genocidio, come documentato da organismi internazionali e dalle ordinanze della Corte internazionale di giustizia. Mantenere rapporti ordinari con chi ignora il diritto internazionale e ostacola gli aiuti umanitari non \u00e8 pi\u00f9 sostenibile\u00bb.<\/p>\n<p>La mozione non guarda solo a Bruxelles, ma ascolta anche le istanze che arrivano dal territorio veneto. AVS sottolinea l&#8217;importanza della raccolta firme promossa dalla Comunit\u00e0 Palestinese del Veneto e dal Tavolo per la Palestina della Bassa Padovana, che chiedono alla Regione un atto politico forte: il riconoscimento ufficiale dello Stato di Palestina.<\/p>\n<p>\u00abSi tratta di un segnale importante che arriva dai cittadini e che merita ascolto istituzionale\u00bb, spiegano i consiglieri. L&#8217;obiettivo \u00e8 spingere il Veneto a unirsi a quelle realt\u00e0 che hanno gi\u00e0 scelto di congelare i rapporti con il governo israeliano fino al ripristino della legalit\u00e0 internazionale.<\/p>\n<p>Per Cunegato e Ostanel, la presa di posizione non \u00e8 solo una scelta ideologica, ma un adempimento ai doveri istituzionali della Regione. Lo Statuto del Veneto, infatti, impegna l&#8217;istituzione alla promozione della cultura di pace.<\/p>\n<p>\u00abInterrompere i rapporti istituzionali e riconoscere lo Stato di Palestina \u00e8 il minimo che un\u2019istituzione possa fare davanti a una tragedia umanitaria di queste proporzioni\u00bb, concludono i rappresentanti di AVS. La palla passa ora all&#8217;aula di Palazzo Ferro Fini, dove la mozione dovr\u00e0 essere discussa e votata, mettendo la politica regionale di fronte a una scelta di campo sulla crisi mediorientale.<\/p>","protected":false},"excerpt":{"rendered":"<p>I consiglieri regionali Cunegato e Ostanel chiedono alla Giunta di sostenere la petizione europea: \u00abIl Veneto promuova la pace e riconosca lo Stato di Palestina. Non si pu\u00f2 restare indifferenti davanti al genocidio\u00bb. Venezia, 16\/01\/2026 \u2013 Il conflitto in Medio Oriente approda tra i banchi del Consiglio regionale del Veneto. Il gruppo di Alleanza Verdi [&hellip;]<\/p>\n","protected":false},"author":2,"featured_media":166313,"comment_status":"closed","ping_status":"open","sticky":false,"template":"","format":"standard","meta":{"footnotes":""},"categories":[5],"tags":[],"class_list":["post-166517","post","type-post","status-publish","format-standard","has-post-thumbnail","category-cronaca"],"yoast_head":"<!-- This site is optimized with the Yoast SEO plugin v28.4 - https:\/\/yoast.com\/product\/yoast-seo-wordpress\/ -->\n<title>Palestina, AVS Veneto in campo: &quot;Sospendere l\u2019accordo UE-Israele&quot;. Mozione in Consiglio Regionale - Bellunopress - Dolomiti<\/title>\n<meta name=\"robots\" content=\"index, follow, max-snippet:-1, max-image-preview:large, max-video-preview:-1\" \/>\n<link rel=\"canonical\" href=\"https:\/\/www.bellunopress.it\/fr\/2026\/01\/17\/palestina-avs-veneto-in-campo-sospendere-laccordo-ue-israele-mozione-in-consiglio-regionale\/\" \/>\n<meta property=\"og:locale\" content=\"fr_FR\" \/>\n<meta property=\"og:type\" content=\"article\" \/>\n<meta property=\"og:title\" content=\"Palestina, AVS Veneto in campo: &quot;Sospendere l\u2019accordo UE-Israele&quot;. Mozione in Consiglio Regionale - Bellunopress - Dolomiti\" \/>\n<meta property=\"og:description\" content=\"I consiglieri regionali Cunegato e Ostanel chiedono alla Giunta di sostenere la petizione europea: \u00abIl Veneto promuova la pace e riconosca lo Stato di Palestina. Non si pu\u00f2 restare indifferenti davanti al genocidio\u00bb. Venezia, 16\/01\/2026 \u2013 Il conflitto in Medio Oriente approda tra i banchi del Consiglio regionale del Veneto. Il gruppo di Alleanza Verdi [&hellip;]\" \/>\n<meta property=\"og:url\" content=\"https:\/\/www.bellunopress.it\/fr\/2026\/01\/17\/palestina-avs-veneto-in-campo-sospendere-laccordo-ue-israele-mozione-in-consiglio-regionale\/\" \/>\n<meta property=\"og:site_name\" content=\"Bellunopress - Dolomiti\" \/>\n<meta property=\"article:publisher\" content=\"https:\/\/www.facebook.com\/profile.php?id=100008943462799\" \/>\n<meta property=\"article:published_time\" content=\"2026-01-17T07:55:24+00:00\" \/>\n<meta property=\"og:image\" content=\"https:\/\/www.bellunopress.it\/wp-content\/uploads\/2026\/01\/Carlo-Cunegato-consigliere-regionale.jpg\" \/>\n\t<meta property=\"og:image:width\" content=\"255\" \/>\n\t<meta property=\"og:image:height\" content=\"351\" \/>\n\t<meta property=\"og:image:type\" content=\"image\/jpeg\" \/>\n<meta name=\"author\" content=\"redazione\" \/>\n<meta name=\"twitter:card\" content=\"summary_large_image\" \/>\n<meta name=\"twitter:creator\" content=\"@bellunopress\" \/>\n<meta name=\"twitter:site\" content=\"@bellunopress\" \/>\n<meta name=\"twitter:label1\" content=\"\u00c9crit par\" \/>\n\t<meta name=\"twitter:data1\" content=\"redazione\" \/>\n\t<meta name=\"twitter:label2\" content=\"Dur\u00e9e de lecture estim\u00e9e\" \/>\n\t<meta name=\"twitter:data2\" content=\"2 minutes\" \/>\n<script type=\"application\/ld+json\" class=\"yoast-schema-graph\">{\"@context\":\"https:\\\/\\\/schema.org\",\"@graph\":[{\"@type\":\"Article\",\"@id\":\"https:\\\/\\\/www.bellunopress.it\\\/2026\\\/01\\\/17\\\/palestina-avs-veneto-in-campo-sospendere-laccordo-ue-israele-mozione-in-consiglio-regionale\\\/#article\",\"isPartOf\":{\"@id\":\"https:\\\/\\\/www.bellunopress.it\\\/2026\\\/01\\\/17\\\/palestina-avs-veneto-in-campo-sospendere-laccordo-ue-israele-mozione-in-consiglio-regionale\\\/\"},\"author\":{\"name\":\"redazione\",\"@id\":\"https:\\\/\\\/www.bellunopress.it\\\/#\\\/schema\\\/person\\\/79bb06722b37ece1c03d3e94beb30d73\"},\"headline\":\"Palestina, AVS Veneto in campo: &#8220;Sospendere l\u2019accordo UE-Israele&#8221;. Mozione in Consiglio Regionale\",\"datePublished\":\"2026-01-17T07:55:24+00:00\",\"mainEntityOfPage\":{\"@id\":\"https:\\\/\\\/www.bellunopress.it\\\/2026\\\/01\\\/17\\\/palestina-avs-veneto-in-campo-sospendere-laccordo-ue-israele-mozione-in-consiglio-regionale\\\/\"},\"wordCount\":451,\"publisher\":{\"@id\":\"https:\\\/\\\/www.bellunopress.it\\\/#organization\"},\"image\":{\"@id\":\"https:\\\/\\\/www.bellunopress.it\\\/2026\\\/01\\\/17\\\/palestina-avs-veneto-in-campo-sospendere-laccordo-ue-israele-mozione-in-consiglio-regionale\\\/#primaryimage\"},\"thumbnailUrl\":\"https:\\\/\\\/www.bellunopress.it\\\/wp-content\\\/uploads\\\/2026\\\/01\\\/Carlo-Cunegato-consigliere-regionale.jpg\",\"articleSection\":[\"Cronaca\\\/Politica\"],\"inLanguage\":\"fr-FR\"},{\"@type\":\"WebPage\",\"@id\":\"https:\\\/\\\/www.bellunopress.it\\\/2026\\\/01\\\/17\\\/palestina-avs-veneto-in-campo-sospendere-laccordo-ue-israele-mozione-in-consiglio-regionale\\\/\",\"url\":\"https:\\\/\\\/www.bellunopress.it\\\/2026\\\/01\\\/17\\\/palestina-avs-veneto-in-campo-sospendere-laccordo-ue-israele-mozione-in-consiglio-regionale\\\/\",\"name\":\"Palestina, AVS Veneto in campo: \\\"Sospendere l\u2019accordo UE-Israele\\\". Mozione in Consiglio Regionale - Bellunopress - Dolomiti\",\"isPartOf\":{\"@id\":\"https:\\\/\\\/www.bellunopress.it\\\/#website\"},\"primaryImageOfPage\":{\"@id\":\"https:\\\/\\\/www.bellunopress.it\\\/2026\\\/01\\\/17\\\/palestina-avs-veneto-in-campo-sospendere-laccordo-ue-israele-mozione-in-consiglio-regionale\\\/#primaryimage\"},\"image\":{\"@id\":\"https:\\\/\\\/www.bellunopress.it\\\/2026\\\/01\\\/17\\\/palestina-avs-veneto-in-campo-sospendere-laccordo-ue-israele-mozione-in-consiglio-regionale\\\/#primaryimage\"},\"thumbnailUrl\":\"https:\\\/\\\/www.bellunopress.it\\\/wp-content\\\/uploads\\\/2026\\\/01\\\/Carlo-Cunegato-consigliere-regionale.jpg\",\"datePublished\":\"2026-01-17T07:55:24+00:00\",\"breadcrumb\":{\"@id\":\"https:\\\/\\\/www.bellunopress.it\\\/2026\\\/01\\\/17\\\/palestina-avs-veneto-in-campo-sospendere-laccordo-ue-israele-mozione-in-consiglio-regionale\\\/#breadcrumb\"},\"inLanguage\":\"fr-FR\",\"potentialAction\":[{\"@type\":\"ReadAction\",\"target\":[\"https:\\\/\\\/www.bellunopress.it\\\/2026\\\/01\\\/17\\\/palestina-avs-veneto-in-campo-sospendere-laccordo-ue-israele-mozione-in-consiglio-regionale\\\/\"]}]},{\"@type\":\"ImageObject\",\"inLanguage\":\"fr-FR\",\"@id\":\"https:\\\/\\\/www.bellunopress.it\\\/2026\\\/01\\\/17\\\/palestina-avs-veneto-in-campo-sospendere-laccordo-ue-israele-mozione-in-consiglio-regionale\\\/#primaryimage\",\"url\":\"https:\\\/\\\/www.bellunopress.it\\\/wp-content\\\/uploads\\\/2026\\\/01\\\/Carlo-Cunegato-consigliere-regionale.jpg\",\"contentUrl\":\"https:\\\/\\\/www.bellunopress.it\\\/wp-content\\\/uploads\\\/2026\\\/01\\\/Carlo-Cunegato-consigliere-regionale.jpg\",\"width\":255,\"height\":351,\"caption\":\"Carlo Cunegato - Gruppo Alleanza Verdi e Sinistra Consiglio regionale del Veneto\"},{\"@type\":\"BreadcrumbList\",\"@id\":\"https:\\\/\\\/www.bellunopress.it\\\/2026\\\/01\\\/17\\\/palestina-avs-veneto-in-campo-sospendere-laccordo-ue-israele-mozione-in-consiglio-regionale\\\/#breadcrumb\",\"itemListElement\":[{\"@type\":\"ListItem\",\"position\":1,\"name\":\"Home\",\"item\":\"https:\\\/\\\/www.bellunopress.it\\\/\"},{\"@type\":\"ListItem\",\"position\":2,\"name\":\"Palestina, AVS Veneto in campo: &#8220;Sospendere l\u2019accordo UE-Israele&#8221;. Mozione in Consiglio Regionale\"}]},{\"@type\":\"WebSite\",\"@id\":\"https:\\\/\\\/www.bellunopress.it\\\/#website\",\"url\":\"https:\\\/\\\/www.bellunopress.it\\\/\",\"name\":\"Bellunopress - Dolomiti\",\"description\":\"e-mail: redazione@bellunopress.it\",\"publisher\":{\"@id\":\"https:\\\/\\\/www.bellunopress.it\\\/#organization\"},\"potentialAction\":[{\"@type\":\"SearchAction\",\"target\":{\"@type\":\"EntryPoint\",\"urlTemplate\":\"https:\\\/\\\/www.bellunopress.it\\\/?s={search_term_string}\"},\"query-input\":{\"@type\":\"PropertyValueSpecification\",\"valueRequired\":true,\"valueName\":\"search_term_string\"}}],\"inLanguage\":\"fr-FR\"},{\"@type\":\"Organization\",\"@id\":\"https:\\\/\\\/www.bellunopress.it\\\/#organization\",\"name\":\"Bellunopress\",\"url\":\"https:\\\/\\\/www.bellunopress.it\\\/\",\"logo\":{\"@type\":\"ImageObject\",\"inLanguage\":\"fr-FR\",\"@id\":\"https:\\\/\\\/www.bellunopress.it\\\/#\\\/schema\\\/logo\\\/image\\\/\",\"url\":\"https:\\\/\\\/www.bellunopress.it\\\/wp-content\\\/uploads\\\/2011\\\/05\\\/cropped-logo-bellunopress-.jpg\",\"contentUrl\":\"https:\\\/\\\/www.bellunopress.it\\\/wp-content\\\/uploads\\\/2011\\\/05\\\/cropped-logo-bellunopress-.jpg\",\"width\":512,\"height\":512,\"caption\":\"Bellunopress\"},\"image\":{\"@id\":\"https:\\\/\\\/www.bellunopress.it\\\/#\\\/schema\\\/logo\\\/image\\\/\"},\"sameAs\":[\"https:\\\/\\\/www.facebook.com\\\/profile.php?id=100008943462799\",\"https:\\\/\\\/x.com\\\/bellunopress\",\"https:\\\/\\\/www.linkedin.com\\\/hp\\\/?dnr=JBzUWaJfMUw8vbXJJ2tVW5-I3jZKvC4wsoxE&amp;amp;amp;amp;amp;amp;trk=nav_responsive_tab_home\",\"https:\\\/\\\/www.youtube.com\\\/channel\\\/UCxL0wu1uN0_3_7hGG0306cw\"]},{\"@type\":\"Person\",\"@id\":\"https:\\\/\\\/www.bellunopress.it\\\/#\\\/schema\\\/person\\\/79bb06722b37ece1c03d3e94beb30d73\",\"name\":\"redazione\",\"image\":{\"@type\":\"ImageObject\",\"inLanguage\":\"fr-FR\",\"@id\":\"https:\\\/\\\/secure.gravatar.com\\\/avatar\\\/37d968a2e67a6fd04c169c4bdef102d0bc5d31b2546345219e348575eb80e9a0?s=96&d=mm&r=g\",\"url\":\"https:\\\/\\\/secure.gravatar.com\\\/avatar\\\/37d968a2e67a6fd04c169c4bdef102d0bc5d31b2546345219e348575eb80e9a0?s=96&d=mm&r=g\",\"contentUrl\":\"https:\\\/\\\/secure.gravatar.com\\\/avatar\\\/37d968a2e67a6fd04c169c4bdef102d0bc5d31b2546345219e348575eb80e9a0?s=96&d=mm&r=g\",\"caption\":\"redazione\"},\"sameAs\":[\"http:\\\/\\\/www.bellunopress.it\",\"https:\\\/\\\/x.com\\\/bellunopress\"],\"url\":\"https:\\\/\\\/www.bellunopress.it\\\/fr\\\/author\\\/redazione\\\/\"}]}<\/script>\n<!-- \/ Yoast SEO plugin. -->","yoast_head_json":{"title":"Palestina, AVS Veneto in campo: \"Sospendere l\u2019accordo UE-Israele\". Mozione in Consiglio Regionale - Bellunopress - Dolomiti","robots":{"index":"index","follow":"follow","max-snippet":"max-snippet:-1","max-image-preview":"max-image-preview:large","max-video-preview":"max-video-preview:-1"},"canonical":"https:\/\/www.bellunopress.it\/fr\/2026\/01\/17\/palestina-avs-veneto-in-campo-sospendere-laccordo-ue-israele-mozione-in-consiglio-regionale\/","og_locale":"fr_FR","og_type":"article","og_title":"Palestina, AVS Veneto in campo: \"Sospendere l\u2019accordo UE-Israele\". Mozione in Consiglio Regionale - Bellunopress - Dolomiti","og_description":"I consiglieri regionali Cunegato e Ostanel chiedono alla Giunta di sostenere la petizione europea: \u00abIl Veneto promuova la pace e riconosca lo Stato di Palestina. Non si pu\u00f2 restare indifferenti davanti al genocidio\u00bb. Venezia, 16\/01\/2026 \u2013 Il conflitto in Medio Oriente approda tra i banchi del Consiglio regionale del Veneto. Il gruppo di Alleanza Verdi [&hellip;]","og_url":"https:\/\/www.bellunopress.it\/fr\/2026\/01\/17\/palestina-avs-veneto-in-campo-sospendere-laccordo-ue-israele-mozione-in-consiglio-regionale\/","og_site_name":"Bellunopress - Dolomiti","article_publisher":"https:\/\/www.facebook.com\/profile.php?id=100008943462799","article_published_time":"2026-01-17T07:55:24+00:00","og_image":[{"width":255,"height":351,"url":"https:\/\/www.bellunopress.it\/wp-content\/uploads\/2026\/01\/Carlo-Cunegato-consigliere-regionale.jpg","type":"image\/jpeg"}],"author":"redazione","twitter_card":"summary_large_image","twitter_creator":"@bellunopress","twitter_site":"@bellunopress","twitter_misc":{"\u00c9crit par":"redazione","Dur\u00e9e de lecture estim\u00e9e":"2 minutes"},"schema":{"@context":"https:\/\/schema.org","@graph":[{"@type":"Article","@id":"https:\/\/www.bellunopress.it\/2026\/01\/17\/palestina-avs-veneto-in-campo-sospendere-laccordo-ue-israele-mozione-in-consiglio-regionale\/#article","isPartOf":{"@id":"https:\/\/www.bellunopress.it\/2026\/01\/17\/palestina-avs-veneto-in-campo-sospendere-laccordo-ue-israele-mozione-in-consiglio-regionale\/"},"author":{"name":"redazione","@id":"https:\/\/www.bellunopress.it\/#\/schema\/person\/79bb06722b37ece1c03d3e94beb30d73"},"headline":"Palestina, AVS Veneto in campo: &#8220;Sospendere l\u2019accordo UE-Israele&#8221;. Mozione in Consiglio Regionale","datePublished":"2026-01-17T07:55:24+00:00","mainEntityOfPage":{"@id":"https:\/\/www.bellunopress.it\/2026\/01\/17\/palestina-avs-veneto-in-campo-sospendere-laccordo-ue-israele-mozione-in-consiglio-regionale\/"},"wordCount":451,"publisher":{"@id":"https:\/\/www.bellunopress.it\/#organization"},"image":{"@id":"https:\/\/www.bellunopress.it\/2026\/01\/17\/palestina-avs-veneto-in-campo-sospendere-laccordo-ue-israele-mozione-in-consiglio-regionale\/#primaryimage"},"thumbnailUrl":"https:\/\/www.bellunopress.it\/wp-content\/uploads\/2026\/01\/Carlo-Cunegato-consigliere-regionale.jpg","articleSection":["Cronaca\/Politica"],"inLanguage":"fr-FR"},{"@type":"WebPage","@id":"https:\/\/www.bellunopress.it\/2026\/01\/17\/palestina-avs-veneto-in-campo-sospendere-laccordo-ue-israele-mozione-in-consiglio-regionale\/","url":"https:\/\/www.bellunopress.it\/2026\/01\/17\/palestina-avs-veneto-in-campo-sospendere-laccordo-ue-israele-mozione-in-consiglio-regionale\/","name":"Palestina, AVS Veneto in campo: \"Sospendere l\u2019accordo UE-Israele\". Mozione in Consiglio Regionale - Bellunopress - Dolomiti","isPartOf":{"@id":"https:\/\/www.bellunopress.it\/#website"},"primaryImageOfPage":{"@id":"https:\/\/www.bellunopress.it\/2026\/01\/17\/palestina-avs-veneto-in-campo-sospendere-laccordo-ue-israele-mozione-in-consiglio-regionale\/#primaryimage"},"image":{"@id":"https:\/\/www.bellunopress.it\/2026\/01\/17\/palestina-avs-veneto-in-campo-sospendere-laccordo-ue-israele-mozione-in-consiglio-regionale\/#primaryimage"},"thumbnailUrl":"https:\/\/www.bellunopress.it\/wp-content\/uploads\/2026\/01\/Carlo-Cunegato-consigliere-regionale.jpg","datePublished":"2026-01-17T07:55:24+00:00","breadcrumb":{"@id":"https:\/\/www.bellunopress.it\/2026\/01\/17\/palestina-avs-veneto-in-campo-sospendere-laccordo-ue-israele-mozione-in-consiglio-regionale\/#breadcrumb"},"inLanguage":"fr-FR","potentialAction":[{"@type":"ReadAction","target":["https:\/\/www.bellunopress.it\/2026\/01\/17\/palestina-avs-veneto-in-campo-sospendere-laccordo-ue-israele-mozione-in-consiglio-regionale\/"]}]},{"@type":"ImageObject","inLanguage":"fr-FR","@id":"https:\/\/www.bellunopress.it\/2026\/01\/17\/palestina-avs-veneto-in-campo-sospendere-laccordo-ue-israele-mozione-in-consiglio-regionale\/#primaryimage","url":"https:\/\/www.bellunopress.it\/wp-content\/uploads\/2026\/01\/Carlo-Cunegato-consigliere-regionale.jpg","contentUrl":"https:\/\/www.bellunopress.it\/wp-content\/uploads\/2026\/01\/Carlo-Cunegato-consigliere-regionale.jpg","width":255,"height":351,"caption":"Carlo Cunegato - Gruppo Alleanza Verdi e Sinistra Consiglio regionale del Veneto"},{"@type":"BreadcrumbList","@id":"https:\/\/www.bellunopress.it\/2026\/01\/17\/palestina-avs-veneto-in-campo-sospendere-laccordo-ue-israele-mozione-in-consiglio-regionale\/#breadcrumb","itemListElement":[{"@type":"ListItem","position":1,"name":"Home","item":"https:\/\/www.bellunopress.it\/"},{"@type":"ListItem","position":2,"name":"Palestina, AVS Veneto in campo: &#8220;Sospendere l\u2019accordo UE-Israele&#8221;. Mozione in Consiglio Regionale"}]},{"@type":"WebSite","@id":"https:\/\/www.bellunopress.it\/#website","url":"https:\/\/www.bellunopress.it\/","name":"Bellunopress - Dolomiti","description":"e-mail: redazione@bellunopress.it","publisher":{"@id":"https:\/\/www.bellunopress.it\/#organization"},"potentialAction":[{"@type":"SearchAction","target":{"@type":"EntryPoint","urlTemplate":"https:\/\/www.bellunopress.it\/?s={search_term_string}"},"query-input":{"@type":"PropertyValueSpecification","valueRequired":true,"valueName":"search_term_string"}}],"inLanguage":"fr-FR"},{"@type":"Organization","@id":"https:\/\/www.bellunopress.it\/#organization","name":"Bellunopress","url":"https:\/\/www.bellunopress.it\/","logo":{"@type":"ImageObject","inLanguage":"fr-FR","@id":"https:\/\/www.bellunopress.it\/#\/schema\/logo\/image\/","url":"https:\/\/www.bellunopress.it\/wp-content\/uploads\/2011\/05\/cropped-logo-bellunopress-.jpg","contentUrl":"https:\/\/www.bellunopress.it\/wp-content\/uploads\/2011\/05\/cropped-logo-bellunopress-.jpg","width":512,"height":512,"caption":"Bellunopress"},"image":{"@id":"https:\/\/www.bellunopress.it\/#\/schema\/logo\/image\/"},"sameAs":["https:\/\/www.facebook.com\/profile.php?id=100008943462799","https:\/\/x.com\/bellunopress","https:\/\/www.linkedin.com\/hp\/?dnr=JBzUWaJfMUw8vbXJJ2tVW5-I3jZKvC4wsoxE&amp;amp;amp;amp;amp;amp;trk=nav_responsive_tab_home","https:\/\/www.youtube.com\/channel\/UCxL0wu1uN0_3_7hGG0306cw"]},{"@type":"Person","@id":"https:\/\/www.bellunopress.it\/#\/schema\/person\/79bb06722b37ece1c03d3e94beb30d73","name":"r\u00e9daction","image":{"@type":"ImageObject","inLanguage":"fr-FR","@id":"https:\/\/secure.gravatar.com\/avatar\/37d968a2e67a6fd04c169c4bdef102d0bc5d31b2546345219e348575eb80e9a0?s=96&d=mm&r=g","url":"https:\/\/secure.gravatar.com\/avatar\/37d968a2e67a6fd04c169c4bdef102d0bc5d31b2546345219e348575eb80e9a0?s=96&d=mm&r=g","contentUrl":"https:\/\/secure.gravatar.com\/avatar\/37d968a2e67a6fd04c169c4bdef102d0bc5d31b2546345219e348575eb80e9a0?s=96&d=mm&r=g","caption":"redazione"},"sameAs":["http:\/\/www.bellunopress.it","https:\/\/x.com\/bellunopress"],"url":"https:\/\/www.bellunopress.it\/fr\/author\/redazione\/"}]}},"_links":{"self":[{"href":"https:\/\/www.bellunopress.it\/fr\/wp-json\/wp\/v2\/posts\/166517","targetHints":{"allow":["GET"]}}],"collection":[{"href":"https:\/\/www.bellunopress.it\/fr\/wp-json\/wp\/v2\/posts"}],"about":[{"href":"https:\/\/www.bellunopress.it\/fr\/wp-json\/wp\/v2\/types\/post"}],"author":[{"embeddable":true,"href":"https:\/\/www.bellunopress.it\/fr\/wp-json\/wp\/v2\/users\/2"}],"replies":[{"embeddable":true,"href":"https:\/\/www.bellunopress.it\/fr\/wp-json\/wp\/v2\/comments?post=166517"}],"version-history":[{"count":1,"href":"https:\/\/www.bellunopress.it\/fr\/wp-json\/wp\/v2\/posts\/166517\/revisions"}],"predecessor-version":[{"id":166518,"href":"https:\/\/www.bellunopress.it\/fr\/wp-json\/wp\/v2\/posts\/166517\/revisions\/166518"}],"wp:featuredmedia":[{"embeddable":true,"href":"https:\/\/www.bellunopress.it\/fr\/wp-json\/wp\/v2\/media\/166313"}],"wp:attachment":[{"href":"https:\/\/www.bellunopress.it\/fr\/wp-json\/wp\/v2\/media?parent=166517"}],"wp:term":[{"taxonomy":"category","embeddable":true,"href":"https:\/\/www.bellunopress.it\/fr\/wp-json\/wp\/v2\/categories?post=166517"},{"taxonomy":"post_tag","embeddable":true,"href":"https:\/\/www.bellunopress.it\/fr\/wp-json\/wp\/v2\/tags?post=166517"}],"curies":[{"name":"wp","href":"https:\/\/api.w.org\/{rel}","templated":true}]}}