{"id":166514,"date":"2026-01-17T09:05:57","date_gmt":"2026-01-17T08:05:57","guid":{"rendered":"https:\/\/www.bellunopress.it\/?p=166514"},"modified":"2026-01-16T21:36:06","modified_gmt":"2026-01-16T20:36:06","slug":"malattie-invisibili-bruxelles-apre-il-dossier-la-svolta-europea-parte-da-belluno","status":"publish","type":"post","link":"https:\/\/www.bellunopress.it\/fr\/2026\/01\/17\/malattie-invisibili-bruxelles-apre-il-dossier-la-svolta-europea-parte-da-belluno\/","title":{"rendered":"Malattie invisibili, Bruxelles apre il dossier: la svolta europea parte da Belluno"},"content":{"rendered":"<figure id=\"attachment_166515\" aria-describedby=\"caption-attachment-166515\" style=\"width: 600px\" class=\"wp-caption aligncenter\"><img loading=\"lazy\" decoding=\"async\" class=\"size-full wp-image-166515\" src=\"https:\/\/www.bellunopress.it\/wp-content\/uploads\/2026\/01\/Menia-Corbanese-Frescura.jpeg\" alt=\"\" width=\"600\" height=\"628\" srcset=\"https:\/\/www.bellunopress.it\/wp-content\/uploads\/2026\/01\/Menia-Corbanese-Frescura.jpeg 600w, https:\/\/www.bellunopress.it\/wp-content\/uploads\/2026\/01\/Menia-Corbanese-Frescura-478x500.jpeg 478w, https:\/\/www.bellunopress.it\/wp-content\/uploads\/2026\/01\/Menia-Corbanese-Frescura-401x420.jpeg 401w\" sizes=\"auto, (max-width: 600px) 100vw, 600px\" \/><figcaption id=\"caption-attachment-166515\" class=\"wp-caption-text\">Thomas Menia Corbanese e Luca Frescura<\/figcaption><\/figure>\n<p><strong>La Commissione Europea risponde al Manifesto dell\u2019associazione Giovani&amp;Futuro. Il Presidente Frescura: \u00abIl tema entra nei palazzi che contano\u00bb. Menia Corbanese: \u00abScelta vincente puntare sull\u2019Europa\u00bb<\/strong><\/p>\n<p>Belluno\/Bruxelles, 17 gennaio 2026 \u2013 Il grido d\u2019aiuto di migliaia di pazienti affetti da malattie croniche e invalidanti, ma spesso ignorate dal sistema sanitario, \u00e8 arrivato ufficialmente sui tavoli di Bruxelles. Mercoled\u00ec 14 gennaio, la Commissione Europea ha risposto formalmente a Giovani&amp;Futuro, l\u2019associazione nata nel Bellunese e oggi attiva a livello nazionale, in merito al &#8220;Manifesto per la cura e la diagnosi delle malattie invisibili&#8221;.<\/p>\n<p>Il documento, trasmesso nei giorni scorsi al Commissario europeo Oliv\u00e9r V\u00e1rhelyi, \u00e8 stato ufficialmente inoltrato alla Direzione Generale SANTE, l\u2019organo responsabile delle politiche europee sulla salute. Un passaggio che trasforma una battaglia di sensibilizzazione in un iter istituzionale concreto.<\/p>\n<p>Il documento non \u00e8 solo una denuncia, ma una vera e propria proposta legislativa. Nato durante la conferenza di Napoli dello scorso novembre (inserita nel programma EURegionsWeek), il Manifesto chiede l\u2019istituzione di standard minimi europei per la diagnosi e la cura di patologie spesso &#8220;orfane&#8221; di tutele, tra cui:<\/p>\n<p>Vulvodinia e neuropatia del pudendo;<\/p>\n<p>Endometriosi e adenomiosi.<\/p>\n<p>\u00abNon \u00e8 un segnale simbolico, ma un passaggio rilevante\u00bb, dichiara con soddisfazione Luca Frescura, Presidente nazionale di Giovani&amp;Futuro. \u00abIl tema delle malattie invisibili entra finalmente nel circuito istituzionale europeo. Continueremo a lavorare perch\u00e9 questo si traduca in misure concrete sulla presa in carico dei pazienti. La concretezza apre le porte delle istituzioni: noi portiamo soluzioni, non solo proteste\u00bb.<\/p>\n<p>Sulla stessa linea il Vicepresidente nazionale e Sindaco di Danta di Cadore, Thomas Menia Corbanese, che rivendica con orgoglio le radici del progetto: \u00abLa nostra associazione ha il cuore pulsante in provincia di Belluno. La scelta di rivolgerci direttamente all\u2019Europa \u00e8 stata azzeccata: il legislatore italiano \u00e8 spesso troppo lento e queste persone rischiavano di rimanere in un limbo infinito. Anche nel nostro territorio tante persone convivono con dolori che non si vedono, ma che pesano enormemente sul lavoro e sulla vita privata\u00bb.<\/p>\n<p>Dietro le carte burocratiche ci sono storie di sofferenza quotidiana. Frescura ricorda come molti pazienti debbano scegliere tra i beni di prima necessit\u00e0 e le medicine, affrontando ritardi diagnostici inaccettabili. \u00abMi ha colpito la storia di una ragazza che soffre da 10 anni e ancora non ha una diagnosi certa\u00bb, sottolinea il Presidente. \u00abParliamo di dolori lancinanti vissuti nel silenzio. Ora, grazie al lavoro di squadra, quel silenzio \u00e8 stato rotto\u00bb.<\/p>\n<p>L&#8217;associazione, forte di questo riconoscimento europeo, lancia un appello finale a chiunque si trovi in una situazione di difficolt\u00e0 legata a queste patologie: &#8220;Giovani&amp;Futuro c\u2019\u00e8, fatevi avanti&#8221;.<\/p>","protected":false},"excerpt":{"rendered":"<p>La Commissione Europea risponde al Manifesto dell\u2019associazione Giovani&amp;Futuro. Il Presidente Frescura: \u00abIl tema entra nei palazzi che contano\u00bb. Menia Corbanese: \u00abScelta vincente puntare sull\u2019Europa\u00bb Belluno\/Bruxelles, 17 gennaio 2026 \u2013 Il grido d\u2019aiuto di migliaia di pazienti affetti da malattie croniche e invalidanti, ma spesso ignorate dal sistema sanitario, \u00e8 arrivato ufficialmente sui tavoli di Bruxelles. [&hellip;]<\/p>\n","protected":false},"author":2,"featured_media":166515,"comment_status":"closed","ping_status":"open","sticky":false,"template":"","format":"standard","meta":{"footnotes":""},"categories":[5,17],"tags":[],"class_list":["post-166514","post","type-post","status-publish","format-standard","has-post-thumbnail","category-cronaca","category-sanita"],"yoast_head":"<!-- This site is optimized with the Yoast SEO plugin v28.4 - https:\/\/yoast.com\/product\/yoast-seo-wordpress\/ -->\n<title>Malattie invisibili, Bruxelles apre il dossier: la svolta europea parte da Belluno - Bellunopress - Dolomiti<\/title>\n<meta name=\"robots\" content=\"index, follow, max-snippet:-1, max-image-preview:large, max-video-preview:-1\" \/>\n<link rel=\"canonical\" href=\"https:\/\/www.bellunopress.it\/fr\/2026\/01\/17\/malattie-invisibili-bruxelles-apre-il-dossier-la-svolta-europea-parte-da-belluno\/\" \/>\n<meta property=\"og:locale\" content=\"fr_FR\" \/>\n<meta property=\"og:type\" content=\"article\" \/>\n<meta property=\"og:title\" content=\"Malattie invisibili, Bruxelles apre il dossier: la svolta europea parte da Belluno - Bellunopress - Dolomiti\" \/>\n<meta property=\"og:description\" content=\"La Commissione Europea risponde al Manifesto dell\u2019associazione Giovani&amp;Futuro. Il Presidente Frescura: \u00abIl tema entra nei palazzi che contano\u00bb. Menia Corbanese: \u00abScelta vincente puntare sull\u2019Europa\u00bb Belluno\/Bruxelles, 17 gennaio 2026 \u2013 Il grido d\u2019aiuto di migliaia di pazienti affetti da malattie croniche e invalidanti, ma spesso ignorate dal sistema sanitario, \u00e8 arrivato ufficialmente sui tavoli di Bruxelles. [&hellip;]\" \/>\n<meta property=\"og:url\" content=\"https:\/\/www.bellunopress.it\/fr\/2026\/01\/17\/malattie-invisibili-bruxelles-apre-il-dossier-la-svolta-europea-parte-da-belluno\/\" \/>\n<meta property=\"og:site_name\" content=\"Bellunopress - Dolomiti\" \/>\n<meta property=\"article:publisher\" content=\"https:\/\/www.facebook.com\/profile.php?id=100008943462799\" \/>\n<meta property=\"article:published_time\" content=\"2026-01-17T08:05:57+00:00\" \/>\n<meta property=\"og:image\" content=\"https:\/\/www.bellunopress.it\/wp-content\/uploads\/2026\/01\/Menia-Corbanese-Frescura.jpeg\" \/>\n\t<meta property=\"og:image:width\" content=\"600\" \/>\n\t<meta property=\"og:image:height\" content=\"628\" \/>\n\t<meta property=\"og:image:type\" content=\"image\/jpeg\" \/>\n<meta name=\"author\" content=\"redazione\" \/>\n<meta name=\"twitter:card\" content=\"summary_large_image\" \/>\n<meta name=\"twitter:creator\" content=\"@bellunopress\" \/>\n<meta name=\"twitter:site\" content=\"@bellunopress\" \/>\n<meta name=\"twitter:label1\" content=\"\u00c9crit par\" \/>\n\t<meta name=\"twitter:data1\" content=\"redazione\" \/>\n\t<meta name=\"twitter:label2\" content=\"Dur\u00e9e de lecture estim\u00e9e\" \/>\n\t<meta name=\"twitter:data2\" content=\"2 minutes\" \/>\n<script type=\"application\/ld+json\" class=\"yoast-schema-graph\">{\"@context\":\"https:\\\/\\\/schema.org\",\"@graph\":[{\"@type\":\"Article\",\"@id\":\"https:\\\/\\\/www.bellunopress.it\\\/2026\\\/01\\\/17\\\/malattie-invisibili-bruxelles-apre-il-dossier-la-svolta-europea-parte-da-belluno\\\/#article\",\"isPartOf\":{\"@id\":\"https:\\\/\\\/www.bellunopress.it\\\/2026\\\/01\\\/17\\\/malattie-invisibili-bruxelles-apre-il-dossier-la-svolta-europea-parte-da-belluno\\\/\"},\"author\":{\"name\":\"redazione\",\"@id\":\"https:\\\/\\\/www.bellunopress.it\\\/#\\\/schema\\\/person\\\/79bb06722b37ece1c03d3e94beb30d73\"},\"headline\":\"Malattie invisibili, Bruxelles apre il dossier: la svolta europea parte da Belluno\",\"datePublished\":\"2026-01-17T08:05:57+00:00\",\"mainEntityOfPage\":{\"@id\":\"https:\\\/\\\/www.bellunopress.it\\\/2026\\\/01\\\/17\\\/malattie-invisibili-bruxelles-apre-il-dossier-la-svolta-europea-parte-da-belluno\\\/\"},\"wordCount\":456,\"publisher\":{\"@id\":\"https:\\\/\\\/www.bellunopress.it\\\/#organization\"},\"image\":{\"@id\":\"https:\\\/\\\/www.bellunopress.it\\\/2026\\\/01\\\/17\\\/malattie-invisibili-bruxelles-apre-il-dossier-la-svolta-europea-parte-da-belluno\\\/#primaryimage\"},\"thumbnailUrl\":\"https:\\\/\\\/www.bellunopress.it\\\/wp-content\\\/uploads\\\/2026\\\/01\\\/Menia-Corbanese-Frescura.jpeg\",\"articleSection\":[\"Cronaca\\\/Politica\",\"Sanit\u00e0 Medicina\"],\"inLanguage\":\"fr-FR\"},{\"@type\":\"WebPage\",\"@id\":\"https:\\\/\\\/www.bellunopress.it\\\/2026\\\/01\\\/17\\\/malattie-invisibili-bruxelles-apre-il-dossier-la-svolta-europea-parte-da-belluno\\\/\",\"url\":\"https:\\\/\\\/www.bellunopress.it\\\/2026\\\/01\\\/17\\\/malattie-invisibili-bruxelles-apre-il-dossier-la-svolta-europea-parte-da-belluno\\\/\",\"name\":\"Malattie invisibili, Bruxelles apre il dossier: la svolta europea parte da Belluno - Bellunopress - Dolomiti\",\"isPartOf\":{\"@id\":\"https:\\\/\\\/www.bellunopress.it\\\/#website\"},\"primaryImageOfPage\":{\"@id\":\"https:\\\/\\\/www.bellunopress.it\\\/2026\\\/01\\\/17\\\/malattie-invisibili-bruxelles-apre-il-dossier-la-svolta-europea-parte-da-belluno\\\/#primaryimage\"},\"image\":{\"@id\":\"https:\\\/\\\/www.bellunopress.it\\\/2026\\\/01\\\/17\\\/malattie-invisibili-bruxelles-apre-il-dossier-la-svolta-europea-parte-da-belluno\\\/#primaryimage\"},\"thumbnailUrl\":\"https:\\\/\\\/www.bellunopress.it\\\/wp-content\\\/uploads\\\/2026\\\/01\\\/Menia-Corbanese-Frescura.jpeg\",\"datePublished\":\"2026-01-17T08:05:57+00:00\",\"breadcrumb\":{\"@id\":\"https:\\\/\\\/www.bellunopress.it\\\/2026\\\/01\\\/17\\\/malattie-invisibili-bruxelles-apre-il-dossier-la-svolta-europea-parte-da-belluno\\\/#breadcrumb\"},\"inLanguage\":\"fr-FR\",\"potentialAction\":[{\"@type\":\"ReadAction\",\"target\":[\"https:\\\/\\\/www.bellunopress.it\\\/2026\\\/01\\\/17\\\/malattie-invisibili-bruxelles-apre-il-dossier-la-svolta-europea-parte-da-belluno\\\/\"]}]},{\"@type\":\"ImageObject\",\"inLanguage\":\"fr-FR\",\"@id\":\"https:\\\/\\\/www.bellunopress.it\\\/2026\\\/01\\\/17\\\/malattie-invisibili-bruxelles-apre-il-dossier-la-svolta-europea-parte-da-belluno\\\/#primaryimage\",\"url\":\"https:\\\/\\\/www.bellunopress.it\\\/wp-content\\\/uploads\\\/2026\\\/01\\\/Menia-Corbanese-Frescura.jpeg\",\"contentUrl\":\"https:\\\/\\\/www.bellunopress.it\\\/wp-content\\\/uploads\\\/2026\\\/01\\\/Menia-Corbanese-Frescura.jpeg\",\"width\":600,\"height\":628,\"caption\":\"Thomas Menia Corbanese e Luca Frescura\"},{\"@type\":\"BreadcrumbList\",\"@id\":\"https:\\\/\\\/www.bellunopress.it\\\/2026\\\/01\\\/17\\\/malattie-invisibili-bruxelles-apre-il-dossier-la-svolta-europea-parte-da-belluno\\\/#breadcrumb\",\"itemListElement\":[{\"@type\":\"ListItem\",\"position\":1,\"name\":\"Home\",\"item\":\"https:\\\/\\\/www.bellunopress.it\\\/\"},{\"@type\":\"ListItem\",\"position\":2,\"name\":\"Malattie invisibili, Bruxelles apre il dossier: la svolta europea parte da Belluno\"}]},{\"@type\":\"WebSite\",\"@id\":\"https:\\\/\\\/www.bellunopress.it\\\/#website\",\"url\":\"https:\\\/\\\/www.bellunopress.it\\\/\",\"name\":\"Bellunopress - Dolomiti\",\"description\":\"e-mail: redazione@bellunopress.it\",\"publisher\":{\"@id\":\"https:\\\/\\\/www.bellunopress.it\\\/#organization\"},\"potentialAction\":[{\"@type\":\"SearchAction\",\"target\":{\"@type\":\"EntryPoint\",\"urlTemplate\":\"https:\\\/\\\/www.bellunopress.it\\\/?s={search_term_string}\"},\"query-input\":{\"@type\":\"PropertyValueSpecification\",\"valueRequired\":true,\"valueName\":\"search_term_string\"}}],\"inLanguage\":\"fr-FR\"},{\"@type\":\"Organization\",\"@id\":\"https:\\\/\\\/www.bellunopress.it\\\/#organization\",\"name\":\"Bellunopress\",\"url\":\"https:\\\/\\\/www.bellunopress.it\\\/\",\"logo\":{\"@type\":\"ImageObject\",\"inLanguage\":\"fr-FR\",\"@id\":\"https:\\\/\\\/www.bellunopress.it\\\/#\\\/schema\\\/logo\\\/image\\\/\",\"url\":\"https:\\\/\\\/www.bellunopress.it\\\/wp-content\\\/uploads\\\/2011\\\/05\\\/cropped-logo-bellunopress-.jpg\",\"contentUrl\":\"https:\\\/\\\/www.bellunopress.it\\\/wp-content\\\/uploads\\\/2011\\\/05\\\/cropped-logo-bellunopress-.jpg\",\"width\":512,\"height\":512,\"caption\":\"Bellunopress\"},\"image\":{\"@id\":\"https:\\\/\\\/www.bellunopress.it\\\/#\\\/schema\\\/logo\\\/image\\\/\"},\"sameAs\":[\"https:\\\/\\\/www.facebook.com\\\/profile.php?id=100008943462799\",\"https:\\\/\\\/x.com\\\/bellunopress\",\"https:\\\/\\\/www.linkedin.com\\\/hp\\\/?dnr=JBzUWaJfMUw8vbXJJ2tVW5-I3jZKvC4wsoxE&amp;amp;amp;amp;amp;amp;trk=nav_responsive_tab_home\",\"https:\\\/\\\/www.youtube.com\\\/channel\\\/UCxL0wu1uN0_3_7hGG0306cw\"]},{\"@type\":\"Person\",\"@id\":\"https:\\\/\\\/www.bellunopress.it\\\/#\\\/schema\\\/person\\\/79bb06722b37ece1c03d3e94beb30d73\",\"name\":\"redazione\",\"image\":{\"@type\":\"ImageObject\",\"inLanguage\":\"fr-FR\",\"@id\":\"https:\\\/\\\/secure.gravatar.com\\\/avatar\\\/37d968a2e67a6fd04c169c4bdef102d0bc5d31b2546345219e348575eb80e9a0?s=96&d=mm&r=g\",\"url\":\"https:\\\/\\\/secure.gravatar.com\\\/avatar\\\/37d968a2e67a6fd04c169c4bdef102d0bc5d31b2546345219e348575eb80e9a0?s=96&d=mm&r=g\",\"contentUrl\":\"https:\\\/\\\/secure.gravatar.com\\\/avatar\\\/37d968a2e67a6fd04c169c4bdef102d0bc5d31b2546345219e348575eb80e9a0?s=96&d=mm&r=g\",\"caption\":\"redazione\"},\"sameAs\":[\"http:\\\/\\\/www.bellunopress.it\",\"https:\\\/\\\/x.com\\\/bellunopress\"],\"url\":\"https:\\\/\\\/www.bellunopress.it\\\/fr\\\/author\\\/redazione\\\/\"}]}<\/script>\n<!-- \/ Yoast SEO plugin. -->","yoast_head_json":{"title":"Malattie invisibili, Bruxelles apre il dossier: la svolta europea parte da Belluno - Bellunopress - Dolomiti","robots":{"index":"index","follow":"follow","max-snippet":"max-snippet:-1","max-image-preview":"max-image-preview:large","max-video-preview":"max-video-preview:-1"},"canonical":"https:\/\/www.bellunopress.it\/fr\/2026\/01\/17\/malattie-invisibili-bruxelles-apre-il-dossier-la-svolta-europea-parte-da-belluno\/","og_locale":"fr_FR","og_type":"article","og_title":"Malattie invisibili, Bruxelles apre il dossier: la svolta europea parte da Belluno - Bellunopress - Dolomiti","og_description":"La Commissione Europea risponde al Manifesto dell\u2019associazione Giovani&amp;Futuro. Il Presidente Frescura: \u00abIl tema entra nei palazzi che contano\u00bb. Menia Corbanese: \u00abScelta vincente puntare sull\u2019Europa\u00bb Belluno\/Bruxelles, 17 gennaio 2026 \u2013 Il grido d\u2019aiuto di migliaia di pazienti affetti da malattie croniche e invalidanti, ma spesso ignorate dal sistema sanitario, \u00e8 arrivato ufficialmente sui tavoli di Bruxelles. [&hellip;]","og_url":"https:\/\/www.bellunopress.it\/fr\/2026\/01\/17\/malattie-invisibili-bruxelles-apre-il-dossier-la-svolta-europea-parte-da-belluno\/","og_site_name":"Bellunopress - Dolomiti","article_publisher":"https:\/\/www.facebook.com\/profile.php?id=100008943462799","article_published_time":"2026-01-17T08:05:57+00:00","og_image":[{"width":600,"height":628,"url":"https:\/\/www.bellunopress.it\/wp-content\/uploads\/2026\/01\/Menia-Corbanese-Frescura.jpeg","type":"image\/jpeg"}],"author":"redazione","twitter_card":"summary_large_image","twitter_creator":"@bellunopress","twitter_site":"@bellunopress","twitter_misc":{"\u00c9crit par":"redazione","Dur\u00e9e de lecture estim\u00e9e":"2 minutes"},"schema":{"@context":"https:\/\/schema.org","@graph":[{"@type":"Article","@id":"https:\/\/www.bellunopress.it\/2026\/01\/17\/malattie-invisibili-bruxelles-apre-il-dossier-la-svolta-europea-parte-da-belluno\/#article","isPartOf":{"@id":"https:\/\/www.bellunopress.it\/2026\/01\/17\/malattie-invisibili-bruxelles-apre-il-dossier-la-svolta-europea-parte-da-belluno\/"},"author":{"name":"redazione","@id":"https:\/\/www.bellunopress.it\/#\/schema\/person\/79bb06722b37ece1c03d3e94beb30d73"},"headline":"Malattie invisibili, Bruxelles apre il dossier: la svolta europea parte da Belluno","datePublished":"2026-01-17T08:05:57+00:00","mainEntityOfPage":{"@id":"https:\/\/www.bellunopress.it\/2026\/01\/17\/malattie-invisibili-bruxelles-apre-il-dossier-la-svolta-europea-parte-da-belluno\/"},"wordCount":456,"publisher":{"@id":"https:\/\/www.bellunopress.it\/#organization"},"image":{"@id":"https:\/\/www.bellunopress.it\/2026\/01\/17\/malattie-invisibili-bruxelles-apre-il-dossier-la-svolta-europea-parte-da-belluno\/#primaryimage"},"thumbnailUrl":"https:\/\/www.bellunopress.it\/wp-content\/uploads\/2026\/01\/Menia-Corbanese-Frescura.jpeg","articleSection":["Cronaca\/Politica","Sanit\u00e0 Medicina"],"inLanguage":"fr-FR"},{"@type":"WebPage","@id":"https:\/\/www.bellunopress.it\/2026\/01\/17\/malattie-invisibili-bruxelles-apre-il-dossier-la-svolta-europea-parte-da-belluno\/","url":"https:\/\/www.bellunopress.it\/2026\/01\/17\/malattie-invisibili-bruxelles-apre-il-dossier-la-svolta-europea-parte-da-belluno\/","name":"Malattie invisibili, Bruxelles apre il dossier: la svolta europea parte da Belluno - Bellunopress - Dolomiti","isPartOf":{"@id":"https:\/\/www.bellunopress.it\/#website"},"primaryImageOfPage":{"@id":"https:\/\/www.bellunopress.it\/2026\/01\/17\/malattie-invisibili-bruxelles-apre-il-dossier-la-svolta-europea-parte-da-belluno\/#primaryimage"},"image":{"@id":"https:\/\/www.bellunopress.it\/2026\/01\/17\/malattie-invisibili-bruxelles-apre-il-dossier-la-svolta-europea-parte-da-belluno\/#primaryimage"},"thumbnailUrl":"https:\/\/www.bellunopress.it\/wp-content\/uploads\/2026\/01\/Menia-Corbanese-Frescura.jpeg","datePublished":"2026-01-17T08:05:57+00:00","breadcrumb":{"@id":"https:\/\/www.bellunopress.it\/2026\/01\/17\/malattie-invisibili-bruxelles-apre-il-dossier-la-svolta-europea-parte-da-belluno\/#breadcrumb"},"inLanguage":"fr-FR","potentialAction":[{"@type":"ReadAction","target":["https:\/\/www.bellunopress.it\/2026\/01\/17\/malattie-invisibili-bruxelles-apre-il-dossier-la-svolta-europea-parte-da-belluno\/"]}]},{"@type":"ImageObject","inLanguage":"fr-FR","@id":"https:\/\/www.bellunopress.it\/2026\/01\/17\/malattie-invisibili-bruxelles-apre-il-dossier-la-svolta-europea-parte-da-belluno\/#primaryimage","url":"https:\/\/www.bellunopress.it\/wp-content\/uploads\/2026\/01\/Menia-Corbanese-Frescura.jpeg","contentUrl":"https:\/\/www.bellunopress.it\/wp-content\/uploads\/2026\/01\/Menia-Corbanese-Frescura.jpeg","width":600,"height":628,"caption":"Thomas Menia Corbanese e Luca Frescura"},{"@type":"BreadcrumbList","@id":"https:\/\/www.bellunopress.it\/2026\/01\/17\/malattie-invisibili-bruxelles-apre-il-dossier-la-svolta-europea-parte-da-belluno\/#breadcrumb","itemListElement":[{"@type":"ListItem","position":1,"name":"Home","item":"https:\/\/www.bellunopress.it\/"},{"@type":"ListItem","position":2,"name":"Malattie invisibili, Bruxelles apre il dossier: la svolta europea parte da Belluno"}]},{"@type":"WebSite","@id":"https:\/\/www.bellunopress.it\/#website","url":"https:\/\/www.bellunopress.it\/","name":"Bellunopress - Dolomiti","description":"e-mail: redazione@bellunopress.it","publisher":{"@id":"https:\/\/www.bellunopress.it\/#organization"},"potentialAction":[{"@type":"SearchAction","target":{"@type":"EntryPoint","urlTemplate":"https:\/\/www.bellunopress.it\/?s={search_term_string}"},"query-input":{"@type":"PropertyValueSpecification","valueRequired":true,"valueName":"search_term_string"}}],"inLanguage":"fr-FR"},{"@type":"Organization","@id":"https:\/\/www.bellunopress.it\/#organization","name":"Bellunopress","url":"https:\/\/www.bellunopress.it\/","logo":{"@type":"ImageObject","inLanguage":"fr-FR","@id":"https:\/\/www.bellunopress.it\/#\/schema\/logo\/image\/","url":"https:\/\/www.bellunopress.it\/wp-content\/uploads\/2011\/05\/cropped-logo-bellunopress-.jpg","contentUrl":"https:\/\/www.bellunopress.it\/wp-content\/uploads\/2011\/05\/cropped-logo-bellunopress-.jpg","width":512,"height":512,"caption":"Bellunopress"},"image":{"@id":"https:\/\/www.bellunopress.it\/#\/schema\/logo\/image\/"},"sameAs":["https:\/\/www.facebook.com\/profile.php?id=100008943462799","https:\/\/x.com\/bellunopress","https:\/\/www.linkedin.com\/hp\/?dnr=JBzUWaJfMUw8vbXJJ2tVW5-I3jZKvC4wsoxE&amp;amp;amp;amp;amp;amp;trk=nav_responsive_tab_home","https:\/\/www.youtube.com\/channel\/UCxL0wu1uN0_3_7hGG0306cw"]},{"@type":"Person","@id":"https:\/\/www.bellunopress.it\/#\/schema\/person\/79bb06722b37ece1c03d3e94beb30d73","name":"r\u00e9daction","image":{"@type":"ImageObject","inLanguage":"fr-FR","@id":"https:\/\/secure.gravatar.com\/avatar\/37d968a2e67a6fd04c169c4bdef102d0bc5d31b2546345219e348575eb80e9a0?s=96&d=mm&r=g","url":"https:\/\/secure.gravatar.com\/avatar\/37d968a2e67a6fd04c169c4bdef102d0bc5d31b2546345219e348575eb80e9a0?s=96&d=mm&r=g","contentUrl":"https:\/\/secure.gravatar.com\/avatar\/37d968a2e67a6fd04c169c4bdef102d0bc5d31b2546345219e348575eb80e9a0?s=96&d=mm&r=g","caption":"redazione"},"sameAs":["http:\/\/www.bellunopress.it","https:\/\/x.com\/bellunopress"],"url":"https:\/\/www.bellunopress.it\/fr\/author\/redazione\/"}]}},"_links":{"self":[{"href":"https:\/\/www.bellunopress.it\/fr\/wp-json\/wp\/v2\/posts\/166514","targetHints":{"allow":["GET"]}}],"collection":[{"href":"https:\/\/www.bellunopress.it\/fr\/wp-json\/wp\/v2\/posts"}],"about":[{"href":"https:\/\/www.bellunopress.it\/fr\/wp-json\/wp\/v2\/types\/post"}],"author":[{"embeddable":true,"href":"https:\/\/www.bellunopress.it\/fr\/wp-json\/wp\/v2\/users\/2"}],"replies":[{"embeddable":true,"href":"https:\/\/www.bellunopress.it\/fr\/wp-json\/wp\/v2\/comments?post=166514"}],"version-history":[{"count":1,"href":"https:\/\/www.bellunopress.it\/fr\/wp-json\/wp\/v2\/posts\/166514\/revisions"}],"predecessor-version":[{"id":166516,"href":"https:\/\/www.bellunopress.it\/fr\/wp-json\/wp\/v2\/posts\/166514\/revisions\/166516"}],"wp:featuredmedia":[{"embeddable":true,"href":"https:\/\/www.bellunopress.it\/fr\/wp-json\/wp\/v2\/media\/166515"}],"wp:attachment":[{"href":"https:\/\/www.bellunopress.it\/fr\/wp-json\/wp\/v2\/media?parent=166514"}],"wp:term":[{"taxonomy":"category","embeddable":true,"href":"https:\/\/www.bellunopress.it\/fr\/wp-json\/wp\/v2\/categories?post=166514"},{"taxonomy":"post_tag","embeddable":true,"href":"https:\/\/www.bellunopress.it\/fr\/wp-json\/wp\/v2\/tags?post=166514"}],"curies":[{"name":"wp","href":"https:\/\/api.w.org\/{rel}","templated":true}]}}