{"id":166512,"date":"2026-01-17T09:00:36","date_gmt":"2026-01-17T08:00:36","guid":{"rendered":"https:\/\/www.bellunopress.it\/?p=166512"},"modified":"2026-01-16T21:26:56","modified_gmt":"2026-01-16T20:26:56","slug":"una-nuova-casa-per-il-centro-noialtri-la-mozione-di-costruiamo-borgo-punta-sullex-scuola-di-cavassico","status":"publish","type":"post","link":"https:\/\/www.bellunopress.it\/fr\/2026\/01\/17\/una-nuova-casa-per-il-centro-noialtri-la-mozione-di-costruiamo-borgo-punta-sullex-scuola-di-cavassico\/","title":{"rendered":"Una nuova casa per il Centro Noialtri: la mozione di Costruiamo Borgo punta sull\u2019ex scuola di Cavassico"},"content":{"rendered":"<figure id=\"attachment_149482\" aria-describedby=\"caption-attachment-149482\" style=\"width: 1000px\" class=\"wp-caption aligncenter\"><img loading=\"lazy\" decoding=\"async\" class=\"size-full wp-image-149482\" src=\"https:\/\/www.bellunopress.it\/wp-content\/uploads\/2024\/03\/Dario-Dal-Magro-candidato-sindaco-Borgo-Valbelluna-.jpg\" alt=\"\" width=\"1000\" height=\"667\" srcset=\"https:\/\/www.bellunopress.it\/wp-content\/uploads\/2024\/03\/Dario-Dal-Magro-candidato-sindaco-Borgo-Valbelluna-.jpg 1000w, https:\/\/www.bellunopress.it\/wp-content\/uploads\/2024\/03\/Dario-Dal-Magro-candidato-sindaco-Borgo-Valbelluna--500x334.jpg 500w, https:\/\/www.bellunopress.it\/wp-content\/uploads\/2024\/03\/Dario-Dal-Magro-candidato-sindaco-Borgo-Valbelluna--630x420.jpg 630w, https:\/\/www.bellunopress.it\/wp-content\/uploads\/2024\/03\/Dario-Dal-Magro-candidato-sindaco-Borgo-Valbelluna--696x464.jpg 696w\" sizes=\"auto, (max-width: 1000px) 100vw, 1000px\" \/><figcaption id=\"caption-attachment-149482\" class=\"wp-caption-text\">Dario Dal Magro &#8211; Gruppo consiliare Costruiamo Borgo<\/figcaption><\/figure>\n<p><strong>Il gruppo consiliare guidato da Dario Dal Magro propone di trasferire il servizio negli spazi di Cavassico Superiore, disponibili dal 2026. La richiesta: &#8220;Servono spazi dignitosi e fondi dai Comuni Confinanti&#8221;<\/strong><\/p>\n<p>Borgo Valbelluna, 16 gennaio 2026 &#8211; Una sede pi\u00f9 ampia, dignitosa e immersa nel verde per garantire un futuro di qualit\u00e0 agli utenti del Centro Diurno &#8220;Noialtri&#8221;. \u00c8 questo il cuore della mozione presentata dal gruppo consiliare &#8220;Costruiamo Borgo&#8221;, che punta i riflettori su una delle realt\u00e0 sociali pi\u00f9 delicate e preziose della Valbelluna.<\/p>\n<p>L&#8217;obiettivo \u00e8 chiaro: risolvere le criticit\u00e0 dell&#8217;attuale sede di Mel e trasformare l&#8217;ex edificio scolastico di Cavassico Superiore (Trichiana) nel nuovo polo di riferimento per la disabilit\u00e0 del territorio.<\/p>\n<p>Il Centro &#8220;Noialtri&#8221; non \u00e8 solo un servizio, ma un pilastro per decine di famiglie. Offre percorsi educativi e sociali a persone con disabilit\u00e0 che non possono accedere al mondo del lavoro, rappresentando un sollievo fondamentale per i caregiver. Tuttavia, i locali attuali presso l&#8217;ULSS di Mel non sono pi\u00f9 adeguati.<\/p>\n<p>&#8220;Spazi ridotti e ambienti poco funzionali incidono direttamente sulla qualit\u00e0 della vita degli utenti&#8221;, spiega la mozione firmata da Dario Dal Magro. Non si tratta solo di logistica, ma della possibilit\u00e0 di svolgere attivit\u00e0 educative e riabilitative in un contesto che favorisca davvero il benessere e la crescita.<\/p>\n<p>La soluzione individuata dall&#8217;opposizione ha una data precisa: giugno 2026. In quel momento, l&#8217;edificio della ex scuola di Cavassico Superiore torner\u00e0 disponibile. Secondo &#8220;Costruiamo Borgo&#8221;, la struttura \u00e8 ideale:<\/p>\n<p>Ampi spazi interni facilmente adattabili.<\/p>\n<p>Un giardino esterno per attivit\u00e0 all&#8217;aperto.<\/p>\n<p>Posizione accogliente e funzionale.<\/p>\n<p>Per trasformare il sogno in realt\u00e0, la mozione impegna il Consiglio Comunale a muoversi su due fronti: il reperimento delle risorse e la collaborazione istituzionale. La proposta \u00e8 quella di avviare, in sinergia con il Comitato dei Sindaci, una richiesta di finanziamento ai Fondi Comuni Confinanti (FCC) per coprire i costi della ristrutturazione nel prossimo triennio.<\/p>\n<p>&#8220;La nostra proposta non \u00e8 solo un atto tecnico, ma una scelta di responsabilit\u00e0 verso i cittadini pi\u00f9 fragili&#8221;, sottolinea Dal Magro. &#8220;\u00c8 un investimento sociale che qualifica il nostro territorio come luogo capace di prendersi cura di tutti&#8221;.<\/p>\n<p>La mozione si conclude con un appello alla politica affinch\u00e9 non ci siano divisioni su un tema cos\u00ec sensibile. Il diritto alla dignit\u00e0 e alla qualit\u00e0 della vita deve essere un valore condiviso da tutta la comunit\u00e0 di Borgo Valbelluna e dai sindaci del distretto.<\/p>\n<p>La palla passa ora al Consiglio Comunale, chiamato a decidere se intraprendere questo percorso per dare al Centro Noialtri la &#8220;casa&#8221; che merita.<\/p>","protected":false},"excerpt":{"rendered":"<p>Il gruppo consiliare guidato da Dario Dal Magro propone di trasferire il servizio negli spazi di Cavassico Superiore, disponibili dal 2026. La richiesta: &#8220;Servono spazi dignitosi e fondi dai Comuni Confinanti&#8221; Borgo Valbelluna, 16 gennaio 2026 &#8211; Una sede pi\u00f9 ampia, dignitosa e immersa nel verde per garantire un futuro di qualit\u00e0 agli utenti del [&hellip;]<\/p>\n","protected":false},"author":2,"featured_media":149482,"comment_status":"closed","ping_status":"open","sticky":false,"template":"","format":"standard","meta":{"footnotes":""},"categories":[26,8],"tags":[],"class_list":["post-166512","post","type-post","status-publish","format-standard","has-post-thumbnail","category-prima-pagina","category-societa-istituzioni"],"yoast_head":"<!-- This site is optimized with the Yoast SEO plugin v28.4 - https:\/\/yoast.com\/product\/yoast-seo-wordpress\/ -->\n<title>Una nuova casa per il Centro Noialtri: la mozione di Costruiamo Borgo punta sull\u2019ex scuola di Cavassico - Bellunopress - Dolomiti<\/title>\n<meta name=\"robots\" content=\"index, follow, max-snippet:-1, max-image-preview:large, max-video-preview:-1\" \/>\n<link rel=\"canonical\" href=\"https:\/\/www.bellunopress.it\/fr\/2026\/01\/17\/una-nuova-casa-per-il-centro-noialtri-la-mozione-di-costruiamo-borgo-punta-sullex-scuola-di-cavassico\/\" \/>\n<meta property=\"og:locale\" content=\"fr_FR\" \/>\n<meta property=\"og:type\" content=\"article\" \/>\n<meta property=\"og:title\" content=\"Una nuova casa per il Centro Noialtri: la mozione di Costruiamo Borgo punta sull\u2019ex scuola di Cavassico - Bellunopress - Dolomiti\" \/>\n<meta property=\"og:description\" content=\"Il gruppo consiliare guidato da Dario Dal Magro propone di trasferire il servizio negli spazi di Cavassico Superiore, disponibili dal 2026. La richiesta: &#8220;Servono spazi dignitosi e fondi dai Comuni Confinanti&#8221; Borgo Valbelluna, 16 gennaio 2026 &#8211; Una sede pi\u00f9 ampia, dignitosa e immersa nel verde per garantire un futuro di qualit\u00e0 agli utenti del [&hellip;]\" \/>\n<meta property=\"og:url\" content=\"https:\/\/www.bellunopress.it\/fr\/2026\/01\/17\/una-nuova-casa-per-il-centro-noialtri-la-mozione-di-costruiamo-borgo-punta-sullex-scuola-di-cavassico\/\" \/>\n<meta property=\"og:site_name\" content=\"Bellunopress - Dolomiti\" \/>\n<meta property=\"article:publisher\" content=\"https:\/\/www.facebook.com\/profile.php?id=100008943462799\" \/>\n<meta property=\"article:published_time\" content=\"2026-01-17T08:00:36+00:00\" \/>\n<meta property=\"og:image\" content=\"https:\/\/www.bellunopress.it\/wp-content\/uploads\/2024\/03\/Dario-Dal-Magro-candidato-sindaco-Borgo-Valbelluna-.jpg\" \/>\n\t<meta property=\"og:image:width\" content=\"1000\" \/>\n\t<meta property=\"og:image:height\" content=\"667\" \/>\n\t<meta property=\"og:image:type\" content=\"image\/jpeg\" \/>\n<meta name=\"author\" content=\"redazione\" \/>\n<meta name=\"twitter:card\" content=\"summary_large_image\" \/>\n<meta name=\"twitter:creator\" content=\"@bellunopress\" \/>\n<meta name=\"twitter:site\" content=\"@bellunopress\" \/>\n<meta name=\"twitter:label1\" content=\"\u00c9crit par\" \/>\n\t<meta name=\"twitter:data1\" content=\"redazione\" \/>\n\t<meta name=\"twitter:label2\" content=\"Dur\u00e9e de lecture estim\u00e9e\" \/>\n\t<meta name=\"twitter:data2\" content=\"2 minutes\" \/>\n<script type=\"application\/ld+json\" class=\"yoast-schema-graph\">{\"@context\":\"https:\\\/\\\/schema.org\",\"@graph\":[{\"@type\":\"Article\",\"@id\":\"https:\\\/\\\/www.bellunopress.it\\\/2026\\\/01\\\/17\\\/una-nuova-casa-per-il-centro-noialtri-la-mozione-di-costruiamo-borgo-punta-sullex-scuola-di-cavassico\\\/#article\",\"isPartOf\":{\"@id\":\"https:\\\/\\\/www.bellunopress.it\\\/2026\\\/01\\\/17\\\/una-nuova-casa-per-il-centro-noialtri-la-mozione-di-costruiamo-borgo-punta-sullex-scuola-di-cavassico\\\/\"},\"author\":{\"name\":\"redazione\",\"@id\":\"https:\\\/\\\/www.bellunopress.it\\\/#\\\/schema\\\/person\\\/79bb06722b37ece1c03d3e94beb30d73\"},\"headline\":\"Una nuova casa per il Centro Noialtri: la mozione di Costruiamo Borgo punta sull\u2019ex scuola di Cavassico\",\"datePublished\":\"2026-01-17T08:00:36+00:00\",\"mainEntityOfPage\":{\"@id\":\"https:\\\/\\\/www.bellunopress.it\\\/2026\\\/01\\\/17\\\/una-nuova-casa-per-il-centro-noialtri-la-mozione-di-costruiamo-borgo-punta-sullex-scuola-di-cavassico\\\/\"},\"wordCount\":449,\"publisher\":{\"@id\":\"https:\\\/\\\/www.bellunopress.it\\\/#organization\"},\"image\":{\"@id\":\"https:\\\/\\\/www.bellunopress.it\\\/2026\\\/01\\\/17\\\/una-nuova-casa-per-il-centro-noialtri-la-mozione-di-costruiamo-borgo-punta-sullex-scuola-di-cavassico\\\/#primaryimage\"},\"thumbnailUrl\":\"https:\\\/\\\/www.bellunopress.it\\\/wp-content\\\/uploads\\\/2024\\\/03\\\/Dario-Dal-Magro-candidato-sindaco-Borgo-Valbelluna-.jpg\",\"articleSection\":[\"Prima Pagina\",\"Societ\u00e0, Associazioni, Istituzioni\"],\"inLanguage\":\"fr-FR\"},{\"@type\":\"WebPage\",\"@id\":\"https:\\\/\\\/www.bellunopress.it\\\/2026\\\/01\\\/17\\\/una-nuova-casa-per-il-centro-noialtri-la-mozione-di-costruiamo-borgo-punta-sullex-scuola-di-cavassico\\\/\",\"url\":\"https:\\\/\\\/www.bellunopress.it\\\/2026\\\/01\\\/17\\\/una-nuova-casa-per-il-centro-noialtri-la-mozione-di-costruiamo-borgo-punta-sullex-scuola-di-cavassico\\\/\",\"name\":\"Una nuova casa per il Centro Noialtri: la mozione di Costruiamo Borgo punta sull\u2019ex scuola di Cavassico - Bellunopress - Dolomiti\",\"isPartOf\":{\"@id\":\"https:\\\/\\\/www.bellunopress.it\\\/#website\"},\"primaryImageOfPage\":{\"@id\":\"https:\\\/\\\/www.bellunopress.it\\\/2026\\\/01\\\/17\\\/una-nuova-casa-per-il-centro-noialtri-la-mozione-di-costruiamo-borgo-punta-sullex-scuola-di-cavassico\\\/#primaryimage\"},\"image\":{\"@id\":\"https:\\\/\\\/www.bellunopress.it\\\/2026\\\/01\\\/17\\\/una-nuova-casa-per-il-centro-noialtri-la-mozione-di-costruiamo-borgo-punta-sullex-scuola-di-cavassico\\\/#primaryimage\"},\"thumbnailUrl\":\"https:\\\/\\\/www.bellunopress.it\\\/wp-content\\\/uploads\\\/2024\\\/03\\\/Dario-Dal-Magro-candidato-sindaco-Borgo-Valbelluna-.jpg\",\"datePublished\":\"2026-01-17T08:00:36+00:00\",\"breadcrumb\":{\"@id\":\"https:\\\/\\\/www.bellunopress.it\\\/2026\\\/01\\\/17\\\/una-nuova-casa-per-il-centro-noialtri-la-mozione-di-costruiamo-borgo-punta-sullex-scuola-di-cavassico\\\/#breadcrumb\"},\"inLanguage\":\"fr-FR\",\"potentialAction\":[{\"@type\":\"ReadAction\",\"target\":[\"https:\\\/\\\/www.bellunopress.it\\\/2026\\\/01\\\/17\\\/una-nuova-casa-per-il-centro-noialtri-la-mozione-di-costruiamo-borgo-punta-sullex-scuola-di-cavassico\\\/\"]}]},{\"@type\":\"ImageObject\",\"inLanguage\":\"fr-FR\",\"@id\":\"https:\\\/\\\/www.bellunopress.it\\\/2026\\\/01\\\/17\\\/una-nuova-casa-per-il-centro-noialtri-la-mozione-di-costruiamo-borgo-punta-sullex-scuola-di-cavassico\\\/#primaryimage\",\"url\":\"https:\\\/\\\/www.bellunopress.it\\\/wp-content\\\/uploads\\\/2024\\\/03\\\/Dario-Dal-Magro-candidato-sindaco-Borgo-Valbelluna-.jpg\",\"contentUrl\":\"https:\\\/\\\/www.bellunopress.it\\\/wp-content\\\/uploads\\\/2024\\\/03\\\/Dario-Dal-Magro-candidato-sindaco-Borgo-Valbelluna-.jpg\",\"width\":1000,\"height\":667,\"caption\":\"Dario Dal Magro - Gruppo consiliare Costruiamo Borgo\"},{\"@type\":\"BreadcrumbList\",\"@id\":\"https:\\\/\\\/www.bellunopress.it\\\/2026\\\/01\\\/17\\\/una-nuova-casa-per-il-centro-noialtri-la-mozione-di-costruiamo-borgo-punta-sullex-scuola-di-cavassico\\\/#breadcrumb\",\"itemListElement\":[{\"@type\":\"ListItem\",\"position\":1,\"name\":\"Home\",\"item\":\"https:\\\/\\\/www.bellunopress.it\\\/\"},{\"@type\":\"ListItem\",\"position\":2,\"name\":\"Una nuova casa per il Centro Noialtri: la mozione di Costruiamo Borgo punta sull\u2019ex scuola di Cavassico\"}]},{\"@type\":\"WebSite\",\"@id\":\"https:\\\/\\\/www.bellunopress.it\\\/#website\",\"url\":\"https:\\\/\\\/www.bellunopress.it\\\/\",\"name\":\"Bellunopress - Dolomiti\",\"description\":\"e-mail: redazione@bellunopress.it\",\"publisher\":{\"@id\":\"https:\\\/\\\/www.bellunopress.it\\\/#organization\"},\"potentialAction\":[{\"@type\":\"SearchAction\",\"target\":{\"@type\":\"EntryPoint\",\"urlTemplate\":\"https:\\\/\\\/www.bellunopress.it\\\/?s={search_term_string}\"},\"query-input\":{\"@type\":\"PropertyValueSpecification\",\"valueRequired\":true,\"valueName\":\"search_term_string\"}}],\"inLanguage\":\"fr-FR\"},{\"@type\":\"Organization\",\"@id\":\"https:\\\/\\\/www.bellunopress.it\\\/#organization\",\"name\":\"Bellunopress\",\"url\":\"https:\\\/\\\/www.bellunopress.it\\\/\",\"logo\":{\"@type\":\"ImageObject\",\"inLanguage\":\"fr-FR\",\"@id\":\"https:\\\/\\\/www.bellunopress.it\\\/#\\\/schema\\\/logo\\\/image\\\/\",\"url\":\"https:\\\/\\\/www.bellunopress.it\\\/wp-content\\\/uploads\\\/2011\\\/05\\\/cropped-logo-bellunopress-.jpg\",\"contentUrl\":\"https:\\\/\\\/www.bellunopress.it\\\/wp-content\\\/uploads\\\/2011\\\/05\\\/cropped-logo-bellunopress-.jpg\",\"width\":512,\"height\":512,\"caption\":\"Bellunopress\"},\"image\":{\"@id\":\"https:\\\/\\\/www.bellunopress.it\\\/#\\\/schema\\\/logo\\\/image\\\/\"},\"sameAs\":[\"https:\\\/\\\/www.facebook.com\\\/profile.php?id=100008943462799\",\"https:\\\/\\\/x.com\\\/bellunopress\",\"https:\\\/\\\/www.linkedin.com\\\/hp\\\/?dnr=JBzUWaJfMUw8vbXJJ2tVW5-I3jZKvC4wsoxE&amp;amp;amp;amp;amp;amp;trk=nav_responsive_tab_home\",\"https:\\\/\\\/www.youtube.com\\\/channel\\\/UCxL0wu1uN0_3_7hGG0306cw\"]},{\"@type\":\"Person\",\"@id\":\"https:\\\/\\\/www.bellunopress.it\\\/#\\\/schema\\\/person\\\/79bb06722b37ece1c03d3e94beb30d73\",\"name\":\"redazione\",\"image\":{\"@type\":\"ImageObject\",\"inLanguage\":\"fr-FR\",\"@id\":\"https:\\\/\\\/secure.gravatar.com\\\/avatar\\\/37d968a2e67a6fd04c169c4bdef102d0bc5d31b2546345219e348575eb80e9a0?s=96&d=mm&r=g\",\"url\":\"https:\\\/\\\/secure.gravatar.com\\\/avatar\\\/37d968a2e67a6fd04c169c4bdef102d0bc5d31b2546345219e348575eb80e9a0?s=96&d=mm&r=g\",\"contentUrl\":\"https:\\\/\\\/secure.gravatar.com\\\/avatar\\\/37d968a2e67a6fd04c169c4bdef102d0bc5d31b2546345219e348575eb80e9a0?s=96&d=mm&r=g\",\"caption\":\"redazione\"},\"sameAs\":[\"http:\\\/\\\/www.bellunopress.it\",\"https:\\\/\\\/x.com\\\/bellunopress\"],\"url\":\"https:\\\/\\\/www.bellunopress.it\\\/fr\\\/author\\\/redazione\\\/\"}]}<\/script>\n<!-- \/ Yoast SEO plugin. -->","yoast_head_json":{"title":"Una nuova casa per il Centro Noialtri: la mozione di Costruiamo Borgo punta sull\u2019ex scuola di Cavassico - Bellunopress - Dolomiti","robots":{"index":"index","follow":"follow","max-snippet":"max-snippet:-1","max-image-preview":"max-image-preview:large","max-video-preview":"max-video-preview:-1"},"canonical":"https:\/\/www.bellunopress.it\/fr\/2026\/01\/17\/una-nuova-casa-per-il-centro-noialtri-la-mozione-di-costruiamo-borgo-punta-sullex-scuola-di-cavassico\/","og_locale":"fr_FR","og_type":"article","og_title":"Una nuova casa per il Centro Noialtri: la mozione di Costruiamo Borgo punta sull\u2019ex scuola di Cavassico - Bellunopress - Dolomiti","og_description":"Il gruppo consiliare guidato da Dario Dal Magro propone di trasferire il servizio negli spazi di Cavassico Superiore, disponibili dal 2026. La richiesta: &#8220;Servono spazi dignitosi e fondi dai Comuni Confinanti&#8221; Borgo Valbelluna, 16 gennaio 2026 &#8211; Una sede pi\u00f9 ampia, dignitosa e immersa nel verde per garantire un futuro di qualit\u00e0 agli utenti del [&hellip;]","og_url":"https:\/\/www.bellunopress.it\/fr\/2026\/01\/17\/una-nuova-casa-per-il-centro-noialtri-la-mozione-di-costruiamo-borgo-punta-sullex-scuola-di-cavassico\/","og_site_name":"Bellunopress - Dolomiti","article_publisher":"https:\/\/www.facebook.com\/profile.php?id=100008943462799","article_published_time":"2026-01-17T08:00:36+00:00","og_image":[{"width":1000,"height":667,"url":"https:\/\/www.bellunopress.it\/wp-content\/uploads\/2024\/03\/Dario-Dal-Magro-candidato-sindaco-Borgo-Valbelluna-.jpg","type":"image\/jpeg"}],"author":"redazione","twitter_card":"summary_large_image","twitter_creator":"@bellunopress","twitter_site":"@bellunopress","twitter_misc":{"\u00c9crit par":"redazione","Dur\u00e9e de lecture estim\u00e9e":"2 minutes"},"schema":{"@context":"https:\/\/schema.org","@graph":[{"@type":"Article","@id":"https:\/\/www.bellunopress.it\/2026\/01\/17\/una-nuova-casa-per-il-centro-noialtri-la-mozione-di-costruiamo-borgo-punta-sullex-scuola-di-cavassico\/#article","isPartOf":{"@id":"https:\/\/www.bellunopress.it\/2026\/01\/17\/una-nuova-casa-per-il-centro-noialtri-la-mozione-di-costruiamo-borgo-punta-sullex-scuola-di-cavassico\/"},"author":{"name":"redazione","@id":"https:\/\/www.bellunopress.it\/#\/schema\/person\/79bb06722b37ece1c03d3e94beb30d73"},"headline":"Una nuova casa per il Centro Noialtri: la mozione di Costruiamo Borgo punta sull\u2019ex scuola di Cavassico","datePublished":"2026-01-17T08:00:36+00:00","mainEntityOfPage":{"@id":"https:\/\/www.bellunopress.it\/2026\/01\/17\/una-nuova-casa-per-il-centro-noialtri-la-mozione-di-costruiamo-borgo-punta-sullex-scuola-di-cavassico\/"},"wordCount":449,"publisher":{"@id":"https:\/\/www.bellunopress.it\/#organization"},"image":{"@id":"https:\/\/www.bellunopress.it\/2026\/01\/17\/una-nuova-casa-per-il-centro-noialtri-la-mozione-di-costruiamo-borgo-punta-sullex-scuola-di-cavassico\/#primaryimage"},"thumbnailUrl":"https:\/\/www.bellunopress.it\/wp-content\/uploads\/2024\/03\/Dario-Dal-Magro-candidato-sindaco-Borgo-Valbelluna-.jpg","articleSection":["Prima Pagina","Societ\u00e0, Associazioni, Istituzioni"],"inLanguage":"fr-FR"},{"@type":"WebPage","@id":"https:\/\/www.bellunopress.it\/2026\/01\/17\/una-nuova-casa-per-il-centro-noialtri-la-mozione-di-costruiamo-borgo-punta-sullex-scuola-di-cavassico\/","url":"https:\/\/www.bellunopress.it\/2026\/01\/17\/una-nuova-casa-per-il-centro-noialtri-la-mozione-di-costruiamo-borgo-punta-sullex-scuola-di-cavassico\/","name":"Una nuova casa per il Centro Noialtri: la mozione di Costruiamo Borgo punta sull\u2019ex scuola di Cavassico - Bellunopress - Dolomiti","isPartOf":{"@id":"https:\/\/www.bellunopress.it\/#website"},"primaryImageOfPage":{"@id":"https:\/\/www.bellunopress.it\/2026\/01\/17\/una-nuova-casa-per-il-centro-noialtri-la-mozione-di-costruiamo-borgo-punta-sullex-scuola-di-cavassico\/#primaryimage"},"image":{"@id":"https:\/\/www.bellunopress.it\/2026\/01\/17\/una-nuova-casa-per-il-centro-noialtri-la-mozione-di-costruiamo-borgo-punta-sullex-scuola-di-cavassico\/#primaryimage"},"thumbnailUrl":"https:\/\/www.bellunopress.it\/wp-content\/uploads\/2024\/03\/Dario-Dal-Magro-candidato-sindaco-Borgo-Valbelluna-.jpg","datePublished":"2026-01-17T08:00:36+00:00","breadcrumb":{"@id":"https:\/\/www.bellunopress.it\/2026\/01\/17\/una-nuova-casa-per-il-centro-noialtri-la-mozione-di-costruiamo-borgo-punta-sullex-scuola-di-cavassico\/#breadcrumb"},"inLanguage":"fr-FR","potentialAction":[{"@type":"ReadAction","target":["https:\/\/www.bellunopress.it\/2026\/01\/17\/una-nuova-casa-per-il-centro-noialtri-la-mozione-di-costruiamo-borgo-punta-sullex-scuola-di-cavassico\/"]}]},{"@type":"ImageObject","inLanguage":"fr-FR","@id":"https:\/\/www.bellunopress.it\/2026\/01\/17\/una-nuova-casa-per-il-centro-noialtri-la-mozione-di-costruiamo-borgo-punta-sullex-scuola-di-cavassico\/#primaryimage","url":"https:\/\/www.bellunopress.it\/wp-content\/uploads\/2024\/03\/Dario-Dal-Magro-candidato-sindaco-Borgo-Valbelluna-.jpg","contentUrl":"https:\/\/www.bellunopress.it\/wp-content\/uploads\/2024\/03\/Dario-Dal-Magro-candidato-sindaco-Borgo-Valbelluna-.jpg","width":1000,"height":667,"caption":"Dario Dal Magro - Gruppo consiliare Costruiamo Borgo"},{"@type":"BreadcrumbList","@id":"https:\/\/www.bellunopress.it\/2026\/01\/17\/una-nuova-casa-per-il-centro-noialtri-la-mozione-di-costruiamo-borgo-punta-sullex-scuola-di-cavassico\/#breadcrumb","itemListElement":[{"@type":"ListItem","position":1,"name":"Home","item":"https:\/\/www.bellunopress.it\/"},{"@type":"ListItem","position":2,"name":"Una nuova casa per il Centro Noialtri: la mozione di Costruiamo Borgo punta sull\u2019ex scuola di Cavassico"}]},{"@type":"WebSite","@id":"https:\/\/www.bellunopress.it\/#website","url":"https:\/\/www.bellunopress.it\/","name":"Bellunopress - Dolomiti","description":"e-mail: redazione@bellunopress.it","publisher":{"@id":"https:\/\/www.bellunopress.it\/#organization"},"potentialAction":[{"@type":"SearchAction","target":{"@type":"EntryPoint","urlTemplate":"https:\/\/www.bellunopress.it\/?s={search_term_string}"},"query-input":{"@type":"PropertyValueSpecification","valueRequired":true,"valueName":"search_term_string"}}],"inLanguage":"fr-FR"},{"@type":"Organization","@id":"https:\/\/www.bellunopress.it\/#organization","name":"Bellunopress","url":"https:\/\/www.bellunopress.it\/","logo":{"@type":"ImageObject","inLanguage":"fr-FR","@id":"https:\/\/www.bellunopress.it\/#\/schema\/logo\/image\/","url":"https:\/\/www.bellunopress.it\/wp-content\/uploads\/2011\/05\/cropped-logo-bellunopress-.jpg","contentUrl":"https:\/\/www.bellunopress.it\/wp-content\/uploads\/2011\/05\/cropped-logo-bellunopress-.jpg","width":512,"height":512,"caption":"Bellunopress"},"image":{"@id":"https:\/\/www.bellunopress.it\/#\/schema\/logo\/image\/"},"sameAs":["https:\/\/www.facebook.com\/profile.php?id=100008943462799","https:\/\/x.com\/bellunopress","https:\/\/www.linkedin.com\/hp\/?dnr=JBzUWaJfMUw8vbXJJ2tVW5-I3jZKvC4wsoxE&amp;amp;amp;amp;amp;amp;trk=nav_responsive_tab_home","https:\/\/www.youtube.com\/channel\/UCxL0wu1uN0_3_7hGG0306cw"]},{"@type":"Person","@id":"https:\/\/www.bellunopress.it\/#\/schema\/person\/79bb06722b37ece1c03d3e94beb30d73","name":"r\u00e9daction","image":{"@type":"ImageObject","inLanguage":"fr-FR","@id":"https:\/\/secure.gravatar.com\/avatar\/37d968a2e67a6fd04c169c4bdef102d0bc5d31b2546345219e348575eb80e9a0?s=96&d=mm&r=g","url":"https:\/\/secure.gravatar.com\/avatar\/37d968a2e67a6fd04c169c4bdef102d0bc5d31b2546345219e348575eb80e9a0?s=96&d=mm&r=g","contentUrl":"https:\/\/secure.gravatar.com\/avatar\/37d968a2e67a6fd04c169c4bdef102d0bc5d31b2546345219e348575eb80e9a0?s=96&d=mm&r=g","caption":"redazione"},"sameAs":["http:\/\/www.bellunopress.it","https:\/\/x.com\/bellunopress"],"url":"https:\/\/www.bellunopress.it\/fr\/author\/redazione\/"}]}},"_links":{"self":[{"href":"https:\/\/www.bellunopress.it\/fr\/wp-json\/wp\/v2\/posts\/166512","targetHints":{"allow":["GET"]}}],"collection":[{"href":"https:\/\/www.bellunopress.it\/fr\/wp-json\/wp\/v2\/posts"}],"about":[{"href":"https:\/\/www.bellunopress.it\/fr\/wp-json\/wp\/v2\/types\/post"}],"author":[{"embeddable":true,"href":"https:\/\/www.bellunopress.it\/fr\/wp-json\/wp\/v2\/users\/2"}],"replies":[{"embeddable":true,"href":"https:\/\/www.bellunopress.it\/fr\/wp-json\/wp\/v2\/comments?post=166512"}],"version-history":[{"count":1,"href":"https:\/\/www.bellunopress.it\/fr\/wp-json\/wp\/v2\/posts\/166512\/revisions"}],"predecessor-version":[{"id":166513,"href":"https:\/\/www.bellunopress.it\/fr\/wp-json\/wp\/v2\/posts\/166512\/revisions\/166513"}],"wp:featuredmedia":[{"embeddable":true,"href":"https:\/\/www.bellunopress.it\/fr\/wp-json\/wp\/v2\/media\/149482"}],"wp:attachment":[{"href":"https:\/\/www.bellunopress.it\/fr\/wp-json\/wp\/v2\/media?parent=166512"}],"wp:term":[{"taxonomy":"category","embeddable":true,"href":"https:\/\/www.bellunopress.it\/fr\/wp-json\/wp\/v2\/categories?post=166512"},{"taxonomy":"post_tag","embeddable":true,"href":"https:\/\/www.bellunopress.it\/fr\/wp-json\/wp\/v2\/tags?post=166512"}],"curies":[{"name":"wp","href":"https:\/\/api.w.org\/{rel}","templated":true}]}}