{"id":166502,"date":"2026-01-16T15:23:05","date_gmt":"2026-01-16T14:23:05","guid":{"rendered":"https:\/\/www.bellunopress.it\/?p=166502"},"modified":"2026-01-16T15:23:05","modified_gmt":"2026-01-16T14:23:05","slug":"nevegal-atti-ufficiali-in-contraddizione-il-capofrazione-libralon-chiede-chiarezza","status":"publish","type":"post","link":"https:\/\/www.bellunopress.it\/fr\/2026\/01\/16\/nevegal-atti-ufficiali-in-contraddizione-il-capofrazione-libralon-chiede-chiarezza\/","title":{"rendered":"Nevegal: atti ufficiali in contraddizione. Il capofrazione Libralon chiede chiarezza"},"content":{"rendered":"<figure id=\"attachment_158391\" aria-describedby=\"caption-attachment-158391\" style=\"width: 1000px\" class=\"wp-caption aligncenter\"><img loading=\"lazy\" decoding=\"async\" class=\"size-full wp-image-158391\" src=\"https:\/\/www.bellunopress.it\/wp-content\/uploads\/2025\/03\/Daniele-Libralon_edited.jpg\" alt=\"responsabile organizzativo Lega Sezione di Belluno\" width=\"1000\" height=\"757\" srcset=\"https:\/\/www.bellunopress.it\/wp-content\/uploads\/2025\/03\/Daniele-Libralon_edited.jpg 1000w, https:\/\/www.bellunopress.it\/wp-content\/uploads\/2025\/03\/Daniele-Libralon_edited-500x379.jpg 500w, https:\/\/www.bellunopress.it\/wp-content\/uploads\/2025\/03\/Daniele-Libralon_edited-555x420.jpg 555w, https:\/\/www.bellunopress.it\/wp-content\/uploads\/2025\/03\/Daniele-Libralon_edited-80x60.jpg 80w, https:\/\/www.bellunopress.it\/wp-content\/uploads\/2025\/03\/Daniele-Libralon_edited-696x527.jpg 696w\" sizes=\"auto, (max-width: 1000px) 100vw, 1000px\" \/><figcaption id=\"caption-attachment-158391\" class=\"wp-caption-text\">Daniele Libralon, capofrazione Nevegal<\/figcaption><\/figure>\n<p>Belluno, 16 gennaio 2026 &#8211; Negli ultimi giorni ai cittadini del Nevegal \u00e8 stato ripetutamente comunicato che la seggiovia \u00e8 chiusa per un guasto ad una scheda.\u00a0Questa \u00e8 la versione ufficiale che ha giustificato la sospensione del pubblico esercizio da parte di Dolomiti Ski Line.\u00a0Tuttavia, atti amministrativi successivi alla sospensione presentati dalla societ\u00e0 raccontano un\u2019altra realt\u00e0, radicalmente diversa e difficilmente conciliabile con quanto dichiarato pubblicamente.<\/p>\n<p>Da un provvedimento formale emerge infatti che:<br \/>\n\u2022 la relazione di revisione quinquennale \u00e8 stata regolarmente redatta e firmata dal Direttore di Esercizio;<br \/>\n\u2022 \u00e8 stata presentata la dichiarazione asseverata con giudizio motivato positivo;<br \/>\n\u2022 i controlli sulla fune traente hanno avuto esito favorevole;<br \/>\n\u2022 e soprattutto che sono venute meno le condizioni che avevano determinato la sospensione del nulla osta tecnico con conseguente rilascio del nulla osta ex art. 4 del DPR 753\/80.<\/p>\n<p>Di fronte a questi atti ufficiali, come Capo Frazione del Nevegal, pongo una domanda semplice, diretta e non pi\u00f9 rinviabile:<\/p>\n<p>Perch\u00e9 si continua a parlare di sospensione per mancanza di documentazione quando un atto successivo dichiara formalmente che le condizioni di sicurezza sono state ripristinate?<\/p>\n<p>Se esistono documenti che attestano il ritorno alle condizioni di legge, qualcuno deve spiegare chiaramente alla comunit\u00e0:<br \/>\n\u2022 se esista un problema procedurale tra enti;<br \/>\n\u2022 se vi sia stato un ritardo amministrativo non comunicato;<br \/>\n\u2022 oppure se si sia verificata una gestione opaca e contraddittoria dell\u2019informazione pubblica.<\/p>\n<p>Il Nevegal non pu\u00f2 essere ostaggio di versioni contrastanti, n\u00e9 di rimpalli burocratici che scaricano le responsabilit\u00e0 senza fornire risposte.<\/p>\n<p>Qui non si chiede di abbassare l\u2019asticella della sicurezza.<br \/>\nSi chiede trasparenza, coerenza e rispetto per la comunit\u00e0 del Nevegal<\/p>\n<p>Credo che la comunit\u00e0 abbia il diritto ad avere una risposta chiara, pubblica, documentata, non a comunicazioni che si smentiscono a vicenda.<\/p>\n<p>La sicurezza viene prima di tutto.<br \/>\nMa la verit\u00e0 amministrativa viene subito dopo.<\/p>\n<p>E oggi, su questa vicenda, la verit\u00e0 va detta tutta.<\/p>\n<p><strong>Daniele Libralon<\/strong><br \/>\n<strong>Capo Frazione del Nevegal<\/strong><\/p>","protected":false},"excerpt":{"rendered":"<p>Belluno, 16 gennaio 2026 &#8211; Negli ultimi giorni ai cittadini del Nevegal \u00e8 stato ripetutamente comunicato che la seggiovia \u00e8 chiusa per un guasto ad una scheda.\u00a0Questa \u00e8 la versione ufficiale che ha giustificato la sospensione del pubblico esercizio da parte di Dolomiti Ski Line.\u00a0Tuttavia, atti amministrativi successivi alla sospensione presentati dalla societ\u00e0 raccontano un\u2019altra [&hellip;]<\/p>\n","protected":false},"author":2,"featured_media":158391,"comment_status":"closed","ping_status":"open","sticky":false,"template":"","format":"standard","meta":{"footnotes":""},"categories":[5,26],"tags":[],"class_list":["post-166502","post","type-post","status-publish","format-standard","has-post-thumbnail","category-cronaca","category-prima-pagina"],"yoast_head":"<!-- This site is optimized with the Yoast SEO plugin v28.4 - https:\/\/yoast.com\/product\/yoast-seo-wordpress\/ -->\n<title>Nevegal: atti ufficiali in contraddizione. Il capofrazione Libralon chiede chiarezza - Bellunopress - Dolomiti<\/title>\n<meta name=\"robots\" content=\"index, follow, max-snippet:-1, max-image-preview:large, max-video-preview:-1\" \/>\n<link rel=\"canonical\" href=\"https:\/\/www.bellunopress.it\/fr\/2026\/01\/16\/nevegal-atti-ufficiali-in-contraddizione-il-capofrazione-libralon-chiede-chiarezza\/\" \/>\n<meta property=\"og:locale\" content=\"fr_FR\" \/>\n<meta property=\"og:type\" content=\"article\" \/>\n<meta property=\"og:title\" content=\"Nevegal: atti ufficiali in contraddizione. Il capofrazione Libralon chiede chiarezza - Bellunopress - Dolomiti\" \/>\n<meta property=\"og:description\" content=\"Belluno, 16 gennaio 2026 &#8211; Negli ultimi giorni ai cittadini del Nevegal \u00e8 stato ripetutamente comunicato che la seggiovia \u00e8 chiusa per un guasto ad una scheda.\u00a0Questa \u00e8 la versione ufficiale che ha giustificato la sospensione del pubblico esercizio da parte di Dolomiti Ski Line.\u00a0Tuttavia, atti amministrativi successivi alla sospensione presentati dalla societ\u00e0 raccontano un\u2019altra [&hellip;]\" \/>\n<meta property=\"og:url\" content=\"https:\/\/www.bellunopress.it\/fr\/2026\/01\/16\/nevegal-atti-ufficiali-in-contraddizione-il-capofrazione-libralon-chiede-chiarezza\/\" \/>\n<meta property=\"og:site_name\" content=\"Bellunopress - Dolomiti\" \/>\n<meta property=\"article:publisher\" content=\"https:\/\/www.facebook.com\/profile.php?id=100008943462799\" \/>\n<meta property=\"article:published_time\" content=\"2026-01-16T14:23:05+00:00\" \/>\n<meta property=\"og:image\" content=\"https:\/\/www.bellunopress.it\/wp-content\/uploads\/2025\/03\/Daniele-Libralon_edited.jpg\" \/>\n\t<meta property=\"og:image:width\" content=\"1000\" \/>\n\t<meta property=\"og:image:height\" content=\"757\" \/>\n\t<meta property=\"og:image:type\" content=\"image\/jpeg\" \/>\n<meta name=\"author\" content=\"redazione\" \/>\n<meta name=\"twitter:card\" content=\"summary_large_image\" \/>\n<meta name=\"twitter:creator\" content=\"@bellunopress\" \/>\n<meta name=\"twitter:site\" content=\"@bellunopress\" \/>\n<meta name=\"twitter:label1\" content=\"Written by\" \/>\n\t<meta name=\"twitter:data1\" content=\"redazione\" \/>\n\t<meta name=\"twitter:label2\" content=\"Est. reading time\" \/>\n\t<meta name=\"twitter:data2\" content=\"2 minutes\" \/>\n<script type=\"application\/ld+json\" class=\"yoast-schema-graph\">{\"@context\":\"https:\\\/\\\/schema.org\",\"@graph\":[{\"@type\":\"Article\",\"@id\":\"https:\\\/\\\/www.bellunopress.it\\\/2026\\\/01\\\/16\\\/nevegal-atti-ufficiali-in-contraddizione-il-capofrazione-libralon-chiede-chiarezza\\\/#article\",\"isPartOf\":{\"@id\":\"https:\\\/\\\/www.bellunopress.it\\\/2026\\\/01\\\/16\\\/nevegal-atti-ufficiali-in-contraddizione-il-capofrazione-libralon-chiede-chiarezza\\\/\"},\"author\":{\"name\":\"redazione\",\"@id\":\"https:\\\/\\\/www.bellunopress.it\\\/#\\\/schema\\\/person\\\/79bb06722b37ece1c03d3e94beb30d73\"},\"headline\":\"Nevegal: atti ufficiali in contraddizione. Il capofrazione Libralon chiede chiarezza\",\"datePublished\":\"2026-01-16T14:23:05+00:00\",\"mainEntityOfPage\":{\"@id\":\"https:\\\/\\\/www.bellunopress.it\\\/2026\\\/01\\\/16\\\/nevegal-atti-ufficiali-in-contraddizione-il-capofrazione-libralon-chiede-chiarezza\\\/\"},\"wordCount\":333,\"publisher\":{\"@id\":\"https:\\\/\\\/www.bellunopress.it\\\/#organization\"},\"image\":{\"@id\":\"https:\\\/\\\/www.bellunopress.it\\\/2026\\\/01\\\/16\\\/nevegal-atti-ufficiali-in-contraddizione-il-capofrazione-libralon-chiede-chiarezza\\\/#primaryimage\"},\"thumbnailUrl\":\"https:\\\/\\\/www.bellunopress.it\\\/wp-content\\\/uploads\\\/2025\\\/03\\\/Daniele-Libralon_edited.jpg\",\"articleSection\":[\"Cronaca\\\/Politica\",\"Prima Pagina\"],\"inLanguage\":\"fr-FR\"},{\"@type\":\"WebPage\",\"@id\":\"https:\\\/\\\/www.bellunopress.it\\\/2026\\\/01\\\/16\\\/nevegal-atti-ufficiali-in-contraddizione-il-capofrazione-libralon-chiede-chiarezza\\\/\",\"url\":\"https:\\\/\\\/www.bellunopress.it\\\/2026\\\/01\\\/16\\\/nevegal-atti-ufficiali-in-contraddizione-il-capofrazione-libralon-chiede-chiarezza\\\/\",\"name\":\"Nevegal: atti ufficiali in contraddizione. Il capofrazione Libralon chiede chiarezza - Bellunopress - Dolomiti\",\"isPartOf\":{\"@id\":\"https:\\\/\\\/www.bellunopress.it\\\/#website\"},\"primaryImageOfPage\":{\"@id\":\"https:\\\/\\\/www.bellunopress.it\\\/2026\\\/01\\\/16\\\/nevegal-atti-ufficiali-in-contraddizione-il-capofrazione-libralon-chiede-chiarezza\\\/#primaryimage\"},\"image\":{\"@id\":\"https:\\\/\\\/www.bellunopress.it\\\/2026\\\/01\\\/16\\\/nevegal-atti-ufficiali-in-contraddizione-il-capofrazione-libralon-chiede-chiarezza\\\/#primaryimage\"},\"thumbnailUrl\":\"https:\\\/\\\/www.bellunopress.it\\\/wp-content\\\/uploads\\\/2025\\\/03\\\/Daniele-Libralon_edited.jpg\",\"datePublished\":\"2026-01-16T14:23:05+00:00\",\"breadcrumb\":{\"@id\":\"https:\\\/\\\/www.bellunopress.it\\\/2026\\\/01\\\/16\\\/nevegal-atti-ufficiali-in-contraddizione-il-capofrazione-libralon-chiede-chiarezza\\\/#breadcrumb\"},\"inLanguage\":\"fr-FR\",\"potentialAction\":[{\"@type\":\"ReadAction\",\"target\":[\"https:\\\/\\\/www.bellunopress.it\\\/2026\\\/01\\\/16\\\/nevegal-atti-ufficiali-in-contraddizione-il-capofrazione-libralon-chiede-chiarezza\\\/\"]}]},{\"@type\":\"ImageObject\",\"inLanguage\":\"fr-FR\",\"@id\":\"https:\\\/\\\/www.bellunopress.it\\\/2026\\\/01\\\/16\\\/nevegal-atti-ufficiali-in-contraddizione-il-capofrazione-libralon-chiede-chiarezza\\\/#primaryimage\",\"url\":\"https:\\\/\\\/www.bellunopress.it\\\/wp-content\\\/uploads\\\/2025\\\/03\\\/Daniele-Libralon_edited.jpg\",\"contentUrl\":\"https:\\\/\\\/www.bellunopress.it\\\/wp-content\\\/uploads\\\/2025\\\/03\\\/Daniele-Libralon_edited.jpg\",\"width\":1000,\"height\":757,\"caption\":\"Daniele Libralon, capofrazione Nevegal\"},{\"@type\":\"BreadcrumbList\",\"@id\":\"https:\\\/\\\/www.bellunopress.it\\\/2026\\\/01\\\/16\\\/nevegal-atti-ufficiali-in-contraddizione-il-capofrazione-libralon-chiede-chiarezza\\\/#breadcrumb\",\"itemListElement\":[{\"@type\":\"ListItem\",\"position\":1,\"name\":\"Home\",\"item\":\"https:\\\/\\\/www.bellunopress.it\\\/\"},{\"@type\":\"ListItem\",\"position\":2,\"name\":\"Nevegal: atti ufficiali in contraddizione. Il capofrazione Libralon chiede chiarezza\"}]},{\"@type\":\"WebSite\",\"@id\":\"https:\\\/\\\/www.bellunopress.it\\\/#website\",\"url\":\"https:\\\/\\\/www.bellunopress.it\\\/\",\"name\":\"Bellunopress - Dolomiti\",\"description\":\"e-mail: redazione@bellunopress.it\",\"publisher\":{\"@id\":\"https:\\\/\\\/www.bellunopress.it\\\/#organization\"},\"potentialAction\":[{\"@type\":\"SearchAction\",\"target\":{\"@type\":\"EntryPoint\",\"urlTemplate\":\"https:\\\/\\\/www.bellunopress.it\\\/?s={search_term_string}\"},\"query-input\":{\"@type\":\"PropertyValueSpecification\",\"valueRequired\":true,\"valueName\":\"search_term_string\"}}],\"inLanguage\":\"fr-FR\"},{\"@type\":\"Organization\",\"@id\":\"https:\\\/\\\/www.bellunopress.it\\\/#organization\",\"name\":\"Bellunopress\",\"url\":\"https:\\\/\\\/www.bellunopress.it\\\/\",\"logo\":{\"@type\":\"ImageObject\",\"inLanguage\":\"fr-FR\",\"@id\":\"https:\\\/\\\/www.bellunopress.it\\\/#\\\/schema\\\/logo\\\/image\\\/\",\"url\":\"https:\\\/\\\/www.bellunopress.it\\\/wp-content\\\/uploads\\\/2011\\\/05\\\/cropped-logo-bellunopress-.jpg\",\"contentUrl\":\"https:\\\/\\\/www.bellunopress.it\\\/wp-content\\\/uploads\\\/2011\\\/05\\\/cropped-logo-bellunopress-.jpg\",\"width\":512,\"height\":512,\"caption\":\"Bellunopress\"},\"image\":{\"@id\":\"https:\\\/\\\/www.bellunopress.it\\\/#\\\/schema\\\/logo\\\/image\\\/\"},\"sameAs\":[\"https:\\\/\\\/www.facebook.com\\\/profile.php?id=100008943462799\",\"https:\\\/\\\/x.com\\\/bellunopress\",\"https:\\\/\\\/www.linkedin.com\\\/hp\\\/?dnr=JBzUWaJfMUw8vbXJJ2tVW5-I3jZKvC4wsoxE&amp;amp;amp;amp;amp;amp;trk=nav_responsive_tab_home\",\"https:\\\/\\\/www.youtube.com\\\/channel\\\/UCxL0wu1uN0_3_7hGG0306cw\"]},{\"@type\":\"Person\",\"@id\":\"https:\\\/\\\/www.bellunopress.it\\\/#\\\/schema\\\/person\\\/79bb06722b37ece1c03d3e94beb30d73\",\"name\":\"redazione\",\"image\":{\"@type\":\"ImageObject\",\"inLanguage\":\"fr-FR\",\"@id\":\"https:\\\/\\\/secure.gravatar.com\\\/avatar\\\/37d968a2e67a6fd04c169c4bdef102d0bc5d31b2546345219e348575eb80e9a0?s=96&d=mm&r=g\",\"url\":\"https:\\\/\\\/secure.gravatar.com\\\/avatar\\\/37d968a2e67a6fd04c169c4bdef102d0bc5d31b2546345219e348575eb80e9a0?s=96&d=mm&r=g\",\"contentUrl\":\"https:\\\/\\\/secure.gravatar.com\\\/avatar\\\/37d968a2e67a6fd04c169c4bdef102d0bc5d31b2546345219e348575eb80e9a0?s=96&d=mm&r=g\",\"caption\":\"redazione\"},\"sameAs\":[\"http:\\\/\\\/www.bellunopress.it\",\"https:\\\/\\\/x.com\\\/bellunopress\"],\"url\":\"https:\\\/\\\/www.bellunopress.it\\\/fr\\\/author\\\/redazione\\\/\"}]}<\/script>\n<!-- \/ Yoast SEO plugin. -->","yoast_head_json":{"title":"Nevegal: atti ufficiali in contraddizione. Il capofrazione Libralon chiede chiarezza - Bellunopress - Dolomiti","robots":{"index":"index","follow":"follow","max-snippet":"max-snippet:-1","max-image-preview":"max-image-preview:large","max-video-preview":"max-video-preview:-1"},"canonical":"https:\/\/www.bellunopress.it\/fr\/2026\/01\/16\/nevegal-atti-ufficiali-in-contraddizione-il-capofrazione-libralon-chiede-chiarezza\/","og_locale":"fr_FR","og_type":"article","og_title":"Nevegal: atti ufficiali in contraddizione. Il capofrazione Libralon chiede chiarezza - Bellunopress - Dolomiti","og_description":"Belluno, 16 gennaio 2026 &#8211; Negli ultimi giorni ai cittadini del Nevegal \u00e8 stato ripetutamente comunicato che la seggiovia \u00e8 chiusa per un guasto ad una scheda.\u00a0Questa \u00e8 la versione ufficiale che ha giustificato la sospensione del pubblico esercizio da parte di Dolomiti Ski Line.\u00a0Tuttavia, atti amministrativi successivi alla sospensione presentati dalla societ\u00e0 raccontano un\u2019altra [&hellip;]","og_url":"https:\/\/www.bellunopress.it\/fr\/2026\/01\/16\/nevegal-atti-ufficiali-in-contraddizione-il-capofrazione-libralon-chiede-chiarezza\/","og_site_name":"Bellunopress - Dolomiti","article_publisher":"https:\/\/www.facebook.com\/profile.php?id=100008943462799","article_published_time":"2026-01-16T14:23:05+00:00","og_image":[{"width":1000,"height":757,"url":"https:\/\/www.bellunopress.it\/wp-content\/uploads\/2025\/03\/Daniele-Libralon_edited.jpg","type":"image\/jpeg"}],"author":"redazione","twitter_card":"summary_large_image","twitter_creator":"@bellunopress","twitter_site":"@bellunopress","twitter_misc":{"Written by":"redazione","Est. reading time":"2 minutes"},"schema":{"@context":"https:\/\/schema.org","@graph":[{"@type":"Article","@id":"https:\/\/www.bellunopress.it\/2026\/01\/16\/nevegal-atti-ufficiali-in-contraddizione-il-capofrazione-libralon-chiede-chiarezza\/#article","isPartOf":{"@id":"https:\/\/www.bellunopress.it\/2026\/01\/16\/nevegal-atti-ufficiali-in-contraddizione-il-capofrazione-libralon-chiede-chiarezza\/"},"author":{"name":"redazione","@id":"https:\/\/www.bellunopress.it\/#\/schema\/person\/79bb06722b37ece1c03d3e94beb30d73"},"headline":"Nevegal: atti ufficiali in contraddizione. Il capofrazione Libralon chiede chiarezza","datePublished":"2026-01-16T14:23:05+00:00","mainEntityOfPage":{"@id":"https:\/\/www.bellunopress.it\/2026\/01\/16\/nevegal-atti-ufficiali-in-contraddizione-il-capofrazione-libralon-chiede-chiarezza\/"},"wordCount":333,"publisher":{"@id":"https:\/\/www.bellunopress.it\/#organization"},"image":{"@id":"https:\/\/www.bellunopress.it\/2026\/01\/16\/nevegal-atti-ufficiali-in-contraddizione-il-capofrazione-libralon-chiede-chiarezza\/#primaryimage"},"thumbnailUrl":"https:\/\/www.bellunopress.it\/wp-content\/uploads\/2025\/03\/Daniele-Libralon_edited.jpg","articleSection":["Cronaca\/Politica","Prima Pagina"],"inLanguage":"fr-FR"},{"@type":"WebPage","@id":"https:\/\/www.bellunopress.it\/2026\/01\/16\/nevegal-atti-ufficiali-in-contraddizione-il-capofrazione-libralon-chiede-chiarezza\/","url":"https:\/\/www.bellunopress.it\/2026\/01\/16\/nevegal-atti-ufficiali-in-contraddizione-il-capofrazione-libralon-chiede-chiarezza\/","name":"Nevegal: atti ufficiali in contraddizione. Il capofrazione Libralon chiede chiarezza - Bellunopress - Dolomiti","isPartOf":{"@id":"https:\/\/www.bellunopress.it\/#website"},"primaryImageOfPage":{"@id":"https:\/\/www.bellunopress.it\/2026\/01\/16\/nevegal-atti-ufficiali-in-contraddizione-il-capofrazione-libralon-chiede-chiarezza\/#primaryimage"},"image":{"@id":"https:\/\/www.bellunopress.it\/2026\/01\/16\/nevegal-atti-ufficiali-in-contraddizione-il-capofrazione-libralon-chiede-chiarezza\/#primaryimage"},"thumbnailUrl":"https:\/\/www.bellunopress.it\/wp-content\/uploads\/2025\/03\/Daniele-Libralon_edited.jpg","datePublished":"2026-01-16T14:23:05+00:00","breadcrumb":{"@id":"https:\/\/www.bellunopress.it\/2026\/01\/16\/nevegal-atti-ufficiali-in-contraddizione-il-capofrazione-libralon-chiede-chiarezza\/#breadcrumb"},"inLanguage":"fr-FR","potentialAction":[{"@type":"ReadAction","target":["https:\/\/www.bellunopress.it\/2026\/01\/16\/nevegal-atti-ufficiali-in-contraddizione-il-capofrazione-libralon-chiede-chiarezza\/"]}]},{"@type":"ImageObject","inLanguage":"fr-FR","@id":"https:\/\/www.bellunopress.it\/2026\/01\/16\/nevegal-atti-ufficiali-in-contraddizione-il-capofrazione-libralon-chiede-chiarezza\/#primaryimage","url":"https:\/\/www.bellunopress.it\/wp-content\/uploads\/2025\/03\/Daniele-Libralon_edited.jpg","contentUrl":"https:\/\/www.bellunopress.it\/wp-content\/uploads\/2025\/03\/Daniele-Libralon_edited.jpg","width":1000,"height":757,"caption":"Daniele Libralon, capofrazione Nevegal"},{"@type":"BreadcrumbList","@id":"https:\/\/www.bellunopress.it\/2026\/01\/16\/nevegal-atti-ufficiali-in-contraddizione-il-capofrazione-libralon-chiede-chiarezza\/#breadcrumb","itemListElement":[{"@type":"ListItem","position":1,"name":"Home","item":"https:\/\/www.bellunopress.it\/"},{"@type":"ListItem","position":2,"name":"Nevegal: atti ufficiali in contraddizione. Il capofrazione Libralon chiede chiarezza"}]},{"@type":"WebSite","@id":"https:\/\/www.bellunopress.it\/#website","url":"https:\/\/www.bellunopress.it\/","name":"Bellunopress - Dolomiti","description":"e-mail: redazione@bellunopress.it","publisher":{"@id":"https:\/\/www.bellunopress.it\/#organization"},"potentialAction":[{"@type":"SearchAction","target":{"@type":"EntryPoint","urlTemplate":"https:\/\/www.bellunopress.it\/?s={search_term_string}"},"query-input":{"@type":"PropertyValueSpecification","valueRequired":true,"valueName":"search_term_string"}}],"inLanguage":"fr-FR"},{"@type":"Organization","@id":"https:\/\/www.bellunopress.it\/#organization","name":"Bellunopress","url":"https:\/\/www.bellunopress.it\/","logo":{"@type":"ImageObject","inLanguage":"fr-FR","@id":"https:\/\/www.bellunopress.it\/#\/schema\/logo\/image\/","url":"https:\/\/www.bellunopress.it\/wp-content\/uploads\/2011\/05\/cropped-logo-bellunopress-.jpg","contentUrl":"https:\/\/www.bellunopress.it\/wp-content\/uploads\/2011\/05\/cropped-logo-bellunopress-.jpg","width":512,"height":512,"caption":"Bellunopress"},"image":{"@id":"https:\/\/www.bellunopress.it\/#\/schema\/logo\/image\/"},"sameAs":["https:\/\/www.facebook.com\/profile.php?id=100008943462799","https:\/\/x.com\/bellunopress","https:\/\/www.linkedin.com\/hp\/?dnr=JBzUWaJfMUw8vbXJJ2tVW5-I3jZKvC4wsoxE&amp;amp;amp;amp;amp;amp;trk=nav_responsive_tab_home","https:\/\/www.youtube.com\/channel\/UCxL0wu1uN0_3_7hGG0306cw"]},{"@type":"Person","@id":"https:\/\/www.bellunopress.it\/#\/schema\/person\/79bb06722b37ece1c03d3e94beb30d73","name":"r\u00e9daction","image":{"@type":"ImageObject","inLanguage":"fr-FR","@id":"https:\/\/secure.gravatar.com\/avatar\/37d968a2e67a6fd04c169c4bdef102d0bc5d31b2546345219e348575eb80e9a0?s=96&d=mm&r=g","url":"https:\/\/secure.gravatar.com\/avatar\/37d968a2e67a6fd04c169c4bdef102d0bc5d31b2546345219e348575eb80e9a0?s=96&d=mm&r=g","contentUrl":"https:\/\/secure.gravatar.com\/avatar\/37d968a2e67a6fd04c169c4bdef102d0bc5d31b2546345219e348575eb80e9a0?s=96&d=mm&r=g","caption":"redazione"},"sameAs":["http:\/\/www.bellunopress.it","https:\/\/x.com\/bellunopress"],"url":"https:\/\/www.bellunopress.it\/fr\/author\/redazione\/"}]}},"_links":{"self":[{"href":"https:\/\/www.bellunopress.it\/fr\/wp-json\/wp\/v2\/posts\/166502","targetHints":{"allow":["GET"]}}],"collection":[{"href":"https:\/\/www.bellunopress.it\/fr\/wp-json\/wp\/v2\/posts"}],"about":[{"href":"https:\/\/www.bellunopress.it\/fr\/wp-json\/wp\/v2\/types\/post"}],"author":[{"embeddable":true,"href":"https:\/\/www.bellunopress.it\/fr\/wp-json\/wp\/v2\/users\/2"}],"replies":[{"embeddable":true,"href":"https:\/\/www.bellunopress.it\/fr\/wp-json\/wp\/v2\/comments?post=166502"}],"version-history":[{"count":1,"href":"https:\/\/www.bellunopress.it\/fr\/wp-json\/wp\/v2\/posts\/166502\/revisions"}],"predecessor-version":[{"id":166503,"href":"https:\/\/www.bellunopress.it\/fr\/wp-json\/wp\/v2\/posts\/166502\/revisions\/166503"}],"wp:featuredmedia":[{"embeddable":true,"href":"https:\/\/www.bellunopress.it\/fr\/wp-json\/wp\/v2\/media\/158391"}],"wp:attachment":[{"href":"https:\/\/www.bellunopress.it\/fr\/wp-json\/wp\/v2\/media?parent=166502"}],"wp:term":[{"taxonomy":"category","embeddable":true,"href":"https:\/\/www.bellunopress.it\/fr\/wp-json\/wp\/v2\/categories?post=166502"},{"taxonomy":"post_tag","embeddable":true,"href":"https:\/\/www.bellunopress.it\/fr\/wp-json\/wp\/v2\/tags?post=166502"}],"curies":[{"name":"wp","href":"https:\/\/api.w.org\/{rel}","templated":true}]}}