{"id":166499,"date":"2026-01-16T15:00:39","date_gmt":"2026-01-16T14:00:39","guid":{"rendered":"https:\/\/www.bellunopress.it\/?p=166499"},"modified":"2026-01-15T21:29:15","modified_gmt":"2026-01-15T20:29:15","slug":"referendum-giustizia-un-bivio-tra-efficienza-sbandierata-e-pericolo-democratico","status":"publish","type":"post","link":"https:\/\/www.bellunopress.it\/fr\/2026\/01\/16\/referendum-giustizia-un-bivio-tra-efficienza-sbandierata-e-pericolo-democratico\/","title":{"rendered":"Referendum Giustizia: un bivio tra efficienza sbandierata e pericolo democratico"},"content":{"rendered":"<p data-path-to-node=\"0\">\n<p data-path-to-node=\"3\"><img loading=\"lazy\" decoding=\"async\" class=\"aligncenter size-full wp-image-166500\" src=\"https:\/\/www.bellunopress.it\/wp-content\/uploads\/2026\/01\/referendum.jpg\" alt=\"\" width=\"600\" height=\"327\" srcset=\"https:\/\/www.bellunopress.it\/wp-content\/uploads\/2026\/01\/referendum.jpg 600w, https:\/\/www.bellunopress.it\/wp-content\/uploads\/2026\/01\/referendum-500x273.jpg 500w\" sizes=\"auto, (max-width: 600px) 100vw, 600px\" \/>Domenica 22 e luned\u00ec 23 marzo i cittadini italiani sono chiamati alle urne per esprimersi su una riforma che promette di cambiare il volto della magistratura. Il dibattito pubblico si \u00e8 spaccato in due blocchi contrapposti, descrivendo scenari radicalmente diversi per il futuro del nostro Stato di diritto.<\/p>\n<h3 data-path-to-node=\"4\">Le ragioni del SI: la promessa di un cambiamento<\/h3>\n<p data-path-to-node=\"5\">I sostenitori della riforma presentano il voto come un\u2019occasione storica per modernizzare un sistema percepito come lento e autoreferenziale. Secondo i promotori, le modifiche proposte \u2013 dalla separazione delle carriere alla revisione dei criteri di responsabilit\u00e0 dei magistrati \u2013 servirebbero a garantire una maggiore imparzialit\u00e0 del giudice e a spezzare quello che definiscono il &#8220;correntismo&#8221; interno al CSM. L\u2019obiettivo dichiarato \u00e8 quello di una giustizia pi\u00f9 rapida, dove il cittadino non sia pi\u00f9 vittima di tempi biblici e di un potere giudiziario percepito come un &#8220;corpo separato&#8221; dallo Stato.<\/p>\n<h3 data-path-to-node=\"6\">Le ragioni del NO: il rischio di uno smantellamento<\/h3>\n<p data-path-to-node=\"7\">Dall&#8217;altra parte, il fronte del NO \u2013 composto da giuristi, parte della societ\u00e0 civile e forze d&#8217;opposizione \u2013 lancia un allarme chiaro: dietro la maschera della modernizzazione si nasconde un attacco frontale all&#8217;indipendenza della magistratura. La critica non riguarda la necessit\u00e0 di una riforma, che tutti auspicano, ma la natura di <i data-path-to-node=\"7\" data-index-in-node=\"336\">questa<\/i> specifica proposta, vista come punitiva e pericolosa per l&#8217;equilibrio dei poteri.<\/p>\n<h3 data-path-to-node=\"7\">Perch\u00e9 questa riforma \u00e8 un errore strategico e civile<\/h3>\n<p data-path-to-node=\"8\">La conclusione a cui giunge un\u2019analisi attenta dei quesiti \u00e8 una sola: <b data-path-to-node=\"8\" data-index-in-node=\"71\">questa non \u00e8 la riforma che serve ai cittadini.<\/b> E non lo \u00e8 per ragioni che toccano tanto la vita quotidiana quanto i principi supremi del nostro ordinamento.<\/p>\n<ul data-path-to-node=\"9\">\n<li>\n<p data-path-to-node=\"9,0,0\"><b data-path-to-node=\"9,0,0\" data-index-in-node=\"0\">La Costituzione non si tocca per interessi di parte:<\/b> La nostra Carta Costituzionale \u00e8 il patto fondante della Repubblica e dovrebbe essere modificata solo per esigenze vitali e condivise. Non si cambia la Costituzione per questioni burocratiche che non interessano minimamente la vita reale delle persone e, soprattutto, che non accorciano di un solo giorno i tempi dei processi. Manomettere la legge fondamentale senza offrire in cambio un servizio migliore \u00e8 un azzardo istituzionale ingiustificabile.<\/p>\n<\/li>\n<li>\n<p data-path-to-node=\"9,1,0\"><b data-path-to-node=\"9,1,0\" data-index-in-node=\"0\">Non aiuter\u00e0 i cittadini:<\/b> Le code nei tribunali e i tempi infiniti per una sentenza rimarranno esattamente gli stessi. In questo progetto non c&#8217;\u00e8 un solo euro investito per assumere personale, digitalizzare i fascicoli o ridurre il carico arretrato. \u00c8 una riforma di &#8220;palazzo&#8221; che ignora il dolore di chi aspetta giustizia per anni.<\/p>\n<\/li>\n<li>\n<p data-path-to-node=\"9,2,0\"><b data-path-to-node=\"9,2,0\" data-index-in-node=\"0\">Serve a controllare i giudici:<\/b> L&#8217;obiettivo reale \u00e8 quello di sottomettere la magistratura al potere politico. Si punta a un sistema in cui il governo possa influenzare, direttamente o indirettamente, quali indagini portare avanti e quali lasciar morire, rompendo il principio di uguaglianza dei cittadini davanti alla legge.<\/p>\n<\/li>\n<li>\n<p data-path-to-node=\"9,3,0\"><b data-path-to-node=\"9,3,0\" data-index-in-node=\"0\">\u00c8 uno scudo per la casta dei colletti bianchi e politici:<\/b> Indebolire i controlli significa proteggere la cattiva politica da indagini scomode su corruzione, appalti truccati e abusi d&#8217;ufficio. \u00c8 una riforma scritta da chi ha paura dei giudici, non da chi vuole che i processi funzionino.<\/p>\n<\/li>\n<\/ul>\n<p data-path-to-node=\"10\">Non siamo di fronte a una modernizzazione, ma a un pericoloso passo indietro per la nostra democrazia. La giustizia ha bisogno di risorse, non di vendette politiche travestite da riforme costituzionali.<\/p>\n<p data-path-to-node=\"10\">Roberto De Nart<\/p>\n<p data-path-to-node=\"11\">#ReferendumGiustizia #IoVotoNO #IndipendenzaMagistratura #Democrazia #GiustiziaUgualePerTutti #Gi\u00f9LeManiDallaCostituzione<\/p>\n<p data-path-to-node=\"7\">\n<p data-path-to-node=\"7\">\n<p data-path-to-node=\"12\">\n<p data-path-to-node=\"13\">","protected":false},"excerpt":{"rendered":"<p>Domenica 22 e luned\u00ec 23 marzo i cittadini italiani sono chiamati alle urne per esprimersi su una riforma che promette di cambiare il volto della magistratura. Il dibattito pubblico si \u00e8 spaccato in due blocchi contrapposti, descrivendo scenari radicalmente diversi per il futuro del nostro Stato di diritto. Le ragioni del SI: la promessa di [&hellip;]<\/p>\n","protected":false},"author":2,"featured_media":135756,"comment_status":"closed","ping_status":"open","sticky":false,"template":"","format":"standard","meta":{"footnotes":""},"categories":[3368,3446,26],"tags":[],"class_list":["post-166499","post","type-post","status-publish","format-standard","has-post-thumbnail","category-cahiers-de-doleances","category-featured","category-prima-pagina"],"yoast_head":"<!-- This site is optimized with the Yoast SEO plugin v28.4 - https:\/\/yoast.com\/product\/yoast-seo-wordpress\/ -->\n<title>Referendum Giustizia: un bivio tra efficienza sbandierata e pericolo democratico - Bellunopress - Dolomiti<\/title>\n<meta name=\"robots\" content=\"index, follow, max-snippet:-1, max-image-preview:large, max-video-preview:-1\" \/>\n<link rel=\"canonical\" href=\"https:\/\/www.bellunopress.it\/fr\/2026\/01\/16\/referendum-giustizia-un-bivio-tra-efficienza-sbandierata-e-pericolo-democratico\/\" \/>\n<meta property=\"og:locale\" content=\"fr_FR\" \/>\n<meta property=\"og:type\" content=\"article\" \/>\n<meta property=\"og:title\" content=\"Referendum Giustizia: un bivio tra efficienza sbandierata e pericolo democratico - Bellunopress - Dolomiti\" \/>\n<meta property=\"og:description\" content=\"Domenica 22 e luned\u00ec 23 marzo i cittadini italiani sono chiamati alle urne per esprimersi su una riforma che promette di cambiare il volto della magistratura. Il dibattito pubblico si \u00e8 spaccato in due blocchi contrapposti, descrivendo scenari radicalmente diversi per il futuro del nostro Stato di diritto. Le ragioni del SI: la promessa di [&hellip;]\" \/>\n<meta property=\"og:url\" content=\"https:\/\/www.bellunopress.it\/fr\/2026\/01\/16\/referendum-giustizia-un-bivio-tra-efficienza-sbandierata-e-pericolo-democratico\/\" \/>\n<meta property=\"og:site_name\" content=\"Bellunopress - Dolomiti\" \/>\n<meta property=\"article:publisher\" content=\"https:\/\/www.facebook.com\/profile.php?id=100008943462799\" \/>\n<meta property=\"article:published_time\" content=\"2026-01-16T14:00:39+00:00\" \/>\n<meta property=\"og:image\" content=\"https:\/\/www.bellunopress.it\/wp-content\/uploads\/2022\/08\/macchina-per-scrivere-1-Copia_edited.jpg\" \/>\n\t<meta property=\"og:image:width\" content=\"992\" \/>\n\t<meta property=\"og:image:height\" content=\"824\" \/>\n\t<meta property=\"og:image:type\" content=\"image\/jpeg\" \/>\n<meta name=\"author\" content=\"redazione\" \/>\n<meta name=\"twitter:card\" content=\"summary_large_image\" \/>\n<meta name=\"twitter:creator\" content=\"@bellunopress\" \/>\n<meta name=\"twitter:site\" content=\"@bellunopress\" \/>\n<meta name=\"twitter:label1\" content=\"Written by\" \/>\n\t<meta name=\"twitter:data1\" content=\"redazione\" \/>\n\t<meta name=\"twitter:label2\" content=\"Est. reading time\" \/>\n\t<meta name=\"twitter:data2\" content=\"3 minutes\" \/>\n<script type=\"application\/ld+json\" class=\"yoast-schema-graph\">{\"@context\":\"https:\\\/\\\/schema.org\",\"@graph\":[{\"@type\":\"Article\",\"@id\":\"https:\\\/\\\/www.bellunopress.it\\\/2026\\\/01\\\/16\\\/referendum-giustizia-un-bivio-tra-efficienza-sbandierata-e-pericolo-democratico\\\/#article\",\"isPartOf\":{\"@id\":\"https:\\\/\\\/www.bellunopress.it\\\/2026\\\/01\\\/16\\\/referendum-giustizia-un-bivio-tra-efficienza-sbandierata-e-pericolo-democratico\\\/\"},\"author\":{\"name\":\"redazione\",\"@id\":\"https:\\\/\\\/www.bellunopress.it\\\/#\\\/schema\\\/person\\\/79bb06722b37ece1c03d3e94beb30d73\"},\"headline\":\"Referendum Giustizia: un bivio tra efficienza sbandierata e pericolo democratico\",\"datePublished\":\"2026-01-16T14:00:39+00:00\",\"mainEntityOfPage\":{\"@id\":\"https:\\\/\\\/www.bellunopress.it\\\/2026\\\/01\\\/16\\\/referendum-giustizia-un-bivio-tra-efficienza-sbandierata-e-pericolo-democratico\\\/\"},\"wordCount\":533,\"publisher\":{\"@id\":\"https:\\\/\\\/www.bellunopress.it\\\/#organization\"},\"image\":{\"@id\":\"https:\\\/\\\/www.bellunopress.it\\\/2026\\\/01\\\/16\\\/referendum-giustizia-un-bivio-tra-efficienza-sbandierata-e-pericolo-democratico\\\/#primaryimage\"},\"thumbnailUrl\":\"https:\\\/\\\/www.bellunopress.it\\\/wp-content\\\/uploads\\\/2022\\\/08\\\/macchina-per-scrivere-1-Copia_edited.jpg\",\"articleSection\":[\"Cahiers de dol\u00e9ances\",\"Featured\",\"Prima Pagina\"],\"inLanguage\":\"fr-FR\"},{\"@type\":\"WebPage\",\"@id\":\"https:\\\/\\\/www.bellunopress.it\\\/2026\\\/01\\\/16\\\/referendum-giustizia-un-bivio-tra-efficienza-sbandierata-e-pericolo-democratico\\\/\",\"url\":\"https:\\\/\\\/www.bellunopress.it\\\/2026\\\/01\\\/16\\\/referendum-giustizia-un-bivio-tra-efficienza-sbandierata-e-pericolo-democratico\\\/\",\"name\":\"Referendum Giustizia: un bivio tra efficienza sbandierata e pericolo democratico - Bellunopress - Dolomiti\",\"isPartOf\":{\"@id\":\"https:\\\/\\\/www.bellunopress.it\\\/#website\"},\"primaryImageOfPage\":{\"@id\":\"https:\\\/\\\/www.bellunopress.it\\\/2026\\\/01\\\/16\\\/referendum-giustizia-un-bivio-tra-efficienza-sbandierata-e-pericolo-democratico\\\/#primaryimage\"},\"image\":{\"@id\":\"https:\\\/\\\/www.bellunopress.it\\\/2026\\\/01\\\/16\\\/referendum-giustizia-un-bivio-tra-efficienza-sbandierata-e-pericolo-democratico\\\/#primaryimage\"},\"thumbnailUrl\":\"https:\\\/\\\/www.bellunopress.it\\\/wp-content\\\/uploads\\\/2022\\\/08\\\/macchina-per-scrivere-1-Copia_edited.jpg\",\"datePublished\":\"2026-01-16T14:00:39+00:00\",\"breadcrumb\":{\"@id\":\"https:\\\/\\\/www.bellunopress.it\\\/2026\\\/01\\\/16\\\/referendum-giustizia-un-bivio-tra-efficienza-sbandierata-e-pericolo-democratico\\\/#breadcrumb\"},\"inLanguage\":\"fr-FR\",\"potentialAction\":[{\"@type\":\"ReadAction\",\"target\":[\"https:\\\/\\\/www.bellunopress.it\\\/2026\\\/01\\\/16\\\/referendum-giustizia-un-bivio-tra-efficienza-sbandierata-e-pericolo-democratico\\\/\"]}]},{\"@type\":\"ImageObject\",\"inLanguage\":\"fr-FR\",\"@id\":\"https:\\\/\\\/www.bellunopress.it\\\/2026\\\/01\\\/16\\\/referendum-giustizia-un-bivio-tra-efficienza-sbandierata-e-pericolo-democratico\\\/#primaryimage\",\"url\":\"https:\\\/\\\/www.bellunopress.it\\\/wp-content\\\/uploads\\\/2022\\\/08\\\/macchina-per-scrivere-1-Copia_edited.jpg\",\"contentUrl\":\"https:\\\/\\\/www.bellunopress.it\\\/wp-content\\\/uploads\\\/2022\\\/08\\\/macchina-per-scrivere-1-Copia_edited.jpg\",\"width\":992,\"height\":824,\"caption\":\"l'editoriale\"},{\"@type\":\"BreadcrumbList\",\"@id\":\"https:\\\/\\\/www.bellunopress.it\\\/2026\\\/01\\\/16\\\/referendum-giustizia-un-bivio-tra-efficienza-sbandierata-e-pericolo-democratico\\\/#breadcrumb\",\"itemListElement\":[{\"@type\":\"ListItem\",\"position\":1,\"name\":\"Home\",\"item\":\"https:\\\/\\\/www.bellunopress.it\\\/\"},{\"@type\":\"ListItem\",\"position\":2,\"name\":\"Referendum Giustizia: un bivio tra efficienza sbandierata e pericolo democratico\"}]},{\"@type\":\"WebSite\",\"@id\":\"https:\\\/\\\/www.bellunopress.it\\\/#website\",\"url\":\"https:\\\/\\\/www.bellunopress.it\\\/\",\"name\":\"Bellunopress - Dolomiti\",\"description\":\"e-mail: redazione@bellunopress.it\",\"publisher\":{\"@id\":\"https:\\\/\\\/www.bellunopress.it\\\/#organization\"},\"potentialAction\":[{\"@type\":\"SearchAction\",\"target\":{\"@type\":\"EntryPoint\",\"urlTemplate\":\"https:\\\/\\\/www.bellunopress.it\\\/?s={search_term_string}\"},\"query-input\":{\"@type\":\"PropertyValueSpecification\",\"valueRequired\":true,\"valueName\":\"search_term_string\"}}],\"inLanguage\":\"fr-FR\"},{\"@type\":\"Organization\",\"@id\":\"https:\\\/\\\/www.bellunopress.it\\\/#organization\",\"name\":\"Bellunopress\",\"url\":\"https:\\\/\\\/www.bellunopress.it\\\/\",\"logo\":{\"@type\":\"ImageObject\",\"inLanguage\":\"fr-FR\",\"@id\":\"https:\\\/\\\/www.bellunopress.it\\\/#\\\/schema\\\/logo\\\/image\\\/\",\"url\":\"https:\\\/\\\/www.bellunopress.it\\\/wp-content\\\/uploads\\\/2011\\\/05\\\/cropped-logo-bellunopress-.jpg\",\"contentUrl\":\"https:\\\/\\\/www.bellunopress.it\\\/wp-content\\\/uploads\\\/2011\\\/05\\\/cropped-logo-bellunopress-.jpg\",\"width\":512,\"height\":512,\"caption\":\"Bellunopress\"},\"image\":{\"@id\":\"https:\\\/\\\/www.bellunopress.it\\\/#\\\/schema\\\/logo\\\/image\\\/\"},\"sameAs\":[\"https:\\\/\\\/www.facebook.com\\\/profile.php?id=100008943462799\",\"https:\\\/\\\/x.com\\\/bellunopress\",\"https:\\\/\\\/www.linkedin.com\\\/hp\\\/?dnr=JBzUWaJfMUw8vbXJJ2tVW5-I3jZKvC4wsoxE&amp;amp;amp;amp;amp;amp;trk=nav_responsive_tab_home\",\"https:\\\/\\\/www.youtube.com\\\/channel\\\/UCxL0wu1uN0_3_7hGG0306cw\"]},{\"@type\":\"Person\",\"@id\":\"https:\\\/\\\/www.bellunopress.it\\\/#\\\/schema\\\/person\\\/79bb06722b37ece1c03d3e94beb30d73\",\"name\":\"redazione\",\"image\":{\"@type\":\"ImageObject\",\"inLanguage\":\"fr-FR\",\"@id\":\"https:\\\/\\\/secure.gravatar.com\\\/avatar\\\/37d968a2e67a6fd04c169c4bdef102d0bc5d31b2546345219e348575eb80e9a0?s=96&d=mm&r=g\",\"url\":\"https:\\\/\\\/secure.gravatar.com\\\/avatar\\\/37d968a2e67a6fd04c169c4bdef102d0bc5d31b2546345219e348575eb80e9a0?s=96&d=mm&r=g\",\"contentUrl\":\"https:\\\/\\\/secure.gravatar.com\\\/avatar\\\/37d968a2e67a6fd04c169c4bdef102d0bc5d31b2546345219e348575eb80e9a0?s=96&d=mm&r=g\",\"caption\":\"redazione\"},\"sameAs\":[\"http:\\\/\\\/www.bellunopress.it\",\"https:\\\/\\\/x.com\\\/bellunopress\"],\"url\":\"https:\\\/\\\/www.bellunopress.it\\\/fr\\\/author\\\/redazione\\\/\"}]}<\/script>\n<!-- \/ Yoast SEO plugin. -->","yoast_head_json":{"title":"Referendum Giustizia: un bivio tra efficienza sbandierata e pericolo democratico - Bellunopress - Dolomiti","robots":{"index":"index","follow":"follow","max-snippet":"max-snippet:-1","max-image-preview":"max-image-preview:large","max-video-preview":"max-video-preview:-1"},"canonical":"https:\/\/www.bellunopress.it\/fr\/2026\/01\/16\/referendum-giustizia-un-bivio-tra-efficienza-sbandierata-e-pericolo-democratico\/","og_locale":"fr_FR","og_type":"article","og_title":"Referendum Giustizia: un bivio tra efficienza sbandierata e pericolo democratico - Bellunopress - Dolomiti","og_description":"Domenica 22 e luned\u00ec 23 marzo i cittadini italiani sono chiamati alle urne per esprimersi su una riforma che promette di cambiare il volto della magistratura. Il dibattito pubblico si \u00e8 spaccato in due blocchi contrapposti, descrivendo scenari radicalmente diversi per il futuro del nostro Stato di diritto. Le ragioni del SI: la promessa di [&hellip;]","og_url":"https:\/\/www.bellunopress.it\/fr\/2026\/01\/16\/referendum-giustizia-un-bivio-tra-efficienza-sbandierata-e-pericolo-democratico\/","og_site_name":"Bellunopress - Dolomiti","article_publisher":"https:\/\/www.facebook.com\/profile.php?id=100008943462799","article_published_time":"2026-01-16T14:00:39+00:00","og_image":[{"width":992,"height":824,"url":"https:\/\/www.bellunopress.it\/wp-content\/uploads\/2022\/08\/macchina-per-scrivere-1-Copia_edited.jpg","type":"image\/jpeg"}],"author":"redazione","twitter_card":"summary_large_image","twitter_creator":"@bellunopress","twitter_site":"@bellunopress","twitter_misc":{"Written by":"redazione","Est. reading time":"3 minutes"},"schema":{"@context":"https:\/\/schema.org","@graph":[{"@type":"Article","@id":"https:\/\/www.bellunopress.it\/2026\/01\/16\/referendum-giustizia-un-bivio-tra-efficienza-sbandierata-e-pericolo-democratico\/#article","isPartOf":{"@id":"https:\/\/www.bellunopress.it\/2026\/01\/16\/referendum-giustizia-un-bivio-tra-efficienza-sbandierata-e-pericolo-democratico\/"},"author":{"name":"redazione","@id":"https:\/\/www.bellunopress.it\/#\/schema\/person\/79bb06722b37ece1c03d3e94beb30d73"},"headline":"Referendum Giustizia: un bivio tra efficienza sbandierata e pericolo democratico","datePublished":"2026-01-16T14:00:39+00:00","mainEntityOfPage":{"@id":"https:\/\/www.bellunopress.it\/2026\/01\/16\/referendum-giustizia-un-bivio-tra-efficienza-sbandierata-e-pericolo-democratico\/"},"wordCount":533,"publisher":{"@id":"https:\/\/www.bellunopress.it\/#organization"},"image":{"@id":"https:\/\/www.bellunopress.it\/2026\/01\/16\/referendum-giustizia-un-bivio-tra-efficienza-sbandierata-e-pericolo-democratico\/#primaryimage"},"thumbnailUrl":"https:\/\/www.bellunopress.it\/wp-content\/uploads\/2022\/08\/macchina-per-scrivere-1-Copia_edited.jpg","articleSection":["Cahiers de dol\u00e9ances","Featured","Prima Pagina"],"inLanguage":"fr-FR"},{"@type":"WebPage","@id":"https:\/\/www.bellunopress.it\/2026\/01\/16\/referendum-giustizia-un-bivio-tra-efficienza-sbandierata-e-pericolo-democratico\/","url":"https:\/\/www.bellunopress.it\/2026\/01\/16\/referendum-giustizia-un-bivio-tra-efficienza-sbandierata-e-pericolo-democratico\/","name":"Referendum Giustizia: un bivio tra efficienza sbandierata e pericolo democratico - Bellunopress - Dolomiti","isPartOf":{"@id":"https:\/\/www.bellunopress.it\/#website"},"primaryImageOfPage":{"@id":"https:\/\/www.bellunopress.it\/2026\/01\/16\/referendum-giustizia-un-bivio-tra-efficienza-sbandierata-e-pericolo-democratico\/#primaryimage"},"image":{"@id":"https:\/\/www.bellunopress.it\/2026\/01\/16\/referendum-giustizia-un-bivio-tra-efficienza-sbandierata-e-pericolo-democratico\/#primaryimage"},"thumbnailUrl":"https:\/\/www.bellunopress.it\/wp-content\/uploads\/2022\/08\/macchina-per-scrivere-1-Copia_edited.jpg","datePublished":"2026-01-16T14:00:39+00:00","breadcrumb":{"@id":"https:\/\/www.bellunopress.it\/2026\/01\/16\/referendum-giustizia-un-bivio-tra-efficienza-sbandierata-e-pericolo-democratico\/#breadcrumb"},"inLanguage":"fr-FR","potentialAction":[{"@type":"ReadAction","target":["https:\/\/www.bellunopress.it\/2026\/01\/16\/referendum-giustizia-un-bivio-tra-efficienza-sbandierata-e-pericolo-democratico\/"]}]},{"@type":"ImageObject","inLanguage":"fr-FR","@id":"https:\/\/www.bellunopress.it\/2026\/01\/16\/referendum-giustizia-un-bivio-tra-efficienza-sbandierata-e-pericolo-democratico\/#primaryimage","url":"https:\/\/www.bellunopress.it\/wp-content\/uploads\/2022\/08\/macchina-per-scrivere-1-Copia_edited.jpg","contentUrl":"https:\/\/www.bellunopress.it\/wp-content\/uploads\/2022\/08\/macchina-per-scrivere-1-Copia_edited.jpg","width":992,"height":824,"caption":"l'editoriale"},{"@type":"BreadcrumbList","@id":"https:\/\/www.bellunopress.it\/2026\/01\/16\/referendum-giustizia-un-bivio-tra-efficienza-sbandierata-e-pericolo-democratico\/#breadcrumb","itemListElement":[{"@type":"ListItem","position":1,"name":"Home","item":"https:\/\/www.bellunopress.it\/"},{"@type":"ListItem","position":2,"name":"Referendum Giustizia: un bivio tra efficienza sbandierata e pericolo democratico"}]},{"@type":"WebSite","@id":"https:\/\/www.bellunopress.it\/#website","url":"https:\/\/www.bellunopress.it\/","name":"Bellunopress - Dolomiti","description":"e-mail: redazione@bellunopress.it","publisher":{"@id":"https:\/\/www.bellunopress.it\/#organization"},"potentialAction":[{"@type":"SearchAction","target":{"@type":"EntryPoint","urlTemplate":"https:\/\/www.bellunopress.it\/?s={search_term_string}"},"query-input":{"@type":"PropertyValueSpecification","valueRequired":true,"valueName":"search_term_string"}}],"inLanguage":"fr-FR"},{"@type":"Organization","@id":"https:\/\/www.bellunopress.it\/#organization","name":"Bellunopress","url":"https:\/\/www.bellunopress.it\/","logo":{"@type":"ImageObject","inLanguage":"fr-FR","@id":"https:\/\/www.bellunopress.it\/#\/schema\/logo\/image\/","url":"https:\/\/www.bellunopress.it\/wp-content\/uploads\/2011\/05\/cropped-logo-bellunopress-.jpg","contentUrl":"https:\/\/www.bellunopress.it\/wp-content\/uploads\/2011\/05\/cropped-logo-bellunopress-.jpg","width":512,"height":512,"caption":"Bellunopress"},"image":{"@id":"https:\/\/www.bellunopress.it\/#\/schema\/logo\/image\/"},"sameAs":["https:\/\/www.facebook.com\/profile.php?id=100008943462799","https:\/\/x.com\/bellunopress","https:\/\/www.linkedin.com\/hp\/?dnr=JBzUWaJfMUw8vbXJJ2tVW5-I3jZKvC4wsoxE&amp;amp;amp;amp;amp;amp;trk=nav_responsive_tab_home","https:\/\/www.youtube.com\/channel\/UCxL0wu1uN0_3_7hGG0306cw"]},{"@type":"Person","@id":"https:\/\/www.bellunopress.it\/#\/schema\/person\/79bb06722b37ece1c03d3e94beb30d73","name":"r\u00e9daction","image":{"@type":"ImageObject","inLanguage":"fr-FR","@id":"https:\/\/secure.gravatar.com\/avatar\/37d968a2e67a6fd04c169c4bdef102d0bc5d31b2546345219e348575eb80e9a0?s=96&d=mm&r=g","url":"https:\/\/secure.gravatar.com\/avatar\/37d968a2e67a6fd04c169c4bdef102d0bc5d31b2546345219e348575eb80e9a0?s=96&d=mm&r=g","contentUrl":"https:\/\/secure.gravatar.com\/avatar\/37d968a2e67a6fd04c169c4bdef102d0bc5d31b2546345219e348575eb80e9a0?s=96&d=mm&r=g","caption":"redazione"},"sameAs":["http:\/\/www.bellunopress.it","https:\/\/x.com\/bellunopress"],"url":"https:\/\/www.bellunopress.it\/fr\/author\/redazione\/"}]}},"_links":{"self":[{"href":"https:\/\/www.bellunopress.it\/fr\/wp-json\/wp\/v2\/posts\/166499","targetHints":{"allow":["GET"]}}],"collection":[{"href":"https:\/\/www.bellunopress.it\/fr\/wp-json\/wp\/v2\/posts"}],"about":[{"href":"https:\/\/www.bellunopress.it\/fr\/wp-json\/wp\/v2\/types\/post"}],"author":[{"embeddable":true,"href":"https:\/\/www.bellunopress.it\/fr\/wp-json\/wp\/v2\/users\/2"}],"replies":[{"embeddable":true,"href":"https:\/\/www.bellunopress.it\/fr\/wp-json\/wp\/v2\/comments?post=166499"}],"version-history":[{"count":1,"href":"https:\/\/www.bellunopress.it\/fr\/wp-json\/wp\/v2\/posts\/166499\/revisions"}],"predecessor-version":[{"id":166501,"href":"https:\/\/www.bellunopress.it\/fr\/wp-json\/wp\/v2\/posts\/166499\/revisions\/166501"}],"wp:featuredmedia":[{"embeddable":true,"href":"https:\/\/www.bellunopress.it\/fr\/wp-json\/wp\/v2\/media\/135756"}],"wp:attachment":[{"href":"https:\/\/www.bellunopress.it\/fr\/wp-json\/wp\/v2\/media?parent=166499"}],"wp:term":[{"taxonomy":"category","embeddable":true,"href":"https:\/\/www.bellunopress.it\/fr\/wp-json\/wp\/v2\/categories?post=166499"},{"taxonomy":"post_tag","embeddable":true,"href":"https:\/\/www.bellunopress.it\/fr\/wp-json\/wp\/v2\/tags?post=166499"}],"curies":[{"name":"wp","href":"https:\/\/api.w.org\/{rel}","templated":true}]}}