{"id":166497,"date":"2026-01-16T11:30:29","date_gmt":"2026-01-16T10:30:29","guid":{"rendered":"https:\/\/www.bellunopress.it\/?p=166497"},"modified":"2026-01-15T20:37:34","modified_gmt":"2026-01-15T19:37:34","slug":"oltre-le-vette-ultimo-weekend","status":"publish","type":"post","link":"https:\/\/www.bellunopress.it\/fr\/2026\/01\/16\/oltre-le-vette-ultimo-weekend\/","title":{"rendered":"Oltre le Vette: ultimo weekend"},"content":{"rendered":"<p><strong><img loading=\"lazy\" decoding=\"async\" class=\"aligncenter size-full wp-image-163618\" src=\"https:\/\/www.bellunopress.it\/wp-content\/uploads\/2025\/09\/Oltre-le-Vette-2025-2026_edited.jpg\" alt=\"\" width=\"643\" height=\"800\" srcset=\"https:\/\/www.bellunopress.it\/wp-content\/uploads\/2025\/09\/Oltre-le-Vette-2025-2026_edited.jpg 643w, https:\/\/www.bellunopress.it\/wp-content\/uploads\/2025\/09\/Oltre-le-Vette-2025-2026_edited-402x500.jpg 402w, https:\/\/www.bellunopress.it\/wp-content\/uploads\/2025\/09\/Oltre-le-Vette-2025-2026_edited-338x420.jpg 338w\" sizes=\"auto, (max-width: 643px) 100vw, 643px\" \/>Oltre le vette | Ottobre 2025 \u2013 gennaio 2026<\/strong><br \/>\n<strong>Geologia delle Dolomiti, il Glossario della neve, lezioni di Geografia, in bicicletta sul Cerro <\/strong><strong>Mercedario, le isole Faroe e le Azzorre, gli archivi della Fondazione G. Angelini raccontano <\/strong><strong>il Parco, il futuro verde dello Sci, leggende, canzoni e giochi per bambini, le cronache <\/strong><strong>olimpiche di Buzzati, Sci verticale e infine il naufragio tra i ghiacci dell\u2019Endurance nel film <\/strong><strong>muto di Frank Hurley caratterizzano l\u2019ultimo fine settimana di appuntamenti con Oltre le <\/strong><strong>Vette<\/strong><\/p>\n<p>Ultimo intenso weekend di eventi, sabato 17 e domenica 18 gennaio con Oltre le<br \/>\nVette &#8211; metafore, uomini e luoghi della montagna. Si avvia alla conclusione con 11<br \/>\nappuntamenti in due giorni la rassegna culturale promossa dall\u2019assessorato alla cultura del<br \/>\nComune di Belluno in collaborazione con la Fondazione Teatri delle Dolomiti e curata dal<br \/>\ncomitato tecnico guidato da Valeria Benni con Flavio Faoro, Diego Cason e Francesco<br \/>\nVascellari.<\/p>\n<p><strong>Sabato 17 gennaio,<\/strong> alle 9.30 a Palazzo Crepadona, l\u2019incontro scientifico divulgativo<br \/>\ncorrelato alla mostra Dolomiti: in cammino nella geologia della meraviglia, a cura<br \/>\ndella Fondazione Dolomiti Unesco. Leggere nel paesaggio le tracce del passato del nostro<br \/>\npianeta provando a immaginare un possibile futuro. Un racconto scientifico-divulgativo<br \/>\nsulla genesi dei monti pallidi, la loro complessit\u00e0 geologica, trattato dagli esperti Mara<br \/>\nNemela (Fondazione Dolomiti Unesco), Nereo Preto (dipartimento Geoscienze<br \/>\ndell\u2019Universit\u00e0 di padova), Alberto Riva (dipartimento Fisica e Scienze della Terra<br \/>\ndell\u2019Universit\u00e0 di Ferrara), Vittorio Fenti (docente di geologia, mineralogia e geofisica Itim<br \/>\ndi Agordo), Franco Fiammoi (geologo e membro della rete del patrimonio geologico della<br \/>\nFondazione Dolomiti Unesco) e Sonia Anelli (Parco nazionale Dolomiti bellunesi). Evento<br \/>\norganizzato in collaborazione con Fondazione Dolomiti Unesco, Ordine Geologi del Veneto,<br \/>\nParco Nazionale Dolomiti Bellunesi e Provincia di Belluno.<\/p>\n<p>Alle 12, a Palazzo Fulcis, 60 minuti di Altramontagna con La neve non \u00e8 sempre uguale<br \/>\ne le parole lo raccontano: un viaggio tra i nomi della neve. Nato nel 2020 da<br \/>\nMuseodolom.it e dal Museo Etnografico Dolomiti, il Glossario della Neve, \u00e8 un archivio vivo<br \/>\ndi parole, che cresce con le voci di chi la neve la conosce, la vive e la racconta, e che<br \/>\ndiventer\u00e0 parte integrante della mostra in programma al Museo Etnografico Dolomiti tra il<br \/>\n30 gennaio e il 30 aprile. Dialogano Cristina Busatta (Museo Etnografico Dolomiti), Iolanda<br \/>\nDa Deppo, Valentina De Marchi (Isoipse), Giacomo Pompanini (Museodolom.it), Pietro<br \/>\nLacasella e Mauro Varotto (L\u2019Altramontagna). Prenotazione obbligatoria, posti limitati.<\/p>\n<p>Alle 17, a Palazzo Fulcis, per Parole di carta e di montagna, presentazione del libro Il<br \/>\nprimo libro di geografia (ed. Piccola biblioteca Einaudi 2025) di Mauro Varotto; negli<br \/>\nultimi anni si lamenta da pi\u00f9 parti un\u2019ignoranza geografica crescente: non si conoscono pi\u00f9<br \/>\nle province, le capitali, i nomi dei monti e dei fiumi. \u00c8 in realt\u00e0 la punta dell\u2019iceberg di una<br \/>\npi\u00f9 profonda e grave indifferenza al \u2018dove\u2019 che caratterizza ampi settori della societ\u00e0 ed<br \/>\neconomia contemporanea. Un libro che vuole essere un punto di partenza per un viaggio<br \/>\nattorno ai concetti fondativi della geografia, per illuminarne l\u2019evoluzione storica e la<br \/>\ncomplessit\u00e0 semantica. Conduce l\u2019incontro Diego Cason. Prenotazione obbligatoria, posti<br \/>\nlimitati.<\/p>\n<p>Alle 18, a Palazzo Crepadona, incontro in memoria di Andreas Tonelli con il biker d\u2019alta<br \/>\nquota Giovanni Mattiello. Il documentario di un viaggio in Argentina per la prima<br \/>\nascensione e discesa in mountain bike del Cerro Mercedario (6770 m), tra le vette pi\u00f9<br \/>\nalte della terra, percorribile in sella da cima a fondo. La spedizione, alla quale si sono uniti<br \/>\nLuca Putzer (filmer) e Julia Kremer (supporto e sicurezza) \u00e8 stata realizzata a febbraio<br \/>\ndello scorso anno sulle tracce degli Incas che salivano la montagna per rendere omaggio<br \/>\nagli dei per l\u2019acqua fornita dai suoi grandi ghiacciai. Dieci giorni senza alcun servizio e<br \/>\ncontatto con la civilt\u00e0, dove il ritmo della vita si allinea con quello della natura, con l\u2019unico<br \/>\npensiero di salire sempre pi\u00f9 su, vicini al cielo. Conduce l\u2019incontro Francesco Vascellari,<br \/>\nmodera Mirko Forti.<\/p>\n<p>Alle 21, a Palazzo Crepadona, incontro con Nova Lectio, un modo diverso di fare<br \/>\ninformazione. Nova Lectio \u00e8 un canale youtube per gli appassionati di storia, geopolitica<br \/>\ne delle dinamiche sociali che influenzano il mondo moderno. Documentari, reportage<br \/>\nesclusivi e approfondimenti in studio alla scoperta di eventi, personaggi e luoghi meno noti<br \/>\no tematiche di rilievo spesso trascurate. La serata propone la proiezione di due<br \/>\ndocumentari. Il primo: Isole Faroe, terra degli ultimi vichinghi, \u00e8 condotto da Simone<br \/>\nGuida ed \u00e8 stato scritto da Jacopo Turco, motions graphics di Giacomo Casandrini, regia e<br \/>\nriprese di Filippo Giaccaglia; il secondo: Isole Azzorre, il futuro incerto Hawaii d\u2019Europa, \u00e8<br \/>\ncondotto da Alberto Lodi, riprese e montaggio di Francesco Scaramucci, scritto da Gaia<br \/>\nZecchini, motion graphics di Sukharai Singh, sound designer e mixing di Davide Marcone.<br \/>\nPresenta Diego Cason.<\/p>\n<p><strong>Domenica 18 gennaio<\/strong> (ultimo giorno della rassegna), alle10.30 a Palazzo Fulcis,<br \/>\npresentazione del progetto Gli archivi di montagna raccontano il Parco. Il progetto si<br \/>\nsviluppa dalla documentazione degli archivi di montagna conservati in Fondazione G.<br \/>\nAngelini per narrare il legame delle persone con il territorio del Parco Nazionale Dolomiti<br \/>\nBellunesi. Un percorso dotato di strumenti interattivi che portano alla luce la realt\u00e0 storica<br \/>\ne attuale dell\u2019area protetta. La parte storica e documentaristica che emerge dalla<br \/>\ntestimonianze di un tempo \u00e8 legata alla percezione di chi il territorio del Parco lo abita e lo<br \/>\nvive al giorno d\u2019oggi nella quotidianit\u00e0: alpinisti, gestori di rifugio operatori, esperti e<br \/>\nappassionati di montagna raccontano il loro Parco, come lo stanno vivendo e come<br \/>\nvorrebbero viverlo. Alla pari di una staffetta culturale, i grandi del passato (Toni Sanmarchi, Giovanni Angelini, Piero Rossi, Severino Casara e altri nomi storici) passano il<br \/>\ntestimone ai protagonisti del presente creando un continuum storico per approfondire<br \/>\ndiversi aspetti e ricordarne il valore per il territorio e per le comunit\u00e0. In collaborazione<br \/>\ncon Fondazione Giovanni Angelini \u2013 Centro studi sulla montagna e Parco Dolomiti<br \/>\nBellunesi. Prenotazione obbligatoria e posti limitati.<\/p>\n<p>Alle 12, a Palazzo Crepadona, 60 minuti di Altramontagna con La neve verde \u00e8 il futuro<br \/>\ndello sci? La pista da sci sintetica pi\u00f9 lunga d\u2019Italia \u00e8 in Nevegal; un\u2019occasione per<br \/>\napprofondire le tendenza che si sta diffondendo tra Alpi, Appennini, e sorprendentemente<br \/>\nanche lungo i litorali, di realizzare tracciati sciistici in materiale sintetico per svincolarsi<br \/>\ndagli impatti che l\u2019aumento delle temperature ha su questo settore economico. Tali<br \/>\niniziative rappresentano il futuro delle aree montane? Dialogano su questo Diego Cason<br \/>\n(sociologo), Paolo Luciani (assessore al Turismo del Comune di Belluno), Riccardo<br \/>\nRavagnan (Dolomiti Ski Line Nevegal), Mauro Varotto (professore di geografia<br \/>\nall\u2019Universit\u00e0 di Padova), Sandy Fiabane (Il Dolomiti) e Pietro Lacasella (L\u2019Altramontagna).<\/p>\n<p>Alle 15.30, a Palazzo Crepadona, spettacolo concerto per bambini Dolomitando \u2013<br \/>\nGiocare e cantare le Dolomiti, con l\u2019attrice Anna Olivier e il musicista Andrea Da Cort\u00e0;<br \/>\nstorie, leggende, canzoni che hanno attraversato i decenni e, in qualche caso, i secoli. I<br \/>\nracconti saranno accompagnati dalle musiche eseguite con strumenti tipici delle zone<br \/>\nmontane: melodie e parole che parlano di tradizioni, di radici, dell\u2019essenza pi\u00f9 profonda<br \/>\ndella gente di montagna. Per completare la narrazione \u00e8 previsto, alle 16.30, un<br \/>\nlaboratorio sonoro con la creazione di strumenti rudimentali realizzati con materiali<br \/>\nnaturali, consigliato per bambini dai 4 ai 10 anni, 20 posti disponibili.<\/p>\n<p>Alle 16, a Palazzo Fulcis, per Parole di carte e di montagna, l\u2019incontro letterario Buzzati<br \/>\ncronache olimpiche, di e con Marco Perale, presidente dell\u2019Associazione internazionale<br \/>\nDino Buzzati; un appuntamento per riscoprire le parole e le visioni di Buzzati di fronte alla<br \/>\nsfida, individuale e collettiva, rappresentata dalle Olimpiadi: una rilettura di quanto scrisse<br \/>\nin occasione dei giochi di Helsinki 1952, Roma 1960 e Tokio 1964; uno spazio particolare<br \/>\nsar\u00e0 riservato alle Olimpiadi di Cortina del 1956, in occasione delle quali lo scrittore<br \/>\nacquist\u00f2 una casa a Cortina nel sestiere di Cojana. In collaborazione con l\u2019Associazione<br \/>\ninternazionale Dino Buzzati.<\/p>\n<p>Alle 17.30, a Palazzo Crepadona, incontro con Giorgio Daidola sul tema della neve: Lo sci<br \/>\nalla conquista delle Alpi, da Fridtjof Nansen allo sci ripido; giornalista di mare e di<br \/>\nmontagna, maestro di sci, gi\u00e0 docente universitario a Trento, Daidola ha salito e sceso con<br \/>\ngli sci varie cime nei sette continenti e ha effettuato la prima discesa a telemark dagli<br \/>\n8027 m dello Shisha Pangma. Gi\u00e0 redattore della Rivista della Montagna e di Dimensione<br \/>\nSci, collabora con Skialper. \u00c8 autore di Ski Spirit (Premio Gambrinus 2016), di Sciatori di<br \/>\nMontagna, una storia dello scialpinismo attraverso i suoi carismatici protagonisti e di No<br \/>\nFall Lines, una storia dello sci dove \u00e8 vietato cadere (secondo premio nella saggistica a<br \/>\nLeggimontagna 2025).<br \/>\nFinale di rassegna silenzioso e sorprendente come la caduta di un fiocco di neve, con<br \/>\nl\u2019eccezionale film muto del 1919 intitolato South, di Frank Hurley (Regno Unito), in<br \/>\nprogramma alle 21 a Palazzo Crepadona; un documento ricco di immagini eccezionali di<br \/>\nquella che \u00e8 ritenuta anche oggi una delle pi\u00f9 grandi avventure dell\u2019esplorazione: il<br \/>\nnaufragio della nave Endurance, con il capitano Ernest Shackleton e i suoi ventidue uomini<br \/>\ndispersi tra i ghiacci del Polo Sud dal 1914 al 1916. Da questa trappola di cristallo<br \/>\nShackleton e tutti i suoi marinai riuscirono a salvarsi con un epico viaggio nell\u2019oceano<br \/>\nartico a bordo di scialuppe e con una traversata alpinistica delle isole incontrate sul loro<br \/>\npercorso. Capolavoro della cinematografia, recentemente restaurato, South sar\u00e0<br \/>\ncommentato dal vivo dalla fisarmonica di Paolo Forte, musicista poliedrico dalle indubbie<br \/>\ncapacit\u00e0 espressive.<\/p>\n<p>L\u2019ingresso a tutti gli eventi di Oltre le Vette \u00e8 gratuito, in alcuni casi \u00e8 obbligatoria la<br \/>\nprenotazione fino a esaurimento posti. Per ogni informazione a riguardo, prenotarsi e per<br \/>\nvisionare il programma completo della manifestazione visitare il sito: www.oltrelevette.it e<br \/>\nle pagine social del festival su Facebook e Instagram.<\/p>","protected":false},"excerpt":{"rendered":"<p>Oltre le vette | Ottobre 2025 \u2013 gennaio 2026 Geologia delle Dolomiti, il Glossario della neve, lezioni di Geografia, in bicicletta sul Cerro Mercedario, le isole Faroe e le Azzorre, gli archivi della Fondazione G. Angelini raccontano il Parco, il futuro verde dello Sci, leggende, canzoni e giochi per bambini, le cronache olimpiche di Buzzati, [&hellip;]<\/p>\n","protected":false},"author":2,"featured_media":163618,"comment_status":"closed","ping_status":"open","sticky":false,"template":"","format":"standard","meta":{"footnotes":""},"categories":[27,3,25],"tags":[],"class_list":["post-166497","post","type-post","status-publish","format-standard","has-post-thumbnail","category-appuntamenti","category-arte-cultura-spettacoli-scienza-archivi","category-pausa-caffe"],"yoast_head":"<!-- This site is optimized with the Yoast SEO plugin v28.4 - https:\/\/yoast.com\/product\/yoast-seo-wordpress\/ -->\n<title>Oltre le Vette: ultimo weekend - Bellunopress - Dolomiti<\/title>\n<meta name=\"robots\" content=\"index, follow, max-snippet:-1, max-image-preview:large, max-video-preview:-1\" \/>\n<link rel=\"canonical\" href=\"https:\/\/www.bellunopress.it\/fr\/2026\/01\/16\/oltre-le-vette-ultimo-weekend\/\" \/>\n<meta property=\"og:locale\" content=\"fr_FR\" \/>\n<meta property=\"og:type\" content=\"article\" \/>\n<meta property=\"og:title\" content=\"Oltre le Vette: ultimo weekend - Bellunopress - Dolomiti\" \/>\n<meta property=\"og:description\" content=\"Oltre le vette | Ottobre 2025 \u2013 gennaio 2026 Geologia delle Dolomiti, il Glossario della neve, lezioni di Geografia, in bicicletta sul Cerro Mercedario, le isole Faroe e le Azzorre, gli archivi della Fondazione G. Angelini raccontano il Parco, il futuro verde dello Sci, leggende, canzoni e giochi per bambini, le cronache olimpiche di Buzzati, [&hellip;]\" \/>\n<meta property=\"og:url\" content=\"https:\/\/www.bellunopress.it\/fr\/2026\/01\/16\/oltre-le-vette-ultimo-weekend\/\" \/>\n<meta property=\"og:site_name\" content=\"Bellunopress - Dolomiti\" \/>\n<meta property=\"article:publisher\" content=\"https:\/\/www.facebook.com\/profile.php?id=100008943462799\" \/>\n<meta property=\"article:published_time\" content=\"2026-01-16T10:30:29+00:00\" \/>\n<meta property=\"og:image\" content=\"https:\/\/www.bellunopress.it\/wp-content\/uploads\/2025\/09\/Oltre-le-Vette-2025-2026_edited.jpg\" \/>\n\t<meta property=\"og:image:width\" content=\"643\" \/>\n\t<meta property=\"og:image:height\" content=\"800\" \/>\n\t<meta property=\"og:image:type\" content=\"image\/jpeg\" \/>\n<meta name=\"author\" content=\"redazione\" \/>\n<meta name=\"twitter:card\" content=\"summary_large_image\" \/>\n<meta name=\"twitter:creator\" content=\"@bellunopress\" \/>\n<meta name=\"twitter:site\" content=\"@bellunopress\" \/>\n<meta name=\"twitter:label1\" content=\"\u00c9crit par\" \/>\n\t<meta name=\"twitter:data1\" content=\"redazione\" \/>\n\t<meta name=\"twitter:label2\" content=\"Dur\u00e9e de lecture estim\u00e9e\" \/>\n\t<meta name=\"twitter:data2\" content=\"8 minutes\" \/>\n<script type=\"application\/ld+json\" class=\"yoast-schema-graph\">{\"@context\":\"https:\\\/\\\/schema.org\",\"@graph\":[{\"@type\":\"Article\",\"@id\":\"https:\\\/\\\/www.bellunopress.it\\\/2026\\\/01\\\/16\\\/oltre-le-vette-ultimo-weekend\\\/#article\",\"isPartOf\":{\"@id\":\"https:\\\/\\\/www.bellunopress.it\\\/2026\\\/01\\\/16\\\/oltre-le-vette-ultimo-weekend\\\/\"},\"author\":{\"name\":\"redazione\",\"@id\":\"https:\\\/\\\/www.bellunopress.it\\\/#\\\/schema\\\/person\\\/79bb06722b37ece1c03d3e94beb30d73\"},\"headline\":\"Oltre le Vette: ultimo weekend\",\"datePublished\":\"2026-01-16T10:30:29+00:00\",\"mainEntityOfPage\":{\"@id\":\"https:\\\/\\\/www.bellunopress.it\\\/2026\\\/01\\\/16\\\/oltre-le-vette-ultimo-weekend\\\/\"},\"wordCount\":1564,\"publisher\":{\"@id\":\"https:\\\/\\\/www.bellunopress.it\\\/#organization\"},\"image\":{\"@id\":\"https:\\\/\\\/www.bellunopress.it\\\/2026\\\/01\\\/16\\\/oltre-le-vette-ultimo-weekend\\\/#primaryimage\"},\"thumbnailUrl\":\"https:\\\/\\\/www.bellunopress.it\\\/wp-content\\\/uploads\\\/2025\\\/09\\\/Oltre-le-Vette-2025-2026_edited.jpg\",\"articleSection\":[\"Appuntamenti, Eventi\",\"Arte, Cultura, Spettacoli, Scienza\",\"Pausa Caff\u00e8\"],\"inLanguage\":\"fr-FR\"},{\"@type\":\"WebPage\",\"@id\":\"https:\\\/\\\/www.bellunopress.it\\\/2026\\\/01\\\/16\\\/oltre-le-vette-ultimo-weekend\\\/\",\"url\":\"https:\\\/\\\/www.bellunopress.it\\\/2026\\\/01\\\/16\\\/oltre-le-vette-ultimo-weekend\\\/\",\"name\":\"Oltre le Vette: ultimo weekend - Bellunopress - Dolomiti\",\"isPartOf\":{\"@id\":\"https:\\\/\\\/www.bellunopress.it\\\/#website\"},\"primaryImageOfPage\":{\"@id\":\"https:\\\/\\\/www.bellunopress.it\\\/2026\\\/01\\\/16\\\/oltre-le-vette-ultimo-weekend\\\/#primaryimage\"},\"image\":{\"@id\":\"https:\\\/\\\/www.bellunopress.it\\\/2026\\\/01\\\/16\\\/oltre-le-vette-ultimo-weekend\\\/#primaryimage\"},\"thumbnailUrl\":\"https:\\\/\\\/www.bellunopress.it\\\/wp-content\\\/uploads\\\/2025\\\/09\\\/Oltre-le-Vette-2025-2026_edited.jpg\",\"datePublished\":\"2026-01-16T10:30:29+00:00\",\"breadcrumb\":{\"@id\":\"https:\\\/\\\/www.bellunopress.it\\\/2026\\\/01\\\/16\\\/oltre-le-vette-ultimo-weekend\\\/#breadcrumb\"},\"inLanguage\":\"fr-FR\",\"potentialAction\":[{\"@type\":\"ReadAction\",\"target\":[\"https:\\\/\\\/www.bellunopress.it\\\/2026\\\/01\\\/16\\\/oltre-le-vette-ultimo-weekend\\\/\"]}]},{\"@type\":\"ImageObject\",\"inLanguage\":\"fr-FR\",\"@id\":\"https:\\\/\\\/www.bellunopress.it\\\/2026\\\/01\\\/16\\\/oltre-le-vette-ultimo-weekend\\\/#primaryimage\",\"url\":\"https:\\\/\\\/www.bellunopress.it\\\/wp-content\\\/uploads\\\/2025\\\/09\\\/Oltre-le-Vette-2025-2026_edited.jpg\",\"contentUrl\":\"https:\\\/\\\/www.bellunopress.it\\\/wp-content\\\/uploads\\\/2025\\\/09\\\/Oltre-le-Vette-2025-2026_edited.jpg\",\"width\":643,\"height\":800},{\"@type\":\"BreadcrumbList\",\"@id\":\"https:\\\/\\\/www.bellunopress.it\\\/2026\\\/01\\\/16\\\/oltre-le-vette-ultimo-weekend\\\/#breadcrumb\",\"itemListElement\":[{\"@type\":\"ListItem\",\"position\":1,\"name\":\"Home\",\"item\":\"https:\\\/\\\/www.bellunopress.it\\\/\"},{\"@type\":\"ListItem\",\"position\":2,\"name\":\"Oltre le Vette: ultimo weekend\"}]},{\"@type\":\"WebSite\",\"@id\":\"https:\\\/\\\/www.bellunopress.it\\\/#website\",\"url\":\"https:\\\/\\\/www.bellunopress.it\\\/\",\"name\":\"Bellunopress - Dolomiti\",\"description\":\"e-mail: redazione@bellunopress.it\",\"publisher\":{\"@id\":\"https:\\\/\\\/www.bellunopress.it\\\/#organization\"},\"potentialAction\":[{\"@type\":\"SearchAction\",\"target\":{\"@type\":\"EntryPoint\",\"urlTemplate\":\"https:\\\/\\\/www.bellunopress.it\\\/?s={search_term_string}\"},\"query-input\":{\"@type\":\"PropertyValueSpecification\",\"valueRequired\":true,\"valueName\":\"search_term_string\"}}],\"inLanguage\":\"fr-FR\"},{\"@type\":\"Organization\",\"@id\":\"https:\\\/\\\/www.bellunopress.it\\\/#organization\",\"name\":\"Bellunopress\",\"url\":\"https:\\\/\\\/www.bellunopress.it\\\/\",\"logo\":{\"@type\":\"ImageObject\",\"inLanguage\":\"fr-FR\",\"@id\":\"https:\\\/\\\/www.bellunopress.it\\\/#\\\/schema\\\/logo\\\/image\\\/\",\"url\":\"https:\\\/\\\/www.bellunopress.it\\\/wp-content\\\/uploads\\\/2011\\\/05\\\/cropped-logo-bellunopress-.jpg\",\"contentUrl\":\"https:\\\/\\\/www.bellunopress.it\\\/wp-content\\\/uploads\\\/2011\\\/05\\\/cropped-logo-bellunopress-.jpg\",\"width\":512,\"height\":512,\"caption\":\"Bellunopress\"},\"image\":{\"@id\":\"https:\\\/\\\/www.bellunopress.it\\\/#\\\/schema\\\/logo\\\/image\\\/\"},\"sameAs\":[\"https:\\\/\\\/www.facebook.com\\\/profile.php?id=100008943462799\",\"https:\\\/\\\/x.com\\\/bellunopress\",\"https:\\\/\\\/www.linkedin.com\\\/hp\\\/?dnr=JBzUWaJfMUw8vbXJJ2tVW5-I3jZKvC4wsoxE&amp;amp;amp;amp;amp;amp;trk=nav_responsive_tab_home\",\"https:\\\/\\\/www.youtube.com\\\/channel\\\/UCxL0wu1uN0_3_7hGG0306cw\"]},{\"@type\":\"Person\",\"@id\":\"https:\\\/\\\/www.bellunopress.it\\\/#\\\/schema\\\/person\\\/79bb06722b37ece1c03d3e94beb30d73\",\"name\":\"redazione\",\"image\":{\"@type\":\"ImageObject\",\"inLanguage\":\"fr-FR\",\"@id\":\"https:\\\/\\\/secure.gravatar.com\\\/avatar\\\/37d968a2e67a6fd04c169c4bdef102d0bc5d31b2546345219e348575eb80e9a0?s=96&d=mm&r=g\",\"url\":\"https:\\\/\\\/secure.gravatar.com\\\/avatar\\\/37d968a2e67a6fd04c169c4bdef102d0bc5d31b2546345219e348575eb80e9a0?s=96&d=mm&r=g\",\"contentUrl\":\"https:\\\/\\\/secure.gravatar.com\\\/avatar\\\/37d968a2e67a6fd04c169c4bdef102d0bc5d31b2546345219e348575eb80e9a0?s=96&d=mm&r=g\",\"caption\":\"redazione\"},\"sameAs\":[\"http:\\\/\\\/www.bellunopress.it\",\"https:\\\/\\\/x.com\\\/bellunopress\"],\"url\":\"https:\\\/\\\/www.bellunopress.it\\\/fr\\\/author\\\/redazione\\\/\"}]}<\/script>\n<!-- \/ Yoast SEO plugin. -->","yoast_head_json":{"title":"Oltre le Vette: ultimo weekend - Bellunopress - Dolomiti","robots":{"index":"index","follow":"follow","max-snippet":"max-snippet:-1","max-image-preview":"max-image-preview:large","max-video-preview":"max-video-preview:-1"},"canonical":"https:\/\/www.bellunopress.it\/fr\/2026\/01\/16\/oltre-le-vette-ultimo-weekend\/","og_locale":"fr_FR","og_type":"article","og_title":"Oltre le Vette: ultimo weekend - Bellunopress - Dolomiti","og_description":"Oltre le vette | Ottobre 2025 \u2013 gennaio 2026 Geologia delle Dolomiti, il Glossario della neve, lezioni di Geografia, in bicicletta sul Cerro Mercedario, le isole Faroe e le Azzorre, gli archivi della Fondazione G. Angelini raccontano il Parco, il futuro verde dello Sci, leggende, canzoni e giochi per bambini, le cronache olimpiche di Buzzati, [&hellip;]","og_url":"https:\/\/www.bellunopress.it\/fr\/2026\/01\/16\/oltre-le-vette-ultimo-weekend\/","og_site_name":"Bellunopress - Dolomiti","article_publisher":"https:\/\/www.facebook.com\/profile.php?id=100008943462799","article_published_time":"2026-01-16T10:30:29+00:00","og_image":[{"width":643,"height":800,"url":"https:\/\/www.bellunopress.it\/wp-content\/uploads\/2025\/09\/Oltre-le-Vette-2025-2026_edited.jpg","type":"image\/jpeg"}],"author":"redazione","twitter_card":"summary_large_image","twitter_creator":"@bellunopress","twitter_site":"@bellunopress","twitter_misc":{"\u00c9crit par":"redazione","Dur\u00e9e de lecture estim\u00e9e":"8 minutes"},"schema":{"@context":"https:\/\/schema.org","@graph":[{"@type":"Article","@id":"https:\/\/www.bellunopress.it\/2026\/01\/16\/oltre-le-vette-ultimo-weekend\/#article","isPartOf":{"@id":"https:\/\/www.bellunopress.it\/2026\/01\/16\/oltre-le-vette-ultimo-weekend\/"},"author":{"name":"redazione","@id":"https:\/\/www.bellunopress.it\/#\/schema\/person\/79bb06722b37ece1c03d3e94beb30d73"},"headline":"Oltre le Vette: ultimo weekend","datePublished":"2026-01-16T10:30:29+00:00","mainEntityOfPage":{"@id":"https:\/\/www.bellunopress.it\/2026\/01\/16\/oltre-le-vette-ultimo-weekend\/"},"wordCount":1564,"publisher":{"@id":"https:\/\/www.bellunopress.it\/#organization"},"image":{"@id":"https:\/\/www.bellunopress.it\/2026\/01\/16\/oltre-le-vette-ultimo-weekend\/#primaryimage"},"thumbnailUrl":"https:\/\/www.bellunopress.it\/wp-content\/uploads\/2025\/09\/Oltre-le-Vette-2025-2026_edited.jpg","articleSection":["Appuntamenti, Eventi","Arte, Cultura, Spettacoli, Scienza","Pausa Caff\u00e8"],"inLanguage":"fr-FR"},{"@type":"WebPage","@id":"https:\/\/www.bellunopress.it\/2026\/01\/16\/oltre-le-vette-ultimo-weekend\/","url":"https:\/\/www.bellunopress.it\/2026\/01\/16\/oltre-le-vette-ultimo-weekend\/","name":"Oltre le Vette: ultimo weekend - Bellunopress - Dolomiti","isPartOf":{"@id":"https:\/\/www.bellunopress.it\/#website"},"primaryImageOfPage":{"@id":"https:\/\/www.bellunopress.it\/2026\/01\/16\/oltre-le-vette-ultimo-weekend\/#primaryimage"},"image":{"@id":"https:\/\/www.bellunopress.it\/2026\/01\/16\/oltre-le-vette-ultimo-weekend\/#primaryimage"},"thumbnailUrl":"https:\/\/www.bellunopress.it\/wp-content\/uploads\/2025\/09\/Oltre-le-Vette-2025-2026_edited.jpg","datePublished":"2026-01-16T10:30:29+00:00","breadcrumb":{"@id":"https:\/\/www.bellunopress.it\/2026\/01\/16\/oltre-le-vette-ultimo-weekend\/#breadcrumb"},"inLanguage":"fr-FR","potentialAction":[{"@type":"ReadAction","target":["https:\/\/www.bellunopress.it\/2026\/01\/16\/oltre-le-vette-ultimo-weekend\/"]}]},{"@type":"ImageObject","inLanguage":"fr-FR","@id":"https:\/\/www.bellunopress.it\/2026\/01\/16\/oltre-le-vette-ultimo-weekend\/#primaryimage","url":"https:\/\/www.bellunopress.it\/wp-content\/uploads\/2025\/09\/Oltre-le-Vette-2025-2026_edited.jpg","contentUrl":"https:\/\/www.bellunopress.it\/wp-content\/uploads\/2025\/09\/Oltre-le-Vette-2025-2026_edited.jpg","width":643,"height":800},{"@type":"BreadcrumbList","@id":"https:\/\/www.bellunopress.it\/2026\/01\/16\/oltre-le-vette-ultimo-weekend\/#breadcrumb","itemListElement":[{"@type":"ListItem","position":1,"name":"Home","item":"https:\/\/www.bellunopress.it\/"},{"@type":"ListItem","position":2,"name":"Oltre le Vette: ultimo weekend"}]},{"@type":"WebSite","@id":"https:\/\/www.bellunopress.it\/#website","url":"https:\/\/www.bellunopress.it\/","name":"Bellunopress - Dolomiti","description":"e-mail: redazione@bellunopress.it","publisher":{"@id":"https:\/\/www.bellunopress.it\/#organization"},"potentialAction":[{"@type":"SearchAction","target":{"@type":"EntryPoint","urlTemplate":"https:\/\/www.bellunopress.it\/?s={search_term_string}"},"query-input":{"@type":"PropertyValueSpecification","valueRequired":true,"valueName":"search_term_string"}}],"inLanguage":"fr-FR"},{"@type":"Organization","@id":"https:\/\/www.bellunopress.it\/#organization","name":"Bellunopress","url":"https:\/\/www.bellunopress.it\/","logo":{"@type":"ImageObject","inLanguage":"fr-FR","@id":"https:\/\/www.bellunopress.it\/#\/schema\/logo\/image\/","url":"https:\/\/www.bellunopress.it\/wp-content\/uploads\/2011\/05\/cropped-logo-bellunopress-.jpg","contentUrl":"https:\/\/www.bellunopress.it\/wp-content\/uploads\/2011\/05\/cropped-logo-bellunopress-.jpg","width":512,"height":512,"caption":"Bellunopress"},"image":{"@id":"https:\/\/www.bellunopress.it\/#\/schema\/logo\/image\/"},"sameAs":["https:\/\/www.facebook.com\/profile.php?id=100008943462799","https:\/\/x.com\/bellunopress","https:\/\/www.linkedin.com\/hp\/?dnr=JBzUWaJfMUw8vbXJJ2tVW5-I3jZKvC4wsoxE&amp;amp;amp;amp;amp;amp;trk=nav_responsive_tab_home","https:\/\/www.youtube.com\/channel\/UCxL0wu1uN0_3_7hGG0306cw"]},{"@type":"Person","@id":"https:\/\/www.bellunopress.it\/#\/schema\/person\/79bb06722b37ece1c03d3e94beb30d73","name":"r\u00e9daction","image":{"@type":"ImageObject","inLanguage":"fr-FR","@id":"https:\/\/secure.gravatar.com\/avatar\/37d968a2e67a6fd04c169c4bdef102d0bc5d31b2546345219e348575eb80e9a0?s=96&d=mm&r=g","url":"https:\/\/secure.gravatar.com\/avatar\/37d968a2e67a6fd04c169c4bdef102d0bc5d31b2546345219e348575eb80e9a0?s=96&d=mm&r=g","contentUrl":"https:\/\/secure.gravatar.com\/avatar\/37d968a2e67a6fd04c169c4bdef102d0bc5d31b2546345219e348575eb80e9a0?s=96&d=mm&r=g","caption":"redazione"},"sameAs":["http:\/\/www.bellunopress.it","https:\/\/x.com\/bellunopress"],"url":"https:\/\/www.bellunopress.it\/fr\/author\/redazione\/"}]}},"_links":{"self":[{"href":"https:\/\/www.bellunopress.it\/fr\/wp-json\/wp\/v2\/posts\/166497","targetHints":{"allow":["GET"]}}],"collection":[{"href":"https:\/\/www.bellunopress.it\/fr\/wp-json\/wp\/v2\/posts"}],"about":[{"href":"https:\/\/www.bellunopress.it\/fr\/wp-json\/wp\/v2\/types\/post"}],"author":[{"embeddable":true,"href":"https:\/\/www.bellunopress.it\/fr\/wp-json\/wp\/v2\/users\/2"}],"replies":[{"embeddable":true,"href":"https:\/\/www.bellunopress.it\/fr\/wp-json\/wp\/v2\/comments?post=166497"}],"version-history":[{"count":1,"href":"https:\/\/www.bellunopress.it\/fr\/wp-json\/wp\/v2\/posts\/166497\/revisions"}],"predecessor-version":[{"id":166498,"href":"https:\/\/www.bellunopress.it\/fr\/wp-json\/wp\/v2\/posts\/166497\/revisions\/166498"}],"wp:featuredmedia":[{"embeddable":true,"href":"https:\/\/www.bellunopress.it\/fr\/wp-json\/wp\/v2\/media\/163618"}],"wp:attachment":[{"href":"https:\/\/www.bellunopress.it\/fr\/wp-json\/wp\/v2\/media?parent=166497"}],"wp:term":[{"taxonomy":"category","embeddable":true,"href":"https:\/\/www.bellunopress.it\/fr\/wp-json\/wp\/v2\/categories?post=166497"},{"taxonomy":"post_tag","embeddable":true,"href":"https:\/\/www.bellunopress.it\/fr\/wp-json\/wp\/v2\/tags?post=166497"}],"curies":[{"name":"wp","href":"https:\/\/api.w.org\/{rel}","templated":true}]}}