{"id":166494,"date":"2026-01-16T09:25:45","date_gmt":"2026-01-16T08:25:45","guid":{"rendered":"https:\/\/www.bellunopress.it\/?p=166494"},"modified":"2026-01-15T20:01:08","modified_gmt":"2026-01-15T19:01:08","slug":"i-passi-che-portano-alloro-da-tokio-2020-a-cortina-2026","status":"publish","type":"post","link":"https:\/\/www.bellunopress.it\/fr\/2026\/01\/16\/i-passi-che-portano-alloro-da-tokio-2020-a-cortina-2026\/","title":{"rendered":"I passi che portano all&#8217;oro, da Tokio 2020 a Cortina 2026"},"content":{"rendered":"<figure id=\"attachment_166495\" aria-describedby=\"caption-attachment-166495\" style=\"width: 700px\" class=\"wp-caption aligncenter\"><img loading=\"lazy\" decoding=\"async\" class=\"size-full wp-image-166495\" src=\"https:\/\/www.bellunopress.it\/wp-content\/uploads\/2026\/01\/Antonella-palmisano-medaglia.jpg\" alt=\"\" width=\"700\" height=\"350\" srcset=\"https:\/\/www.bellunopress.it\/wp-content\/uploads\/2026\/01\/Antonella-palmisano-medaglia.jpg 700w, https:\/\/www.bellunopress.it\/wp-content\/uploads\/2026\/01\/Antonella-palmisano-medaglia-500x250.jpg 500w, https:\/\/www.bellunopress.it\/wp-content\/uploads\/2026\/01\/Antonella-palmisano-medaglia-696x348.jpg 696w\" sizes=\"auto, (max-width: 700px) 100vw, 700px\" \/><figcaption id=\"caption-attachment-166495\" class=\"wp-caption-text\">Antonella Palmisano<\/figcaption><\/figure>\n<p><strong>Birreria Pedavena, sabato 17 Gennaio ore 17, l&#8217;atleta Antonella Palmisano e l&#8217;autore Andrea Schiavon a Una Montagna di Libri<\/strong><\/p>\n<p>C&#8217;\u00e8 una camminata che diventa una vita. Antonella Palmisano, oro olimpico nella 20 km di marcia ai Giochi di Tokyo, \u00e8 una delle figure pi\u00f9 luminose dell&#8217;atletica italiana contemporanea. E a Una Montagna di Libri intreccer\u00e0 sabato una conversazione speciale con Andrea Schiavon, che racconta in &#8220;Prima di vincere&#8221; (Add Editore) la rinascita dell&#8217;atletica azzurra.<\/p>\n<p>A meno di venti giorni dall&#8217;inizio dei Giochi Olimpici e Paralimpici di Milano Cortina 2026, Una Montagna di Libri, la festa internazionale della letteratura delle Dolomiti, si sposta eccezionalmente a Pedavena, per una serata speciale: la terza di quattro &#8220;Storie Olimpiche&#8221;, la serie che introduce da diversi luoghi della Provincia di Belluno l&#8217;attesa collettiva della montagna dolomitica per i Giochi Olimpici.<\/p>\n<p>I passi che portano all&#8217;oro. Antonella Palmisano a Una Montagna di Libri. L&#8217;appuntamento \u00e8 per sabato 17 Gennaio 2026, alle ore 17, alla Birreria Pedavena di Pedavena. Con Andrea Schiavon e Francesco Chiamulera. Saluto introduttivo di Roberto Padrin, Presidente della Provincia di Belluno. Ingresso libero.<\/p>\n<p>&nbsp;<\/p>\n<p>L&#8217;incontro<\/p>\n<p>Antonella Palmisano \u00e8 un&#8217;atleta di rara determinazione, capace di trasformare il talento in metodo e i momenti difficili in forza nuova. La sua storia \u2013 dalle prime gare nella sua Puglia alle medaglie mondiali e olimpiche \u2013 incarna alla perfezione la rinascita che attraversa l&#8217;atletica azzurra. Quel cambiamento silenzioso e potente che ha trasformato l&#8217;atletica italiana, che Andrea Schiavon racconta in Prima di vincere (add editore). Eppure solo pochi anni fa l&#8217;Italia faticava ad arrivare al podio e addirittura in finale nelle gare che contano. Che cosa \u00e8 successo, per ribaltare la situazione in modo cos\u00ec evidente? Niente di clamoroso e molte cose speciali. La storia comincia da lontano, tra campi di periferia, allenatori visionari e scelte coraggiose. Che ci raccontano l&#8217;Italia che siamo e quella che vorremmo essere. A Una Montagna di Libri, Antonella Palmisano offre lo sguardo di chi questa rivoluzione l&#8217;ha vissuta in prima persona: l&#8217;oro di Tokyo, il ritorno dopo l&#8217;infortunio, il valore della disciplina invisibile, la forza della squadra. Una testimone speciale per capire, davvero, cosa significa &#8220;prima di vincere&#8221;. Per ripercorrere insieme i passi che portano all&#8217;oro.<\/p>\n<p>Antonella Palmisano \u00e8 una delle grandi protagoniste dell&#8217;atletica italiana. Marciatrice, campionessa olimpica nella 20 km ai Giochi di Tokyo 2020, ha conquistato il bronzo ai Mondiali di Londra 2017, due medaglie europee, oltre a numerosi titoli italiani, mentre in Giappone pochi mesi fa \u00e8 stata argento ai Mondiali nella 35 km. Nata a Mottola, in Puglia, ha iniziato a marciare a 12 anni, formandosi nel vivaio di Taranto e affermandosi grazie a una tecnica riconosciuta tra le migliori al mondo.<\/p>\n<p>Andrea Schiavon dirige la Fondazione SIT \u2013 Sport Inclusione Talento. Ha lavorato per \u00abLa Gazzetta dello Sport\u00bb, \u00abLa Stampa\u00bb e \u00abTuttosport\u00bb. Con Cinque cerchi e una stella (add editore) ha vinto il premio Bancarella Sport e insieme a Nico Valsesia si \u00e8 aggiudicato il premio Geremia per La fatica non esiste (Mondadori). Con add editore ha pubblicato anche Il buon ladro e Don Milani. Parole per timidi e disobbedienti.<\/p>\n<p>&nbsp;<\/p>\n<p>&nbsp;<\/p>","protected":false},"excerpt":{"rendered":"<p>Birreria Pedavena, sabato 17 Gennaio ore 17, l&#8217;atleta Antonella Palmisano e l&#8217;autore Andrea Schiavon a Una Montagna di Libri C&#8217;\u00e8 una camminata che diventa una vita. Antonella Palmisano, oro olimpico nella 20 km di marcia ai Giochi di Tokyo, \u00e8 una delle figure pi\u00f9 luminose dell&#8217;atletica italiana contemporanea. E a Una Montagna di Libri intreccer\u00e0 [&hellip;]<\/p>\n","protected":false},"author":2,"featured_media":166495,"comment_status":"closed","ping_status":"open","sticky":false,"template":"","format":"standard","meta":{"footnotes":""},"categories":[27,25],"tags":[],"class_list":["post-166494","post","type-post","status-publish","format-standard","has-post-thumbnail","category-appuntamenti","category-pausa-caffe"],"yoast_head":"<!-- This site is optimized with the Yoast SEO plugin v28.4 - https:\/\/yoast.com\/product\/yoast-seo-wordpress\/ -->\n<title>I passi che portano all&#039;oro, da Tokio 2020 a Cortina 2026 - Bellunopress - Dolomiti<\/title>\n<meta name=\"robots\" content=\"index, follow, max-snippet:-1, max-image-preview:large, max-video-preview:-1\" \/>\n<link rel=\"canonical\" href=\"https:\/\/www.bellunopress.it\/fr\/2026\/01\/16\/i-passi-che-portano-alloro-da-tokio-2020-a-cortina-2026\/\" \/>\n<meta property=\"og:locale\" content=\"fr_FR\" \/>\n<meta property=\"og:type\" content=\"article\" \/>\n<meta property=\"og:title\" content=\"I passi che portano all&#039;oro, da Tokio 2020 a Cortina 2026 - Bellunopress - Dolomiti\" \/>\n<meta property=\"og:description\" content=\"Birreria Pedavena, sabato 17 Gennaio ore 17, l&#8217;atleta Antonella Palmisano e l&#8217;autore Andrea Schiavon a Una Montagna di Libri C&#8217;\u00e8 una camminata che diventa una vita. Antonella Palmisano, oro olimpico nella 20 km di marcia ai Giochi di Tokyo, \u00e8 una delle figure pi\u00f9 luminose dell&#8217;atletica italiana contemporanea. E a Una Montagna di Libri intreccer\u00e0 [&hellip;]\" \/>\n<meta property=\"og:url\" content=\"https:\/\/www.bellunopress.it\/fr\/2026\/01\/16\/i-passi-che-portano-alloro-da-tokio-2020-a-cortina-2026\/\" \/>\n<meta property=\"og:site_name\" content=\"Bellunopress - Dolomiti\" \/>\n<meta property=\"article:publisher\" content=\"https:\/\/www.facebook.com\/profile.php?id=100008943462799\" \/>\n<meta property=\"article:published_time\" content=\"2026-01-16T08:25:45+00:00\" \/>\n<meta property=\"og:image\" content=\"https:\/\/www.bellunopress.it\/wp-content\/uploads\/2026\/01\/Antonella-palmisano-medaglia.jpg\" \/>\n\t<meta property=\"og:image:width\" content=\"700\" \/>\n\t<meta property=\"og:image:height\" content=\"350\" \/>\n\t<meta property=\"og:image:type\" content=\"image\/jpeg\" \/>\n<meta name=\"author\" content=\"redazione\" \/>\n<meta name=\"twitter:card\" content=\"summary_large_image\" \/>\n<meta name=\"twitter:creator\" content=\"@bellunopress\" \/>\n<meta name=\"twitter:site\" content=\"@bellunopress\" \/>\n<meta name=\"twitter:label1\" content=\"\u00c9crit par\" \/>\n\t<meta name=\"twitter:data1\" content=\"redazione\" \/>\n\t<meta name=\"twitter:label2\" content=\"Dur\u00e9e de lecture estim\u00e9e\" \/>\n\t<meta name=\"twitter:data2\" content=\"3 minutes\" \/>\n<script type=\"application\/ld+json\" class=\"yoast-schema-graph\">{\"@context\":\"https:\\\/\\\/schema.org\",\"@graph\":[{\"@type\":\"Article\",\"@id\":\"https:\\\/\\\/www.bellunopress.it\\\/2026\\\/01\\\/16\\\/i-passi-che-portano-alloro-da-tokio-2020-a-cortina-2026\\\/#article\",\"isPartOf\":{\"@id\":\"https:\\\/\\\/www.bellunopress.it\\\/2026\\\/01\\\/16\\\/i-passi-che-portano-alloro-da-tokio-2020-a-cortina-2026\\\/\"},\"author\":{\"name\":\"redazione\",\"@id\":\"https:\\\/\\\/www.bellunopress.it\\\/#\\\/schema\\\/person\\\/79bb06722b37ece1c03d3e94beb30d73\"},\"headline\":\"I passi che portano all&#8217;oro, da Tokio 2020 a Cortina 2026\",\"datePublished\":\"2026-01-16T08:25:45+00:00\",\"mainEntityOfPage\":{\"@id\":\"https:\\\/\\\/www.bellunopress.it\\\/2026\\\/01\\\/16\\\/i-passi-che-portano-alloro-da-tokio-2020-a-cortina-2026\\\/\"},\"wordCount\":532,\"publisher\":{\"@id\":\"https:\\\/\\\/www.bellunopress.it\\\/#organization\"},\"image\":{\"@id\":\"https:\\\/\\\/www.bellunopress.it\\\/2026\\\/01\\\/16\\\/i-passi-che-portano-alloro-da-tokio-2020-a-cortina-2026\\\/#primaryimage\"},\"thumbnailUrl\":\"https:\\\/\\\/www.bellunopress.it\\\/wp-content\\\/uploads\\\/2026\\\/01\\\/Antonella-palmisano-medaglia.jpg\",\"articleSection\":[\"Appuntamenti, Eventi\",\"Pausa Caff\u00e8\"],\"inLanguage\":\"fr-FR\"},{\"@type\":\"WebPage\",\"@id\":\"https:\\\/\\\/www.bellunopress.it\\\/2026\\\/01\\\/16\\\/i-passi-che-portano-alloro-da-tokio-2020-a-cortina-2026\\\/\",\"url\":\"https:\\\/\\\/www.bellunopress.it\\\/2026\\\/01\\\/16\\\/i-passi-che-portano-alloro-da-tokio-2020-a-cortina-2026\\\/\",\"name\":\"I passi che portano all'oro, da Tokio 2020 a Cortina 2026 - Bellunopress - Dolomiti\",\"isPartOf\":{\"@id\":\"https:\\\/\\\/www.bellunopress.it\\\/#website\"},\"primaryImageOfPage\":{\"@id\":\"https:\\\/\\\/www.bellunopress.it\\\/2026\\\/01\\\/16\\\/i-passi-che-portano-alloro-da-tokio-2020-a-cortina-2026\\\/#primaryimage\"},\"image\":{\"@id\":\"https:\\\/\\\/www.bellunopress.it\\\/2026\\\/01\\\/16\\\/i-passi-che-portano-alloro-da-tokio-2020-a-cortina-2026\\\/#primaryimage\"},\"thumbnailUrl\":\"https:\\\/\\\/www.bellunopress.it\\\/wp-content\\\/uploads\\\/2026\\\/01\\\/Antonella-palmisano-medaglia.jpg\",\"datePublished\":\"2026-01-16T08:25:45+00:00\",\"breadcrumb\":{\"@id\":\"https:\\\/\\\/www.bellunopress.it\\\/2026\\\/01\\\/16\\\/i-passi-che-portano-alloro-da-tokio-2020-a-cortina-2026\\\/#breadcrumb\"},\"inLanguage\":\"fr-FR\",\"potentialAction\":[{\"@type\":\"ReadAction\",\"target\":[\"https:\\\/\\\/www.bellunopress.it\\\/2026\\\/01\\\/16\\\/i-passi-che-portano-alloro-da-tokio-2020-a-cortina-2026\\\/\"]}]},{\"@type\":\"ImageObject\",\"inLanguage\":\"fr-FR\",\"@id\":\"https:\\\/\\\/www.bellunopress.it\\\/2026\\\/01\\\/16\\\/i-passi-che-portano-alloro-da-tokio-2020-a-cortina-2026\\\/#primaryimage\",\"url\":\"https:\\\/\\\/www.bellunopress.it\\\/wp-content\\\/uploads\\\/2026\\\/01\\\/Antonella-palmisano-medaglia.jpg\",\"contentUrl\":\"https:\\\/\\\/www.bellunopress.it\\\/wp-content\\\/uploads\\\/2026\\\/01\\\/Antonella-palmisano-medaglia.jpg\",\"width\":700,\"height\":350,\"caption\":\"Antonella Palmisano\"},{\"@type\":\"BreadcrumbList\",\"@id\":\"https:\\\/\\\/www.bellunopress.it\\\/2026\\\/01\\\/16\\\/i-passi-che-portano-alloro-da-tokio-2020-a-cortina-2026\\\/#breadcrumb\",\"itemListElement\":[{\"@type\":\"ListItem\",\"position\":1,\"name\":\"Home\",\"item\":\"https:\\\/\\\/www.bellunopress.it\\\/\"},{\"@type\":\"ListItem\",\"position\":2,\"name\":\"I passi che portano all&#8217;oro, da Tokio 2020 a Cortina 2026\"}]},{\"@type\":\"WebSite\",\"@id\":\"https:\\\/\\\/www.bellunopress.it\\\/#website\",\"url\":\"https:\\\/\\\/www.bellunopress.it\\\/\",\"name\":\"Bellunopress - Dolomiti\",\"description\":\"e-mail: redazione@bellunopress.it\",\"publisher\":{\"@id\":\"https:\\\/\\\/www.bellunopress.it\\\/#organization\"},\"potentialAction\":[{\"@type\":\"SearchAction\",\"target\":{\"@type\":\"EntryPoint\",\"urlTemplate\":\"https:\\\/\\\/www.bellunopress.it\\\/?s={search_term_string}\"},\"query-input\":{\"@type\":\"PropertyValueSpecification\",\"valueRequired\":true,\"valueName\":\"search_term_string\"}}],\"inLanguage\":\"fr-FR\"},{\"@type\":\"Organization\",\"@id\":\"https:\\\/\\\/www.bellunopress.it\\\/#organization\",\"name\":\"Bellunopress\",\"url\":\"https:\\\/\\\/www.bellunopress.it\\\/\",\"logo\":{\"@type\":\"ImageObject\",\"inLanguage\":\"fr-FR\",\"@id\":\"https:\\\/\\\/www.bellunopress.it\\\/#\\\/schema\\\/logo\\\/image\\\/\",\"url\":\"https:\\\/\\\/www.bellunopress.it\\\/wp-content\\\/uploads\\\/2011\\\/05\\\/cropped-logo-bellunopress-.jpg\",\"contentUrl\":\"https:\\\/\\\/www.bellunopress.it\\\/wp-content\\\/uploads\\\/2011\\\/05\\\/cropped-logo-bellunopress-.jpg\",\"width\":512,\"height\":512,\"caption\":\"Bellunopress\"},\"image\":{\"@id\":\"https:\\\/\\\/www.bellunopress.it\\\/#\\\/schema\\\/logo\\\/image\\\/\"},\"sameAs\":[\"https:\\\/\\\/www.facebook.com\\\/profile.php?id=100008943462799\",\"https:\\\/\\\/x.com\\\/bellunopress\",\"https:\\\/\\\/www.linkedin.com\\\/hp\\\/?dnr=JBzUWaJfMUw8vbXJJ2tVW5-I3jZKvC4wsoxE&amp;amp;amp;amp;amp;amp;trk=nav_responsive_tab_home\",\"https:\\\/\\\/www.youtube.com\\\/channel\\\/UCxL0wu1uN0_3_7hGG0306cw\"]},{\"@type\":\"Person\",\"@id\":\"https:\\\/\\\/www.bellunopress.it\\\/#\\\/schema\\\/person\\\/79bb06722b37ece1c03d3e94beb30d73\",\"name\":\"redazione\",\"image\":{\"@type\":\"ImageObject\",\"inLanguage\":\"fr-FR\",\"@id\":\"https:\\\/\\\/secure.gravatar.com\\\/avatar\\\/37d968a2e67a6fd04c169c4bdef102d0bc5d31b2546345219e348575eb80e9a0?s=96&d=mm&r=g\",\"url\":\"https:\\\/\\\/secure.gravatar.com\\\/avatar\\\/37d968a2e67a6fd04c169c4bdef102d0bc5d31b2546345219e348575eb80e9a0?s=96&d=mm&r=g\",\"contentUrl\":\"https:\\\/\\\/secure.gravatar.com\\\/avatar\\\/37d968a2e67a6fd04c169c4bdef102d0bc5d31b2546345219e348575eb80e9a0?s=96&d=mm&r=g\",\"caption\":\"redazione\"},\"sameAs\":[\"http:\\\/\\\/www.bellunopress.it\",\"https:\\\/\\\/x.com\\\/bellunopress\"],\"url\":\"https:\\\/\\\/www.bellunopress.it\\\/fr\\\/author\\\/redazione\\\/\"}]}<\/script>\n<!-- \/ Yoast SEO plugin. -->","yoast_head_json":{"title":"I passi che portano all'oro, da Tokio 2020 a Cortina 2026 - Bellunopress - Dolomiti","robots":{"index":"index","follow":"follow","max-snippet":"max-snippet:-1","max-image-preview":"max-image-preview:large","max-video-preview":"max-video-preview:-1"},"canonical":"https:\/\/www.bellunopress.it\/fr\/2026\/01\/16\/i-passi-che-portano-alloro-da-tokio-2020-a-cortina-2026\/","og_locale":"fr_FR","og_type":"article","og_title":"I passi che portano all'oro, da Tokio 2020 a Cortina 2026 - Bellunopress - Dolomiti","og_description":"Birreria Pedavena, sabato 17 Gennaio ore 17, l&#8217;atleta Antonella Palmisano e l&#8217;autore Andrea Schiavon a Una Montagna di Libri C&#8217;\u00e8 una camminata che diventa una vita. Antonella Palmisano, oro olimpico nella 20 km di marcia ai Giochi di Tokyo, \u00e8 una delle figure pi\u00f9 luminose dell&#8217;atletica italiana contemporanea. E a Una Montagna di Libri intreccer\u00e0 [&hellip;]","og_url":"https:\/\/www.bellunopress.it\/fr\/2026\/01\/16\/i-passi-che-portano-alloro-da-tokio-2020-a-cortina-2026\/","og_site_name":"Bellunopress - Dolomiti","article_publisher":"https:\/\/www.facebook.com\/profile.php?id=100008943462799","article_published_time":"2026-01-16T08:25:45+00:00","og_image":[{"width":700,"height":350,"url":"https:\/\/www.bellunopress.it\/wp-content\/uploads\/2026\/01\/Antonella-palmisano-medaglia.jpg","type":"image\/jpeg"}],"author":"redazione","twitter_card":"summary_large_image","twitter_creator":"@bellunopress","twitter_site":"@bellunopress","twitter_misc":{"\u00c9crit par":"redazione","Dur\u00e9e de lecture estim\u00e9e":"3 minutes"},"schema":{"@context":"https:\/\/schema.org","@graph":[{"@type":"Article","@id":"https:\/\/www.bellunopress.it\/2026\/01\/16\/i-passi-che-portano-alloro-da-tokio-2020-a-cortina-2026\/#article","isPartOf":{"@id":"https:\/\/www.bellunopress.it\/2026\/01\/16\/i-passi-che-portano-alloro-da-tokio-2020-a-cortina-2026\/"},"author":{"name":"redazione","@id":"https:\/\/www.bellunopress.it\/#\/schema\/person\/79bb06722b37ece1c03d3e94beb30d73"},"headline":"I passi che portano all&#8217;oro, da Tokio 2020 a Cortina 2026","datePublished":"2026-01-16T08:25:45+00:00","mainEntityOfPage":{"@id":"https:\/\/www.bellunopress.it\/2026\/01\/16\/i-passi-che-portano-alloro-da-tokio-2020-a-cortina-2026\/"},"wordCount":532,"publisher":{"@id":"https:\/\/www.bellunopress.it\/#organization"},"image":{"@id":"https:\/\/www.bellunopress.it\/2026\/01\/16\/i-passi-che-portano-alloro-da-tokio-2020-a-cortina-2026\/#primaryimage"},"thumbnailUrl":"https:\/\/www.bellunopress.it\/wp-content\/uploads\/2026\/01\/Antonella-palmisano-medaglia.jpg","articleSection":["Appuntamenti, Eventi","Pausa Caff\u00e8"],"inLanguage":"fr-FR"},{"@type":"WebPage","@id":"https:\/\/www.bellunopress.it\/2026\/01\/16\/i-passi-che-portano-alloro-da-tokio-2020-a-cortina-2026\/","url":"https:\/\/www.bellunopress.it\/2026\/01\/16\/i-passi-che-portano-alloro-da-tokio-2020-a-cortina-2026\/","name":"I passi che portano all'oro, da Tokio 2020 a Cortina 2026 - Bellunopress - Dolomiti","isPartOf":{"@id":"https:\/\/www.bellunopress.it\/#website"},"primaryImageOfPage":{"@id":"https:\/\/www.bellunopress.it\/2026\/01\/16\/i-passi-che-portano-alloro-da-tokio-2020-a-cortina-2026\/#primaryimage"},"image":{"@id":"https:\/\/www.bellunopress.it\/2026\/01\/16\/i-passi-che-portano-alloro-da-tokio-2020-a-cortina-2026\/#primaryimage"},"thumbnailUrl":"https:\/\/www.bellunopress.it\/wp-content\/uploads\/2026\/01\/Antonella-palmisano-medaglia.jpg","datePublished":"2026-01-16T08:25:45+00:00","breadcrumb":{"@id":"https:\/\/www.bellunopress.it\/2026\/01\/16\/i-passi-che-portano-alloro-da-tokio-2020-a-cortina-2026\/#breadcrumb"},"inLanguage":"fr-FR","potentialAction":[{"@type":"ReadAction","target":["https:\/\/www.bellunopress.it\/2026\/01\/16\/i-passi-che-portano-alloro-da-tokio-2020-a-cortina-2026\/"]}]},{"@type":"ImageObject","inLanguage":"fr-FR","@id":"https:\/\/www.bellunopress.it\/2026\/01\/16\/i-passi-che-portano-alloro-da-tokio-2020-a-cortina-2026\/#primaryimage","url":"https:\/\/www.bellunopress.it\/wp-content\/uploads\/2026\/01\/Antonella-palmisano-medaglia.jpg","contentUrl":"https:\/\/www.bellunopress.it\/wp-content\/uploads\/2026\/01\/Antonella-palmisano-medaglia.jpg","width":700,"height":350,"caption":"Antonella Palmisano"},{"@type":"BreadcrumbList","@id":"https:\/\/www.bellunopress.it\/2026\/01\/16\/i-passi-che-portano-alloro-da-tokio-2020-a-cortina-2026\/#breadcrumb","itemListElement":[{"@type":"ListItem","position":1,"name":"Home","item":"https:\/\/www.bellunopress.it\/"},{"@type":"ListItem","position":2,"name":"I passi che portano all&#8217;oro, da Tokio 2020 a Cortina 2026"}]},{"@type":"WebSite","@id":"https:\/\/www.bellunopress.it\/#website","url":"https:\/\/www.bellunopress.it\/","name":"Bellunopress - Dolomiti","description":"e-mail: redazione@bellunopress.it","publisher":{"@id":"https:\/\/www.bellunopress.it\/#organization"},"potentialAction":[{"@type":"SearchAction","target":{"@type":"EntryPoint","urlTemplate":"https:\/\/www.bellunopress.it\/?s={search_term_string}"},"query-input":{"@type":"PropertyValueSpecification","valueRequired":true,"valueName":"search_term_string"}}],"inLanguage":"fr-FR"},{"@type":"Organization","@id":"https:\/\/www.bellunopress.it\/#organization","name":"Bellunopress","url":"https:\/\/www.bellunopress.it\/","logo":{"@type":"ImageObject","inLanguage":"fr-FR","@id":"https:\/\/www.bellunopress.it\/#\/schema\/logo\/image\/","url":"https:\/\/www.bellunopress.it\/wp-content\/uploads\/2011\/05\/cropped-logo-bellunopress-.jpg","contentUrl":"https:\/\/www.bellunopress.it\/wp-content\/uploads\/2011\/05\/cropped-logo-bellunopress-.jpg","width":512,"height":512,"caption":"Bellunopress"},"image":{"@id":"https:\/\/www.bellunopress.it\/#\/schema\/logo\/image\/"},"sameAs":["https:\/\/www.facebook.com\/profile.php?id=100008943462799","https:\/\/x.com\/bellunopress","https:\/\/www.linkedin.com\/hp\/?dnr=JBzUWaJfMUw8vbXJJ2tVW5-I3jZKvC4wsoxE&amp;amp;amp;amp;amp;amp;trk=nav_responsive_tab_home","https:\/\/www.youtube.com\/channel\/UCxL0wu1uN0_3_7hGG0306cw"]},{"@type":"Person","@id":"https:\/\/www.bellunopress.it\/#\/schema\/person\/79bb06722b37ece1c03d3e94beb30d73","name":"r\u00e9daction","image":{"@type":"ImageObject","inLanguage":"fr-FR","@id":"https:\/\/secure.gravatar.com\/avatar\/37d968a2e67a6fd04c169c4bdef102d0bc5d31b2546345219e348575eb80e9a0?s=96&d=mm&r=g","url":"https:\/\/secure.gravatar.com\/avatar\/37d968a2e67a6fd04c169c4bdef102d0bc5d31b2546345219e348575eb80e9a0?s=96&d=mm&r=g","contentUrl":"https:\/\/secure.gravatar.com\/avatar\/37d968a2e67a6fd04c169c4bdef102d0bc5d31b2546345219e348575eb80e9a0?s=96&d=mm&r=g","caption":"redazione"},"sameAs":["http:\/\/www.bellunopress.it","https:\/\/x.com\/bellunopress"],"url":"https:\/\/www.bellunopress.it\/fr\/author\/redazione\/"}]}},"_links":{"self":[{"href":"https:\/\/www.bellunopress.it\/fr\/wp-json\/wp\/v2\/posts\/166494","targetHints":{"allow":["GET"]}}],"collection":[{"href":"https:\/\/www.bellunopress.it\/fr\/wp-json\/wp\/v2\/posts"}],"about":[{"href":"https:\/\/www.bellunopress.it\/fr\/wp-json\/wp\/v2\/types\/post"}],"author":[{"embeddable":true,"href":"https:\/\/www.bellunopress.it\/fr\/wp-json\/wp\/v2\/users\/2"}],"replies":[{"embeddable":true,"href":"https:\/\/www.bellunopress.it\/fr\/wp-json\/wp\/v2\/comments?post=166494"}],"version-history":[{"count":1,"href":"https:\/\/www.bellunopress.it\/fr\/wp-json\/wp\/v2\/posts\/166494\/revisions"}],"predecessor-version":[{"id":166496,"href":"https:\/\/www.bellunopress.it\/fr\/wp-json\/wp\/v2\/posts\/166494\/revisions\/166496"}],"wp:featuredmedia":[{"embeddable":true,"href":"https:\/\/www.bellunopress.it\/fr\/wp-json\/wp\/v2\/media\/166495"}],"wp:attachment":[{"href":"https:\/\/www.bellunopress.it\/fr\/wp-json\/wp\/v2\/media?parent=166494"}],"wp:term":[{"taxonomy":"category","embeddable":true,"href":"https:\/\/www.bellunopress.it\/fr\/wp-json\/wp\/v2\/categories?post=166494"},{"taxonomy":"post_tag","embeddable":true,"href":"https:\/\/www.bellunopress.it\/fr\/wp-json\/wp\/v2\/tags?post=166494"}],"curies":[{"name":"wp","href":"https:\/\/api.w.org\/{rel}","templated":true}]}}