{"id":166491,"date":"2026-01-16T09:20:25","date_gmt":"2026-01-16T08:20:25","guid":{"rendered":"https:\/\/www.bellunopress.it\/?p=166491"},"modified":"2026-01-15T19:47:29","modified_gmt":"2026-01-15T18:47:29","slug":"milano-cortina-2026-presentate-a-venezia-le-cerimonie-dei-giochi-paralimpici-invernali","status":"publish","type":"post","link":"https:\/\/www.bellunopress.it\/fr\/2026\/01\/16\/milano-cortina-2026-presentate-a-venezia-le-cerimonie-dei-giochi-paralimpici-invernali\/","title":{"rendered":"Milano-Cortina 2026. Presentate a Venezia le cerimonie dei Giochi paralimpici invernali"},"content":{"rendered":"<p><strong><img loading=\"lazy\" decoding=\"async\" class=\"aligncenter size-full wp-image-166492\" src=\"https:\/\/www.bellunopress.it\/wp-content\/uploads\/2026\/01\/Paralimpiadi-cerimonia-apertura.jpg\" alt=\"\" width=\"479\" height=\"600\" srcset=\"https:\/\/www.bellunopress.it\/wp-content\/uploads\/2026\/01\/Paralimpiadi-cerimonia-apertura.jpg 479w, https:\/\/www.bellunopress.it\/wp-content\/uploads\/2026\/01\/Paralimpiadi-cerimonia-apertura-399x500.jpg 399w, https:\/\/www.bellunopress.it\/wp-content\/uploads\/2026\/01\/Paralimpiadi-cerimonia-apertura-335x420.jpg 335w\" sizes=\"auto, (max-width: 479px) 100vw, 479px\" \/>Il 6 marzo all\u2019Arena di Verona la cerimonia di apertura porta in scena \u201cLife in motion\u201d,<\/strong><br \/>\n<strong>un inno alla vita e al movimento.<\/strong><br \/>\n<strong>Tra i primi talenti annunciati: Stewart Copeland, leggendario batterista dei Police, e i Meduza, ambasciatori della musica house nel mondo.<\/strong><\/p>\n<p><strong>Il 15 marzo al Cortina Curling Olympic Stadium la Cerimonia di Chiusura<\/strong><br \/>\n<strong>celebra la bellezza dei ricordi con \u201cItalian souvenir\u201d.<\/strong><br \/>\n<strong>A Cortina, Arisa sar\u00e0 protagonista del gran finale dei Giochi Paralimpici di Milano Cortina 2026.<\/strong><\/p>\n<p>Venezia, 15 gennaio 2026 &#8211; A 50 giorni esatti dall\u2019inizio dei Giochi Paralimpici Invernali di Milano Cortina 2026, Fondazione Milano Cortina 2026 ha svelato a Palazzo Balbi a Venezia i titoli, le visioni creative e i primi talenti coinvolti nelle Cerimonie di Apertura e Chiusura di questa edizione Paralimpica.<br \/>\nUn appuntamento di alto valore simbolico e istituzionale che ha visto la partecipazione di Alberto Stefani, Presidente della Regione Veneto, Luca Zaia, Presidente del Consiglio regionale del Veneto, Giuseppe Fasiol, Commissario straordinario per le Paralimpiadi Invernali di Milano Cortina 2026, Craig Spence, Chief Brand and Communications Officer del Comitato Paralimpico Internazionale (IPC), Giovanni Malag\u00f2, Presidente del Comitato Organizzatore delle prossime Paralimpiadi, Marco Giunio De Sanctis, Presidente del Comitato Italiano Paralimpico (CIP), e degli atleti Paralimpici, nonch\u00e9 Ambassador di Fondazione Milano Cortina 2026, Andrea Macr\u00ec e Orietta Bert\u00f2.<br \/>\nPer la Fondazione Milano Cortina 2026 ha raccontato i temi creativi delle Cerimonie Maria Laura Iascone, Direttrice Cerimonie, assieme ad Alfredo Accatino, Direttore Artistico della Cerimonia Paralimpica e Presidente di Filmmaster, e Angelo Bonello, Artistic Director e Show Director di G2 Eventi &#8211; Casta Diva Group, che produrr\u00e0 la Cerimonia di Chiusura Paralimpica.<br \/>\n\u201cLe Paralimpiadi di Milano Cortina 2026 non saranno solo un grande spettacolo sportivo &#8211; ha dichiarato il presidente della Regione del Veneto, Alberto Stefani -, ma saranno ancor di pi\u00f9 un momento di inclusione e valorizzazione dell\u2019impegno, del coraggio, della tenacia, del confronto leale dei nostri atleti. Saranno una preziosa occasione di crescita e di esempio per i giovani e per tutta la comunit\u00e0 all\u2019interno della quale ciascuno pu\u00f2 avere un ruolo da protagonista\u201d.<br \/>\nPer Luca Zaia, Presidente del Consiglio regionale del Veneto \u201cle Paralimpiadi sono il volto pi\u00f9 vero dello sport: quello che non si arrende e che trasforma i limiti in forza. Come istituzioni dobbiamo fare la nostra parte, anche concretamente, abbattendo ogni barriera architettonica e culturale. L\u2019Arena di Verona, grazie alle Olimpiadi e Paralimpiadi, diventer\u00e0 un monumento di storia pienamente fruibile anche da persone con ridotta mobilit\u00e0: \u00e8 un segno di civilt\u00e0, non un dettaglio tecnico. E sar\u00e0 il simbolo di un Veneto che accoglie tutti, senza eccezioni\u201d.<br \/>\nGiovanni Malag\u00f2, Presidente della Fondazione Milano Cortina 2026, ha spiegato: \u201cLe Cerimonie Paralimpiche rappresentano uno dei momenti pi\u00f9 alti e significativi dei Giochi: un\u2019occasione per raccontare, attraverso linguaggi universali, il valore dello sport, dell\u2019inclusione e della forza che gli atleti incarnano ogni giorno\u201d.<br \/>\nLa Direttrice delle Cerimonie di Milano Cortina 2026 Maria Laura Iascone ha raccontato: \u201cLe<br \/>\nCerimonie saranno esperienze emozionanti e partecipative, costruite intorno alle persone: agli atleti, al pubblico e alle comunit\u00e0. Due racconti distinti, uniti dallo stesso desiderio di generare connessione, legami e memoria\u201d.<br \/>\nI Giochi, in programma dal 6 al 15 marzo, segneranno un momento storico per il Movimento Paralimpico, celebrando il 50\u00b0 anniversario delle prime Paralimpiadi Invernali tenutesi nel 1976 a \u00d6rnsk\u00f6ldsvik, in Svezia, e il 20\u00b0 anniversario da Torino 2006. Un appuntamento imperdibile per chi vuole vivere l\u2019emozione di Milano Cortina 2026: i biglietti sono disponibili online, di cui quasi il 90% pari o inferiori a 35 euro.<br \/>\n\u201cLife in Motion\u201d: il tema creativo che apre i Giochi Paralimpici di Milano Cortina 2026<br \/>\nLa cerimonia di apertura, in programma venerd\u00ec 6 marzo 2026 all&#8217;Arena di Verona, segner\u00e0 un momento storico: per la prima volta una cerimonia paralimpica si terr\u00e0 in un sito patrimonio mondiale dell&#8217;UNESCO. Il titolo scelto \u00e8 \u201cLife in Motion\u201d: un omaggio alla vita, intesa come cambiamento e trasformazione, che si ispira al linguaggio dell\u2019arte e alla sua capacit\u00e0 unica di interpretare la realt\u00e0 contemporanea in continua evoluzione. Un approccio che riscrive il modo di concepire la disabilit\u00e0 attraverso il raggiungimento di un\u2019armonia nuova tra persona e ambiente.<br \/>\nLa Cerimonia di Apertura Paralimpica sar\u00e0 animata da numerosi talenti italiani e internazionali. Tra i primi nomi annunciati dalla Fondazione Milano Cortina 2026, in campo musicale spiccano Stewart Copeland, leggendario batterista dei Police e compositore in grado di ispirare generazioni, e i Meduza, celebre trio di produttori musicali simbolo della house italiana nel mondo e tra gli artisti pi\u00f9 ascoltati a livello globale.<br \/>\nGrande spazio sar\u00e0 dato all\u2019arte contemporanea, con i tributi a Jago, tra gli scultori italiani pi\u00f9 affermati sulla scena internazionale, e a Emilio Isgr\u00f2, artista, poeta, romanziere e drammaturgo che ha rivoluzionato l\u2019arte mondiale della seconda met\u00e0 del Novecento con le sue \u201ccancellature\u201d.<br \/>\nAlfredo Accatino ha affermato: \u201cUna Cerimonia Paralimpica rappresenta una straordinaria<br \/>\nopportunit\u00e0 per chi la vive dal vivo e per chi la organizza. \u00c8 una celebrazione degli atleti e dello sport, ma permette anche di delineare un processo di crescita culturale necessario a rappresentare un nuovo modo di vivere, nel rispetto delle differenze e delle identit\u00e0, non soltanto delle disabilit\u00e0.<br \/>\nAbbiamo creato una positiva, sorridente, coraggiosa, radicale, coinvolgente. Nel segno dell\u2019arte. Crediamo di esserci riusciti\u201d.<br \/>\nAccanto al forte coinvolgimento degli atleti, protagonisti di sfide, sogni e imprese che renderanno le Paralimpiadi indimenticabili, un ruolo di primo piano sar\u00e0 giocato dal pubblico.<\/p>\n<p>Da oggi parte l\u2019iniziativa \u201cVolare Milano Cortina 2026\u201d (qui il sito:<br \/>\nhttps:\/\/volaremilanocortina2026.filmmaster.com\/), attraverso il quale si raccoglieranno i<br \/>\ncontributi che potrebbero essere selezionati per la chain song finale. \u201cNel blu dipinto di blu\u201d, il brano italiano pi\u00f9 famoso di Domenico Modugno e scelto come finale della Cerimonia, unir\u00e0 in un\u2019unica performance contributi e voci da tutto il mondo.<br \/>\nA lavorare alla Cerimonia di Apertura Paralimpica di Milano Cortina 2026 \u00e8 la squadra di creativi di Filmmaster, guidata dal Direttore Artistico e Presidente Alfredo Accatino e composta da:<br \/>\n\u2022 Adriano Martella, Head of Creative di Filmmaster e Direttore Creativo della Cerimonia<br \/>\nParalimpica;<br \/>\n\u2022 Marco Boarino, Show Director della Cerimonia Paralimpica.<br \/>\n\u201cItalian souvenir\u201d: la bellezza dei ricordi per l\u2019atto conclusivo delle Paralimpiadi<br \/>\nI ricordi come veicolo di bellezza, emozione e memoria condivisa capace di unire il mondo: \u00e8 da questo concetto che nasce \u201cItalian souvenir\u201d, il tema creativo della Cerimonia di Chiusura dei Giochi Paralimpici Invernali, in programma domenica 15 marzo 2026 al Cortina Curling Olympic<br \/>\nStadium. Dopo giorni di competizioni spettacolari e di superamento dei propri limiti, la Cerimonia accompagner\u00e0 atleti, volontari e tifosi in un viaggio visivo e sensoriale che raccoglier\u00e0 le emozioni pi\u00f9 intense dei Giochi appena conclusi. Non una semplice conclusione, ma il fermo immagine di un\u2019avventura irripetibile che prender\u00e0 la forma di un grande album di ricordi interattivo in cui si alterneranno istantanee di successi sportivi indimenticabili e cartoline delle bellezze dei territori italiani che hanno ospitato le competizioni. Immagini spettacolari da custodire come ricordo mentre la bandiera Paralimpica passa da Milano Cortina 2026 alle Alpi francesi 2030.<br \/>\nNel corso della conferenza stampa a Venezia, la Fondazione Milano Cortina 2026 ha svelato i primi talenti che accompagneranno la Cerimonia di Chiusura.<br \/>\nSul palco dello Stadio Olimpico del Ghiaccio di Cortina si esibir\u00e0 Arisa, una delle voci pi\u00f9 distintive della musica italiana. Con la sua unicit\u00e0 e intensit\u00e0 interpretativa, ha conquistato anche il pubblico internazionale e ha ottenuto prestigiosi riconoscimenti come il Nastro d\u2019Argento con \u201cCanta Ancora\u201d per la migliore canzone originale. Dopo aver interpretato la canzone di Milano Cortina 2026 \u201cFino all\u2019alba\u201d sul palco del Festival di Sanremo 2022, Arisa torner\u00e0 in scena per dare voce al gran finale di questa indimenticabile edizione.<br \/>\nFrancesco Paolo Conticello ha spiegato: &#8220;Questa Cerimonia di Chiusura non segna solo il termine di una competizione, ma rappresenta l\u2019atto finale e solenne dell\u2019intero percorso di Milano Cortina 2026. Con G2-Casta Diva Group, insieme ad Angelo Bonello nel ruolo di Artistic Director e Show Director, abbiamo voluto creare un grande spettacolo per raccontare e celebrare tutti quei ricordi indimenticabili che vivremo insieme, attraverso decine di sfide, milioni di applausi, infinito stupore.<br \/>\nSar\u00e0 il momento in cui l\u2019Italia si congeda ufficialmente dal mondo, trasformando il saluto finale in un\u2019esplosione di arte e bellezza. Un abbraccio universale che parte dalle nostre montagne e dalle nostre citt\u00e0 lasciando al mondo un vero Italian souvenir\u201d.<br \/>\nA lavorare alla Cerimonia di Chiusura Paralimpica di Milano Cortina 2026 \u00e8 la squadra guidata da Francesco Paolo Conticello, Presidente e Amministratore Delegato di G2 Eventi &#8211; Casta Diva Group, cos\u00ec composta:<\/p>\n<p>\u2022 Angelo Bonello &#8211; Artistic Director e Show Director<br \/>\n\u2022 Francesca Formisano &#8211; Music Composer<\/p>","protected":false},"excerpt":{"rendered":"<p>Il 6 marzo all\u2019Arena di Verona la cerimonia di apertura porta in scena \u201cLife in motion\u201d, un inno alla vita e al movimento. Tra i primi talenti annunciati: Stewart Copeland, leggendario batterista dei Police, e i Meduza, ambasciatori della musica house nel mondo. Il 15 marzo al Cortina Curling Olympic Stadium la Cerimonia di Chiusura [&hellip;]<\/p>\n","protected":false},"author":2,"featured_media":166492,"comment_status":"closed","ping_status":"open","sticky":false,"template":"","format":"standard","meta":{"footnotes":""},"categories":[8,4],"tags":[],"class_list":["post-166491","post","type-post","status-publish","format-standard","has-post-thumbnail","category-societa-istituzioni","category-sport"],"yoast_head":"<!-- This site is optimized with the Yoast SEO plugin v28.4 - https:\/\/yoast.com\/product\/yoast-seo-wordpress\/ -->\n<title>Milano-Cortina 2026. Presentate a Venezia le cerimonie dei Giochi paralimpici invernali - Bellunopress - Dolomiti<\/title>\n<meta name=\"robots\" content=\"index, follow, max-snippet:-1, max-image-preview:large, max-video-preview:-1\" \/>\n<link rel=\"canonical\" href=\"https:\/\/www.bellunopress.it\/fr\/2026\/01\/16\/milano-cortina-2026-presentate-a-venezia-le-cerimonie-dei-giochi-paralimpici-invernali\/\" \/>\n<meta property=\"og:locale\" content=\"fr_FR\" \/>\n<meta property=\"og:type\" content=\"article\" \/>\n<meta property=\"og:title\" content=\"Milano-Cortina 2026. Presentate a Venezia le cerimonie dei Giochi paralimpici invernali - Bellunopress - Dolomiti\" \/>\n<meta property=\"og:description\" content=\"Il 6 marzo all\u2019Arena di Verona la cerimonia di apertura porta in scena \u201cLife in motion\u201d, un inno alla vita e al movimento. Tra i primi talenti annunciati: Stewart Copeland, leggendario batterista dei Police, e i Meduza, ambasciatori della musica house nel mondo. Il 15 marzo al Cortina Curling Olympic Stadium la Cerimonia di Chiusura [&hellip;]\" \/>\n<meta property=\"og:url\" content=\"https:\/\/www.bellunopress.it\/fr\/2026\/01\/16\/milano-cortina-2026-presentate-a-venezia-le-cerimonie-dei-giochi-paralimpici-invernali\/\" \/>\n<meta property=\"og:site_name\" content=\"Bellunopress - Dolomiti\" \/>\n<meta property=\"article:publisher\" content=\"https:\/\/www.facebook.com\/profile.php?id=100008943462799\" \/>\n<meta property=\"article:published_time\" content=\"2026-01-16T08:20:25+00:00\" \/>\n<meta property=\"og:image\" content=\"https:\/\/www.bellunopress.it\/wp-content\/uploads\/2026\/01\/Paralimpiadi-cerimonia-apertura.jpg\" \/>\n\t<meta property=\"og:image:width\" content=\"479\" \/>\n\t<meta property=\"og:image:height\" content=\"600\" \/>\n\t<meta property=\"og:image:type\" content=\"image\/jpeg\" \/>\n<meta name=\"author\" content=\"redazione\" \/>\n<meta name=\"twitter:card\" content=\"summary_large_image\" \/>\n<meta name=\"twitter:creator\" content=\"@bellunopress\" \/>\n<meta name=\"twitter:site\" content=\"@bellunopress\" \/>\n<meta name=\"twitter:label1\" content=\"\u00c9crit par\" \/>\n\t<meta name=\"twitter:data1\" content=\"redazione\" \/>\n\t<meta name=\"twitter:label2\" content=\"Dur\u00e9e de lecture estim\u00e9e\" \/>\n\t<meta name=\"twitter:data2\" content=\"7 minutes\" \/>\n<script type=\"application\/ld+json\" class=\"yoast-schema-graph\">{\"@context\":\"https:\\\/\\\/schema.org\",\"@graph\":[{\"@type\":\"Article\",\"@id\":\"https:\\\/\\\/www.bellunopress.it\\\/2026\\\/01\\\/16\\\/milano-cortina-2026-presentate-a-venezia-le-cerimonie-dei-giochi-paralimpici-invernali\\\/#article\",\"isPartOf\":{\"@id\":\"https:\\\/\\\/www.bellunopress.it\\\/2026\\\/01\\\/16\\\/milano-cortina-2026-presentate-a-venezia-le-cerimonie-dei-giochi-paralimpici-invernali\\\/\"},\"author\":{\"name\":\"redazione\",\"@id\":\"https:\\\/\\\/www.bellunopress.it\\\/#\\\/schema\\\/person\\\/79bb06722b37ece1c03d3e94beb30d73\"},\"headline\":\"Milano-Cortina 2026. Presentate a Venezia le cerimonie dei Giochi paralimpici invernali\",\"datePublished\":\"2026-01-16T08:20:25+00:00\",\"mainEntityOfPage\":{\"@id\":\"https:\\\/\\\/www.bellunopress.it\\\/2026\\\/01\\\/16\\\/milano-cortina-2026-presentate-a-venezia-le-cerimonie-dei-giochi-paralimpici-invernali\\\/\"},\"wordCount\":1406,\"publisher\":{\"@id\":\"https:\\\/\\\/www.bellunopress.it\\\/#organization\"},\"image\":{\"@id\":\"https:\\\/\\\/www.bellunopress.it\\\/2026\\\/01\\\/16\\\/milano-cortina-2026-presentate-a-venezia-le-cerimonie-dei-giochi-paralimpici-invernali\\\/#primaryimage\"},\"thumbnailUrl\":\"https:\\\/\\\/www.bellunopress.it\\\/wp-content\\\/uploads\\\/2026\\\/01\\\/Paralimpiadi-cerimonia-apertura.jpg\",\"articleSection\":[\"Societ\u00e0, Associazioni, Istituzioni\",\"Sport, tempo libero\"],\"inLanguage\":\"fr-FR\"},{\"@type\":\"WebPage\",\"@id\":\"https:\\\/\\\/www.bellunopress.it\\\/2026\\\/01\\\/16\\\/milano-cortina-2026-presentate-a-venezia-le-cerimonie-dei-giochi-paralimpici-invernali\\\/\",\"url\":\"https:\\\/\\\/www.bellunopress.it\\\/2026\\\/01\\\/16\\\/milano-cortina-2026-presentate-a-venezia-le-cerimonie-dei-giochi-paralimpici-invernali\\\/\",\"name\":\"Milano-Cortina 2026. Presentate a Venezia le cerimonie dei Giochi paralimpici invernali - Bellunopress - Dolomiti\",\"isPartOf\":{\"@id\":\"https:\\\/\\\/www.bellunopress.it\\\/#website\"},\"primaryImageOfPage\":{\"@id\":\"https:\\\/\\\/www.bellunopress.it\\\/2026\\\/01\\\/16\\\/milano-cortina-2026-presentate-a-venezia-le-cerimonie-dei-giochi-paralimpici-invernali\\\/#primaryimage\"},\"image\":{\"@id\":\"https:\\\/\\\/www.bellunopress.it\\\/2026\\\/01\\\/16\\\/milano-cortina-2026-presentate-a-venezia-le-cerimonie-dei-giochi-paralimpici-invernali\\\/#primaryimage\"},\"thumbnailUrl\":\"https:\\\/\\\/www.bellunopress.it\\\/wp-content\\\/uploads\\\/2026\\\/01\\\/Paralimpiadi-cerimonia-apertura.jpg\",\"datePublished\":\"2026-01-16T08:20:25+00:00\",\"breadcrumb\":{\"@id\":\"https:\\\/\\\/www.bellunopress.it\\\/2026\\\/01\\\/16\\\/milano-cortina-2026-presentate-a-venezia-le-cerimonie-dei-giochi-paralimpici-invernali\\\/#breadcrumb\"},\"inLanguage\":\"fr-FR\",\"potentialAction\":[{\"@type\":\"ReadAction\",\"target\":[\"https:\\\/\\\/www.bellunopress.it\\\/2026\\\/01\\\/16\\\/milano-cortina-2026-presentate-a-venezia-le-cerimonie-dei-giochi-paralimpici-invernali\\\/\"]}]},{\"@type\":\"ImageObject\",\"inLanguage\":\"fr-FR\",\"@id\":\"https:\\\/\\\/www.bellunopress.it\\\/2026\\\/01\\\/16\\\/milano-cortina-2026-presentate-a-venezia-le-cerimonie-dei-giochi-paralimpici-invernali\\\/#primaryimage\",\"url\":\"https:\\\/\\\/www.bellunopress.it\\\/wp-content\\\/uploads\\\/2026\\\/01\\\/Paralimpiadi-cerimonia-apertura.jpg\",\"contentUrl\":\"https:\\\/\\\/www.bellunopress.it\\\/wp-content\\\/uploads\\\/2026\\\/01\\\/Paralimpiadi-cerimonia-apertura.jpg\",\"width\":479,\"height\":600},{\"@type\":\"BreadcrumbList\",\"@id\":\"https:\\\/\\\/www.bellunopress.it\\\/2026\\\/01\\\/16\\\/milano-cortina-2026-presentate-a-venezia-le-cerimonie-dei-giochi-paralimpici-invernali\\\/#breadcrumb\",\"itemListElement\":[{\"@type\":\"ListItem\",\"position\":1,\"name\":\"Home\",\"item\":\"https:\\\/\\\/www.bellunopress.it\\\/\"},{\"@type\":\"ListItem\",\"position\":2,\"name\":\"Milano-Cortina 2026. Presentate a Venezia le cerimonie dei Giochi paralimpici invernali\"}]},{\"@type\":\"WebSite\",\"@id\":\"https:\\\/\\\/www.bellunopress.it\\\/#website\",\"url\":\"https:\\\/\\\/www.bellunopress.it\\\/\",\"name\":\"Bellunopress - Dolomiti\",\"description\":\"e-mail: redazione@bellunopress.it\",\"publisher\":{\"@id\":\"https:\\\/\\\/www.bellunopress.it\\\/#organization\"},\"potentialAction\":[{\"@type\":\"SearchAction\",\"target\":{\"@type\":\"EntryPoint\",\"urlTemplate\":\"https:\\\/\\\/www.bellunopress.it\\\/?s={search_term_string}\"},\"query-input\":{\"@type\":\"PropertyValueSpecification\",\"valueRequired\":true,\"valueName\":\"search_term_string\"}}],\"inLanguage\":\"fr-FR\"},{\"@type\":\"Organization\",\"@id\":\"https:\\\/\\\/www.bellunopress.it\\\/#organization\",\"name\":\"Bellunopress\",\"url\":\"https:\\\/\\\/www.bellunopress.it\\\/\",\"logo\":{\"@type\":\"ImageObject\",\"inLanguage\":\"fr-FR\",\"@id\":\"https:\\\/\\\/www.bellunopress.it\\\/#\\\/schema\\\/logo\\\/image\\\/\",\"url\":\"https:\\\/\\\/www.bellunopress.it\\\/wp-content\\\/uploads\\\/2011\\\/05\\\/cropped-logo-bellunopress-.jpg\",\"contentUrl\":\"https:\\\/\\\/www.bellunopress.it\\\/wp-content\\\/uploads\\\/2011\\\/05\\\/cropped-logo-bellunopress-.jpg\",\"width\":512,\"height\":512,\"caption\":\"Bellunopress\"},\"image\":{\"@id\":\"https:\\\/\\\/www.bellunopress.it\\\/#\\\/schema\\\/logo\\\/image\\\/\"},\"sameAs\":[\"https:\\\/\\\/www.facebook.com\\\/profile.php?id=100008943462799\",\"https:\\\/\\\/x.com\\\/bellunopress\",\"https:\\\/\\\/www.linkedin.com\\\/hp\\\/?dnr=JBzUWaJfMUw8vbXJJ2tVW5-I3jZKvC4wsoxE&amp;amp;amp;amp;amp;amp;trk=nav_responsive_tab_home\",\"https:\\\/\\\/www.youtube.com\\\/channel\\\/UCxL0wu1uN0_3_7hGG0306cw\"]},{\"@type\":\"Person\",\"@id\":\"https:\\\/\\\/www.bellunopress.it\\\/#\\\/schema\\\/person\\\/79bb06722b37ece1c03d3e94beb30d73\",\"name\":\"redazione\",\"image\":{\"@type\":\"ImageObject\",\"inLanguage\":\"fr-FR\",\"@id\":\"https:\\\/\\\/secure.gravatar.com\\\/avatar\\\/37d968a2e67a6fd04c169c4bdef102d0bc5d31b2546345219e348575eb80e9a0?s=96&d=mm&r=g\",\"url\":\"https:\\\/\\\/secure.gravatar.com\\\/avatar\\\/37d968a2e67a6fd04c169c4bdef102d0bc5d31b2546345219e348575eb80e9a0?s=96&d=mm&r=g\",\"contentUrl\":\"https:\\\/\\\/secure.gravatar.com\\\/avatar\\\/37d968a2e67a6fd04c169c4bdef102d0bc5d31b2546345219e348575eb80e9a0?s=96&d=mm&r=g\",\"caption\":\"redazione\"},\"sameAs\":[\"http:\\\/\\\/www.bellunopress.it\",\"https:\\\/\\\/x.com\\\/bellunopress\"],\"url\":\"https:\\\/\\\/www.bellunopress.it\\\/fr\\\/author\\\/redazione\\\/\"}]}<\/script>\n<!-- \/ Yoast SEO plugin. -->","yoast_head_json":{"title":"Milano-Cortina 2026. Presentate a Venezia le cerimonie dei Giochi paralimpici invernali - Bellunopress - Dolomiti","robots":{"index":"index","follow":"follow","max-snippet":"max-snippet:-1","max-image-preview":"max-image-preview:large","max-video-preview":"max-video-preview:-1"},"canonical":"https:\/\/www.bellunopress.it\/fr\/2026\/01\/16\/milano-cortina-2026-presentate-a-venezia-le-cerimonie-dei-giochi-paralimpici-invernali\/","og_locale":"fr_FR","og_type":"article","og_title":"Milano-Cortina 2026. Presentate a Venezia le cerimonie dei Giochi paralimpici invernali - Bellunopress - Dolomiti","og_description":"Il 6 marzo all\u2019Arena di Verona la cerimonia di apertura porta in scena \u201cLife in motion\u201d, un inno alla vita e al movimento. Tra i primi talenti annunciati: Stewart Copeland, leggendario batterista dei Police, e i Meduza, ambasciatori della musica house nel mondo. Il 15 marzo al Cortina Curling Olympic Stadium la Cerimonia di Chiusura [&hellip;]","og_url":"https:\/\/www.bellunopress.it\/fr\/2026\/01\/16\/milano-cortina-2026-presentate-a-venezia-le-cerimonie-dei-giochi-paralimpici-invernali\/","og_site_name":"Bellunopress - Dolomiti","article_publisher":"https:\/\/www.facebook.com\/profile.php?id=100008943462799","article_published_time":"2026-01-16T08:20:25+00:00","og_image":[{"width":479,"height":600,"url":"https:\/\/www.bellunopress.it\/wp-content\/uploads\/2026\/01\/Paralimpiadi-cerimonia-apertura.jpg","type":"image\/jpeg"}],"author":"redazione","twitter_card":"summary_large_image","twitter_creator":"@bellunopress","twitter_site":"@bellunopress","twitter_misc":{"\u00c9crit par":"redazione","Dur\u00e9e de lecture estim\u00e9e":"7 minutes"},"schema":{"@context":"https:\/\/schema.org","@graph":[{"@type":"Article","@id":"https:\/\/www.bellunopress.it\/2026\/01\/16\/milano-cortina-2026-presentate-a-venezia-le-cerimonie-dei-giochi-paralimpici-invernali\/#article","isPartOf":{"@id":"https:\/\/www.bellunopress.it\/2026\/01\/16\/milano-cortina-2026-presentate-a-venezia-le-cerimonie-dei-giochi-paralimpici-invernali\/"},"author":{"name":"redazione","@id":"https:\/\/www.bellunopress.it\/#\/schema\/person\/79bb06722b37ece1c03d3e94beb30d73"},"headline":"Milano-Cortina 2026. Presentate a Venezia le cerimonie dei Giochi paralimpici invernali","datePublished":"2026-01-16T08:20:25+00:00","mainEntityOfPage":{"@id":"https:\/\/www.bellunopress.it\/2026\/01\/16\/milano-cortina-2026-presentate-a-venezia-le-cerimonie-dei-giochi-paralimpici-invernali\/"},"wordCount":1406,"publisher":{"@id":"https:\/\/www.bellunopress.it\/#organization"},"image":{"@id":"https:\/\/www.bellunopress.it\/2026\/01\/16\/milano-cortina-2026-presentate-a-venezia-le-cerimonie-dei-giochi-paralimpici-invernali\/#primaryimage"},"thumbnailUrl":"https:\/\/www.bellunopress.it\/wp-content\/uploads\/2026\/01\/Paralimpiadi-cerimonia-apertura.jpg","articleSection":["Societ\u00e0, Associazioni, Istituzioni","Sport, tempo libero"],"inLanguage":"fr-FR"},{"@type":"WebPage","@id":"https:\/\/www.bellunopress.it\/2026\/01\/16\/milano-cortina-2026-presentate-a-venezia-le-cerimonie-dei-giochi-paralimpici-invernali\/","url":"https:\/\/www.bellunopress.it\/2026\/01\/16\/milano-cortina-2026-presentate-a-venezia-le-cerimonie-dei-giochi-paralimpici-invernali\/","name":"Milano-Cortina 2026. Presentate a Venezia le cerimonie dei Giochi paralimpici invernali - Bellunopress - Dolomiti","isPartOf":{"@id":"https:\/\/www.bellunopress.it\/#website"},"primaryImageOfPage":{"@id":"https:\/\/www.bellunopress.it\/2026\/01\/16\/milano-cortina-2026-presentate-a-venezia-le-cerimonie-dei-giochi-paralimpici-invernali\/#primaryimage"},"image":{"@id":"https:\/\/www.bellunopress.it\/2026\/01\/16\/milano-cortina-2026-presentate-a-venezia-le-cerimonie-dei-giochi-paralimpici-invernali\/#primaryimage"},"thumbnailUrl":"https:\/\/www.bellunopress.it\/wp-content\/uploads\/2026\/01\/Paralimpiadi-cerimonia-apertura.jpg","datePublished":"2026-01-16T08:20:25+00:00","breadcrumb":{"@id":"https:\/\/www.bellunopress.it\/2026\/01\/16\/milano-cortina-2026-presentate-a-venezia-le-cerimonie-dei-giochi-paralimpici-invernali\/#breadcrumb"},"inLanguage":"fr-FR","potentialAction":[{"@type":"ReadAction","target":["https:\/\/www.bellunopress.it\/2026\/01\/16\/milano-cortina-2026-presentate-a-venezia-le-cerimonie-dei-giochi-paralimpici-invernali\/"]}]},{"@type":"ImageObject","inLanguage":"fr-FR","@id":"https:\/\/www.bellunopress.it\/2026\/01\/16\/milano-cortina-2026-presentate-a-venezia-le-cerimonie-dei-giochi-paralimpici-invernali\/#primaryimage","url":"https:\/\/www.bellunopress.it\/wp-content\/uploads\/2026\/01\/Paralimpiadi-cerimonia-apertura.jpg","contentUrl":"https:\/\/www.bellunopress.it\/wp-content\/uploads\/2026\/01\/Paralimpiadi-cerimonia-apertura.jpg","width":479,"height":600},{"@type":"BreadcrumbList","@id":"https:\/\/www.bellunopress.it\/2026\/01\/16\/milano-cortina-2026-presentate-a-venezia-le-cerimonie-dei-giochi-paralimpici-invernali\/#breadcrumb","itemListElement":[{"@type":"ListItem","position":1,"name":"Home","item":"https:\/\/www.bellunopress.it\/"},{"@type":"ListItem","position":2,"name":"Milano-Cortina 2026. Presentate a Venezia le cerimonie dei Giochi paralimpici invernali"}]},{"@type":"WebSite","@id":"https:\/\/www.bellunopress.it\/#website","url":"https:\/\/www.bellunopress.it\/","name":"Bellunopress - Dolomiti","description":"e-mail: redazione@bellunopress.it","publisher":{"@id":"https:\/\/www.bellunopress.it\/#organization"},"potentialAction":[{"@type":"SearchAction","target":{"@type":"EntryPoint","urlTemplate":"https:\/\/www.bellunopress.it\/?s={search_term_string}"},"query-input":{"@type":"PropertyValueSpecification","valueRequired":true,"valueName":"search_term_string"}}],"inLanguage":"fr-FR"},{"@type":"Organization","@id":"https:\/\/www.bellunopress.it\/#organization","name":"Bellunopress","url":"https:\/\/www.bellunopress.it\/","logo":{"@type":"ImageObject","inLanguage":"fr-FR","@id":"https:\/\/www.bellunopress.it\/#\/schema\/logo\/image\/","url":"https:\/\/www.bellunopress.it\/wp-content\/uploads\/2011\/05\/cropped-logo-bellunopress-.jpg","contentUrl":"https:\/\/www.bellunopress.it\/wp-content\/uploads\/2011\/05\/cropped-logo-bellunopress-.jpg","width":512,"height":512,"caption":"Bellunopress"},"image":{"@id":"https:\/\/www.bellunopress.it\/#\/schema\/logo\/image\/"},"sameAs":["https:\/\/www.facebook.com\/profile.php?id=100008943462799","https:\/\/x.com\/bellunopress","https:\/\/www.linkedin.com\/hp\/?dnr=JBzUWaJfMUw8vbXJJ2tVW5-I3jZKvC4wsoxE&amp;amp;amp;amp;amp;amp;trk=nav_responsive_tab_home","https:\/\/www.youtube.com\/channel\/UCxL0wu1uN0_3_7hGG0306cw"]},{"@type":"Person","@id":"https:\/\/www.bellunopress.it\/#\/schema\/person\/79bb06722b37ece1c03d3e94beb30d73","name":"r\u00e9daction","image":{"@type":"ImageObject","inLanguage":"fr-FR","@id":"https:\/\/secure.gravatar.com\/avatar\/37d968a2e67a6fd04c169c4bdef102d0bc5d31b2546345219e348575eb80e9a0?s=96&d=mm&r=g","url":"https:\/\/secure.gravatar.com\/avatar\/37d968a2e67a6fd04c169c4bdef102d0bc5d31b2546345219e348575eb80e9a0?s=96&d=mm&r=g","contentUrl":"https:\/\/secure.gravatar.com\/avatar\/37d968a2e67a6fd04c169c4bdef102d0bc5d31b2546345219e348575eb80e9a0?s=96&d=mm&r=g","caption":"redazione"},"sameAs":["http:\/\/www.bellunopress.it","https:\/\/x.com\/bellunopress"],"url":"https:\/\/www.bellunopress.it\/fr\/author\/redazione\/"}]}},"_links":{"self":[{"href":"https:\/\/www.bellunopress.it\/fr\/wp-json\/wp\/v2\/posts\/166491","targetHints":{"allow":["GET"]}}],"collection":[{"href":"https:\/\/www.bellunopress.it\/fr\/wp-json\/wp\/v2\/posts"}],"about":[{"href":"https:\/\/www.bellunopress.it\/fr\/wp-json\/wp\/v2\/types\/post"}],"author":[{"embeddable":true,"href":"https:\/\/www.bellunopress.it\/fr\/wp-json\/wp\/v2\/users\/2"}],"replies":[{"embeddable":true,"href":"https:\/\/www.bellunopress.it\/fr\/wp-json\/wp\/v2\/comments?post=166491"}],"version-history":[{"count":1,"href":"https:\/\/www.bellunopress.it\/fr\/wp-json\/wp\/v2\/posts\/166491\/revisions"}],"predecessor-version":[{"id":166493,"href":"https:\/\/www.bellunopress.it\/fr\/wp-json\/wp\/v2\/posts\/166491\/revisions\/166493"}],"wp:featuredmedia":[{"embeddable":true,"href":"https:\/\/www.bellunopress.it\/fr\/wp-json\/wp\/v2\/media\/166492"}],"wp:attachment":[{"href":"https:\/\/www.bellunopress.it\/fr\/wp-json\/wp\/v2\/media?parent=166491"}],"wp:term":[{"taxonomy":"category","embeddable":true,"href":"https:\/\/www.bellunopress.it\/fr\/wp-json\/wp\/v2\/categories?post=166491"},{"taxonomy":"post_tag","embeddable":true,"href":"https:\/\/www.bellunopress.it\/fr\/wp-json\/wp\/v2\/tags?post=166491"}],"curies":[{"name":"wp","href":"https:\/\/api.w.org\/{rel}","templated":true}]}}