{"id":166477,"date":"2026-01-15T11:30:13","date_gmt":"2026-01-15T10:30:13","guid":{"rendered":"https:\/\/www.bellunopress.it\/?p=166477"},"modified":"2026-01-15T11:30:13","modified_gmt":"2026-01-15T10:30:13","slug":"comune-di-belluno-proroga-per-i-concorsi-di-funzionario-archivista-e-funzionario-amministrativo","status":"publish","type":"post","link":"https:\/\/www.bellunopress.it\/fr\/2026\/01\/15\/comune-di-belluno-proroga-per-i-concorsi-di-funzionario-archivista-e-funzionario-amministrativo\/","title":{"rendered":"Comune di Belluno: proroga per i concorsi di funzionario archivista e funzionario amministrativo"},"content":{"rendered":"<p data-path-to-node=\"3\"><img loading=\"lazy\" decoding=\"async\" class=\"aligncenter size-full wp-image-121387\" src=\"https:\/\/www.bellunopress.it\/wp-content\/uploads\/2021\/02\/Labito-fa-il-monaco-in-un-colloquio-di-lavoro-cosa-fa-la-differenza.jpg\" alt=\"\" width=\"1000\" height=\"500\" srcset=\"https:\/\/www.bellunopress.it\/wp-content\/uploads\/2021\/02\/Labito-fa-il-monaco-in-un-colloquio-di-lavoro-cosa-fa-la-differenza.jpg 1000w, https:\/\/www.bellunopress.it\/wp-content\/uploads\/2021\/02\/Labito-fa-il-monaco-in-un-colloquio-di-lavoro-cosa-fa-la-differenza-500x250.jpg 500w, https:\/\/www.bellunopress.it\/wp-content\/uploads\/2021\/02\/Labito-fa-il-monaco-in-un-colloquio-di-lavoro-cosa-fa-la-differenza-696x348.jpg 696w, https:\/\/www.bellunopress.it\/wp-content\/uploads\/2021\/02\/Labito-fa-il-monaco-in-un-colloquio-di-lavoro-cosa-fa-la-differenza-840x420.jpg 840w\" sizes=\"auto, (max-width: 1000px) 100vw, 1000px\" \/>L&#8217;Unione Montana Feltrina, per conto del Comune di Belluno, ha disposto la proroga dei termini per la presentazione delle domande di partecipazione a due importanti procedure concorsuali pubblicate originariamente sul portale inPA lo scorso 17 dicembre 2025.<\/p>\n<p data-path-to-node=\"4\">La decisione, formalizzata con le determinazioni dirigenziali del 14 gennaio 2026, mira a garantire una pi\u00f9 ampia partecipazione alle selezioni per il potenziamento dell&#8217;organico comunale.<\/p>\n<h3 data-path-to-node=\"5\">Dettaglio delle nuove scadenze<\/h3>\n<p data-path-to-node=\"6\">Di seguito sono riportati i profili professionali interessati e i nuovi termini perentori entro i quali \u00e8 possibile inviare la candidatura:<\/p>\n<table data-path-to-node=\"7\">\n<thead>\n<tr>\n<td><strong>Profilo Professionale<\/strong><\/td>\n<td><strong>Atto di Proroga<\/strong><\/td>\n<td><strong>Nuova Scadenza Invio Domande<\/strong><\/td>\n<\/tr>\n<\/thead>\n<tbody>\n<tr>\n<td><span data-path-to-node=\"7,1,0,0\"><b data-path-to-node=\"7,1,0,0\" data-index-in-node=\"0\">1 Funzionario Archivista<\/b> (Tempo pieno e indeterminato &#8211; Archivio Storico)<\/span><\/td>\n<td><span data-path-to-node=\"7,1,1,0\">Det. n. 19 del 14\/01\/2026<\/span><\/td>\n<td><span data-path-to-node=\"7,1,2,0\"><b data-path-to-node=\"7,1,2,0\" data-index-in-node=\"0\">06 febbraio 2026<\/b><\/span><\/td>\n<\/tr>\n<tr>\n<td><span data-path-to-node=\"7,2,0,0\"><b data-path-to-node=\"7,2,0,0\" data-index-in-node=\"0\">1 Funzionario Amministrativo Contabile<\/b> (Tempo pieno e indeterminato &#8211; Area Tributi)<\/span><\/td>\n<td><span data-path-to-node=\"7,2,1,0\">Det. n. 20 del 14\/01\/2026<\/span><\/td>\n<td><span data-path-to-node=\"7,2,2,0\"><b data-path-to-node=\"7,2,2,0\" data-index-in-node=\"0\">13 febbraio 2026<\/b><\/span><\/td>\n<\/tr>\n<\/tbody>\n<\/table>\n<hr data-path-to-node=\"8\" \/>\n<h3 data-path-to-node=\"9\">Modalit\u00e0 di consultazione e partecipazione<\/h3>\n<p data-path-to-node=\"10\">I testi integrali dei provvedimenti di proroga, contenenti tutte le informazioni dettagliate sui requisiti e sulle modalit\u00e0 di invio delle istanze (esclusivamente tramite il portale nazionale del reclutamento <b data-path-to-node=\"10\" data-index-in-node=\"209\">inPA<\/b>), sono reperibili presso il seguente link ufficiale:<\/p>\n<blockquote data-path-to-node=\"11\">\n<h6 data-path-to-node=\"11,0\"><b data-path-to-node=\"11,0\" data-index-in-node=\"0\"><a class=\"ng-star-inserted\" href=\"https:\/\/www.google.com\/search?q=https:\/\/www.feltrino.bl.it\/myportal\/CMFELTRINA\/home\" target=\"_blank\" rel=\"noopener\" data-hveid=\"0\" data-ved=\"0CAAQ_4QMahcKEwi96rGTqo2SAxUAAAAAHQAAAAAQRA\">ALBO PRETORIO \u2013 Unione Montana Feltrina<\/a><\/b><\/h6>\n<\/blockquote>\n<p data-path-to-node=\"12\">Restano invariate tutte le altre disposizioni previste dai bandi originali. Gli interessati sono invitati a monitorare il portale inPA e il sito istituzionale dell&#8217;Unione Montana Feltrina per eventuali ulteriori comunicazioni relative al calendario delle prove.<\/p>","protected":false},"excerpt":{"rendered":"<p>L&#8217;Unione Montana Feltrina, per conto del Comune di Belluno, ha disposto la proroga dei termini per la presentazione delle domande di partecipazione a due importanti procedure concorsuali pubblicate originariamente sul portale inPA lo scorso 17 dicembre 2025. La decisione, formalizzata con le determinazioni dirigenziali del 14 gennaio 2026, mira a garantire una pi\u00f9 ampia partecipazione [&hellip;]<\/p>\n","protected":false},"author":2,"featured_media":121387,"comment_status":"closed","ping_status":"open","sticky":false,"template":"","format":"standard","meta":{"footnotes":""},"categories":[36],"tags":[],"class_list":["post-166477","post","type-post","status-publish","format-standard","has-post-thumbnail","category-lavoro-economia"],"yoast_head":"<!-- This site is optimized with the Yoast SEO plugin v28.4 - https:\/\/yoast.com\/product\/yoast-seo-wordpress\/ -->\n<title>Comune di Belluno: proroga per i concorsi di funzionario archivista e funzionario amministrativo - Bellunopress - Dolomiti<\/title>\n<meta name=\"robots\" content=\"index, follow, max-snippet:-1, max-image-preview:large, max-video-preview:-1\" \/>\n<link rel=\"canonical\" href=\"https:\/\/www.bellunopress.it\/fr\/2026\/01\/15\/comune-di-belluno-proroga-per-i-concorsi-di-funzionario-archivista-e-funzionario-amministrativo\/\" \/>\n<meta property=\"og:locale\" content=\"fr_FR\" \/>\n<meta property=\"og:type\" content=\"article\" \/>\n<meta property=\"og:title\" content=\"Comune di Belluno: proroga per i concorsi di funzionario archivista e funzionario amministrativo - Bellunopress - Dolomiti\" \/>\n<meta property=\"og:description\" content=\"L&#8217;Unione Montana Feltrina, per conto del Comune di Belluno, ha disposto la proroga dei termini per la presentazione delle domande di partecipazione a due importanti procedure concorsuali pubblicate originariamente sul portale inPA lo scorso 17 dicembre 2025. La decisione, formalizzata con le determinazioni dirigenziali del 14 gennaio 2026, mira a garantire una pi\u00f9 ampia partecipazione [&hellip;]\" \/>\n<meta property=\"og:url\" content=\"https:\/\/www.bellunopress.it\/fr\/2026\/01\/15\/comune-di-belluno-proroga-per-i-concorsi-di-funzionario-archivista-e-funzionario-amministrativo\/\" \/>\n<meta property=\"og:site_name\" content=\"Bellunopress - Dolomiti\" \/>\n<meta property=\"article:publisher\" content=\"https:\/\/www.facebook.com\/profile.php?id=100008943462799\" \/>\n<meta property=\"article:published_time\" content=\"2026-01-15T10:30:13+00:00\" \/>\n<meta property=\"og:image\" content=\"https:\/\/www.bellunopress.it\/wp-content\/uploads\/2021\/02\/Labito-fa-il-monaco-in-un-colloquio-di-lavoro-cosa-fa-la-differenza.jpg\" \/>\n\t<meta property=\"og:image:width\" content=\"1000\" \/>\n\t<meta property=\"og:image:height\" content=\"500\" \/>\n\t<meta property=\"og:image:type\" content=\"image\/jpeg\" \/>\n<meta name=\"author\" content=\"redazione\" \/>\n<meta name=\"twitter:card\" content=\"summary_large_image\" \/>\n<meta name=\"twitter:creator\" content=\"@bellunopress\" \/>\n<meta name=\"twitter:site\" content=\"@bellunopress\" \/>\n<meta name=\"twitter:label1\" content=\"\u00c9crit par\" \/>\n\t<meta name=\"twitter:data1\" content=\"redazione\" \/>\n\t<meta name=\"twitter:label2\" content=\"Dur\u00e9e de lecture estim\u00e9e\" \/>\n\t<meta name=\"twitter:data2\" content=\"1 minute\" \/>\n<script type=\"application\/ld+json\" class=\"yoast-schema-graph\">{\"@context\":\"https:\\\/\\\/schema.org\",\"@graph\":[{\"@type\":\"Article\",\"@id\":\"https:\\\/\\\/www.bellunopress.it\\\/2026\\\/01\\\/15\\\/comune-di-belluno-proroga-per-i-concorsi-di-funzionario-archivista-e-funzionario-amministrativo\\\/#article\",\"isPartOf\":{\"@id\":\"https:\\\/\\\/www.bellunopress.it\\\/2026\\\/01\\\/15\\\/comune-di-belluno-proroga-per-i-concorsi-di-funzionario-archivista-e-funzionario-amministrativo\\\/\"},\"author\":{\"name\":\"redazione\",\"@id\":\"https:\\\/\\\/www.bellunopress.it\\\/#\\\/schema\\\/person\\\/79bb06722b37ece1c03d3e94beb30d73\"},\"headline\":\"Comune di Belluno: proroga per i concorsi di funzionario archivista e funzionario amministrativo\",\"datePublished\":\"2026-01-15T10:30:13+00:00\",\"mainEntityOfPage\":{\"@id\":\"https:\\\/\\\/www.bellunopress.it\\\/2026\\\/01\\\/15\\\/comune-di-belluno-proroga-per-i-concorsi-di-funzionario-archivista-e-funzionario-amministrativo\\\/\"},\"wordCount\":215,\"publisher\":{\"@id\":\"https:\\\/\\\/www.bellunopress.it\\\/#organization\"},\"image\":{\"@id\":\"https:\\\/\\\/www.bellunopress.it\\\/2026\\\/01\\\/15\\\/comune-di-belluno-proroga-per-i-concorsi-di-funzionario-archivista-e-funzionario-amministrativo\\\/#primaryimage\"},\"thumbnailUrl\":\"https:\\\/\\\/www.bellunopress.it\\\/wp-content\\\/uploads\\\/2021\\\/02\\\/Labito-fa-il-monaco-in-un-colloquio-di-lavoro-cosa-fa-la-differenza.jpg\",\"articleSection\":[\"Lavoro, Economia, Turismo\"],\"inLanguage\":\"fr-FR\"},{\"@type\":\"WebPage\",\"@id\":\"https:\\\/\\\/www.bellunopress.it\\\/2026\\\/01\\\/15\\\/comune-di-belluno-proroga-per-i-concorsi-di-funzionario-archivista-e-funzionario-amministrativo\\\/\",\"url\":\"https:\\\/\\\/www.bellunopress.it\\\/2026\\\/01\\\/15\\\/comune-di-belluno-proroga-per-i-concorsi-di-funzionario-archivista-e-funzionario-amministrativo\\\/\",\"name\":\"Comune di Belluno: proroga per i concorsi di funzionario archivista e funzionario amministrativo - Bellunopress - Dolomiti\",\"isPartOf\":{\"@id\":\"https:\\\/\\\/www.bellunopress.it\\\/#website\"},\"primaryImageOfPage\":{\"@id\":\"https:\\\/\\\/www.bellunopress.it\\\/2026\\\/01\\\/15\\\/comune-di-belluno-proroga-per-i-concorsi-di-funzionario-archivista-e-funzionario-amministrativo\\\/#primaryimage\"},\"image\":{\"@id\":\"https:\\\/\\\/www.bellunopress.it\\\/2026\\\/01\\\/15\\\/comune-di-belluno-proroga-per-i-concorsi-di-funzionario-archivista-e-funzionario-amministrativo\\\/#primaryimage\"},\"thumbnailUrl\":\"https:\\\/\\\/www.bellunopress.it\\\/wp-content\\\/uploads\\\/2021\\\/02\\\/Labito-fa-il-monaco-in-un-colloquio-di-lavoro-cosa-fa-la-differenza.jpg\",\"datePublished\":\"2026-01-15T10:30:13+00:00\",\"breadcrumb\":{\"@id\":\"https:\\\/\\\/www.bellunopress.it\\\/2026\\\/01\\\/15\\\/comune-di-belluno-proroga-per-i-concorsi-di-funzionario-archivista-e-funzionario-amministrativo\\\/#breadcrumb\"},\"inLanguage\":\"fr-FR\",\"potentialAction\":[{\"@type\":\"ReadAction\",\"target\":[\"https:\\\/\\\/www.bellunopress.it\\\/2026\\\/01\\\/15\\\/comune-di-belluno-proroga-per-i-concorsi-di-funzionario-archivista-e-funzionario-amministrativo\\\/\"]}]},{\"@type\":\"ImageObject\",\"inLanguage\":\"fr-FR\",\"@id\":\"https:\\\/\\\/www.bellunopress.it\\\/2026\\\/01\\\/15\\\/comune-di-belluno-proroga-per-i-concorsi-di-funzionario-archivista-e-funzionario-amministrativo\\\/#primaryimage\",\"url\":\"https:\\\/\\\/www.bellunopress.it\\\/wp-content\\\/uploads\\\/2021\\\/02\\\/Labito-fa-il-monaco-in-un-colloquio-di-lavoro-cosa-fa-la-differenza.jpg\",\"contentUrl\":\"https:\\\/\\\/www.bellunopress.it\\\/wp-content\\\/uploads\\\/2021\\\/02\\\/Labito-fa-il-monaco-in-un-colloquio-di-lavoro-cosa-fa-la-differenza.jpg\",\"width\":1000,\"height\":500},{\"@type\":\"BreadcrumbList\",\"@id\":\"https:\\\/\\\/www.bellunopress.it\\\/2026\\\/01\\\/15\\\/comune-di-belluno-proroga-per-i-concorsi-di-funzionario-archivista-e-funzionario-amministrativo\\\/#breadcrumb\",\"itemListElement\":[{\"@type\":\"ListItem\",\"position\":1,\"name\":\"Home\",\"item\":\"https:\\\/\\\/www.bellunopress.it\\\/\"},{\"@type\":\"ListItem\",\"position\":2,\"name\":\"Comune di Belluno: proroga per i concorsi di funzionario archivista e funzionario amministrativo\"}]},{\"@type\":\"WebSite\",\"@id\":\"https:\\\/\\\/www.bellunopress.it\\\/#website\",\"url\":\"https:\\\/\\\/www.bellunopress.it\\\/\",\"name\":\"Bellunopress - Dolomiti\",\"description\":\"e-mail: redazione@bellunopress.it\",\"publisher\":{\"@id\":\"https:\\\/\\\/www.bellunopress.it\\\/#organization\"},\"potentialAction\":[{\"@type\":\"SearchAction\",\"target\":{\"@type\":\"EntryPoint\",\"urlTemplate\":\"https:\\\/\\\/www.bellunopress.it\\\/?s={search_term_string}\"},\"query-input\":{\"@type\":\"PropertyValueSpecification\",\"valueRequired\":true,\"valueName\":\"search_term_string\"}}],\"inLanguage\":\"fr-FR\"},{\"@type\":\"Organization\",\"@id\":\"https:\\\/\\\/www.bellunopress.it\\\/#organization\",\"name\":\"Bellunopress\",\"url\":\"https:\\\/\\\/www.bellunopress.it\\\/\",\"logo\":{\"@type\":\"ImageObject\",\"inLanguage\":\"fr-FR\",\"@id\":\"https:\\\/\\\/www.bellunopress.it\\\/#\\\/schema\\\/logo\\\/image\\\/\",\"url\":\"https:\\\/\\\/www.bellunopress.it\\\/wp-content\\\/uploads\\\/2011\\\/05\\\/cropped-logo-bellunopress-.jpg\",\"contentUrl\":\"https:\\\/\\\/www.bellunopress.it\\\/wp-content\\\/uploads\\\/2011\\\/05\\\/cropped-logo-bellunopress-.jpg\",\"width\":512,\"height\":512,\"caption\":\"Bellunopress\"},\"image\":{\"@id\":\"https:\\\/\\\/www.bellunopress.it\\\/#\\\/schema\\\/logo\\\/image\\\/\"},\"sameAs\":[\"https:\\\/\\\/www.facebook.com\\\/profile.php?id=100008943462799\",\"https:\\\/\\\/x.com\\\/bellunopress\",\"https:\\\/\\\/www.linkedin.com\\\/hp\\\/?dnr=JBzUWaJfMUw8vbXJJ2tVW5-I3jZKvC4wsoxE&amp;amp;amp;amp;amp;amp;trk=nav_responsive_tab_home\",\"https:\\\/\\\/www.youtube.com\\\/channel\\\/UCxL0wu1uN0_3_7hGG0306cw\"]},{\"@type\":\"Person\",\"@id\":\"https:\\\/\\\/www.bellunopress.it\\\/#\\\/schema\\\/person\\\/79bb06722b37ece1c03d3e94beb30d73\",\"name\":\"redazione\",\"image\":{\"@type\":\"ImageObject\",\"inLanguage\":\"fr-FR\",\"@id\":\"https:\\\/\\\/secure.gravatar.com\\\/avatar\\\/37d968a2e67a6fd04c169c4bdef102d0bc5d31b2546345219e348575eb80e9a0?s=96&d=mm&r=g\",\"url\":\"https:\\\/\\\/secure.gravatar.com\\\/avatar\\\/37d968a2e67a6fd04c169c4bdef102d0bc5d31b2546345219e348575eb80e9a0?s=96&d=mm&r=g\",\"contentUrl\":\"https:\\\/\\\/secure.gravatar.com\\\/avatar\\\/37d968a2e67a6fd04c169c4bdef102d0bc5d31b2546345219e348575eb80e9a0?s=96&d=mm&r=g\",\"caption\":\"redazione\"},\"sameAs\":[\"http:\\\/\\\/www.bellunopress.it\",\"https:\\\/\\\/x.com\\\/bellunopress\"],\"url\":\"https:\\\/\\\/www.bellunopress.it\\\/fr\\\/author\\\/redazione\\\/\"}]}<\/script>\n<!-- \/ Yoast SEO plugin. -->","yoast_head_json":{"title":"Comune di Belluno: proroga per i concorsi di funzionario archivista e funzionario amministrativo - Bellunopress - Dolomiti","robots":{"index":"index","follow":"follow","max-snippet":"max-snippet:-1","max-image-preview":"max-image-preview:large","max-video-preview":"max-video-preview:-1"},"canonical":"https:\/\/www.bellunopress.it\/fr\/2026\/01\/15\/comune-di-belluno-proroga-per-i-concorsi-di-funzionario-archivista-e-funzionario-amministrativo\/","og_locale":"fr_FR","og_type":"article","og_title":"Comune di Belluno: proroga per i concorsi di funzionario archivista e funzionario amministrativo - Bellunopress - Dolomiti","og_description":"L&#8217;Unione Montana Feltrina, per conto del Comune di Belluno, ha disposto la proroga dei termini per la presentazione delle domande di partecipazione a due importanti procedure concorsuali pubblicate originariamente sul portale inPA lo scorso 17 dicembre 2025. La decisione, formalizzata con le determinazioni dirigenziali del 14 gennaio 2026, mira a garantire una pi\u00f9 ampia partecipazione [&hellip;]","og_url":"https:\/\/www.bellunopress.it\/fr\/2026\/01\/15\/comune-di-belluno-proroga-per-i-concorsi-di-funzionario-archivista-e-funzionario-amministrativo\/","og_site_name":"Bellunopress - Dolomiti","article_publisher":"https:\/\/www.facebook.com\/profile.php?id=100008943462799","article_published_time":"2026-01-15T10:30:13+00:00","og_image":[{"width":1000,"height":500,"url":"https:\/\/www.bellunopress.it\/wp-content\/uploads\/2021\/02\/Labito-fa-il-monaco-in-un-colloquio-di-lavoro-cosa-fa-la-differenza.jpg","type":"image\/jpeg"}],"author":"redazione","twitter_card":"summary_large_image","twitter_creator":"@bellunopress","twitter_site":"@bellunopress","twitter_misc":{"\u00c9crit par":"redazione","Dur\u00e9e de lecture estim\u00e9e":"1 minute"},"schema":{"@context":"https:\/\/schema.org","@graph":[{"@type":"Article","@id":"https:\/\/www.bellunopress.it\/2026\/01\/15\/comune-di-belluno-proroga-per-i-concorsi-di-funzionario-archivista-e-funzionario-amministrativo\/#article","isPartOf":{"@id":"https:\/\/www.bellunopress.it\/2026\/01\/15\/comune-di-belluno-proroga-per-i-concorsi-di-funzionario-archivista-e-funzionario-amministrativo\/"},"author":{"name":"redazione","@id":"https:\/\/www.bellunopress.it\/#\/schema\/person\/79bb06722b37ece1c03d3e94beb30d73"},"headline":"Comune di Belluno: proroga per i concorsi di funzionario archivista e funzionario amministrativo","datePublished":"2026-01-15T10:30:13+00:00","mainEntityOfPage":{"@id":"https:\/\/www.bellunopress.it\/2026\/01\/15\/comune-di-belluno-proroga-per-i-concorsi-di-funzionario-archivista-e-funzionario-amministrativo\/"},"wordCount":215,"publisher":{"@id":"https:\/\/www.bellunopress.it\/#organization"},"image":{"@id":"https:\/\/www.bellunopress.it\/2026\/01\/15\/comune-di-belluno-proroga-per-i-concorsi-di-funzionario-archivista-e-funzionario-amministrativo\/#primaryimage"},"thumbnailUrl":"https:\/\/www.bellunopress.it\/wp-content\/uploads\/2021\/02\/Labito-fa-il-monaco-in-un-colloquio-di-lavoro-cosa-fa-la-differenza.jpg","articleSection":["Lavoro, Economia, Turismo"],"inLanguage":"fr-FR"},{"@type":"WebPage","@id":"https:\/\/www.bellunopress.it\/2026\/01\/15\/comune-di-belluno-proroga-per-i-concorsi-di-funzionario-archivista-e-funzionario-amministrativo\/","url":"https:\/\/www.bellunopress.it\/2026\/01\/15\/comune-di-belluno-proroga-per-i-concorsi-di-funzionario-archivista-e-funzionario-amministrativo\/","name":"Comune di Belluno: proroga per i concorsi di funzionario archivista e funzionario amministrativo - Bellunopress - Dolomiti","isPartOf":{"@id":"https:\/\/www.bellunopress.it\/#website"},"primaryImageOfPage":{"@id":"https:\/\/www.bellunopress.it\/2026\/01\/15\/comune-di-belluno-proroga-per-i-concorsi-di-funzionario-archivista-e-funzionario-amministrativo\/#primaryimage"},"image":{"@id":"https:\/\/www.bellunopress.it\/2026\/01\/15\/comune-di-belluno-proroga-per-i-concorsi-di-funzionario-archivista-e-funzionario-amministrativo\/#primaryimage"},"thumbnailUrl":"https:\/\/www.bellunopress.it\/wp-content\/uploads\/2021\/02\/Labito-fa-il-monaco-in-un-colloquio-di-lavoro-cosa-fa-la-differenza.jpg","datePublished":"2026-01-15T10:30:13+00:00","breadcrumb":{"@id":"https:\/\/www.bellunopress.it\/2026\/01\/15\/comune-di-belluno-proroga-per-i-concorsi-di-funzionario-archivista-e-funzionario-amministrativo\/#breadcrumb"},"inLanguage":"fr-FR","potentialAction":[{"@type":"ReadAction","target":["https:\/\/www.bellunopress.it\/2026\/01\/15\/comune-di-belluno-proroga-per-i-concorsi-di-funzionario-archivista-e-funzionario-amministrativo\/"]}]},{"@type":"ImageObject","inLanguage":"fr-FR","@id":"https:\/\/www.bellunopress.it\/2026\/01\/15\/comune-di-belluno-proroga-per-i-concorsi-di-funzionario-archivista-e-funzionario-amministrativo\/#primaryimage","url":"https:\/\/www.bellunopress.it\/wp-content\/uploads\/2021\/02\/Labito-fa-il-monaco-in-un-colloquio-di-lavoro-cosa-fa-la-differenza.jpg","contentUrl":"https:\/\/www.bellunopress.it\/wp-content\/uploads\/2021\/02\/Labito-fa-il-monaco-in-un-colloquio-di-lavoro-cosa-fa-la-differenza.jpg","width":1000,"height":500},{"@type":"BreadcrumbList","@id":"https:\/\/www.bellunopress.it\/2026\/01\/15\/comune-di-belluno-proroga-per-i-concorsi-di-funzionario-archivista-e-funzionario-amministrativo\/#breadcrumb","itemListElement":[{"@type":"ListItem","position":1,"name":"Home","item":"https:\/\/www.bellunopress.it\/"},{"@type":"ListItem","position":2,"name":"Comune di Belluno: proroga per i concorsi di funzionario archivista e funzionario amministrativo"}]},{"@type":"WebSite","@id":"https:\/\/www.bellunopress.it\/#website","url":"https:\/\/www.bellunopress.it\/","name":"Bellunopress - Dolomiti","description":"e-mail: redazione@bellunopress.it","publisher":{"@id":"https:\/\/www.bellunopress.it\/#organization"},"potentialAction":[{"@type":"SearchAction","target":{"@type":"EntryPoint","urlTemplate":"https:\/\/www.bellunopress.it\/?s={search_term_string}"},"query-input":{"@type":"PropertyValueSpecification","valueRequired":true,"valueName":"search_term_string"}}],"inLanguage":"fr-FR"},{"@type":"Organization","@id":"https:\/\/www.bellunopress.it\/#organization","name":"Bellunopress","url":"https:\/\/www.bellunopress.it\/","logo":{"@type":"ImageObject","inLanguage":"fr-FR","@id":"https:\/\/www.bellunopress.it\/#\/schema\/logo\/image\/","url":"https:\/\/www.bellunopress.it\/wp-content\/uploads\/2011\/05\/cropped-logo-bellunopress-.jpg","contentUrl":"https:\/\/www.bellunopress.it\/wp-content\/uploads\/2011\/05\/cropped-logo-bellunopress-.jpg","width":512,"height":512,"caption":"Bellunopress"},"image":{"@id":"https:\/\/www.bellunopress.it\/#\/schema\/logo\/image\/"},"sameAs":["https:\/\/www.facebook.com\/profile.php?id=100008943462799","https:\/\/x.com\/bellunopress","https:\/\/www.linkedin.com\/hp\/?dnr=JBzUWaJfMUw8vbXJJ2tVW5-I3jZKvC4wsoxE&amp;amp;amp;amp;amp;amp;trk=nav_responsive_tab_home","https:\/\/www.youtube.com\/channel\/UCxL0wu1uN0_3_7hGG0306cw"]},{"@type":"Person","@id":"https:\/\/www.bellunopress.it\/#\/schema\/person\/79bb06722b37ece1c03d3e94beb30d73","name":"r\u00e9daction","image":{"@type":"ImageObject","inLanguage":"fr-FR","@id":"https:\/\/secure.gravatar.com\/avatar\/37d968a2e67a6fd04c169c4bdef102d0bc5d31b2546345219e348575eb80e9a0?s=96&d=mm&r=g","url":"https:\/\/secure.gravatar.com\/avatar\/37d968a2e67a6fd04c169c4bdef102d0bc5d31b2546345219e348575eb80e9a0?s=96&d=mm&r=g","contentUrl":"https:\/\/secure.gravatar.com\/avatar\/37d968a2e67a6fd04c169c4bdef102d0bc5d31b2546345219e348575eb80e9a0?s=96&d=mm&r=g","caption":"redazione"},"sameAs":["http:\/\/www.bellunopress.it","https:\/\/x.com\/bellunopress"],"url":"https:\/\/www.bellunopress.it\/fr\/author\/redazione\/"}]}},"_links":{"self":[{"href":"https:\/\/www.bellunopress.it\/fr\/wp-json\/wp\/v2\/posts\/166477","targetHints":{"allow":["GET"]}}],"collection":[{"href":"https:\/\/www.bellunopress.it\/fr\/wp-json\/wp\/v2\/posts"}],"about":[{"href":"https:\/\/www.bellunopress.it\/fr\/wp-json\/wp\/v2\/types\/post"}],"author":[{"embeddable":true,"href":"https:\/\/www.bellunopress.it\/fr\/wp-json\/wp\/v2\/users\/2"}],"replies":[{"embeddable":true,"href":"https:\/\/www.bellunopress.it\/fr\/wp-json\/wp\/v2\/comments?post=166477"}],"version-history":[{"count":1,"href":"https:\/\/www.bellunopress.it\/fr\/wp-json\/wp\/v2\/posts\/166477\/revisions"}],"predecessor-version":[{"id":166478,"href":"https:\/\/www.bellunopress.it\/fr\/wp-json\/wp\/v2\/posts\/166477\/revisions\/166478"}],"wp:featuredmedia":[{"embeddable":true,"href":"https:\/\/www.bellunopress.it\/fr\/wp-json\/wp\/v2\/media\/121387"}],"wp:attachment":[{"href":"https:\/\/www.bellunopress.it\/fr\/wp-json\/wp\/v2\/media?parent=166477"}],"wp:term":[{"taxonomy":"category","embeddable":true,"href":"https:\/\/www.bellunopress.it\/fr\/wp-json\/wp\/v2\/categories?post=166477"},{"taxonomy":"post_tag","embeddable":true,"href":"https:\/\/www.bellunopress.it\/fr\/wp-json\/wp\/v2\/tags?post=166477"}],"curies":[{"name":"wp","href":"https:\/\/api.w.org\/{rel}","templated":true}]}}