{"id":166470,"date":"2026-01-15T09:31:47","date_gmt":"2026-01-15T08:31:47","guid":{"rendered":"https:\/\/www.bellunopress.it\/?p=166470"},"modified":"2026-01-15T09:31:47","modified_gmt":"2026-01-15T08:31:47","slug":"la-sicurezza-alimentare-nei-primi-1000-giorni-di-vita-venerdi-la-conferenza-allospedale-san-martino-di-belluno","status":"publish","type":"post","link":"https:\/\/www.bellunopress.it\/fr\/2026\/01\/15\/la-sicurezza-alimentare-nei-primi-1000-giorni-di-vita-venerdi-la-conferenza-allospedale-san-martino-di-belluno\/","title":{"rendered":"La sicurezza alimentare nei primi 1000 giorni di vita. Venerd\u00ec la conferenza all&#8217;Ospedale San Martino di Belluno"},"content":{"rendered":"<figure id=\"attachment_112649\" aria-describedby=\"caption-attachment-112649\" style=\"width: 900px\" class=\"wp-caption aligncenter\"><img loading=\"lazy\" decoding=\"async\" class=\"size-full wp-image-112649\" src=\"https:\/\/www.bellunopress.it\/wp-content\/uploads\/2020\/03\/ospedale-pronto-soccorso.jpg\" alt=\"\" width=\"900\" height=\"707\" srcset=\"https:\/\/www.bellunopress.it\/wp-content\/uploads\/2020\/03\/ospedale-pronto-soccorso.jpg 900w, https:\/\/www.bellunopress.it\/wp-content\/uploads\/2020\/03\/ospedale-pronto-soccorso-500x393.jpg 500w, https:\/\/www.bellunopress.it\/wp-content\/uploads\/2020\/03\/ospedale-pronto-soccorso-696x547.jpg 696w, https:\/\/www.bellunopress.it\/wp-content\/uploads\/2020\/03\/ospedale-pronto-soccorso-535x420.jpg 535w\" sizes=\"auto, (max-width: 900px) 100vw, 900px\" \/><figcaption id=\"caption-attachment-112649\" class=\"wp-caption-text\">Ospedale &#8220;San Martino&#8221; di Belluno<\/figcaption><\/figure>\n<p>Dopo l\u2019appuntamento del mese scorso a Feltre, l\u2019Ulss Dolomiti promuove un secondo incontro dal titolo \u201cLa sicurezza alimentare nei primi 1000 giorni di vita\u201d che si terr\u00e0 venerd\u00ec 16 gennaio 2026 dalle 10.00 alle 11.30 nella sala convegni dell\u2019ospedale di Belluno.<\/p>\n<p>L\u2019incontro, a cura di Andrea Gazzetta \u2013 Medico Veterinario del Servizio Veterinario di Igiene Alimenti di Origine Animale e loro Derivati dell\u2019Ulss Dolomiti, esperto in igiene e sicurezza alimentare e Presidente dell\u2019Ordine dei Medici Veterinari di Belluno, in collaborazione con le ostetriche del consultorio familiare di Belluno, sar\u00e0 dedicato in particolare a donne in gravidanza, neogenitori e nonni, unendo temi specifici di igiene degli alimenti, alla cura e alla sensibilit\u00e0 dell&#8217;accompagnamento alla nascita.<\/p>\n<p>La sicurezza alimentare inizia a casa. L\u2019appuntamento, secondo un approccio One Health, tratter\u00e0 il tema della sicurezza alimentare domestica nei primi mille giorni di vita, momento fondamentale che pone le basi della salute della persona. Nello specifico, si parler\u00e0 dei consigli pratici su come gestire il cibo tra le mura domestiche in gravidanza e durante lo svezzamento e come prevenire i rischi domestici per vivere serenamente la genitorialit\u00e0.<\/p>\n<p>Per iscrizioni \u00e8 possibile scrivere a: consultoriofamiliare.bl.ostetriche@aulss1.veneto.it<\/p>\n<p>&nbsp;<\/p>","protected":false},"excerpt":{"rendered":"<p>Dopo l\u2019appuntamento del mese scorso a Feltre, l\u2019Ulss Dolomiti promuove un secondo incontro dal titolo \u201cLa sicurezza alimentare nei primi 1000 giorni di vita\u201d che si terr\u00e0 venerd\u00ec 16 gennaio 2026 dalle 10.00 alle 11.30 nella sala convegni dell\u2019ospedale di Belluno. L\u2019incontro, a cura di Andrea Gazzetta \u2013 Medico Veterinario del Servizio Veterinario di Igiene [&hellip;]<\/p>\n","protected":false},"author":2,"featured_media":112649,"comment_status":"closed","ping_status":"open","sticky":false,"template":"","format":"standard","meta":{"footnotes":""},"categories":[26,17,8],"tags":[],"class_list":["post-166470","post","type-post","status-publish","format-standard","has-post-thumbnail","category-prima-pagina","category-sanita","category-societa-istituzioni"],"yoast_head":"<!-- This site is optimized with the Yoast SEO plugin v28.4 - https:\/\/yoast.com\/product\/yoast-seo-wordpress\/ -->\n<title>La sicurezza alimentare nei primi 1000 giorni di vita. Venerd\u00ec la conferenza all&#039;Ospedale San Martino di Belluno - Bellunopress - Dolomiti<\/title>\n<meta name=\"robots\" content=\"index, follow, max-snippet:-1, max-image-preview:large, max-video-preview:-1\" \/>\n<link rel=\"canonical\" href=\"https:\/\/www.bellunopress.it\/fr\/2026\/01\/15\/la-sicurezza-alimentare-nei-primi-1000-giorni-di-vita-venerdi-la-conferenza-allospedale-san-martino-di-belluno\/\" \/>\n<meta property=\"og:locale\" content=\"fr_FR\" \/>\n<meta property=\"og:type\" content=\"article\" \/>\n<meta property=\"og:title\" content=\"La sicurezza alimentare nei primi 1000 giorni di vita. Venerd\u00ec la conferenza all&#039;Ospedale San Martino di Belluno - Bellunopress - Dolomiti\" \/>\n<meta property=\"og:description\" content=\"Dopo l\u2019appuntamento del mese scorso a Feltre, l\u2019Ulss Dolomiti promuove un secondo incontro dal titolo \u201cLa sicurezza alimentare nei primi 1000 giorni di vita\u201d che si terr\u00e0 venerd\u00ec 16 gennaio 2026 dalle 10.00 alle 11.30 nella sala convegni dell\u2019ospedale di Belluno. L\u2019incontro, a cura di Andrea Gazzetta \u2013 Medico Veterinario del Servizio Veterinario di Igiene [&hellip;]\" \/>\n<meta property=\"og:url\" content=\"https:\/\/www.bellunopress.it\/fr\/2026\/01\/15\/la-sicurezza-alimentare-nei-primi-1000-giorni-di-vita-venerdi-la-conferenza-allospedale-san-martino-di-belluno\/\" \/>\n<meta property=\"og:site_name\" content=\"Bellunopress - Dolomiti\" \/>\n<meta property=\"article:publisher\" content=\"https:\/\/www.facebook.com\/profile.php?id=100008943462799\" \/>\n<meta property=\"article:published_time\" content=\"2026-01-15T08:31:47+00:00\" \/>\n<meta property=\"og:image\" content=\"https:\/\/www.bellunopress.it\/wp-content\/uploads\/2020\/03\/ospedale-pronto-soccorso.jpg\" \/>\n\t<meta property=\"og:image:width\" content=\"900\" \/>\n\t<meta property=\"og:image:height\" content=\"707\" \/>\n\t<meta property=\"og:image:type\" content=\"image\/jpeg\" \/>\n<meta name=\"author\" content=\"redazione\" \/>\n<meta name=\"twitter:card\" content=\"summary_large_image\" \/>\n<meta name=\"twitter:creator\" content=\"@bellunopress\" \/>\n<meta name=\"twitter:site\" content=\"@bellunopress\" \/>\n<meta name=\"twitter:label1\" content=\"\u00c9crit par\" \/>\n\t<meta name=\"twitter:data1\" content=\"redazione\" \/>\n\t<meta name=\"twitter:label2\" content=\"Dur\u00e9e de lecture estim\u00e9e\" \/>\n\t<meta name=\"twitter:data2\" content=\"1 minute\" \/>\n<script type=\"application\/ld+json\" class=\"yoast-schema-graph\">{\"@context\":\"https:\\\/\\\/schema.org\",\"@graph\":[{\"@type\":\"Article\",\"@id\":\"https:\\\/\\\/www.bellunopress.it\\\/2026\\\/01\\\/15\\\/la-sicurezza-alimentare-nei-primi-1000-giorni-di-vita-venerdi-la-conferenza-allospedale-san-martino-di-belluno\\\/#article\",\"isPartOf\":{\"@id\":\"https:\\\/\\\/www.bellunopress.it\\\/2026\\\/01\\\/15\\\/la-sicurezza-alimentare-nei-primi-1000-giorni-di-vita-venerdi-la-conferenza-allospedale-san-martino-di-belluno\\\/\"},\"author\":{\"name\":\"redazione\",\"@id\":\"https:\\\/\\\/www.bellunopress.it\\\/#\\\/schema\\\/person\\\/79bb06722b37ece1c03d3e94beb30d73\"},\"headline\":\"La sicurezza alimentare nei primi 1000 giorni di vita. Venerd\u00ec la conferenza all&#8217;Ospedale San Martino di Belluno\",\"datePublished\":\"2026-01-15T08:31:47+00:00\",\"mainEntityOfPage\":{\"@id\":\"https:\\\/\\\/www.bellunopress.it\\\/2026\\\/01\\\/15\\\/la-sicurezza-alimentare-nei-primi-1000-giorni-di-vita-venerdi-la-conferenza-allospedale-san-martino-di-belluno\\\/\"},\"wordCount\":225,\"publisher\":{\"@id\":\"https:\\\/\\\/www.bellunopress.it\\\/#organization\"},\"image\":{\"@id\":\"https:\\\/\\\/www.bellunopress.it\\\/2026\\\/01\\\/15\\\/la-sicurezza-alimentare-nei-primi-1000-giorni-di-vita-venerdi-la-conferenza-allospedale-san-martino-di-belluno\\\/#primaryimage\"},\"thumbnailUrl\":\"https:\\\/\\\/www.bellunopress.it\\\/wp-content\\\/uploads\\\/2020\\\/03\\\/ospedale-pronto-soccorso.jpg\",\"articleSection\":[\"Prima Pagina\",\"Sanit\u00e0 Medicina\",\"Societ\u00e0, Associazioni, Istituzioni\"],\"inLanguage\":\"fr-FR\"},{\"@type\":\"WebPage\",\"@id\":\"https:\\\/\\\/www.bellunopress.it\\\/2026\\\/01\\\/15\\\/la-sicurezza-alimentare-nei-primi-1000-giorni-di-vita-venerdi-la-conferenza-allospedale-san-martino-di-belluno\\\/\",\"url\":\"https:\\\/\\\/www.bellunopress.it\\\/2026\\\/01\\\/15\\\/la-sicurezza-alimentare-nei-primi-1000-giorni-di-vita-venerdi-la-conferenza-allospedale-san-martino-di-belluno\\\/\",\"name\":\"La sicurezza alimentare nei primi 1000 giorni di vita. Venerd\u00ec la conferenza all'Ospedale San Martino di Belluno - Bellunopress - Dolomiti\",\"isPartOf\":{\"@id\":\"https:\\\/\\\/www.bellunopress.it\\\/#website\"},\"primaryImageOfPage\":{\"@id\":\"https:\\\/\\\/www.bellunopress.it\\\/2026\\\/01\\\/15\\\/la-sicurezza-alimentare-nei-primi-1000-giorni-di-vita-venerdi-la-conferenza-allospedale-san-martino-di-belluno\\\/#primaryimage\"},\"image\":{\"@id\":\"https:\\\/\\\/www.bellunopress.it\\\/2026\\\/01\\\/15\\\/la-sicurezza-alimentare-nei-primi-1000-giorni-di-vita-venerdi-la-conferenza-allospedale-san-martino-di-belluno\\\/#primaryimage\"},\"thumbnailUrl\":\"https:\\\/\\\/www.bellunopress.it\\\/wp-content\\\/uploads\\\/2020\\\/03\\\/ospedale-pronto-soccorso.jpg\",\"datePublished\":\"2026-01-15T08:31:47+00:00\",\"breadcrumb\":{\"@id\":\"https:\\\/\\\/www.bellunopress.it\\\/2026\\\/01\\\/15\\\/la-sicurezza-alimentare-nei-primi-1000-giorni-di-vita-venerdi-la-conferenza-allospedale-san-martino-di-belluno\\\/#breadcrumb\"},\"inLanguage\":\"fr-FR\",\"potentialAction\":[{\"@type\":\"ReadAction\",\"target\":[\"https:\\\/\\\/www.bellunopress.it\\\/2026\\\/01\\\/15\\\/la-sicurezza-alimentare-nei-primi-1000-giorni-di-vita-venerdi-la-conferenza-allospedale-san-martino-di-belluno\\\/\"]}]},{\"@type\":\"ImageObject\",\"inLanguage\":\"fr-FR\",\"@id\":\"https:\\\/\\\/www.bellunopress.it\\\/2026\\\/01\\\/15\\\/la-sicurezza-alimentare-nei-primi-1000-giorni-di-vita-venerdi-la-conferenza-allospedale-san-martino-di-belluno\\\/#primaryimage\",\"url\":\"https:\\\/\\\/www.bellunopress.it\\\/wp-content\\\/uploads\\\/2020\\\/03\\\/ospedale-pronto-soccorso.jpg\",\"contentUrl\":\"https:\\\/\\\/www.bellunopress.it\\\/wp-content\\\/uploads\\\/2020\\\/03\\\/ospedale-pronto-soccorso.jpg\",\"width\":900,\"height\":707,\"caption\":\"Ospedale \\\"San Martino\\\" di Belluno\"},{\"@type\":\"BreadcrumbList\",\"@id\":\"https:\\\/\\\/www.bellunopress.it\\\/2026\\\/01\\\/15\\\/la-sicurezza-alimentare-nei-primi-1000-giorni-di-vita-venerdi-la-conferenza-allospedale-san-martino-di-belluno\\\/#breadcrumb\",\"itemListElement\":[{\"@type\":\"ListItem\",\"position\":1,\"name\":\"Home\",\"item\":\"https:\\\/\\\/www.bellunopress.it\\\/\"},{\"@type\":\"ListItem\",\"position\":2,\"name\":\"La sicurezza alimentare nei primi 1000 giorni di vita. Venerd\u00ec la conferenza all&#8217;Ospedale San Martino di Belluno\"}]},{\"@type\":\"WebSite\",\"@id\":\"https:\\\/\\\/www.bellunopress.it\\\/#website\",\"url\":\"https:\\\/\\\/www.bellunopress.it\\\/\",\"name\":\"Bellunopress - Dolomiti\",\"description\":\"e-mail: redazione@bellunopress.it\",\"publisher\":{\"@id\":\"https:\\\/\\\/www.bellunopress.it\\\/#organization\"},\"potentialAction\":[{\"@type\":\"SearchAction\",\"target\":{\"@type\":\"EntryPoint\",\"urlTemplate\":\"https:\\\/\\\/www.bellunopress.it\\\/?s={search_term_string}\"},\"query-input\":{\"@type\":\"PropertyValueSpecification\",\"valueRequired\":true,\"valueName\":\"search_term_string\"}}],\"inLanguage\":\"fr-FR\"},{\"@type\":\"Organization\",\"@id\":\"https:\\\/\\\/www.bellunopress.it\\\/#organization\",\"name\":\"Bellunopress\",\"url\":\"https:\\\/\\\/www.bellunopress.it\\\/\",\"logo\":{\"@type\":\"ImageObject\",\"inLanguage\":\"fr-FR\",\"@id\":\"https:\\\/\\\/www.bellunopress.it\\\/#\\\/schema\\\/logo\\\/image\\\/\",\"url\":\"https:\\\/\\\/www.bellunopress.it\\\/wp-content\\\/uploads\\\/2011\\\/05\\\/cropped-logo-bellunopress-.jpg\",\"contentUrl\":\"https:\\\/\\\/www.bellunopress.it\\\/wp-content\\\/uploads\\\/2011\\\/05\\\/cropped-logo-bellunopress-.jpg\",\"width\":512,\"height\":512,\"caption\":\"Bellunopress\"},\"image\":{\"@id\":\"https:\\\/\\\/www.bellunopress.it\\\/#\\\/schema\\\/logo\\\/image\\\/\"},\"sameAs\":[\"https:\\\/\\\/www.facebook.com\\\/profile.php?id=100008943462799\",\"https:\\\/\\\/x.com\\\/bellunopress\",\"https:\\\/\\\/www.linkedin.com\\\/hp\\\/?dnr=JBzUWaJfMUw8vbXJJ2tVW5-I3jZKvC4wsoxE&amp;amp;amp;amp;amp;amp;trk=nav_responsive_tab_home\",\"https:\\\/\\\/www.youtube.com\\\/channel\\\/UCxL0wu1uN0_3_7hGG0306cw\"]},{\"@type\":\"Person\",\"@id\":\"https:\\\/\\\/www.bellunopress.it\\\/#\\\/schema\\\/person\\\/79bb06722b37ece1c03d3e94beb30d73\",\"name\":\"redazione\",\"image\":{\"@type\":\"ImageObject\",\"inLanguage\":\"fr-FR\",\"@id\":\"https:\\\/\\\/secure.gravatar.com\\\/avatar\\\/37d968a2e67a6fd04c169c4bdef102d0bc5d31b2546345219e348575eb80e9a0?s=96&d=mm&r=g\",\"url\":\"https:\\\/\\\/secure.gravatar.com\\\/avatar\\\/37d968a2e67a6fd04c169c4bdef102d0bc5d31b2546345219e348575eb80e9a0?s=96&d=mm&r=g\",\"contentUrl\":\"https:\\\/\\\/secure.gravatar.com\\\/avatar\\\/37d968a2e67a6fd04c169c4bdef102d0bc5d31b2546345219e348575eb80e9a0?s=96&d=mm&r=g\",\"caption\":\"redazione\"},\"sameAs\":[\"http:\\\/\\\/www.bellunopress.it\",\"https:\\\/\\\/x.com\\\/bellunopress\"],\"url\":\"https:\\\/\\\/www.bellunopress.it\\\/fr\\\/author\\\/redazione\\\/\"}]}<\/script>\n<!-- \/ Yoast SEO plugin. -->","yoast_head_json":{"title":"La sicurezza alimentare nei primi 1000 giorni di vita. Venerd\u00ec la conferenza all'Ospedale San Martino di Belluno - Bellunopress - Dolomiti","robots":{"index":"index","follow":"follow","max-snippet":"max-snippet:-1","max-image-preview":"max-image-preview:large","max-video-preview":"max-video-preview:-1"},"canonical":"https:\/\/www.bellunopress.it\/fr\/2026\/01\/15\/la-sicurezza-alimentare-nei-primi-1000-giorni-di-vita-venerdi-la-conferenza-allospedale-san-martino-di-belluno\/","og_locale":"fr_FR","og_type":"article","og_title":"La sicurezza alimentare nei primi 1000 giorni di vita. Venerd\u00ec la conferenza all'Ospedale San Martino di Belluno - Bellunopress - Dolomiti","og_description":"Dopo l\u2019appuntamento del mese scorso a Feltre, l\u2019Ulss Dolomiti promuove un secondo incontro dal titolo \u201cLa sicurezza alimentare nei primi 1000 giorni di vita\u201d che si terr\u00e0 venerd\u00ec 16 gennaio 2026 dalle 10.00 alle 11.30 nella sala convegni dell\u2019ospedale di Belluno. L\u2019incontro, a cura di Andrea Gazzetta \u2013 Medico Veterinario del Servizio Veterinario di Igiene [&hellip;]","og_url":"https:\/\/www.bellunopress.it\/fr\/2026\/01\/15\/la-sicurezza-alimentare-nei-primi-1000-giorni-di-vita-venerdi-la-conferenza-allospedale-san-martino-di-belluno\/","og_site_name":"Bellunopress - Dolomiti","article_publisher":"https:\/\/www.facebook.com\/profile.php?id=100008943462799","article_published_time":"2026-01-15T08:31:47+00:00","og_image":[{"width":900,"height":707,"url":"https:\/\/www.bellunopress.it\/wp-content\/uploads\/2020\/03\/ospedale-pronto-soccorso.jpg","type":"image\/jpeg"}],"author":"redazione","twitter_card":"summary_large_image","twitter_creator":"@bellunopress","twitter_site":"@bellunopress","twitter_misc":{"\u00c9crit par":"redazione","Dur\u00e9e de lecture estim\u00e9e":"1 minute"},"schema":{"@context":"https:\/\/schema.org","@graph":[{"@type":"Article","@id":"https:\/\/www.bellunopress.it\/2026\/01\/15\/la-sicurezza-alimentare-nei-primi-1000-giorni-di-vita-venerdi-la-conferenza-allospedale-san-martino-di-belluno\/#article","isPartOf":{"@id":"https:\/\/www.bellunopress.it\/2026\/01\/15\/la-sicurezza-alimentare-nei-primi-1000-giorni-di-vita-venerdi-la-conferenza-allospedale-san-martino-di-belluno\/"},"author":{"name":"redazione","@id":"https:\/\/www.bellunopress.it\/#\/schema\/person\/79bb06722b37ece1c03d3e94beb30d73"},"headline":"La sicurezza alimentare nei primi 1000 giorni di vita. Venerd\u00ec la conferenza all&#8217;Ospedale San Martino di Belluno","datePublished":"2026-01-15T08:31:47+00:00","mainEntityOfPage":{"@id":"https:\/\/www.bellunopress.it\/2026\/01\/15\/la-sicurezza-alimentare-nei-primi-1000-giorni-di-vita-venerdi-la-conferenza-allospedale-san-martino-di-belluno\/"},"wordCount":225,"publisher":{"@id":"https:\/\/www.bellunopress.it\/#organization"},"image":{"@id":"https:\/\/www.bellunopress.it\/2026\/01\/15\/la-sicurezza-alimentare-nei-primi-1000-giorni-di-vita-venerdi-la-conferenza-allospedale-san-martino-di-belluno\/#primaryimage"},"thumbnailUrl":"https:\/\/www.bellunopress.it\/wp-content\/uploads\/2020\/03\/ospedale-pronto-soccorso.jpg","articleSection":["Prima Pagina","Sanit\u00e0 Medicina","Societ\u00e0, Associazioni, Istituzioni"],"inLanguage":"fr-FR"},{"@type":"WebPage","@id":"https:\/\/www.bellunopress.it\/2026\/01\/15\/la-sicurezza-alimentare-nei-primi-1000-giorni-di-vita-venerdi-la-conferenza-allospedale-san-martino-di-belluno\/","url":"https:\/\/www.bellunopress.it\/2026\/01\/15\/la-sicurezza-alimentare-nei-primi-1000-giorni-di-vita-venerdi-la-conferenza-allospedale-san-martino-di-belluno\/","name":"La sicurezza alimentare nei primi 1000 giorni di vita. Venerd\u00ec la conferenza all'Ospedale San Martino di Belluno - Bellunopress - Dolomiti","isPartOf":{"@id":"https:\/\/www.bellunopress.it\/#website"},"primaryImageOfPage":{"@id":"https:\/\/www.bellunopress.it\/2026\/01\/15\/la-sicurezza-alimentare-nei-primi-1000-giorni-di-vita-venerdi-la-conferenza-allospedale-san-martino-di-belluno\/#primaryimage"},"image":{"@id":"https:\/\/www.bellunopress.it\/2026\/01\/15\/la-sicurezza-alimentare-nei-primi-1000-giorni-di-vita-venerdi-la-conferenza-allospedale-san-martino-di-belluno\/#primaryimage"},"thumbnailUrl":"https:\/\/www.bellunopress.it\/wp-content\/uploads\/2020\/03\/ospedale-pronto-soccorso.jpg","datePublished":"2026-01-15T08:31:47+00:00","breadcrumb":{"@id":"https:\/\/www.bellunopress.it\/2026\/01\/15\/la-sicurezza-alimentare-nei-primi-1000-giorni-di-vita-venerdi-la-conferenza-allospedale-san-martino-di-belluno\/#breadcrumb"},"inLanguage":"fr-FR","potentialAction":[{"@type":"ReadAction","target":["https:\/\/www.bellunopress.it\/2026\/01\/15\/la-sicurezza-alimentare-nei-primi-1000-giorni-di-vita-venerdi-la-conferenza-allospedale-san-martino-di-belluno\/"]}]},{"@type":"ImageObject","inLanguage":"fr-FR","@id":"https:\/\/www.bellunopress.it\/2026\/01\/15\/la-sicurezza-alimentare-nei-primi-1000-giorni-di-vita-venerdi-la-conferenza-allospedale-san-martino-di-belluno\/#primaryimage","url":"https:\/\/www.bellunopress.it\/wp-content\/uploads\/2020\/03\/ospedale-pronto-soccorso.jpg","contentUrl":"https:\/\/www.bellunopress.it\/wp-content\/uploads\/2020\/03\/ospedale-pronto-soccorso.jpg","width":900,"height":707,"caption":"Ospedale \"San Martino\" di Belluno"},{"@type":"BreadcrumbList","@id":"https:\/\/www.bellunopress.it\/2026\/01\/15\/la-sicurezza-alimentare-nei-primi-1000-giorni-di-vita-venerdi-la-conferenza-allospedale-san-martino-di-belluno\/#breadcrumb","itemListElement":[{"@type":"ListItem","position":1,"name":"Home","item":"https:\/\/www.bellunopress.it\/"},{"@type":"ListItem","position":2,"name":"La sicurezza alimentare nei primi 1000 giorni di vita. Venerd\u00ec la conferenza all&#8217;Ospedale San Martino di Belluno"}]},{"@type":"WebSite","@id":"https:\/\/www.bellunopress.it\/#website","url":"https:\/\/www.bellunopress.it\/","name":"Bellunopress - Dolomiti","description":"e-mail: redazione@bellunopress.it","publisher":{"@id":"https:\/\/www.bellunopress.it\/#organization"},"potentialAction":[{"@type":"SearchAction","target":{"@type":"EntryPoint","urlTemplate":"https:\/\/www.bellunopress.it\/?s={search_term_string}"},"query-input":{"@type":"PropertyValueSpecification","valueRequired":true,"valueName":"search_term_string"}}],"inLanguage":"fr-FR"},{"@type":"Organization","@id":"https:\/\/www.bellunopress.it\/#organization","name":"Bellunopress","url":"https:\/\/www.bellunopress.it\/","logo":{"@type":"ImageObject","inLanguage":"fr-FR","@id":"https:\/\/www.bellunopress.it\/#\/schema\/logo\/image\/","url":"https:\/\/www.bellunopress.it\/wp-content\/uploads\/2011\/05\/cropped-logo-bellunopress-.jpg","contentUrl":"https:\/\/www.bellunopress.it\/wp-content\/uploads\/2011\/05\/cropped-logo-bellunopress-.jpg","width":512,"height":512,"caption":"Bellunopress"},"image":{"@id":"https:\/\/www.bellunopress.it\/#\/schema\/logo\/image\/"},"sameAs":["https:\/\/www.facebook.com\/profile.php?id=100008943462799","https:\/\/x.com\/bellunopress","https:\/\/www.linkedin.com\/hp\/?dnr=JBzUWaJfMUw8vbXJJ2tVW5-I3jZKvC4wsoxE&amp;amp;amp;amp;amp;amp;trk=nav_responsive_tab_home","https:\/\/www.youtube.com\/channel\/UCxL0wu1uN0_3_7hGG0306cw"]},{"@type":"Person","@id":"https:\/\/www.bellunopress.it\/#\/schema\/person\/79bb06722b37ece1c03d3e94beb30d73","name":"r\u00e9daction","image":{"@type":"ImageObject","inLanguage":"fr-FR","@id":"https:\/\/secure.gravatar.com\/avatar\/37d968a2e67a6fd04c169c4bdef102d0bc5d31b2546345219e348575eb80e9a0?s=96&d=mm&r=g","url":"https:\/\/secure.gravatar.com\/avatar\/37d968a2e67a6fd04c169c4bdef102d0bc5d31b2546345219e348575eb80e9a0?s=96&d=mm&r=g","contentUrl":"https:\/\/secure.gravatar.com\/avatar\/37d968a2e67a6fd04c169c4bdef102d0bc5d31b2546345219e348575eb80e9a0?s=96&d=mm&r=g","caption":"redazione"},"sameAs":["http:\/\/www.bellunopress.it","https:\/\/x.com\/bellunopress"],"url":"https:\/\/www.bellunopress.it\/fr\/author\/redazione\/"}]}},"_links":{"self":[{"href":"https:\/\/www.bellunopress.it\/fr\/wp-json\/wp\/v2\/posts\/166470","targetHints":{"allow":["GET"]}}],"collection":[{"href":"https:\/\/www.bellunopress.it\/fr\/wp-json\/wp\/v2\/posts"}],"about":[{"href":"https:\/\/www.bellunopress.it\/fr\/wp-json\/wp\/v2\/types\/post"}],"author":[{"embeddable":true,"href":"https:\/\/www.bellunopress.it\/fr\/wp-json\/wp\/v2\/users\/2"}],"replies":[{"embeddable":true,"href":"https:\/\/www.bellunopress.it\/fr\/wp-json\/wp\/v2\/comments?post=166470"}],"version-history":[{"count":1,"href":"https:\/\/www.bellunopress.it\/fr\/wp-json\/wp\/v2\/posts\/166470\/revisions"}],"predecessor-version":[{"id":166471,"href":"https:\/\/www.bellunopress.it\/fr\/wp-json\/wp\/v2\/posts\/166470\/revisions\/166471"}],"wp:featuredmedia":[{"embeddable":true,"href":"https:\/\/www.bellunopress.it\/fr\/wp-json\/wp\/v2\/media\/112649"}],"wp:attachment":[{"href":"https:\/\/www.bellunopress.it\/fr\/wp-json\/wp\/v2\/media?parent=166470"}],"wp:term":[{"taxonomy":"category","embeddable":true,"href":"https:\/\/www.bellunopress.it\/fr\/wp-json\/wp\/v2\/categories?post=166470"},{"taxonomy":"post_tag","embeddable":true,"href":"https:\/\/www.bellunopress.it\/fr\/wp-json\/wp\/v2\/tags?post=166470"}],"curies":[{"name":"wp","href":"https:\/\/api.w.org\/{rel}","templated":true}]}}