{"id":166467,"date":"2026-01-15T07:04:02","date_gmt":"2026-01-15T06:04:02","guid":{"rendered":"https:\/\/www.bellunopress.it\/?p=166467"},"modified":"2026-01-15T07:04:02","modified_gmt":"2026-01-15T06:04:02","slug":"etruschi-e-veneti-acque-culti-e-santuari-esposti-anche-gli-ex-voto-delle-sorgenti-terapeutiche-di-lagole-di-calalzo","status":"publish","type":"post","link":"https:\/\/www.bellunopress.it\/fr\/2026\/01\/15\/etruschi-e-veneti-acque-culti-e-santuari-esposti-anche-gli-ex-voto-delle-sorgenti-terapeutiche-di-lagole-di-calalzo\/","title":{"rendered":"Etruschi e Veneti.\u00a0Acque, culti e santuari. Esposti anche gli ex voto delle sorgenti terapeutiche di Lagole di Calalzo"},"content":{"rendered":"<p><strong><img loading=\"lazy\" decoding=\"async\" class=\"aligncenter size-full wp-image-166468\" src=\"https:\/\/www.bellunopress.it\/wp-content\/uploads\/2026\/01\/Etruschi-e-Veneti-mostra-a-Venezia.jpg\" alt=\"\" width=\"513\" height=\"213\" srcset=\"https:\/\/www.bellunopress.it\/wp-content\/uploads\/2026\/01\/Etruschi-e-Veneti-mostra-a-Venezia.jpg 513w, https:\/\/www.bellunopress.it\/wp-content\/uploads\/2026\/01\/Etruschi-e-Veneti-mostra-a-Venezia-500x208.jpg 500w\" sizes=\"auto, (max-width: 513px) 100vw, 513px\" \/>A\u00a0Venezia, Appartamento del Doge, Palazzo Ducale, dal\u00a06 marzo al 29 settembre 2026<\/strong><\/p>\n<p><strong>a cura di Chiara Squarcina, Margherita Tirelli<\/strong><\/p>\n<p><strong>In collaborazione con Fondazione Luigi Rovati<\/strong><\/p>\n<p><strong>Con il patrocinio dell&#8217;Istituto Nazionale di Studi Etruschi e Italici<\/strong><\/p>\n<p>Si \u00e8 tenuta ieri a Roma, nella Sala Spadolini del Ministero della Cultura, la conferenza stampa di presentazione della mostra Etruschi e Veneti. Acque, culti e santuari: un racconto intorno al complesso e affascinante mondo delle pratiche religiose antiche, in cui l\u2019acqua assume un valore generativo, terapeutico e identitario, ospitata nelle sale dell\u2019Appartamento del Doge di Palazzo Ducale dal 6 marzo al 29 settembre 2026.<\/p>\n<p>\u201cEtruschi e Veneti. Acque, culti e santuari\u201d non \u00e8 soltanto la sintesi e l\u2019esposizione di reperti, ma \u00e8 il racconto di un contesto, di una storia, di una stratificazione, che riporta l\u2019archeologia nella sua dimensione pi\u00f9 autentica. \u00c8 una riflessione capace di mettere in relazione il tempo lungo del passato con le emergenze del presente e le domande sul futuro. Una mostra ha senso se \u201cantichizza\u201d il presente e, al tempo stesso, rende presente l\u2019antico nel suo dialogo con la nostra contemporaneit\u00e0. Le testimonianze di questa esposizione che giungono da epoche remote e lontane non sono mai frammenti muti e passivamente osservati da studiosi, appassionati e visitatori, ma sono il punto di riferimento di uno sguardo ben preciso, di un\u2019attitudine, di una volont\u00e0 che, attraverso oggetti, luoghi e contesti culturali, si ricollega con le radici di antiche comunit\u00e0 di cui noi siamo i discendenti. Questa mostra sceglie la prospettiva della relazione: non \u00e8 soltanto il racconto su un popolo o su una civilt\u00e0 isolata, ma si propone di far dialogare ci\u00f2 che gi\u00e0 anticamente era in dialogo: il mondo degli Etruschi e quello dei Veneti. Unendo il versante tirrenico con quello adriatico della nostra penisola, gli Etruschi e i Veneti sono due idealtipi di un modo di abitare l\u2019antico, il viaggio, il mare, il mondo, in una dimensione di apertura che necessariamente la geografia della nostra penisola impone, induce e incoraggia fin dalle origini&#8221;, ha dichiarato il Ministro della Cultura, Alessandro Giuli.<\/p>\n<p>\u201cQuesta mostra \u00e8 il risultato di un lavoro lungo e condiviso, costruito con seriet\u00e0 scientifica e grande collaborazione istituzionale, anche dai privati. Desidero per questo ringraziare il Ministro della Cultura Alessandro Giuli e tutta la struttura del Ministero, insieme alla Fondazione Musei Civici di Venezia, ai curatori, ai musei prestatori, alle universit\u00e0 e a tutti i professionisti che hanno reso possibile il progetto. Venezia, citt\u00e0 di scambi e di incontri, \u00e8 il luogo ideale per raccontare una storia che parla di relazioni: l\u2019acqua come via di collegamento, i santuari come spazi di comunit\u00e0, e un\u2019Italia antica fatta di differenze ma anche di tratti comuni. La cultura serve a questo: a capire, a costruire cittadinanza, a dare un senso di unit\u00e0 al Paese rispettando le identit\u00e0 dei territori. Creare legami \u00e8 sempre pi\u00f9 difficile che dividere, ma \u00e8 l\u2019unica strada che genera conoscenza, rispetto e futuro. Questa mostra, non \u00e8 soltanto esposizione, ma anche ricerca e convegnistica a tema. \u00c8 un invito a ritrovare, attraverso la storia, il valore di ci\u00f2 che ci unisce. L\u2019invito \u00e8 di venire a vedere questa mostra con curiosit\u00e0 e con calma, magari pi\u00f9 di una volta, tornando dopo aver visitato anche i diversi siti coinvolti e i musei prestatori\u201d, le parole del Sindaco di Venezia, Luigi Brugnaro.<\/p>\n<p>Sar\u00e0 un confronto inedito e peculiare, un\u2019indagine comparata sul ruolo fondativo dell\u2019acqua nell\u2019orizzonte del sacro e per lo sviluppo delle societ\u00e0 in due grandi civilt\u00e0 dell\u2019Italia preromana, Etruschi e Veneti, nel corso del I millennio a.C.: mari, fiumi, sorgenti salutifere e acque termali sono gli ambienti privilegiati di contatto con il divino, spazi di guarigione, ma anche luoghi per la crescita della collettivit\u00e0, mete per il transito e per lo scambio culturale. L\u2019esposizione riunisce reperti archeologici di straordinario valore, molti dei quali inediti e provenienti da scavi recenti, grazie a prestiti di eccezionale prestigio concessi da importanti istituzioni museali italiane. La mostra si configura cos\u00ec come un momento di sintesi avanzata della ricerca archeologica, volta a coniugare rigore scientifico e forte impatto mediatico.<\/p>\n<p>Un progetto di grande respiro scientifico e divulgativo, in cui a emergere \u00e8 il dialogo tra due civilt\u00e0 differenti per geografie e radici culturali, tra cui sono fioriti scambi e relazioni lungo quel confine nella \u2018terra tra i due fiumi\u2019, tra il basso corso dell\u2019Adige e l\u2019antico corso orientale del Po. Uno scambio di materie prime, reso possibile con l\u2019apertura di nuove vie commerciali, ma anche di idee, culture, saperi. Fiumi, mari e acque sono l\u2019emblema del movimento costante, come quello delle persone, unendosi e conducendo a forme di reciproca conoscenza di uomini e di donne. Il progetto espositivo a cura di Chiara Squarcina e Margherita Tirelli, \u00e8 organizzato dalla Fondazione Musei Civici di Venezia, con il patrocinio dell\u2019Istituto Nazionale di Studi Etruschi e Italici, realizzata in collaborazione con la Fondazione Luigi Rovati di Milano, che ospiter\u00e0 un secondo momento espositivo nell\u2019autunno del 2026 (14 ottobre &#8211; 10 gennaio 2027) rafforzando una collaborazione virtuosa tra istituzioni e territori, fondata sulla ricerca archeologica e sulla valorizzazione del patrimonio nazionale.<\/p>\n<p>Questo progetto espositivo racconta, una volta di pi\u00f9, la capacit\u00e0 dei Musei civici veneziani di saper raccogliere intuizioni e proposte di grande valore scientifico, di fare rete con studiosi, con istituzioni, rendendosi protagonisti e coordinatori di ricerche, indagini e dialoghi inediti. E lo fa parlando a tutti: specialisti, curiosi, visitatori, cittadini e pubblico internazionale, per arricchire la visione, la crescita, la curiosit\u00e0 di tutti e di ciascuno Mariacristina Gribaudi, Presidente Fondazione Musei Civici di Venezia<\/p>\n<p>Questa iniziativa conferma l\u2019apertura della nostra Fondazione alla collaborazione con le Istituzioni pubbliche in una prospettiva condivisa di valorizzazione del nostro grande patrimonio artistico-culturale Giovanna Forlanelli, Presidente Fondazione Luigi Rovati<\/p>\n<p>La mostra Etruschi e Veneti. Acque, culti e santuari trae origine dalla volont\u00e0 di affrontare un tema finora inedito, non tanto quello relativo al confronto tra la civilt\u00e0 etrusca e quella veneta, gi\u00e0 oggetto di riflessione scientifica e di aggiornamento delle conoscenze, bens\u00ec quello volto ad indagare il rapporto con la sacralit\u00e0 delle acque nel mondo etrusco e nel mondo veneto, nel tentativo di metterne a fuoco affinit\u00e0 e specificit\u00e0. Il panorama che ne deriva risulta popolato da molteplici divinit\u00e0, preposte chi alle acque salutifere, chi al guado di un grande fiume, chi ancora agli approdi marittimi, insediati ciascuna all\u2019interno di scenari particolari, siano essi sorgenti sananti o porti ospitali, di cui l\u2019elemento-acqua costituiva il fulcro oltre che talora anche il potenziale oggetto di culto Chiara Squarcina, Direttrice Scientifica Musei Civici di Venezia e co- curatrice dell\u2019esposizione<\/p>\n<p>&nbsp;<\/p>\n<p><strong>IL PERCORSO ESPOSITIVO<\/strong><\/p>\n<p>Il percorso si apre con Gli Etruschi e il sacro, introduzione al mondo religioso etrusco, segnata dalla presenza della Testa di Leucothea da Pyrgi, straordinario prestito del Museo Nazionale Etrusco di Villa Giulia: un\u2019immagine potente e liminare, legata al mare e alla protezione dei naviganti, che introduce il tema dell\u2019acqua come spazio sacro. Segue la sezione dedicata ai Sacri approdi dell\u2019Etruria, con un focus, in due sale, su Vulci e Pyrgi. Di particolare rilievo \u00e8 l\u2019esposizione integrale del deposito votivo della Banditella, la pi\u00f9 antica testimonianza nota in Etruria di un culto all\u2019aperto legato a una sorgente. Il santuario portuale di Pyrgi \u00e8 raccontato attraverso antefisse architettoniche e la copia delle celebri lamine d\u2019oro, evocando il legame profondo tra culto, navigazione e potere politico.<\/p>\n<p>Il capitolo Acque miracolose conduce nei grandi santuari salutari dell\u2019Etruria interna, Chianciano e Chiusi, fino a San Casciano dei Bagni, protagonista con un nucleo di bronzi provenienti dagli scavi pi\u00f9 recenti di uno dei pi\u00f9 importanti complessi termali dell\u2019antichit\u00e0 ed esposti al pubblico per la prima volta. Bronzetti votivi, ex voto anatomici e statuaria documentano una frequentazione cultuale durata quasi un millennio, testimoniando il passaggio dal mondo etrusco a quello romano. Il filo narrativo si conclude a Marzabotto, l\u2019antica Kainua, con l\u2019esposizione di preziose ceramiche di importazione greca, tra cui una raffinata kylix attica a figure nere, provenienti dal piccolo, ma monumentale complesso del santuario Fontile.<\/p>\n<p>Luogo di transito e punto di riferimento della comunit\u00e0 che unisce la cura, fisica e spirituale, ad una sofisticata ricerca idraulica, applicata al territorio: una \u201cdevozione ingegneristica\u201d sottolineata dalla presenza di Dedalo in una decorazione acroteriale. Una figura la sua, che in Etruria padana assume uno speciale significato proprio per le sue capacit\u00e0 ingegneristiche nella gestione delle acque, e che grazie ad un\u2019unica antefissa superstite documenta il raffinato apparato di decorazione del tetto dell\u2019edificio sacro. La sezione etrusca si chiude con Adria e Spina, porti dell\u2019Adriatico settentrionale, dove frammenti iscritti e reperti votivi restituiscono pratiche rituali legate alla navigazione e agli approdi sacri.<\/p>\n<p>Con I Veneti e il sacro, l\u2019attenzione si sposta sul mondo veneto antico, mettendone in luce le specificit\u00e0 religiose, il rapporto privilegiato con l\u2019acqua ed un articolato sistema di luoghi sacri, attraversati da pratiche votive, culti salutari e dinamiche di integrazione culturale. Il percorso ha inizio con l\u2019esposizione di alcuni reperti emblematici della religiosit\u00e0 veneta, tra cui spiccano il disco bronzeo di Montebelluna, raffigurante la dea clavigera, e l\u2019orlo di lebete di Altino che conserva incisa l\u2019unica formula votiva nota in lingua venetica.<\/p>\n<p>Le acque sananti sono rappresentate rispettivamente dal santuario termale di Montegrotto e dal luogo di culto delle sorgenti terapeutiche di Lagole di Calalzo. Il primo \u00e8 caratterizzato dalla presenza di numerosissime coppe e tazze miniaturistiche, di bronzetti di cavalieri ma anche di cavalli, a documentare probabilmente come il potere salutifero delle acque venisse ricercato anche per gli animali. Ex voto peculiari di Lagole sono invece i simpula, attingitoio utilizzati per raccogliere l\u2019acqua, ritualmente spezzati in due parti dopo l\u2019uso rituale e spesso contraddistinti dalla presenza di iscrizioni votive.<\/p>\n<p><strong>SALA 10 | ACQUE MIRACOLOSE: LAGOLE DI CALALZO<\/strong><br \/>\nIl luogo di culto, documentato a partire dal IV secolo a.C. fino al IV secolo d.C., era ubicato nel cuore della valle del Piave, pochi chilometri a sud di Calalzo di Cadore, immerso in un<br \/>\npaesaggio particolarmente suggestivo, tra laghetti di acque solforose e boschi di conifere. La divinit\u00e0 del luogo, quasi certamente un dio maschile, Trumusiate o Tribusiate, cui in<br \/>\net\u00e0 romana si sostitu\u00ec Apollo, il dio guaritore per eccellenza, era preposto alle acque medicamentose contenenti minerali con propriet\u00e0 sfiammanti e cicatrizzanti, ancora oggi<br \/>\nriconosciute dalla medicina naturale. Centrale la riproduzione grafica della lamina di Villa, con la figura di un militare ferito che vogliamo immaginare in viaggio verso il santuario per<br \/>\ncurare le ferite, circondata da teche con immagini votive e strumenti di culto. All\u2019interno del nucleo dei bronzetti di devoti, oranti e offerenti, \u00e8 posto in risalto un bronzetto di guerriero<br \/>\ncelta che presenta lungo un fianco, una gamba e una spalla una lunga iscrizione dedicatoria a Trumusiate.<br \/>\nAltro spazio \u00e8 riservato alle lamine in bronzo quadrangolari, votivi specifici del luogo: alcune iscritte con dedica votiva, altre raffiguranti cavalli, in alcuni casi riccamente bardati, resi a sbalzo e a cesello. Altro oggetto simbolo del santuario \u00e8 il simpulum, un mestolo in bronzo utilizzato sia per i riti di libagione sia per attingere le acque curative, che dopo l\u2019uso<br \/>\nveniva ritualmente spezzato separando quindi la vasca dal manico, sul quale sono frequentemente presenti le iscrizioni di dedica alle divinit\u00e0. Il percorso si conclude con l\u2019esposizione di un nucleo di armi che ben documentano la frequentazione del luogo di culto da parte di militari.\u00a0Del santuario fluviale di Pora Reitia a Este vengono messi in evidenza i diversi aspetti del culto, legati in particolare all\u2019insegnamento della scrittura, documentato da stili e tavolette scrittorie, e alla tecnica della filatura e della tessitura, documentate da fusaiole, rocchetti e pesi da telaio.\u00a0Il percorso narrativo si conclude con il santuario nord-adriatico di Altino, porto sacro dei Veneti aperto alle rotte adriatiche, mediterranee ed endo lagunari, centro di un culto volto ad accogliere e integrare comunit\u00e0 diverse, come attestano bronzetti provenienti dall\u2019area etrusca, centro-italica e celtica, lamine figurate e monumenti votivi di eccezionale rilievo. Etruschi e Veneti. Acque, culti e santuari offre cos\u00ec al pubblico un racconto autorevole e suggestivo, restituendo all\u2019acqua il suo ruolo fondativo nella costruzione del sacro e nell\u2019identit\u00e0 delle civilt\u00e0 antiche.<\/p>\n<p>Rinnovando il legame tra arte, nuovi linguaggi, ricerca, divulgazione scientifica e applicazione tecnologica che ha segnato le precedenti esposizioni, la mostra chiude con un progetto installativo a cura di Fondazione Bonotto, presentato per la prima volta a Palazzo Ducale, nel contesto dell\u2019esposizione; We are bodies of water, un grande arazzo realizzato con filati di materie plastiche riciclate dai rifiuti industriali, rappresenta il panorama su cui si inseriscono e interferiscono elementi digitali e sonori realizzati a partire da una ricerca sull\u2019ambiente lagunare veneziano. Lo studio \u00e8 stato guidato da esperti in scienze naturali e poeticamente tradotto da artisti di diverse discipline.<\/p>","protected":false},"excerpt":{"rendered":"<p>A\u00a0Venezia, Appartamento del Doge, Palazzo Ducale, dal\u00a06 marzo al 29 settembre 2026 a cura di Chiara Squarcina, Margherita Tirelli In collaborazione con Fondazione Luigi Rovati Con il patrocinio dell&#8217;Istituto Nazionale di Studi Etruschi e Italici Si \u00e8 tenuta ieri a Roma, nella Sala Spadolini del Ministero della Cultura, la conferenza stampa di presentazione della mostra [&hellip;]<\/p>\n","protected":false},"author":2,"featured_media":166468,"comment_status":"closed","ping_status":"open","sticky":false,"template":"","format":"standard","meta":{"footnotes":""},"categories":[3394,25],"tags":[],"class_list":["post-166467","post","type-post","status-publish","format-standard","has-post-thumbnail","category-cultura-e-spettacoli-fuori-provincia","category-pausa-caffe"],"yoast_head":"<!-- This site is optimized with the Yoast SEO plugin v28.4 - https:\/\/yoast.com\/product\/yoast-seo-wordpress\/ -->\n<title>Etruschi e Veneti.\u00a0Acque, culti e santuari. Esposti anche gli ex voto delle sorgenti terapeutiche di Lagole di Calalzo - Bellunopress - Dolomiti<\/title>\n<meta name=\"robots\" content=\"index, follow, max-snippet:-1, max-image-preview:large, max-video-preview:-1\" \/>\n<link rel=\"canonical\" href=\"https:\/\/www.bellunopress.it\/fr\/2026\/01\/15\/etruschi-e-veneti-acque-culti-e-santuari-esposti-anche-gli-ex-voto-delle-sorgenti-terapeutiche-di-lagole-di-calalzo\/\" \/>\n<meta property=\"og:locale\" content=\"fr_FR\" \/>\n<meta property=\"og:type\" content=\"article\" \/>\n<meta property=\"og:title\" content=\"Etruschi e Veneti.\u00a0Acque, culti e santuari. Esposti anche gli ex voto delle sorgenti terapeutiche di Lagole di Calalzo - Bellunopress - Dolomiti\" \/>\n<meta property=\"og:description\" content=\"A\u00a0Venezia, Appartamento del Doge, Palazzo Ducale, dal\u00a06 marzo al 29 settembre 2026 a cura di Chiara Squarcina, Margherita Tirelli In collaborazione con Fondazione Luigi Rovati Con il patrocinio dell&#8217;Istituto Nazionale di Studi Etruschi e Italici Si \u00e8 tenuta ieri a Roma, nella Sala Spadolini del Ministero della Cultura, la conferenza stampa di presentazione della mostra [&hellip;]\" \/>\n<meta property=\"og:url\" content=\"https:\/\/www.bellunopress.it\/fr\/2026\/01\/15\/etruschi-e-veneti-acque-culti-e-santuari-esposti-anche-gli-ex-voto-delle-sorgenti-terapeutiche-di-lagole-di-calalzo\/\" \/>\n<meta property=\"og:site_name\" content=\"Bellunopress - Dolomiti\" \/>\n<meta property=\"article:publisher\" content=\"https:\/\/www.facebook.com\/profile.php?id=100008943462799\" \/>\n<meta property=\"article:published_time\" content=\"2026-01-15T06:04:02+00:00\" \/>\n<meta property=\"og:image\" content=\"https:\/\/www.bellunopress.it\/wp-content\/uploads\/2026\/01\/Etruschi-e-Veneti-mostra-a-Venezia.jpg\" \/>\n\t<meta property=\"og:image:width\" content=\"513\" \/>\n\t<meta property=\"og:image:height\" content=\"213\" \/>\n\t<meta property=\"og:image:type\" content=\"image\/jpeg\" \/>\n<meta name=\"author\" content=\"redazione\" \/>\n<meta name=\"twitter:card\" content=\"summary_large_image\" \/>\n<meta name=\"twitter:creator\" content=\"@bellunopress\" \/>\n<meta name=\"twitter:site\" content=\"@bellunopress\" \/>\n<meta name=\"twitter:label1\" content=\"\u00c9crit par\" \/>\n\t<meta name=\"twitter:data1\" content=\"redazione\" \/>\n\t<meta name=\"twitter:label2\" content=\"Dur\u00e9e de lecture estim\u00e9e\" \/>\n\t<meta name=\"twitter:data2\" content=\"11 minutes\" \/>\n<script type=\"application\/ld+json\" class=\"yoast-schema-graph\">{\"@context\":\"https:\\\/\\\/schema.org\",\"@graph\":[{\"@type\":\"Article\",\"@id\":\"https:\\\/\\\/www.bellunopress.it\\\/2026\\\/01\\\/15\\\/etruschi-e-veneti-acque-culti-e-santuari-esposti-anche-gli-ex-voto-delle-sorgenti-terapeutiche-di-lagole-di-calalzo\\\/#article\",\"isPartOf\":{\"@id\":\"https:\\\/\\\/www.bellunopress.it\\\/2026\\\/01\\\/15\\\/etruschi-e-veneti-acque-culti-e-santuari-esposti-anche-gli-ex-voto-delle-sorgenti-terapeutiche-di-lagole-di-calalzo\\\/\"},\"author\":{\"name\":\"redazione\",\"@id\":\"https:\\\/\\\/www.bellunopress.it\\\/#\\\/schema\\\/person\\\/79bb06722b37ece1c03d3e94beb30d73\"},\"headline\":\"Etruschi e Veneti.\u00a0Acque, culti e santuari. Esposti anche gli ex voto delle sorgenti terapeutiche di Lagole di Calalzo\",\"datePublished\":\"2026-01-15T06:04:02+00:00\",\"mainEntityOfPage\":{\"@id\":\"https:\\\/\\\/www.bellunopress.it\\\/2026\\\/01\\\/15\\\/etruschi-e-veneti-acque-culti-e-santuari-esposti-anche-gli-ex-voto-delle-sorgenti-terapeutiche-di-lagole-di-calalzo\\\/\"},\"wordCount\":2142,\"publisher\":{\"@id\":\"https:\\\/\\\/www.bellunopress.it\\\/#organization\"},\"image\":{\"@id\":\"https:\\\/\\\/www.bellunopress.it\\\/2026\\\/01\\\/15\\\/etruschi-e-veneti-acque-culti-e-santuari-esposti-anche-gli-ex-voto-delle-sorgenti-terapeutiche-di-lagole-di-calalzo\\\/#primaryimage\"},\"thumbnailUrl\":\"https:\\\/\\\/www.bellunopress.it\\\/wp-content\\\/uploads\\\/2026\\\/01\\\/Etruschi-e-Veneti-mostra-a-Venezia.jpg\",\"articleSection\":[\"Cultura e spettacoli, tempo libero, benessere, fuori provincia\",\"Pausa Caff\u00e8\"],\"inLanguage\":\"fr-FR\"},{\"@type\":\"WebPage\",\"@id\":\"https:\\\/\\\/www.bellunopress.it\\\/2026\\\/01\\\/15\\\/etruschi-e-veneti-acque-culti-e-santuari-esposti-anche-gli-ex-voto-delle-sorgenti-terapeutiche-di-lagole-di-calalzo\\\/\",\"url\":\"https:\\\/\\\/www.bellunopress.it\\\/2026\\\/01\\\/15\\\/etruschi-e-veneti-acque-culti-e-santuari-esposti-anche-gli-ex-voto-delle-sorgenti-terapeutiche-di-lagole-di-calalzo\\\/\",\"name\":\"Etruschi e Veneti.\u00a0Acque, culti e santuari. Esposti anche gli ex voto delle sorgenti terapeutiche di Lagole di Calalzo - Bellunopress - Dolomiti\",\"isPartOf\":{\"@id\":\"https:\\\/\\\/www.bellunopress.it\\\/#website\"},\"primaryImageOfPage\":{\"@id\":\"https:\\\/\\\/www.bellunopress.it\\\/2026\\\/01\\\/15\\\/etruschi-e-veneti-acque-culti-e-santuari-esposti-anche-gli-ex-voto-delle-sorgenti-terapeutiche-di-lagole-di-calalzo\\\/#primaryimage\"},\"image\":{\"@id\":\"https:\\\/\\\/www.bellunopress.it\\\/2026\\\/01\\\/15\\\/etruschi-e-veneti-acque-culti-e-santuari-esposti-anche-gli-ex-voto-delle-sorgenti-terapeutiche-di-lagole-di-calalzo\\\/#primaryimage\"},\"thumbnailUrl\":\"https:\\\/\\\/www.bellunopress.it\\\/wp-content\\\/uploads\\\/2026\\\/01\\\/Etruschi-e-Veneti-mostra-a-Venezia.jpg\",\"datePublished\":\"2026-01-15T06:04:02+00:00\",\"breadcrumb\":{\"@id\":\"https:\\\/\\\/www.bellunopress.it\\\/2026\\\/01\\\/15\\\/etruschi-e-veneti-acque-culti-e-santuari-esposti-anche-gli-ex-voto-delle-sorgenti-terapeutiche-di-lagole-di-calalzo\\\/#breadcrumb\"},\"inLanguage\":\"fr-FR\",\"potentialAction\":[{\"@type\":\"ReadAction\",\"target\":[\"https:\\\/\\\/www.bellunopress.it\\\/2026\\\/01\\\/15\\\/etruschi-e-veneti-acque-culti-e-santuari-esposti-anche-gli-ex-voto-delle-sorgenti-terapeutiche-di-lagole-di-calalzo\\\/\"]}]},{\"@type\":\"ImageObject\",\"inLanguage\":\"fr-FR\",\"@id\":\"https:\\\/\\\/www.bellunopress.it\\\/2026\\\/01\\\/15\\\/etruschi-e-veneti-acque-culti-e-santuari-esposti-anche-gli-ex-voto-delle-sorgenti-terapeutiche-di-lagole-di-calalzo\\\/#primaryimage\",\"url\":\"https:\\\/\\\/www.bellunopress.it\\\/wp-content\\\/uploads\\\/2026\\\/01\\\/Etruschi-e-Veneti-mostra-a-Venezia.jpg\",\"contentUrl\":\"https:\\\/\\\/www.bellunopress.it\\\/wp-content\\\/uploads\\\/2026\\\/01\\\/Etruschi-e-Veneti-mostra-a-Venezia.jpg\",\"width\":513,\"height\":213},{\"@type\":\"BreadcrumbList\",\"@id\":\"https:\\\/\\\/www.bellunopress.it\\\/2026\\\/01\\\/15\\\/etruschi-e-veneti-acque-culti-e-santuari-esposti-anche-gli-ex-voto-delle-sorgenti-terapeutiche-di-lagole-di-calalzo\\\/#breadcrumb\",\"itemListElement\":[{\"@type\":\"ListItem\",\"position\":1,\"name\":\"Home\",\"item\":\"https:\\\/\\\/www.bellunopress.it\\\/\"},{\"@type\":\"ListItem\",\"position\":2,\"name\":\"Etruschi e Veneti.\u00a0Acque, culti e santuari. Esposti anche gli ex voto delle sorgenti terapeutiche di Lagole di Calalzo\"}]},{\"@type\":\"WebSite\",\"@id\":\"https:\\\/\\\/www.bellunopress.it\\\/#website\",\"url\":\"https:\\\/\\\/www.bellunopress.it\\\/\",\"name\":\"Bellunopress - Dolomiti\",\"description\":\"e-mail: redazione@bellunopress.it\",\"publisher\":{\"@id\":\"https:\\\/\\\/www.bellunopress.it\\\/#organization\"},\"potentialAction\":[{\"@type\":\"SearchAction\",\"target\":{\"@type\":\"EntryPoint\",\"urlTemplate\":\"https:\\\/\\\/www.bellunopress.it\\\/?s={search_term_string}\"},\"query-input\":{\"@type\":\"PropertyValueSpecification\",\"valueRequired\":true,\"valueName\":\"search_term_string\"}}],\"inLanguage\":\"fr-FR\"},{\"@type\":\"Organization\",\"@id\":\"https:\\\/\\\/www.bellunopress.it\\\/#organization\",\"name\":\"Bellunopress\",\"url\":\"https:\\\/\\\/www.bellunopress.it\\\/\",\"logo\":{\"@type\":\"ImageObject\",\"inLanguage\":\"fr-FR\",\"@id\":\"https:\\\/\\\/www.bellunopress.it\\\/#\\\/schema\\\/logo\\\/image\\\/\",\"url\":\"https:\\\/\\\/www.bellunopress.it\\\/wp-content\\\/uploads\\\/2011\\\/05\\\/cropped-logo-bellunopress-.jpg\",\"contentUrl\":\"https:\\\/\\\/www.bellunopress.it\\\/wp-content\\\/uploads\\\/2011\\\/05\\\/cropped-logo-bellunopress-.jpg\",\"width\":512,\"height\":512,\"caption\":\"Bellunopress\"},\"image\":{\"@id\":\"https:\\\/\\\/www.bellunopress.it\\\/#\\\/schema\\\/logo\\\/image\\\/\"},\"sameAs\":[\"https:\\\/\\\/www.facebook.com\\\/profile.php?id=100008943462799\",\"https:\\\/\\\/x.com\\\/bellunopress\",\"https:\\\/\\\/www.linkedin.com\\\/hp\\\/?dnr=JBzUWaJfMUw8vbXJJ2tVW5-I3jZKvC4wsoxE&amp;amp;amp;amp;amp;amp;trk=nav_responsive_tab_home\",\"https:\\\/\\\/www.youtube.com\\\/channel\\\/UCxL0wu1uN0_3_7hGG0306cw\"]},{\"@type\":\"Person\",\"@id\":\"https:\\\/\\\/www.bellunopress.it\\\/#\\\/schema\\\/person\\\/79bb06722b37ece1c03d3e94beb30d73\",\"name\":\"redazione\",\"image\":{\"@type\":\"ImageObject\",\"inLanguage\":\"fr-FR\",\"@id\":\"https:\\\/\\\/secure.gravatar.com\\\/avatar\\\/37d968a2e67a6fd04c169c4bdef102d0bc5d31b2546345219e348575eb80e9a0?s=96&d=mm&r=g\",\"url\":\"https:\\\/\\\/secure.gravatar.com\\\/avatar\\\/37d968a2e67a6fd04c169c4bdef102d0bc5d31b2546345219e348575eb80e9a0?s=96&d=mm&r=g\",\"contentUrl\":\"https:\\\/\\\/secure.gravatar.com\\\/avatar\\\/37d968a2e67a6fd04c169c4bdef102d0bc5d31b2546345219e348575eb80e9a0?s=96&d=mm&r=g\",\"caption\":\"redazione\"},\"sameAs\":[\"http:\\\/\\\/www.bellunopress.it\",\"https:\\\/\\\/x.com\\\/bellunopress\"],\"url\":\"https:\\\/\\\/www.bellunopress.it\\\/fr\\\/author\\\/redazione\\\/\"}]}<\/script>\n<!-- \/ Yoast SEO plugin. -->","yoast_head_json":{"title":"Etruschi e Veneti.\u00a0Acque, culti e santuari. Esposti anche gli ex voto delle sorgenti terapeutiche di Lagole di Calalzo - Bellunopress - Dolomiti","robots":{"index":"index","follow":"follow","max-snippet":"max-snippet:-1","max-image-preview":"max-image-preview:large","max-video-preview":"max-video-preview:-1"},"canonical":"https:\/\/www.bellunopress.it\/fr\/2026\/01\/15\/etruschi-e-veneti-acque-culti-e-santuari-esposti-anche-gli-ex-voto-delle-sorgenti-terapeutiche-di-lagole-di-calalzo\/","og_locale":"fr_FR","og_type":"article","og_title":"Etruschi e Veneti.\u00a0Acque, culti e santuari. Esposti anche gli ex voto delle sorgenti terapeutiche di Lagole di Calalzo - Bellunopress - Dolomiti","og_description":"A\u00a0Venezia, Appartamento del Doge, Palazzo Ducale, dal\u00a06 marzo al 29 settembre 2026 a cura di Chiara Squarcina, Margherita Tirelli In collaborazione con Fondazione Luigi Rovati Con il patrocinio dell&#8217;Istituto Nazionale di Studi Etruschi e Italici Si \u00e8 tenuta ieri a Roma, nella Sala Spadolini del Ministero della Cultura, la conferenza stampa di presentazione della mostra [&hellip;]","og_url":"https:\/\/www.bellunopress.it\/fr\/2026\/01\/15\/etruschi-e-veneti-acque-culti-e-santuari-esposti-anche-gli-ex-voto-delle-sorgenti-terapeutiche-di-lagole-di-calalzo\/","og_site_name":"Bellunopress - Dolomiti","article_publisher":"https:\/\/www.facebook.com\/profile.php?id=100008943462799","article_published_time":"2026-01-15T06:04:02+00:00","og_image":[{"width":513,"height":213,"url":"https:\/\/www.bellunopress.it\/wp-content\/uploads\/2026\/01\/Etruschi-e-Veneti-mostra-a-Venezia.jpg","type":"image\/jpeg"}],"author":"redazione","twitter_card":"summary_large_image","twitter_creator":"@bellunopress","twitter_site":"@bellunopress","twitter_misc":{"\u00c9crit par":"redazione","Dur\u00e9e de lecture estim\u00e9e":"11 minutes"},"schema":{"@context":"https:\/\/schema.org","@graph":[{"@type":"Article","@id":"https:\/\/www.bellunopress.it\/2026\/01\/15\/etruschi-e-veneti-acque-culti-e-santuari-esposti-anche-gli-ex-voto-delle-sorgenti-terapeutiche-di-lagole-di-calalzo\/#article","isPartOf":{"@id":"https:\/\/www.bellunopress.it\/2026\/01\/15\/etruschi-e-veneti-acque-culti-e-santuari-esposti-anche-gli-ex-voto-delle-sorgenti-terapeutiche-di-lagole-di-calalzo\/"},"author":{"name":"redazione","@id":"https:\/\/www.bellunopress.it\/#\/schema\/person\/79bb06722b37ece1c03d3e94beb30d73"},"headline":"Etruschi e Veneti.\u00a0Acque, culti e santuari. Esposti anche gli ex voto delle sorgenti terapeutiche di Lagole di Calalzo","datePublished":"2026-01-15T06:04:02+00:00","mainEntityOfPage":{"@id":"https:\/\/www.bellunopress.it\/2026\/01\/15\/etruschi-e-veneti-acque-culti-e-santuari-esposti-anche-gli-ex-voto-delle-sorgenti-terapeutiche-di-lagole-di-calalzo\/"},"wordCount":2142,"publisher":{"@id":"https:\/\/www.bellunopress.it\/#organization"},"image":{"@id":"https:\/\/www.bellunopress.it\/2026\/01\/15\/etruschi-e-veneti-acque-culti-e-santuari-esposti-anche-gli-ex-voto-delle-sorgenti-terapeutiche-di-lagole-di-calalzo\/#primaryimage"},"thumbnailUrl":"https:\/\/www.bellunopress.it\/wp-content\/uploads\/2026\/01\/Etruschi-e-Veneti-mostra-a-Venezia.jpg","articleSection":["Cultura e spettacoli, tempo libero, benessere, fuori provincia","Pausa Caff\u00e8"],"inLanguage":"fr-FR"},{"@type":"WebPage","@id":"https:\/\/www.bellunopress.it\/2026\/01\/15\/etruschi-e-veneti-acque-culti-e-santuari-esposti-anche-gli-ex-voto-delle-sorgenti-terapeutiche-di-lagole-di-calalzo\/","url":"https:\/\/www.bellunopress.it\/2026\/01\/15\/etruschi-e-veneti-acque-culti-e-santuari-esposti-anche-gli-ex-voto-delle-sorgenti-terapeutiche-di-lagole-di-calalzo\/","name":"Etruschi e Veneti.\u00a0Acque, culti e santuari. Esposti anche gli ex voto delle sorgenti terapeutiche di Lagole di Calalzo - Bellunopress - Dolomiti","isPartOf":{"@id":"https:\/\/www.bellunopress.it\/#website"},"primaryImageOfPage":{"@id":"https:\/\/www.bellunopress.it\/2026\/01\/15\/etruschi-e-veneti-acque-culti-e-santuari-esposti-anche-gli-ex-voto-delle-sorgenti-terapeutiche-di-lagole-di-calalzo\/#primaryimage"},"image":{"@id":"https:\/\/www.bellunopress.it\/2026\/01\/15\/etruschi-e-veneti-acque-culti-e-santuari-esposti-anche-gli-ex-voto-delle-sorgenti-terapeutiche-di-lagole-di-calalzo\/#primaryimage"},"thumbnailUrl":"https:\/\/www.bellunopress.it\/wp-content\/uploads\/2026\/01\/Etruschi-e-Veneti-mostra-a-Venezia.jpg","datePublished":"2026-01-15T06:04:02+00:00","breadcrumb":{"@id":"https:\/\/www.bellunopress.it\/2026\/01\/15\/etruschi-e-veneti-acque-culti-e-santuari-esposti-anche-gli-ex-voto-delle-sorgenti-terapeutiche-di-lagole-di-calalzo\/#breadcrumb"},"inLanguage":"fr-FR","potentialAction":[{"@type":"ReadAction","target":["https:\/\/www.bellunopress.it\/2026\/01\/15\/etruschi-e-veneti-acque-culti-e-santuari-esposti-anche-gli-ex-voto-delle-sorgenti-terapeutiche-di-lagole-di-calalzo\/"]}]},{"@type":"ImageObject","inLanguage":"fr-FR","@id":"https:\/\/www.bellunopress.it\/2026\/01\/15\/etruschi-e-veneti-acque-culti-e-santuari-esposti-anche-gli-ex-voto-delle-sorgenti-terapeutiche-di-lagole-di-calalzo\/#primaryimage","url":"https:\/\/www.bellunopress.it\/wp-content\/uploads\/2026\/01\/Etruschi-e-Veneti-mostra-a-Venezia.jpg","contentUrl":"https:\/\/www.bellunopress.it\/wp-content\/uploads\/2026\/01\/Etruschi-e-Veneti-mostra-a-Venezia.jpg","width":513,"height":213},{"@type":"BreadcrumbList","@id":"https:\/\/www.bellunopress.it\/2026\/01\/15\/etruschi-e-veneti-acque-culti-e-santuari-esposti-anche-gli-ex-voto-delle-sorgenti-terapeutiche-di-lagole-di-calalzo\/#breadcrumb","itemListElement":[{"@type":"ListItem","position":1,"name":"Home","item":"https:\/\/www.bellunopress.it\/"},{"@type":"ListItem","position":2,"name":"Etruschi e Veneti.\u00a0Acque, culti e santuari. Esposti anche gli ex voto delle sorgenti terapeutiche di Lagole di Calalzo"}]},{"@type":"WebSite","@id":"https:\/\/www.bellunopress.it\/#website","url":"https:\/\/www.bellunopress.it\/","name":"Bellunopress - Dolomiti","description":"e-mail: redazione@bellunopress.it","publisher":{"@id":"https:\/\/www.bellunopress.it\/#organization"},"potentialAction":[{"@type":"SearchAction","target":{"@type":"EntryPoint","urlTemplate":"https:\/\/www.bellunopress.it\/?s={search_term_string}"},"query-input":{"@type":"PropertyValueSpecification","valueRequired":true,"valueName":"search_term_string"}}],"inLanguage":"fr-FR"},{"@type":"Organization","@id":"https:\/\/www.bellunopress.it\/#organization","name":"Bellunopress","url":"https:\/\/www.bellunopress.it\/","logo":{"@type":"ImageObject","inLanguage":"fr-FR","@id":"https:\/\/www.bellunopress.it\/#\/schema\/logo\/image\/","url":"https:\/\/www.bellunopress.it\/wp-content\/uploads\/2011\/05\/cropped-logo-bellunopress-.jpg","contentUrl":"https:\/\/www.bellunopress.it\/wp-content\/uploads\/2011\/05\/cropped-logo-bellunopress-.jpg","width":512,"height":512,"caption":"Bellunopress"},"image":{"@id":"https:\/\/www.bellunopress.it\/#\/schema\/logo\/image\/"},"sameAs":["https:\/\/www.facebook.com\/profile.php?id=100008943462799","https:\/\/x.com\/bellunopress","https:\/\/www.linkedin.com\/hp\/?dnr=JBzUWaJfMUw8vbXJJ2tVW5-I3jZKvC4wsoxE&amp;amp;amp;amp;amp;amp;trk=nav_responsive_tab_home","https:\/\/www.youtube.com\/channel\/UCxL0wu1uN0_3_7hGG0306cw"]},{"@type":"Person","@id":"https:\/\/www.bellunopress.it\/#\/schema\/person\/79bb06722b37ece1c03d3e94beb30d73","name":"r\u00e9daction","image":{"@type":"ImageObject","inLanguage":"fr-FR","@id":"https:\/\/secure.gravatar.com\/avatar\/37d968a2e67a6fd04c169c4bdef102d0bc5d31b2546345219e348575eb80e9a0?s=96&d=mm&r=g","url":"https:\/\/secure.gravatar.com\/avatar\/37d968a2e67a6fd04c169c4bdef102d0bc5d31b2546345219e348575eb80e9a0?s=96&d=mm&r=g","contentUrl":"https:\/\/secure.gravatar.com\/avatar\/37d968a2e67a6fd04c169c4bdef102d0bc5d31b2546345219e348575eb80e9a0?s=96&d=mm&r=g","caption":"redazione"},"sameAs":["http:\/\/www.bellunopress.it","https:\/\/x.com\/bellunopress"],"url":"https:\/\/www.bellunopress.it\/fr\/author\/redazione\/"}]}},"_links":{"self":[{"href":"https:\/\/www.bellunopress.it\/fr\/wp-json\/wp\/v2\/posts\/166467","targetHints":{"allow":["GET"]}}],"collection":[{"href":"https:\/\/www.bellunopress.it\/fr\/wp-json\/wp\/v2\/posts"}],"about":[{"href":"https:\/\/www.bellunopress.it\/fr\/wp-json\/wp\/v2\/types\/post"}],"author":[{"embeddable":true,"href":"https:\/\/www.bellunopress.it\/fr\/wp-json\/wp\/v2\/users\/2"}],"replies":[{"embeddable":true,"href":"https:\/\/www.bellunopress.it\/fr\/wp-json\/wp\/v2\/comments?post=166467"}],"version-history":[{"count":1,"href":"https:\/\/www.bellunopress.it\/fr\/wp-json\/wp\/v2\/posts\/166467\/revisions"}],"predecessor-version":[{"id":166469,"href":"https:\/\/www.bellunopress.it\/fr\/wp-json\/wp\/v2\/posts\/166467\/revisions\/166469"}],"wp:featuredmedia":[{"embeddable":true,"href":"https:\/\/www.bellunopress.it\/fr\/wp-json\/wp\/v2\/media\/166468"}],"wp:attachment":[{"href":"https:\/\/www.bellunopress.it\/fr\/wp-json\/wp\/v2\/media?parent=166467"}],"wp:term":[{"taxonomy":"category","embeddable":true,"href":"https:\/\/www.bellunopress.it\/fr\/wp-json\/wp\/v2\/categories?post=166467"},{"taxonomy":"post_tag","embeddable":true,"href":"https:\/\/www.bellunopress.it\/fr\/wp-json\/wp\/v2\/tags?post=166467"}],"curies":[{"name":"wp","href":"https:\/\/api.w.org\/{rel}","templated":true}]}}