{"id":166464,"date":"2026-01-14T17:53:43","date_gmt":"2026-01-14T16:53:43","guid":{"rendered":"https:\/\/www.bellunopress.it\/?p=166464"},"modified":"2026-01-14T17:53:43","modified_gmt":"2026-01-14T16:53:43","slug":"la-storia-del-bob-levoluzione-e-i-campioni-venerdi-apre-la-mostra-al-fondaco-di-feltre","status":"publish","type":"post","link":"https:\/\/www.bellunopress.it\/fr\/2026\/01\/14\/la-storia-del-bob-levoluzione-e-i-campioni-venerdi-apre-la-mostra-al-fondaco-di-feltre\/","title":{"rendered":"La storia del bob. L&#8217;evoluzione e i campioni. Venerd\u00ec apre la mostra al Fondaco di Feltre"},"content":{"rendered":"<p><strong><img loading=\"lazy\" decoding=\"async\" class=\"aligncenter size-full wp-image-166465\" src=\"https:\/\/www.bellunopress.it\/wp-content\/uploads\/2026\/01\/la-storia-del-bob.jpg\" alt=\"\" width=\"600\" height=\"454\" srcset=\"https:\/\/www.bellunopress.it\/wp-content\/uploads\/2026\/01\/la-storia-del-bob.jpg 600w, https:\/\/www.bellunopress.it\/wp-content\/uploads\/2026\/01\/la-storia-del-bob-500x378.jpg 500w, https:\/\/www.bellunopress.it\/wp-content\/uploads\/2026\/01\/la-storia-del-bob-555x420.jpg 555w, https:\/\/www.bellunopress.it\/wp-content\/uploads\/2026\/01\/la-storia-del-bob-80x60.jpg 80w\" sizes=\"auto, (max-width: 600px) 100vw, 600px\" \/>Venerd\u00ec 16 gennaio alle ore 16 l\u2019inaugurazione, l\u2019apertura fino a domenica 18<\/strong><\/p>\n<p><strong>La mostra sar\u00e0 visitabile sabato 17 e domenica 18 gennaio, con orario 10.00\u201313.00 e 15.00\u201319.00, presso il Fondaco delle Biade, nel centro storico di Feltre.<\/strong><br \/>\n<strong>Durante le giornate di apertura sar\u00e0 presente la curatrice Marilena Bonato, che accompagner\u00e0 i visitatori lungo il percorso espositivo.<\/strong><\/p>\n<p>Dalle prime slitte artigianali alle grandi competizioni olimpiche, passando per<br \/>\nCortina e le Dolomiti: la storia del bob arriva a Feltre con una mostra che<br \/>\nracconta uomini, mezzi e imprese di uno degli sport pi\u00f9 affascinanti della<br \/>\nmontagna. Il Fondaco delle Biade ospita da venerd\u00ec 16 a domenica 18<br \/>\ngennaio \u201cLa storia del Bob. L\u2019evoluzione e i campioni\u201d, a cura di Marilena<br \/>\nBonato. \u201cQuesta mostra \u2013 dichiara il sindaco Viviana Fusaro \u2013 \u00e8 un\u2019occasione<br \/>\npreziosa per valorizzare la cultura sportiva del nostro territorio e per avvicinare<br \/>\ncittadini e giovani alla storia di una disciplina che affonda le sue radici nelle<br \/>\nDolomiti. Inserire questa iniziativa nel percorso legato ai temi olimpici e<br \/>\nparalimpici significa rafforzare il legame tra memoria, sport e territorio,<br \/>\nvalorizzando una tradizione che appartiene alla nostra storia e alla nostra<br \/>\ncomunit\u00e0\u201d.<\/p>\n<p><strong>L&#8217;iniziativa<\/strong><br \/>\nL\u2019esposizione propone un percorso attraverso la storia del bob, dalle prime<br \/>\n\u201cguidoslitte\u201d fino alle moderne competizioni internazionali, raccontando<br \/>\nl\u2019evoluzione tecnica e sportiva di una disciplina che nel tempo \u00e8 diventata uno<br \/>\ndegli sport olimpici pi\u00f9 spettacolari. Un\u2019attenzione particolare, all\u2019interno del<br \/>\npercorso espositivo, \u00e8 dedicata al territorio bellunese e alle Dolomiti,<br \/>\nnaturalmente vocate a questa pratica sportiva per le caratteristiche geografiche<br \/>\nche hanno favorito la nascita di piste, Bob Club, atleti e una consolidata<br \/>\ntradizione legata alla produzione dei mezzi. \u201cIl percorso espositivo ripercorre<br \/>\ncos\u00ec la nascita di questa disciplina e il progressivo sviluppo dei club, con un<br \/>\nfocus sul Bob Club di Cortina \u2013 spiega la curatrice, Marilena Bonato -, realt\u00e0<br \/>\nche ha avuto un ruolo centrale nella diffusione nazionale e internazionale di<br \/>\nquesto sport. Viene inoltre ricordata la figura del conte Federico Terschak,<br \/>\nindicato dalle cronache dell\u2019epoca come uno dei protagonisti dell\u2019introduzione<br \/>\ndel bob a Cortina\u201d. In mostra ci saranno anche materiali originali, prestiti e<br \/>\ntestimonianze dei protagonisti di questo sport: trofei, fotografie, racconti,<br \/>\naneddoti e mezzi autentici che permetteranno al pubblico di avvicinarsi<br \/>\nconcretamente alla storia delle competizioni. Tra i pezzi pi\u00f9 significativi<br \/>\nfigurano la fiaccola originale delle Olimpiadi di Cortina 1956, gentilmente<br \/>\nconcessa dalla famiglia di Stefano Dalla Corte, e l\u2019esposizione di due bob<br \/>\nautentici.<br \/>\n\u201cIl bob \u00e8 parte della tradizione sportiva della nostra area e raccontarne<br \/>\nl\u2019evoluzione significa trasmettere valori come impegno, passione e spirito di<br \/>\nsquadra \u2013 sottolinea l\u2019assessore allo sport Maurizio Zatta -. La presenza di<br \/>\nmateriali originali e testimonianze dirette rende l\u2019esperienza ancora pi\u00f9<br \/>\nconcreta: non \u00e8 solo una mostra da vedere, ma un racconto da vivere, capace<br \/>\ndi coinvolgere pubblici diversi e tutte le et\u00e0\u201d.<\/p>\n<p>&nbsp;<\/p>","protected":false},"excerpt":{"rendered":"<p>Venerd\u00ec 16 gennaio alle ore 16 l\u2019inaugurazione, l\u2019apertura fino a domenica 18 La mostra sar\u00e0 visitabile sabato 17 e domenica 18 gennaio, con orario 10.00\u201313.00 e 15.00\u201319.00, presso il Fondaco delle Biade, nel centro storico di Feltre. Durante le giornate di apertura sar\u00e0 presente la curatrice Marilena Bonato, che accompagner\u00e0 i visitatori lungo il percorso [&hellip;]<\/p>\n","protected":false},"author":2,"featured_media":166465,"comment_status":"closed","ping_status":"open","sticky":false,"template":"","format":"standard","meta":{"footnotes":""},"categories":[27,4],"tags":[],"class_list":["post-166464","post","type-post","status-publish","format-standard","has-post-thumbnail","category-appuntamenti","category-sport"],"yoast_head":"<!-- This site is optimized with the Yoast SEO plugin v28.4 - https:\/\/yoast.com\/product\/yoast-seo-wordpress\/ -->\n<title>La storia del bob. L&#039;evoluzione e i campioni. Venerd\u00ec apre la mostra al Fondaco di Feltre - Bellunopress - Dolomiti<\/title>\n<meta name=\"robots\" content=\"index, follow, max-snippet:-1, max-image-preview:large, max-video-preview:-1\" \/>\n<link rel=\"canonical\" href=\"https:\/\/www.bellunopress.it\/fr\/2026\/01\/14\/la-storia-del-bob-levoluzione-e-i-campioni-venerdi-apre-la-mostra-al-fondaco-di-feltre\/\" \/>\n<meta property=\"og:locale\" content=\"fr_FR\" \/>\n<meta property=\"og:type\" content=\"article\" \/>\n<meta property=\"og:title\" content=\"La storia del bob. L&#039;evoluzione e i campioni. Venerd\u00ec apre la mostra al Fondaco di Feltre - Bellunopress - Dolomiti\" \/>\n<meta property=\"og:description\" content=\"Venerd\u00ec 16 gennaio alle ore 16 l\u2019inaugurazione, l\u2019apertura fino a domenica 18 La mostra sar\u00e0 visitabile sabato 17 e domenica 18 gennaio, con orario 10.00\u201313.00 e 15.00\u201319.00, presso il Fondaco delle Biade, nel centro storico di Feltre. Durante le giornate di apertura sar\u00e0 presente la curatrice Marilena Bonato, che accompagner\u00e0 i visitatori lungo il percorso [&hellip;]\" \/>\n<meta property=\"og:url\" content=\"https:\/\/www.bellunopress.it\/fr\/2026\/01\/14\/la-storia-del-bob-levoluzione-e-i-campioni-venerdi-apre-la-mostra-al-fondaco-di-feltre\/\" \/>\n<meta property=\"og:site_name\" content=\"Bellunopress - Dolomiti\" \/>\n<meta property=\"article:publisher\" content=\"https:\/\/www.facebook.com\/profile.php?id=100008943462799\" \/>\n<meta property=\"article:published_time\" content=\"2026-01-14T16:53:43+00:00\" \/>\n<meta property=\"og:image\" content=\"https:\/\/www.bellunopress.it\/wp-content\/uploads\/2026\/01\/la-storia-del-bob.jpg\" \/>\n\t<meta property=\"og:image:width\" content=\"600\" \/>\n\t<meta property=\"og:image:height\" content=\"454\" \/>\n\t<meta property=\"og:image:type\" content=\"image\/jpeg\" \/>\n<meta name=\"author\" content=\"redazione\" \/>\n<meta name=\"twitter:card\" content=\"summary_large_image\" \/>\n<meta name=\"twitter:creator\" content=\"@bellunopress\" \/>\n<meta name=\"twitter:site\" content=\"@bellunopress\" \/>\n<meta name=\"twitter:label1\" content=\"\u00c9crit par\" \/>\n\t<meta name=\"twitter:data1\" content=\"redazione\" \/>\n\t<meta name=\"twitter:label2\" content=\"Dur\u00e9e de lecture estim\u00e9e\" \/>\n\t<meta name=\"twitter:data2\" content=\"2 minutes\" \/>\n<script type=\"application\/ld+json\" class=\"yoast-schema-graph\">{\"@context\":\"https:\\\/\\\/schema.org\",\"@graph\":[{\"@type\":\"Article\",\"@id\":\"https:\\\/\\\/www.bellunopress.it\\\/2026\\\/01\\\/14\\\/la-storia-del-bob-levoluzione-e-i-campioni-venerdi-apre-la-mostra-al-fondaco-di-feltre\\\/#article\",\"isPartOf\":{\"@id\":\"https:\\\/\\\/www.bellunopress.it\\\/2026\\\/01\\\/14\\\/la-storia-del-bob-levoluzione-e-i-campioni-venerdi-apre-la-mostra-al-fondaco-di-feltre\\\/\"},\"author\":{\"name\":\"redazione\",\"@id\":\"https:\\\/\\\/www.bellunopress.it\\\/#\\\/schema\\\/person\\\/79bb06722b37ece1c03d3e94beb30d73\"},\"headline\":\"La storia del bob. L&#8217;evoluzione e i campioni. Venerd\u00ec apre la mostra al Fondaco di Feltre\",\"datePublished\":\"2026-01-14T16:53:43+00:00\",\"mainEntityOfPage\":{\"@id\":\"https:\\\/\\\/www.bellunopress.it\\\/2026\\\/01\\\/14\\\/la-storia-del-bob-levoluzione-e-i-campioni-venerdi-apre-la-mostra-al-fondaco-di-feltre\\\/\"},\"wordCount\":477,\"publisher\":{\"@id\":\"https:\\\/\\\/www.bellunopress.it\\\/#organization\"},\"image\":{\"@id\":\"https:\\\/\\\/www.bellunopress.it\\\/2026\\\/01\\\/14\\\/la-storia-del-bob-levoluzione-e-i-campioni-venerdi-apre-la-mostra-al-fondaco-di-feltre\\\/#primaryimage\"},\"thumbnailUrl\":\"https:\\\/\\\/www.bellunopress.it\\\/wp-content\\\/uploads\\\/2026\\\/01\\\/la-storia-del-bob.jpg\",\"articleSection\":[\"Appuntamenti, Eventi\",\"Sport, tempo libero\"],\"inLanguage\":\"fr-FR\"},{\"@type\":\"WebPage\",\"@id\":\"https:\\\/\\\/www.bellunopress.it\\\/2026\\\/01\\\/14\\\/la-storia-del-bob-levoluzione-e-i-campioni-venerdi-apre-la-mostra-al-fondaco-di-feltre\\\/\",\"url\":\"https:\\\/\\\/www.bellunopress.it\\\/2026\\\/01\\\/14\\\/la-storia-del-bob-levoluzione-e-i-campioni-venerdi-apre-la-mostra-al-fondaco-di-feltre\\\/\",\"name\":\"La storia del bob. L'evoluzione e i campioni. Venerd\u00ec apre la mostra al Fondaco di Feltre - Bellunopress - Dolomiti\",\"isPartOf\":{\"@id\":\"https:\\\/\\\/www.bellunopress.it\\\/#website\"},\"primaryImageOfPage\":{\"@id\":\"https:\\\/\\\/www.bellunopress.it\\\/2026\\\/01\\\/14\\\/la-storia-del-bob-levoluzione-e-i-campioni-venerdi-apre-la-mostra-al-fondaco-di-feltre\\\/#primaryimage\"},\"image\":{\"@id\":\"https:\\\/\\\/www.bellunopress.it\\\/2026\\\/01\\\/14\\\/la-storia-del-bob-levoluzione-e-i-campioni-venerdi-apre-la-mostra-al-fondaco-di-feltre\\\/#primaryimage\"},\"thumbnailUrl\":\"https:\\\/\\\/www.bellunopress.it\\\/wp-content\\\/uploads\\\/2026\\\/01\\\/la-storia-del-bob.jpg\",\"datePublished\":\"2026-01-14T16:53:43+00:00\",\"breadcrumb\":{\"@id\":\"https:\\\/\\\/www.bellunopress.it\\\/2026\\\/01\\\/14\\\/la-storia-del-bob-levoluzione-e-i-campioni-venerdi-apre-la-mostra-al-fondaco-di-feltre\\\/#breadcrumb\"},\"inLanguage\":\"fr-FR\",\"potentialAction\":[{\"@type\":\"ReadAction\",\"target\":[\"https:\\\/\\\/www.bellunopress.it\\\/2026\\\/01\\\/14\\\/la-storia-del-bob-levoluzione-e-i-campioni-venerdi-apre-la-mostra-al-fondaco-di-feltre\\\/\"]}]},{\"@type\":\"ImageObject\",\"inLanguage\":\"fr-FR\",\"@id\":\"https:\\\/\\\/www.bellunopress.it\\\/2026\\\/01\\\/14\\\/la-storia-del-bob-levoluzione-e-i-campioni-venerdi-apre-la-mostra-al-fondaco-di-feltre\\\/#primaryimage\",\"url\":\"https:\\\/\\\/www.bellunopress.it\\\/wp-content\\\/uploads\\\/2026\\\/01\\\/la-storia-del-bob.jpg\",\"contentUrl\":\"https:\\\/\\\/www.bellunopress.it\\\/wp-content\\\/uploads\\\/2026\\\/01\\\/la-storia-del-bob.jpg\",\"width\":600,\"height\":454},{\"@type\":\"BreadcrumbList\",\"@id\":\"https:\\\/\\\/www.bellunopress.it\\\/2026\\\/01\\\/14\\\/la-storia-del-bob-levoluzione-e-i-campioni-venerdi-apre-la-mostra-al-fondaco-di-feltre\\\/#breadcrumb\",\"itemListElement\":[{\"@type\":\"ListItem\",\"position\":1,\"name\":\"Home\",\"item\":\"https:\\\/\\\/www.bellunopress.it\\\/\"},{\"@type\":\"ListItem\",\"position\":2,\"name\":\"La storia del bob. L&#8217;evoluzione e i campioni. Venerd\u00ec apre la mostra al Fondaco di Feltre\"}]},{\"@type\":\"WebSite\",\"@id\":\"https:\\\/\\\/www.bellunopress.it\\\/#website\",\"url\":\"https:\\\/\\\/www.bellunopress.it\\\/\",\"name\":\"Bellunopress - Dolomiti\",\"description\":\"e-mail: redazione@bellunopress.it\",\"publisher\":{\"@id\":\"https:\\\/\\\/www.bellunopress.it\\\/#organization\"},\"potentialAction\":[{\"@type\":\"SearchAction\",\"target\":{\"@type\":\"EntryPoint\",\"urlTemplate\":\"https:\\\/\\\/www.bellunopress.it\\\/?s={search_term_string}\"},\"query-input\":{\"@type\":\"PropertyValueSpecification\",\"valueRequired\":true,\"valueName\":\"search_term_string\"}}],\"inLanguage\":\"fr-FR\"},{\"@type\":\"Organization\",\"@id\":\"https:\\\/\\\/www.bellunopress.it\\\/#organization\",\"name\":\"Bellunopress\",\"url\":\"https:\\\/\\\/www.bellunopress.it\\\/\",\"logo\":{\"@type\":\"ImageObject\",\"inLanguage\":\"fr-FR\",\"@id\":\"https:\\\/\\\/www.bellunopress.it\\\/#\\\/schema\\\/logo\\\/image\\\/\",\"url\":\"https:\\\/\\\/www.bellunopress.it\\\/wp-content\\\/uploads\\\/2011\\\/05\\\/cropped-logo-bellunopress-.jpg\",\"contentUrl\":\"https:\\\/\\\/www.bellunopress.it\\\/wp-content\\\/uploads\\\/2011\\\/05\\\/cropped-logo-bellunopress-.jpg\",\"width\":512,\"height\":512,\"caption\":\"Bellunopress\"},\"image\":{\"@id\":\"https:\\\/\\\/www.bellunopress.it\\\/#\\\/schema\\\/logo\\\/image\\\/\"},\"sameAs\":[\"https:\\\/\\\/www.facebook.com\\\/profile.php?id=100008943462799\",\"https:\\\/\\\/x.com\\\/bellunopress\",\"https:\\\/\\\/www.linkedin.com\\\/hp\\\/?dnr=JBzUWaJfMUw8vbXJJ2tVW5-I3jZKvC4wsoxE&amp;amp;amp;amp;amp;amp;trk=nav_responsive_tab_home\",\"https:\\\/\\\/www.youtube.com\\\/channel\\\/UCxL0wu1uN0_3_7hGG0306cw\"]},{\"@type\":\"Person\",\"@id\":\"https:\\\/\\\/www.bellunopress.it\\\/#\\\/schema\\\/person\\\/79bb06722b37ece1c03d3e94beb30d73\",\"name\":\"redazione\",\"image\":{\"@type\":\"ImageObject\",\"inLanguage\":\"fr-FR\",\"@id\":\"https:\\\/\\\/secure.gravatar.com\\\/avatar\\\/37d968a2e67a6fd04c169c4bdef102d0bc5d31b2546345219e348575eb80e9a0?s=96&d=mm&r=g\",\"url\":\"https:\\\/\\\/secure.gravatar.com\\\/avatar\\\/37d968a2e67a6fd04c169c4bdef102d0bc5d31b2546345219e348575eb80e9a0?s=96&d=mm&r=g\",\"contentUrl\":\"https:\\\/\\\/secure.gravatar.com\\\/avatar\\\/37d968a2e67a6fd04c169c4bdef102d0bc5d31b2546345219e348575eb80e9a0?s=96&d=mm&r=g\",\"caption\":\"redazione\"},\"sameAs\":[\"http:\\\/\\\/www.bellunopress.it\",\"https:\\\/\\\/x.com\\\/bellunopress\"],\"url\":\"https:\\\/\\\/www.bellunopress.it\\\/fr\\\/author\\\/redazione\\\/\"}]}<\/script>\n<!-- \/ Yoast SEO plugin. -->","yoast_head_json":{"title":"La storia del bob. L'evoluzione e i campioni. Venerd\u00ec apre la mostra al Fondaco di Feltre - Bellunopress - Dolomiti","robots":{"index":"index","follow":"follow","max-snippet":"max-snippet:-1","max-image-preview":"max-image-preview:large","max-video-preview":"max-video-preview:-1"},"canonical":"https:\/\/www.bellunopress.it\/fr\/2026\/01\/14\/la-storia-del-bob-levoluzione-e-i-campioni-venerdi-apre-la-mostra-al-fondaco-di-feltre\/","og_locale":"fr_FR","og_type":"article","og_title":"La storia del bob. L'evoluzione e i campioni. Venerd\u00ec apre la mostra al Fondaco di Feltre - Bellunopress - Dolomiti","og_description":"Venerd\u00ec 16 gennaio alle ore 16 l\u2019inaugurazione, l\u2019apertura fino a domenica 18 La mostra sar\u00e0 visitabile sabato 17 e domenica 18 gennaio, con orario 10.00\u201313.00 e 15.00\u201319.00, presso il Fondaco delle Biade, nel centro storico di Feltre. Durante le giornate di apertura sar\u00e0 presente la curatrice Marilena Bonato, che accompagner\u00e0 i visitatori lungo il percorso [&hellip;]","og_url":"https:\/\/www.bellunopress.it\/fr\/2026\/01\/14\/la-storia-del-bob-levoluzione-e-i-campioni-venerdi-apre-la-mostra-al-fondaco-di-feltre\/","og_site_name":"Bellunopress - Dolomiti","article_publisher":"https:\/\/www.facebook.com\/profile.php?id=100008943462799","article_published_time":"2026-01-14T16:53:43+00:00","og_image":[{"width":600,"height":454,"url":"https:\/\/www.bellunopress.it\/wp-content\/uploads\/2026\/01\/la-storia-del-bob.jpg","type":"image\/jpeg"}],"author":"redazione","twitter_card":"summary_large_image","twitter_creator":"@bellunopress","twitter_site":"@bellunopress","twitter_misc":{"\u00c9crit par":"redazione","Dur\u00e9e de lecture estim\u00e9e":"2 minutes"},"schema":{"@context":"https:\/\/schema.org","@graph":[{"@type":"Article","@id":"https:\/\/www.bellunopress.it\/2026\/01\/14\/la-storia-del-bob-levoluzione-e-i-campioni-venerdi-apre-la-mostra-al-fondaco-di-feltre\/#article","isPartOf":{"@id":"https:\/\/www.bellunopress.it\/2026\/01\/14\/la-storia-del-bob-levoluzione-e-i-campioni-venerdi-apre-la-mostra-al-fondaco-di-feltre\/"},"author":{"name":"redazione","@id":"https:\/\/www.bellunopress.it\/#\/schema\/person\/79bb06722b37ece1c03d3e94beb30d73"},"headline":"La storia del bob. L&#8217;evoluzione e i campioni. Venerd\u00ec apre la mostra al Fondaco di Feltre","datePublished":"2026-01-14T16:53:43+00:00","mainEntityOfPage":{"@id":"https:\/\/www.bellunopress.it\/2026\/01\/14\/la-storia-del-bob-levoluzione-e-i-campioni-venerdi-apre-la-mostra-al-fondaco-di-feltre\/"},"wordCount":477,"publisher":{"@id":"https:\/\/www.bellunopress.it\/#organization"},"image":{"@id":"https:\/\/www.bellunopress.it\/2026\/01\/14\/la-storia-del-bob-levoluzione-e-i-campioni-venerdi-apre-la-mostra-al-fondaco-di-feltre\/#primaryimage"},"thumbnailUrl":"https:\/\/www.bellunopress.it\/wp-content\/uploads\/2026\/01\/la-storia-del-bob.jpg","articleSection":["Appuntamenti, Eventi","Sport, tempo libero"],"inLanguage":"fr-FR"},{"@type":"WebPage","@id":"https:\/\/www.bellunopress.it\/2026\/01\/14\/la-storia-del-bob-levoluzione-e-i-campioni-venerdi-apre-la-mostra-al-fondaco-di-feltre\/","url":"https:\/\/www.bellunopress.it\/2026\/01\/14\/la-storia-del-bob-levoluzione-e-i-campioni-venerdi-apre-la-mostra-al-fondaco-di-feltre\/","name":"La storia del bob. L'evoluzione e i campioni. Venerd\u00ec apre la mostra al Fondaco di Feltre - Bellunopress - Dolomiti","isPartOf":{"@id":"https:\/\/www.bellunopress.it\/#website"},"primaryImageOfPage":{"@id":"https:\/\/www.bellunopress.it\/2026\/01\/14\/la-storia-del-bob-levoluzione-e-i-campioni-venerdi-apre-la-mostra-al-fondaco-di-feltre\/#primaryimage"},"image":{"@id":"https:\/\/www.bellunopress.it\/2026\/01\/14\/la-storia-del-bob-levoluzione-e-i-campioni-venerdi-apre-la-mostra-al-fondaco-di-feltre\/#primaryimage"},"thumbnailUrl":"https:\/\/www.bellunopress.it\/wp-content\/uploads\/2026\/01\/la-storia-del-bob.jpg","datePublished":"2026-01-14T16:53:43+00:00","breadcrumb":{"@id":"https:\/\/www.bellunopress.it\/2026\/01\/14\/la-storia-del-bob-levoluzione-e-i-campioni-venerdi-apre-la-mostra-al-fondaco-di-feltre\/#breadcrumb"},"inLanguage":"fr-FR","potentialAction":[{"@type":"ReadAction","target":["https:\/\/www.bellunopress.it\/2026\/01\/14\/la-storia-del-bob-levoluzione-e-i-campioni-venerdi-apre-la-mostra-al-fondaco-di-feltre\/"]}]},{"@type":"ImageObject","inLanguage":"fr-FR","@id":"https:\/\/www.bellunopress.it\/2026\/01\/14\/la-storia-del-bob-levoluzione-e-i-campioni-venerdi-apre-la-mostra-al-fondaco-di-feltre\/#primaryimage","url":"https:\/\/www.bellunopress.it\/wp-content\/uploads\/2026\/01\/la-storia-del-bob.jpg","contentUrl":"https:\/\/www.bellunopress.it\/wp-content\/uploads\/2026\/01\/la-storia-del-bob.jpg","width":600,"height":454},{"@type":"BreadcrumbList","@id":"https:\/\/www.bellunopress.it\/2026\/01\/14\/la-storia-del-bob-levoluzione-e-i-campioni-venerdi-apre-la-mostra-al-fondaco-di-feltre\/#breadcrumb","itemListElement":[{"@type":"ListItem","position":1,"name":"Home","item":"https:\/\/www.bellunopress.it\/"},{"@type":"ListItem","position":2,"name":"La storia del bob. L&#8217;evoluzione e i campioni. Venerd\u00ec apre la mostra al Fondaco di Feltre"}]},{"@type":"WebSite","@id":"https:\/\/www.bellunopress.it\/#website","url":"https:\/\/www.bellunopress.it\/","name":"Bellunopress - Dolomiti","description":"e-mail: redazione@bellunopress.it","publisher":{"@id":"https:\/\/www.bellunopress.it\/#organization"},"potentialAction":[{"@type":"SearchAction","target":{"@type":"EntryPoint","urlTemplate":"https:\/\/www.bellunopress.it\/?s={search_term_string}"},"query-input":{"@type":"PropertyValueSpecification","valueRequired":true,"valueName":"search_term_string"}}],"inLanguage":"fr-FR"},{"@type":"Organization","@id":"https:\/\/www.bellunopress.it\/#organization","name":"Bellunopress","url":"https:\/\/www.bellunopress.it\/","logo":{"@type":"ImageObject","inLanguage":"fr-FR","@id":"https:\/\/www.bellunopress.it\/#\/schema\/logo\/image\/","url":"https:\/\/www.bellunopress.it\/wp-content\/uploads\/2011\/05\/cropped-logo-bellunopress-.jpg","contentUrl":"https:\/\/www.bellunopress.it\/wp-content\/uploads\/2011\/05\/cropped-logo-bellunopress-.jpg","width":512,"height":512,"caption":"Bellunopress"},"image":{"@id":"https:\/\/www.bellunopress.it\/#\/schema\/logo\/image\/"},"sameAs":["https:\/\/www.facebook.com\/profile.php?id=100008943462799","https:\/\/x.com\/bellunopress","https:\/\/www.linkedin.com\/hp\/?dnr=JBzUWaJfMUw8vbXJJ2tVW5-I3jZKvC4wsoxE&amp;amp;amp;amp;amp;amp;trk=nav_responsive_tab_home","https:\/\/www.youtube.com\/channel\/UCxL0wu1uN0_3_7hGG0306cw"]},{"@type":"Person","@id":"https:\/\/www.bellunopress.it\/#\/schema\/person\/79bb06722b37ece1c03d3e94beb30d73","name":"r\u00e9daction","image":{"@type":"ImageObject","inLanguage":"fr-FR","@id":"https:\/\/secure.gravatar.com\/avatar\/37d968a2e67a6fd04c169c4bdef102d0bc5d31b2546345219e348575eb80e9a0?s=96&d=mm&r=g","url":"https:\/\/secure.gravatar.com\/avatar\/37d968a2e67a6fd04c169c4bdef102d0bc5d31b2546345219e348575eb80e9a0?s=96&d=mm&r=g","contentUrl":"https:\/\/secure.gravatar.com\/avatar\/37d968a2e67a6fd04c169c4bdef102d0bc5d31b2546345219e348575eb80e9a0?s=96&d=mm&r=g","caption":"redazione"},"sameAs":["http:\/\/www.bellunopress.it","https:\/\/x.com\/bellunopress"],"url":"https:\/\/www.bellunopress.it\/fr\/author\/redazione\/"}]}},"_links":{"self":[{"href":"https:\/\/www.bellunopress.it\/fr\/wp-json\/wp\/v2\/posts\/166464","targetHints":{"allow":["GET"]}}],"collection":[{"href":"https:\/\/www.bellunopress.it\/fr\/wp-json\/wp\/v2\/posts"}],"about":[{"href":"https:\/\/www.bellunopress.it\/fr\/wp-json\/wp\/v2\/types\/post"}],"author":[{"embeddable":true,"href":"https:\/\/www.bellunopress.it\/fr\/wp-json\/wp\/v2\/users\/2"}],"replies":[{"embeddable":true,"href":"https:\/\/www.bellunopress.it\/fr\/wp-json\/wp\/v2\/comments?post=166464"}],"version-history":[{"count":1,"href":"https:\/\/www.bellunopress.it\/fr\/wp-json\/wp\/v2\/posts\/166464\/revisions"}],"predecessor-version":[{"id":166466,"href":"https:\/\/www.bellunopress.it\/fr\/wp-json\/wp\/v2\/posts\/166464\/revisions\/166466"}],"wp:featuredmedia":[{"embeddable":true,"href":"https:\/\/www.bellunopress.it\/fr\/wp-json\/wp\/v2\/media\/166465"}],"wp:attachment":[{"href":"https:\/\/www.bellunopress.it\/fr\/wp-json\/wp\/v2\/media?parent=166464"}],"wp:term":[{"taxonomy":"category","embeddable":true,"href":"https:\/\/www.bellunopress.it\/fr\/wp-json\/wp\/v2\/categories?post=166464"},{"taxonomy":"post_tag","embeddable":true,"href":"https:\/\/www.bellunopress.it\/fr\/wp-json\/wp\/v2\/tags?post=166464"}],"curies":[{"name":"wp","href":"https:\/\/api.w.org\/{rel}","templated":true}]}}