{"id":166462,"date":"2026-01-14T17:43:19","date_gmt":"2026-01-14T16:43:19","guid":{"rendered":"https:\/\/www.bellunopress.it\/?p=166462"},"modified":"2026-01-14T17:43:19","modified_gmt":"2026-01-14T16:43:19","slug":"accelerazionismo-eretico-sabato-a-belluno-la-presentazione-del-saggio-di-francesco-boco","status":"publish","type":"post","link":"https:\/\/www.bellunopress.it\/fr\/2026\/01\/14\/accelerazionismo-eretico-sabato-a-belluno-la-presentazione-del-saggio-di-francesco-boco\/","title":{"rendered":"Accelerazionismo eretico. Sabato a Belluno la presentazione del saggio di Francesco Boco"},"content":{"rendered":"<figure id=\"attachment_159629\" aria-describedby=\"caption-attachment-159629\" style=\"width: 1000px\" class=\"wp-caption aligncenter\"><img loading=\"lazy\" decoding=\"async\" class=\"size-full wp-image-159629\" src=\"https:\/\/www.bellunopress.it\/wp-content\/uploads\/2025\/04\/Borgo-Piave-sede-Ass-Terra-dei-Padri-Dematte_edited.jpg\" alt=\"\" width=\"1000\" height=\"690\" srcset=\"https:\/\/www.bellunopress.it\/wp-content\/uploads\/2025\/04\/Borgo-Piave-sede-Ass-Terra-dei-Padri-Dematte_edited.jpg 1000w, https:\/\/www.bellunopress.it\/wp-content\/uploads\/2025\/04\/Borgo-Piave-sede-Ass-Terra-dei-Padri-Dematte_edited-500x345.jpg 500w, https:\/\/www.bellunopress.it\/wp-content\/uploads\/2025\/04\/Borgo-Piave-sede-Ass-Terra-dei-Padri-Dematte_edited-609x420.jpg 609w, https:\/\/www.bellunopress.it\/wp-content\/uploads\/2025\/04\/Borgo-Piave-sede-Ass-Terra-dei-Padri-Dematte_edited-218x150.jpg 218w, https:\/\/www.bellunopress.it\/wp-content\/uploads\/2025\/04\/Borgo-Piave-sede-Ass-Terra-dei-Padri-Dematte_edited-696x480.jpg 696w\" sizes=\"auto, (max-width: 1000px) 100vw, 1000px\" \/><figcaption id=\"caption-attachment-159629\" class=\"wp-caption-text\">Belluno, piazzetta di Borgo Piave, via dei Molini 10 , sede dell&#8217;Associazione, di fronte alla chiesa di San Nicol\u00f2.<\/figcaption><\/figure>\n<p>Sabato 17 gennaio 2026 alle ore 17.00 nella sede del Circolo culturale &#8220;La Terra dei Padri in via dei Molini, 10 a Belluno (Borgo Piave, davanti alla chiesa di San Nicol\u00f2), Francesco Boco, giovane filosofo bellunese, illustrer\u00e0 al pubblico bellunese il suo ultimo saggio, &#8220;Accelerazionismo eretico&#8221;, edizioni Passaggio al Bosco.<br \/>\nPresenta e modera il professor Francesco Dematt\u00e8,\u00a0 presidente del Circolo culturale &#8220;La Terra dei Padri &#8211; Belluno APS&#8221;.<\/p>\n<p><strong>Il libro<\/strong><\/p>\n<p>Ogni civilt\u00e0 accelera&#8230; fino al proprio limite. Poi nasce qualcos&#8217;altro. Viviamo in un tempo sospeso, dove il presente si dilata e il futuro sembra gi\u00e0 scritto. La velocit\u00e0 della tecnica non si traduce in slancio vitale, ma in paralisi culturale. La tecnica-mondo corre, eppure non avanza, non apre nuovi orizzonti. Accelerazionismo Eretico esplora questa contraddizione e la ribalta: il nichilismo planetario non \u00e8 una condanna, ma un varco. Attraverso filosofia, storia e analisi radicale, il libro traccia un percorso che va oltre la rassegnazione e il nostalgismo. Non un&#8217;utopia lenta e<br \/>\naddomesticata, ma un balzo in avanti: un&#8217;accelerazione verso forme nuove di pensiero, di potere, di esistenza. Questo non \u00e8 un testo per chi teme il cambiamento. \u00c8 un manuale per preparare la controaffermazione epocale. Passando attraverso il mito di Prometeo, Ulisse, Teseo e la lettura di Nietzsche, Evola, J\u00fcnger e Heidegger, si aprono orizzonti imprevedibili. \u00c8 un invito a guardare il collasso negli occhi e a riconoscerlo come atto di rinascita.<\/p>\n<p><strong>L&#8217;autore<\/strong><\/p>\n<p>Nato a Belluno nel 1984, grafico tipografo. Laureato in filosofia, ha collaborato con numerose riviste e quotidiani tra cui Linea, Orion, Secolo d&#8217;Italia, Letteratura &amp; Tradizione, Polaris, Il Primato Nazionale. Dal 2000 \u00e8 attivo nell&#8217;underground Black Metal con svariati progetti musicali, i pi\u00f9 recenti sono Warnerve, NeroNulla, Patriarch. Ha tradotto dal francese e curato il libro di Guillaume Faye Per farla finita col nichilismo. Heidegger e la questione della tecnica (SEB 2007). Ha scritto i libri Dialoghi con l&#8217;ospite inquietante \u2013 Spengler e Heidegger (Flamingo ed.) e La Catastrofe dell&#8217;Europa (Idrovolante ed.). Ha contribuito con un saggio al volume collettivo Europa Accelerazione Potenza (Passaggio al Bosco ed.). E\u0300 tra i fondatori dell&#8217;iniziativa editoriale metapolitica Polemos, con cui ha anche pubblicato il Might Is Right in lingua italiana. \u00c8 tra i fondatori della rivista Prometheica. Collabora con Radio KulturaEuropa.<\/p>","protected":false},"excerpt":{"rendered":"<p>Sabato 17 gennaio 2026 alle ore 17.00 nella sede del Circolo culturale &#8220;La Terra dei Padri in via dei Molini, 10 a Belluno (Borgo Piave, davanti alla chiesa di San Nicol\u00f2), Francesco Boco, giovane filosofo bellunese, illustrer\u00e0 al pubblico bellunese il suo ultimo saggio, &#8220;Accelerazionismo eretico&#8221;, edizioni Passaggio al Bosco. Presenta e modera il professor [&hellip;]<\/p>\n","protected":false},"author":2,"featured_media":159629,"comment_status":"closed","ping_status":"open","sticky":false,"template":"","format":"standard","meta":{"footnotes":""},"categories":[27,25],"tags":[],"class_list":["post-166462","post","type-post","status-publish","format-standard","has-post-thumbnail","category-appuntamenti","category-pausa-caffe"],"yoast_head":"<!-- This site is optimized with the Yoast SEO plugin v28.4 - https:\/\/yoast.com\/product\/yoast-seo-wordpress\/ -->\n<title>Accelerazionismo eretico. Sabato a Belluno la presentazione del saggio di Francesco Boco - Bellunopress - Dolomiti<\/title>\n<meta name=\"robots\" content=\"index, follow, max-snippet:-1, max-image-preview:large, max-video-preview:-1\" \/>\n<link rel=\"canonical\" href=\"https:\/\/www.bellunopress.it\/fr\/2026\/01\/14\/accelerazionismo-eretico-sabato-a-belluno-la-presentazione-del-saggio-di-francesco-boco\/\" \/>\n<meta property=\"og:locale\" content=\"fr_FR\" \/>\n<meta property=\"og:type\" content=\"article\" \/>\n<meta property=\"og:title\" content=\"Accelerazionismo eretico. Sabato a Belluno la presentazione del saggio di Francesco Boco - Bellunopress - Dolomiti\" \/>\n<meta property=\"og:description\" content=\"Sabato 17 gennaio 2026 alle ore 17.00 nella sede del Circolo culturale &#8220;La Terra dei Padri in via dei Molini, 10 a Belluno (Borgo Piave, davanti alla chiesa di San Nicol\u00f2), Francesco Boco, giovane filosofo bellunese, illustrer\u00e0 al pubblico bellunese il suo ultimo saggio, &#8220;Accelerazionismo eretico&#8221;, edizioni Passaggio al Bosco. Presenta e modera il professor [&hellip;]\" \/>\n<meta property=\"og:url\" content=\"https:\/\/www.bellunopress.it\/fr\/2026\/01\/14\/accelerazionismo-eretico-sabato-a-belluno-la-presentazione-del-saggio-di-francesco-boco\/\" \/>\n<meta property=\"og:site_name\" content=\"Bellunopress - Dolomiti\" \/>\n<meta property=\"article:publisher\" content=\"https:\/\/www.facebook.com\/profile.php?id=100008943462799\" \/>\n<meta property=\"article:published_time\" content=\"2026-01-14T16:43:19+00:00\" \/>\n<meta property=\"og:image\" content=\"https:\/\/www.bellunopress.it\/wp-content\/uploads\/2025\/04\/Borgo-Piave-sede-Ass-Terra-dei-Padri-Dematte_edited.jpg\" \/>\n\t<meta property=\"og:image:width\" content=\"1000\" \/>\n\t<meta property=\"og:image:height\" content=\"690\" \/>\n\t<meta property=\"og:image:type\" content=\"image\/jpeg\" \/>\n<meta name=\"author\" content=\"redazione\" \/>\n<meta name=\"twitter:card\" content=\"summary_large_image\" \/>\n<meta name=\"twitter:creator\" content=\"@bellunopress\" \/>\n<meta name=\"twitter:site\" content=\"@bellunopress\" \/>\n<meta name=\"twitter:label1\" content=\"\u00c9crit par\" \/>\n\t<meta name=\"twitter:data1\" content=\"redazione\" \/>\n\t<meta name=\"twitter:label2\" content=\"Dur\u00e9e de lecture estim\u00e9e\" \/>\n\t<meta name=\"twitter:data2\" content=\"2 minutes\" \/>\n<script type=\"application\/ld+json\" class=\"yoast-schema-graph\">{\"@context\":\"https:\\\/\\\/schema.org\",\"@graph\":[{\"@type\":\"Article\",\"@id\":\"https:\\\/\\\/www.bellunopress.it\\\/2026\\\/01\\\/14\\\/accelerazionismo-eretico-sabato-a-belluno-la-presentazione-del-saggio-di-francesco-boco\\\/#article\",\"isPartOf\":{\"@id\":\"https:\\\/\\\/www.bellunopress.it\\\/2026\\\/01\\\/14\\\/accelerazionismo-eretico-sabato-a-belluno-la-presentazione-del-saggio-di-francesco-boco\\\/\"},\"author\":{\"name\":\"redazione\",\"@id\":\"https:\\\/\\\/www.bellunopress.it\\\/#\\\/schema\\\/person\\\/79bb06722b37ece1c03d3e94beb30d73\"},\"headline\":\"Accelerazionismo eretico. Sabato a Belluno la presentazione del saggio di Francesco Boco\",\"datePublished\":\"2026-01-14T16:43:19+00:00\",\"mainEntityOfPage\":{\"@id\":\"https:\\\/\\\/www.bellunopress.it\\\/2026\\\/01\\\/14\\\/accelerazionismo-eretico-sabato-a-belluno-la-presentazione-del-saggio-di-francesco-boco\\\/\"},\"wordCount\":404,\"publisher\":{\"@id\":\"https:\\\/\\\/www.bellunopress.it\\\/#organization\"},\"image\":{\"@id\":\"https:\\\/\\\/www.bellunopress.it\\\/2026\\\/01\\\/14\\\/accelerazionismo-eretico-sabato-a-belluno-la-presentazione-del-saggio-di-francesco-boco\\\/#primaryimage\"},\"thumbnailUrl\":\"https:\\\/\\\/www.bellunopress.it\\\/wp-content\\\/uploads\\\/2025\\\/04\\\/Borgo-Piave-sede-Ass-Terra-dei-Padri-Dematte_edited.jpg\",\"articleSection\":[\"Appuntamenti, Eventi\",\"Pausa Caff\u00e8\"],\"inLanguage\":\"fr-FR\"},{\"@type\":\"WebPage\",\"@id\":\"https:\\\/\\\/www.bellunopress.it\\\/2026\\\/01\\\/14\\\/accelerazionismo-eretico-sabato-a-belluno-la-presentazione-del-saggio-di-francesco-boco\\\/\",\"url\":\"https:\\\/\\\/www.bellunopress.it\\\/2026\\\/01\\\/14\\\/accelerazionismo-eretico-sabato-a-belluno-la-presentazione-del-saggio-di-francesco-boco\\\/\",\"name\":\"Accelerazionismo eretico. Sabato a Belluno la presentazione del saggio di Francesco Boco - Bellunopress - Dolomiti\",\"isPartOf\":{\"@id\":\"https:\\\/\\\/www.bellunopress.it\\\/#website\"},\"primaryImageOfPage\":{\"@id\":\"https:\\\/\\\/www.bellunopress.it\\\/2026\\\/01\\\/14\\\/accelerazionismo-eretico-sabato-a-belluno-la-presentazione-del-saggio-di-francesco-boco\\\/#primaryimage\"},\"image\":{\"@id\":\"https:\\\/\\\/www.bellunopress.it\\\/2026\\\/01\\\/14\\\/accelerazionismo-eretico-sabato-a-belluno-la-presentazione-del-saggio-di-francesco-boco\\\/#primaryimage\"},\"thumbnailUrl\":\"https:\\\/\\\/www.bellunopress.it\\\/wp-content\\\/uploads\\\/2025\\\/04\\\/Borgo-Piave-sede-Ass-Terra-dei-Padri-Dematte_edited.jpg\",\"datePublished\":\"2026-01-14T16:43:19+00:00\",\"breadcrumb\":{\"@id\":\"https:\\\/\\\/www.bellunopress.it\\\/2026\\\/01\\\/14\\\/accelerazionismo-eretico-sabato-a-belluno-la-presentazione-del-saggio-di-francesco-boco\\\/#breadcrumb\"},\"inLanguage\":\"fr-FR\",\"potentialAction\":[{\"@type\":\"ReadAction\",\"target\":[\"https:\\\/\\\/www.bellunopress.it\\\/2026\\\/01\\\/14\\\/accelerazionismo-eretico-sabato-a-belluno-la-presentazione-del-saggio-di-francesco-boco\\\/\"]}]},{\"@type\":\"ImageObject\",\"inLanguage\":\"fr-FR\",\"@id\":\"https:\\\/\\\/www.bellunopress.it\\\/2026\\\/01\\\/14\\\/accelerazionismo-eretico-sabato-a-belluno-la-presentazione-del-saggio-di-francesco-boco\\\/#primaryimage\",\"url\":\"https:\\\/\\\/www.bellunopress.it\\\/wp-content\\\/uploads\\\/2025\\\/04\\\/Borgo-Piave-sede-Ass-Terra-dei-Padri-Dematte_edited.jpg\",\"contentUrl\":\"https:\\\/\\\/www.bellunopress.it\\\/wp-content\\\/uploads\\\/2025\\\/04\\\/Borgo-Piave-sede-Ass-Terra-dei-Padri-Dematte_edited.jpg\",\"width\":1000,\"height\":690,\"caption\":\"Belluno, piazzetta di Borgo Piave, via dei Molini 10 , sede dell'Associazione, di fronte alla chiesa di San Nicol\u00f2.\"},{\"@type\":\"BreadcrumbList\",\"@id\":\"https:\\\/\\\/www.bellunopress.it\\\/2026\\\/01\\\/14\\\/accelerazionismo-eretico-sabato-a-belluno-la-presentazione-del-saggio-di-francesco-boco\\\/#breadcrumb\",\"itemListElement\":[{\"@type\":\"ListItem\",\"position\":1,\"name\":\"Home\",\"item\":\"https:\\\/\\\/www.bellunopress.it\\\/\"},{\"@type\":\"ListItem\",\"position\":2,\"name\":\"Accelerazionismo eretico. Sabato a Belluno la presentazione del saggio di Francesco Boco\"}]},{\"@type\":\"WebSite\",\"@id\":\"https:\\\/\\\/www.bellunopress.it\\\/#website\",\"url\":\"https:\\\/\\\/www.bellunopress.it\\\/\",\"name\":\"Bellunopress - Dolomiti\",\"description\":\"e-mail: redazione@bellunopress.it\",\"publisher\":{\"@id\":\"https:\\\/\\\/www.bellunopress.it\\\/#organization\"},\"potentialAction\":[{\"@type\":\"SearchAction\",\"target\":{\"@type\":\"EntryPoint\",\"urlTemplate\":\"https:\\\/\\\/www.bellunopress.it\\\/?s={search_term_string}\"},\"query-input\":{\"@type\":\"PropertyValueSpecification\",\"valueRequired\":true,\"valueName\":\"search_term_string\"}}],\"inLanguage\":\"fr-FR\"},{\"@type\":\"Organization\",\"@id\":\"https:\\\/\\\/www.bellunopress.it\\\/#organization\",\"name\":\"Bellunopress\",\"url\":\"https:\\\/\\\/www.bellunopress.it\\\/\",\"logo\":{\"@type\":\"ImageObject\",\"inLanguage\":\"fr-FR\",\"@id\":\"https:\\\/\\\/www.bellunopress.it\\\/#\\\/schema\\\/logo\\\/image\\\/\",\"url\":\"https:\\\/\\\/www.bellunopress.it\\\/wp-content\\\/uploads\\\/2011\\\/05\\\/cropped-logo-bellunopress-.jpg\",\"contentUrl\":\"https:\\\/\\\/www.bellunopress.it\\\/wp-content\\\/uploads\\\/2011\\\/05\\\/cropped-logo-bellunopress-.jpg\",\"width\":512,\"height\":512,\"caption\":\"Bellunopress\"},\"image\":{\"@id\":\"https:\\\/\\\/www.bellunopress.it\\\/#\\\/schema\\\/logo\\\/image\\\/\"},\"sameAs\":[\"https:\\\/\\\/www.facebook.com\\\/profile.php?id=100008943462799\",\"https:\\\/\\\/x.com\\\/bellunopress\",\"https:\\\/\\\/www.linkedin.com\\\/hp\\\/?dnr=JBzUWaJfMUw8vbXJJ2tVW5-I3jZKvC4wsoxE&amp;amp;amp;amp;amp;amp;trk=nav_responsive_tab_home\",\"https:\\\/\\\/www.youtube.com\\\/channel\\\/UCxL0wu1uN0_3_7hGG0306cw\"]},{\"@type\":\"Person\",\"@id\":\"https:\\\/\\\/www.bellunopress.it\\\/#\\\/schema\\\/person\\\/79bb06722b37ece1c03d3e94beb30d73\",\"name\":\"redazione\",\"image\":{\"@type\":\"ImageObject\",\"inLanguage\":\"fr-FR\",\"@id\":\"https:\\\/\\\/secure.gravatar.com\\\/avatar\\\/37d968a2e67a6fd04c169c4bdef102d0bc5d31b2546345219e348575eb80e9a0?s=96&d=mm&r=g\",\"url\":\"https:\\\/\\\/secure.gravatar.com\\\/avatar\\\/37d968a2e67a6fd04c169c4bdef102d0bc5d31b2546345219e348575eb80e9a0?s=96&d=mm&r=g\",\"contentUrl\":\"https:\\\/\\\/secure.gravatar.com\\\/avatar\\\/37d968a2e67a6fd04c169c4bdef102d0bc5d31b2546345219e348575eb80e9a0?s=96&d=mm&r=g\",\"caption\":\"redazione\"},\"sameAs\":[\"http:\\\/\\\/www.bellunopress.it\",\"https:\\\/\\\/x.com\\\/bellunopress\"],\"url\":\"https:\\\/\\\/www.bellunopress.it\\\/fr\\\/author\\\/redazione\\\/\"}]}<\/script>\n<!-- \/ Yoast SEO plugin. -->","yoast_head_json":{"title":"Accelerazionismo eretico. Sabato a Belluno la presentazione del saggio di Francesco Boco - Bellunopress - Dolomiti","robots":{"index":"index","follow":"follow","max-snippet":"max-snippet:-1","max-image-preview":"max-image-preview:large","max-video-preview":"max-video-preview:-1"},"canonical":"https:\/\/www.bellunopress.it\/fr\/2026\/01\/14\/accelerazionismo-eretico-sabato-a-belluno-la-presentazione-del-saggio-di-francesco-boco\/","og_locale":"fr_FR","og_type":"article","og_title":"Accelerazionismo eretico. Sabato a Belluno la presentazione del saggio di Francesco Boco - Bellunopress - Dolomiti","og_description":"Sabato 17 gennaio 2026 alle ore 17.00 nella sede del Circolo culturale &#8220;La Terra dei Padri in via dei Molini, 10 a Belluno (Borgo Piave, davanti alla chiesa di San Nicol\u00f2), Francesco Boco, giovane filosofo bellunese, illustrer\u00e0 al pubblico bellunese il suo ultimo saggio, &#8220;Accelerazionismo eretico&#8221;, edizioni Passaggio al Bosco. Presenta e modera il professor [&hellip;]","og_url":"https:\/\/www.bellunopress.it\/fr\/2026\/01\/14\/accelerazionismo-eretico-sabato-a-belluno-la-presentazione-del-saggio-di-francesco-boco\/","og_site_name":"Bellunopress - Dolomiti","article_publisher":"https:\/\/www.facebook.com\/profile.php?id=100008943462799","article_published_time":"2026-01-14T16:43:19+00:00","og_image":[{"width":1000,"height":690,"url":"https:\/\/www.bellunopress.it\/wp-content\/uploads\/2025\/04\/Borgo-Piave-sede-Ass-Terra-dei-Padri-Dematte_edited.jpg","type":"image\/jpeg"}],"author":"redazione","twitter_card":"summary_large_image","twitter_creator":"@bellunopress","twitter_site":"@bellunopress","twitter_misc":{"\u00c9crit par":"redazione","Dur\u00e9e de lecture estim\u00e9e":"2 minutes"},"schema":{"@context":"https:\/\/schema.org","@graph":[{"@type":"Article","@id":"https:\/\/www.bellunopress.it\/2026\/01\/14\/accelerazionismo-eretico-sabato-a-belluno-la-presentazione-del-saggio-di-francesco-boco\/#article","isPartOf":{"@id":"https:\/\/www.bellunopress.it\/2026\/01\/14\/accelerazionismo-eretico-sabato-a-belluno-la-presentazione-del-saggio-di-francesco-boco\/"},"author":{"name":"redazione","@id":"https:\/\/www.bellunopress.it\/#\/schema\/person\/79bb06722b37ece1c03d3e94beb30d73"},"headline":"Accelerazionismo eretico. Sabato a Belluno la presentazione del saggio di Francesco Boco","datePublished":"2026-01-14T16:43:19+00:00","mainEntityOfPage":{"@id":"https:\/\/www.bellunopress.it\/2026\/01\/14\/accelerazionismo-eretico-sabato-a-belluno-la-presentazione-del-saggio-di-francesco-boco\/"},"wordCount":404,"publisher":{"@id":"https:\/\/www.bellunopress.it\/#organization"},"image":{"@id":"https:\/\/www.bellunopress.it\/2026\/01\/14\/accelerazionismo-eretico-sabato-a-belluno-la-presentazione-del-saggio-di-francesco-boco\/#primaryimage"},"thumbnailUrl":"https:\/\/www.bellunopress.it\/wp-content\/uploads\/2025\/04\/Borgo-Piave-sede-Ass-Terra-dei-Padri-Dematte_edited.jpg","articleSection":["Appuntamenti, Eventi","Pausa Caff\u00e8"],"inLanguage":"fr-FR"},{"@type":"WebPage","@id":"https:\/\/www.bellunopress.it\/2026\/01\/14\/accelerazionismo-eretico-sabato-a-belluno-la-presentazione-del-saggio-di-francesco-boco\/","url":"https:\/\/www.bellunopress.it\/2026\/01\/14\/accelerazionismo-eretico-sabato-a-belluno-la-presentazione-del-saggio-di-francesco-boco\/","name":"Accelerazionismo eretico. Sabato a Belluno la presentazione del saggio di Francesco Boco - Bellunopress - Dolomiti","isPartOf":{"@id":"https:\/\/www.bellunopress.it\/#website"},"primaryImageOfPage":{"@id":"https:\/\/www.bellunopress.it\/2026\/01\/14\/accelerazionismo-eretico-sabato-a-belluno-la-presentazione-del-saggio-di-francesco-boco\/#primaryimage"},"image":{"@id":"https:\/\/www.bellunopress.it\/2026\/01\/14\/accelerazionismo-eretico-sabato-a-belluno-la-presentazione-del-saggio-di-francesco-boco\/#primaryimage"},"thumbnailUrl":"https:\/\/www.bellunopress.it\/wp-content\/uploads\/2025\/04\/Borgo-Piave-sede-Ass-Terra-dei-Padri-Dematte_edited.jpg","datePublished":"2026-01-14T16:43:19+00:00","breadcrumb":{"@id":"https:\/\/www.bellunopress.it\/2026\/01\/14\/accelerazionismo-eretico-sabato-a-belluno-la-presentazione-del-saggio-di-francesco-boco\/#breadcrumb"},"inLanguage":"fr-FR","potentialAction":[{"@type":"ReadAction","target":["https:\/\/www.bellunopress.it\/2026\/01\/14\/accelerazionismo-eretico-sabato-a-belluno-la-presentazione-del-saggio-di-francesco-boco\/"]}]},{"@type":"ImageObject","inLanguage":"fr-FR","@id":"https:\/\/www.bellunopress.it\/2026\/01\/14\/accelerazionismo-eretico-sabato-a-belluno-la-presentazione-del-saggio-di-francesco-boco\/#primaryimage","url":"https:\/\/www.bellunopress.it\/wp-content\/uploads\/2025\/04\/Borgo-Piave-sede-Ass-Terra-dei-Padri-Dematte_edited.jpg","contentUrl":"https:\/\/www.bellunopress.it\/wp-content\/uploads\/2025\/04\/Borgo-Piave-sede-Ass-Terra-dei-Padri-Dematte_edited.jpg","width":1000,"height":690,"caption":"Belluno, piazzetta di Borgo Piave, via dei Molini 10 , sede dell'Associazione, di fronte alla chiesa di San Nicol\u00f2."},{"@type":"BreadcrumbList","@id":"https:\/\/www.bellunopress.it\/2026\/01\/14\/accelerazionismo-eretico-sabato-a-belluno-la-presentazione-del-saggio-di-francesco-boco\/#breadcrumb","itemListElement":[{"@type":"ListItem","position":1,"name":"Home","item":"https:\/\/www.bellunopress.it\/"},{"@type":"ListItem","position":2,"name":"Accelerazionismo eretico. Sabato a Belluno la presentazione del saggio di Francesco Boco"}]},{"@type":"WebSite","@id":"https:\/\/www.bellunopress.it\/#website","url":"https:\/\/www.bellunopress.it\/","name":"Bellunopress - Dolomiti","description":"e-mail: redazione@bellunopress.it","publisher":{"@id":"https:\/\/www.bellunopress.it\/#organization"},"potentialAction":[{"@type":"SearchAction","target":{"@type":"EntryPoint","urlTemplate":"https:\/\/www.bellunopress.it\/?s={search_term_string}"},"query-input":{"@type":"PropertyValueSpecification","valueRequired":true,"valueName":"search_term_string"}}],"inLanguage":"fr-FR"},{"@type":"Organization","@id":"https:\/\/www.bellunopress.it\/#organization","name":"Bellunopress","url":"https:\/\/www.bellunopress.it\/","logo":{"@type":"ImageObject","inLanguage":"fr-FR","@id":"https:\/\/www.bellunopress.it\/#\/schema\/logo\/image\/","url":"https:\/\/www.bellunopress.it\/wp-content\/uploads\/2011\/05\/cropped-logo-bellunopress-.jpg","contentUrl":"https:\/\/www.bellunopress.it\/wp-content\/uploads\/2011\/05\/cropped-logo-bellunopress-.jpg","width":512,"height":512,"caption":"Bellunopress"},"image":{"@id":"https:\/\/www.bellunopress.it\/#\/schema\/logo\/image\/"},"sameAs":["https:\/\/www.facebook.com\/profile.php?id=100008943462799","https:\/\/x.com\/bellunopress","https:\/\/www.linkedin.com\/hp\/?dnr=JBzUWaJfMUw8vbXJJ2tVW5-I3jZKvC4wsoxE&amp;amp;amp;amp;amp;amp;trk=nav_responsive_tab_home","https:\/\/www.youtube.com\/channel\/UCxL0wu1uN0_3_7hGG0306cw"]},{"@type":"Person","@id":"https:\/\/www.bellunopress.it\/#\/schema\/person\/79bb06722b37ece1c03d3e94beb30d73","name":"r\u00e9daction","image":{"@type":"ImageObject","inLanguage":"fr-FR","@id":"https:\/\/secure.gravatar.com\/avatar\/37d968a2e67a6fd04c169c4bdef102d0bc5d31b2546345219e348575eb80e9a0?s=96&d=mm&r=g","url":"https:\/\/secure.gravatar.com\/avatar\/37d968a2e67a6fd04c169c4bdef102d0bc5d31b2546345219e348575eb80e9a0?s=96&d=mm&r=g","contentUrl":"https:\/\/secure.gravatar.com\/avatar\/37d968a2e67a6fd04c169c4bdef102d0bc5d31b2546345219e348575eb80e9a0?s=96&d=mm&r=g","caption":"redazione"},"sameAs":["http:\/\/www.bellunopress.it","https:\/\/x.com\/bellunopress"],"url":"https:\/\/www.bellunopress.it\/fr\/author\/redazione\/"}]}},"_links":{"self":[{"href":"https:\/\/www.bellunopress.it\/fr\/wp-json\/wp\/v2\/posts\/166462","targetHints":{"allow":["GET"]}}],"collection":[{"href":"https:\/\/www.bellunopress.it\/fr\/wp-json\/wp\/v2\/posts"}],"about":[{"href":"https:\/\/www.bellunopress.it\/fr\/wp-json\/wp\/v2\/types\/post"}],"author":[{"embeddable":true,"href":"https:\/\/www.bellunopress.it\/fr\/wp-json\/wp\/v2\/users\/2"}],"replies":[{"embeddable":true,"href":"https:\/\/www.bellunopress.it\/fr\/wp-json\/wp\/v2\/comments?post=166462"}],"version-history":[{"count":1,"href":"https:\/\/www.bellunopress.it\/fr\/wp-json\/wp\/v2\/posts\/166462\/revisions"}],"predecessor-version":[{"id":166463,"href":"https:\/\/www.bellunopress.it\/fr\/wp-json\/wp\/v2\/posts\/166462\/revisions\/166463"}],"wp:featuredmedia":[{"embeddable":true,"href":"https:\/\/www.bellunopress.it\/fr\/wp-json\/wp\/v2\/media\/159629"}],"wp:attachment":[{"href":"https:\/\/www.bellunopress.it\/fr\/wp-json\/wp\/v2\/media?parent=166462"}],"wp:term":[{"taxonomy":"category","embeddable":true,"href":"https:\/\/www.bellunopress.it\/fr\/wp-json\/wp\/v2\/categories?post=166462"},{"taxonomy":"post_tag","embeddable":true,"href":"https:\/\/www.bellunopress.it\/fr\/wp-json\/wp\/v2\/tags?post=166462"}],"curies":[{"name":"wp","href":"https:\/\/api.w.org\/{rel}","templated":true}]}}