{"id":166459,"date":"2026-01-14T16:56:58","date_gmt":"2026-01-14T15:56:58","guid":{"rendered":"https:\/\/www.bellunopress.it\/?p=166459"},"modified":"2026-01-14T16:56:58","modified_gmt":"2026-01-14T15:56:58","slug":"a-feltre-arrivano-i-giochi-di-ghiaccio-e-di-neve-tre-giornate-dedicate-alle-olimpiadi-dei-ragazzi","status":"publish","type":"post","link":"https:\/\/www.bellunopress.it\/fr\/2026\/01\/14\/a-feltre-arrivano-i-giochi-di-ghiaccio-e-di-neve-tre-giornate-dedicate-alle-olimpiadi-dei-ragazzi\/","title":{"rendered":"A Feltre arrivano i \u201cGiochi di ghiaccio e di neve\u201d: tre giornate dedicate alle Olimpiadi dei ragazzi"},"content":{"rendered":"<p><img loading=\"lazy\" decoding=\"async\" class=\"aligncenter size-full wp-image-166460\" src=\"https:\/\/www.bellunopress.it\/wp-content\/uploads\/2026\/01\/olimpiadi-senza-discriminazioni.jpg\" alt=\"\" width=\"700\" height=\"287\" srcset=\"https:\/\/www.bellunopress.it\/wp-content\/uploads\/2026\/01\/olimpiadi-senza-discriminazioni.jpg 700w, https:\/\/www.bellunopress.it\/wp-content\/uploads\/2026\/01\/olimpiadi-senza-discriminazioni-500x205.jpg 500w, https:\/\/www.bellunopress.it\/wp-content\/uploads\/2026\/01\/olimpiadi-senza-discriminazioni-696x285.jpg 696w\" sizes=\"auto, (max-width: 700px) 100vw, 700px\" \/>Il 16, 19 e 20 gennaio Feltre si trasforma in un palcoscenico di sport, cultura e valori olimpici con \u201cGiochi di ghiaccio e di neve\u201d, un\u2019iniziativa realizzata dal Comune di Feltre che coinvolge bambini e ragazzi delle scuole primarie e secondarie dell\u2019area feltrina, tra gioco, apprendimento e spirito olimpico.<\/p>\n<p>L\u2019evento fa parte del progetto #SCIVOLARE \u2013 Storie di scie fra tradizione e competizione, attivit\u00e0 finanziata da Fondazione Cariverona nell\u2019ambito del bando dedicato alle Olimpiadi e Paralimpiadi Milano Cortina 2026 che vede la Provincia capofila di una cordata di ben 38 partner tra percettori e sostenitori, in rappresentanza di enti locali, istituzioni, scuole e associazioni, a coprire tutte le aree del territorio. I partner coinvolti nelle attivit\u00e0 progettuali oltre alla Provincia sono il Circolo Cultura e Stampa Bellunese, la Fondazione DMO Dolomiti Bellunesi, la Fondazione Cortina, il Centro Consorzi, l&#8217;Aipd Belluno, l&#8217;Associazione Isoipse, l&#8217;Archivio di Stato di Belluno insieme alla Soprintendenza Archivistica e Bibliografica del Veneto e del Trentino Alto Adige<\/p>\n<p><strong>Un concorso per le scuole<\/strong><br \/>\n#SCIVOLARE a Feltre non \u00e8 solo sport: \u00e8 cultura, memoria e comunit\u00e0. Nei mesi di novembre e dicembre l\u2019Amministrazione comunale ha lanciato il concorso \u201cCome immaginiamo i Giochi Olimpici\u201d, rivolto a tutte le scuole del territorio: le tre migliori classi, una per categoria (infanzia, primaria, secondaria di 1\u00b0 grado), saranno premiate con un buono di 500 \u20ac da utilizzare in ambito scolastico.<br \/>\nGli striscioni, valutati da una giuria dedicata, saranno protagonisti durante l\u2019evento:<br \/>\n\u2022 distribuiti alle classi e alle associazioni sportive durante il corteo del 16 gennaio;<br \/>\n\u2022 esposti al PalaFeltre nelle giornate successive fino al 25 gennaio;<br \/>\n\u2022 il 25 gennaio sfileranno lungo il percorso della Fiaccola Olimpica;<br \/>\n#SCIVOLARE \u201cGiochi di ghiaccio e di neve\u201d \u00e8 un viaggio corale dove sport, gioco e laboratori si uniscono a cultura e memoria, permettendo ai ragazzi di scoprire i valori olimpici e paralimpici e di imparare a scivolare con entusiasmo e rispetto per le Dolomiti.<\/p>\n<p>&nbsp;<\/p>\n<p><strong>Tre giornate di sport, gioco e cultura<\/strong><\/p>\n<p>VENERD\u00cc 16 GENNAIO<br \/>\nCORTEO OLIMPICO E PREMIAZIONE DEL CONCORSO<br \/>\nLa prima giornata sar\u00e0 un vero e proprio corteo olimpico, con partenza alle 16:00 da Piazza Maggiore: le classi delle scuole e le associazioni sportive sfileranno lungo le vie della citt\u00e0 fino a Pr\u00e0 del Moro, accompagnate dalla banda cittadina e dagli sbandieratori.<br \/>\nGli striscioni realizzati dai ragazzi per il concorso \u201cCome immaginiamo i Giochi Olimpici\u201d saranno protagonisti del corteo e premiati al termine della giornata.<br \/>\nMomento clou della giornata? L\u2019accensione del braciere olimpico!<\/p>\n<p>LUNED\u00cc 19 GENNAIO<br \/>\nGIORNATA SULLA NEVE AL MONTE AVENA<br \/>\nGli studenti delle classi 2^ e 3^ media si trasferiranno a Le Buse per attivit\u00e0 sportive e didattiche sulla neve. In collaborazione con Croce Rossa Italiana, CAI, Carabinieri Forestali e Sci Club locali, i ragazzi parteciperanno a dimostrazioni di sci alpinismo, laboratori sulla sicurezza in montagna e percorsi educativi che uniscono sport e cultura del territorio.<\/p>\n<p>MARTED\u00cc 20 GENNAIO<br \/>\nGIOCHI DI GHIACCIO E DI NEVE A PR\u00c0 DEL MORO E PALAFELTRE<br \/>\nUltima giornata dedicata agli sport invernali per le classi 4^ e 5^ elementare e 1^ media, con attivit\u00e0 di sci di fondo, pattinaggio artistico, hockey e curling. Gli studenti avranno l\u2019occasione di incontrare atleti locali, approfondendo i temi dell\u2019inclusivit\u00e0, della sostenibilit\u00e0 e del valore educativo dello sport.<\/p>\n<p>&nbsp;<\/p>","protected":false},"excerpt":{"rendered":"<p>Il 16, 19 e 20 gennaio Feltre si trasforma in un palcoscenico di sport, cultura e valori olimpici con \u201cGiochi di ghiaccio e di neve\u201d, un\u2019iniziativa realizzata dal Comune di Feltre che coinvolge bambini e ragazzi delle scuole primarie e secondarie dell\u2019area feltrina, tra gioco, apprendimento e spirito olimpico. L\u2019evento fa parte del progetto #SCIVOLARE [&hellip;]<\/p>\n","protected":false},"author":2,"featured_media":166460,"comment_status":"closed","ping_status":"open","sticky":false,"template":"","format":"standard","meta":{"footnotes":""},"categories":[25,15,4],"tags":[],"class_list":["post-166459","post","type-post","status-publish","format-standard","has-post-thumbnail","category-pausa-caffe","category-scuola","category-sport"],"yoast_head":"<!-- This site is optimized with the Yoast SEO plugin v28.4 - https:\/\/yoast.com\/product\/yoast-seo-wordpress\/ -->\n<title>A Feltre arrivano i \u201cGiochi di ghiaccio e di neve\u201d: tre giornate dedicate alle Olimpiadi dei ragazzi - Bellunopress - Dolomiti<\/title>\n<meta name=\"robots\" content=\"index, follow, max-snippet:-1, max-image-preview:large, max-video-preview:-1\" \/>\n<link rel=\"canonical\" href=\"https:\/\/www.bellunopress.it\/fr\/2026\/01\/14\/a-feltre-arrivano-i-giochi-di-ghiaccio-e-di-neve-tre-giornate-dedicate-alle-olimpiadi-dei-ragazzi\/\" \/>\n<meta property=\"og:locale\" content=\"fr_FR\" \/>\n<meta property=\"og:type\" content=\"article\" \/>\n<meta property=\"og:title\" content=\"A Feltre arrivano i \u201cGiochi di ghiaccio e di neve\u201d: tre giornate dedicate alle Olimpiadi dei ragazzi - Bellunopress - Dolomiti\" \/>\n<meta property=\"og:description\" content=\"Il 16, 19 e 20 gennaio Feltre si trasforma in un palcoscenico di sport, cultura e valori olimpici con \u201cGiochi di ghiaccio e di neve\u201d, un\u2019iniziativa realizzata dal Comune di Feltre che coinvolge bambini e ragazzi delle scuole primarie e secondarie dell\u2019area feltrina, tra gioco, apprendimento e spirito olimpico. L\u2019evento fa parte del progetto #SCIVOLARE [&hellip;]\" \/>\n<meta property=\"og:url\" content=\"https:\/\/www.bellunopress.it\/fr\/2026\/01\/14\/a-feltre-arrivano-i-giochi-di-ghiaccio-e-di-neve-tre-giornate-dedicate-alle-olimpiadi-dei-ragazzi\/\" \/>\n<meta property=\"og:site_name\" content=\"Bellunopress - Dolomiti\" \/>\n<meta property=\"article:publisher\" content=\"https:\/\/www.facebook.com\/profile.php?id=100008943462799\" \/>\n<meta property=\"article:published_time\" content=\"2026-01-14T15:56:58+00:00\" \/>\n<meta property=\"og:image\" content=\"https:\/\/www.bellunopress.it\/wp-content\/uploads\/2026\/01\/olimpiadi-senza-discriminazioni.jpg\" \/>\n\t<meta property=\"og:image:width\" content=\"700\" \/>\n\t<meta property=\"og:image:height\" content=\"287\" \/>\n\t<meta property=\"og:image:type\" content=\"image\/jpeg\" \/>\n<meta name=\"author\" content=\"redazione\" \/>\n<meta name=\"twitter:card\" content=\"summary_large_image\" \/>\n<meta name=\"twitter:creator\" content=\"@bellunopress\" \/>\n<meta name=\"twitter:site\" content=\"@bellunopress\" \/>\n<meta name=\"twitter:label1\" content=\"\u00c9crit par\" \/>\n\t<meta name=\"twitter:data1\" content=\"redazione\" \/>\n\t<meta name=\"twitter:label2\" content=\"Dur\u00e9e de lecture estim\u00e9e\" \/>\n\t<meta name=\"twitter:data2\" content=\"3 minutes\" \/>\n<script type=\"application\/ld+json\" class=\"yoast-schema-graph\">{\"@context\":\"https:\\\/\\\/schema.org\",\"@graph\":[{\"@type\":\"Article\",\"@id\":\"https:\\\/\\\/www.bellunopress.it\\\/2026\\\/01\\\/14\\\/a-feltre-arrivano-i-giochi-di-ghiaccio-e-di-neve-tre-giornate-dedicate-alle-olimpiadi-dei-ragazzi\\\/#article\",\"isPartOf\":{\"@id\":\"https:\\\/\\\/www.bellunopress.it\\\/2026\\\/01\\\/14\\\/a-feltre-arrivano-i-giochi-di-ghiaccio-e-di-neve-tre-giornate-dedicate-alle-olimpiadi-dei-ragazzi\\\/\"},\"author\":{\"name\":\"redazione\",\"@id\":\"https:\\\/\\\/www.bellunopress.it\\\/#\\\/schema\\\/person\\\/79bb06722b37ece1c03d3e94beb30d73\"},\"headline\":\"A Feltre arrivano i \u201cGiochi di ghiaccio e di neve\u201d: tre giornate dedicate alle Olimpiadi dei ragazzi\",\"datePublished\":\"2026-01-14T15:56:58+00:00\",\"mainEntityOfPage\":{\"@id\":\"https:\\\/\\\/www.bellunopress.it\\\/2026\\\/01\\\/14\\\/a-feltre-arrivano-i-giochi-di-ghiaccio-e-di-neve-tre-giornate-dedicate-alle-olimpiadi-dei-ragazzi\\\/\"},\"wordCount\":539,\"publisher\":{\"@id\":\"https:\\\/\\\/www.bellunopress.it\\\/#organization\"},\"image\":{\"@id\":\"https:\\\/\\\/www.bellunopress.it\\\/2026\\\/01\\\/14\\\/a-feltre-arrivano-i-giochi-di-ghiaccio-e-di-neve-tre-giornate-dedicate-alle-olimpiadi-dei-ragazzi\\\/#primaryimage\"},\"thumbnailUrl\":\"https:\\\/\\\/www.bellunopress.it\\\/wp-content\\\/uploads\\\/2026\\\/01\\\/olimpiadi-senza-discriminazioni.jpg\",\"articleSection\":[\"Pausa Caff\u00e8\",\"Scuola\",\"Sport, tempo libero\"],\"inLanguage\":\"fr-FR\"},{\"@type\":\"WebPage\",\"@id\":\"https:\\\/\\\/www.bellunopress.it\\\/2026\\\/01\\\/14\\\/a-feltre-arrivano-i-giochi-di-ghiaccio-e-di-neve-tre-giornate-dedicate-alle-olimpiadi-dei-ragazzi\\\/\",\"url\":\"https:\\\/\\\/www.bellunopress.it\\\/2026\\\/01\\\/14\\\/a-feltre-arrivano-i-giochi-di-ghiaccio-e-di-neve-tre-giornate-dedicate-alle-olimpiadi-dei-ragazzi\\\/\",\"name\":\"A Feltre arrivano i \u201cGiochi di ghiaccio e di neve\u201d: tre giornate dedicate alle Olimpiadi dei ragazzi - Bellunopress - Dolomiti\",\"isPartOf\":{\"@id\":\"https:\\\/\\\/www.bellunopress.it\\\/#website\"},\"primaryImageOfPage\":{\"@id\":\"https:\\\/\\\/www.bellunopress.it\\\/2026\\\/01\\\/14\\\/a-feltre-arrivano-i-giochi-di-ghiaccio-e-di-neve-tre-giornate-dedicate-alle-olimpiadi-dei-ragazzi\\\/#primaryimage\"},\"image\":{\"@id\":\"https:\\\/\\\/www.bellunopress.it\\\/2026\\\/01\\\/14\\\/a-feltre-arrivano-i-giochi-di-ghiaccio-e-di-neve-tre-giornate-dedicate-alle-olimpiadi-dei-ragazzi\\\/#primaryimage\"},\"thumbnailUrl\":\"https:\\\/\\\/www.bellunopress.it\\\/wp-content\\\/uploads\\\/2026\\\/01\\\/olimpiadi-senza-discriminazioni.jpg\",\"datePublished\":\"2026-01-14T15:56:58+00:00\",\"breadcrumb\":{\"@id\":\"https:\\\/\\\/www.bellunopress.it\\\/2026\\\/01\\\/14\\\/a-feltre-arrivano-i-giochi-di-ghiaccio-e-di-neve-tre-giornate-dedicate-alle-olimpiadi-dei-ragazzi\\\/#breadcrumb\"},\"inLanguage\":\"fr-FR\",\"potentialAction\":[{\"@type\":\"ReadAction\",\"target\":[\"https:\\\/\\\/www.bellunopress.it\\\/2026\\\/01\\\/14\\\/a-feltre-arrivano-i-giochi-di-ghiaccio-e-di-neve-tre-giornate-dedicate-alle-olimpiadi-dei-ragazzi\\\/\"]}]},{\"@type\":\"ImageObject\",\"inLanguage\":\"fr-FR\",\"@id\":\"https:\\\/\\\/www.bellunopress.it\\\/2026\\\/01\\\/14\\\/a-feltre-arrivano-i-giochi-di-ghiaccio-e-di-neve-tre-giornate-dedicate-alle-olimpiadi-dei-ragazzi\\\/#primaryimage\",\"url\":\"https:\\\/\\\/www.bellunopress.it\\\/wp-content\\\/uploads\\\/2026\\\/01\\\/olimpiadi-senza-discriminazioni.jpg\",\"contentUrl\":\"https:\\\/\\\/www.bellunopress.it\\\/wp-content\\\/uploads\\\/2026\\\/01\\\/olimpiadi-senza-discriminazioni.jpg\",\"width\":700,\"height\":287},{\"@type\":\"BreadcrumbList\",\"@id\":\"https:\\\/\\\/www.bellunopress.it\\\/2026\\\/01\\\/14\\\/a-feltre-arrivano-i-giochi-di-ghiaccio-e-di-neve-tre-giornate-dedicate-alle-olimpiadi-dei-ragazzi\\\/#breadcrumb\",\"itemListElement\":[{\"@type\":\"ListItem\",\"position\":1,\"name\":\"Home\",\"item\":\"https:\\\/\\\/www.bellunopress.it\\\/\"},{\"@type\":\"ListItem\",\"position\":2,\"name\":\"A Feltre arrivano i \u201cGiochi di ghiaccio e di neve\u201d: tre giornate dedicate alle Olimpiadi dei ragazzi\"}]},{\"@type\":\"WebSite\",\"@id\":\"https:\\\/\\\/www.bellunopress.it\\\/#website\",\"url\":\"https:\\\/\\\/www.bellunopress.it\\\/\",\"name\":\"Bellunopress - Dolomiti\",\"description\":\"e-mail: redazione@bellunopress.it\",\"publisher\":{\"@id\":\"https:\\\/\\\/www.bellunopress.it\\\/#organization\"},\"potentialAction\":[{\"@type\":\"SearchAction\",\"target\":{\"@type\":\"EntryPoint\",\"urlTemplate\":\"https:\\\/\\\/www.bellunopress.it\\\/?s={search_term_string}\"},\"query-input\":{\"@type\":\"PropertyValueSpecification\",\"valueRequired\":true,\"valueName\":\"search_term_string\"}}],\"inLanguage\":\"fr-FR\"},{\"@type\":\"Organization\",\"@id\":\"https:\\\/\\\/www.bellunopress.it\\\/#organization\",\"name\":\"Bellunopress\",\"url\":\"https:\\\/\\\/www.bellunopress.it\\\/\",\"logo\":{\"@type\":\"ImageObject\",\"inLanguage\":\"fr-FR\",\"@id\":\"https:\\\/\\\/www.bellunopress.it\\\/#\\\/schema\\\/logo\\\/image\\\/\",\"url\":\"https:\\\/\\\/www.bellunopress.it\\\/wp-content\\\/uploads\\\/2011\\\/05\\\/cropped-logo-bellunopress-.jpg\",\"contentUrl\":\"https:\\\/\\\/www.bellunopress.it\\\/wp-content\\\/uploads\\\/2011\\\/05\\\/cropped-logo-bellunopress-.jpg\",\"width\":512,\"height\":512,\"caption\":\"Bellunopress\"},\"image\":{\"@id\":\"https:\\\/\\\/www.bellunopress.it\\\/#\\\/schema\\\/logo\\\/image\\\/\"},\"sameAs\":[\"https:\\\/\\\/www.facebook.com\\\/profile.php?id=100008943462799\",\"https:\\\/\\\/x.com\\\/bellunopress\",\"https:\\\/\\\/www.linkedin.com\\\/hp\\\/?dnr=JBzUWaJfMUw8vbXJJ2tVW5-I3jZKvC4wsoxE&amp;amp;amp;amp;amp;amp;trk=nav_responsive_tab_home\",\"https:\\\/\\\/www.youtube.com\\\/channel\\\/UCxL0wu1uN0_3_7hGG0306cw\"]},{\"@type\":\"Person\",\"@id\":\"https:\\\/\\\/www.bellunopress.it\\\/#\\\/schema\\\/person\\\/79bb06722b37ece1c03d3e94beb30d73\",\"name\":\"redazione\",\"image\":{\"@type\":\"ImageObject\",\"inLanguage\":\"fr-FR\",\"@id\":\"https:\\\/\\\/secure.gravatar.com\\\/avatar\\\/37d968a2e67a6fd04c169c4bdef102d0bc5d31b2546345219e348575eb80e9a0?s=96&d=mm&r=g\",\"url\":\"https:\\\/\\\/secure.gravatar.com\\\/avatar\\\/37d968a2e67a6fd04c169c4bdef102d0bc5d31b2546345219e348575eb80e9a0?s=96&d=mm&r=g\",\"contentUrl\":\"https:\\\/\\\/secure.gravatar.com\\\/avatar\\\/37d968a2e67a6fd04c169c4bdef102d0bc5d31b2546345219e348575eb80e9a0?s=96&d=mm&r=g\",\"caption\":\"redazione\"},\"sameAs\":[\"http:\\\/\\\/www.bellunopress.it\",\"https:\\\/\\\/x.com\\\/bellunopress\"],\"url\":\"https:\\\/\\\/www.bellunopress.it\\\/fr\\\/author\\\/redazione\\\/\"}]}<\/script>\n<!-- \/ Yoast SEO plugin. -->","yoast_head_json":{"title":"A Feltre arrivano i \u201cGiochi di ghiaccio e di neve\u201d: tre giornate dedicate alle Olimpiadi dei ragazzi - Bellunopress - Dolomiti","robots":{"index":"index","follow":"follow","max-snippet":"max-snippet:-1","max-image-preview":"max-image-preview:large","max-video-preview":"max-video-preview:-1"},"canonical":"https:\/\/www.bellunopress.it\/fr\/2026\/01\/14\/a-feltre-arrivano-i-giochi-di-ghiaccio-e-di-neve-tre-giornate-dedicate-alle-olimpiadi-dei-ragazzi\/","og_locale":"fr_FR","og_type":"article","og_title":"A Feltre arrivano i \u201cGiochi di ghiaccio e di neve\u201d: tre giornate dedicate alle Olimpiadi dei ragazzi - Bellunopress - Dolomiti","og_description":"Il 16, 19 e 20 gennaio Feltre si trasforma in un palcoscenico di sport, cultura e valori olimpici con \u201cGiochi di ghiaccio e di neve\u201d, un\u2019iniziativa realizzata dal Comune di Feltre che coinvolge bambini e ragazzi delle scuole primarie e secondarie dell\u2019area feltrina, tra gioco, apprendimento e spirito olimpico. L\u2019evento fa parte del progetto #SCIVOLARE [&hellip;]","og_url":"https:\/\/www.bellunopress.it\/fr\/2026\/01\/14\/a-feltre-arrivano-i-giochi-di-ghiaccio-e-di-neve-tre-giornate-dedicate-alle-olimpiadi-dei-ragazzi\/","og_site_name":"Bellunopress - Dolomiti","article_publisher":"https:\/\/www.facebook.com\/profile.php?id=100008943462799","article_published_time":"2026-01-14T15:56:58+00:00","og_image":[{"width":700,"height":287,"url":"https:\/\/www.bellunopress.it\/wp-content\/uploads\/2026\/01\/olimpiadi-senza-discriminazioni.jpg","type":"image\/jpeg"}],"author":"redazione","twitter_card":"summary_large_image","twitter_creator":"@bellunopress","twitter_site":"@bellunopress","twitter_misc":{"\u00c9crit par":"redazione","Dur\u00e9e de lecture estim\u00e9e":"3 minutes"},"schema":{"@context":"https:\/\/schema.org","@graph":[{"@type":"Article","@id":"https:\/\/www.bellunopress.it\/2026\/01\/14\/a-feltre-arrivano-i-giochi-di-ghiaccio-e-di-neve-tre-giornate-dedicate-alle-olimpiadi-dei-ragazzi\/#article","isPartOf":{"@id":"https:\/\/www.bellunopress.it\/2026\/01\/14\/a-feltre-arrivano-i-giochi-di-ghiaccio-e-di-neve-tre-giornate-dedicate-alle-olimpiadi-dei-ragazzi\/"},"author":{"name":"redazione","@id":"https:\/\/www.bellunopress.it\/#\/schema\/person\/79bb06722b37ece1c03d3e94beb30d73"},"headline":"A Feltre arrivano i \u201cGiochi di ghiaccio e di neve\u201d: tre giornate dedicate alle Olimpiadi dei ragazzi","datePublished":"2026-01-14T15:56:58+00:00","mainEntityOfPage":{"@id":"https:\/\/www.bellunopress.it\/2026\/01\/14\/a-feltre-arrivano-i-giochi-di-ghiaccio-e-di-neve-tre-giornate-dedicate-alle-olimpiadi-dei-ragazzi\/"},"wordCount":539,"publisher":{"@id":"https:\/\/www.bellunopress.it\/#organization"},"image":{"@id":"https:\/\/www.bellunopress.it\/2026\/01\/14\/a-feltre-arrivano-i-giochi-di-ghiaccio-e-di-neve-tre-giornate-dedicate-alle-olimpiadi-dei-ragazzi\/#primaryimage"},"thumbnailUrl":"https:\/\/www.bellunopress.it\/wp-content\/uploads\/2026\/01\/olimpiadi-senza-discriminazioni.jpg","articleSection":["Pausa Caff\u00e8","Scuola","Sport, tempo libero"],"inLanguage":"fr-FR"},{"@type":"WebPage","@id":"https:\/\/www.bellunopress.it\/2026\/01\/14\/a-feltre-arrivano-i-giochi-di-ghiaccio-e-di-neve-tre-giornate-dedicate-alle-olimpiadi-dei-ragazzi\/","url":"https:\/\/www.bellunopress.it\/2026\/01\/14\/a-feltre-arrivano-i-giochi-di-ghiaccio-e-di-neve-tre-giornate-dedicate-alle-olimpiadi-dei-ragazzi\/","name":"A Feltre arrivano i \u201cGiochi di ghiaccio e di neve\u201d: tre giornate dedicate alle Olimpiadi dei ragazzi - Bellunopress - Dolomiti","isPartOf":{"@id":"https:\/\/www.bellunopress.it\/#website"},"primaryImageOfPage":{"@id":"https:\/\/www.bellunopress.it\/2026\/01\/14\/a-feltre-arrivano-i-giochi-di-ghiaccio-e-di-neve-tre-giornate-dedicate-alle-olimpiadi-dei-ragazzi\/#primaryimage"},"image":{"@id":"https:\/\/www.bellunopress.it\/2026\/01\/14\/a-feltre-arrivano-i-giochi-di-ghiaccio-e-di-neve-tre-giornate-dedicate-alle-olimpiadi-dei-ragazzi\/#primaryimage"},"thumbnailUrl":"https:\/\/www.bellunopress.it\/wp-content\/uploads\/2026\/01\/olimpiadi-senza-discriminazioni.jpg","datePublished":"2026-01-14T15:56:58+00:00","breadcrumb":{"@id":"https:\/\/www.bellunopress.it\/2026\/01\/14\/a-feltre-arrivano-i-giochi-di-ghiaccio-e-di-neve-tre-giornate-dedicate-alle-olimpiadi-dei-ragazzi\/#breadcrumb"},"inLanguage":"fr-FR","potentialAction":[{"@type":"ReadAction","target":["https:\/\/www.bellunopress.it\/2026\/01\/14\/a-feltre-arrivano-i-giochi-di-ghiaccio-e-di-neve-tre-giornate-dedicate-alle-olimpiadi-dei-ragazzi\/"]}]},{"@type":"ImageObject","inLanguage":"fr-FR","@id":"https:\/\/www.bellunopress.it\/2026\/01\/14\/a-feltre-arrivano-i-giochi-di-ghiaccio-e-di-neve-tre-giornate-dedicate-alle-olimpiadi-dei-ragazzi\/#primaryimage","url":"https:\/\/www.bellunopress.it\/wp-content\/uploads\/2026\/01\/olimpiadi-senza-discriminazioni.jpg","contentUrl":"https:\/\/www.bellunopress.it\/wp-content\/uploads\/2026\/01\/olimpiadi-senza-discriminazioni.jpg","width":700,"height":287},{"@type":"BreadcrumbList","@id":"https:\/\/www.bellunopress.it\/2026\/01\/14\/a-feltre-arrivano-i-giochi-di-ghiaccio-e-di-neve-tre-giornate-dedicate-alle-olimpiadi-dei-ragazzi\/#breadcrumb","itemListElement":[{"@type":"ListItem","position":1,"name":"Home","item":"https:\/\/www.bellunopress.it\/"},{"@type":"ListItem","position":2,"name":"A Feltre arrivano i \u201cGiochi di ghiaccio e di neve\u201d: tre giornate dedicate alle Olimpiadi dei ragazzi"}]},{"@type":"WebSite","@id":"https:\/\/www.bellunopress.it\/#website","url":"https:\/\/www.bellunopress.it\/","name":"Bellunopress - Dolomiti","description":"e-mail: redazione@bellunopress.it","publisher":{"@id":"https:\/\/www.bellunopress.it\/#organization"},"potentialAction":[{"@type":"SearchAction","target":{"@type":"EntryPoint","urlTemplate":"https:\/\/www.bellunopress.it\/?s={search_term_string}"},"query-input":{"@type":"PropertyValueSpecification","valueRequired":true,"valueName":"search_term_string"}}],"inLanguage":"fr-FR"},{"@type":"Organization","@id":"https:\/\/www.bellunopress.it\/#organization","name":"Bellunopress","url":"https:\/\/www.bellunopress.it\/","logo":{"@type":"ImageObject","inLanguage":"fr-FR","@id":"https:\/\/www.bellunopress.it\/#\/schema\/logo\/image\/","url":"https:\/\/www.bellunopress.it\/wp-content\/uploads\/2011\/05\/cropped-logo-bellunopress-.jpg","contentUrl":"https:\/\/www.bellunopress.it\/wp-content\/uploads\/2011\/05\/cropped-logo-bellunopress-.jpg","width":512,"height":512,"caption":"Bellunopress"},"image":{"@id":"https:\/\/www.bellunopress.it\/#\/schema\/logo\/image\/"},"sameAs":["https:\/\/www.facebook.com\/profile.php?id=100008943462799","https:\/\/x.com\/bellunopress","https:\/\/www.linkedin.com\/hp\/?dnr=JBzUWaJfMUw8vbXJJ2tVW5-I3jZKvC4wsoxE&amp;amp;amp;amp;amp;amp;trk=nav_responsive_tab_home","https:\/\/www.youtube.com\/channel\/UCxL0wu1uN0_3_7hGG0306cw"]},{"@type":"Person","@id":"https:\/\/www.bellunopress.it\/#\/schema\/person\/79bb06722b37ece1c03d3e94beb30d73","name":"r\u00e9daction","image":{"@type":"ImageObject","inLanguage":"fr-FR","@id":"https:\/\/secure.gravatar.com\/avatar\/37d968a2e67a6fd04c169c4bdef102d0bc5d31b2546345219e348575eb80e9a0?s=96&d=mm&r=g","url":"https:\/\/secure.gravatar.com\/avatar\/37d968a2e67a6fd04c169c4bdef102d0bc5d31b2546345219e348575eb80e9a0?s=96&d=mm&r=g","contentUrl":"https:\/\/secure.gravatar.com\/avatar\/37d968a2e67a6fd04c169c4bdef102d0bc5d31b2546345219e348575eb80e9a0?s=96&d=mm&r=g","caption":"redazione"},"sameAs":["http:\/\/www.bellunopress.it","https:\/\/x.com\/bellunopress"],"url":"https:\/\/www.bellunopress.it\/fr\/author\/redazione\/"}]}},"_links":{"self":[{"href":"https:\/\/www.bellunopress.it\/fr\/wp-json\/wp\/v2\/posts\/166459","targetHints":{"allow":["GET"]}}],"collection":[{"href":"https:\/\/www.bellunopress.it\/fr\/wp-json\/wp\/v2\/posts"}],"about":[{"href":"https:\/\/www.bellunopress.it\/fr\/wp-json\/wp\/v2\/types\/post"}],"author":[{"embeddable":true,"href":"https:\/\/www.bellunopress.it\/fr\/wp-json\/wp\/v2\/users\/2"}],"replies":[{"embeddable":true,"href":"https:\/\/www.bellunopress.it\/fr\/wp-json\/wp\/v2\/comments?post=166459"}],"version-history":[{"count":1,"href":"https:\/\/www.bellunopress.it\/fr\/wp-json\/wp\/v2\/posts\/166459\/revisions"}],"predecessor-version":[{"id":166461,"href":"https:\/\/www.bellunopress.it\/fr\/wp-json\/wp\/v2\/posts\/166459\/revisions\/166461"}],"wp:featuredmedia":[{"embeddable":true,"href":"https:\/\/www.bellunopress.it\/fr\/wp-json\/wp\/v2\/media\/166460"}],"wp:attachment":[{"href":"https:\/\/www.bellunopress.it\/fr\/wp-json\/wp\/v2\/media?parent=166459"}],"wp:term":[{"taxonomy":"category","embeddable":true,"href":"https:\/\/www.bellunopress.it\/fr\/wp-json\/wp\/v2\/categories?post=166459"},{"taxonomy":"post_tag","embeddable":true,"href":"https:\/\/www.bellunopress.it\/fr\/wp-json\/wp\/v2\/tags?post=166459"}],"curies":[{"name":"wp","href":"https:\/\/api.w.org\/{rel}","templated":true}]}}