{"id":166456,"date":"2026-01-14T16:29:03","date_gmt":"2026-01-14T15:29:03","guid":{"rendered":"https:\/\/www.bellunopress.it\/?p=166456"},"modified":"2026-01-14T16:29:03","modified_gmt":"2026-01-14T15:29:03","slug":"scivolare-storie-di-scie-fra-tradizione-e-competizione","status":"publish","type":"post","link":"https:\/\/www.bellunopress.it\/fr\/2026\/01\/14\/scivolare-storie-di-scie-fra-tradizione-e-competizione\/","title":{"rendered":"Scivolare. Storie di scie, fra tradizione e competizione"},"content":{"rendered":"<p><strong><img loading=\"lazy\" decoding=\"async\" class=\"aligncenter size-full wp-image-166457\" src=\"https:\/\/www.bellunopress.it\/wp-content\/uploads\/2026\/01\/Nevica-Memorie-di-slitte-nelle-Dolomiti-bellunesi.jpg\" alt=\"\" width=\"600\" height=\"450\" srcset=\"https:\/\/www.bellunopress.it\/wp-content\/uploads\/2026\/01\/Nevica-Memorie-di-slitte-nelle-Dolomiti-bellunesi.jpg 600w, https:\/\/www.bellunopress.it\/wp-content\/uploads\/2026\/01\/Nevica-Memorie-di-slitte-nelle-Dolomiti-bellunesi-500x375.jpg 500w, https:\/\/www.bellunopress.it\/wp-content\/uploads\/2026\/01\/Nevica-Memorie-di-slitte-nelle-Dolomiti-bellunesi-560x420.jpg 560w, https:\/\/www.bellunopress.it\/wp-content\/uploads\/2026\/01\/Nevica-Memorie-di-slitte-nelle-Dolomiti-bellunesi-80x60.jpg 80w\" sizes=\"auto, (max-width: 600px) 100vw, 600px\" \/>\u201cNevica!\u201d \u2013 \u201cMemorie di slitte nelle Dolomiti bellunesi\u201d<\/strong><\/p>\n<p>Dal 24 dicembre, il podcast etnografico nelle voci del territorio, tra discese e gesti che hanno anticipato lo sport: il racconto on the road di Paolo Maoret e Associazione ISOIPSE<\/p>\n<p>Prima ancora che diventasse sport, prima delle piste, delle regole e delle medaglie, lo scivolare era un gesto quotidiano. Si scivolava per giocare, per lavorare, per spostarsi. Si scivolava insieme. E nella neve, questo gesto ha preso forma, nomi diversi, regole non scritte.<br \/>\nDa qui nasce \u201cNevica! \u2013 Memorie di slitte nelle Dolomiti bellunesi\u201d, un audio documentario etnografico scritto e narrato da Paolo Maoret, con le musiche di Marco Degli Esposti. Una produzione Piombo Podcast in collaborazione con il Museo Etnografico Dolomiti e con l\u2019Associazione ISOIPSE, che ha curato la ricerca etnografica attraverso il lavoro di Valentina De Marchi, Francesca Barp, Elisabetta Feltrin e Iolanda Da Deppo. Il podcast, online dal 24 dicembre, \u00e8 disponibile sulle principali piattaforme di streaming tra cui:<br \/>\n\u25cf Spotify: https:\/\/open.spotify.com\/show\/5BKymKwXhClqTG6MUL6tuw)<br \/>\n\u25cf Apple Podcasts: https:\/\/podcasts.apple.com\/us\/podcast\/nevica\/id1863906302)<br \/>\n\u25cf Amazon Music e Audible: https:\/\/music.amazon.it\/podcasts\/ca186f15-e379-4335-b489-fc5cbaa628d0<br \/>\n\u25cf YouTube Music:<br \/>\nhttps:\/\/music.youtube.com\/playlist?list=PLMg9saPiHBirMXsHKK8jLeEbreMa1uC6P&#038;si=D9_1yVghn5ZxAHK8<br \/>\n\u25cf YouTube:<\/p>\n<div class=\"youtube-embed\" data-video_id=\"\"><iframe loading=\"lazy\" title=\"Nevica!\" width=\"696\" height=\"392\" src=\"https:\/\/www.youtube.com\/embed\/videoseries?list=PLMg9saPiHBirMXsHKK8jLeEbreMa1uC6P\" frameborder=\"0\" allow=\"accelerometer; autoplay; clipboard-write; encrypted-media; gyroscope; picture-in-picture; web-share\" referrerpolicy=\"strict-origin-when-cross-origin\" allowfullscreen><\/iframe><\/div>\n<p>Questo documentario sonoro si inserisce nel progetto #SCIVOLARE \u2013 Storie di scie fra tradizione e competizione, promosso in vista delle Olimpiadi e Paralimpiadi Milano Cortina 2026 e finanziato da Fondazione Cariverona. Capofila \u00e8 la Provincia di Belluno, che coordina una rete di 38 partner tra enti locali, istituzioni, scuole e associazioni, tra cui il Circolo Cultura e Stampa Bellunese, Fondazione DMO Dolomiti Bellunesi, Fondazione Cortina, Centro Consorzi, Comune di Feltre, AIPD Belluno, Associazione ISOIPSE, Archivio di Stato di Belluno e la Soprintendenza Archivistica e Bibliografica del Veneto e del Trentino Alto Adige.<br \/>\n\u201cNevica!\u201d \u00e8 un viaggio immersivo che nasce come attivit\u00e0 di ricerca, scrittura e produzione sonora e che si inserisce in modo organico anche nel percorso della mostra \u201cLa slitta fra tradizione, gioco e competizione\u201d ospitata al Museo Etnografico delle Dolomiti di Cesiomaggiore, dal 30 gennaio al 30 aprile.<\/p>\n<p><strong>Un podcast come strumento di ricerca e restituzione culturale<\/strong><\/p>\n<p>\u00abLa realizzazione \u00e8 stata concepita come un vero e proprio lavoro di indagine antropologica e partecipata, che coinvolge anziani, giovani, sportivi, artigiani e professionisti che, a vario titolo, si interfacciano con il tema della neve\u00bb sottolinea Paolo Maoret.<br \/>\n\u00abParticolare attenzione \u00e8 dedicata alla dimensione linguistica e dialettale, valorizzando l\u2019immenso patrimonio di termini, espressioni e modi di dire legati alla neve e alle sue caratteristiche. Un patrimonio che racconta una cultura profondamente connessa alle condizioni meteo invernali e alla vita in montagna\u00bb, chiarisce il team dell\u2019Associazione ISOIPSE evidenziando che \u00abquesto lavoro confluir\u00e0 nella creazione di un \u201cGlossario della Neve\u201d, ospitato nel museo digitale MuseoDolom.it e in una postazione multimediale all\u2019interno del Museo, rendendo il progetto accessibile e fruibile anche nel lungo periodo\u00bb.<\/p>\n<p><strong>Cinque puntate, cinque territori, una memoria collettiva: lo scivolare come chiave di lettura del Bellunese<\/strong><\/p>\n<p>Il podcast \u201cNevica!\u201d \u00e8 composto da 5 puntate da 25-30 minuti: \u201cScivolare\u201d, \u201cSotto la neve, pane\u201d, \u201cLa grande nevicata del \u201951\u201d, \u201cCostruire una slitta\u201d, \u201cLa scomparsa della neve\u201d. Queste attraversano i territori di Cadore, Comelico, Zoldo e Alpago, restituendo una narrazione corale fatta di voci, ricordi, aneddoti e cambiamenti. \u00abCi interessava partire dal gesto\u00bb spiega Paolo Maoret \u00abLo scivolare \u00e8 qualcosa che tutti riconoscono: \u00e8 fisico, immediato. Da l\u00ec si aprono storie di gioco, di lavoro, di rischio, di comunit\u00e0. E capisci come, molto prima dello sport, quel gesto fosse gi\u00e0 cultura\u00bb.<br \/>\nIl percorso narrativo accompagna cos\u00ec l\u2019ascoltatore dalle slittate per gioco dell\u2019infanzia all\u2019uso della slitta come strumento di lavoro (legna, fieno, letame, pietra) fino alla trasformazione in disciplina sportiva, dalle gare amatoriali alle competizioni internazionali. Nel podcast emergono immagini precise: bambini che scendono su slittini improvvisati, con i vestiti leggeri e le mani gelate; curve sbagliate, cadute spettacolari, risate e paura insieme; slitte cariche di legna, fieno, letame, che scorrono lente sui prati ghiacciati all\u2019alba. \u00abMolti racconti mostrano come gioco e lavoro si svolgessero sugli stessi percorsi\u00bb racconta Maoret \u00abLa pista non era un luogo separato: era la strada, il campo, il pendio dietro casa. Ed \u00e8 l\u00ec che nasce l\u2019idea stessa di competizione\u00bb.<br \/>\nInfine, l\u2019ultima puntata \u00e8 dedicata agli sport olimpici \u2013 slittino, skeleton e bob \u2013 con le testimonianze di atleti e protagonisti come Mattia Gaspari (skeleton) e Simone Bertazzo, ex atleta olimpico di bob e allenatore della nazionale.<\/p>\n<p><strong>Memorie, clima e trasformazioni<\/strong><\/p>\n<p>Attraverso le voci di persone tra i 70 e gli 80 anni, il podcast affronta anche il tema del cambiamento climatico, raccontato attraverso l\u2019esperienza vissuta: inverni pi\u00f9 lunghi, pi\u00f9 neve, piste naturali oggi impraticabili, tradizioni che rischiano di scomparire.<br \/>\nIl racconto intreccia patrimonio materiale e immateriale, mettendo in luce anche figure come i costruttori di slitte, custodi di saperi antichi e pratiche di recupero, restauro e riproduzione fedele dei modelli storici.<br \/>\nNevica!\u201d diventa cos\u00ec un documento sonoro che restituisce voce, coralit\u00e0 e movimento a un mondo che rischia di essere dimenticato. Un progetto che, attraverso la neve e le slitte, racconta come sono cambiate le montagne, il clima, il linguaggio e lo sport, mantenendo vivo il legame tra comunit\u00e0, territorio e memoria.<\/p>","protected":false},"excerpt":{"rendered":"<p>\u201cNevica!\u201d \u2013 \u201cMemorie di slitte nelle Dolomiti bellunesi\u201d Dal 24 dicembre, il podcast etnografico nelle voci del territorio, tra discese e gesti che hanno anticipato lo sport: il racconto on the road di Paolo Maoret e Associazione ISOIPSE Prima ancora che diventasse sport, prima delle piste, delle regole e delle medaglie, lo scivolare era un [&hellip;]<\/p>\n","protected":false},"author":2,"featured_media":166457,"comment_status":"closed","ping_status":"open","sticky":false,"template":"","format":"standard","meta":{"footnotes":""},"categories":[3,25],"tags":[],"class_list":["post-166456","post","type-post","status-publish","format-standard","has-post-thumbnail","category-arte-cultura-spettacoli-scienza-archivi","category-pausa-caffe"],"yoast_head":"<!-- This site is optimized with the Yoast SEO plugin v28.4 - https:\/\/yoast.com\/product\/yoast-seo-wordpress\/ -->\n<title>Scivolare. Storie di scie, fra tradizione e competizione - Bellunopress - Dolomiti<\/title>\n<meta name=\"robots\" content=\"index, follow, max-snippet:-1, max-image-preview:large, max-video-preview:-1\" \/>\n<link rel=\"canonical\" href=\"https:\/\/www.bellunopress.it\/fr\/2026\/01\/14\/scivolare-storie-di-scie-fra-tradizione-e-competizione\/\" \/>\n<meta property=\"og:locale\" content=\"fr_FR\" \/>\n<meta property=\"og:type\" content=\"article\" \/>\n<meta property=\"og:title\" content=\"Scivolare. Storie di scie, fra tradizione e competizione - Bellunopress - Dolomiti\" \/>\n<meta property=\"og:description\" content=\"\u201cNevica!\u201d \u2013 \u201cMemorie di slitte nelle Dolomiti bellunesi\u201d Dal 24 dicembre, il podcast etnografico nelle voci del territorio, tra discese e gesti che hanno anticipato lo sport: il racconto on the road di Paolo Maoret e Associazione ISOIPSE Prima ancora che diventasse sport, prima delle piste, delle regole e delle medaglie, lo scivolare era un [&hellip;]\" \/>\n<meta property=\"og:url\" content=\"https:\/\/www.bellunopress.it\/fr\/2026\/01\/14\/scivolare-storie-di-scie-fra-tradizione-e-competizione\/\" \/>\n<meta property=\"og:site_name\" content=\"Bellunopress - Dolomiti\" \/>\n<meta property=\"article:publisher\" content=\"https:\/\/www.facebook.com\/profile.php?id=100008943462799\" \/>\n<meta property=\"article:published_time\" content=\"2026-01-14T15:29:03+00:00\" \/>\n<meta property=\"og:image\" content=\"https:\/\/www.bellunopress.it\/wp-content\/uploads\/2026\/01\/Nevica-Memorie-di-slitte-nelle-Dolomiti-bellunesi.jpg\" \/>\n\t<meta property=\"og:image:width\" content=\"600\" \/>\n\t<meta property=\"og:image:height\" content=\"450\" \/>\n\t<meta property=\"og:image:type\" content=\"image\/jpeg\" \/>\n<meta name=\"author\" content=\"redazione\" \/>\n<meta name=\"twitter:card\" content=\"summary_large_image\" \/>\n<meta name=\"twitter:creator\" content=\"@bellunopress\" \/>\n<meta name=\"twitter:site\" content=\"@bellunopress\" \/>\n<meta name=\"twitter:label1\" content=\"Written by\" \/>\n\t<meta name=\"twitter:data1\" content=\"redazione\" \/>\n\t<meta name=\"twitter:label2\" content=\"Est. reading time\" \/>\n\t<meta name=\"twitter:data2\" content=\"4 minutes\" \/>\n<script type=\"application\/ld+json\" class=\"yoast-schema-graph\">{\"@context\":\"https:\\\/\\\/schema.org\",\"@graph\":[{\"@type\":\"Article\",\"@id\":\"https:\\\/\\\/www.bellunopress.it\\\/2026\\\/01\\\/14\\\/scivolare-storie-di-scie-fra-tradizione-e-competizione\\\/#article\",\"isPartOf\":{\"@id\":\"https:\\\/\\\/www.bellunopress.it\\\/2026\\\/01\\\/14\\\/scivolare-storie-di-scie-fra-tradizione-e-competizione\\\/\"},\"author\":{\"name\":\"redazione\",\"@id\":\"https:\\\/\\\/www.bellunopress.it\\\/#\\\/schema\\\/person\\\/79bb06722b37ece1c03d3e94beb30d73\"},\"headline\":\"Scivolare. Storie di scie, fra tradizione e competizione\",\"datePublished\":\"2026-01-14T15:29:03+00:00\",\"mainEntityOfPage\":{\"@id\":\"https:\\\/\\\/www.bellunopress.it\\\/2026\\\/01\\\/14\\\/scivolare-storie-di-scie-fra-tradizione-e-competizione\\\/\"},\"wordCount\":878,\"publisher\":{\"@id\":\"https:\\\/\\\/www.bellunopress.it\\\/#organization\"},\"image\":{\"@id\":\"https:\\\/\\\/www.bellunopress.it\\\/2026\\\/01\\\/14\\\/scivolare-storie-di-scie-fra-tradizione-e-competizione\\\/#primaryimage\"},\"thumbnailUrl\":\"https:\\\/\\\/www.bellunopress.it\\\/wp-content\\\/uploads\\\/2026\\\/01\\\/Nevica-Memorie-di-slitte-nelle-Dolomiti-bellunesi.jpg\",\"articleSection\":[\"Arte, Cultura, Spettacoli, Scienza\",\"Pausa Caff\u00e8\"],\"inLanguage\":\"fr-FR\"},{\"@type\":\"WebPage\",\"@id\":\"https:\\\/\\\/www.bellunopress.it\\\/2026\\\/01\\\/14\\\/scivolare-storie-di-scie-fra-tradizione-e-competizione\\\/\",\"url\":\"https:\\\/\\\/www.bellunopress.it\\\/2026\\\/01\\\/14\\\/scivolare-storie-di-scie-fra-tradizione-e-competizione\\\/\",\"name\":\"Scivolare. Storie di scie, fra tradizione e competizione - Bellunopress - Dolomiti\",\"isPartOf\":{\"@id\":\"https:\\\/\\\/www.bellunopress.it\\\/#website\"},\"primaryImageOfPage\":{\"@id\":\"https:\\\/\\\/www.bellunopress.it\\\/2026\\\/01\\\/14\\\/scivolare-storie-di-scie-fra-tradizione-e-competizione\\\/#primaryimage\"},\"image\":{\"@id\":\"https:\\\/\\\/www.bellunopress.it\\\/2026\\\/01\\\/14\\\/scivolare-storie-di-scie-fra-tradizione-e-competizione\\\/#primaryimage\"},\"thumbnailUrl\":\"https:\\\/\\\/www.bellunopress.it\\\/wp-content\\\/uploads\\\/2026\\\/01\\\/Nevica-Memorie-di-slitte-nelle-Dolomiti-bellunesi.jpg\",\"datePublished\":\"2026-01-14T15:29:03+00:00\",\"breadcrumb\":{\"@id\":\"https:\\\/\\\/www.bellunopress.it\\\/2026\\\/01\\\/14\\\/scivolare-storie-di-scie-fra-tradizione-e-competizione\\\/#breadcrumb\"},\"inLanguage\":\"fr-FR\",\"potentialAction\":[{\"@type\":\"ReadAction\",\"target\":[\"https:\\\/\\\/www.bellunopress.it\\\/2026\\\/01\\\/14\\\/scivolare-storie-di-scie-fra-tradizione-e-competizione\\\/\"]}]},{\"@type\":\"ImageObject\",\"inLanguage\":\"fr-FR\",\"@id\":\"https:\\\/\\\/www.bellunopress.it\\\/2026\\\/01\\\/14\\\/scivolare-storie-di-scie-fra-tradizione-e-competizione\\\/#primaryimage\",\"url\":\"https:\\\/\\\/www.bellunopress.it\\\/wp-content\\\/uploads\\\/2026\\\/01\\\/Nevica-Memorie-di-slitte-nelle-Dolomiti-bellunesi.jpg\",\"contentUrl\":\"https:\\\/\\\/www.bellunopress.it\\\/wp-content\\\/uploads\\\/2026\\\/01\\\/Nevica-Memorie-di-slitte-nelle-Dolomiti-bellunesi.jpg\",\"width\":600,\"height\":450},{\"@type\":\"BreadcrumbList\",\"@id\":\"https:\\\/\\\/www.bellunopress.it\\\/2026\\\/01\\\/14\\\/scivolare-storie-di-scie-fra-tradizione-e-competizione\\\/#breadcrumb\",\"itemListElement\":[{\"@type\":\"ListItem\",\"position\":1,\"name\":\"Home\",\"item\":\"https:\\\/\\\/www.bellunopress.it\\\/\"},{\"@type\":\"ListItem\",\"position\":2,\"name\":\"Scivolare. Storie di scie, fra tradizione e competizione\"}]},{\"@type\":\"WebSite\",\"@id\":\"https:\\\/\\\/www.bellunopress.it\\\/#website\",\"url\":\"https:\\\/\\\/www.bellunopress.it\\\/\",\"name\":\"Bellunopress - Dolomiti\",\"description\":\"e-mail: redazione@bellunopress.it\",\"publisher\":{\"@id\":\"https:\\\/\\\/www.bellunopress.it\\\/#organization\"},\"potentialAction\":[{\"@type\":\"SearchAction\",\"target\":{\"@type\":\"EntryPoint\",\"urlTemplate\":\"https:\\\/\\\/www.bellunopress.it\\\/?s={search_term_string}\"},\"query-input\":{\"@type\":\"PropertyValueSpecification\",\"valueRequired\":true,\"valueName\":\"search_term_string\"}}],\"inLanguage\":\"fr-FR\"},{\"@type\":\"Organization\",\"@id\":\"https:\\\/\\\/www.bellunopress.it\\\/#organization\",\"name\":\"Bellunopress\",\"url\":\"https:\\\/\\\/www.bellunopress.it\\\/\",\"logo\":{\"@type\":\"ImageObject\",\"inLanguage\":\"fr-FR\",\"@id\":\"https:\\\/\\\/www.bellunopress.it\\\/#\\\/schema\\\/logo\\\/image\\\/\",\"url\":\"https:\\\/\\\/www.bellunopress.it\\\/wp-content\\\/uploads\\\/2011\\\/05\\\/cropped-logo-bellunopress-.jpg\",\"contentUrl\":\"https:\\\/\\\/www.bellunopress.it\\\/wp-content\\\/uploads\\\/2011\\\/05\\\/cropped-logo-bellunopress-.jpg\",\"width\":512,\"height\":512,\"caption\":\"Bellunopress\"},\"image\":{\"@id\":\"https:\\\/\\\/www.bellunopress.it\\\/#\\\/schema\\\/logo\\\/image\\\/\"},\"sameAs\":[\"https:\\\/\\\/www.facebook.com\\\/profile.php?id=100008943462799\",\"https:\\\/\\\/x.com\\\/bellunopress\",\"https:\\\/\\\/www.linkedin.com\\\/hp\\\/?dnr=JBzUWaJfMUw8vbXJJ2tVW5-I3jZKvC4wsoxE&amp;amp;amp;amp;amp;amp;trk=nav_responsive_tab_home\",\"https:\\\/\\\/www.youtube.com\\\/channel\\\/UCxL0wu1uN0_3_7hGG0306cw\"]},{\"@type\":\"Person\",\"@id\":\"https:\\\/\\\/www.bellunopress.it\\\/#\\\/schema\\\/person\\\/79bb06722b37ece1c03d3e94beb30d73\",\"name\":\"redazione\",\"image\":{\"@type\":\"ImageObject\",\"inLanguage\":\"fr-FR\",\"@id\":\"https:\\\/\\\/secure.gravatar.com\\\/avatar\\\/37d968a2e67a6fd04c169c4bdef102d0bc5d31b2546345219e348575eb80e9a0?s=96&d=mm&r=g\",\"url\":\"https:\\\/\\\/secure.gravatar.com\\\/avatar\\\/37d968a2e67a6fd04c169c4bdef102d0bc5d31b2546345219e348575eb80e9a0?s=96&d=mm&r=g\",\"contentUrl\":\"https:\\\/\\\/secure.gravatar.com\\\/avatar\\\/37d968a2e67a6fd04c169c4bdef102d0bc5d31b2546345219e348575eb80e9a0?s=96&d=mm&r=g\",\"caption\":\"redazione\"},\"sameAs\":[\"http:\\\/\\\/www.bellunopress.it\",\"https:\\\/\\\/x.com\\\/bellunopress\"],\"url\":\"https:\\\/\\\/www.bellunopress.it\\\/fr\\\/author\\\/redazione\\\/\"}]}<\/script>\n<!-- \/ Yoast SEO plugin. -->","yoast_head_json":{"title":"Scivolare. Storie di scie, fra tradizione e competizione - Bellunopress - Dolomiti","robots":{"index":"index","follow":"follow","max-snippet":"max-snippet:-1","max-image-preview":"max-image-preview:large","max-video-preview":"max-video-preview:-1"},"canonical":"https:\/\/www.bellunopress.it\/fr\/2026\/01\/14\/scivolare-storie-di-scie-fra-tradizione-e-competizione\/","og_locale":"fr_FR","og_type":"article","og_title":"Scivolare. Storie di scie, fra tradizione e competizione - Bellunopress - Dolomiti","og_description":"\u201cNevica!\u201d \u2013 \u201cMemorie di slitte nelle Dolomiti bellunesi\u201d Dal 24 dicembre, il podcast etnografico nelle voci del territorio, tra discese e gesti che hanno anticipato lo sport: il racconto on the road di Paolo Maoret e Associazione ISOIPSE Prima ancora che diventasse sport, prima delle piste, delle regole e delle medaglie, lo scivolare era un [&hellip;]","og_url":"https:\/\/www.bellunopress.it\/fr\/2026\/01\/14\/scivolare-storie-di-scie-fra-tradizione-e-competizione\/","og_site_name":"Bellunopress - Dolomiti","article_publisher":"https:\/\/www.facebook.com\/profile.php?id=100008943462799","article_published_time":"2026-01-14T15:29:03+00:00","og_image":[{"width":600,"height":450,"url":"https:\/\/www.bellunopress.it\/wp-content\/uploads\/2026\/01\/Nevica-Memorie-di-slitte-nelle-Dolomiti-bellunesi.jpg","type":"image\/jpeg"}],"author":"redazione","twitter_card":"summary_large_image","twitter_creator":"@bellunopress","twitter_site":"@bellunopress","twitter_misc":{"Written by":"redazione","Est. reading time":"4 minutes"},"schema":{"@context":"https:\/\/schema.org","@graph":[{"@type":"Article","@id":"https:\/\/www.bellunopress.it\/2026\/01\/14\/scivolare-storie-di-scie-fra-tradizione-e-competizione\/#article","isPartOf":{"@id":"https:\/\/www.bellunopress.it\/2026\/01\/14\/scivolare-storie-di-scie-fra-tradizione-e-competizione\/"},"author":{"name":"redazione","@id":"https:\/\/www.bellunopress.it\/#\/schema\/person\/79bb06722b37ece1c03d3e94beb30d73"},"headline":"Scivolare. Storie di scie, fra tradizione e competizione","datePublished":"2026-01-14T15:29:03+00:00","mainEntityOfPage":{"@id":"https:\/\/www.bellunopress.it\/2026\/01\/14\/scivolare-storie-di-scie-fra-tradizione-e-competizione\/"},"wordCount":878,"publisher":{"@id":"https:\/\/www.bellunopress.it\/#organization"},"image":{"@id":"https:\/\/www.bellunopress.it\/2026\/01\/14\/scivolare-storie-di-scie-fra-tradizione-e-competizione\/#primaryimage"},"thumbnailUrl":"https:\/\/www.bellunopress.it\/wp-content\/uploads\/2026\/01\/Nevica-Memorie-di-slitte-nelle-Dolomiti-bellunesi.jpg","articleSection":["Arte, Cultura, Spettacoli, Scienza","Pausa Caff\u00e8"],"inLanguage":"fr-FR"},{"@type":"WebPage","@id":"https:\/\/www.bellunopress.it\/2026\/01\/14\/scivolare-storie-di-scie-fra-tradizione-e-competizione\/","url":"https:\/\/www.bellunopress.it\/2026\/01\/14\/scivolare-storie-di-scie-fra-tradizione-e-competizione\/","name":"Scivolare. Storie di scie, fra tradizione e competizione - Bellunopress - Dolomiti","isPartOf":{"@id":"https:\/\/www.bellunopress.it\/#website"},"primaryImageOfPage":{"@id":"https:\/\/www.bellunopress.it\/2026\/01\/14\/scivolare-storie-di-scie-fra-tradizione-e-competizione\/#primaryimage"},"image":{"@id":"https:\/\/www.bellunopress.it\/2026\/01\/14\/scivolare-storie-di-scie-fra-tradizione-e-competizione\/#primaryimage"},"thumbnailUrl":"https:\/\/www.bellunopress.it\/wp-content\/uploads\/2026\/01\/Nevica-Memorie-di-slitte-nelle-Dolomiti-bellunesi.jpg","datePublished":"2026-01-14T15:29:03+00:00","breadcrumb":{"@id":"https:\/\/www.bellunopress.it\/2026\/01\/14\/scivolare-storie-di-scie-fra-tradizione-e-competizione\/#breadcrumb"},"inLanguage":"fr-FR","potentialAction":[{"@type":"ReadAction","target":["https:\/\/www.bellunopress.it\/2026\/01\/14\/scivolare-storie-di-scie-fra-tradizione-e-competizione\/"]}]},{"@type":"ImageObject","inLanguage":"fr-FR","@id":"https:\/\/www.bellunopress.it\/2026\/01\/14\/scivolare-storie-di-scie-fra-tradizione-e-competizione\/#primaryimage","url":"https:\/\/www.bellunopress.it\/wp-content\/uploads\/2026\/01\/Nevica-Memorie-di-slitte-nelle-Dolomiti-bellunesi.jpg","contentUrl":"https:\/\/www.bellunopress.it\/wp-content\/uploads\/2026\/01\/Nevica-Memorie-di-slitte-nelle-Dolomiti-bellunesi.jpg","width":600,"height":450},{"@type":"BreadcrumbList","@id":"https:\/\/www.bellunopress.it\/2026\/01\/14\/scivolare-storie-di-scie-fra-tradizione-e-competizione\/#breadcrumb","itemListElement":[{"@type":"ListItem","position":1,"name":"Home","item":"https:\/\/www.bellunopress.it\/"},{"@type":"ListItem","position":2,"name":"Scivolare. Storie di scie, fra tradizione e competizione"}]},{"@type":"WebSite","@id":"https:\/\/www.bellunopress.it\/#website","url":"https:\/\/www.bellunopress.it\/","name":"Bellunopress - Dolomiti","description":"e-mail: redazione@bellunopress.it","publisher":{"@id":"https:\/\/www.bellunopress.it\/#organization"},"potentialAction":[{"@type":"SearchAction","target":{"@type":"EntryPoint","urlTemplate":"https:\/\/www.bellunopress.it\/?s={search_term_string}"},"query-input":{"@type":"PropertyValueSpecification","valueRequired":true,"valueName":"search_term_string"}}],"inLanguage":"fr-FR"},{"@type":"Organization","@id":"https:\/\/www.bellunopress.it\/#organization","name":"Bellunopress","url":"https:\/\/www.bellunopress.it\/","logo":{"@type":"ImageObject","inLanguage":"fr-FR","@id":"https:\/\/www.bellunopress.it\/#\/schema\/logo\/image\/","url":"https:\/\/www.bellunopress.it\/wp-content\/uploads\/2011\/05\/cropped-logo-bellunopress-.jpg","contentUrl":"https:\/\/www.bellunopress.it\/wp-content\/uploads\/2011\/05\/cropped-logo-bellunopress-.jpg","width":512,"height":512,"caption":"Bellunopress"},"image":{"@id":"https:\/\/www.bellunopress.it\/#\/schema\/logo\/image\/"},"sameAs":["https:\/\/www.facebook.com\/profile.php?id=100008943462799","https:\/\/x.com\/bellunopress","https:\/\/www.linkedin.com\/hp\/?dnr=JBzUWaJfMUw8vbXJJ2tVW5-I3jZKvC4wsoxE&amp;amp;amp;amp;amp;amp;trk=nav_responsive_tab_home","https:\/\/www.youtube.com\/channel\/UCxL0wu1uN0_3_7hGG0306cw"]},{"@type":"Person","@id":"https:\/\/www.bellunopress.it\/#\/schema\/person\/79bb06722b37ece1c03d3e94beb30d73","name":"r\u00e9daction","image":{"@type":"ImageObject","inLanguage":"fr-FR","@id":"https:\/\/secure.gravatar.com\/avatar\/37d968a2e67a6fd04c169c4bdef102d0bc5d31b2546345219e348575eb80e9a0?s=96&d=mm&r=g","url":"https:\/\/secure.gravatar.com\/avatar\/37d968a2e67a6fd04c169c4bdef102d0bc5d31b2546345219e348575eb80e9a0?s=96&d=mm&r=g","contentUrl":"https:\/\/secure.gravatar.com\/avatar\/37d968a2e67a6fd04c169c4bdef102d0bc5d31b2546345219e348575eb80e9a0?s=96&d=mm&r=g","caption":"redazione"},"sameAs":["http:\/\/www.bellunopress.it","https:\/\/x.com\/bellunopress"],"url":"https:\/\/www.bellunopress.it\/fr\/author\/redazione\/"}]}},"_links":{"self":[{"href":"https:\/\/www.bellunopress.it\/fr\/wp-json\/wp\/v2\/posts\/166456","targetHints":{"allow":["GET"]}}],"collection":[{"href":"https:\/\/www.bellunopress.it\/fr\/wp-json\/wp\/v2\/posts"}],"about":[{"href":"https:\/\/www.bellunopress.it\/fr\/wp-json\/wp\/v2\/types\/post"}],"author":[{"embeddable":true,"href":"https:\/\/www.bellunopress.it\/fr\/wp-json\/wp\/v2\/users\/2"}],"replies":[{"embeddable":true,"href":"https:\/\/www.bellunopress.it\/fr\/wp-json\/wp\/v2\/comments?post=166456"}],"version-history":[{"count":1,"href":"https:\/\/www.bellunopress.it\/fr\/wp-json\/wp\/v2\/posts\/166456\/revisions"}],"predecessor-version":[{"id":166458,"href":"https:\/\/www.bellunopress.it\/fr\/wp-json\/wp\/v2\/posts\/166456\/revisions\/166458"}],"wp:featuredmedia":[{"embeddable":true,"href":"https:\/\/www.bellunopress.it\/fr\/wp-json\/wp\/v2\/media\/166457"}],"wp:attachment":[{"href":"https:\/\/www.bellunopress.it\/fr\/wp-json\/wp\/v2\/media?parent=166456"}],"wp:term":[{"taxonomy":"category","embeddable":true,"href":"https:\/\/www.bellunopress.it\/fr\/wp-json\/wp\/v2\/categories?post=166456"},{"taxonomy":"post_tag","embeddable":true,"href":"https:\/\/www.bellunopress.it\/fr\/wp-json\/wp\/v2\/tags?post=166456"}],"curies":[{"name":"wp","href":"https:\/\/api.w.org\/{rel}","templated":true}]}}