{"id":166448,"date":"2026-01-14T08:30:22","date_gmt":"2026-01-14T07:30:22","guid":{"rendered":"https:\/\/www.bellunopress.it\/?p=166448"},"modified":"2026-01-14T06:41:58","modified_gmt":"2026-01-14T05:41:58","slug":"festival-il-tempo-di-louise-farrenc","status":"publish","type":"post","link":"https:\/\/www.bellunopress.it\/fr\/2026\/01\/14\/festival-il-tempo-di-louise-farrenc\/","title":{"rendered":"Festival &#8220;Il tempo di Louise Farrenc&#8221;"},"content":{"rendered":"<figure id=\"attachment_166449\" aria-describedby=\"caption-attachment-166449\" style=\"width: 358px\" class=\"wp-caption aligncenter\"><img loading=\"lazy\" decoding=\"async\" class=\"size-full wp-image-166449\" src=\"https:\/\/www.bellunopress.it\/wp-content\/uploads\/2026\/01\/Visuel-Il-tempo-di-Louise-Farrenc-\u00a9-Giada-Maestra-Galleria-Garance-Marion.jpg\" alt=\"\" width=\"358\" height=\"500\" srcset=\"https:\/\/www.bellunopress.it\/wp-content\/uploads\/2026\/01\/Visuel-Il-tempo-di-Louise-Farrenc-\u00a9-Giada-Maestra-Galleria-Garance-Marion.jpg 358w, https:\/\/www.bellunopress.it\/wp-content\/uploads\/2026\/01\/Visuel-Il-tempo-di-Louise-Farrenc-\u00a9-Giada-Maestra-Galleria-Garance-Marion-301x420.jpg 301w\" sizes=\"auto, (max-width: 358px) 100vw, 358px\" \/><figcaption id=\"caption-attachment-166449\" class=\"wp-caption-text\">Visuel Il tempo di Louise Farrenc \u00a9 Giada Maestra, Galleria Garance &amp; Marion<\/figcaption><\/figure>\n<p><strong>Venezia, dal 28 marzo al 28 aprile 2026<\/strong><\/p>\n<p><strong>\u200aDedicato alla compositrice Louise Farrenc (1804-1875), questo festival rende omaggio a quella generazione di artisti, nata ai tempi dell\u2019Impero napoleonico, che ha tenuto a battesimo il romanticismo musicale in Francia.<\/strong><\/p>\n<p>Scomparsa 150 anni fa, Louise Farrenc \u00e8 una musicista unica nel suo genere. Proveniente per parte materna da una famiglia di pittori, riusc\u00ec a conquistarsi un posto in ambiti allora riservati agli uomini, come la composizione di opere sinfoniche. Il sostegno del marito, il flautista ed editore Aristide Farrenc, fu probabilmente determinante per la sua carriera creativa, ma la sua fama \u00e8 dovuta esclusivamente ai suoi talenti di pianista virtuosa e poi di compositrice. Ci ha lasciato un catalogo che comprende opere per pianoforte, musica da camera (per cui l\u2019Institut de France le assegna due Prix Chartier), ma soprattutto due ouverture e tre sinfonie, composte tra il 1834 e il 1847. Profondamente influenzata da Beethoven, contribu\u00ec al rinnovamento musicale parigino insieme ad altre personalit\u00e0 nate a cavallo del XIX secolo e giunte alla maturit\u00e0 intorno al 1830, come Berlioz, David e Chopin.<\/p>\n<p>Nel corso del Festival di primavera a Venezia, articolato in sette concerti e una conferenza, il pubblico viene accompagnato in un ampio ritratto musicale di Louise Farrenc e dei suoi contemporanei, alla scoperta della nascita e dello sviluppo del romanticismo musicale in Francia.<\/p>\n<p>La presentazione-concerto del festival, gioved\u00ec 19 marzo 2026, offre un assaggio del repertorio valorizzato nel cartellone, con un recital di brani per pianoforte solo raramente eseguiti, affidato a Nicolas Giacomelli.<\/p>\n<p>Il concerto inaugurale, sabato 28 marzo, vede No\u00e9 Inui al violino e Vassilis Varvaresos al pianoforte mettere in luce Louise Farrenc come solida garante di uno stile classico che discende direttamente da Beethoven, affiancata in programma da Fr\u00e9d\u00e9ric Chopin, Franz Liszt e Th\u00e9odore Gouvy.<\/p>\n<p>L\u2019indomani, domenica 29 marzo presso la Scuola Grande San Giovanni Evangelista, Na\u00efri Badal e Ad\u00e9la\u00efde Panaget (Duo Jatekok) esplorano a due pianoforti un territorio sonoro avvolto da immagini fantastiche e intriso di audacia, attraverso trascrizioni di Hector Berlioz, Louise Farrenc, Camille Saint-Sa\u00ebns e Franz Liszt.<\/p>\n<p>Il festival prosegue gioved\u00ec 9 aprile con C\u00e9lia Oneto Bensaid al pianoforte, che sfoglie alcune pagine del romanticismo pianistico da Fr\u00e9d\u00e9ric Chopin a Georges Bizet, includendo l\u2019Air russe vari\u00e9 di Louise Farrenc, lodato da Robert Schumann.<\/p>\n<p>Il pianoforte sar\u00e0 nuovamente protagonista sabato 11 aprile all\u2019Auditorium Lo Squero sull\u2019Isola di San Giorgio, nell\u2019ambito della coproduzione con Asolo Musica, giunta alla sua terza stagione.<\/p>\n<p>&nbsp;<\/p>\n<p>Orazio Sciortino propone un florilegio di brani ispirati al mondo dei narratori, con musiche di Juliette Dillon, Charles-Valentin Alkan, Gioachino Rossini, Louise Farrenc e Franz Liszt.<\/p>\n<p>Marted\u00ec 14 aprile, Mihaela Costea (violino), Silvia Chiesa (violoncello) e Linda Di Carlo (pianoforte) interpretano un programma interamente dedicato a Louise Farrenc, valorizzandone la produzione cameristica, che seppe ottenere un riconoscimento ufficiale in un\u2019epoca in cui la composizione femminile non era considerata un\u2019attivit\u00e0 legittimata.<\/p>\n<p>Marted\u00ec 21 aprile, il Trio Atanassov esegue trii con pianoforte di Reicha (op. 101) e Onslow (op. 83), opere poco note ai loro contemporanei ma emblematiche della vitalit\u00e0 e dell\u2019originalit\u00e0 della scuola francese.<\/p>\n<p>Il festival si conclude marted\u00ec 28 aprile con un concerto dell\u2019Ensemble Tamuz, formazione di soli archi, che interpreta le \u201cSoir\u00e9es d\u2019hiver\u201d tratte dalle Quatre Saisons di F\u00e9licien David. L\u2019opera \u00e8 dedicata a George Onslow, presente in programma anche con il Quintetto con due violoncelli op. 61.<\/p>\n<p>In anteprima rispetto al festival, marted\u00ec 10 marzo, Vania Bruno e Barbara Tartari tengono la conferenza Louise Farrenc e lo spartito della parit\u00e0, dedicata al percorso della compositrice e al rapporto tra cultura, diritto e parit\u00e0 di genere, tra ieri e oggi.<\/p>\n<p>&nbsp;<\/p>\n<p><strong>TUTTI GLI EVENTI<\/strong><\/p>\n<p>&nbsp;<\/p>\n<p>MARTED\u00cc 10 MARZO<\/p>\n<p>ORE 18<\/p>\n<p>PALAZZETTO BRU ZANE<\/p>\n<p>Louise Farrenc e lo spartito della parit\u00e0<\/p>\n<p>Vania Brino, Barbara Tartari relatrici<\/p>\n<p>&nbsp;<\/p>\n<p>GIOVED\u00cc 19 MARZO<\/p>\n<p>ORE 18<\/p>\n<p>PALAZZETTO BRU ZANE<\/p>\n<p>Presentazione del festival<\/p>\n<p>Nicolas Giacomelli pianoforte<\/p>\n<p>Brani per pianoforte di PRUDENT, FARRENC, GOUNOD, DAVID e LEF\u00c9BURE-W\u00c9LY<\/p>\n<p>ingresso gratuito<\/p>\n<p>&nbsp;<\/p>\n<p>SABATO 28 MARZO<\/p>\n<p>ORE 19.30 PALAZZETTO BRU ZANE<\/p>\n<p>Generazione Farrenc<\/p>\n<p>No\u00e9 Inui violino<\/p>\n<p>Vassilis Varvaresos pianoforte<\/p>\n<p>Brani per violino e pianoforte di CHOPIN, FARRENC, LISZT e GOUVY<\/p>\n<p>&nbsp;<\/p>\n<p>DOMENICA 29 MARZO<\/p>\n<p>ORE 17<\/p>\n<p>SCUOLA GRANDE SAN GIOVANNI EVANGELISTA<\/p>\n<p>All\u2019ombra di Berlioz<\/p>\n<p>DUO JATEKOK<\/p>\n<p>Na\u00efri Badal e Ad\u00e9la\u00efde Panaget pianoforti<\/p>\n<p>Brani per due pianoforti di BERLIOZ, FARRENC, SAINT-SA\u00cbNS e LISZT<\/p>\n<p>&nbsp;<\/p>\n<p>GIOVED\u00cc 9 APRILE<\/p>\n<p>ORE 19.30<\/p>\n<p>&nbsp;<\/p>\n<p>PALAZZETTO BRU ZANE<\/p>\n<p>Spazio ai virtuosi<\/p>\n<p>C\u00e9lia Oneto Bensaid pianoforte<\/p>\n<p>Brani per pianoforte di FARRENC, CHOPIN, BIZET, GUILMANT, HELLER e ALKAN<\/p>\n<p>&nbsp;<\/p>\n<p>SABATO 11 APRILE<\/p>\n<p>ORE 16.30<\/p>\n<p>AUDITORIUM LO SQUERO<\/p>\n<p>Reminiscenze<\/p>\n<p>Orazio Sciortino pianoforte<\/p>\n<p>opere per pianoforte di ALKAN, DILLON, ROSSINI, FARRENC e LISZT<\/p>\n<p>coproduzione Asolo Musica \/ Palazzetto Bru Zane<\/p>\n<p>Concerto fuori abbonamento. Tariffe e prenotazioni: boxol.it\/auditoriumlosquero<\/p>\n<p>&nbsp;<\/p>\n<p>MARTED\u00cc 14 APRILE<\/p>\n<p>ORE 19.30 PALAZZETTO BRU ZANE<\/p>\n<p>Pioniera e romantica<\/p>\n<p>Mihaela Costea violino<\/p>\n<p>Silvia Chiesa violoncello<\/p>\n<p>Linda Di Carlo pianoforte<\/p>\n<p>brani per violino, violoncello e pianoforte di FARRENC<\/p>\n<p>&nbsp;<\/p>\n<p>MARTED\u00cc 21 APRILE<\/p>\n<p>ORE 19.30 PALAZZETTO BRU ZANE<\/p>\n<p>Come a Vienna<\/p>\n<p>TRIO ATANASSOV<\/p>\n<p>Perceval Gilles violino<\/p>\n<p>Sarah Sultan violoncello<\/p>\n<p>Pierre-Kaloyann Atanassov pianoforte brani di REICHA e ONSLOW<\/p>\n<p>&nbsp;<\/p>\n<p>MARTED\u00cc 28 APRILE<\/p>\n<p>ORE 19.30 PALAZZETTO BRU ZANE<\/p>\n<p>Corde sensibili<\/p>\n<p>ENSEMBLE TAMUZ<\/p>\n<p>Hed Yaron-Meyerson e Diego Castelli violini<\/p>\n<p>Avishai Chameides viola<\/p>\n<p>Victor Garc\u00eda Garc\u00eda e Constance Ricard violoncelli<\/p>\n<p>brani di BIZET e DAVID<\/p>\n<p>&nbsp;<\/p>\n<p><strong>Il Palazzetto Bru Zane \u2013 Centre de musique romantique fran\u00e7aise<\/strong><\/p>\n<p>La missione del Palazzetto Bru Zane \u2013 Centre de musique romantique fran\u00e7aise, con sede a Venezia, \u00e8 la riscoperta e la diffusione a livello internazionale del patrimonio musicale francese (1780-1920), concepisce e progetta programmi incentrati sul repertorio romantico francese. Si occupa sia di musica da camera sia del repertorio sinfonico, sacro e lirico, senza dimenticare i generi \u201cleggeri\u201d che caratterizzano lo spirito francese (chanson, op\u00e9ra-comique, operetta). Il centro, inaugurato nel 2009, gode del sostegno della Fondation Bru e ha sede a Venezia in un palazzo del 1695 appositamente restaurato per ospitarlo.<\/p>\n<p>Palazzetto Bru Zane<\/p>\n<p>Venezia, San Polo 2368<\/p>","protected":false},"excerpt":{"rendered":"<p>Venezia, dal 28 marzo al 28 aprile 2026 \u200aDedicato alla compositrice Louise Farrenc (1804-1875), questo festival rende omaggio a quella generazione di artisti, nata ai tempi dell\u2019Impero napoleonico, che ha tenuto a battesimo il romanticismo musicale in Francia. Scomparsa 150 anni fa, Louise Farrenc \u00e8 una musicista unica nel suo genere. Proveniente per parte materna [&hellip;]<\/p>\n","protected":false},"author":2,"featured_media":166449,"comment_status":"closed","ping_status":"open","sticky":false,"template":"","format":"standard","meta":{"footnotes":""},"categories":[3394,25],"tags":[],"class_list":["post-166448","post","type-post","status-publish","format-standard","has-post-thumbnail","category-cultura-e-spettacoli-fuori-provincia","category-pausa-caffe"],"yoast_head":"<!-- This site is optimized with the Yoast SEO plugin v28.4 - https:\/\/yoast.com\/product\/yoast-seo-wordpress\/ -->\n<title>Festival &quot;Il tempo di Louise Farrenc&quot; - Bellunopress - Dolomiti<\/title>\n<meta name=\"robots\" content=\"index, follow, max-snippet:-1, max-image-preview:large, max-video-preview:-1\" \/>\n<link rel=\"canonical\" href=\"https:\/\/www.bellunopress.it\/fr\/2026\/01\/14\/festival-il-tempo-di-louise-farrenc\/\" \/>\n<meta property=\"og:locale\" content=\"fr_FR\" \/>\n<meta property=\"og:type\" content=\"article\" \/>\n<meta property=\"og:title\" content=\"Festival &quot;Il tempo di Louise Farrenc&quot; - Bellunopress - Dolomiti\" \/>\n<meta property=\"og:description\" content=\"Venezia, dal 28 marzo al 28 aprile 2026 \u200aDedicato alla compositrice Louise Farrenc (1804-1875), questo festival rende omaggio a quella generazione di artisti, nata ai tempi dell\u2019Impero napoleonico, che ha tenuto a battesimo il romanticismo musicale in Francia. Scomparsa 150 anni fa, Louise Farrenc \u00e8 una musicista unica nel suo genere. Proveniente per parte materna [&hellip;]\" \/>\n<meta property=\"og:url\" content=\"https:\/\/www.bellunopress.it\/fr\/2026\/01\/14\/festival-il-tempo-di-louise-farrenc\/\" \/>\n<meta property=\"og:site_name\" content=\"Bellunopress - Dolomiti\" \/>\n<meta property=\"article:publisher\" content=\"https:\/\/www.facebook.com\/profile.php?id=100008943462799\" \/>\n<meta property=\"article:published_time\" content=\"2026-01-14T07:30:22+00:00\" \/>\n<meta property=\"og:image\" content=\"https:\/\/www.bellunopress.it\/wp-content\/uploads\/2026\/01\/Visuel-Il-tempo-di-Louise-Farrenc-\u00a9-Giada-Maestra-Galleria-Garance-Marion.jpg\" \/>\n\t<meta property=\"og:image:width\" content=\"358\" \/>\n\t<meta property=\"og:image:height\" content=\"500\" \/>\n\t<meta property=\"og:image:type\" content=\"image\/jpeg\" \/>\n<meta name=\"author\" content=\"redazione\" \/>\n<meta name=\"twitter:card\" content=\"summary_large_image\" \/>\n<meta name=\"twitter:creator\" content=\"@bellunopress\" \/>\n<meta name=\"twitter:site\" content=\"@bellunopress\" \/>\n<meta name=\"twitter:label1\" content=\"\u00c9crit par\" \/>\n\t<meta name=\"twitter:data1\" content=\"redazione\" \/>\n\t<meta name=\"twitter:label2\" content=\"Dur\u00e9e de lecture estim\u00e9e\" \/>\n\t<meta name=\"twitter:data2\" content=\"5 minutes\" \/>\n<script type=\"application\/ld+json\" class=\"yoast-schema-graph\">{\"@context\":\"https:\\\/\\\/schema.org\",\"@graph\":[{\"@type\":\"Article\",\"@id\":\"https:\\\/\\\/www.bellunopress.it\\\/2026\\\/01\\\/14\\\/festival-il-tempo-di-louise-farrenc\\\/#article\",\"isPartOf\":{\"@id\":\"https:\\\/\\\/www.bellunopress.it\\\/2026\\\/01\\\/14\\\/festival-il-tempo-di-louise-farrenc\\\/\"},\"author\":{\"name\":\"redazione\",\"@id\":\"https:\\\/\\\/www.bellunopress.it\\\/#\\\/schema\\\/person\\\/79bb06722b37ece1c03d3e94beb30d73\"},\"headline\":\"Festival &#8220;Il tempo di Louise Farrenc&#8221;\",\"datePublished\":\"2026-01-14T07:30:22+00:00\",\"mainEntityOfPage\":{\"@id\":\"https:\\\/\\\/www.bellunopress.it\\\/2026\\\/01\\\/14\\\/festival-il-tempo-di-louise-farrenc\\\/\"},\"wordCount\":991,\"publisher\":{\"@id\":\"https:\\\/\\\/www.bellunopress.it\\\/#organization\"},\"image\":{\"@id\":\"https:\\\/\\\/www.bellunopress.it\\\/2026\\\/01\\\/14\\\/festival-il-tempo-di-louise-farrenc\\\/#primaryimage\"},\"thumbnailUrl\":\"https:\\\/\\\/www.bellunopress.it\\\/wp-content\\\/uploads\\\/2026\\\/01\\\/Visuel-Il-tempo-di-Louise-Farrenc-\u00a9-Giada-Maestra-Galleria-Garance-Marion.jpg\",\"articleSection\":[\"Cultura e spettacoli, tempo libero, benessere, fuori provincia\",\"Pausa Caff\u00e8\"],\"inLanguage\":\"fr-FR\"},{\"@type\":\"WebPage\",\"@id\":\"https:\\\/\\\/www.bellunopress.it\\\/2026\\\/01\\\/14\\\/festival-il-tempo-di-louise-farrenc\\\/\",\"url\":\"https:\\\/\\\/www.bellunopress.it\\\/2026\\\/01\\\/14\\\/festival-il-tempo-di-louise-farrenc\\\/\",\"name\":\"Festival \\\"Il tempo di Louise Farrenc\\\" - Bellunopress - Dolomiti\",\"isPartOf\":{\"@id\":\"https:\\\/\\\/www.bellunopress.it\\\/#website\"},\"primaryImageOfPage\":{\"@id\":\"https:\\\/\\\/www.bellunopress.it\\\/2026\\\/01\\\/14\\\/festival-il-tempo-di-louise-farrenc\\\/#primaryimage\"},\"image\":{\"@id\":\"https:\\\/\\\/www.bellunopress.it\\\/2026\\\/01\\\/14\\\/festival-il-tempo-di-louise-farrenc\\\/#primaryimage\"},\"thumbnailUrl\":\"https:\\\/\\\/www.bellunopress.it\\\/wp-content\\\/uploads\\\/2026\\\/01\\\/Visuel-Il-tempo-di-Louise-Farrenc-\u00a9-Giada-Maestra-Galleria-Garance-Marion.jpg\",\"datePublished\":\"2026-01-14T07:30:22+00:00\",\"breadcrumb\":{\"@id\":\"https:\\\/\\\/www.bellunopress.it\\\/2026\\\/01\\\/14\\\/festival-il-tempo-di-louise-farrenc\\\/#breadcrumb\"},\"inLanguage\":\"fr-FR\",\"potentialAction\":[{\"@type\":\"ReadAction\",\"target\":[\"https:\\\/\\\/www.bellunopress.it\\\/2026\\\/01\\\/14\\\/festival-il-tempo-di-louise-farrenc\\\/\"]}]},{\"@type\":\"ImageObject\",\"inLanguage\":\"fr-FR\",\"@id\":\"https:\\\/\\\/www.bellunopress.it\\\/2026\\\/01\\\/14\\\/festival-il-tempo-di-louise-farrenc\\\/#primaryimage\",\"url\":\"https:\\\/\\\/www.bellunopress.it\\\/wp-content\\\/uploads\\\/2026\\\/01\\\/Visuel-Il-tempo-di-Louise-Farrenc-\u00a9-Giada-Maestra-Galleria-Garance-Marion.jpg\",\"contentUrl\":\"https:\\\/\\\/www.bellunopress.it\\\/wp-content\\\/uploads\\\/2026\\\/01\\\/Visuel-Il-tempo-di-Louise-Farrenc-\u00a9-Giada-Maestra-Galleria-Garance-Marion.jpg\",\"width\":358,\"height\":500,\"caption\":\"Visuel Il tempo di Louise Farrenc \u00a9 Giada Maestra, Galleria Garance & Marion\"},{\"@type\":\"BreadcrumbList\",\"@id\":\"https:\\\/\\\/www.bellunopress.it\\\/2026\\\/01\\\/14\\\/festival-il-tempo-di-louise-farrenc\\\/#breadcrumb\",\"itemListElement\":[{\"@type\":\"ListItem\",\"position\":1,\"name\":\"Home\",\"item\":\"https:\\\/\\\/www.bellunopress.it\\\/\"},{\"@type\":\"ListItem\",\"position\":2,\"name\":\"Festival &#8220;Il tempo di Louise Farrenc&#8221;\"}]},{\"@type\":\"WebSite\",\"@id\":\"https:\\\/\\\/www.bellunopress.it\\\/#website\",\"url\":\"https:\\\/\\\/www.bellunopress.it\\\/\",\"name\":\"Bellunopress - Dolomiti\",\"description\":\"e-mail: redazione@bellunopress.it\",\"publisher\":{\"@id\":\"https:\\\/\\\/www.bellunopress.it\\\/#organization\"},\"potentialAction\":[{\"@type\":\"SearchAction\",\"target\":{\"@type\":\"EntryPoint\",\"urlTemplate\":\"https:\\\/\\\/www.bellunopress.it\\\/?s={search_term_string}\"},\"query-input\":{\"@type\":\"PropertyValueSpecification\",\"valueRequired\":true,\"valueName\":\"search_term_string\"}}],\"inLanguage\":\"fr-FR\"},{\"@type\":\"Organization\",\"@id\":\"https:\\\/\\\/www.bellunopress.it\\\/#organization\",\"name\":\"Bellunopress\",\"url\":\"https:\\\/\\\/www.bellunopress.it\\\/\",\"logo\":{\"@type\":\"ImageObject\",\"inLanguage\":\"fr-FR\",\"@id\":\"https:\\\/\\\/www.bellunopress.it\\\/#\\\/schema\\\/logo\\\/image\\\/\",\"url\":\"https:\\\/\\\/www.bellunopress.it\\\/wp-content\\\/uploads\\\/2011\\\/05\\\/cropped-logo-bellunopress-.jpg\",\"contentUrl\":\"https:\\\/\\\/www.bellunopress.it\\\/wp-content\\\/uploads\\\/2011\\\/05\\\/cropped-logo-bellunopress-.jpg\",\"width\":512,\"height\":512,\"caption\":\"Bellunopress\"},\"image\":{\"@id\":\"https:\\\/\\\/www.bellunopress.it\\\/#\\\/schema\\\/logo\\\/image\\\/\"},\"sameAs\":[\"https:\\\/\\\/www.facebook.com\\\/profile.php?id=100008943462799\",\"https:\\\/\\\/x.com\\\/bellunopress\",\"https:\\\/\\\/www.linkedin.com\\\/hp\\\/?dnr=JBzUWaJfMUw8vbXJJ2tVW5-I3jZKvC4wsoxE&amp;amp;amp;amp;amp;amp;trk=nav_responsive_tab_home\",\"https:\\\/\\\/www.youtube.com\\\/channel\\\/UCxL0wu1uN0_3_7hGG0306cw\"]},{\"@type\":\"Person\",\"@id\":\"https:\\\/\\\/www.bellunopress.it\\\/#\\\/schema\\\/person\\\/79bb06722b37ece1c03d3e94beb30d73\",\"name\":\"redazione\",\"image\":{\"@type\":\"ImageObject\",\"inLanguage\":\"fr-FR\",\"@id\":\"https:\\\/\\\/secure.gravatar.com\\\/avatar\\\/37d968a2e67a6fd04c169c4bdef102d0bc5d31b2546345219e348575eb80e9a0?s=96&d=mm&r=g\",\"url\":\"https:\\\/\\\/secure.gravatar.com\\\/avatar\\\/37d968a2e67a6fd04c169c4bdef102d0bc5d31b2546345219e348575eb80e9a0?s=96&d=mm&r=g\",\"contentUrl\":\"https:\\\/\\\/secure.gravatar.com\\\/avatar\\\/37d968a2e67a6fd04c169c4bdef102d0bc5d31b2546345219e348575eb80e9a0?s=96&d=mm&r=g\",\"caption\":\"redazione\"},\"sameAs\":[\"http:\\\/\\\/www.bellunopress.it\",\"https:\\\/\\\/x.com\\\/bellunopress\"],\"url\":\"https:\\\/\\\/www.bellunopress.it\\\/fr\\\/author\\\/redazione\\\/\"}]}<\/script>\n<!-- \/ Yoast SEO plugin. -->","yoast_head_json":{"title":"Festival \"Il tempo di Louise Farrenc\" - Bellunopress - Dolomiti","robots":{"index":"index","follow":"follow","max-snippet":"max-snippet:-1","max-image-preview":"max-image-preview:large","max-video-preview":"max-video-preview:-1"},"canonical":"https:\/\/www.bellunopress.it\/fr\/2026\/01\/14\/festival-il-tempo-di-louise-farrenc\/","og_locale":"fr_FR","og_type":"article","og_title":"Festival \"Il tempo di Louise Farrenc\" - Bellunopress - Dolomiti","og_description":"Venezia, dal 28 marzo al 28 aprile 2026 \u200aDedicato alla compositrice Louise Farrenc (1804-1875), questo festival rende omaggio a quella generazione di artisti, nata ai tempi dell\u2019Impero napoleonico, che ha tenuto a battesimo il romanticismo musicale in Francia. Scomparsa 150 anni fa, Louise Farrenc \u00e8 una musicista unica nel suo genere. Proveniente per parte materna [&hellip;]","og_url":"https:\/\/www.bellunopress.it\/fr\/2026\/01\/14\/festival-il-tempo-di-louise-farrenc\/","og_site_name":"Bellunopress - Dolomiti","article_publisher":"https:\/\/www.facebook.com\/profile.php?id=100008943462799","article_published_time":"2026-01-14T07:30:22+00:00","og_image":[{"width":358,"height":500,"url":"https:\/\/www.bellunopress.it\/wp-content\/uploads\/2026\/01\/Visuel-Il-tempo-di-Louise-Farrenc-\u00a9-Giada-Maestra-Galleria-Garance-Marion.jpg","type":"image\/jpeg"}],"author":"redazione","twitter_card":"summary_large_image","twitter_creator":"@bellunopress","twitter_site":"@bellunopress","twitter_misc":{"\u00c9crit par":"redazione","Dur\u00e9e de lecture estim\u00e9e":"5 minutes"},"schema":{"@context":"https:\/\/schema.org","@graph":[{"@type":"Article","@id":"https:\/\/www.bellunopress.it\/2026\/01\/14\/festival-il-tempo-di-louise-farrenc\/#article","isPartOf":{"@id":"https:\/\/www.bellunopress.it\/2026\/01\/14\/festival-il-tempo-di-louise-farrenc\/"},"author":{"name":"redazione","@id":"https:\/\/www.bellunopress.it\/#\/schema\/person\/79bb06722b37ece1c03d3e94beb30d73"},"headline":"Festival &#8220;Il tempo di Louise Farrenc&#8221;","datePublished":"2026-01-14T07:30:22+00:00","mainEntityOfPage":{"@id":"https:\/\/www.bellunopress.it\/2026\/01\/14\/festival-il-tempo-di-louise-farrenc\/"},"wordCount":991,"publisher":{"@id":"https:\/\/www.bellunopress.it\/#organization"},"image":{"@id":"https:\/\/www.bellunopress.it\/2026\/01\/14\/festival-il-tempo-di-louise-farrenc\/#primaryimage"},"thumbnailUrl":"https:\/\/www.bellunopress.it\/wp-content\/uploads\/2026\/01\/Visuel-Il-tempo-di-Louise-Farrenc-\u00a9-Giada-Maestra-Galleria-Garance-Marion.jpg","articleSection":["Cultura e spettacoli, tempo libero, benessere, fuori provincia","Pausa Caff\u00e8"],"inLanguage":"fr-FR"},{"@type":"WebPage","@id":"https:\/\/www.bellunopress.it\/2026\/01\/14\/festival-il-tempo-di-louise-farrenc\/","url":"https:\/\/www.bellunopress.it\/2026\/01\/14\/festival-il-tempo-di-louise-farrenc\/","name":"Festival \"Il tempo di Louise Farrenc\" - Bellunopress - Dolomiti","isPartOf":{"@id":"https:\/\/www.bellunopress.it\/#website"},"primaryImageOfPage":{"@id":"https:\/\/www.bellunopress.it\/2026\/01\/14\/festival-il-tempo-di-louise-farrenc\/#primaryimage"},"image":{"@id":"https:\/\/www.bellunopress.it\/2026\/01\/14\/festival-il-tempo-di-louise-farrenc\/#primaryimage"},"thumbnailUrl":"https:\/\/www.bellunopress.it\/wp-content\/uploads\/2026\/01\/Visuel-Il-tempo-di-Louise-Farrenc-\u00a9-Giada-Maestra-Galleria-Garance-Marion.jpg","datePublished":"2026-01-14T07:30:22+00:00","breadcrumb":{"@id":"https:\/\/www.bellunopress.it\/2026\/01\/14\/festival-il-tempo-di-louise-farrenc\/#breadcrumb"},"inLanguage":"fr-FR","potentialAction":[{"@type":"ReadAction","target":["https:\/\/www.bellunopress.it\/2026\/01\/14\/festival-il-tempo-di-louise-farrenc\/"]}]},{"@type":"ImageObject","inLanguage":"fr-FR","@id":"https:\/\/www.bellunopress.it\/2026\/01\/14\/festival-il-tempo-di-louise-farrenc\/#primaryimage","url":"https:\/\/www.bellunopress.it\/wp-content\/uploads\/2026\/01\/Visuel-Il-tempo-di-Louise-Farrenc-\u00a9-Giada-Maestra-Galleria-Garance-Marion.jpg","contentUrl":"https:\/\/www.bellunopress.it\/wp-content\/uploads\/2026\/01\/Visuel-Il-tempo-di-Louise-Farrenc-\u00a9-Giada-Maestra-Galleria-Garance-Marion.jpg","width":358,"height":500,"caption":"Visuel Il tempo di Louise Farrenc \u00a9 Giada Maestra, Galleria Garance & Marion"},{"@type":"BreadcrumbList","@id":"https:\/\/www.bellunopress.it\/2026\/01\/14\/festival-il-tempo-di-louise-farrenc\/#breadcrumb","itemListElement":[{"@type":"ListItem","position":1,"name":"Home","item":"https:\/\/www.bellunopress.it\/"},{"@type":"ListItem","position":2,"name":"Festival &#8220;Il tempo di Louise Farrenc&#8221;"}]},{"@type":"WebSite","@id":"https:\/\/www.bellunopress.it\/#website","url":"https:\/\/www.bellunopress.it\/","name":"Bellunopress - Dolomiti","description":"e-mail: redazione@bellunopress.it","publisher":{"@id":"https:\/\/www.bellunopress.it\/#organization"},"potentialAction":[{"@type":"SearchAction","target":{"@type":"EntryPoint","urlTemplate":"https:\/\/www.bellunopress.it\/?s={search_term_string}"},"query-input":{"@type":"PropertyValueSpecification","valueRequired":true,"valueName":"search_term_string"}}],"inLanguage":"fr-FR"},{"@type":"Organization","@id":"https:\/\/www.bellunopress.it\/#organization","name":"Bellunopress","url":"https:\/\/www.bellunopress.it\/","logo":{"@type":"ImageObject","inLanguage":"fr-FR","@id":"https:\/\/www.bellunopress.it\/#\/schema\/logo\/image\/","url":"https:\/\/www.bellunopress.it\/wp-content\/uploads\/2011\/05\/cropped-logo-bellunopress-.jpg","contentUrl":"https:\/\/www.bellunopress.it\/wp-content\/uploads\/2011\/05\/cropped-logo-bellunopress-.jpg","width":512,"height":512,"caption":"Bellunopress"},"image":{"@id":"https:\/\/www.bellunopress.it\/#\/schema\/logo\/image\/"},"sameAs":["https:\/\/www.facebook.com\/profile.php?id=100008943462799","https:\/\/x.com\/bellunopress","https:\/\/www.linkedin.com\/hp\/?dnr=JBzUWaJfMUw8vbXJJ2tVW5-I3jZKvC4wsoxE&amp;amp;amp;amp;amp;amp;trk=nav_responsive_tab_home","https:\/\/www.youtube.com\/channel\/UCxL0wu1uN0_3_7hGG0306cw"]},{"@type":"Person","@id":"https:\/\/www.bellunopress.it\/#\/schema\/person\/79bb06722b37ece1c03d3e94beb30d73","name":"r\u00e9daction","image":{"@type":"ImageObject","inLanguage":"fr-FR","@id":"https:\/\/secure.gravatar.com\/avatar\/37d968a2e67a6fd04c169c4bdef102d0bc5d31b2546345219e348575eb80e9a0?s=96&d=mm&r=g","url":"https:\/\/secure.gravatar.com\/avatar\/37d968a2e67a6fd04c169c4bdef102d0bc5d31b2546345219e348575eb80e9a0?s=96&d=mm&r=g","contentUrl":"https:\/\/secure.gravatar.com\/avatar\/37d968a2e67a6fd04c169c4bdef102d0bc5d31b2546345219e348575eb80e9a0?s=96&d=mm&r=g","caption":"redazione"},"sameAs":["http:\/\/www.bellunopress.it","https:\/\/x.com\/bellunopress"],"url":"https:\/\/www.bellunopress.it\/fr\/author\/redazione\/"}]}},"_links":{"self":[{"href":"https:\/\/www.bellunopress.it\/fr\/wp-json\/wp\/v2\/posts\/166448","targetHints":{"allow":["GET"]}}],"collection":[{"href":"https:\/\/www.bellunopress.it\/fr\/wp-json\/wp\/v2\/posts"}],"about":[{"href":"https:\/\/www.bellunopress.it\/fr\/wp-json\/wp\/v2\/types\/post"}],"author":[{"embeddable":true,"href":"https:\/\/www.bellunopress.it\/fr\/wp-json\/wp\/v2\/users\/2"}],"replies":[{"embeddable":true,"href":"https:\/\/www.bellunopress.it\/fr\/wp-json\/wp\/v2\/comments?post=166448"}],"version-history":[{"count":1,"href":"https:\/\/www.bellunopress.it\/fr\/wp-json\/wp\/v2\/posts\/166448\/revisions"}],"predecessor-version":[{"id":166450,"href":"https:\/\/www.bellunopress.it\/fr\/wp-json\/wp\/v2\/posts\/166448\/revisions\/166450"}],"wp:featuredmedia":[{"embeddable":true,"href":"https:\/\/www.bellunopress.it\/fr\/wp-json\/wp\/v2\/media\/166449"}],"wp:attachment":[{"href":"https:\/\/www.bellunopress.it\/fr\/wp-json\/wp\/v2\/media?parent=166448"}],"wp:term":[{"taxonomy":"category","embeddable":true,"href":"https:\/\/www.bellunopress.it\/fr\/wp-json\/wp\/v2\/categories?post=166448"},{"taxonomy":"post_tag","embeddable":true,"href":"https:\/\/www.bellunopress.it\/fr\/wp-json\/wp\/v2\/tags?post=166448"}],"curies":[{"name":"wp","href":"https:\/\/api.w.org\/{rel}","templated":true}]}}