{"id":166443,"date":"2026-01-13T15:18:49","date_gmt":"2026-01-13T14:18:49","guid":{"rendered":"https:\/\/www.bellunopress.it\/?p=166443"},"modified":"2026-01-13T15:18:49","modified_gmt":"2026-01-13T14:18:49","slug":"linps-cerca-738-funzionari-e-949-assistenti-amministrativi","status":"publish","type":"post","link":"https:\/\/www.bellunopress.it\/fr\/2026\/01\/13\/linps-cerca-738-funzionari-e-949-assistenti-amministrativi\/","title":{"rendered":"L&#8217;Inps cerca 738 funzionari e 949 assistenti amministrativi"},"content":{"rendered":"<p><img loading=\"lazy\" decoding=\"async\" class=\"aligncenter size-full wp-image-129063\" src=\"https:\/\/www.bellunopress.it\/wp-content\/uploads\/2021\/11\/INPS_edited.jpg\" alt=\"\" width=\"800\" height=\"533\" srcset=\"https:\/\/www.bellunopress.it\/wp-content\/uploads\/2021\/11\/INPS_edited.jpg 800w, https:\/\/www.bellunopress.it\/wp-content\/uploads\/2021\/11\/INPS_edited-500x333.jpg 500w, https:\/\/www.bellunopress.it\/wp-content\/uploads\/2021\/11\/INPS_edited-696x464.jpg 696w, https:\/\/www.bellunopress.it\/wp-content\/uploads\/2021\/11\/INPS_edited-630x420.jpg 630w\" sizes=\"auto, (max-width: 800px) 100vw, 800px\" \/>L&#8217;INPS rafforza il proprio organico con nuove assunzioni, sia attraverso concorsi, sia mediante un avviso di mobilit\u00e0.<\/p>\n<p>Per quanto riguarda la mobilit\u00e0 \u00e8 prevista l&#8217;immissione in ruolo di 738 funzionari (laureati), dipendenti di pubbliche amministrazioni, di cui 97 in Veneto. Le domande potranno essere presentate entro il 29 gennaio 2026 esclusivamente tramite il Portale unico del<br \/>\nreclutamento InPA (www.inpa.gov.it).<\/p>\n<p>E stato inoltre bandito dal Formez il concorso unico RIPAM per 3.997 posti complessivi nelle pubbliche amministrazioni, tra cui 949 assistenti amministrativi (diplomati) per I.N.P.S. (67 posti in Veneto). La scadenza per la presentazione delle domande \u00e8 fissata al 27 gennaio 2026.<\/p>\n<p>I bandi sono pubblicati anche nel sito www.inps.it (percorso Home &#8211; Avvisi, Bandi e Fatturazione &#8211; Concorsi e Mobilit\u00e0).<br \/>\nLe nuove colleghe e i nuovi colleghi avranno non solo concrete opportunit\u00e0 di crescita professionale, ma anche la possibilit\u00e0 di contribuire attivamente al benessere della propria comunit\u00e0, operando all&#8217;interno di un Istituto che riveste un ruolo centrale nel sistema di welfare italiano.<br \/>\nGrazie all&#8217; innovazione tecnologica e all&#8217;evoluzione delle modalit\u00e0 organizzative, I&#8217;INPS offre oggi un ambiente di lavoro sempre pi\u00f9 dinamico e appagante, orientato alla qualit\u00e0 dei servizi e alla valorizzazione delle competenze.<\/p>\n<p>Per ogni chiarimento o informazione \u00e8 possibile scrivere all&#8217;indirizzo di posta elettronica direzione.belluno@inps.it<\/p>","protected":false},"excerpt":{"rendered":"<p>L&#8217;INPS rafforza il proprio organico con nuove assunzioni, sia attraverso concorsi, sia mediante un avviso di mobilit\u00e0. Per quanto riguarda la mobilit\u00e0 \u00e8 prevista l&#8217;immissione in ruolo di 738 funzionari (laureati), dipendenti di pubbliche amministrazioni, di cui 97 in Veneto. Le domande potranno essere presentate entro il 29 gennaio 2026 esclusivamente tramite il Portale unico [&hellip;]<\/p>\n","protected":false},"author":2,"featured_media":129063,"comment_status":"closed","ping_status":"open","sticky":false,"template":"","format":"standard","meta":{"footnotes":""},"categories":[36],"tags":[],"class_list":["post-166443","post","type-post","status-publish","format-standard","has-post-thumbnail","category-lavoro-economia"],"yoast_head":"<!-- This site is optimized with the Yoast SEO plugin v28.4 - https:\/\/yoast.com\/product\/yoast-seo-wordpress\/ -->\n<title>L&#039;Inps cerca 738 funzionari e 949 assistenti amministrativi - Bellunopress - Dolomiti<\/title>\n<meta name=\"robots\" content=\"index, follow, max-snippet:-1, max-image-preview:large, max-video-preview:-1\" \/>\n<link rel=\"canonical\" href=\"https:\/\/www.bellunopress.it\/fr\/2026\/01\/13\/linps-cerca-738-funzionari-e-949-assistenti-amministrativi\/\" \/>\n<meta property=\"og:locale\" content=\"fr_FR\" \/>\n<meta property=\"og:type\" content=\"article\" \/>\n<meta property=\"og:title\" content=\"L&#039;Inps cerca 738 funzionari e 949 assistenti amministrativi - Bellunopress - Dolomiti\" \/>\n<meta property=\"og:description\" content=\"L&#8217;INPS rafforza il proprio organico con nuove assunzioni, sia attraverso concorsi, sia mediante un avviso di mobilit\u00e0. Per quanto riguarda la mobilit\u00e0 \u00e8 prevista l&#8217;immissione in ruolo di 738 funzionari (laureati), dipendenti di pubbliche amministrazioni, di cui 97 in Veneto. Le domande potranno essere presentate entro il 29 gennaio 2026 esclusivamente tramite il Portale unico [&hellip;]\" \/>\n<meta property=\"og:url\" content=\"https:\/\/www.bellunopress.it\/fr\/2026\/01\/13\/linps-cerca-738-funzionari-e-949-assistenti-amministrativi\/\" \/>\n<meta property=\"og:site_name\" content=\"Bellunopress - Dolomiti\" \/>\n<meta property=\"article:publisher\" content=\"https:\/\/www.facebook.com\/profile.php?id=100008943462799\" \/>\n<meta property=\"article:published_time\" content=\"2026-01-13T14:18:49+00:00\" \/>\n<meta property=\"og:image\" content=\"https:\/\/www.bellunopress.it\/wp-content\/uploads\/2021\/11\/INPS_edited.jpg\" \/>\n\t<meta property=\"og:image:width\" content=\"800\" \/>\n\t<meta property=\"og:image:height\" content=\"533\" \/>\n\t<meta property=\"og:image:type\" content=\"image\/jpeg\" \/>\n<meta name=\"author\" content=\"redazione\" \/>\n<meta name=\"twitter:card\" content=\"summary_large_image\" \/>\n<meta name=\"twitter:creator\" content=\"@bellunopress\" \/>\n<meta name=\"twitter:site\" content=\"@bellunopress\" \/>\n<meta name=\"twitter:label1\" content=\"Written by\" \/>\n\t<meta name=\"twitter:data1\" content=\"redazione\" \/>\n\t<meta name=\"twitter:label2\" content=\"Est. reading time\" \/>\n\t<meta name=\"twitter:data2\" content=\"1 minute\" \/>\n<script type=\"application\/ld+json\" class=\"yoast-schema-graph\">{\"@context\":\"https:\\\/\\\/schema.org\",\"@graph\":[{\"@type\":\"Article\",\"@id\":\"https:\\\/\\\/www.bellunopress.it\\\/2026\\\/01\\\/13\\\/linps-cerca-738-funzionari-e-949-assistenti-amministrativi\\\/#article\",\"isPartOf\":{\"@id\":\"https:\\\/\\\/www.bellunopress.it\\\/2026\\\/01\\\/13\\\/linps-cerca-738-funzionari-e-949-assistenti-amministrativi\\\/\"},\"author\":{\"name\":\"redazione\",\"@id\":\"https:\\\/\\\/www.bellunopress.it\\\/#\\\/schema\\\/person\\\/79bb06722b37ece1c03d3e94beb30d73\"},\"headline\":\"L&#8217;Inps cerca 738 funzionari e 949 assistenti amministrativi\",\"datePublished\":\"2026-01-13T14:18:49+00:00\",\"mainEntityOfPage\":{\"@id\":\"https:\\\/\\\/www.bellunopress.it\\\/2026\\\/01\\\/13\\\/linps-cerca-738-funzionari-e-949-assistenti-amministrativi\\\/\"},\"wordCount\":218,\"publisher\":{\"@id\":\"https:\\\/\\\/www.bellunopress.it\\\/#organization\"},\"image\":{\"@id\":\"https:\\\/\\\/www.bellunopress.it\\\/2026\\\/01\\\/13\\\/linps-cerca-738-funzionari-e-949-assistenti-amministrativi\\\/#primaryimage\"},\"thumbnailUrl\":\"https:\\\/\\\/www.bellunopress.it\\\/wp-content\\\/uploads\\\/2021\\\/11\\\/INPS_edited.jpg\",\"articleSection\":[\"Lavoro, Economia, Turismo\"],\"inLanguage\":\"fr-FR\"},{\"@type\":\"WebPage\",\"@id\":\"https:\\\/\\\/www.bellunopress.it\\\/2026\\\/01\\\/13\\\/linps-cerca-738-funzionari-e-949-assistenti-amministrativi\\\/\",\"url\":\"https:\\\/\\\/www.bellunopress.it\\\/2026\\\/01\\\/13\\\/linps-cerca-738-funzionari-e-949-assistenti-amministrativi\\\/\",\"name\":\"L'Inps cerca 738 funzionari e 949 assistenti amministrativi - Bellunopress - Dolomiti\",\"isPartOf\":{\"@id\":\"https:\\\/\\\/www.bellunopress.it\\\/#website\"},\"primaryImageOfPage\":{\"@id\":\"https:\\\/\\\/www.bellunopress.it\\\/2026\\\/01\\\/13\\\/linps-cerca-738-funzionari-e-949-assistenti-amministrativi\\\/#primaryimage\"},\"image\":{\"@id\":\"https:\\\/\\\/www.bellunopress.it\\\/2026\\\/01\\\/13\\\/linps-cerca-738-funzionari-e-949-assistenti-amministrativi\\\/#primaryimage\"},\"thumbnailUrl\":\"https:\\\/\\\/www.bellunopress.it\\\/wp-content\\\/uploads\\\/2021\\\/11\\\/INPS_edited.jpg\",\"datePublished\":\"2026-01-13T14:18:49+00:00\",\"breadcrumb\":{\"@id\":\"https:\\\/\\\/www.bellunopress.it\\\/2026\\\/01\\\/13\\\/linps-cerca-738-funzionari-e-949-assistenti-amministrativi\\\/#breadcrumb\"},\"inLanguage\":\"fr-FR\",\"potentialAction\":[{\"@type\":\"ReadAction\",\"target\":[\"https:\\\/\\\/www.bellunopress.it\\\/2026\\\/01\\\/13\\\/linps-cerca-738-funzionari-e-949-assistenti-amministrativi\\\/\"]}]},{\"@type\":\"ImageObject\",\"inLanguage\":\"fr-FR\",\"@id\":\"https:\\\/\\\/www.bellunopress.it\\\/2026\\\/01\\\/13\\\/linps-cerca-738-funzionari-e-949-assistenti-amministrativi\\\/#primaryimage\",\"url\":\"https:\\\/\\\/www.bellunopress.it\\\/wp-content\\\/uploads\\\/2021\\\/11\\\/INPS_edited.jpg\",\"contentUrl\":\"https:\\\/\\\/www.bellunopress.it\\\/wp-content\\\/uploads\\\/2021\\\/11\\\/INPS_edited.jpg\",\"width\":800,\"height\":533},{\"@type\":\"BreadcrumbList\",\"@id\":\"https:\\\/\\\/www.bellunopress.it\\\/2026\\\/01\\\/13\\\/linps-cerca-738-funzionari-e-949-assistenti-amministrativi\\\/#breadcrumb\",\"itemListElement\":[{\"@type\":\"ListItem\",\"position\":1,\"name\":\"Home\",\"item\":\"https:\\\/\\\/www.bellunopress.it\\\/\"},{\"@type\":\"ListItem\",\"position\":2,\"name\":\"L&#8217;Inps cerca 738 funzionari e 949 assistenti amministrativi\"}]},{\"@type\":\"WebSite\",\"@id\":\"https:\\\/\\\/www.bellunopress.it\\\/#website\",\"url\":\"https:\\\/\\\/www.bellunopress.it\\\/\",\"name\":\"Bellunopress - Dolomiti\",\"description\":\"e-mail: redazione@bellunopress.it\",\"publisher\":{\"@id\":\"https:\\\/\\\/www.bellunopress.it\\\/#organization\"},\"potentialAction\":[{\"@type\":\"SearchAction\",\"target\":{\"@type\":\"EntryPoint\",\"urlTemplate\":\"https:\\\/\\\/www.bellunopress.it\\\/?s={search_term_string}\"},\"query-input\":{\"@type\":\"PropertyValueSpecification\",\"valueRequired\":true,\"valueName\":\"search_term_string\"}}],\"inLanguage\":\"fr-FR\"},{\"@type\":\"Organization\",\"@id\":\"https:\\\/\\\/www.bellunopress.it\\\/#organization\",\"name\":\"Bellunopress\",\"url\":\"https:\\\/\\\/www.bellunopress.it\\\/\",\"logo\":{\"@type\":\"ImageObject\",\"inLanguage\":\"fr-FR\",\"@id\":\"https:\\\/\\\/www.bellunopress.it\\\/#\\\/schema\\\/logo\\\/image\\\/\",\"url\":\"https:\\\/\\\/www.bellunopress.it\\\/wp-content\\\/uploads\\\/2011\\\/05\\\/cropped-logo-bellunopress-.jpg\",\"contentUrl\":\"https:\\\/\\\/www.bellunopress.it\\\/wp-content\\\/uploads\\\/2011\\\/05\\\/cropped-logo-bellunopress-.jpg\",\"width\":512,\"height\":512,\"caption\":\"Bellunopress\"},\"image\":{\"@id\":\"https:\\\/\\\/www.bellunopress.it\\\/#\\\/schema\\\/logo\\\/image\\\/\"},\"sameAs\":[\"https:\\\/\\\/www.facebook.com\\\/profile.php?id=100008943462799\",\"https:\\\/\\\/x.com\\\/bellunopress\",\"https:\\\/\\\/www.linkedin.com\\\/hp\\\/?dnr=JBzUWaJfMUw8vbXJJ2tVW5-I3jZKvC4wsoxE&amp;amp;amp;amp;amp;amp;trk=nav_responsive_tab_home\",\"https:\\\/\\\/www.youtube.com\\\/channel\\\/UCxL0wu1uN0_3_7hGG0306cw\"]},{\"@type\":\"Person\",\"@id\":\"https:\\\/\\\/www.bellunopress.it\\\/#\\\/schema\\\/person\\\/79bb06722b37ece1c03d3e94beb30d73\",\"name\":\"redazione\",\"image\":{\"@type\":\"ImageObject\",\"inLanguage\":\"fr-FR\",\"@id\":\"https:\\\/\\\/secure.gravatar.com\\\/avatar\\\/37d968a2e67a6fd04c169c4bdef102d0bc5d31b2546345219e348575eb80e9a0?s=96&d=mm&r=g\",\"url\":\"https:\\\/\\\/secure.gravatar.com\\\/avatar\\\/37d968a2e67a6fd04c169c4bdef102d0bc5d31b2546345219e348575eb80e9a0?s=96&d=mm&r=g\",\"contentUrl\":\"https:\\\/\\\/secure.gravatar.com\\\/avatar\\\/37d968a2e67a6fd04c169c4bdef102d0bc5d31b2546345219e348575eb80e9a0?s=96&d=mm&r=g\",\"caption\":\"redazione\"},\"sameAs\":[\"http:\\\/\\\/www.bellunopress.it\",\"https:\\\/\\\/x.com\\\/bellunopress\"],\"url\":\"https:\\\/\\\/www.bellunopress.it\\\/fr\\\/author\\\/redazione\\\/\"}]}<\/script>\n<!-- \/ Yoast SEO plugin. -->","yoast_head_json":{"title":"L'Inps cerca 738 funzionari e 949 assistenti amministrativi - Bellunopress - Dolomiti","robots":{"index":"index","follow":"follow","max-snippet":"max-snippet:-1","max-image-preview":"max-image-preview:large","max-video-preview":"max-video-preview:-1"},"canonical":"https:\/\/www.bellunopress.it\/fr\/2026\/01\/13\/linps-cerca-738-funzionari-e-949-assistenti-amministrativi\/","og_locale":"fr_FR","og_type":"article","og_title":"L'Inps cerca 738 funzionari e 949 assistenti amministrativi - Bellunopress - Dolomiti","og_description":"L&#8217;INPS rafforza il proprio organico con nuove assunzioni, sia attraverso concorsi, sia mediante un avviso di mobilit\u00e0. Per quanto riguarda la mobilit\u00e0 \u00e8 prevista l&#8217;immissione in ruolo di 738 funzionari (laureati), dipendenti di pubbliche amministrazioni, di cui 97 in Veneto. Le domande potranno essere presentate entro il 29 gennaio 2026 esclusivamente tramite il Portale unico [&hellip;]","og_url":"https:\/\/www.bellunopress.it\/fr\/2026\/01\/13\/linps-cerca-738-funzionari-e-949-assistenti-amministrativi\/","og_site_name":"Bellunopress - Dolomiti","article_publisher":"https:\/\/www.facebook.com\/profile.php?id=100008943462799","article_published_time":"2026-01-13T14:18:49+00:00","og_image":[{"width":800,"height":533,"url":"https:\/\/www.bellunopress.it\/wp-content\/uploads\/2021\/11\/INPS_edited.jpg","type":"image\/jpeg"}],"author":"redazione","twitter_card":"summary_large_image","twitter_creator":"@bellunopress","twitter_site":"@bellunopress","twitter_misc":{"Written by":"redazione","Est. reading time":"1 minute"},"schema":{"@context":"https:\/\/schema.org","@graph":[{"@type":"Article","@id":"https:\/\/www.bellunopress.it\/2026\/01\/13\/linps-cerca-738-funzionari-e-949-assistenti-amministrativi\/#article","isPartOf":{"@id":"https:\/\/www.bellunopress.it\/2026\/01\/13\/linps-cerca-738-funzionari-e-949-assistenti-amministrativi\/"},"author":{"name":"redazione","@id":"https:\/\/www.bellunopress.it\/#\/schema\/person\/79bb06722b37ece1c03d3e94beb30d73"},"headline":"L&#8217;Inps cerca 738 funzionari e 949 assistenti amministrativi","datePublished":"2026-01-13T14:18:49+00:00","mainEntityOfPage":{"@id":"https:\/\/www.bellunopress.it\/2026\/01\/13\/linps-cerca-738-funzionari-e-949-assistenti-amministrativi\/"},"wordCount":218,"publisher":{"@id":"https:\/\/www.bellunopress.it\/#organization"},"image":{"@id":"https:\/\/www.bellunopress.it\/2026\/01\/13\/linps-cerca-738-funzionari-e-949-assistenti-amministrativi\/#primaryimage"},"thumbnailUrl":"https:\/\/www.bellunopress.it\/wp-content\/uploads\/2021\/11\/INPS_edited.jpg","articleSection":["Lavoro, Economia, Turismo"],"inLanguage":"fr-FR"},{"@type":"WebPage","@id":"https:\/\/www.bellunopress.it\/2026\/01\/13\/linps-cerca-738-funzionari-e-949-assistenti-amministrativi\/","url":"https:\/\/www.bellunopress.it\/2026\/01\/13\/linps-cerca-738-funzionari-e-949-assistenti-amministrativi\/","name":"L'Inps cerca 738 funzionari e 949 assistenti amministrativi - Bellunopress - Dolomiti","isPartOf":{"@id":"https:\/\/www.bellunopress.it\/#website"},"primaryImageOfPage":{"@id":"https:\/\/www.bellunopress.it\/2026\/01\/13\/linps-cerca-738-funzionari-e-949-assistenti-amministrativi\/#primaryimage"},"image":{"@id":"https:\/\/www.bellunopress.it\/2026\/01\/13\/linps-cerca-738-funzionari-e-949-assistenti-amministrativi\/#primaryimage"},"thumbnailUrl":"https:\/\/www.bellunopress.it\/wp-content\/uploads\/2021\/11\/INPS_edited.jpg","datePublished":"2026-01-13T14:18:49+00:00","breadcrumb":{"@id":"https:\/\/www.bellunopress.it\/2026\/01\/13\/linps-cerca-738-funzionari-e-949-assistenti-amministrativi\/#breadcrumb"},"inLanguage":"fr-FR","potentialAction":[{"@type":"ReadAction","target":["https:\/\/www.bellunopress.it\/2026\/01\/13\/linps-cerca-738-funzionari-e-949-assistenti-amministrativi\/"]}]},{"@type":"ImageObject","inLanguage":"fr-FR","@id":"https:\/\/www.bellunopress.it\/2026\/01\/13\/linps-cerca-738-funzionari-e-949-assistenti-amministrativi\/#primaryimage","url":"https:\/\/www.bellunopress.it\/wp-content\/uploads\/2021\/11\/INPS_edited.jpg","contentUrl":"https:\/\/www.bellunopress.it\/wp-content\/uploads\/2021\/11\/INPS_edited.jpg","width":800,"height":533},{"@type":"BreadcrumbList","@id":"https:\/\/www.bellunopress.it\/2026\/01\/13\/linps-cerca-738-funzionari-e-949-assistenti-amministrativi\/#breadcrumb","itemListElement":[{"@type":"ListItem","position":1,"name":"Home","item":"https:\/\/www.bellunopress.it\/"},{"@type":"ListItem","position":2,"name":"L&#8217;Inps cerca 738 funzionari e 949 assistenti amministrativi"}]},{"@type":"WebSite","@id":"https:\/\/www.bellunopress.it\/#website","url":"https:\/\/www.bellunopress.it\/","name":"Bellunopress - Dolomiti","description":"e-mail: redazione@bellunopress.it","publisher":{"@id":"https:\/\/www.bellunopress.it\/#organization"},"potentialAction":[{"@type":"SearchAction","target":{"@type":"EntryPoint","urlTemplate":"https:\/\/www.bellunopress.it\/?s={search_term_string}"},"query-input":{"@type":"PropertyValueSpecification","valueRequired":true,"valueName":"search_term_string"}}],"inLanguage":"fr-FR"},{"@type":"Organization","@id":"https:\/\/www.bellunopress.it\/#organization","name":"Bellunopress","url":"https:\/\/www.bellunopress.it\/","logo":{"@type":"ImageObject","inLanguage":"fr-FR","@id":"https:\/\/www.bellunopress.it\/#\/schema\/logo\/image\/","url":"https:\/\/www.bellunopress.it\/wp-content\/uploads\/2011\/05\/cropped-logo-bellunopress-.jpg","contentUrl":"https:\/\/www.bellunopress.it\/wp-content\/uploads\/2011\/05\/cropped-logo-bellunopress-.jpg","width":512,"height":512,"caption":"Bellunopress"},"image":{"@id":"https:\/\/www.bellunopress.it\/#\/schema\/logo\/image\/"},"sameAs":["https:\/\/www.facebook.com\/profile.php?id=100008943462799","https:\/\/x.com\/bellunopress","https:\/\/www.linkedin.com\/hp\/?dnr=JBzUWaJfMUw8vbXJJ2tVW5-I3jZKvC4wsoxE&amp;amp;amp;amp;amp;amp;trk=nav_responsive_tab_home","https:\/\/www.youtube.com\/channel\/UCxL0wu1uN0_3_7hGG0306cw"]},{"@type":"Person","@id":"https:\/\/www.bellunopress.it\/#\/schema\/person\/79bb06722b37ece1c03d3e94beb30d73","name":"r\u00e9daction","image":{"@type":"ImageObject","inLanguage":"fr-FR","@id":"https:\/\/secure.gravatar.com\/avatar\/37d968a2e67a6fd04c169c4bdef102d0bc5d31b2546345219e348575eb80e9a0?s=96&d=mm&r=g","url":"https:\/\/secure.gravatar.com\/avatar\/37d968a2e67a6fd04c169c4bdef102d0bc5d31b2546345219e348575eb80e9a0?s=96&d=mm&r=g","contentUrl":"https:\/\/secure.gravatar.com\/avatar\/37d968a2e67a6fd04c169c4bdef102d0bc5d31b2546345219e348575eb80e9a0?s=96&d=mm&r=g","caption":"redazione"},"sameAs":["http:\/\/www.bellunopress.it","https:\/\/x.com\/bellunopress"],"url":"https:\/\/www.bellunopress.it\/fr\/author\/redazione\/"}]}},"_links":{"self":[{"href":"https:\/\/www.bellunopress.it\/fr\/wp-json\/wp\/v2\/posts\/166443","targetHints":{"allow":["GET"]}}],"collection":[{"href":"https:\/\/www.bellunopress.it\/fr\/wp-json\/wp\/v2\/posts"}],"about":[{"href":"https:\/\/www.bellunopress.it\/fr\/wp-json\/wp\/v2\/types\/post"}],"author":[{"embeddable":true,"href":"https:\/\/www.bellunopress.it\/fr\/wp-json\/wp\/v2\/users\/2"}],"replies":[{"embeddable":true,"href":"https:\/\/www.bellunopress.it\/fr\/wp-json\/wp\/v2\/comments?post=166443"}],"version-history":[{"count":1,"href":"https:\/\/www.bellunopress.it\/fr\/wp-json\/wp\/v2\/posts\/166443\/revisions"}],"predecessor-version":[{"id":166444,"href":"https:\/\/www.bellunopress.it\/fr\/wp-json\/wp\/v2\/posts\/166443\/revisions\/166444"}],"wp:featuredmedia":[{"embeddable":true,"href":"https:\/\/www.bellunopress.it\/fr\/wp-json\/wp\/v2\/media\/129063"}],"wp:attachment":[{"href":"https:\/\/www.bellunopress.it\/fr\/wp-json\/wp\/v2\/media?parent=166443"}],"wp:term":[{"taxonomy":"category","embeddable":true,"href":"https:\/\/www.bellunopress.it\/fr\/wp-json\/wp\/v2\/categories?post=166443"},{"taxonomy":"post_tag","embeddable":true,"href":"https:\/\/www.bellunopress.it\/fr\/wp-json\/wp\/v2\/tags?post=166443"}],"curies":[{"name":"wp","href":"https:\/\/api.w.org\/{rel}","templated":true}]}}