{"id":166440,"date":"2026-01-13T14:48:23","date_gmt":"2026-01-13T13:48:23","guid":{"rendered":"https:\/\/www.bellunopress.it\/?p=166440"},"modified":"2026-01-13T14:48:23","modified_gmt":"2026-01-13T13:48:23","slug":"vajont-tra-inchiesta-e-memoria-a-villa-buzzati-si-presenta-il-libro-sugli-atti-del-convegno","status":"publish","type":"post","link":"https:\/\/www.bellunopress.it\/fr\/2026\/01\/13\/vajont-tra-inchiesta-e-memoria-a-villa-buzzati-si-presenta-il-libro-sugli-atti-del-convegno\/","title":{"rendered":"Vajont: tra inchiesta e memoria. A Villa Buzzati si presenta il libro sugli atti del convegno"},"content":{"rendered":"<p data-path-to-node=\"3\"><b data-path-to-node=\"3\" data-index-in-node=\"0\"><img loading=\"lazy\" decoding=\"async\" class=\"aligncenter size-full wp-image-166441\" src=\"https:\/\/www.bellunopress.it\/wp-content\/uploads\/2026\/01\/Raccontare-la-tragedia-del-vajont.jpeg\" alt=\"\" width=\"600\" height=\"652\" srcset=\"https:\/\/www.bellunopress.it\/wp-content\/uploads\/2026\/01\/Raccontare-la-tragedia-del-vajont.jpeg 600w, https:\/\/www.bellunopress.it\/wp-content\/uploads\/2026\/01\/Raccontare-la-tragedia-del-vajont-460x500.jpeg 460w, https:\/\/www.bellunopress.it\/wp-content\/uploads\/2026\/01\/Raccontare-la-tragedia-del-vajont-387x420.jpeg 387w\" sizes=\"auto, (max-width: 600px) 100vw, 600px\" \/>L&#8217;appuntamento \u00e8 per venerd\u00ec 16 gennaio a Belluno. Un\u2019analisi profonda che mette a confronto le voci di Tina Merlin e Dino Buzzati a sessant&#8217;anni dalla tragedia.<\/b><\/p>\n<p data-path-to-node=\"4\">Belluno, 13 gennaio 2026 &#8211;\u00a0Come si racconta una tragedia che ha segnato per sempre il volto di un territorio e la coscienza di un intero Paese? La risposta cerca di darla l\u2019Associazione Culturale Villa Buzzati attraverso un evento di grande rilievo storiografico e letterario: la presentazione del volume &#8220;Raccontare la tragedia del Vajont. Da Tina Merlin a Dino Buzzati, tra inchieste, polemiche e memoria&#8221;.<\/p>\n<p data-path-to-node=\"5\">L\u2019incontro si terr\u00e0 venerd\u00ec 16 gennaio 2026, alle ore 18:30, nella suggestiva cornice del Centro Culturale &#8220;Il Granaio&#8221; presso Villa Buzzati a Belluno.<\/p>\n<p data-path-to-node=\"7\">Il libro raccoglie gli atti del prestigioso convegno organizzato nel 2023 e si focalizza sul contrasto, talvolta aspro ma sempre fecondo di riflessioni, tra due modi opposti di narrare il disastro: da un lato l\u2019impegno civile e giornalistico di Tina Merlin, che per anni denunci\u00f2 l&#8217;imminenza del pericolo restando inascoltata, e dall\u2019altro la sensibilit\u00e0 metafisica di Dino Buzzati, che raccont\u00f2 lo strazio dell&#8217;evento sulle colonne del <i data-path-to-node=\"7\" data-index-in-node=\"437\">Corriere della Sera<\/i>.<\/p>\n<h3 data-path-to-node=\"8\">Gli interventi<\/h3>\n<p data-path-to-node=\"9\">L&#8217;evento, che rientra nell&#8217;ambito della rassegna <i data-path-to-node=\"9\" data-index-in-node=\"49\">&#8220;Oltre le Vette&#8221;<\/i>, vedr\u00e0 la partecipazione di due studiose di primo piano: Adriana Lotto e Patrizia Dalla Rosa, che approfondiranno i temi della memoria collettiva e della responsabilit\u00e0 della parola scritta. Il coordinamento del dibattito sar\u00e0 affidato alla giornalista Antonella Giacomini.<\/p>\n<p data-path-to-node=\"10\">A rendere la serata ancora pi\u00f9 coinvolgente saranno le letture curate da Antonella Morassutti e Piero Bolzan, che daranno voce alle pagine pi\u00f9 intense dedicate alla catastrofe, trasformando la presentazione in un momento di autentica commozione e riflessione.<\/p>\n<h3 data-path-to-node=\"11\">Informazioni<\/h3>\n<p data-path-to-node=\"12\">L&#8217;invito \u00e8 rivolto a tutta la cittadinanza e agli appassionati di storia locale e letteratura. Per agevolare l\u2019afflusso, l\u2019organizzazione segnala che \u00e8 possibile usufruire del parcheggio presso il ristorante &#8220;Al Borgo&#8221;, situato a soli tre minuti a piedi dalla villa.<\/p>\n<p data-path-to-node=\"13\">Un&#8217;occasione imperdibile per tornare a riflettere su una ferita ancora aperta, attraverso la lente della grande scrittura e della ricerca storica rigorosa.<\/p>","protected":false},"excerpt":{"rendered":"<p>L&#8217;appuntamento \u00e8 per venerd\u00ec 16 gennaio a Belluno. Un\u2019analisi profonda che mette a confronto le voci di Tina Merlin e Dino Buzzati a sessant&#8217;anni dalla tragedia. Belluno, 13 gennaio 2026 &#8211;\u00a0Come si racconta una tragedia che ha segnato per sempre il volto di un territorio e la coscienza di un intero Paese? La risposta cerca [&hellip;]<\/p>\n","protected":false},"author":2,"featured_media":166441,"comment_status":"closed","ping_status":"open","sticky":false,"template":"","format":"standard","meta":{"footnotes":""},"categories":[27,3,25],"tags":[],"class_list":["post-166440","post","type-post","status-publish","format-standard","has-post-thumbnail","category-appuntamenti","category-arte-cultura-spettacoli-scienza-archivi","category-pausa-caffe"],"yoast_head":"<!-- This site is optimized with the Yoast SEO plugin v28.4 - https:\/\/yoast.com\/product\/yoast-seo-wordpress\/ -->\n<title>Vajont: tra inchiesta e memoria. A Villa Buzzati si presenta il libro sugli atti del convegno - Bellunopress - Dolomiti<\/title>\n<meta name=\"robots\" content=\"index, follow, max-snippet:-1, max-image-preview:large, max-video-preview:-1\" \/>\n<link rel=\"canonical\" href=\"https:\/\/www.bellunopress.it\/fr\/2026\/01\/13\/vajont-tra-inchiesta-e-memoria-a-villa-buzzati-si-presenta-il-libro-sugli-atti-del-convegno\/\" \/>\n<meta property=\"og:locale\" content=\"fr_FR\" \/>\n<meta property=\"og:type\" content=\"article\" \/>\n<meta property=\"og:title\" content=\"Vajont: tra inchiesta e memoria. A Villa Buzzati si presenta il libro sugli atti del convegno - Bellunopress - Dolomiti\" \/>\n<meta property=\"og:description\" content=\"L&#8217;appuntamento \u00e8 per venerd\u00ec 16 gennaio a Belluno. Un\u2019analisi profonda che mette a confronto le voci di Tina Merlin e Dino Buzzati a sessant&#8217;anni dalla tragedia. Belluno, 13 gennaio 2026 &#8211;\u00a0Come si racconta una tragedia che ha segnato per sempre il volto di un territorio e la coscienza di un intero Paese? La risposta cerca [&hellip;]\" \/>\n<meta property=\"og:url\" content=\"https:\/\/www.bellunopress.it\/fr\/2026\/01\/13\/vajont-tra-inchiesta-e-memoria-a-villa-buzzati-si-presenta-il-libro-sugli-atti-del-convegno\/\" \/>\n<meta property=\"og:site_name\" content=\"Bellunopress - Dolomiti\" \/>\n<meta property=\"article:publisher\" content=\"https:\/\/www.facebook.com\/profile.php?id=100008943462799\" \/>\n<meta property=\"article:published_time\" content=\"2026-01-13T13:48:23+00:00\" \/>\n<meta property=\"og:image\" content=\"https:\/\/www.bellunopress.it\/wp-content\/uploads\/2026\/01\/Raccontare-la-tragedia-del-vajont.jpeg\" \/>\n\t<meta property=\"og:image:width\" content=\"600\" \/>\n\t<meta property=\"og:image:height\" content=\"652\" \/>\n\t<meta property=\"og:image:type\" content=\"image\/jpeg\" \/>\n<meta name=\"author\" content=\"redazione\" \/>\n<meta name=\"twitter:card\" content=\"summary_large_image\" \/>\n<meta name=\"twitter:creator\" content=\"@bellunopress\" \/>\n<meta name=\"twitter:site\" content=\"@bellunopress\" \/>\n<meta name=\"twitter:label1\" content=\"\u00c9crit par\" \/>\n\t<meta name=\"twitter:data1\" content=\"redazione\" \/>\n\t<meta name=\"twitter:label2\" content=\"Dur\u00e9e de lecture estim\u00e9e\" \/>\n\t<meta name=\"twitter:data2\" content=\"2 minutes\" \/>\n<script type=\"application\/ld+json\" class=\"yoast-schema-graph\">{\"@context\":\"https:\\\/\\\/schema.org\",\"@graph\":[{\"@type\":\"Article\",\"@id\":\"https:\\\/\\\/www.bellunopress.it\\\/2026\\\/01\\\/13\\\/vajont-tra-inchiesta-e-memoria-a-villa-buzzati-si-presenta-il-libro-sugli-atti-del-convegno\\\/#article\",\"isPartOf\":{\"@id\":\"https:\\\/\\\/www.bellunopress.it\\\/2026\\\/01\\\/13\\\/vajont-tra-inchiesta-e-memoria-a-villa-buzzati-si-presenta-il-libro-sugli-atti-del-convegno\\\/\"},\"author\":{\"name\":\"redazione\",\"@id\":\"https:\\\/\\\/www.bellunopress.it\\\/#\\\/schema\\\/person\\\/79bb06722b37ece1c03d3e94beb30d73\"},\"headline\":\"Vajont: tra inchiesta e memoria. A Villa Buzzati si presenta il libro sugli atti del convegno\",\"datePublished\":\"2026-01-13T13:48:23+00:00\",\"mainEntityOfPage\":{\"@id\":\"https:\\\/\\\/www.bellunopress.it\\\/2026\\\/01\\\/13\\\/vajont-tra-inchiesta-e-memoria-a-villa-buzzati-si-presenta-il-libro-sugli-atti-del-convegno\\\/\"},\"wordCount\":354,\"publisher\":{\"@id\":\"https:\\\/\\\/www.bellunopress.it\\\/#organization\"},\"image\":{\"@id\":\"https:\\\/\\\/www.bellunopress.it\\\/2026\\\/01\\\/13\\\/vajont-tra-inchiesta-e-memoria-a-villa-buzzati-si-presenta-il-libro-sugli-atti-del-convegno\\\/#primaryimage\"},\"thumbnailUrl\":\"https:\\\/\\\/www.bellunopress.it\\\/wp-content\\\/uploads\\\/2026\\\/01\\\/Raccontare-la-tragedia-del-vajont.jpeg\",\"articleSection\":[\"Appuntamenti, Eventi\",\"Arte, Cultura, Spettacoli, Scienza\",\"Pausa Caff\u00e8\"],\"inLanguage\":\"fr-FR\"},{\"@type\":\"WebPage\",\"@id\":\"https:\\\/\\\/www.bellunopress.it\\\/2026\\\/01\\\/13\\\/vajont-tra-inchiesta-e-memoria-a-villa-buzzati-si-presenta-il-libro-sugli-atti-del-convegno\\\/\",\"url\":\"https:\\\/\\\/www.bellunopress.it\\\/2026\\\/01\\\/13\\\/vajont-tra-inchiesta-e-memoria-a-villa-buzzati-si-presenta-il-libro-sugli-atti-del-convegno\\\/\",\"name\":\"Vajont: tra inchiesta e memoria. A Villa Buzzati si presenta il libro sugli atti del convegno - Bellunopress - Dolomiti\",\"isPartOf\":{\"@id\":\"https:\\\/\\\/www.bellunopress.it\\\/#website\"},\"primaryImageOfPage\":{\"@id\":\"https:\\\/\\\/www.bellunopress.it\\\/2026\\\/01\\\/13\\\/vajont-tra-inchiesta-e-memoria-a-villa-buzzati-si-presenta-il-libro-sugli-atti-del-convegno\\\/#primaryimage\"},\"image\":{\"@id\":\"https:\\\/\\\/www.bellunopress.it\\\/2026\\\/01\\\/13\\\/vajont-tra-inchiesta-e-memoria-a-villa-buzzati-si-presenta-il-libro-sugli-atti-del-convegno\\\/#primaryimage\"},\"thumbnailUrl\":\"https:\\\/\\\/www.bellunopress.it\\\/wp-content\\\/uploads\\\/2026\\\/01\\\/Raccontare-la-tragedia-del-vajont.jpeg\",\"datePublished\":\"2026-01-13T13:48:23+00:00\",\"breadcrumb\":{\"@id\":\"https:\\\/\\\/www.bellunopress.it\\\/2026\\\/01\\\/13\\\/vajont-tra-inchiesta-e-memoria-a-villa-buzzati-si-presenta-il-libro-sugli-atti-del-convegno\\\/#breadcrumb\"},\"inLanguage\":\"fr-FR\",\"potentialAction\":[{\"@type\":\"ReadAction\",\"target\":[\"https:\\\/\\\/www.bellunopress.it\\\/2026\\\/01\\\/13\\\/vajont-tra-inchiesta-e-memoria-a-villa-buzzati-si-presenta-il-libro-sugli-atti-del-convegno\\\/\"]}]},{\"@type\":\"ImageObject\",\"inLanguage\":\"fr-FR\",\"@id\":\"https:\\\/\\\/www.bellunopress.it\\\/2026\\\/01\\\/13\\\/vajont-tra-inchiesta-e-memoria-a-villa-buzzati-si-presenta-il-libro-sugli-atti-del-convegno\\\/#primaryimage\",\"url\":\"https:\\\/\\\/www.bellunopress.it\\\/wp-content\\\/uploads\\\/2026\\\/01\\\/Raccontare-la-tragedia-del-vajont.jpeg\",\"contentUrl\":\"https:\\\/\\\/www.bellunopress.it\\\/wp-content\\\/uploads\\\/2026\\\/01\\\/Raccontare-la-tragedia-del-vajont.jpeg\",\"width\":600,\"height\":652},{\"@type\":\"BreadcrumbList\",\"@id\":\"https:\\\/\\\/www.bellunopress.it\\\/2026\\\/01\\\/13\\\/vajont-tra-inchiesta-e-memoria-a-villa-buzzati-si-presenta-il-libro-sugli-atti-del-convegno\\\/#breadcrumb\",\"itemListElement\":[{\"@type\":\"ListItem\",\"position\":1,\"name\":\"Home\",\"item\":\"https:\\\/\\\/www.bellunopress.it\\\/\"},{\"@type\":\"ListItem\",\"position\":2,\"name\":\"Vajont: tra inchiesta e memoria. A Villa Buzzati si presenta il libro sugli atti del convegno\"}]},{\"@type\":\"WebSite\",\"@id\":\"https:\\\/\\\/www.bellunopress.it\\\/#website\",\"url\":\"https:\\\/\\\/www.bellunopress.it\\\/\",\"name\":\"Bellunopress - Dolomiti\",\"description\":\"e-mail: redazione@bellunopress.it\",\"publisher\":{\"@id\":\"https:\\\/\\\/www.bellunopress.it\\\/#organization\"},\"potentialAction\":[{\"@type\":\"SearchAction\",\"target\":{\"@type\":\"EntryPoint\",\"urlTemplate\":\"https:\\\/\\\/www.bellunopress.it\\\/?s={search_term_string}\"},\"query-input\":{\"@type\":\"PropertyValueSpecification\",\"valueRequired\":true,\"valueName\":\"search_term_string\"}}],\"inLanguage\":\"fr-FR\"},{\"@type\":\"Organization\",\"@id\":\"https:\\\/\\\/www.bellunopress.it\\\/#organization\",\"name\":\"Bellunopress\",\"url\":\"https:\\\/\\\/www.bellunopress.it\\\/\",\"logo\":{\"@type\":\"ImageObject\",\"inLanguage\":\"fr-FR\",\"@id\":\"https:\\\/\\\/www.bellunopress.it\\\/#\\\/schema\\\/logo\\\/image\\\/\",\"url\":\"https:\\\/\\\/www.bellunopress.it\\\/wp-content\\\/uploads\\\/2011\\\/05\\\/cropped-logo-bellunopress-.jpg\",\"contentUrl\":\"https:\\\/\\\/www.bellunopress.it\\\/wp-content\\\/uploads\\\/2011\\\/05\\\/cropped-logo-bellunopress-.jpg\",\"width\":512,\"height\":512,\"caption\":\"Bellunopress\"},\"image\":{\"@id\":\"https:\\\/\\\/www.bellunopress.it\\\/#\\\/schema\\\/logo\\\/image\\\/\"},\"sameAs\":[\"https:\\\/\\\/www.facebook.com\\\/profile.php?id=100008943462799\",\"https:\\\/\\\/x.com\\\/bellunopress\",\"https:\\\/\\\/www.linkedin.com\\\/hp\\\/?dnr=JBzUWaJfMUw8vbXJJ2tVW5-I3jZKvC4wsoxE&amp;amp;amp;amp;amp;amp;trk=nav_responsive_tab_home\",\"https:\\\/\\\/www.youtube.com\\\/channel\\\/UCxL0wu1uN0_3_7hGG0306cw\"]},{\"@type\":\"Person\",\"@id\":\"https:\\\/\\\/www.bellunopress.it\\\/#\\\/schema\\\/person\\\/79bb06722b37ece1c03d3e94beb30d73\",\"name\":\"redazione\",\"image\":{\"@type\":\"ImageObject\",\"inLanguage\":\"fr-FR\",\"@id\":\"https:\\\/\\\/secure.gravatar.com\\\/avatar\\\/37d968a2e67a6fd04c169c4bdef102d0bc5d31b2546345219e348575eb80e9a0?s=96&d=mm&r=g\",\"url\":\"https:\\\/\\\/secure.gravatar.com\\\/avatar\\\/37d968a2e67a6fd04c169c4bdef102d0bc5d31b2546345219e348575eb80e9a0?s=96&d=mm&r=g\",\"contentUrl\":\"https:\\\/\\\/secure.gravatar.com\\\/avatar\\\/37d968a2e67a6fd04c169c4bdef102d0bc5d31b2546345219e348575eb80e9a0?s=96&d=mm&r=g\",\"caption\":\"redazione\"},\"sameAs\":[\"http:\\\/\\\/www.bellunopress.it\",\"https:\\\/\\\/x.com\\\/bellunopress\"],\"url\":\"https:\\\/\\\/www.bellunopress.it\\\/fr\\\/author\\\/redazione\\\/\"}]}<\/script>\n<!-- \/ Yoast SEO plugin. -->","yoast_head_json":{"title":"Vajont: tra inchiesta e memoria. A Villa Buzzati si presenta il libro sugli atti del convegno - Bellunopress - Dolomiti","robots":{"index":"index","follow":"follow","max-snippet":"max-snippet:-1","max-image-preview":"max-image-preview:large","max-video-preview":"max-video-preview:-1"},"canonical":"https:\/\/www.bellunopress.it\/fr\/2026\/01\/13\/vajont-tra-inchiesta-e-memoria-a-villa-buzzati-si-presenta-il-libro-sugli-atti-del-convegno\/","og_locale":"fr_FR","og_type":"article","og_title":"Vajont: tra inchiesta e memoria. A Villa Buzzati si presenta il libro sugli atti del convegno - Bellunopress - Dolomiti","og_description":"L&#8217;appuntamento \u00e8 per venerd\u00ec 16 gennaio a Belluno. Un\u2019analisi profonda che mette a confronto le voci di Tina Merlin e Dino Buzzati a sessant&#8217;anni dalla tragedia. Belluno, 13 gennaio 2026 &#8211;\u00a0Come si racconta una tragedia che ha segnato per sempre il volto di un territorio e la coscienza di un intero Paese? La risposta cerca [&hellip;]","og_url":"https:\/\/www.bellunopress.it\/fr\/2026\/01\/13\/vajont-tra-inchiesta-e-memoria-a-villa-buzzati-si-presenta-il-libro-sugli-atti-del-convegno\/","og_site_name":"Bellunopress - Dolomiti","article_publisher":"https:\/\/www.facebook.com\/profile.php?id=100008943462799","article_published_time":"2026-01-13T13:48:23+00:00","og_image":[{"width":600,"height":652,"url":"https:\/\/www.bellunopress.it\/wp-content\/uploads\/2026\/01\/Raccontare-la-tragedia-del-vajont.jpeg","type":"image\/jpeg"}],"author":"redazione","twitter_card":"summary_large_image","twitter_creator":"@bellunopress","twitter_site":"@bellunopress","twitter_misc":{"\u00c9crit par":"redazione","Dur\u00e9e de lecture estim\u00e9e":"2 minutes"},"schema":{"@context":"https:\/\/schema.org","@graph":[{"@type":"Article","@id":"https:\/\/www.bellunopress.it\/2026\/01\/13\/vajont-tra-inchiesta-e-memoria-a-villa-buzzati-si-presenta-il-libro-sugli-atti-del-convegno\/#article","isPartOf":{"@id":"https:\/\/www.bellunopress.it\/2026\/01\/13\/vajont-tra-inchiesta-e-memoria-a-villa-buzzati-si-presenta-il-libro-sugli-atti-del-convegno\/"},"author":{"name":"redazione","@id":"https:\/\/www.bellunopress.it\/#\/schema\/person\/79bb06722b37ece1c03d3e94beb30d73"},"headline":"Vajont: tra inchiesta e memoria. A Villa Buzzati si presenta il libro sugli atti del convegno","datePublished":"2026-01-13T13:48:23+00:00","mainEntityOfPage":{"@id":"https:\/\/www.bellunopress.it\/2026\/01\/13\/vajont-tra-inchiesta-e-memoria-a-villa-buzzati-si-presenta-il-libro-sugli-atti-del-convegno\/"},"wordCount":354,"publisher":{"@id":"https:\/\/www.bellunopress.it\/#organization"},"image":{"@id":"https:\/\/www.bellunopress.it\/2026\/01\/13\/vajont-tra-inchiesta-e-memoria-a-villa-buzzati-si-presenta-il-libro-sugli-atti-del-convegno\/#primaryimage"},"thumbnailUrl":"https:\/\/www.bellunopress.it\/wp-content\/uploads\/2026\/01\/Raccontare-la-tragedia-del-vajont.jpeg","articleSection":["Appuntamenti, Eventi","Arte, Cultura, Spettacoli, Scienza","Pausa Caff\u00e8"],"inLanguage":"fr-FR"},{"@type":"WebPage","@id":"https:\/\/www.bellunopress.it\/2026\/01\/13\/vajont-tra-inchiesta-e-memoria-a-villa-buzzati-si-presenta-il-libro-sugli-atti-del-convegno\/","url":"https:\/\/www.bellunopress.it\/2026\/01\/13\/vajont-tra-inchiesta-e-memoria-a-villa-buzzati-si-presenta-il-libro-sugli-atti-del-convegno\/","name":"Vajont: tra inchiesta e memoria. A Villa Buzzati si presenta il libro sugli atti del convegno - Bellunopress - Dolomiti","isPartOf":{"@id":"https:\/\/www.bellunopress.it\/#website"},"primaryImageOfPage":{"@id":"https:\/\/www.bellunopress.it\/2026\/01\/13\/vajont-tra-inchiesta-e-memoria-a-villa-buzzati-si-presenta-il-libro-sugli-atti-del-convegno\/#primaryimage"},"image":{"@id":"https:\/\/www.bellunopress.it\/2026\/01\/13\/vajont-tra-inchiesta-e-memoria-a-villa-buzzati-si-presenta-il-libro-sugli-atti-del-convegno\/#primaryimage"},"thumbnailUrl":"https:\/\/www.bellunopress.it\/wp-content\/uploads\/2026\/01\/Raccontare-la-tragedia-del-vajont.jpeg","datePublished":"2026-01-13T13:48:23+00:00","breadcrumb":{"@id":"https:\/\/www.bellunopress.it\/2026\/01\/13\/vajont-tra-inchiesta-e-memoria-a-villa-buzzati-si-presenta-il-libro-sugli-atti-del-convegno\/#breadcrumb"},"inLanguage":"fr-FR","potentialAction":[{"@type":"ReadAction","target":["https:\/\/www.bellunopress.it\/2026\/01\/13\/vajont-tra-inchiesta-e-memoria-a-villa-buzzati-si-presenta-il-libro-sugli-atti-del-convegno\/"]}]},{"@type":"ImageObject","inLanguage":"fr-FR","@id":"https:\/\/www.bellunopress.it\/2026\/01\/13\/vajont-tra-inchiesta-e-memoria-a-villa-buzzati-si-presenta-il-libro-sugli-atti-del-convegno\/#primaryimage","url":"https:\/\/www.bellunopress.it\/wp-content\/uploads\/2026\/01\/Raccontare-la-tragedia-del-vajont.jpeg","contentUrl":"https:\/\/www.bellunopress.it\/wp-content\/uploads\/2026\/01\/Raccontare-la-tragedia-del-vajont.jpeg","width":600,"height":652},{"@type":"BreadcrumbList","@id":"https:\/\/www.bellunopress.it\/2026\/01\/13\/vajont-tra-inchiesta-e-memoria-a-villa-buzzati-si-presenta-il-libro-sugli-atti-del-convegno\/#breadcrumb","itemListElement":[{"@type":"ListItem","position":1,"name":"Home","item":"https:\/\/www.bellunopress.it\/"},{"@type":"ListItem","position":2,"name":"Vajont: tra inchiesta e memoria. A Villa Buzzati si presenta il libro sugli atti del convegno"}]},{"@type":"WebSite","@id":"https:\/\/www.bellunopress.it\/#website","url":"https:\/\/www.bellunopress.it\/","name":"Bellunopress - Dolomiti","description":"e-mail: redazione@bellunopress.it","publisher":{"@id":"https:\/\/www.bellunopress.it\/#organization"},"potentialAction":[{"@type":"SearchAction","target":{"@type":"EntryPoint","urlTemplate":"https:\/\/www.bellunopress.it\/?s={search_term_string}"},"query-input":{"@type":"PropertyValueSpecification","valueRequired":true,"valueName":"search_term_string"}}],"inLanguage":"fr-FR"},{"@type":"Organization","@id":"https:\/\/www.bellunopress.it\/#organization","name":"Bellunopress","url":"https:\/\/www.bellunopress.it\/","logo":{"@type":"ImageObject","inLanguage":"fr-FR","@id":"https:\/\/www.bellunopress.it\/#\/schema\/logo\/image\/","url":"https:\/\/www.bellunopress.it\/wp-content\/uploads\/2011\/05\/cropped-logo-bellunopress-.jpg","contentUrl":"https:\/\/www.bellunopress.it\/wp-content\/uploads\/2011\/05\/cropped-logo-bellunopress-.jpg","width":512,"height":512,"caption":"Bellunopress"},"image":{"@id":"https:\/\/www.bellunopress.it\/#\/schema\/logo\/image\/"},"sameAs":["https:\/\/www.facebook.com\/profile.php?id=100008943462799","https:\/\/x.com\/bellunopress","https:\/\/www.linkedin.com\/hp\/?dnr=JBzUWaJfMUw8vbXJJ2tVW5-I3jZKvC4wsoxE&amp;amp;amp;amp;amp;amp;trk=nav_responsive_tab_home","https:\/\/www.youtube.com\/channel\/UCxL0wu1uN0_3_7hGG0306cw"]},{"@type":"Person","@id":"https:\/\/www.bellunopress.it\/#\/schema\/person\/79bb06722b37ece1c03d3e94beb30d73","name":"r\u00e9daction","image":{"@type":"ImageObject","inLanguage":"fr-FR","@id":"https:\/\/secure.gravatar.com\/avatar\/37d968a2e67a6fd04c169c4bdef102d0bc5d31b2546345219e348575eb80e9a0?s=96&d=mm&r=g","url":"https:\/\/secure.gravatar.com\/avatar\/37d968a2e67a6fd04c169c4bdef102d0bc5d31b2546345219e348575eb80e9a0?s=96&d=mm&r=g","contentUrl":"https:\/\/secure.gravatar.com\/avatar\/37d968a2e67a6fd04c169c4bdef102d0bc5d31b2546345219e348575eb80e9a0?s=96&d=mm&r=g","caption":"redazione"},"sameAs":["http:\/\/www.bellunopress.it","https:\/\/x.com\/bellunopress"],"url":"https:\/\/www.bellunopress.it\/fr\/author\/redazione\/"}]}},"_links":{"self":[{"href":"https:\/\/www.bellunopress.it\/fr\/wp-json\/wp\/v2\/posts\/166440","targetHints":{"allow":["GET"]}}],"collection":[{"href":"https:\/\/www.bellunopress.it\/fr\/wp-json\/wp\/v2\/posts"}],"about":[{"href":"https:\/\/www.bellunopress.it\/fr\/wp-json\/wp\/v2\/types\/post"}],"author":[{"embeddable":true,"href":"https:\/\/www.bellunopress.it\/fr\/wp-json\/wp\/v2\/users\/2"}],"replies":[{"embeddable":true,"href":"https:\/\/www.bellunopress.it\/fr\/wp-json\/wp\/v2\/comments?post=166440"}],"version-history":[{"count":1,"href":"https:\/\/www.bellunopress.it\/fr\/wp-json\/wp\/v2\/posts\/166440\/revisions"}],"predecessor-version":[{"id":166442,"href":"https:\/\/www.bellunopress.it\/fr\/wp-json\/wp\/v2\/posts\/166440\/revisions\/166442"}],"wp:featuredmedia":[{"embeddable":true,"href":"https:\/\/www.bellunopress.it\/fr\/wp-json\/wp\/v2\/media\/166441"}],"wp:attachment":[{"href":"https:\/\/www.bellunopress.it\/fr\/wp-json\/wp\/v2\/media?parent=166440"}],"wp:term":[{"taxonomy":"category","embeddable":true,"href":"https:\/\/www.bellunopress.it\/fr\/wp-json\/wp\/v2\/categories?post=166440"},{"taxonomy":"post_tag","embeddable":true,"href":"https:\/\/www.bellunopress.it\/fr\/wp-json\/wp\/v2\/tags?post=166440"}],"curies":[{"name":"wp","href":"https:\/\/api.w.org\/{rel}","templated":true}]}}