{"id":166417,"date":"2026-01-12T13:27:12","date_gmt":"2026-01-12T12:27:12","guid":{"rendered":"https:\/\/www.bellunopress.it\/?p=166417"},"modified":"2026-01-12T13:27:12","modified_gmt":"2026-01-12T12:27:12","slug":"morte-sul-lavoro-a-cortina-lunedi-19-gennaio-presidio-unitario","status":"publish","type":"post","link":"https:\/\/www.bellunopress.it\/fr\/2026\/01\/12\/morte-sul-lavoro-a-cortina-lunedi-19-gennaio-presidio-unitario\/","title":{"rendered":"Morte sul lavoro a Cortina. Luned\u00ec 19 gennaio presidio unitario"},"content":{"rendered":"<figure id=\"attachment_166418\" aria-describedby=\"caption-attachment-166418\" style=\"width: 600px\" class=\"wp-caption aligncenter\"><img loading=\"lazy\" decoding=\"async\" class=\"size-full wp-image-166418\" src=\"https:\/\/www.bellunopress.it\/wp-content\/uploads\/2026\/01\/Silvana-Fanelli.jpg\" alt=\"\" width=\"600\" height=\"600\" srcset=\"https:\/\/www.bellunopress.it\/wp-content\/uploads\/2026\/01\/Silvana-Fanelli.jpg 600w, https:\/\/www.bellunopress.it\/wp-content\/uploads\/2026\/01\/Silvana-Fanelli-500x500.jpg 500w, https:\/\/www.bellunopress.it\/wp-content\/uploads\/2026\/01\/Silvana-Fanelli-300x300.jpg 300w, https:\/\/www.bellunopress.it\/wp-content\/uploads\/2026\/01\/Silvana-Fanelli-420x420.jpg 420w\" sizes=\"auto, (max-width: 600px) 100vw, 600px\" \/><figcaption id=\"caption-attachment-166418\" class=\"wp-caption-text\">Silvana Fanelli, segreteria CGIL Veneto con delega alla salute e sicurezza sul lavoro<\/figcaption><\/figure>\n<p><strong>Fanelli e Carpinetti (Cgil): &#8220;Intervenire per regolamentare i contratti, ridurre i rischi e impedire che la logica del massimo profitto metta a repentaglio la vita delle persone<\/strong><\/p>\n<p>Silvana Fanelli, segreteria CGIL Veneto con delega alla salute e sicurezza sul lavoro: \u201cLa Regione Veneto e gli enti deputati all\u2019organizzazione delle Olimpiadi in questi anni non hanno mai voluto collaborare con le organizzazioni sindacali confederali per garantire la sicurezza nei cantieri, il rispetto dei contratti e regole certe per gli appalti legati agli eventi olimpici. Ancora una volta si dimostra che le deregolamentazioni su appalti e subappalti aumentano i rischi per i lavoratori. Pietro Zantonini era impiegato in un subappalto, con turni e modalit\u00e0 lavorative che dovranno essere verificate dagli organi che stanno indagando su quanto avvenuto. Questa tragedia dimostra quanto sia urgente intervenire per regolamentare i contratti, ridurre i rischi e impedire che la logica del massimo profitto metta a repentaglio la vita delle persone.\u201d<\/p>\n<p>Michele Carpinetti, Segretario generale Filcams Cgil Veneto: \u201cQuando si organizzano importanti eventi come le Olimpiadi invernali non si pensa alle centinaia di lavoratrici e lavoratori e che operano in servizi fondamentali come la vigilanza, la ristorazione e il pulimento. Professionalit\u00e0 indispensabili che portano valore aggiunto ad un sistema di imprese che lavorano insieme in uno stesso appalto, imprese che troppo spesso procedono sulle questioni che riguardano la sicurezza e le condizioni di lavoro in maniera separata. La nostra proposta nella contrattazione preventiva di sito o di filiera significa proprio questo: valutare prima le eventuali problematiche, analizzare i fattori di rischio, parlare delle condizioni anche salariali o di regolarit\u00e0 del lavoro che riguardano professionalit\u00e0 delle quali ci si accorge solo quando insorgono i problemi. Questo pu\u00f2 avvenire soltanto gestendo il lavoro in maniera trasparente, garantendo a tutti le condizioni migliori, tutele collettive. Questi lavoratori non possono essere delle figure fantasma, ma dei protagonisti fondamentali. La politica si faccia carico fin da subito di questa esigenza e se ne ricordi quando dar\u00e0 il via alla grande manifestazione sportiva\u201d.<\/p>\n<p>Il 19 gennaio i sindacati di categoria e confederali del territorio organizzeranno un presidio unitario.<\/p>\n<p>&nbsp;<\/p>","protected":false},"excerpt":{"rendered":"<p>Fanelli e Carpinetti (Cgil): &#8220;Intervenire per regolamentare i contratti, ridurre i rischi e impedire che la logica del massimo profitto metta a repentaglio la vita delle persone Silvana Fanelli, segreteria CGIL Veneto con delega alla salute e sicurezza sul lavoro: \u201cLa Regione Veneto e gli enti deputati all\u2019organizzazione delle Olimpiadi in questi anni non hanno [&hellip;]<\/p>\n","protected":false},"author":2,"featured_media":166418,"comment_status":"closed","ping_status":"open","sticky":false,"template":"","format":"standard","meta":{"footnotes":""},"categories":[36],"tags":[],"class_list":["post-166417","post","type-post","status-publish","format-standard","has-post-thumbnail","category-lavoro-economia"],"yoast_head":"<!-- This site is optimized with the Yoast SEO plugin v28.4 - https:\/\/yoast.com\/product\/yoast-seo-wordpress\/ -->\n<title>Morte sul lavoro a Cortina. Luned\u00ec 19 gennaio presidio unitario - Bellunopress - Dolomiti<\/title>\n<meta name=\"robots\" content=\"index, follow, max-snippet:-1, max-image-preview:large, max-video-preview:-1\" \/>\n<link rel=\"canonical\" href=\"https:\/\/www.bellunopress.it\/fr\/2026\/01\/12\/morte-sul-lavoro-a-cortina-lunedi-19-gennaio-presidio-unitario\/\" \/>\n<meta property=\"og:locale\" content=\"fr_FR\" \/>\n<meta property=\"og:type\" content=\"article\" \/>\n<meta property=\"og:title\" content=\"Morte sul lavoro a Cortina. Luned\u00ec 19 gennaio presidio unitario - Bellunopress - Dolomiti\" \/>\n<meta property=\"og:description\" content=\"Fanelli e Carpinetti (Cgil): &#8220;Intervenire per regolamentare i contratti, ridurre i rischi e impedire che la logica del massimo profitto metta a repentaglio la vita delle persone Silvana Fanelli, segreteria CGIL Veneto con delega alla salute e sicurezza sul lavoro: \u201cLa Regione Veneto e gli enti deputati all\u2019organizzazione delle Olimpiadi in questi anni non hanno [&hellip;]\" \/>\n<meta property=\"og:url\" content=\"https:\/\/www.bellunopress.it\/fr\/2026\/01\/12\/morte-sul-lavoro-a-cortina-lunedi-19-gennaio-presidio-unitario\/\" \/>\n<meta property=\"og:site_name\" content=\"Bellunopress - Dolomiti\" \/>\n<meta property=\"article:publisher\" content=\"https:\/\/www.facebook.com\/profile.php?id=100008943462799\" \/>\n<meta property=\"article:published_time\" content=\"2026-01-12T12:27:12+00:00\" \/>\n<meta property=\"og:image\" content=\"https:\/\/www.bellunopress.it\/wp-content\/uploads\/2026\/01\/Silvana-Fanelli.jpg\" \/>\n\t<meta property=\"og:image:width\" content=\"600\" \/>\n\t<meta property=\"og:image:height\" content=\"600\" \/>\n\t<meta property=\"og:image:type\" content=\"image\/jpeg\" \/>\n<meta name=\"author\" content=\"redazione\" \/>\n<meta name=\"twitter:card\" content=\"summary_large_image\" \/>\n<meta name=\"twitter:creator\" content=\"@bellunopress\" \/>\n<meta name=\"twitter:site\" content=\"@bellunopress\" \/>\n<meta name=\"twitter:label1\" content=\"\u00c9crit par\" \/>\n\t<meta name=\"twitter:data1\" content=\"redazione\" \/>\n\t<meta name=\"twitter:label2\" content=\"Dur\u00e9e de lecture estim\u00e9e\" \/>\n\t<meta name=\"twitter:data2\" content=\"2 minutes\" \/>\n<script type=\"application\/ld+json\" class=\"yoast-schema-graph\">{\"@context\":\"https:\\\/\\\/schema.org\",\"@graph\":[{\"@type\":\"Article\",\"@id\":\"https:\\\/\\\/www.bellunopress.it\\\/2026\\\/01\\\/12\\\/morte-sul-lavoro-a-cortina-lunedi-19-gennaio-presidio-unitario\\\/#article\",\"isPartOf\":{\"@id\":\"https:\\\/\\\/www.bellunopress.it\\\/2026\\\/01\\\/12\\\/morte-sul-lavoro-a-cortina-lunedi-19-gennaio-presidio-unitario\\\/\"},\"author\":{\"name\":\"redazione\",\"@id\":\"https:\\\/\\\/www.bellunopress.it\\\/#\\\/schema\\\/person\\\/79bb06722b37ece1c03d3e94beb30d73\"},\"headline\":\"Morte sul lavoro a Cortina. Luned\u00ec 19 gennaio presidio unitario\",\"datePublished\":\"2026-01-12T12:27:12+00:00\",\"mainEntityOfPage\":{\"@id\":\"https:\\\/\\\/www.bellunopress.it\\\/2026\\\/01\\\/12\\\/morte-sul-lavoro-a-cortina-lunedi-19-gennaio-presidio-unitario\\\/\"},\"wordCount\":375,\"publisher\":{\"@id\":\"https:\\\/\\\/www.bellunopress.it\\\/#organization\"},\"image\":{\"@id\":\"https:\\\/\\\/www.bellunopress.it\\\/2026\\\/01\\\/12\\\/morte-sul-lavoro-a-cortina-lunedi-19-gennaio-presidio-unitario\\\/#primaryimage\"},\"thumbnailUrl\":\"https:\\\/\\\/www.bellunopress.it\\\/wp-content\\\/uploads\\\/2026\\\/01\\\/Silvana-Fanelli.jpg\",\"articleSection\":[\"Lavoro, Economia, Turismo\"],\"inLanguage\":\"fr-FR\"},{\"@type\":\"WebPage\",\"@id\":\"https:\\\/\\\/www.bellunopress.it\\\/2026\\\/01\\\/12\\\/morte-sul-lavoro-a-cortina-lunedi-19-gennaio-presidio-unitario\\\/\",\"url\":\"https:\\\/\\\/www.bellunopress.it\\\/2026\\\/01\\\/12\\\/morte-sul-lavoro-a-cortina-lunedi-19-gennaio-presidio-unitario\\\/\",\"name\":\"Morte sul lavoro a Cortina. Luned\u00ec 19 gennaio presidio unitario - Bellunopress - Dolomiti\",\"isPartOf\":{\"@id\":\"https:\\\/\\\/www.bellunopress.it\\\/#website\"},\"primaryImageOfPage\":{\"@id\":\"https:\\\/\\\/www.bellunopress.it\\\/2026\\\/01\\\/12\\\/morte-sul-lavoro-a-cortina-lunedi-19-gennaio-presidio-unitario\\\/#primaryimage\"},\"image\":{\"@id\":\"https:\\\/\\\/www.bellunopress.it\\\/2026\\\/01\\\/12\\\/morte-sul-lavoro-a-cortina-lunedi-19-gennaio-presidio-unitario\\\/#primaryimage\"},\"thumbnailUrl\":\"https:\\\/\\\/www.bellunopress.it\\\/wp-content\\\/uploads\\\/2026\\\/01\\\/Silvana-Fanelli.jpg\",\"datePublished\":\"2026-01-12T12:27:12+00:00\",\"breadcrumb\":{\"@id\":\"https:\\\/\\\/www.bellunopress.it\\\/2026\\\/01\\\/12\\\/morte-sul-lavoro-a-cortina-lunedi-19-gennaio-presidio-unitario\\\/#breadcrumb\"},\"inLanguage\":\"fr-FR\",\"potentialAction\":[{\"@type\":\"ReadAction\",\"target\":[\"https:\\\/\\\/www.bellunopress.it\\\/2026\\\/01\\\/12\\\/morte-sul-lavoro-a-cortina-lunedi-19-gennaio-presidio-unitario\\\/\"]}]},{\"@type\":\"ImageObject\",\"inLanguage\":\"fr-FR\",\"@id\":\"https:\\\/\\\/www.bellunopress.it\\\/2026\\\/01\\\/12\\\/morte-sul-lavoro-a-cortina-lunedi-19-gennaio-presidio-unitario\\\/#primaryimage\",\"url\":\"https:\\\/\\\/www.bellunopress.it\\\/wp-content\\\/uploads\\\/2026\\\/01\\\/Silvana-Fanelli.jpg\",\"contentUrl\":\"https:\\\/\\\/www.bellunopress.it\\\/wp-content\\\/uploads\\\/2026\\\/01\\\/Silvana-Fanelli.jpg\",\"width\":600,\"height\":600,\"caption\":\"Silvana Fanelli, segreteria CGIL Veneto con delega alla salute e sicurezza sul lavoro\"},{\"@type\":\"BreadcrumbList\",\"@id\":\"https:\\\/\\\/www.bellunopress.it\\\/2026\\\/01\\\/12\\\/morte-sul-lavoro-a-cortina-lunedi-19-gennaio-presidio-unitario\\\/#breadcrumb\",\"itemListElement\":[{\"@type\":\"ListItem\",\"position\":1,\"name\":\"Home\",\"item\":\"https:\\\/\\\/www.bellunopress.it\\\/\"},{\"@type\":\"ListItem\",\"position\":2,\"name\":\"Morte sul lavoro a Cortina. Luned\u00ec 19 gennaio presidio unitario\"}]},{\"@type\":\"WebSite\",\"@id\":\"https:\\\/\\\/www.bellunopress.it\\\/#website\",\"url\":\"https:\\\/\\\/www.bellunopress.it\\\/\",\"name\":\"Bellunopress - Dolomiti\",\"description\":\"e-mail: redazione@bellunopress.it\",\"publisher\":{\"@id\":\"https:\\\/\\\/www.bellunopress.it\\\/#organization\"},\"potentialAction\":[{\"@type\":\"SearchAction\",\"target\":{\"@type\":\"EntryPoint\",\"urlTemplate\":\"https:\\\/\\\/www.bellunopress.it\\\/?s={search_term_string}\"},\"query-input\":{\"@type\":\"PropertyValueSpecification\",\"valueRequired\":true,\"valueName\":\"search_term_string\"}}],\"inLanguage\":\"fr-FR\"},{\"@type\":\"Organization\",\"@id\":\"https:\\\/\\\/www.bellunopress.it\\\/#organization\",\"name\":\"Bellunopress\",\"url\":\"https:\\\/\\\/www.bellunopress.it\\\/\",\"logo\":{\"@type\":\"ImageObject\",\"inLanguage\":\"fr-FR\",\"@id\":\"https:\\\/\\\/www.bellunopress.it\\\/#\\\/schema\\\/logo\\\/image\\\/\",\"url\":\"https:\\\/\\\/www.bellunopress.it\\\/wp-content\\\/uploads\\\/2011\\\/05\\\/cropped-logo-bellunopress-.jpg\",\"contentUrl\":\"https:\\\/\\\/www.bellunopress.it\\\/wp-content\\\/uploads\\\/2011\\\/05\\\/cropped-logo-bellunopress-.jpg\",\"width\":512,\"height\":512,\"caption\":\"Bellunopress\"},\"image\":{\"@id\":\"https:\\\/\\\/www.bellunopress.it\\\/#\\\/schema\\\/logo\\\/image\\\/\"},\"sameAs\":[\"https:\\\/\\\/www.facebook.com\\\/profile.php?id=100008943462799\",\"https:\\\/\\\/x.com\\\/bellunopress\",\"https:\\\/\\\/www.linkedin.com\\\/hp\\\/?dnr=JBzUWaJfMUw8vbXJJ2tVW5-I3jZKvC4wsoxE&amp;amp;amp;amp;amp;amp;trk=nav_responsive_tab_home\",\"https:\\\/\\\/www.youtube.com\\\/channel\\\/UCxL0wu1uN0_3_7hGG0306cw\"]},{\"@type\":\"Person\",\"@id\":\"https:\\\/\\\/www.bellunopress.it\\\/#\\\/schema\\\/person\\\/79bb06722b37ece1c03d3e94beb30d73\",\"name\":\"redazione\",\"image\":{\"@type\":\"ImageObject\",\"inLanguage\":\"fr-FR\",\"@id\":\"https:\\\/\\\/secure.gravatar.com\\\/avatar\\\/37d968a2e67a6fd04c169c4bdef102d0bc5d31b2546345219e348575eb80e9a0?s=96&d=mm&r=g\",\"url\":\"https:\\\/\\\/secure.gravatar.com\\\/avatar\\\/37d968a2e67a6fd04c169c4bdef102d0bc5d31b2546345219e348575eb80e9a0?s=96&d=mm&r=g\",\"contentUrl\":\"https:\\\/\\\/secure.gravatar.com\\\/avatar\\\/37d968a2e67a6fd04c169c4bdef102d0bc5d31b2546345219e348575eb80e9a0?s=96&d=mm&r=g\",\"caption\":\"redazione\"},\"sameAs\":[\"http:\\\/\\\/www.bellunopress.it\",\"https:\\\/\\\/x.com\\\/bellunopress\"],\"url\":\"https:\\\/\\\/www.bellunopress.it\\\/fr\\\/author\\\/redazione\\\/\"}]}<\/script>\n<!-- \/ Yoast SEO plugin. -->","yoast_head_json":{"title":"Morte sul lavoro a Cortina. Luned\u00ec 19 gennaio presidio unitario - Bellunopress - Dolomiti","robots":{"index":"index","follow":"follow","max-snippet":"max-snippet:-1","max-image-preview":"max-image-preview:large","max-video-preview":"max-video-preview:-1"},"canonical":"https:\/\/www.bellunopress.it\/fr\/2026\/01\/12\/morte-sul-lavoro-a-cortina-lunedi-19-gennaio-presidio-unitario\/","og_locale":"fr_FR","og_type":"article","og_title":"Morte sul lavoro a Cortina. Luned\u00ec 19 gennaio presidio unitario - Bellunopress - Dolomiti","og_description":"Fanelli e Carpinetti (Cgil): &#8220;Intervenire per regolamentare i contratti, ridurre i rischi e impedire che la logica del massimo profitto metta a repentaglio la vita delle persone Silvana Fanelli, segreteria CGIL Veneto con delega alla salute e sicurezza sul lavoro: \u201cLa Regione Veneto e gli enti deputati all\u2019organizzazione delle Olimpiadi in questi anni non hanno [&hellip;]","og_url":"https:\/\/www.bellunopress.it\/fr\/2026\/01\/12\/morte-sul-lavoro-a-cortina-lunedi-19-gennaio-presidio-unitario\/","og_site_name":"Bellunopress - Dolomiti","article_publisher":"https:\/\/www.facebook.com\/profile.php?id=100008943462799","article_published_time":"2026-01-12T12:27:12+00:00","og_image":[{"width":600,"height":600,"url":"https:\/\/www.bellunopress.it\/wp-content\/uploads\/2026\/01\/Silvana-Fanelli.jpg","type":"image\/jpeg"}],"author":"redazione","twitter_card":"summary_large_image","twitter_creator":"@bellunopress","twitter_site":"@bellunopress","twitter_misc":{"\u00c9crit par":"redazione","Dur\u00e9e de lecture estim\u00e9e":"2 minutes"},"schema":{"@context":"https:\/\/schema.org","@graph":[{"@type":"Article","@id":"https:\/\/www.bellunopress.it\/2026\/01\/12\/morte-sul-lavoro-a-cortina-lunedi-19-gennaio-presidio-unitario\/#article","isPartOf":{"@id":"https:\/\/www.bellunopress.it\/2026\/01\/12\/morte-sul-lavoro-a-cortina-lunedi-19-gennaio-presidio-unitario\/"},"author":{"name":"redazione","@id":"https:\/\/www.bellunopress.it\/#\/schema\/person\/79bb06722b37ece1c03d3e94beb30d73"},"headline":"Morte sul lavoro a Cortina. Luned\u00ec 19 gennaio presidio unitario","datePublished":"2026-01-12T12:27:12+00:00","mainEntityOfPage":{"@id":"https:\/\/www.bellunopress.it\/2026\/01\/12\/morte-sul-lavoro-a-cortina-lunedi-19-gennaio-presidio-unitario\/"},"wordCount":375,"publisher":{"@id":"https:\/\/www.bellunopress.it\/#organization"},"image":{"@id":"https:\/\/www.bellunopress.it\/2026\/01\/12\/morte-sul-lavoro-a-cortina-lunedi-19-gennaio-presidio-unitario\/#primaryimage"},"thumbnailUrl":"https:\/\/www.bellunopress.it\/wp-content\/uploads\/2026\/01\/Silvana-Fanelli.jpg","articleSection":["Lavoro, Economia, Turismo"],"inLanguage":"fr-FR"},{"@type":"WebPage","@id":"https:\/\/www.bellunopress.it\/2026\/01\/12\/morte-sul-lavoro-a-cortina-lunedi-19-gennaio-presidio-unitario\/","url":"https:\/\/www.bellunopress.it\/2026\/01\/12\/morte-sul-lavoro-a-cortina-lunedi-19-gennaio-presidio-unitario\/","name":"Morte sul lavoro a Cortina. Luned\u00ec 19 gennaio presidio unitario - Bellunopress - Dolomiti","isPartOf":{"@id":"https:\/\/www.bellunopress.it\/#website"},"primaryImageOfPage":{"@id":"https:\/\/www.bellunopress.it\/2026\/01\/12\/morte-sul-lavoro-a-cortina-lunedi-19-gennaio-presidio-unitario\/#primaryimage"},"image":{"@id":"https:\/\/www.bellunopress.it\/2026\/01\/12\/morte-sul-lavoro-a-cortina-lunedi-19-gennaio-presidio-unitario\/#primaryimage"},"thumbnailUrl":"https:\/\/www.bellunopress.it\/wp-content\/uploads\/2026\/01\/Silvana-Fanelli.jpg","datePublished":"2026-01-12T12:27:12+00:00","breadcrumb":{"@id":"https:\/\/www.bellunopress.it\/2026\/01\/12\/morte-sul-lavoro-a-cortina-lunedi-19-gennaio-presidio-unitario\/#breadcrumb"},"inLanguage":"fr-FR","potentialAction":[{"@type":"ReadAction","target":["https:\/\/www.bellunopress.it\/2026\/01\/12\/morte-sul-lavoro-a-cortina-lunedi-19-gennaio-presidio-unitario\/"]}]},{"@type":"ImageObject","inLanguage":"fr-FR","@id":"https:\/\/www.bellunopress.it\/2026\/01\/12\/morte-sul-lavoro-a-cortina-lunedi-19-gennaio-presidio-unitario\/#primaryimage","url":"https:\/\/www.bellunopress.it\/wp-content\/uploads\/2026\/01\/Silvana-Fanelli.jpg","contentUrl":"https:\/\/www.bellunopress.it\/wp-content\/uploads\/2026\/01\/Silvana-Fanelli.jpg","width":600,"height":600,"caption":"Silvana Fanelli, segreteria CGIL Veneto con delega alla salute e sicurezza sul lavoro"},{"@type":"BreadcrumbList","@id":"https:\/\/www.bellunopress.it\/2026\/01\/12\/morte-sul-lavoro-a-cortina-lunedi-19-gennaio-presidio-unitario\/#breadcrumb","itemListElement":[{"@type":"ListItem","position":1,"name":"Home","item":"https:\/\/www.bellunopress.it\/"},{"@type":"ListItem","position":2,"name":"Morte sul lavoro a Cortina. Luned\u00ec 19 gennaio presidio unitario"}]},{"@type":"WebSite","@id":"https:\/\/www.bellunopress.it\/#website","url":"https:\/\/www.bellunopress.it\/","name":"Bellunopress - Dolomiti","description":"e-mail: redazione@bellunopress.it","publisher":{"@id":"https:\/\/www.bellunopress.it\/#organization"},"potentialAction":[{"@type":"SearchAction","target":{"@type":"EntryPoint","urlTemplate":"https:\/\/www.bellunopress.it\/?s={search_term_string}"},"query-input":{"@type":"PropertyValueSpecification","valueRequired":true,"valueName":"search_term_string"}}],"inLanguage":"fr-FR"},{"@type":"Organization","@id":"https:\/\/www.bellunopress.it\/#organization","name":"Bellunopress","url":"https:\/\/www.bellunopress.it\/","logo":{"@type":"ImageObject","inLanguage":"fr-FR","@id":"https:\/\/www.bellunopress.it\/#\/schema\/logo\/image\/","url":"https:\/\/www.bellunopress.it\/wp-content\/uploads\/2011\/05\/cropped-logo-bellunopress-.jpg","contentUrl":"https:\/\/www.bellunopress.it\/wp-content\/uploads\/2011\/05\/cropped-logo-bellunopress-.jpg","width":512,"height":512,"caption":"Bellunopress"},"image":{"@id":"https:\/\/www.bellunopress.it\/#\/schema\/logo\/image\/"},"sameAs":["https:\/\/www.facebook.com\/profile.php?id=100008943462799","https:\/\/x.com\/bellunopress","https:\/\/www.linkedin.com\/hp\/?dnr=JBzUWaJfMUw8vbXJJ2tVW5-I3jZKvC4wsoxE&amp;amp;amp;amp;amp;amp;trk=nav_responsive_tab_home","https:\/\/www.youtube.com\/channel\/UCxL0wu1uN0_3_7hGG0306cw"]},{"@type":"Person","@id":"https:\/\/www.bellunopress.it\/#\/schema\/person\/79bb06722b37ece1c03d3e94beb30d73","name":"r\u00e9daction","image":{"@type":"ImageObject","inLanguage":"fr-FR","@id":"https:\/\/secure.gravatar.com\/avatar\/37d968a2e67a6fd04c169c4bdef102d0bc5d31b2546345219e348575eb80e9a0?s=96&d=mm&r=g","url":"https:\/\/secure.gravatar.com\/avatar\/37d968a2e67a6fd04c169c4bdef102d0bc5d31b2546345219e348575eb80e9a0?s=96&d=mm&r=g","contentUrl":"https:\/\/secure.gravatar.com\/avatar\/37d968a2e67a6fd04c169c4bdef102d0bc5d31b2546345219e348575eb80e9a0?s=96&d=mm&r=g","caption":"redazione"},"sameAs":["http:\/\/www.bellunopress.it","https:\/\/x.com\/bellunopress"],"url":"https:\/\/www.bellunopress.it\/fr\/author\/redazione\/"}]}},"_links":{"self":[{"href":"https:\/\/www.bellunopress.it\/fr\/wp-json\/wp\/v2\/posts\/166417","targetHints":{"allow":["GET"]}}],"collection":[{"href":"https:\/\/www.bellunopress.it\/fr\/wp-json\/wp\/v2\/posts"}],"about":[{"href":"https:\/\/www.bellunopress.it\/fr\/wp-json\/wp\/v2\/types\/post"}],"author":[{"embeddable":true,"href":"https:\/\/www.bellunopress.it\/fr\/wp-json\/wp\/v2\/users\/2"}],"replies":[{"embeddable":true,"href":"https:\/\/www.bellunopress.it\/fr\/wp-json\/wp\/v2\/comments?post=166417"}],"version-history":[{"count":1,"href":"https:\/\/www.bellunopress.it\/fr\/wp-json\/wp\/v2\/posts\/166417\/revisions"}],"predecessor-version":[{"id":166419,"href":"https:\/\/www.bellunopress.it\/fr\/wp-json\/wp\/v2\/posts\/166417\/revisions\/166419"}],"wp:featuredmedia":[{"embeddable":true,"href":"https:\/\/www.bellunopress.it\/fr\/wp-json\/wp\/v2\/media\/166418"}],"wp:attachment":[{"href":"https:\/\/www.bellunopress.it\/fr\/wp-json\/wp\/v2\/media?parent=166417"}],"wp:term":[{"taxonomy":"category","embeddable":true,"href":"https:\/\/www.bellunopress.it\/fr\/wp-json\/wp\/v2\/categories?post=166417"},{"taxonomy":"post_tag","embeddable":true,"href":"https:\/\/www.bellunopress.it\/fr\/wp-json\/wp\/v2\/tags?post=166417"}],"curies":[{"name":"wp","href":"https:\/\/api.w.org\/{rel}","templated":true}]}}