{"id":166415,"date":"2026-01-12T09:55:59","date_gmt":"2026-01-12T08:55:59","guid":{"rendered":"https:\/\/www.bellunopress.it\/?p=166415"},"modified":"2026-01-12T09:55:59","modified_gmt":"2026-01-12T08:55:59","slug":"festa-di-san-marcello-dal-14-al-18-gennaio-a-umin-di-feltre","status":"publish","type":"post","link":"https:\/\/www.bellunopress.it\/fr\/2026\/01\/12\/festa-di-san-marcello-dal-14-al-18-gennaio-a-umin-di-feltre\/","title":{"rendered":"Festa di San Marcello, dal 14 al 18 gennaio a Umin di Feltre."},"content":{"rendered":"<p><strong><img loading=\"lazy\" decoding=\"async\" class=\"aligncenter size-full wp-image-157271\" src=\"https:\/\/www.bellunopress.it\/wp-content\/uploads\/2025\/01\/Sagra-San-Marcello-Umin-di-Feltre.jpg\" alt=\"\" width=\"671\" height=\"212\" srcset=\"https:\/\/www.bellunopress.it\/wp-content\/uploads\/2025\/01\/Sagra-San-Marcello-Umin-di-Feltre.jpg 671w, https:\/\/www.bellunopress.it\/wp-content\/uploads\/2025\/01\/Sagra-San-Marcello-Umin-di-Feltre-500x158.jpg 500w\" sizes=\"auto, (max-width: 671px) 100vw, 671px\" \/>Appuntamento dedicato a fede, tradizioni e antichi sapori, organizzato dal Gruppo Alpini Villabruna e Associazione Amici del Aasel<\/strong><\/p>\n<p>Dal 14 al 18 gennaio 2026 il capannone riscaldato ospiter\u00e0 cucina tipica bellunese a pranzo e a cena, con la TRIPPA, regina assoluta della festa: viene preparata sia in umido alla parmigiana sia in brodo, per accontentare tutti gli appassionati di questo piatto della tradizione. Accanto alla trippa non mancheranno pita lessa, canederli, soppressa fritta con polenta, cotechino con contorni e dolci casalinghi.<\/p>\n<p>Il programma prevede anche celebrazioni religiose dedicate a San Marcello, visite guidate alla chiesetta, iniziative per i pi\u00f9 piccoli e momenti di incontro per tutta la comunit\u00e0. Sabato 17 gennaio spazio anche alla &#8220;San Marcello Run&#8221;, trail di 7 km con 200 metri di dislivello e camminata non competitiva sui sentieri attorno a Umin.<\/p>\n<p>Il ricavato sar\u00e0 destinato al mantenimento della chiesa di San Marcello e al sostegno delle attivit\u00e0 socio-culturali del territorio, grazie all&#8217;impegno dei volontari del gruppo Alpini di Villabruna e degli Amici del Casel.<\/p>\n<p><strong>Programma<\/strong><\/p>\n<p>Mercoled\u00ec 14 gennaio<br \/>\n&#8211; 16.00 \u2013 Animazione per i pi\u00f9 piccoli a cura del Gruppo giovani parrocchia di Villabruna<br \/>\n&#8211; 9.00-11.00, 15.00-17.00 \u2013 Visite guidate alla chiesetta di San Marcello<\/p>\n<p>Gioved\u00ec 15 gennaio<br \/>\n&#8211; 9.00-11.00, 15.00-17.00 \u2013 Visite guidate alla chiesetta di San Marcello<\/p>\n<p>Venerd\u00ec 16 gennaio<br \/>\n&#8211; 10.30 \u2013 Santa Messa concelebrata con i parroci della forania e benedizione dell&#8217;olio e del cotone<br \/>\n&#8211; 15.00 \u2013 Santa Messa con benedizione del sale<br \/>\n&#8211; 9.00-11.00, 15.00-17.00 \u2013 Visite guidate alla chiesetta di San Marcello<\/p>\n<p>Sabato 17 gennaio<br \/>\n&#8211; 14.30 \u2013 &#8220;San Marcello Run&#8221;, pedonata tra i sentieri di Umin\/Grum\/Vignui (info e iscrizioni: @SanMarcelloRun)<br \/>\n&#8211; 9.00-11.00, 15.00-17.00 \u2013 Visite guidate alla chiesetta di San Marcello<\/p>\n<p>Domenica 18 gennaio<br \/>\n&#8211; 10.30 \u2013 Santa Messa accompagnata dal coro parrocchiale di Facen<br \/>\n&#8211; 15.00 \u2013 Santa Messa accompagnata dal coro parrocchiale di Fiera di Primiero<br \/>\n&#8211; 9.00-11.00, 15.00-17.00 \u2013 Visite guidate alla chiesetta di San Marcello<br \/>\n&#8211; 20.00 \u2013 Estrazione premi della Lotteria di San Marcello<\/p>\n<p><strong>Cucina e asporto<\/strong><br \/>\nLa cucina \u00e8 aperta tutti i giorni dalle 11.00 alle 23.00, con piatti tipici bellunesi e la trippa come specialit\u00e0 principale.<br \/>\nTutti i piatti sono disponibili da asporto a partire dalle 10.00.<\/p>","protected":false},"excerpt":{"rendered":"<p>Appuntamento dedicato a fede, tradizioni e antichi sapori, organizzato dal Gruppo Alpini Villabruna e Associazione Amici del Aasel Dal 14 al 18 gennaio 2026 il capannone riscaldato ospiter\u00e0 cucina tipica bellunese a pranzo e a cena, con la TRIPPA, regina assoluta della festa: viene preparata sia in umido alla parmigiana sia in brodo, per accontentare [&hellip;]<\/p>\n","protected":false},"author":2,"featured_media":157271,"comment_status":"closed","ping_status":"open","sticky":false,"template":"","format":"standard","meta":{"footnotes":""},"categories":[3393,25],"tags":[],"class_list":["post-166415","post","type-post","status-publish","format-standard","has-post-thumbnail","category-eventi-enogastronomici","category-pausa-caffe"],"yoast_head":"<!-- This site is optimized with the Yoast SEO plugin v28.4 - https:\/\/yoast.com\/product\/yoast-seo-wordpress\/ -->\n<title>Festa di San Marcello, dal 14 al 18 gennaio a Umin di Feltre. - Bellunopress - Dolomiti<\/title>\n<meta name=\"robots\" content=\"index, follow, max-snippet:-1, max-image-preview:large, max-video-preview:-1\" \/>\n<link rel=\"canonical\" href=\"https:\/\/www.bellunopress.it\/fr\/2026\/01\/12\/festa-di-san-marcello-dal-14-al-18-gennaio-a-umin-di-feltre\/\" \/>\n<meta property=\"og:locale\" content=\"fr_FR\" \/>\n<meta property=\"og:type\" content=\"article\" \/>\n<meta property=\"og:title\" content=\"Festa di San Marcello, dal 14 al 18 gennaio a Umin di Feltre. - Bellunopress - Dolomiti\" \/>\n<meta property=\"og:description\" content=\"Appuntamento dedicato a fede, tradizioni e antichi sapori, organizzato dal Gruppo Alpini Villabruna e Associazione Amici del Aasel Dal 14 al 18 gennaio 2026 il capannone riscaldato ospiter\u00e0 cucina tipica bellunese a pranzo e a cena, con la TRIPPA, regina assoluta della festa: viene preparata sia in umido alla parmigiana sia in brodo, per accontentare [&hellip;]\" \/>\n<meta property=\"og:url\" content=\"https:\/\/www.bellunopress.it\/fr\/2026\/01\/12\/festa-di-san-marcello-dal-14-al-18-gennaio-a-umin-di-feltre\/\" \/>\n<meta property=\"og:site_name\" content=\"Bellunopress - Dolomiti\" \/>\n<meta property=\"article:publisher\" content=\"https:\/\/www.facebook.com\/profile.php?id=100008943462799\" \/>\n<meta property=\"article:published_time\" content=\"2026-01-12T08:55:59+00:00\" \/>\n<meta property=\"og:image\" content=\"https:\/\/www.bellunopress.it\/wp-content\/uploads\/2025\/01\/Sagra-San-Marcello-Umin-di-Feltre.jpg\" \/>\n\t<meta property=\"og:image:width\" content=\"671\" \/>\n\t<meta property=\"og:image:height\" content=\"212\" \/>\n\t<meta property=\"og:image:type\" content=\"image\/jpeg\" \/>\n<meta name=\"author\" content=\"redazione\" \/>\n<meta name=\"twitter:card\" content=\"summary_large_image\" \/>\n<meta name=\"twitter:creator\" content=\"@bellunopress\" \/>\n<meta name=\"twitter:site\" content=\"@bellunopress\" \/>\n<meta name=\"twitter:label1\" content=\"\u00c9crit par\" \/>\n\t<meta name=\"twitter:data1\" content=\"redazione\" \/>\n\t<meta name=\"twitter:label2\" content=\"Dur\u00e9e de lecture estim\u00e9e\" \/>\n\t<meta name=\"twitter:data2\" content=\"2 minutes\" \/>\n<script type=\"application\/ld+json\" class=\"yoast-schema-graph\">{\"@context\":\"https:\\\/\\\/schema.org\",\"@graph\":[{\"@type\":\"Article\",\"@id\":\"https:\\\/\\\/www.bellunopress.it\\\/2026\\\/01\\\/12\\\/festa-di-san-marcello-dal-14-al-18-gennaio-a-umin-di-feltre\\\/#article\",\"isPartOf\":{\"@id\":\"https:\\\/\\\/www.bellunopress.it\\\/2026\\\/01\\\/12\\\/festa-di-san-marcello-dal-14-al-18-gennaio-a-umin-di-feltre\\\/\"},\"author\":{\"name\":\"redazione\",\"@id\":\"https:\\\/\\\/www.bellunopress.it\\\/#\\\/schema\\\/person\\\/79bb06722b37ece1c03d3e94beb30d73\"},\"headline\":\"Festa di San Marcello, dal 14 al 18 gennaio a Umin di Feltre.\",\"datePublished\":\"2026-01-12T08:55:59+00:00\",\"mainEntityOfPage\":{\"@id\":\"https:\\\/\\\/www.bellunopress.it\\\/2026\\\/01\\\/12\\\/festa-di-san-marcello-dal-14-al-18-gennaio-a-umin-di-feltre\\\/\"},\"wordCount\":347,\"publisher\":{\"@id\":\"https:\\\/\\\/www.bellunopress.it\\\/#organization\"},\"image\":{\"@id\":\"https:\\\/\\\/www.bellunopress.it\\\/2026\\\/01\\\/12\\\/festa-di-san-marcello-dal-14-al-18-gennaio-a-umin-di-feltre\\\/#primaryimage\"},\"thumbnailUrl\":\"https:\\\/\\\/www.bellunopress.it\\\/wp-content\\\/uploads\\\/2025\\\/01\\\/Sagra-San-Marcello-Umin-di-Feltre.jpg\",\"articleSection\":[\"Eventi enogastronomici\",\"Pausa Caff\u00e8\"],\"inLanguage\":\"fr-FR\"},{\"@type\":\"WebPage\",\"@id\":\"https:\\\/\\\/www.bellunopress.it\\\/2026\\\/01\\\/12\\\/festa-di-san-marcello-dal-14-al-18-gennaio-a-umin-di-feltre\\\/\",\"url\":\"https:\\\/\\\/www.bellunopress.it\\\/2026\\\/01\\\/12\\\/festa-di-san-marcello-dal-14-al-18-gennaio-a-umin-di-feltre\\\/\",\"name\":\"Festa di San Marcello, dal 14 al 18 gennaio a Umin di Feltre. - Bellunopress - Dolomiti\",\"isPartOf\":{\"@id\":\"https:\\\/\\\/www.bellunopress.it\\\/#website\"},\"primaryImageOfPage\":{\"@id\":\"https:\\\/\\\/www.bellunopress.it\\\/2026\\\/01\\\/12\\\/festa-di-san-marcello-dal-14-al-18-gennaio-a-umin-di-feltre\\\/#primaryimage\"},\"image\":{\"@id\":\"https:\\\/\\\/www.bellunopress.it\\\/2026\\\/01\\\/12\\\/festa-di-san-marcello-dal-14-al-18-gennaio-a-umin-di-feltre\\\/#primaryimage\"},\"thumbnailUrl\":\"https:\\\/\\\/www.bellunopress.it\\\/wp-content\\\/uploads\\\/2025\\\/01\\\/Sagra-San-Marcello-Umin-di-Feltre.jpg\",\"datePublished\":\"2026-01-12T08:55:59+00:00\",\"breadcrumb\":{\"@id\":\"https:\\\/\\\/www.bellunopress.it\\\/2026\\\/01\\\/12\\\/festa-di-san-marcello-dal-14-al-18-gennaio-a-umin-di-feltre\\\/#breadcrumb\"},\"inLanguage\":\"fr-FR\",\"potentialAction\":[{\"@type\":\"ReadAction\",\"target\":[\"https:\\\/\\\/www.bellunopress.it\\\/2026\\\/01\\\/12\\\/festa-di-san-marcello-dal-14-al-18-gennaio-a-umin-di-feltre\\\/\"]}]},{\"@type\":\"ImageObject\",\"inLanguage\":\"fr-FR\",\"@id\":\"https:\\\/\\\/www.bellunopress.it\\\/2026\\\/01\\\/12\\\/festa-di-san-marcello-dal-14-al-18-gennaio-a-umin-di-feltre\\\/#primaryimage\",\"url\":\"https:\\\/\\\/www.bellunopress.it\\\/wp-content\\\/uploads\\\/2025\\\/01\\\/Sagra-San-Marcello-Umin-di-Feltre.jpg\",\"contentUrl\":\"https:\\\/\\\/www.bellunopress.it\\\/wp-content\\\/uploads\\\/2025\\\/01\\\/Sagra-San-Marcello-Umin-di-Feltre.jpg\",\"width\":671,\"height\":212},{\"@type\":\"BreadcrumbList\",\"@id\":\"https:\\\/\\\/www.bellunopress.it\\\/2026\\\/01\\\/12\\\/festa-di-san-marcello-dal-14-al-18-gennaio-a-umin-di-feltre\\\/#breadcrumb\",\"itemListElement\":[{\"@type\":\"ListItem\",\"position\":1,\"name\":\"Home\",\"item\":\"https:\\\/\\\/www.bellunopress.it\\\/\"},{\"@type\":\"ListItem\",\"position\":2,\"name\":\"Festa di San Marcello, dal 14 al 18 gennaio a Umin di Feltre.\"}]},{\"@type\":\"WebSite\",\"@id\":\"https:\\\/\\\/www.bellunopress.it\\\/#website\",\"url\":\"https:\\\/\\\/www.bellunopress.it\\\/\",\"name\":\"Bellunopress - Dolomiti\",\"description\":\"e-mail: redazione@bellunopress.it\",\"publisher\":{\"@id\":\"https:\\\/\\\/www.bellunopress.it\\\/#organization\"},\"potentialAction\":[{\"@type\":\"SearchAction\",\"target\":{\"@type\":\"EntryPoint\",\"urlTemplate\":\"https:\\\/\\\/www.bellunopress.it\\\/?s={search_term_string}\"},\"query-input\":{\"@type\":\"PropertyValueSpecification\",\"valueRequired\":true,\"valueName\":\"search_term_string\"}}],\"inLanguage\":\"fr-FR\"},{\"@type\":\"Organization\",\"@id\":\"https:\\\/\\\/www.bellunopress.it\\\/#organization\",\"name\":\"Bellunopress\",\"url\":\"https:\\\/\\\/www.bellunopress.it\\\/\",\"logo\":{\"@type\":\"ImageObject\",\"inLanguage\":\"fr-FR\",\"@id\":\"https:\\\/\\\/www.bellunopress.it\\\/#\\\/schema\\\/logo\\\/image\\\/\",\"url\":\"https:\\\/\\\/www.bellunopress.it\\\/wp-content\\\/uploads\\\/2011\\\/05\\\/cropped-logo-bellunopress-.jpg\",\"contentUrl\":\"https:\\\/\\\/www.bellunopress.it\\\/wp-content\\\/uploads\\\/2011\\\/05\\\/cropped-logo-bellunopress-.jpg\",\"width\":512,\"height\":512,\"caption\":\"Bellunopress\"},\"image\":{\"@id\":\"https:\\\/\\\/www.bellunopress.it\\\/#\\\/schema\\\/logo\\\/image\\\/\"},\"sameAs\":[\"https:\\\/\\\/www.facebook.com\\\/profile.php?id=100008943462799\",\"https:\\\/\\\/x.com\\\/bellunopress\",\"https:\\\/\\\/www.linkedin.com\\\/hp\\\/?dnr=JBzUWaJfMUw8vbXJJ2tVW5-I3jZKvC4wsoxE&amp;amp;amp;amp;amp;amp;trk=nav_responsive_tab_home\",\"https:\\\/\\\/www.youtube.com\\\/channel\\\/UCxL0wu1uN0_3_7hGG0306cw\"]},{\"@type\":\"Person\",\"@id\":\"https:\\\/\\\/www.bellunopress.it\\\/#\\\/schema\\\/person\\\/79bb06722b37ece1c03d3e94beb30d73\",\"name\":\"redazione\",\"image\":{\"@type\":\"ImageObject\",\"inLanguage\":\"fr-FR\",\"@id\":\"https:\\\/\\\/secure.gravatar.com\\\/avatar\\\/37d968a2e67a6fd04c169c4bdef102d0bc5d31b2546345219e348575eb80e9a0?s=96&d=mm&r=g\",\"url\":\"https:\\\/\\\/secure.gravatar.com\\\/avatar\\\/37d968a2e67a6fd04c169c4bdef102d0bc5d31b2546345219e348575eb80e9a0?s=96&d=mm&r=g\",\"contentUrl\":\"https:\\\/\\\/secure.gravatar.com\\\/avatar\\\/37d968a2e67a6fd04c169c4bdef102d0bc5d31b2546345219e348575eb80e9a0?s=96&d=mm&r=g\",\"caption\":\"redazione\"},\"sameAs\":[\"http:\\\/\\\/www.bellunopress.it\",\"https:\\\/\\\/x.com\\\/bellunopress\"],\"url\":\"https:\\\/\\\/www.bellunopress.it\\\/fr\\\/author\\\/redazione\\\/\"}]}<\/script>\n<!-- \/ Yoast SEO plugin. -->","yoast_head_json":{"title":"Festa di San Marcello, dal 14 al 18 gennaio a Umin di Feltre. - Bellunopress - Dolomiti","robots":{"index":"index","follow":"follow","max-snippet":"max-snippet:-1","max-image-preview":"max-image-preview:large","max-video-preview":"max-video-preview:-1"},"canonical":"https:\/\/www.bellunopress.it\/fr\/2026\/01\/12\/festa-di-san-marcello-dal-14-al-18-gennaio-a-umin-di-feltre\/","og_locale":"fr_FR","og_type":"article","og_title":"Festa di San Marcello, dal 14 al 18 gennaio a Umin di Feltre. - Bellunopress - Dolomiti","og_description":"Appuntamento dedicato a fede, tradizioni e antichi sapori, organizzato dal Gruppo Alpini Villabruna e Associazione Amici del Aasel Dal 14 al 18 gennaio 2026 il capannone riscaldato ospiter\u00e0 cucina tipica bellunese a pranzo e a cena, con la TRIPPA, regina assoluta della festa: viene preparata sia in umido alla parmigiana sia in brodo, per accontentare [&hellip;]","og_url":"https:\/\/www.bellunopress.it\/fr\/2026\/01\/12\/festa-di-san-marcello-dal-14-al-18-gennaio-a-umin-di-feltre\/","og_site_name":"Bellunopress - Dolomiti","article_publisher":"https:\/\/www.facebook.com\/profile.php?id=100008943462799","article_published_time":"2026-01-12T08:55:59+00:00","og_image":[{"width":671,"height":212,"url":"https:\/\/www.bellunopress.it\/wp-content\/uploads\/2025\/01\/Sagra-San-Marcello-Umin-di-Feltre.jpg","type":"image\/jpeg"}],"author":"redazione","twitter_card":"summary_large_image","twitter_creator":"@bellunopress","twitter_site":"@bellunopress","twitter_misc":{"\u00c9crit par":"redazione","Dur\u00e9e de lecture estim\u00e9e":"2 minutes"},"schema":{"@context":"https:\/\/schema.org","@graph":[{"@type":"Article","@id":"https:\/\/www.bellunopress.it\/2026\/01\/12\/festa-di-san-marcello-dal-14-al-18-gennaio-a-umin-di-feltre\/#article","isPartOf":{"@id":"https:\/\/www.bellunopress.it\/2026\/01\/12\/festa-di-san-marcello-dal-14-al-18-gennaio-a-umin-di-feltre\/"},"author":{"name":"redazione","@id":"https:\/\/www.bellunopress.it\/#\/schema\/person\/79bb06722b37ece1c03d3e94beb30d73"},"headline":"Festa di San Marcello, dal 14 al 18 gennaio a Umin di Feltre.","datePublished":"2026-01-12T08:55:59+00:00","mainEntityOfPage":{"@id":"https:\/\/www.bellunopress.it\/2026\/01\/12\/festa-di-san-marcello-dal-14-al-18-gennaio-a-umin-di-feltre\/"},"wordCount":347,"publisher":{"@id":"https:\/\/www.bellunopress.it\/#organization"},"image":{"@id":"https:\/\/www.bellunopress.it\/2026\/01\/12\/festa-di-san-marcello-dal-14-al-18-gennaio-a-umin-di-feltre\/#primaryimage"},"thumbnailUrl":"https:\/\/www.bellunopress.it\/wp-content\/uploads\/2025\/01\/Sagra-San-Marcello-Umin-di-Feltre.jpg","articleSection":["Eventi enogastronomici","Pausa Caff\u00e8"],"inLanguage":"fr-FR"},{"@type":"WebPage","@id":"https:\/\/www.bellunopress.it\/2026\/01\/12\/festa-di-san-marcello-dal-14-al-18-gennaio-a-umin-di-feltre\/","url":"https:\/\/www.bellunopress.it\/2026\/01\/12\/festa-di-san-marcello-dal-14-al-18-gennaio-a-umin-di-feltre\/","name":"Festa di San Marcello, dal 14 al 18 gennaio a Umin di Feltre. - Bellunopress - Dolomiti","isPartOf":{"@id":"https:\/\/www.bellunopress.it\/#website"},"primaryImageOfPage":{"@id":"https:\/\/www.bellunopress.it\/2026\/01\/12\/festa-di-san-marcello-dal-14-al-18-gennaio-a-umin-di-feltre\/#primaryimage"},"image":{"@id":"https:\/\/www.bellunopress.it\/2026\/01\/12\/festa-di-san-marcello-dal-14-al-18-gennaio-a-umin-di-feltre\/#primaryimage"},"thumbnailUrl":"https:\/\/www.bellunopress.it\/wp-content\/uploads\/2025\/01\/Sagra-San-Marcello-Umin-di-Feltre.jpg","datePublished":"2026-01-12T08:55:59+00:00","breadcrumb":{"@id":"https:\/\/www.bellunopress.it\/2026\/01\/12\/festa-di-san-marcello-dal-14-al-18-gennaio-a-umin-di-feltre\/#breadcrumb"},"inLanguage":"fr-FR","potentialAction":[{"@type":"ReadAction","target":["https:\/\/www.bellunopress.it\/2026\/01\/12\/festa-di-san-marcello-dal-14-al-18-gennaio-a-umin-di-feltre\/"]}]},{"@type":"ImageObject","inLanguage":"fr-FR","@id":"https:\/\/www.bellunopress.it\/2026\/01\/12\/festa-di-san-marcello-dal-14-al-18-gennaio-a-umin-di-feltre\/#primaryimage","url":"https:\/\/www.bellunopress.it\/wp-content\/uploads\/2025\/01\/Sagra-San-Marcello-Umin-di-Feltre.jpg","contentUrl":"https:\/\/www.bellunopress.it\/wp-content\/uploads\/2025\/01\/Sagra-San-Marcello-Umin-di-Feltre.jpg","width":671,"height":212},{"@type":"BreadcrumbList","@id":"https:\/\/www.bellunopress.it\/2026\/01\/12\/festa-di-san-marcello-dal-14-al-18-gennaio-a-umin-di-feltre\/#breadcrumb","itemListElement":[{"@type":"ListItem","position":1,"name":"Home","item":"https:\/\/www.bellunopress.it\/"},{"@type":"ListItem","position":2,"name":"Festa di San Marcello, dal 14 al 18 gennaio a Umin di Feltre."}]},{"@type":"WebSite","@id":"https:\/\/www.bellunopress.it\/#website","url":"https:\/\/www.bellunopress.it\/","name":"Bellunopress - Dolomiti","description":"e-mail: redazione@bellunopress.it","publisher":{"@id":"https:\/\/www.bellunopress.it\/#organization"},"potentialAction":[{"@type":"SearchAction","target":{"@type":"EntryPoint","urlTemplate":"https:\/\/www.bellunopress.it\/?s={search_term_string}"},"query-input":{"@type":"PropertyValueSpecification","valueRequired":true,"valueName":"search_term_string"}}],"inLanguage":"fr-FR"},{"@type":"Organization","@id":"https:\/\/www.bellunopress.it\/#organization","name":"Bellunopress","url":"https:\/\/www.bellunopress.it\/","logo":{"@type":"ImageObject","inLanguage":"fr-FR","@id":"https:\/\/www.bellunopress.it\/#\/schema\/logo\/image\/","url":"https:\/\/www.bellunopress.it\/wp-content\/uploads\/2011\/05\/cropped-logo-bellunopress-.jpg","contentUrl":"https:\/\/www.bellunopress.it\/wp-content\/uploads\/2011\/05\/cropped-logo-bellunopress-.jpg","width":512,"height":512,"caption":"Bellunopress"},"image":{"@id":"https:\/\/www.bellunopress.it\/#\/schema\/logo\/image\/"},"sameAs":["https:\/\/www.facebook.com\/profile.php?id=100008943462799","https:\/\/x.com\/bellunopress","https:\/\/www.linkedin.com\/hp\/?dnr=JBzUWaJfMUw8vbXJJ2tVW5-I3jZKvC4wsoxE&amp;amp;amp;amp;amp;amp;trk=nav_responsive_tab_home","https:\/\/www.youtube.com\/channel\/UCxL0wu1uN0_3_7hGG0306cw"]},{"@type":"Person","@id":"https:\/\/www.bellunopress.it\/#\/schema\/person\/79bb06722b37ece1c03d3e94beb30d73","name":"r\u00e9daction","image":{"@type":"ImageObject","inLanguage":"fr-FR","@id":"https:\/\/secure.gravatar.com\/avatar\/37d968a2e67a6fd04c169c4bdef102d0bc5d31b2546345219e348575eb80e9a0?s=96&d=mm&r=g","url":"https:\/\/secure.gravatar.com\/avatar\/37d968a2e67a6fd04c169c4bdef102d0bc5d31b2546345219e348575eb80e9a0?s=96&d=mm&r=g","contentUrl":"https:\/\/secure.gravatar.com\/avatar\/37d968a2e67a6fd04c169c4bdef102d0bc5d31b2546345219e348575eb80e9a0?s=96&d=mm&r=g","caption":"redazione"},"sameAs":["http:\/\/www.bellunopress.it","https:\/\/x.com\/bellunopress"],"url":"https:\/\/www.bellunopress.it\/fr\/author\/redazione\/"}]}},"_links":{"self":[{"href":"https:\/\/www.bellunopress.it\/fr\/wp-json\/wp\/v2\/posts\/166415","targetHints":{"allow":["GET"]}}],"collection":[{"href":"https:\/\/www.bellunopress.it\/fr\/wp-json\/wp\/v2\/posts"}],"about":[{"href":"https:\/\/www.bellunopress.it\/fr\/wp-json\/wp\/v2\/types\/post"}],"author":[{"embeddable":true,"href":"https:\/\/www.bellunopress.it\/fr\/wp-json\/wp\/v2\/users\/2"}],"replies":[{"embeddable":true,"href":"https:\/\/www.bellunopress.it\/fr\/wp-json\/wp\/v2\/comments?post=166415"}],"version-history":[{"count":1,"href":"https:\/\/www.bellunopress.it\/fr\/wp-json\/wp\/v2\/posts\/166415\/revisions"}],"predecessor-version":[{"id":166416,"href":"https:\/\/www.bellunopress.it\/fr\/wp-json\/wp\/v2\/posts\/166415\/revisions\/166416"}],"wp:featuredmedia":[{"embeddable":true,"href":"https:\/\/www.bellunopress.it\/fr\/wp-json\/wp\/v2\/media\/157271"}],"wp:attachment":[{"href":"https:\/\/www.bellunopress.it\/fr\/wp-json\/wp\/v2\/media?parent=166415"}],"wp:term":[{"taxonomy":"category","embeddable":true,"href":"https:\/\/www.bellunopress.it\/fr\/wp-json\/wp\/v2\/categories?post=166415"},{"taxonomy":"post_tag","embeddable":true,"href":"https:\/\/www.bellunopress.it\/fr\/wp-json\/wp\/v2\/tags?post=166415"}],"curies":[{"name":"wp","href":"https:\/\/api.w.org\/{rel}","templated":true}]}}