{"id":166412,"date":"2026-01-12T09:51:28","date_gmt":"2026-01-12T08:51:28","guid":{"rendered":"https:\/\/www.bellunopress.it\/?p=166412"},"modified":"2026-01-12T09:51:28","modified_gmt":"2026-01-12T08:51:28","slug":"pavel-berman-violino-maria-meerovitch-pianoforte-venerdi-al-teatro-buzzati-di-belluno","status":"publish","type":"post","link":"https:\/\/www.bellunopress.it\/fr\/2026\/01\/12\/pavel-berman-violino-maria-meerovitch-pianoforte-venerdi-al-teatro-buzzati-di-belluno\/","title":{"rendered":"Pavel Berman violino, Maria Meerovitch pianoforte, venerd\u00ec al Teatro Buzzati di Belluno"},"content":{"rendered":"<p><strong><img loading=\"lazy\" decoding=\"async\" class=\"aligncenter size-full wp-image-166413\" src=\"https:\/\/www.bellunopress.it\/wp-content\/uploads\/2026\/01\/DUO-BERMAN-MEEROVITCH.jpeg\" alt=\"\" width=\"600\" height=\"399\" srcset=\"https:\/\/www.bellunopress.it\/wp-content\/uploads\/2026\/01\/DUO-BERMAN-MEEROVITCH.jpeg 600w, https:\/\/www.bellunopress.it\/wp-content\/uploads\/2026\/01\/DUO-BERMAN-MEEROVITCH-500x333.jpeg 500w\" sizes=\"auto, (max-width: 600px) 100vw, 600px\" \/>Concerto di inaugurazione della 73a Stagione Concertistica &#8220;Accordi Perfetti&#8221;<\/strong><\/p>\n<p>Per il concerto di inaugurazione della 73ma Stagione, il Circolo Culturale Bellunese ospita a Belluno, venerd\u00ec 16 gennaio 2026, 20:30, Teatro Buzzati, un evento di grande rilievo, con il pluripremiato duo Pavel Berman viuolino e Maria Meerovitch al pianoforte. In programma, Sonata per violino e pianoforte in si bemolle maggiore K. 454 di Mozart, Sonata n. 2 per violino e pianoforte in re maggiore op. 94 bis di Prokof\u2019ev, Baal Shem.<\/p>\n<p>Tre quadri di vita cassidica per violino e pianoforte di Ernest Bloch e Tzigane per violino e pianoforte di Ravel.<br \/>\nEd \u00e8 senza dubbio un inizio anno di eccellenza, che prosegue con il pianista Grigory Sokolov e che d\u00e0 la chiave musicale della Stagione 2026, &#8220;Accordi perfetti&#8221;, con complessivi 23 concerti, 2 conferenze e ben 100 musicisti ospiti, tra solisti, musica da camera e orchestre.<br \/>\nBiglietti, informazioni, note di sala e tutti i concerti e gli eventi della 73a Stagione concertistica sono pubblicati sul sito belcircolo.org, con tutte le informazioni anche per la campagna tesseramento in corso, per rinnovi e nuove adesioni, online e nelle sedi dei concerti.<\/p>\n<p>Virtuoso del violino con una \u201cforza espressiva enormemente densa\u201d, Pavel Berman \u00e8 passato dall\u2019essere un enfant prodige a vincere, a soli 17 anni, la Medaglia d\u2019Argento al Concorso Paganini e a 20 il Primo Premio e la Medaglia d\u2019Oro al il Concorso Internazionale di Violino di Indianapolis, diventando uno dei pi\u00f9 noti e premiati violinisti del panorama internazionale. Oggi \u00e8 presente nelle pi\u00f9 importanti sale di concerto del mondo, come solista, come musicista da camera e con le pi\u00f9 prestigiose orchestre internazionali. \u00c8 inoltre professore al Conservatorio della Svizzera Italiana a Lugano in Svizzera e all\u2019Accademia Perosi di Biella in Italia.<\/p>\n<p>Nata a San Pitroburgo, Maria Meerovitch si laurea con il massimo dei voti e la lode presso il Conservatorio Reale di Anversa, dove ottiene subito la posizione di docente di pianoforte e musica da camera. Premiata in diversi Concorsi Internazionali di Musica da Camera, tiene masterclass in tutto il mondo. Dal 2024, Maria Meerovitch fa parte dell\u2019Accademia Perosi di Biella (Italia) come docente di Pianoforte Solo e Musica da Camera. Nello stesso anno, insieme al suo compagno di scena, il famoso trombettista Sergei Nakariakov, Maria Meerovitch ha fondato \u201cFrequenza Festival\u201d, festival cameristico dedicato a pianoforte, archi e ottoni.<\/p>\n<p>&nbsp;<\/p>","protected":false},"excerpt":{"rendered":"<p>Concerto di inaugurazione della 73a Stagione Concertistica &#8220;Accordi Perfetti&#8221; Per il concerto di inaugurazione della 73ma Stagione, il Circolo Culturale Bellunese ospita a Belluno, venerd\u00ec 16 gennaio 2026, 20:30, Teatro Buzzati, un evento di grande rilievo, con il pluripremiato duo Pavel Berman viuolino e Maria Meerovitch al pianoforte. In programma, Sonata per violino e pianoforte [&hellip;]<\/p>\n","protected":false},"author":2,"featured_media":149981,"comment_status":"closed","ping_status":"open","sticky":false,"template":"","format":"standard","meta":{"footnotes":""},"categories":[27,25],"tags":[],"class_list":["post-166412","post","type-post","status-publish","format-standard","has-post-thumbnail","category-appuntamenti","category-pausa-caffe"],"yoast_head":"<!-- This site is optimized with the Yoast SEO plugin v28.4 - https:\/\/yoast.com\/product\/yoast-seo-wordpress\/ -->\n<title>Pavel Berman violino, Maria Meerovitch pianoforte, venerd\u00ec al Teatro Buzzati di Belluno - Bellunopress - Dolomiti<\/title>\n<meta name=\"robots\" content=\"index, follow, max-snippet:-1, max-image-preview:large, max-video-preview:-1\" \/>\n<link rel=\"canonical\" href=\"https:\/\/www.bellunopress.it\/fr\/2026\/01\/12\/pavel-berman-violino-maria-meerovitch-pianoforte-venerdi-al-teatro-buzzati-di-belluno\/\" \/>\n<meta property=\"og:locale\" content=\"fr_FR\" \/>\n<meta property=\"og:type\" content=\"article\" \/>\n<meta property=\"og:title\" content=\"Pavel Berman violino, Maria Meerovitch pianoforte, venerd\u00ec al Teatro Buzzati di Belluno - Bellunopress - Dolomiti\" \/>\n<meta property=\"og:description\" content=\"Concerto di inaugurazione della 73a Stagione Concertistica &#8220;Accordi Perfetti&#8221; Per il concerto di inaugurazione della 73ma Stagione, il Circolo Culturale Bellunese ospita a Belluno, venerd\u00ec 16 gennaio 2026, 20:30, Teatro Buzzati, un evento di grande rilievo, con il pluripremiato duo Pavel Berman viuolino e Maria Meerovitch al pianoforte. In programma, Sonata per violino e pianoforte [&hellip;]\" \/>\n<meta property=\"og:url\" content=\"https:\/\/www.bellunopress.it\/fr\/2026\/01\/12\/pavel-berman-violino-maria-meerovitch-pianoforte-venerdi-al-teatro-buzzati-di-belluno\/\" \/>\n<meta property=\"og:site_name\" content=\"Bellunopress - Dolomiti\" \/>\n<meta property=\"article:publisher\" content=\"https:\/\/www.facebook.com\/profile.php?id=100008943462799\" \/>\n<meta property=\"article:published_time\" content=\"2026-01-12T08:51:28+00:00\" \/>\n<meta property=\"og:image\" content=\"https:\/\/www.bellunopress.it\/wp-content\/uploads\/2024\/04\/teatro-comunale-3_edited.jpg\" \/>\n\t<meta property=\"og:image:width\" content=\"1000\" \/>\n\t<meta property=\"og:image:height\" content=\"628\" \/>\n\t<meta property=\"og:image:type\" content=\"image\/jpeg\" \/>\n<meta name=\"author\" content=\"redazione\" \/>\n<meta name=\"twitter:card\" content=\"summary_large_image\" \/>\n<meta name=\"twitter:creator\" content=\"@bellunopress\" \/>\n<meta name=\"twitter:site\" content=\"@bellunopress\" \/>\n<meta name=\"twitter:label1\" content=\"\u00c9crit par\" \/>\n\t<meta name=\"twitter:data1\" content=\"redazione\" \/>\n\t<meta name=\"twitter:label2\" content=\"Dur\u00e9e de lecture estim\u00e9e\" \/>\n\t<meta name=\"twitter:data2\" content=\"2 minutes\" \/>\n<script type=\"application\/ld+json\" class=\"yoast-schema-graph\">{\"@context\":\"https:\\\/\\\/schema.org\",\"@graph\":[{\"@type\":\"Article\",\"@id\":\"https:\\\/\\\/www.bellunopress.it\\\/2026\\\/01\\\/12\\\/pavel-berman-violino-maria-meerovitch-pianoforte-venerdi-al-teatro-buzzati-di-belluno\\\/#article\",\"isPartOf\":{\"@id\":\"https:\\\/\\\/www.bellunopress.it\\\/2026\\\/01\\\/12\\\/pavel-berman-violino-maria-meerovitch-pianoforte-venerdi-al-teatro-buzzati-di-belluno\\\/\"},\"author\":{\"name\":\"redazione\",\"@id\":\"https:\\\/\\\/www.bellunopress.it\\\/#\\\/schema\\\/person\\\/79bb06722b37ece1c03d3e94beb30d73\"},\"headline\":\"Pavel Berman violino, Maria Meerovitch pianoforte, venerd\u00ec al Teatro Buzzati di Belluno\",\"datePublished\":\"2026-01-12T08:51:28+00:00\",\"mainEntityOfPage\":{\"@id\":\"https:\\\/\\\/www.bellunopress.it\\\/2026\\\/01\\\/12\\\/pavel-berman-violino-maria-meerovitch-pianoforte-venerdi-al-teatro-buzzati-di-belluno\\\/\"},\"wordCount\":390,\"publisher\":{\"@id\":\"https:\\\/\\\/www.bellunopress.it\\\/#organization\"},\"image\":{\"@id\":\"https:\\\/\\\/www.bellunopress.it\\\/2026\\\/01\\\/12\\\/pavel-berman-violino-maria-meerovitch-pianoforte-venerdi-al-teatro-buzzati-di-belluno\\\/#primaryimage\"},\"thumbnailUrl\":\"https:\\\/\\\/www.bellunopress.it\\\/wp-content\\\/uploads\\\/2024\\\/04\\\/teatro-comunale-3_edited.jpg\",\"articleSection\":[\"Appuntamenti, Eventi\",\"Pausa Caff\u00e8\"],\"inLanguage\":\"fr-FR\"},{\"@type\":\"WebPage\",\"@id\":\"https:\\\/\\\/www.bellunopress.it\\\/2026\\\/01\\\/12\\\/pavel-berman-violino-maria-meerovitch-pianoforte-venerdi-al-teatro-buzzati-di-belluno\\\/\",\"url\":\"https:\\\/\\\/www.bellunopress.it\\\/2026\\\/01\\\/12\\\/pavel-berman-violino-maria-meerovitch-pianoforte-venerdi-al-teatro-buzzati-di-belluno\\\/\",\"name\":\"Pavel Berman violino, Maria Meerovitch pianoforte, venerd\u00ec al Teatro Buzzati di Belluno - Bellunopress - Dolomiti\",\"isPartOf\":{\"@id\":\"https:\\\/\\\/www.bellunopress.it\\\/#website\"},\"primaryImageOfPage\":{\"@id\":\"https:\\\/\\\/www.bellunopress.it\\\/2026\\\/01\\\/12\\\/pavel-berman-violino-maria-meerovitch-pianoforte-venerdi-al-teatro-buzzati-di-belluno\\\/#primaryimage\"},\"image\":{\"@id\":\"https:\\\/\\\/www.bellunopress.it\\\/2026\\\/01\\\/12\\\/pavel-berman-violino-maria-meerovitch-pianoforte-venerdi-al-teatro-buzzati-di-belluno\\\/#primaryimage\"},\"thumbnailUrl\":\"https:\\\/\\\/www.bellunopress.it\\\/wp-content\\\/uploads\\\/2024\\\/04\\\/teatro-comunale-3_edited.jpg\",\"datePublished\":\"2026-01-12T08:51:28+00:00\",\"breadcrumb\":{\"@id\":\"https:\\\/\\\/www.bellunopress.it\\\/2026\\\/01\\\/12\\\/pavel-berman-violino-maria-meerovitch-pianoforte-venerdi-al-teatro-buzzati-di-belluno\\\/#breadcrumb\"},\"inLanguage\":\"fr-FR\",\"potentialAction\":[{\"@type\":\"ReadAction\",\"target\":[\"https:\\\/\\\/www.bellunopress.it\\\/2026\\\/01\\\/12\\\/pavel-berman-violino-maria-meerovitch-pianoforte-venerdi-al-teatro-buzzati-di-belluno\\\/\"]}]},{\"@type\":\"ImageObject\",\"inLanguage\":\"fr-FR\",\"@id\":\"https:\\\/\\\/www.bellunopress.it\\\/2026\\\/01\\\/12\\\/pavel-berman-violino-maria-meerovitch-pianoforte-venerdi-al-teatro-buzzati-di-belluno\\\/#primaryimage\",\"url\":\"https:\\\/\\\/www.bellunopress.it\\\/wp-content\\\/uploads\\\/2024\\\/04\\\/teatro-comunale-3_edited.jpg\",\"contentUrl\":\"https:\\\/\\\/www.bellunopress.it\\\/wp-content\\\/uploads\\\/2024\\\/04\\\/teatro-comunale-3_edited.jpg\",\"width\":1000,\"height\":628,\"caption\":\"Teatro Comunale \\\"Dino Buzzati\\\" di Belluno\"},{\"@type\":\"BreadcrumbList\",\"@id\":\"https:\\\/\\\/www.bellunopress.it\\\/2026\\\/01\\\/12\\\/pavel-berman-violino-maria-meerovitch-pianoforte-venerdi-al-teatro-buzzati-di-belluno\\\/#breadcrumb\",\"itemListElement\":[{\"@type\":\"ListItem\",\"position\":1,\"name\":\"Home\",\"item\":\"https:\\\/\\\/www.bellunopress.it\\\/\"},{\"@type\":\"ListItem\",\"position\":2,\"name\":\"Pavel Berman violino, Maria Meerovitch pianoforte, venerd\u00ec al Teatro Buzzati di Belluno\"}]},{\"@type\":\"WebSite\",\"@id\":\"https:\\\/\\\/www.bellunopress.it\\\/#website\",\"url\":\"https:\\\/\\\/www.bellunopress.it\\\/\",\"name\":\"Bellunopress - Dolomiti\",\"description\":\"e-mail: redazione@bellunopress.it\",\"publisher\":{\"@id\":\"https:\\\/\\\/www.bellunopress.it\\\/#organization\"},\"potentialAction\":[{\"@type\":\"SearchAction\",\"target\":{\"@type\":\"EntryPoint\",\"urlTemplate\":\"https:\\\/\\\/www.bellunopress.it\\\/?s={search_term_string}\"},\"query-input\":{\"@type\":\"PropertyValueSpecification\",\"valueRequired\":true,\"valueName\":\"search_term_string\"}}],\"inLanguage\":\"fr-FR\"},{\"@type\":\"Organization\",\"@id\":\"https:\\\/\\\/www.bellunopress.it\\\/#organization\",\"name\":\"Bellunopress\",\"url\":\"https:\\\/\\\/www.bellunopress.it\\\/\",\"logo\":{\"@type\":\"ImageObject\",\"inLanguage\":\"fr-FR\",\"@id\":\"https:\\\/\\\/www.bellunopress.it\\\/#\\\/schema\\\/logo\\\/image\\\/\",\"url\":\"https:\\\/\\\/www.bellunopress.it\\\/wp-content\\\/uploads\\\/2011\\\/05\\\/cropped-logo-bellunopress-.jpg\",\"contentUrl\":\"https:\\\/\\\/www.bellunopress.it\\\/wp-content\\\/uploads\\\/2011\\\/05\\\/cropped-logo-bellunopress-.jpg\",\"width\":512,\"height\":512,\"caption\":\"Bellunopress\"},\"image\":{\"@id\":\"https:\\\/\\\/www.bellunopress.it\\\/#\\\/schema\\\/logo\\\/image\\\/\"},\"sameAs\":[\"https:\\\/\\\/www.facebook.com\\\/profile.php?id=100008943462799\",\"https:\\\/\\\/x.com\\\/bellunopress\",\"https:\\\/\\\/www.linkedin.com\\\/hp\\\/?dnr=JBzUWaJfMUw8vbXJJ2tVW5-I3jZKvC4wsoxE&amp;amp;amp;amp;amp;amp;trk=nav_responsive_tab_home\",\"https:\\\/\\\/www.youtube.com\\\/channel\\\/UCxL0wu1uN0_3_7hGG0306cw\"]},{\"@type\":\"Person\",\"@id\":\"https:\\\/\\\/www.bellunopress.it\\\/#\\\/schema\\\/person\\\/79bb06722b37ece1c03d3e94beb30d73\",\"name\":\"redazione\",\"image\":{\"@type\":\"ImageObject\",\"inLanguage\":\"fr-FR\",\"@id\":\"https:\\\/\\\/secure.gravatar.com\\\/avatar\\\/37d968a2e67a6fd04c169c4bdef102d0bc5d31b2546345219e348575eb80e9a0?s=96&d=mm&r=g\",\"url\":\"https:\\\/\\\/secure.gravatar.com\\\/avatar\\\/37d968a2e67a6fd04c169c4bdef102d0bc5d31b2546345219e348575eb80e9a0?s=96&d=mm&r=g\",\"contentUrl\":\"https:\\\/\\\/secure.gravatar.com\\\/avatar\\\/37d968a2e67a6fd04c169c4bdef102d0bc5d31b2546345219e348575eb80e9a0?s=96&d=mm&r=g\",\"caption\":\"redazione\"},\"sameAs\":[\"http:\\\/\\\/www.bellunopress.it\",\"https:\\\/\\\/x.com\\\/bellunopress\"],\"url\":\"https:\\\/\\\/www.bellunopress.it\\\/fr\\\/author\\\/redazione\\\/\"}]}<\/script>\n<!-- \/ Yoast SEO plugin. -->","yoast_head_json":{"title":"Pavel Berman violino, Maria Meerovitch pianoforte, venerd\u00ec al Teatro Buzzati di Belluno - Bellunopress - Dolomiti","robots":{"index":"index","follow":"follow","max-snippet":"max-snippet:-1","max-image-preview":"max-image-preview:large","max-video-preview":"max-video-preview:-1"},"canonical":"https:\/\/www.bellunopress.it\/fr\/2026\/01\/12\/pavel-berman-violino-maria-meerovitch-pianoforte-venerdi-al-teatro-buzzati-di-belluno\/","og_locale":"fr_FR","og_type":"article","og_title":"Pavel Berman violino, Maria Meerovitch pianoforte, venerd\u00ec al Teatro Buzzati di Belluno - Bellunopress - Dolomiti","og_description":"Concerto di inaugurazione della 73a Stagione Concertistica &#8220;Accordi Perfetti&#8221; Per il concerto di inaugurazione della 73ma Stagione, il Circolo Culturale Bellunese ospita a Belluno, venerd\u00ec 16 gennaio 2026, 20:30, Teatro Buzzati, un evento di grande rilievo, con il pluripremiato duo Pavel Berman viuolino e Maria Meerovitch al pianoforte. In programma, Sonata per violino e pianoforte [&hellip;]","og_url":"https:\/\/www.bellunopress.it\/fr\/2026\/01\/12\/pavel-berman-violino-maria-meerovitch-pianoforte-venerdi-al-teatro-buzzati-di-belluno\/","og_site_name":"Bellunopress - Dolomiti","article_publisher":"https:\/\/www.facebook.com\/profile.php?id=100008943462799","article_published_time":"2026-01-12T08:51:28+00:00","og_image":[{"width":1000,"height":628,"url":"https:\/\/www.bellunopress.it\/wp-content\/uploads\/2024\/04\/teatro-comunale-3_edited.jpg","type":"image\/jpeg"}],"author":"redazione","twitter_card":"summary_large_image","twitter_creator":"@bellunopress","twitter_site":"@bellunopress","twitter_misc":{"\u00c9crit par":"redazione","Dur\u00e9e de lecture estim\u00e9e":"2 minutes"},"schema":{"@context":"https:\/\/schema.org","@graph":[{"@type":"Article","@id":"https:\/\/www.bellunopress.it\/2026\/01\/12\/pavel-berman-violino-maria-meerovitch-pianoforte-venerdi-al-teatro-buzzati-di-belluno\/#article","isPartOf":{"@id":"https:\/\/www.bellunopress.it\/2026\/01\/12\/pavel-berman-violino-maria-meerovitch-pianoforte-venerdi-al-teatro-buzzati-di-belluno\/"},"author":{"name":"redazione","@id":"https:\/\/www.bellunopress.it\/#\/schema\/person\/79bb06722b37ece1c03d3e94beb30d73"},"headline":"Pavel Berman violino, Maria Meerovitch pianoforte, venerd\u00ec al Teatro Buzzati di Belluno","datePublished":"2026-01-12T08:51:28+00:00","mainEntityOfPage":{"@id":"https:\/\/www.bellunopress.it\/2026\/01\/12\/pavel-berman-violino-maria-meerovitch-pianoforte-venerdi-al-teatro-buzzati-di-belluno\/"},"wordCount":390,"publisher":{"@id":"https:\/\/www.bellunopress.it\/#organization"},"image":{"@id":"https:\/\/www.bellunopress.it\/2026\/01\/12\/pavel-berman-violino-maria-meerovitch-pianoforte-venerdi-al-teatro-buzzati-di-belluno\/#primaryimage"},"thumbnailUrl":"https:\/\/www.bellunopress.it\/wp-content\/uploads\/2024\/04\/teatro-comunale-3_edited.jpg","articleSection":["Appuntamenti, Eventi","Pausa Caff\u00e8"],"inLanguage":"fr-FR"},{"@type":"WebPage","@id":"https:\/\/www.bellunopress.it\/2026\/01\/12\/pavel-berman-violino-maria-meerovitch-pianoforte-venerdi-al-teatro-buzzati-di-belluno\/","url":"https:\/\/www.bellunopress.it\/2026\/01\/12\/pavel-berman-violino-maria-meerovitch-pianoforte-venerdi-al-teatro-buzzati-di-belluno\/","name":"Pavel Berman violino, Maria Meerovitch pianoforte, venerd\u00ec al Teatro Buzzati di Belluno - Bellunopress - Dolomiti","isPartOf":{"@id":"https:\/\/www.bellunopress.it\/#website"},"primaryImageOfPage":{"@id":"https:\/\/www.bellunopress.it\/2026\/01\/12\/pavel-berman-violino-maria-meerovitch-pianoforte-venerdi-al-teatro-buzzati-di-belluno\/#primaryimage"},"image":{"@id":"https:\/\/www.bellunopress.it\/2026\/01\/12\/pavel-berman-violino-maria-meerovitch-pianoforte-venerdi-al-teatro-buzzati-di-belluno\/#primaryimage"},"thumbnailUrl":"https:\/\/www.bellunopress.it\/wp-content\/uploads\/2024\/04\/teatro-comunale-3_edited.jpg","datePublished":"2026-01-12T08:51:28+00:00","breadcrumb":{"@id":"https:\/\/www.bellunopress.it\/2026\/01\/12\/pavel-berman-violino-maria-meerovitch-pianoforte-venerdi-al-teatro-buzzati-di-belluno\/#breadcrumb"},"inLanguage":"fr-FR","potentialAction":[{"@type":"ReadAction","target":["https:\/\/www.bellunopress.it\/2026\/01\/12\/pavel-berman-violino-maria-meerovitch-pianoforte-venerdi-al-teatro-buzzati-di-belluno\/"]}]},{"@type":"ImageObject","inLanguage":"fr-FR","@id":"https:\/\/www.bellunopress.it\/2026\/01\/12\/pavel-berman-violino-maria-meerovitch-pianoforte-venerdi-al-teatro-buzzati-di-belluno\/#primaryimage","url":"https:\/\/www.bellunopress.it\/wp-content\/uploads\/2024\/04\/teatro-comunale-3_edited.jpg","contentUrl":"https:\/\/www.bellunopress.it\/wp-content\/uploads\/2024\/04\/teatro-comunale-3_edited.jpg","width":1000,"height":628,"caption":"Teatro Comunale \"Dino Buzzati\" di Belluno"},{"@type":"BreadcrumbList","@id":"https:\/\/www.bellunopress.it\/2026\/01\/12\/pavel-berman-violino-maria-meerovitch-pianoforte-venerdi-al-teatro-buzzati-di-belluno\/#breadcrumb","itemListElement":[{"@type":"ListItem","position":1,"name":"Home","item":"https:\/\/www.bellunopress.it\/"},{"@type":"ListItem","position":2,"name":"Pavel Berman violino, Maria Meerovitch pianoforte, venerd\u00ec al Teatro Buzzati di Belluno"}]},{"@type":"WebSite","@id":"https:\/\/www.bellunopress.it\/#website","url":"https:\/\/www.bellunopress.it\/","name":"Bellunopress - Dolomiti","description":"e-mail: redazione@bellunopress.it","publisher":{"@id":"https:\/\/www.bellunopress.it\/#organization"},"potentialAction":[{"@type":"SearchAction","target":{"@type":"EntryPoint","urlTemplate":"https:\/\/www.bellunopress.it\/?s={search_term_string}"},"query-input":{"@type":"PropertyValueSpecification","valueRequired":true,"valueName":"search_term_string"}}],"inLanguage":"fr-FR"},{"@type":"Organization","@id":"https:\/\/www.bellunopress.it\/#organization","name":"Bellunopress","url":"https:\/\/www.bellunopress.it\/","logo":{"@type":"ImageObject","inLanguage":"fr-FR","@id":"https:\/\/www.bellunopress.it\/#\/schema\/logo\/image\/","url":"https:\/\/www.bellunopress.it\/wp-content\/uploads\/2011\/05\/cropped-logo-bellunopress-.jpg","contentUrl":"https:\/\/www.bellunopress.it\/wp-content\/uploads\/2011\/05\/cropped-logo-bellunopress-.jpg","width":512,"height":512,"caption":"Bellunopress"},"image":{"@id":"https:\/\/www.bellunopress.it\/#\/schema\/logo\/image\/"},"sameAs":["https:\/\/www.facebook.com\/profile.php?id=100008943462799","https:\/\/x.com\/bellunopress","https:\/\/www.linkedin.com\/hp\/?dnr=JBzUWaJfMUw8vbXJJ2tVW5-I3jZKvC4wsoxE&amp;amp;amp;amp;amp;amp;trk=nav_responsive_tab_home","https:\/\/www.youtube.com\/channel\/UCxL0wu1uN0_3_7hGG0306cw"]},{"@type":"Person","@id":"https:\/\/www.bellunopress.it\/#\/schema\/person\/79bb06722b37ece1c03d3e94beb30d73","name":"r\u00e9daction","image":{"@type":"ImageObject","inLanguage":"fr-FR","@id":"https:\/\/secure.gravatar.com\/avatar\/37d968a2e67a6fd04c169c4bdef102d0bc5d31b2546345219e348575eb80e9a0?s=96&d=mm&r=g","url":"https:\/\/secure.gravatar.com\/avatar\/37d968a2e67a6fd04c169c4bdef102d0bc5d31b2546345219e348575eb80e9a0?s=96&d=mm&r=g","contentUrl":"https:\/\/secure.gravatar.com\/avatar\/37d968a2e67a6fd04c169c4bdef102d0bc5d31b2546345219e348575eb80e9a0?s=96&d=mm&r=g","caption":"redazione"},"sameAs":["http:\/\/www.bellunopress.it","https:\/\/x.com\/bellunopress"],"url":"https:\/\/www.bellunopress.it\/fr\/author\/redazione\/"}]}},"_links":{"self":[{"href":"https:\/\/www.bellunopress.it\/fr\/wp-json\/wp\/v2\/posts\/166412","targetHints":{"allow":["GET"]}}],"collection":[{"href":"https:\/\/www.bellunopress.it\/fr\/wp-json\/wp\/v2\/posts"}],"about":[{"href":"https:\/\/www.bellunopress.it\/fr\/wp-json\/wp\/v2\/types\/post"}],"author":[{"embeddable":true,"href":"https:\/\/www.bellunopress.it\/fr\/wp-json\/wp\/v2\/users\/2"}],"replies":[{"embeddable":true,"href":"https:\/\/www.bellunopress.it\/fr\/wp-json\/wp\/v2\/comments?post=166412"}],"version-history":[{"count":1,"href":"https:\/\/www.bellunopress.it\/fr\/wp-json\/wp\/v2\/posts\/166412\/revisions"}],"predecessor-version":[{"id":166414,"href":"https:\/\/www.bellunopress.it\/fr\/wp-json\/wp\/v2\/posts\/166412\/revisions\/166414"}],"wp:featuredmedia":[{"embeddable":true,"href":"https:\/\/www.bellunopress.it\/fr\/wp-json\/wp\/v2\/media\/149981"}],"wp:attachment":[{"href":"https:\/\/www.bellunopress.it\/fr\/wp-json\/wp\/v2\/media?parent=166412"}],"wp:term":[{"taxonomy":"category","embeddable":true,"href":"https:\/\/www.bellunopress.it\/fr\/wp-json\/wp\/v2\/categories?post=166412"},{"taxonomy":"post_tag","embeddable":true,"href":"https:\/\/www.bellunopress.it\/fr\/wp-json\/wp\/v2\/tags?post=166412"}],"curies":[{"name":"wp","href":"https:\/\/api.w.org\/{rel}","templated":true}]}}