{"id":166410,"date":"2026-01-12T09:44:03","date_gmt":"2026-01-12T08:44:03","guid":{"rendered":"https:\/\/www.bellunopress.it\/?p=166410"},"modified":"2026-01-12T09:44:03","modified_gmt":"2026-01-12T08:44:03","slug":"tra-le-righe-con-una-storia-di-rinascita-valentina-cibien-presenta-un-destino-da-raggiungere","status":"publish","type":"post","link":"https:\/\/www.bellunopress.it\/fr\/2026\/01\/12\/tra-le-righe-con-una-storia-di-rinascita-valentina-cibien-presenta-un-destino-da-raggiungere\/","title":{"rendered":"Tra le righe con\u201d\u2026 una storia di rinascita: Valentina Cibien presenta \u201cUn destino da raggiungere\u201d"},"content":{"rendered":"<p><img loading=\"lazy\" decoding=\"async\" class=\"aligncenter size-full wp-image-156993\" src=\"https:\/\/www.bellunopress.it\/wp-content\/uploads\/2025\/01\/Un-destino-da-raggiungere-Valentina-Cibien.jpg\" alt=\"\" width=\"390\" height=\"568\" srcset=\"https:\/\/www.bellunopress.it\/wp-content\/uploads\/2025\/01\/Un-destino-da-raggiungere-Valentina-Cibien.jpg 390w, https:\/\/www.bellunopress.it\/wp-content\/uploads\/2025\/01\/Un-destino-da-raggiungere-Valentina-Cibien-343x500.jpg 343w, https:\/\/www.bellunopress.it\/wp-content\/uploads\/2025\/01\/Un-destino-da-raggiungere-Valentina-Cibien-288x420.jpg 288w\" sizes=\"auto, (max-width: 390px) 100vw, 390px\" \/>C\u2019\u00e8 un momento, nelle vite di molte persone, in cui la routine si incrina e costringe a guardarsi dentro. \u00c8 da quella crepa che nasce \u201cUn destino da raggiungere\u201d: il libro di Valentina Cibien verr\u00e0 presentato venerd\u00ec 16 gennaio, alle ore 18, al Polo culturale di Sedico, all\u2019interno della rassegna \u201cTra le righe con\u201d, ideata da Barbara Chiarand\u00e0 e Martino Fogliato.<\/p>\n<p>Un appuntamento a ingresso libero, con il patrocinio del Comune di Sedico, che si annuncia come un\u2019occasione non solo letteraria, ma profondamente umana.<\/p>\n<p>Il libro racconta la storia di Azzurra e Riccardo, una coppia con due figli e una vita che sembra scorrere secondo un equilibrio ormai rodato. Ma l\u2019arrivo di Alex rompe quella quiete apparente e innesca una frattura che spinge la protagonista in un intenso viaggio interiore. Azzurra si ritrova cos\u00ec a interrogare se stessa, il proprio matrimonio e le scelte fatte, fino ad avviare un percorso di trasformazione che la porter\u00e0 a cambiare stile di vita, prospettive e persino citt\u00e0. Resta una domanda che accompagna il lettore fino all\u2019ultima pagina: quale destino la attende davvero?<\/p>\n<p>Dietro la trama si muove una voce che nasce dall\u2019esperienza personale. Per Valentina Cibien la scrittura non \u00e8 solo narrazione, ma testimonianza e riscatto, un modo per trasformare il dolore in parola e la fragilit\u00e0 in forza. Un percorso che si riflette nelle pagine del romanzo, dove la sofferenza diventa motore di cambiamento e la ricerca di s\u00e9 si fa racconto condiviso.<\/p>\n<p>A dialogare con l\u2019autrice sar\u00e0 Edoardo Comiotto, chiamato a guidare il pubblico nelle pieghe di una storia che parla di crisi, di scelte e di rinascita, temi universali che toccano la vita di molte persone.<\/p>\n<p>Ancora una volta, la rassegna \u201cTra le righe con\u201d si conferma uno spazio di incontro tra libri e vissuti, dove la letteratura diventa uno strumento per comprendere meglio se stessi e gli altri. A Sedico, venerd\u00ec sera, le parole di \u201cUn destino da raggiungere\u201d proveranno a fare proprio questo: aprire uno spiraglio e indicare una strada.<\/p>","protected":false},"excerpt":{"rendered":"<p>C\u2019\u00e8 un momento, nelle vite di molte persone, in cui la routine si incrina e costringe a guardarsi dentro. \u00c8 da quella crepa che nasce \u201cUn destino da raggiungere\u201d: il libro di Valentina Cibien verr\u00e0 presentato venerd\u00ec 16 gennaio, alle ore 18, al Polo culturale di Sedico, all\u2019interno della rassegna \u201cTra le righe con\u201d, ideata [&hellip;]<\/p>\n","protected":false},"author":2,"featured_media":156993,"comment_status":"closed","ping_status":"open","sticky":false,"template":"","format":"standard","meta":{"footnotes":""},"categories":[27],"tags":[],"class_list":["post-166410","post","type-post","status-publish","format-standard","has-post-thumbnail","category-appuntamenti"],"yoast_head":"<!-- This site is optimized with the Yoast SEO plugin v28.4 - https:\/\/yoast.com\/product\/yoast-seo-wordpress\/ -->\n<title>Tra le righe con\u201d\u2026 una storia di rinascita: Valentina Cibien presenta \u201cUn destino da raggiungere\u201d - Bellunopress - Dolomiti<\/title>\n<meta name=\"robots\" content=\"index, follow, max-snippet:-1, max-image-preview:large, max-video-preview:-1\" \/>\n<link rel=\"canonical\" href=\"https:\/\/www.bellunopress.it\/fr\/2026\/01\/12\/tra-le-righe-con-una-storia-di-rinascita-valentina-cibien-presenta-un-destino-da-raggiungere\/\" \/>\n<meta property=\"og:locale\" content=\"fr_FR\" \/>\n<meta property=\"og:type\" content=\"article\" \/>\n<meta property=\"og:title\" content=\"Tra le righe con\u201d\u2026 una storia di rinascita: Valentina Cibien presenta \u201cUn destino da raggiungere\u201d - Bellunopress - Dolomiti\" \/>\n<meta property=\"og:description\" content=\"C\u2019\u00e8 un momento, nelle vite di molte persone, in cui la routine si incrina e costringe a guardarsi dentro. \u00c8 da quella crepa che nasce \u201cUn destino da raggiungere\u201d: il libro di Valentina Cibien verr\u00e0 presentato venerd\u00ec 16 gennaio, alle ore 18, al Polo culturale di Sedico, all\u2019interno della rassegna \u201cTra le righe con\u201d, ideata [&hellip;]\" \/>\n<meta property=\"og:url\" content=\"https:\/\/www.bellunopress.it\/fr\/2026\/01\/12\/tra-le-righe-con-una-storia-di-rinascita-valentina-cibien-presenta-un-destino-da-raggiungere\/\" \/>\n<meta property=\"og:site_name\" content=\"Bellunopress - Dolomiti\" \/>\n<meta property=\"article:publisher\" content=\"https:\/\/www.facebook.com\/profile.php?id=100008943462799\" \/>\n<meta property=\"article:published_time\" content=\"2026-01-12T08:44:03+00:00\" \/>\n<meta property=\"og:image\" content=\"https:\/\/www.bellunopress.it\/wp-content\/uploads\/2025\/01\/Un-destino-da-raggiungere-Valentina-Cibien.jpg\" \/>\n\t<meta property=\"og:image:width\" content=\"390\" \/>\n\t<meta property=\"og:image:height\" content=\"568\" \/>\n\t<meta property=\"og:image:type\" content=\"image\/jpeg\" \/>\n<meta name=\"author\" content=\"redazione\" \/>\n<meta name=\"twitter:card\" content=\"summary_large_image\" \/>\n<meta name=\"twitter:creator\" content=\"@bellunopress\" \/>\n<meta name=\"twitter:site\" content=\"@bellunopress\" \/>\n<meta name=\"twitter:label1\" content=\"\u00c9crit par\" \/>\n\t<meta name=\"twitter:data1\" content=\"redazione\" \/>\n\t<meta name=\"twitter:label2\" content=\"Dur\u00e9e de lecture estim\u00e9e\" \/>\n\t<meta name=\"twitter:data2\" content=\"2 minutes\" \/>\n<script type=\"application\/ld+json\" class=\"yoast-schema-graph\">{\"@context\":\"https:\\\/\\\/schema.org\",\"@graph\":[{\"@type\":\"Article\",\"@id\":\"https:\\\/\\\/www.bellunopress.it\\\/2026\\\/01\\\/12\\\/tra-le-righe-con-una-storia-di-rinascita-valentina-cibien-presenta-un-destino-da-raggiungere\\\/#article\",\"isPartOf\":{\"@id\":\"https:\\\/\\\/www.bellunopress.it\\\/2026\\\/01\\\/12\\\/tra-le-righe-con-una-storia-di-rinascita-valentina-cibien-presenta-un-destino-da-raggiungere\\\/\"},\"author\":{\"name\":\"redazione\",\"@id\":\"https:\\\/\\\/www.bellunopress.it\\\/#\\\/schema\\\/person\\\/79bb06722b37ece1c03d3e94beb30d73\"},\"headline\":\"Tra le righe con\u201d\u2026 una storia di rinascita: Valentina Cibien presenta \u201cUn destino da raggiungere\u201d\",\"datePublished\":\"2026-01-12T08:44:03+00:00\",\"mainEntityOfPage\":{\"@id\":\"https:\\\/\\\/www.bellunopress.it\\\/2026\\\/01\\\/12\\\/tra-le-righe-con-una-storia-di-rinascita-valentina-cibien-presenta-un-destino-da-raggiungere\\\/\"},\"wordCount\":349,\"publisher\":{\"@id\":\"https:\\\/\\\/www.bellunopress.it\\\/#organization\"},\"image\":{\"@id\":\"https:\\\/\\\/www.bellunopress.it\\\/2026\\\/01\\\/12\\\/tra-le-righe-con-una-storia-di-rinascita-valentina-cibien-presenta-un-destino-da-raggiungere\\\/#primaryimage\"},\"thumbnailUrl\":\"https:\\\/\\\/www.bellunopress.it\\\/wp-content\\\/uploads\\\/2025\\\/01\\\/Un-destino-da-raggiungere-Valentina-Cibien.jpg\",\"articleSection\":[\"Appuntamenti, Eventi\"],\"inLanguage\":\"fr-FR\"},{\"@type\":\"WebPage\",\"@id\":\"https:\\\/\\\/www.bellunopress.it\\\/2026\\\/01\\\/12\\\/tra-le-righe-con-una-storia-di-rinascita-valentina-cibien-presenta-un-destino-da-raggiungere\\\/\",\"url\":\"https:\\\/\\\/www.bellunopress.it\\\/2026\\\/01\\\/12\\\/tra-le-righe-con-una-storia-di-rinascita-valentina-cibien-presenta-un-destino-da-raggiungere\\\/\",\"name\":\"Tra le righe con\u201d\u2026 una storia di rinascita: Valentina Cibien presenta \u201cUn destino da raggiungere\u201d - Bellunopress - Dolomiti\",\"isPartOf\":{\"@id\":\"https:\\\/\\\/www.bellunopress.it\\\/#website\"},\"primaryImageOfPage\":{\"@id\":\"https:\\\/\\\/www.bellunopress.it\\\/2026\\\/01\\\/12\\\/tra-le-righe-con-una-storia-di-rinascita-valentina-cibien-presenta-un-destino-da-raggiungere\\\/#primaryimage\"},\"image\":{\"@id\":\"https:\\\/\\\/www.bellunopress.it\\\/2026\\\/01\\\/12\\\/tra-le-righe-con-una-storia-di-rinascita-valentina-cibien-presenta-un-destino-da-raggiungere\\\/#primaryimage\"},\"thumbnailUrl\":\"https:\\\/\\\/www.bellunopress.it\\\/wp-content\\\/uploads\\\/2025\\\/01\\\/Un-destino-da-raggiungere-Valentina-Cibien.jpg\",\"datePublished\":\"2026-01-12T08:44:03+00:00\",\"breadcrumb\":{\"@id\":\"https:\\\/\\\/www.bellunopress.it\\\/2026\\\/01\\\/12\\\/tra-le-righe-con-una-storia-di-rinascita-valentina-cibien-presenta-un-destino-da-raggiungere\\\/#breadcrumb\"},\"inLanguage\":\"fr-FR\",\"potentialAction\":[{\"@type\":\"ReadAction\",\"target\":[\"https:\\\/\\\/www.bellunopress.it\\\/2026\\\/01\\\/12\\\/tra-le-righe-con-una-storia-di-rinascita-valentina-cibien-presenta-un-destino-da-raggiungere\\\/\"]}]},{\"@type\":\"ImageObject\",\"inLanguage\":\"fr-FR\",\"@id\":\"https:\\\/\\\/www.bellunopress.it\\\/2026\\\/01\\\/12\\\/tra-le-righe-con-una-storia-di-rinascita-valentina-cibien-presenta-un-destino-da-raggiungere\\\/#primaryimage\",\"url\":\"https:\\\/\\\/www.bellunopress.it\\\/wp-content\\\/uploads\\\/2025\\\/01\\\/Un-destino-da-raggiungere-Valentina-Cibien.jpg\",\"contentUrl\":\"https:\\\/\\\/www.bellunopress.it\\\/wp-content\\\/uploads\\\/2025\\\/01\\\/Un-destino-da-raggiungere-Valentina-Cibien.jpg\",\"width\":390,\"height\":568},{\"@type\":\"BreadcrumbList\",\"@id\":\"https:\\\/\\\/www.bellunopress.it\\\/2026\\\/01\\\/12\\\/tra-le-righe-con-una-storia-di-rinascita-valentina-cibien-presenta-un-destino-da-raggiungere\\\/#breadcrumb\",\"itemListElement\":[{\"@type\":\"ListItem\",\"position\":1,\"name\":\"Home\",\"item\":\"https:\\\/\\\/www.bellunopress.it\\\/\"},{\"@type\":\"ListItem\",\"position\":2,\"name\":\"Tra le righe con\u201d\u2026 una storia di rinascita: Valentina Cibien presenta \u201cUn destino da raggiungere\u201d\"}]},{\"@type\":\"WebSite\",\"@id\":\"https:\\\/\\\/www.bellunopress.it\\\/#website\",\"url\":\"https:\\\/\\\/www.bellunopress.it\\\/\",\"name\":\"Bellunopress - Dolomiti\",\"description\":\"e-mail: redazione@bellunopress.it\",\"publisher\":{\"@id\":\"https:\\\/\\\/www.bellunopress.it\\\/#organization\"},\"potentialAction\":[{\"@type\":\"SearchAction\",\"target\":{\"@type\":\"EntryPoint\",\"urlTemplate\":\"https:\\\/\\\/www.bellunopress.it\\\/?s={search_term_string}\"},\"query-input\":{\"@type\":\"PropertyValueSpecification\",\"valueRequired\":true,\"valueName\":\"search_term_string\"}}],\"inLanguage\":\"fr-FR\"},{\"@type\":\"Organization\",\"@id\":\"https:\\\/\\\/www.bellunopress.it\\\/#organization\",\"name\":\"Bellunopress\",\"url\":\"https:\\\/\\\/www.bellunopress.it\\\/\",\"logo\":{\"@type\":\"ImageObject\",\"inLanguage\":\"fr-FR\",\"@id\":\"https:\\\/\\\/www.bellunopress.it\\\/#\\\/schema\\\/logo\\\/image\\\/\",\"url\":\"https:\\\/\\\/www.bellunopress.it\\\/wp-content\\\/uploads\\\/2011\\\/05\\\/cropped-logo-bellunopress-.jpg\",\"contentUrl\":\"https:\\\/\\\/www.bellunopress.it\\\/wp-content\\\/uploads\\\/2011\\\/05\\\/cropped-logo-bellunopress-.jpg\",\"width\":512,\"height\":512,\"caption\":\"Bellunopress\"},\"image\":{\"@id\":\"https:\\\/\\\/www.bellunopress.it\\\/#\\\/schema\\\/logo\\\/image\\\/\"},\"sameAs\":[\"https:\\\/\\\/www.facebook.com\\\/profile.php?id=100008943462799\",\"https:\\\/\\\/x.com\\\/bellunopress\",\"https:\\\/\\\/www.linkedin.com\\\/hp\\\/?dnr=JBzUWaJfMUw8vbXJJ2tVW5-I3jZKvC4wsoxE&amp;amp;amp;amp;amp;amp;trk=nav_responsive_tab_home\",\"https:\\\/\\\/www.youtube.com\\\/channel\\\/UCxL0wu1uN0_3_7hGG0306cw\"]},{\"@type\":\"Person\",\"@id\":\"https:\\\/\\\/www.bellunopress.it\\\/#\\\/schema\\\/person\\\/79bb06722b37ece1c03d3e94beb30d73\",\"name\":\"redazione\",\"image\":{\"@type\":\"ImageObject\",\"inLanguage\":\"fr-FR\",\"@id\":\"https:\\\/\\\/secure.gravatar.com\\\/avatar\\\/37d968a2e67a6fd04c169c4bdef102d0bc5d31b2546345219e348575eb80e9a0?s=96&d=mm&r=g\",\"url\":\"https:\\\/\\\/secure.gravatar.com\\\/avatar\\\/37d968a2e67a6fd04c169c4bdef102d0bc5d31b2546345219e348575eb80e9a0?s=96&d=mm&r=g\",\"contentUrl\":\"https:\\\/\\\/secure.gravatar.com\\\/avatar\\\/37d968a2e67a6fd04c169c4bdef102d0bc5d31b2546345219e348575eb80e9a0?s=96&d=mm&r=g\",\"caption\":\"redazione\"},\"sameAs\":[\"http:\\\/\\\/www.bellunopress.it\",\"https:\\\/\\\/x.com\\\/bellunopress\"],\"url\":\"https:\\\/\\\/www.bellunopress.it\\\/fr\\\/author\\\/redazione\\\/\"}]}<\/script>\n<!-- \/ Yoast SEO plugin. -->","yoast_head_json":{"title":"Tra le righe con\u201d\u2026 una storia di rinascita: Valentina Cibien presenta \u201cUn destino da raggiungere\u201d - Bellunopress - Dolomiti","robots":{"index":"index","follow":"follow","max-snippet":"max-snippet:-1","max-image-preview":"max-image-preview:large","max-video-preview":"max-video-preview:-1"},"canonical":"https:\/\/www.bellunopress.it\/fr\/2026\/01\/12\/tra-le-righe-con-una-storia-di-rinascita-valentina-cibien-presenta-un-destino-da-raggiungere\/","og_locale":"fr_FR","og_type":"article","og_title":"Tra le righe con\u201d\u2026 una storia di rinascita: Valentina Cibien presenta \u201cUn destino da raggiungere\u201d - Bellunopress - Dolomiti","og_description":"C\u2019\u00e8 un momento, nelle vite di molte persone, in cui la routine si incrina e costringe a guardarsi dentro. \u00c8 da quella crepa che nasce \u201cUn destino da raggiungere\u201d: il libro di Valentina Cibien verr\u00e0 presentato venerd\u00ec 16 gennaio, alle ore 18, al Polo culturale di Sedico, all\u2019interno della rassegna \u201cTra le righe con\u201d, ideata [&hellip;]","og_url":"https:\/\/www.bellunopress.it\/fr\/2026\/01\/12\/tra-le-righe-con-una-storia-di-rinascita-valentina-cibien-presenta-un-destino-da-raggiungere\/","og_site_name":"Bellunopress - Dolomiti","article_publisher":"https:\/\/www.facebook.com\/profile.php?id=100008943462799","article_published_time":"2026-01-12T08:44:03+00:00","og_image":[{"width":390,"height":568,"url":"https:\/\/www.bellunopress.it\/wp-content\/uploads\/2025\/01\/Un-destino-da-raggiungere-Valentina-Cibien.jpg","type":"image\/jpeg"}],"author":"redazione","twitter_card":"summary_large_image","twitter_creator":"@bellunopress","twitter_site":"@bellunopress","twitter_misc":{"\u00c9crit par":"redazione","Dur\u00e9e de lecture estim\u00e9e":"2 minutes"},"schema":{"@context":"https:\/\/schema.org","@graph":[{"@type":"Article","@id":"https:\/\/www.bellunopress.it\/2026\/01\/12\/tra-le-righe-con-una-storia-di-rinascita-valentina-cibien-presenta-un-destino-da-raggiungere\/#article","isPartOf":{"@id":"https:\/\/www.bellunopress.it\/2026\/01\/12\/tra-le-righe-con-una-storia-di-rinascita-valentina-cibien-presenta-un-destino-da-raggiungere\/"},"author":{"name":"redazione","@id":"https:\/\/www.bellunopress.it\/#\/schema\/person\/79bb06722b37ece1c03d3e94beb30d73"},"headline":"Tra le righe con\u201d\u2026 una storia di rinascita: Valentina Cibien presenta \u201cUn destino da raggiungere\u201d","datePublished":"2026-01-12T08:44:03+00:00","mainEntityOfPage":{"@id":"https:\/\/www.bellunopress.it\/2026\/01\/12\/tra-le-righe-con-una-storia-di-rinascita-valentina-cibien-presenta-un-destino-da-raggiungere\/"},"wordCount":349,"publisher":{"@id":"https:\/\/www.bellunopress.it\/#organization"},"image":{"@id":"https:\/\/www.bellunopress.it\/2026\/01\/12\/tra-le-righe-con-una-storia-di-rinascita-valentina-cibien-presenta-un-destino-da-raggiungere\/#primaryimage"},"thumbnailUrl":"https:\/\/www.bellunopress.it\/wp-content\/uploads\/2025\/01\/Un-destino-da-raggiungere-Valentina-Cibien.jpg","articleSection":["Appuntamenti, Eventi"],"inLanguage":"fr-FR"},{"@type":"WebPage","@id":"https:\/\/www.bellunopress.it\/2026\/01\/12\/tra-le-righe-con-una-storia-di-rinascita-valentina-cibien-presenta-un-destino-da-raggiungere\/","url":"https:\/\/www.bellunopress.it\/2026\/01\/12\/tra-le-righe-con-una-storia-di-rinascita-valentina-cibien-presenta-un-destino-da-raggiungere\/","name":"Tra le righe con\u201d\u2026 una storia di rinascita: Valentina Cibien presenta \u201cUn destino da raggiungere\u201d - Bellunopress - Dolomiti","isPartOf":{"@id":"https:\/\/www.bellunopress.it\/#website"},"primaryImageOfPage":{"@id":"https:\/\/www.bellunopress.it\/2026\/01\/12\/tra-le-righe-con-una-storia-di-rinascita-valentina-cibien-presenta-un-destino-da-raggiungere\/#primaryimage"},"image":{"@id":"https:\/\/www.bellunopress.it\/2026\/01\/12\/tra-le-righe-con-una-storia-di-rinascita-valentina-cibien-presenta-un-destino-da-raggiungere\/#primaryimage"},"thumbnailUrl":"https:\/\/www.bellunopress.it\/wp-content\/uploads\/2025\/01\/Un-destino-da-raggiungere-Valentina-Cibien.jpg","datePublished":"2026-01-12T08:44:03+00:00","breadcrumb":{"@id":"https:\/\/www.bellunopress.it\/2026\/01\/12\/tra-le-righe-con-una-storia-di-rinascita-valentina-cibien-presenta-un-destino-da-raggiungere\/#breadcrumb"},"inLanguage":"fr-FR","potentialAction":[{"@type":"ReadAction","target":["https:\/\/www.bellunopress.it\/2026\/01\/12\/tra-le-righe-con-una-storia-di-rinascita-valentina-cibien-presenta-un-destino-da-raggiungere\/"]}]},{"@type":"ImageObject","inLanguage":"fr-FR","@id":"https:\/\/www.bellunopress.it\/2026\/01\/12\/tra-le-righe-con-una-storia-di-rinascita-valentina-cibien-presenta-un-destino-da-raggiungere\/#primaryimage","url":"https:\/\/www.bellunopress.it\/wp-content\/uploads\/2025\/01\/Un-destino-da-raggiungere-Valentina-Cibien.jpg","contentUrl":"https:\/\/www.bellunopress.it\/wp-content\/uploads\/2025\/01\/Un-destino-da-raggiungere-Valentina-Cibien.jpg","width":390,"height":568},{"@type":"BreadcrumbList","@id":"https:\/\/www.bellunopress.it\/2026\/01\/12\/tra-le-righe-con-una-storia-di-rinascita-valentina-cibien-presenta-un-destino-da-raggiungere\/#breadcrumb","itemListElement":[{"@type":"ListItem","position":1,"name":"Home","item":"https:\/\/www.bellunopress.it\/"},{"@type":"ListItem","position":2,"name":"Tra le righe con\u201d\u2026 una storia di rinascita: Valentina Cibien presenta \u201cUn destino da raggiungere\u201d"}]},{"@type":"WebSite","@id":"https:\/\/www.bellunopress.it\/#website","url":"https:\/\/www.bellunopress.it\/","name":"Bellunopress - Dolomiti","description":"e-mail: redazione@bellunopress.it","publisher":{"@id":"https:\/\/www.bellunopress.it\/#organization"},"potentialAction":[{"@type":"SearchAction","target":{"@type":"EntryPoint","urlTemplate":"https:\/\/www.bellunopress.it\/?s={search_term_string}"},"query-input":{"@type":"PropertyValueSpecification","valueRequired":true,"valueName":"search_term_string"}}],"inLanguage":"fr-FR"},{"@type":"Organization","@id":"https:\/\/www.bellunopress.it\/#organization","name":"Bellunopress","url":"https:\/\/www.bellunopress.it\/","logo":{"@type":"ImageObject","inLanguage":"fr-FR","@id":"https:\/\/www.bellunopress.it\/#\/schema\/logo\/image\/","url":"https:\/\/www.bellunopress.it\/wp-content\/uploads\/2011\/05\/cropped-logo-bellunopress-.jpg","contentUrl":"https:\/\/www.bellunopress.it\/wp-content\/uploads\/2011\/05\/cropped-logo-bellunopress-.jpg","width":512,"height":512,"caption":"Bellunopress"},"image":{"@id":"https:\/\/www.bellunopress.it\/#\/schema\/logo\/image\/"},"sameAs":["https:\/\/www.facebook.com\/profile.php?id=100008943462799","https:\/\/x.com\/bellunopress","https:\/\/www.linkedin.com\/hp\/?dnr=JBzUWaJfMUw8vbXJJ2tVW5-I3jZKvC4wsoxE&amp;amp;amp;amp;amp;amp;trk=nav_responsive_tab_home","https:\/\/www.youtube.com\/channel\/UCxL0wu1uN0_3_7hGG0306cw"]},{"@type":"Person","@id":"https:\/\/www.bellunopress.it\/#\/schema\/person\/79bb06722b37ece1c03d3e94beb30d73","name":"r\u00e9daction","image":{"@type":"ImageObject","inLanguage":"fr-FR","@id":"https:\/\/secure.gravatar.com\/avatar\/37d968a2e67a6fd04c169c4bdef102d0bc5d31b2546345219e348575eb80e9a0?s=96&d=mm&r=g","url":"https:\/\/secure.gravatar.com\/avatar\/37d968a2e67a6fd04c169c4bdef102d0bc5d31b2546345219e348575eb80e9a0?s=96&d=mm&r=g","contentUrl":"https:\/\/secure.gravatar.com\/avatar\/37d968a2e67a6fd04c169c4bdef102d0bc5d31b2546345219e348575eb80e9a0?s=96&d=mm&r=g","caption":"redazione"},"sameAs":["http:\/\/www.bellunopress.it","https:\/\/x.com\/bellunopress"],"url":"https:\/\/www.bellunopress.it\/fr\/author\/redazione\/"}]}},"_links":{"self":[{"href":"https:\/\/www.bellunopress.it\/fr\/wp-json\/wp\/v2\/posts\/166410","targetHints":{"allow":["GET"]}}],"collection":[{"href":"https:\/\/www.bellunopress.it\/fr\/wp-json\/wp\/v2\/posts"}],"about":[{"href":"https:\/\/www.bellunopress.it\/fr\/wp-json\/wp\/v2\/types\/post"}],"author":[{"embeddable":true,"href":"https:\/\/www.bellunopress.it\/fr\/wp-json\/wp\/v2\/users\/2"}],"replies":[{"embeddable":true,"href":"https:\/\/www.bellunopress.it\/fr\/wp-json\/wp\/v2\/comments?post=166410"}],"version-history":[{"count":1,"href":"https:\/\/www.bellunopress.it\/fr\/wp-json\/wp\/v2\/posts\/166410\/revisions"}],"predecessor-version":[{"id":166411,"href":"https:\/\/www.bellunopress.it\/fr\/wp-json\/wp\/v2\/posts\/166410\/revisions\/166411"}],"wp:featuredmedia":[{"embeddable":true,"href":"https:\/\/www.bellunopress.it\/fr\/wp-json\/wp\/v2\/media\/156993"}],"wp:attachment":[{"href":"https:\/\/www.bellunopress.it\/fr\/wp-json\/wp\/v2\/media?parent=166410"}],"wp:term":[{"taxonomy":"category","embeddable":true,"href":"https:\/\/www.bellunopress.it\/fr\/wp-json\/wp\/v2\/categories?post=166410"},{"taxonomy":"post_tag","embeddable":true,"href":"https:\/\/www.bellunopress.it\/fr\/wp-json\/wp\/v2\/tags?post=166410"}],"curies":[{"name":"wp","href":"https:\/\/api.w.org\/{rel}","templated":true}]}}