{"id":166402,"date":"2026-01-11T17:08:10","date_gmt":"2026-01-11T16:08:10","guid":{"rendered":"https:\/\/www.bellunopress.it\/?p=166402"},"modified":"2026-01-11T19:31:11","modified_gmt":"2026-01-11T18:31:11","slug":"nevegal-la-contro-analisi-tecnica-degli-operatori-del-colle-per-un-confronto-aperto-sul-futuro-del-territorio","status":"publish","type":"post","link":"https:\/\/www.bellunopress.it\/fr\/2026\/01\/11\/nevegal-la-contro-analisi-tecnica-degli-operatori-del-colle-per-un-confronto-aperto-sul-futuro-del-territorio\/","title":{"rendered":"Nevegal: la contro-analisi tecnica degli operatori del Colle per un confronto aperto sul futuro del territorio"},"content":{"rendered":"<figure id=\"attachment_166403\" aria-describedby=\"caption-attachment-166403\" style=\"width: 600px\" class=\"wp-caption aligncenter\"><img loading=\"lazy\" decoding=\"async\" class=\"size-full wp-image-166403\" src=\"https:\/\/www.bellunopress.it\/wp-content\/uploads\/2026\/01\/Nevegal-genn-2026.jpeg\" alt=\"\" width=\"600\" height=\"450\" srcset=\"https:\/\/www.bellunopress.it\/wp-content\/uploads\/2026\/01\/Nevegal-genn-2026.jpeg 600w, https:\/\/www.bellunopress.it\/wp-content\/uploads\/2026\/01\/Nevegal-genn-2026-500x375.jpeg 500w, https:\/\/www.bellunopress.it\/wp-content\/uploads\/2026\/01\/Nevegal-genn-2026-560x420.jpeg 560w, https:\/\/www.bellunopress.it\/wp-content\/uploads\/2026\/01\/Nevegal-genn-2026-80x60.jpeg 80w\" sizes=\"auto, (max-width: 600px) 100vw, 600px\" \/><figcaption id=\"caption-attachment-166403\" class=\"wp-caption-text\">Nevegal, gennaio 2026<\/figcaption><\/figure>\n<p><strong>Gli operatori locali propongono una riflessione oggettiva, supportata da pareri esperti, sulla sostenibilit\u00e0 economica e territoriale della stazione <\/strong><\/p>\n<p>Belluno \/ Nevegal\u00a0 11 gennaio 2026 \u2013 La presente nota \u00e8 elaborata da operatori radicati da anni nel territorio che, dopo aver consultato esperti del settore, condividono una contro-analisi tecnica volta a rappresentare in modo oggettivo la situazione del Nevegal.<br \/>\nL\u2019obiettivo non \u00e8 contestare o colpevolizzare alcun soggetto, n\u00e9 proporre soluzioni preconfezionate, ma contribuire a una riflessione condivisa sulla complessit\u00e0 economica e territoriale del Nevegal, auspicando l\u2019avvio di un confronto aperto e costruttivo tra tutte le parti interessate, finalizzato a una gestione intelligente, sostenibile e coerente con le specificit\u00e0 del territorio.<\/p>\n<p><strong>Il futuro del Nevegal passa dal dialogo e dalla collaborazione<\/strong><\/p>\n<p>Il futuro del Nevegal pu\u00f2 essere costruito solo attraverso un dialogo serio e rispettoso, fondato sull\u2019ascolto, sul confronto e su una visione condivisa. \u00c8 necessario dimostrare, in tempi brevi, la volont\u00e0 di superare interessi di parte a favore di una collaborazione reale e solida; in assenza di ci\u00f2, non si intravede un futuro per il Nevegal.<\/p>\n<p><strong>Tre livelli di sostenibilit\u00e0 da distinguere e integrare<\/strong><br \/>\nLa valutazione della gestione delle stazioni sciistiche richiede una distinzione e un\u2019integrazione tra tre livelli di analisi:<\/p>\n<p>&#8211; la sostenibilit\u00e0 economico-finanziaria della societ\u00e0 di gestione degli impianti;<br \/>\n&#8211; la sostenibilit\u00e0 economica della stazione come sistema turistico;<br \/>\n&#8211; l\u2019impatto economico, occupazionale e sociale sul territorio.<\/p>\n<p>La mancata distinzione tra questi piani porta a valutazioni parziali e inadeguate per orientare le politiche territoriali.<\/p>\n<p><strong>Le specificit\u00e0 strutturali del Nevegal<\/strong><br \/>\nIl Nevegal presenta caratteristiche strutturali precise: prevalenza di turismo giornaliero, scarsit\u00e0 di posti letto, bacino di utenza concentrato nelle aree urbane vicine e una storica funzione di stazione di prossimit\u00e0 al servizio del territorio.<br \/>\nPer questo motivo, la sua sostenibilit\u00e0 economica non pu\u00f2 essere valutata esclusivamente su base aziendale, ma deve considerare il ruolo sistemico svolto nell\u2019economia locale, provinciale e regionale.<\/p>\n<p><strong>Impianti di risalita come infrastruttura economica territoriale<\/strong><br \/>\n\u00c8 corretto rilevare che l\u2019apertura degli impianti comporta costi operativi certi e fissi e che, in presenza di flussi feriali discontinui, possono verificarsi perdite per la societ\u00e0 di gestione. Tuttavia, questa analisi, pur corretta sul piano aziendale, non \u00e8 sufficiente a determinare la convenienza economica complessiva dell\u2019apertura.<br \/>\nGli impianti operano infatti come infrastruttura di supporto a un sistema economico pi\u00f9 ampio. Nel Nevegal, la loro funzione non \u00e8 la massimizzazione del ricavo da skipass, ma l\u2019attivazione di un\u2019economia diffusa che coinvolge rifugi, ristorazione, attivit\u00e0 commerciali, noleggi, scuole sci, associazioni sportive, occupazione stagionale e valorizzazione del patrimonio immobiliare.<br \/>\nStudi sul turismo sciistico confermano che solo una quota minoritaria della spesa del turista giornaliero ricade sugli impianti, mentre la parte prevalente viene redistribuita sul territorio. In questo contesto, la continuit\u00e0 del servizio assume un valore economico superiore al semplice equilibrio giornaliero della societ\u00e0 impianti.<\/p>\n<p><strong>Le criticit\u00e0 della chiusura infrasettimanale<\/strong><br \/>\nLa chiusura infrasettimanale, sebbene riduca le perdite operative, presenta criticit\u00e0 rilevanti:<br \/>\nriduce l\u2019affidabilit\u00e0 percepita della stazione, disincentiva le attivit\u00e0 economiche, limita la<br \/>\nprogrammazione di scuole e gruppi organizzati e indebolisce il ruolo del Nevegal come presidio turistico continuativo.<br \/>\nNel medio periodo, ci\u00f2 pu\u00f2 determinare una contrazione dell\u2019indotto, una perdita di attrattivit\u00e0 e una progressiva marginalizzazione della stazione.<\/p>\n<p><strong>Il sostegno pubblico come investimento collettivo<\/strong><br \/>\nIl sostegno pubblico deve essere considerato non come copertura di perdite aziendali, ma come investimento in un\u2019infrastruttura territoriale di interesse collettivo. \u00c8 necessario valutare il rapporto tra risorse impiegate e valore economico, occupazionale, sociale e di immagine generato per il territorio.<br \/>\nIn assenza di impianti funzionanti, l\u2019economia di prossimit\u00e0 si contrae, il patrimonio immobiliare perde valore e il territorio perde una funzione storica di aggregazione e attrattivit\u00e0, con possibili ulteriori abbandoni di operatori e residenti.<\/p>\n<p><strong>Le lezioni del passato e le criticit\u00e0 irrisolte\u00a0<\/strong><\/p>\n<p>I fallimenti e le cessioni del passato non dimostrano l\u2019assenza di valore economico del Nevegal \u2013 mai oggetto di una valutazione chiara e oggettiva \u2013 ma evidenziano criticit\u00e0 nei modelli di governance, nella capitalizzazione, nella gestione finanziaria e nella chiarezza di ruoli e competenze.<br \/>\nA ci\u00f2 si aggiungono la discontinuit\u00e0 gestionale, il contesto climatico e la mancanza di volont\u00e0 di perseguire una strategia territoriale integrata e coerente nel tempo, come gi\u00e0 condiviso nel processo di costruzione di strategie integrate , elaborata anni fa , oggi privo di riscontri concreti.<\/p>\n<p><strong>Conclusioni: verso una visione integrata e di lungo periodo<\/strong><br \/>\nLa sostenibilit\u00e0 del Nevegal non pu\u00f2 essere misurata esclusivamente attraverso il bilancio della societ\u00e0 di gestione. Gli impianti di risalita svolgono il ruolo di infrastruttura turistica di prossimit\u00e0, con una significativa capacit\u00e0 di generare valore diffuso non limitato a se stessa.<br \/>\nUna strategia orientata al futuro deve distinguere e integrare sostenibilit\u00e0 aziendale e territoriale, analisi dei flussi e valutazione dell\u2019indotto complessivo, considerare il sostegno pubblico come investimento di lungo periodo e adottare un modello gestionale inclusivo degli interessi pubblici e privati, coerente con la complessit\u00e0 e le specificit\u00e0 del Nevegal.<br \/>\nSolo una visione integrata pu\u00f2 garantire una gestione responsabile e una prospettiva di sviluppo duraturo per il territorio.<\/p>\n<div>NOLEGGIO RENT AND GO NEVEGAL<\/div>\n<div>SCUOLA SCI NEVEGAL<\/div>\n<div>AGENZIA IMMOBILIARE LE TORRI<\/div>\n<div>AGENZIA IMMOBILIARE VALBELLUNA<\/div>\n<div>PIZZOLATO GROUP<\/div>\n<p><strong>operatori del Nevegal<\/strong><\/p>","protected":false},"excerpt":{"rendered":"<p>Gli operatori locali propongono una riflessione oggettiva, supportata da pareri esperti, sulla sostenibilit\u00e0 economica e territoriale della stazione Belluno \/ Nevegal\u00a0 11 gennaio 2026 \u2013 La presente nota \u00e8 elaborata da operatori radicati da anni nel territorio che, dopo aver consultato esperti del settore, condividono una contro-analisi tecnica volta a rappresentare in modo oggettivo la [&hellip;]<\/p>\n","protected":false},"author":2,"featured_media":166403,"comment_status":"closed","ping_status":"open","sticky":false,"template":"","format":"standard","meta":{"footnotes":""},"categories":[36,26],"tags":[],"class_list":["post-166402","post","type-post","status-publish","format-standard","has-post-thumbnail","category-lavoro-economia","category-prima-pagina"],"yoast_head":"<!-- This site is optimized with the Yoast SEO plugin v28.4 - https:\/\/yoast.com\/product\/yoast-seo-wordpress\/ -->\n<title>Nevegal: la contro-analisi tecnica degli operatori del Colle per un confronto aperto sul futuro del territorio - Bellunopress - Dolomiti<\/title>\n<meta name=\"robots\" content=\"index, follow, max-snippet:-1, max-image-preview:large, max-video-preview:-1\" \/>\n<link rel=\"canonical\" href=\"https:\/\/www.bellunopress.it\/fr\/2026\/01\/11\/nevegal-la-contro-analisi-tecnica-degli-operatori-del-colle-per-un-confronto-aperto-sul-futuro-del-territorio\/\" \/>\n<meta property=\"og:locale\" content=\"fr_FR\" \/>\n<meta property=\"og:type\" content=\"article\" \/>\n<meta property=\"og:title\" content=\"Nevegal: la contro-analisi tecnica degli operatori del Colle per un confronto aperto sul futuro del territorio - Bellunopress - Dolomiti\" \/>\n<meta property=\"og:description\" content=\"Gli operatori locali propongono una riflessione oggettiva, supportata da pareri esperti, sulla sostenibilit\u00e0 economica e territoriale della stazione Belluno \/ Nevegal\u00a0 11 gennaio 2026 \u2013 La presente nota \u00e8 elaborata da operatori radicati da anni nel territorio che, dopo aver consultato esperti del settore, condividono una contro-analisi tecnica volta a rappresentare in modo oggettivo la [&hellip;]\" \/>\n<meta property=\"og:url\" content=\"https:\/\/www.bellunopress.it\/fr\/2026\/01\/11\/nevegal-la-contro-analisi-tecnica-degli-operatori-del-colle-per-un-confronto-aperto-sul-futuro-del-territorio\/\" \/>\n<meta property=\"og:site_name\" content=\"Bellunopress - Dolomiti\" \/>\n<meta property=\"article:publisher\" content=\"https:\/\/www.facebook.com\/profile.php?id=100008943462799\" \/>\n<meta property=\"article:published_time\" content=\"2026-01-11T16:08:10+00:00\" \/>\n<meta property=\"article:modified_time\" content=\"2026-01-11T18:31:11+00:00\" \/>\n<meta property=\"og:image\" content=\"https:\/\/www.bellunopress.it\/wp-content\/uploads\/2026\/01\/Nevegal-genn-2026.jpeg\" \/>\n\t<meta property=\"og:image:width\" content=\"600\" \/>\n\t<meta property=\"og:image:height\" content=\"450\" \/>\n\t<meta property=\"og:image:type\" content=\"image\/jpeg\" \/>\n<meta name=\"author\" content=\"redazione\" \/>\n<meta name=\"twitter:card\" content=\"summary_large_image\" \/>\n<meta name=\"twitter:creator\" content=\"@bellunopress\" \/>\n<meta name=\"twitter:site\" content=\"@bellunopress\" \/>\n<meta name=\"twitter:label1\" content=\"\u00c9crit par\" \/>\n\t<meta name=\"twitter:data1\" content=\"redazione\" \/>\n\t<meta name=\"twitter:label2\" content=\"Dur\u00e9e de lecture estim\u00e9e\" \/>\n\t<meta name=\"twitter:data2\" content=\"4 minutes\" \/>\n<script type=\"application\/ld+json\" class=\"yoast-schema-graph\">{\"@context\":\"https:\\\/\\\/schema.org\",\"@graph\":[{\"@type\":\"Article\",\"@id\":\"https:\\\/\\\/www.bellunopress.it\\\/2026\\\/01\\\/11\\\/nevegal-la-contro-analisi-tecnica-degli-operatori-del-colle-per-un-confronto-aperto-sul-futuro-del-territorio\\\/#article\",\"isPartOf\":{\"@id\":\"https:\\\/\\\/www.bellunopress.it\\\/2026\\\/01\\\/11\\\/nevegal-la-contro-analisi-tecnica-degli-operatori-del-colle-per-un-confronto-aperto-sul-futuro-del-territorio\\\/\"},\"author\":{\"name\":\"redazione\",\"@id\":\"https:\\\/\\\/www.bellunopress.it\\\/#\\\/schema\\\/person\\\/79bb06722b37ece1c03d3e94beb30d73\"},\"headline\":\"Nevegal: la contro-analisi tecnica degli operatori del Colle per un confronto aperto sul futuro del territorio\",\"datePublished\":\"2026-01-11T16:08:10+00:00\",\"dateModified\":\"2026-01-11T18:31:11+00:00\",\"mainEntityOfPage\":{\"@id\":\"https:\\\/\\\/www.bellunopress.it\\\/2026\\\/01\\\/11\\\/nevegal-la-contro-analisi-tecnica-degli-operatori-del-colle-per-un-confronto-aperto-sul-futuro-del-territorio\\\/\"},\"wordCount\":862,\"publisher\":{\"@id\":\"https:\\\/\\\/www.bellunopress.it\\\/#organization\"},\"image\":{\"@id\":\"https:\\\/\\\/www.bellunopress.it\\\/2026\\\/01\\\/11\\\/nevegal-la-contro-analisi-tecnica-degli-operatori-del-colle-per-un-confronto-aperto-sul-futuro-del-territorio\\\/#primaryimage\"},\"thumbnailUrl\":\"https:\\\/\\\/www.bellunopress.it\\\/wp-content\\\/uploads\\\/2026\\\/01\\\/Nevegal-genn-2026.jpeg\",\"articleSection\":[\"Lavoro, Economia, Turismo\",\"Prima Pagina\"],\"inLanguage\":\"fr-FR\"},{\"@type\":\"WebPage\",\"@id\":\"https:\\\/\\\/www.bellunopress.it\\\/2026\\\/01\\\/11\\\/nevegal-la-contro-analisi-tecnica-degli-operatori-del-colle-per-un-confronto-aperto-sul-futuro-del-territorio\\\/\",\"url\":\"https:\\\/\\\/www.bellunopress.it\\\/2026\\\/01\\\/11\\\/nevegal-la-contro-analisi-tecnica-degli-operatori-del-colle-per-un-confronto-aperto-sul-futuro-del-territorio\\\/\",\"name\":\"Nevegal: la contro-analisi tecnica degli operatori del Colle per un confronto aperto sul futuro del territorio - Bellunopress - Dolomiti\",\"isPartOf\":{\"@id\":\"https:\\\/\\\/www.bellunopress.it\\\/#website\"},\"primaryImageOfPage\":{\"@id\":\"https:\\\/\\\/www.bellunopress.it\\\/2026\\\/01\\\/11\\\/nevegal-la-contro-analisi-tecnica-degli-operatori-del-colle-per-un-confronto-aperto-sul-futuro-del-territorio\\\/#primaryimage\"},\"image\":{\"@id\":\"https:\\\/\\\/www.bellunopress.it\\\/2026\\\/01\\\/11\\\/nevegal-la-contro-analisi-tecnica-degli-operatori-del-colle-per-un-confronto-aperto-sul-futuro-del-territorio\\\/#primaryimage\"},\"thumbnailUrl\":\"https:\\\/\\\/www.bellunopress.it\\\/wp-content\\\/uploads\\\/2026\\\/01\\\/Nevegal-genn-2026.jpeg\",\"datePublished\":\"2026-01-11T16:08:10+00:00\",\"dateModified\":\"2026-01-11T18:31:11+00:00\",\"breadcrumb\":{\"@id\":\"https:\\\/\\\/www.bellunopress.it\\\/2026\\\/01\\\/11\\\/nevegal-la-contro-analisi-tecnica-degli-operatori-del-colle-per-un-confronto-aperto-sul-futuro-del-territorio\\\/#breadcrumb\"},\"inLanguage\":\"fr-FR\",\"potentialAction\":[{\"@type\":\"ReadAction\",\"target\":[\"https:\\\/\\\/www.bellunopress.it\\\/2026\\\/01\\\/11\\\/nevegal-la-contro-analisi-tecnica-degli-operatori-del-colle-per-un-confronto-aperto-sul-futuro-del-territorio\\\/\"]}]},{\"@type\":\"ImageObject\",\"inLanguage\":\"fr-FR\",\"@id\":\"https:\\\/\\\/www.bellunopress.it\\\/2026\\\/01\\\/11\\\/nevegal-la-contro-analisi-tecnica-degli-operatori-del-colle-per-un-confronto-aperto-sul-futuro-del-territorio\\\/#primaryimage\",\"url\":\"https:\\\/\\\/www.bellunopress.it\\\/wp-content\\\/uploads\\\/2026\\\/01\\\/Nevegal-genn-2026.jpeg\",\"contentUrl\":\"https:\\\/\\\/www.bellunopress.it\\\/wp-content\\\/uploads\\\/2026\\\/01\\\/Nevegal-genn-2026.jpeg\",\"width\":600,\"height\":450,\"caption\":\"Nevegal, gennaio 2026\"},{\"@type\":\"BreadcrumbList\",\"@id\":\"https:\\\/\\\/www.bellunopress.it\\\/2026\\\/01\\\/11\\\/nevegal-la-contro-analisi-tecnica-degli-operatori-del-colle-per-un-confronto-aperto-sul-futuro-del-territorio\\\/#breadcrumb\",\"itemListElement\":[{\"@type\":\"ListItem\",\"position\":1,\"name\":\"Home\",\"item\":\"https:\\\/\\\/www.bellunopress.it\\\/\"},{\"@type\":\"ListItem\",\"position\":2,\"name\":\"Nevegal: la contro-analisi tecnica degli operatori del Colle per un confronto aperto sul futuro del territorio\"}]},{\"@type\":\"WebSite\",\"@id\":\"https:\\\/\\\/www.bellunopress.it\\\/#website\",\"url\":\"https:\\\/\\\/www.bellunopress.it\\\/\",\"name\":\"Bellunopress - Dolomiti\",\"description\":\"e-mail: redazione@bellunopress.it\",\"publisher\":{\"@id\":\"https:\\\/\\\/www.bellunopress.it\\\/#organization\"},\"potentialAction\":[{\"@type\":\"SearchAction\",\"target\":{\"@type\":\"EntryPoint\",\"urlTemplate\":\"https:\\\/\\\/www.bellunopress.it\\\/?s={search_term_string}\"},\"query-input\":{\"@type\":\"PropertyValueSpecification\",\"valueRequired\":true,\"valueName\":\"search_term_string\"}}],\"inLanguage\":\"fr-FR\"},{\"@type\":\"Organization\",\"@id\":\"https:\\\/\\\/www.bellunopress.it\\\/#organization\",\"name\":\"Bellunopress\",\"url\":\"https:\\\/\\\/www.bellunopress.it\\\/\",\"logo\":{\"@type\":\"ImageObject\",\"inLanguage\":\"fr-FR\",\"@id\":\"https:\\\/\\\/www.bellunopress.it\\\/#\\\/schema\\\/logo\\\/image\\\/\",\"url\":\"https:\\\/\\\/www.bellunopress.it\\\/wp-content\\\/uploads\\\/2011\\\/05\\\/cropped-logo-bellunopress-.jpg\",\"contentUrl\":\"https:\\\/\\\/www.bellunopress.it\\\/wp-content\\\/uploads\\\/2011\\\/05\\\/cropped-logo-bellunopress-.jpg\",\"width\":512,\"height\":512,\"caption\":\"Bellunopress\"},\"image\":{\"@id\":\"https:\\\/\\\/www.bellunopress.it\\\/#\\\/schema\\\/logo\\\/image\\\/\"},\"sameAs\":[\"https:\\\/\\\/www.facebook.com\\\/profile.php?id=100008943462799\",\"https:\\\/\\\/x.com\\\/bellunopress\",\"https:\\\/\\\/www.linkedin.com\\\/hp\\\/?dnr=JBzUWaJfMUw8vbXJJ2tVW5-I3jZKvC4wsoxE&amp;amp;amp;amp;amp;amp;trk=nav_responsive_tab_home\",\"https:\\\/\\\/www.youtube.com\\\/channel\\\/UCxL0wu1uN0_3_7hGG0306cw\"]},{\"@type\":\"Person\",\"@id\":\"https:\\\/\\\/www.bellunopress.it\\\/#\\\/schema\\\/person\\\/79bb06722b37ece1c03d3e94beb30d73\",\"name\":\"redazione\",\"image\":{\"@type\":\"ImageObject\",\"inLanguage\":\"fr-FR\",\"@id\":\"https:\\\/\\\/secure.gravatar.com\\\/avatar\\\/37d968a2e67a6fd04c169c4bdef102d0bc5d31b2546345219e348575eb80e9a0?s=96&d=mm&r=g\",\"url\":\"https:\\\/\\\/secure.gravatar.com\\\/avatar\\\/37d968a2e67a6fd04c169c4bdef102d0bc5d31b2546345219e348575eb80e9a0?s=96&d=mm&r=g\",\"contentUrl\":\"https:\\\/\\\/secure.gravatar.com\\\/avatar\\\/37d968a2e67a6fd04c169c4bdef102d0bc5d31b2546345219e348575eb80e9a0?s=96&d=mm&r=g\",\"caption\":\"redazione\"},\"sameAs\":[\"http:\\\/\\\/www.bellunopress.it\",\"https:\\\/\\\/x.com\\\/bellunopress\"],\"url\":\"https:\\\/\\\/www.bellunopress.it\\\/fr\\\/author\\\/redazione\\\/\"}]}<\/script>\n<!-- \/ Yoast SEO plugin. -->","yoast_head_json":{"title":"Nevegal: la contro-analisi tecnica degli operatori del Colle per un confronto aperto sul futuro del territorio - Bellunopress - Dolomiti","robots":{"index":"index","follow":"follow","max-snippet":"max-snippet:-1","max-image-preview":"max-image-preview:large","max-video-preview":"max-video-preview:-1"},"canonical":"https:\/\/www.bellunopress.it\/fr\/2026\/01\/11\/nevegal-la-contro-analisi-tecnica-degli-operatori-del-colle-per-un-confronto-aperto-sul-futuro-del-territorio\/","og_locale":"fr_FR","og_type":"article","og_title":"Nevegal: la contro-analisi tecnica degli operatori del Colle per un confronto aperto sul futuro del territorio - Bellunopress - Dolomiti","og_description":"Gli operatori locali propongono una riflessione oggettiva, supportata da pareri esperti, sulla sostenibilit\u00e0 economica e territoriale della stazione Belluno \/ Nevegal\u00a0 11 gennaio 2026 \u2013 La presente nota \u00e8 elaborata da operatori radicati da anni nel territorio che, dopo aver consultato esperti del settore, condividono una contro-analisi tecnica volta a rappresentare in modo oggettivo la [&hellip;]","og_url":"https:\/\/www.bellunopress.it\/fr\/2026\/01\/11\/nevegal-la-contro-analisi-tecnica-degli-operatori-del-colle-per-un-confronto-aperto-sul-futuro-del-territorio\/","og_site_name":"Bellunopress - Dolomiti","article_publisher":"https:\/\/www.facebook.com\/profile.php?id=100008943462799","article_published_time":"2026-01-11T16:08:10+00:00","article_modified_time":"2026-01-11T18:31:11+00:00","og_image":[{"width":600,"height":450,"url":"https:\/\/www.bellunopress.it\/wp-content\/uploads\/2026\/01\/Nevegal-genn-2026.jpeg","type":"image\/jpeg"}],"author":"redazione","twitter_card":"summary_large_image","twitter_creator":"@bellunopress","twitter_site":"@bellunopress","twitter_misc":{"\u00c9crit par":"redazione","Dur\u00e9e de lecture estim\u00e9e":"4 minutes"},"schema":{"@context":"https:\/\/schema.org","@graph":[{"@type":"Article","@id":"https:\/\/www.bellunopress.it\/2026\/01\/11\/nevegal-la-contro-analisi-tecnica-degli-operatori-del-colle-per-un-confronto-aperto-sul-futuro-del-territorio\/#article","isPartOf":{"@id":"https:\/\/www.bellunopress.it\/2026\/01\/11\/nevegal-la-contro-analisi-tecnica-degli-operatori-del-colle-per-un-confronto-aperto-sul-futuro-del-territorio\/"},"author":{"name":"redazione","@id":"https:\/\/www.bellunopress.it\/#\/schema\/person\/79bb06722b37ece1c03d3e94beb30d73"},"headline":"Nevegal: la contro-analisi tecnica degli operatori del Colle per un confronto aperto sul futuro del territorio","datePublished":"2026-01-11T16:08:10+00:00","dateModified":"2026-01-11T18:31:11+00:00","mainEntityOfPage":{"@id":"https:\/\/www.bellunopress.it\/2026\/01\/11\/nevegal-la-contro-analisi-tecnica-degli-operatori-del-colle-per-un-confronto-aperto-sul-futuro-del-territorio\/"},"wordCount":862,"publisher":{"@id":"https:\/\/www.bellunopress.it\/#organization"},"image":{"@id":"https:\/\/www.bellunopress.it\/2026\/01\/11\/nevegal-la-contro-analisi-tecnica-degli-operatori-del-colle-per-un-confronto-aperto-sul-futuro-del-territorio\/#primaryimage"},"thumbnailUrl":"https:\/\/www.bellunopress.it\/wp-content\/uploads\/2026\/01\/Nevegal-genn-2026.jpeg","articleSection":["Lavoro, Economia, Turismo","Prima Pagina"],"inLanguage":"fr-FR"},{"@type":"WebPage","@id":"https:\/\/www.bellunopress.it\/2026\/01\/11\/nevegal-la-contro-analisi-tecnica-degli-operatori-del-colle-per-un-confronto-aperto-sul-futuro-del-territorio\/","url":"https:\/\/www.bellunopress.it\/2026\/01\/11\/nevegal-la-contro-analisi-tecnica-degli-operatori-del-colle-per-un-confronto-aperto-sul-futuro-del-territorio\/","name":"Nevegal: la contro-analisi tecnica degli operatori del Colle per un confronto aperto sul futuro del territorio - Bellunopress - Dolomiti","isPartOf":{"@id":"https:\/\/www.bellunopress.it\/#website"},"primaryImageOfPage":{"@id":"https:\/\/www.bellunopress.it\/2026\/01\/11\/nevegal-la-contro-analisi-tecnica-degli-operatori-del-colle-per-un-confronto-aperto-sul-futuro-del-territorio\/#primaryimage"},"image":{"@id":"https:\/\/www.bellunopress.it\/2026\/01\/11\/nevegal-la-contro-analisi-tecnica-degli-operatori-del-colle-per-un-confronto-aperto-sul-futuro-del-territorio\/#primaryimage"},"thumbnailUrl":"https:\/\/www.bellunopress.it\/wp-content\/uploads\/2026\/01\/Nevegal-genn-2026.jpeg","datePublished":"2026-01-11T16:08:10+00:00","dateModified":"2026-01-11T18:31:11+00:00","breadcrumb":{"@id":"https:\/\/www.bellunopress.it\/2026\/01\/11\/nevegal-la-contro-analisi-tecnica-degli-operatori-del-colle-per-un-confronto-aperto-sul-futuro-del-territorio\/#breadcrumb"},"inLanguage":"fr-FR","potentialAction":[{"@type":"ReadAction","target":["https:\/\/www.bellunopress.it\/2026\/01\/11\/nevegal-la-contro-analisi-tecnica-degli-operatori-del-colle-per-un-confronto-aperto-sul-futuro-del-territorio\/"]}]},{"@type":"ImageObject","inLanguage":"fr-FR","@id":"https:\/\/www.bellunopress.it\/2026\/01\/11\/nevegal-la-contro-analisi-tecnica-degli-operatori-del-colle-per-un-confronto-aperto-sul-futuro-del-territorio\/#primaryimage","url":"https:\/\/www.bellunopress.it\/wp-content\/uploads\/2026\/01\/Nevegal-genn-2026.jpeg","contentUrl":"https:\/\/www.bellunopress.it\/wp-content\/uploads\/2026\/01\/Nevegal-genn-2026.jpeg","width":600,"height":450,"caption":"Nevegal, gennaio 2026"},{"@type":"BreadcrumbList","@id":"https:\/\/www.bellunopress.it\/2026\/01\/11\/nevegal-la-contro-analisi-tecnica-degli-operatori-del-colle-per-un-confronto-aperto-sul-futuro-del-territorio\/#breadcrumb","itemListElement":[{"@type":"ListItem","position":1,"name":"Home","item":"https:\/\/www.bellunopress.it\/"},{"@type":"ListItem","position":2,"name":"Nevegal: la contro-analisi tecnica degli operatori del Colle per un confronto aperto sul futuro del territorio"}]},{"@type":"WebSite","@id":"https:\/\/www.bellunopress.it\/#website","url":"https:\/\/www.bellunopress.it\/","name":"Bellunopress - Dolomiti","description":"e-mail: redazione@bellunopress.it","publisher":{"@id":"https:\/\/www.bellunopress.it\/#organization"},"potentialAction":[{"@type":"SearchAction","target":{"@type":"EntryPoint","urlTemplate":"https:\/\/www.bellunopress.it\/?s={search_term_string}"},"query-input":{"@type":"PropertyValueSpecification","valueRequired":true,"valueName":"search_term_string"}}],"inLanguage":"fr-FR"},{"@type":"Organization","@id":"https:\/\/www.bellunopress.it\/#organization","name":"Bellunopress","url":"https:\/\/www.bellunopress.it\/","logo":{"@type":"ImageObject","inLanguage":"fr-FR","@id":"https:\/\/www.bellunopress.it\/#\/schema\/logo\/image\/","url":"https:\/\/www.bellunopress.it\/wp-content\/uploads\/2011\/05\/cropped-logo-bellunopress-.jpg","contentUrl":"https:\/\/www.bellunopress.it\/wp-content\/uploads\/2011\/05\/cropped-logo-bellunopress-.jpg","width":512,"height":512,"caption":"Bellunopress"},"image":{"@id":"https:\/\/www.bellunopress.it\/#\/schema\/logo\/image\/"},"sameAs":["https:\/\/www.facebook.com\/profile.php?id=100008943462799","https:\/\/x.com\/bellunopress","https:\/\/www.linkedin.com\/hp\/?dnr=JBzUWaJfMUw8vbXJJ2tVW5-I3jZKvC4wsoxE&amp;amp;amp;amp;amp;amp;trk=nav_responsive_tab_home","https:\/\/www.youtube.com\/channel\/UCxL0wu1uN0_3_7hGG0306cw"]},{"@type":"Person","@id":"https:\/\/www.bellunopress.it\/#\/schema\/person\/79bb06722b37ece1c03d3e94beb30d73","name":"r\u00e9daction","image":{"@type":"ImageObject","inLanguage":"fr-FR","@id":"https:\/\/secure.gravatar.com\/avatar\/37d968a2e67a6fd04c169c4bdef102d0bc5d31b2546345219e348575eb80e9a0?s=96&d=mm&r=g","url":"https:\/\/secure.gravatar.com\/avatar\/37d968a2e67a6fd04c169c4bdef102d0bc5d31b2546345219e348575eb80e9a0?s=96&d=mm&r=g","contentUrl":"https:\/\/secure.gravatar.com\/avatar\/37d968a2e67a6fd04c169c4bdef102d0bc5d31b2546345219e348575eb80e9a0?s=96&d=mm&r=g","caption":"redazione"},"sameAs":["http:\/\/www.bellunopress.it","https:\/\/x.com\/bellunopress"],"url":"https:\/\/www.bellunopress.it\/fr\/author\/redazione\/"}]}},"_links":{"self":[{"href":"https:\/\/www.bellunopress.it\/fr\/wp-json\/wp\/v2\/posts\/166402","targetHints":{"allow":["GET"]}}],"collection":[{"href":"https:\/\/www.bellunopress.it\/fr\/wp-json\/wp\/v2\/posts"}],"about":[{"href":"https:\/\/www.bellunopress.it\/fr\/wp-json\/wp\/v2\/types\/post"}],"author":[{"embeddable":true,"href":"https:\/\/www.bellunopress.it\/fr\/wp-json\/wp\/v2\/users\/2"}],"replies":[{"embeddable":true,"href":"https:\/\/www.bellunopress.it\/fr\/wp-json\/wp\/v2\/comments?post=166402"}],"version-history":[{"count":2,"href":"https:\/\/www.bellunopress.it\/fr\/wp-json\/wp\/v2\/posts\/166402\/revisions"}],"predecessor-version":[{"id":166409,"href":"https:\/\/www.bellunopress.it\/fr\/wp-json\/wp\/v2\/posts\/166402\/revisions\/166409"}],"wp:featuredmedia":[{"embeddable":true,"href":"https:\/\/www.bellunopress.it\/fr\/wp-json\/wp\/v2\/media\/166403"}],"wp:attachment":[{"href":"https:\/\/www.bellunopress.it\/fr\/wp-json\/wp\/v2\/media?parent=166402"}],"wp:term":[{"taxonomy":"category","embeddable":true,"href":"https:\/\/www.bellunopress.it\/fr\/wp-json\/wp\/v2\/categories?post=166402"},{"taxonomy":"post_tag","embeddable":true,"href":"https:\/\/www.bellunopress.it\/fr\/wp-json\/wp\/v2\/tags?post=166402"}],"curies":[{"name":"wp","href":"https:\/\/api.w.org\/{rel}","templated":true}]}}