{"id":166397,"date":"2026-01-11T13:18:46","date_gmt":"2026-01-11T12:18:46","guid":{"rendered":"https:\/\/www.bellunopress.it\/?p=166397"},"modified":"2026-01-11T13:18:46","modified_gmt":"2026-01-11T12:18:46","slug":"pra-del-moro-lezioni-di-fondo-per-oltre-duecento-studenti-anche-gli-alpini-sugli-sci","status":"publish","type":"post","link":"https:\/\/www.bellunopress.it\/fr\/2026\/01\/11\/pra-del-moro-lezioni-di-fondo-per-oltre-duecento-studenti-anche-gli-alpini-sugli-sci\/","title":{"rendered":"Pra\u2019 del Moro, lezioni di fondo per oltre duecento studenti. Anche gli Alpini sugli sci."},"content":{"rendered":"<figure id=\"attachment_166398\" aria-describedby=\"caption-attachment-166398\" style=\"width: 600px\" class=\"wp-caption aligncenter\"><img loading=\"lazy\" decoding=\"async\" class=\"size-full wp-image-166398\" src=\"https:\/\/www.bellunopress.it\/wp-content\/uploads\/2026\/01\/pra-del-moro-feltre.jpg\" alt=\"\" width=\"600\" height=\"399\" srcset=\"https:\/\/www.bellunopress.it\/wp-content\/uploads\/2026\/01\/pra-del-moro-feltre.jpg 600w, https:\/\/www.bellunopress.it\/wp-content\/uploads\/2026\/01\/pra-del-moro-feltre-500x333.jpg 500w\" sizes=\"auto, (max-width: 600px) 100vw, 600px\" \/><figcaption id=\"caption-attachment-166398\" class=\"wp-caption-text\">2\u00b0 Memorial Paolo Centa (Foto di Giuseppe D\u2019Alia)<\/figcaption><\/figure>\n<p>Prosegue a pieno ritmo l\u2019attivit\u00e0 sulla pista di sci di fondo in Pra&#8217; del Moro a Feltre, che continua ad attirare appassionati di tutte le et\u00e0. Il tracciato, innevato artificialmente, si presenta in ottime condizioni grazie alle basse temperature che permangono in questi giorni.<\/p>\n<p>Questa settimana la pista sar\u00e0 aperta al pubblico i pomeriggi dalle 14.30 alle 18.00, ma rester\u00e0 chiusa luned\u00ec (giornata di riposo) e venerd\u00ec (per la cerimonia inaugurale dell\u2019evento \u201cGiochi di ghiaccio e di neve\u201d). Nelle giornate di marted\u00ec, mercoled\u00ec e gioved\u00ec sar\u00e0 inoltre possibile sciare anche in orario serale, dalle 19.30 alle 21.00, grazie all&#8217;impianto di illuminazione. Il costo di ingresso \u00e8 di 5 euro, ai quali si aggiungono 5 euro per il noleggio dell\u2019attrezzatura (scarpe, sci e bastoncini). Il circuito consente la pratica sia della tecnica classica, con binari tracciati, sia della tecnica libera.<\/p>\n<p>Anche quest\u2019anno i corsi di avviamento per adulti, organizzati dall&#8217;Info Caff\u00e8 Pra&#8217; del Moro in collaborazione con la societ\u00e0 sportiva, stanno registrando una forte adesione. Esauriti in pochi giorni i posti disponibili per il primo turno, che si terr\u00e0 il 13, 14 e 15 gennaio; il secondo ciclo di lezioni \u00e8 programmato nei giorni 20, 21, 23 gennaio dalle 19.30 alle 21.00. Il costo \u00e8 di 90 euro, comprensivo di iscrizione e noleggio attrezzatura (per informazioni: Federica 327-3153533). Si tratta di un&#8217;interessante opportunit\u00e0 per imparare le basi dello sci nordico, in un&#8217;atmosfera suggestiva e con la possibilit\u00e0 ristoro presso l&#8217;Info Caff\u00e8.<\/p>\n<p><strong>Oltre duecento studenti a lezione sugli sci<\/strong><br \/>\nEntrano nel vivo anche le giornate bianche dedicate alle scuole, proposte dall&#8217;Enal Sport Villaga. A partire da luned\u00ec oltre duecento studenti feltrini, accompagnati dai docenti, si alterneranno sulla pista di Pra&#8217; del Moro per avvicinarsi alla disciplina dello sci di fondo. Al momento sono coinvolte circa quindici classi, fra Istituto Comprensivo di Feltre (elementari e medie) e Istituto Istruzione Superiore (Negrelli). Il calendario prevede pi\u00f9 di venti turni, della durata di due ore ciascuno. Non mancano ulteriori richieste di partecipazione, anche da parte di istituti provenienti da fuori provincia. Gli studenti potranno contare su materiali e attrezzature dedicate, oltre al supporto dei maestri federali dell\u2019Enal Sport Villaga, che li accompagneranno nei primi passi sugli sci o nel perfezionamento della tecnica.<br \/>\n\u00abSi tratta di un\u2019iniziativa ormai consolidata, che continua a crescere anno dopo anno &#8211; sottolinea il presidente Claudio Scopel \u2013 Le scuole credono molto in questo progetto e la risposta degli studenti \u00e8 sempre molto positiva. Portare lo sci di fondo in citt\u00e0 \u00e8 un valore aggiunto sia dal punto di vista sportivo che educativo\u00bb. Un&#8217;iniziativa che conferma il valore della pista di Pra&#8217; del Moro come polo sportivo e formativo di riferimento, capace di avvicinare allo sport giovani e famiglie.<\/p>\n<p><strong>Alpini sugli sci per ricordare Paolo Centa<\/strong><br \/>\nSport, amicizia e memoria si sono intrecciati sabato sera in occasione del secondo Memorial Paolo Centa, organizzato dal gruppo sportivo della Sezione ANA Alpini di Feltre in collaborazione con l&#8217;Enal Sport Villaga. Sull&#8217;anello cittadino, una trentina di penne nere si sono sfidate amichevolmente in una staffetta con batterie ad eliminazione diretta, in un clima di sana competizione e condivisione. Un appuntamento sentito, con cui gli Alpini hanno voluto ricordare anche quest\u2019anno Paolo Centa, amico e compagno di sport, prematuramente scomparso nel 2024.<\/p>\n<p>&nbsp;<\/p>","protected":false},"excerpt":{"rendered":"<p>Prosegue a pieno ritmo l\u2019attivit\u00e0 sulla pista di sci di fondo in Pra&#8217; del Moro a Feltre, che continua ad attirare appassionati di tutte le et\u00e0. Il tracciato, innevato artificialmente, si presenta in ottime condizioni grazie alle basse temperature che permangono in questi giorni. Questa settimana la pista sar\u00e0 aperta al pubblico i pomeriggi dalle [&hellip;]<\/p>\n","protected":false},"author":2,"featured_media":166398,"comment_status":"closed","ping_status":"open","sticky":false,"template":"","format":"standard","meta":{"footnotes":""},"categories":[4],"tags":[],"class_list":["post-166397","post","type-post","status-publish","format-standard","has-post-thumbnail","category-sport"],"yoast_head":"<!-- This site is optimized with the Yoast SEO plugin v28.4 - https:\/\/yoast.com\/product\/yoast-seo-wordpress\/ -->\n<title>Pra\u2019 del Moro, lezioni di fondo per oltre duecento studenti. Anche gli Alpini sugli sci. - Bellunopress - Dolomiti<\/title>\n<meta name=\"robots\" content=\"index, follow, max-snippet:-1, max-image-preview:large, max-video-preview:-1\" \/>\n<link rel=\"canonical\" href=\"https:\/\/www.bellunopress.it\/fr\/2026\/01\/11\/pra-del-moro-lezioni-di-fondo-per-oltre-duecento-studenti-anche-gli-alpini-sugli-sci\/\" \/>\n<meta property=\"og:locale\" content=\"fr_FR\" \/>\n<meta property=\"og:type\" content=\"article\" \/>\n<meta property=\"og:title\" content=\"Pra\u2019 del Moro, lezioni di fondo per oltre duecento studenti. Anche gli Alpini sugli sci. - Bellunopress - Dolomiti\" \/>\n<meta property=\"og:description\" content=\"Prosegue a pieno ritmo l\u2019attivit\u00e0 sulla pista di sci di fondo in Pra&#8217; del Moro a Feltre, che continua ad attirare appassionati di tutte le et\u00e0. Il tracciato, innevato artificialmente, si presenta in ottime condizioni grazie alle basse temperature che permangono in questi giorni. Questa settimana la pista sar\u00e0 aperta al pubblico i pomeriggi dalle [&hellip;]\" \/>\n<meta property=\"og:url\" content=\"https:\/\/www.bellunopress.it\/fr\/2026\/01\/11\/pra-del-moro-lezioni-di-fondo-per-oltre-duecento-studenti-anche-gli-alpini-sugli-sci\/\" \/>\n<meta property=\"og:site_name\" content=\"Bellunopress - Dolomiti\" \/>\n<meta property=\"article:publisher\" content=\"https:\/\/www.facebook.com\/profile.php?id=100008943462799\" \/>\n<meta property=\"article:published_time\" content=\"2026-01-11T12:18:46+00:00\" \/>\n<meta property=\"og:image\" content=\"https:\/\/www.bellunopress.it\/wp-content\/uploads\/2026\/01\/pra-del-moro-feltre.jpg\" \/>\n\t<meta property=\"og:image:width\" content=\"600\" \/>\n\t<meta property=\"og:image:height\" content=\"399\" \/>\n\t<meta property=\"og:image:type\" content=\"image\/jpeg\" \/>\n<meta name=\"author\" content=\"redazione\" \/>\n<meta name=\"twitter:card\" content=\"summary_large_image\" \/>\n<meta name=\"twitter:creator\" content=\"@bellunopress\" \/>\n<meta name=\"twitter:site\" content=\"@bellunopress\" \/>\n<meta name=\"twitter:label1\" content=\"\u00c9crit par\" \/>\n\t<meta name=\"twitter:data1\" content=\"redazione\" \/>\n\t<meta name=\"twitter:label2\" content=\"Dur\u00e9e de lecture estim\u00e9e\" \/>\n\t<meta name=\"twitter:data2\" content=\"3 minutes\" \/>\n<script type=\"application\/ld+json\" class=\"yoast-schema-graph\">{\"@context\":\"https:\\\/\\\/schema.org\",\"@graph\":[{\"@type\":\"Article\",\"@id\":\"https:\\\/\\\/www.bellunopress.it\\\/2026\\\/01\\\/11\\\/pra-del-moro-lezioni-di-fondo-per-oltre-duecento-studenti-anche-gli-alpini-sugli-sci\\\/#article\",\"isPartOf\":{\"@id\":\"https:\\\/\\\/www.bellunopress.it\\\/2026\\\/01\\\/11\\\/pra-del-moro-lezioni-di-fondo-per-oltre-duecento-studenti-anche-gli-alpini-sugli-sci\\\/\"},\"author\":{\"name\":\"redazione\",\"@id\":\"https:\\\/\\\/www.bellunopress.it\\\/#\\\/schema\\\/person\\\/79bb06722b37ece1c03d3e94beb30d73\"},\"headline\":\"Pra\u2019 del Moro, lezioni di fondo per oltre duecento studenti. Anche gli Alpini sugli sci.\",\"datePublished\":\"2026-01-11T12:18:46+00:00\",\"mainEntityOfPage\":{\"@id\":\"https:\\\/\\\/www.bellunopress.it\\\/2026\\\/01\\\/11\\\/pra-del-moro-lezioni-di-fondo-per-oltre-duecento-studenti-anche-gli-alpini-sugli-sci\\\/\"},\"wordCount\":562,\"publisher\":{\"@id\":\"https:\\\/\\\/www.bellunopress.it\\\/#organization\"},\"image\":{\"@id\":\"https:\\\/\\\/www.bellunopress.it\\\/2026\\\/01\\\/11\\\/pra-del-moro-lezioni-di-fondo-per-oltre-duecento-studenti-anche-gli-alpini-sugli-sci\\\/#primaryimage\"},\"thumbnailUrl\":\"https:\\\/\\\/www.bellunopress.it\\\/wp-content\\\/uploads\\\/2026\\\/01\\\/pra-del-moro-feltre.jpg\",\"articleSection\":[\"Sport, tempo libero\"],\"inLanguage\":\"fr-FR\"},{\"@type\":\"WebPage\",\"@id\":\"https:\\\/\\\/www.bellunopress.it\\\/2026\\\/01\\\/11\\\/pra-del-moro-lezioni-di-fondo-per-oltre-duecento-studenti-anche-gli-alpini-sugli-sci\\\/\",\"url\":\"https:\\\/\\\/www.bellunopress.it\\\/2026\\\/01\\\/11\\\/pra-del-moro-lezioni-di-fondo-per-oltre-duecento-studenti-anche-gli-alpini-sugli-sci\\\/\",\"name\":\"Pra\u2019 del Moro, lezioni di fondo per oltre duecento studenti. Anche gli Alpini sugli sci. - Bellunopress - Dolomiti\",\"isPartOf\":{\"@id\":\"https:\\\/\\\/www.bellunopress.it\\\/#website\"},\"primaryImageOfPage\":{\"@id\":\"https:\\\/\\\/www.bellunopress.it\\\/2026\\\/01\\\/11\\\/pra-del-moro-lezioni-di-fondo-per-oltre-duecento-studenti-anche-gli-alpini-sugli-sci\\\/#primaryimage\"},\"image\":{\"@id\":\"https:\\\/\\\/www.bellunopress.it\\\/2026\\\/01\\\/11\\\/pra-del-moro-lezioni-di-fondo-per-oltre-duecento-studenti-anche-gli-alpini-sugli-sci\\\/#primaryimage\"},\"thumbnailUrl\":\"https:\\\/\\\/www.bellunopress.it\\\/wp-content\\\/uploads\\\/2026\\\/01\\\/pra-del-moro-feltre.jpg\",\"datePublished\":\"2026-01-11T12:18:46+00:00\",\"breadcrumb\":{\"@id\":\"https:\\\/\\\/www.bellunopress.it\\\/2026\\\/01\\\/11\\\/pra-del-moro-lezioni-di-fondo-per-oltre-duecento-studenti-anche-gli-alpini-sugli-sci\\\/#breadcrumb\"},\"inLanguage\":\"fr-FR\",\"potentialAction\":[{\"@type\":\"ReadAction\",\"target\":[\"https:\\\/\\\/www.bellunopress.it\\\/2026\\\/01\\\/11\\\/pra-del-moro-lezioni-di-fondo-per-oltre-duecento-studenti-anche-gli-alpini-sugli-sci\\\/\"]}]},{\"@type\":\"ImageObject\",\"inLanguage\":\"fr-FR\",\"@id\":\"https:\\\/\\\/www.bellunopress.it\\\/2026\\\/01\\\/11\\\/pra-del-moro-lezioni-di-fondo-per-oltre-duecento-studenti-anche-gli-alpini-sugli-sci\\\/#primaryimage\",\"url\":\"https:\\\/\\\/www.bellunopress.it\\\/wp-content\\\/uploads\\\/2026\\\/01\\\/pra-del-moro-feltre.jpg\",\"contentUrl\":\"https:\\\/\\\/www.bellunopress.it\\\/wp-content\\\/uploads\\\/2026\\\/01\\\/pra-del-moro-feltre.jpg\",\"width\":600,\"height\":399,\"caption\":\"2\u00b0 Memorial Paolo Centa (Foto di Giuseppe D\u2019Alia)\"},{\"@type\":\"BreadcrumbList\",\"@id\":\"https:\\\/\\\/www.bellunopress.it\\\/2026\\\/01\\\/11\\\/pra-del-moro-lezioni-di-fondo-per-oltre-duecento-studenti-anche-gli-alpini-sugli-sci\\\/#breadcrumb\",\"itemListElement\":[{\"@type\":\"ListItem\",\"position\":1,\"name\":\"Home\",\"item\":\"https:\\\/\\\/www.bellunopress.it\\\/\"},{\"@type\":\"ListItem\",\"position\":2,\"name\":\"Pra\u2019 del Moro, lezioni di fondo per oltre duecento studenti. Anche gli Alpini sugli sci.\"}]},{\"@type\":\"WebSite\",\"@id\":\"https:\\\/\\\/www.bellunopress.it\\\/#website\",\"url\":\"https:\\\/\\\/www.bellunopress.it\\\/\",\"name\":\"Bellunopress - Dolomiti\",\"description\":\"e-mail: redazione@bellunopress.it\",\"publisher\":{\"@id\":\"https:\\\/\\\/www.bellunopress.it\\\/#organization\"},\"potentialAction\":[{\"@type\":\"SearchAction\",\"target\":{\"@type\":\"EntryPoint\",\"urlTemplate\":\"https:\\\/\\\/www.bellunopress.it\\\/?s={search_term_string}\"},\"query-input\":{\"@type\":\"PropertyValueSpecification\",\"valueRequired\":true,\"valueName\":\"search_term_string\"}}],\"inLanguage\":\"fr-FR\"},{\"@type\":\"Organization\",\"@id\":\"https:\\\/\\\/www.bellunopress.it\\\/#organization\",\"name\":\"Bellunopress\",\"url\":\"https:\\\/\\\/www.bellunopress.it\\\/\",\"logo\":{\"@type\":\"ImageObject\",\"inLanguage\":\"fr-FR\",\"@id\":\"https:\\\/\\\/www.bellunopress.it\\\/#\\\/schema\\\/logo\\\/image\\\/\",\"url\":\"https:\\\/\\\/www.bellunopress.it\\\/wp-content\\\/uploads\\\/2011\\\/05\\\/cropped-logo-bellunopress-.jpg\",\"contentUrl\":\"https:\\\/\\\/www.bellunopress.it\\\/wp-content\\\/uploads\\\/2011\\\/05\\\/cropped-logo-bellunopress-.jpg\",\"width\":512,\"height\":512,\"caption\":\"Bellunopress\"},\"image\":{\"@id\":\"https:\\\/\\\/www.bellunopress.it\\\/#\\\/schema\\\/logo\\\/image\\\/\"},\"sameAs\":[\"https:\\\/\\\/www.facebook.com\\\/profile.php?id=100008943462799\",\"https:\\\/\\\/x.com\\\/bellunopress\",\"https:\\\/\\\/www.linkedin.com\\\/hp\\\/?dnr=JBzUWaJfMUw8vbXJJ2tVW5-I3jZKvC4wsoxE&amp;amp;amp;amp;amp;amp;trk=nav_responsive_tab_home\",\"https:\\\/\\\/www.youtube.com\\\/channel\\\/UCxL0wu1uN0_3_7hGG0306cw\"]},{\"@type\":\"Person\",\"@id\":\"https:\\\/\\\/www.bellunopress.it\\\/#\\\/schema\\\/person\\\/79bb06722b37ece1c03d3e94beb30d73\",\"name\":\"redazione\",\"image\":{\"@type\":\"ImageObject\",\"inLanguage\":\"fr-FR\",\"@id\":\"https:\\\/\\\/secure.gravatar.com\\\/avatar\\\/37d968a2e67a6fd04c169c4bdef102d0bc5d31b2546345219e348575eb80e9a0?s=96&d=mm&r=g\",\"url\":\"https:\\\/\\\/secure.gravatar.com\\\/avatar\\\/37d968a2e67a6fd04c169c4bdef102d0bc5d31b2546345219e348575eb80e9a0?s=96&d=mm&r=g\",\"contentUrl\":\"https:\\\/\\\/secure.gravatar.com\\\/avatar\\\/37d968a2e67a6fd04c169c4bdef102d0bc5d31b2546345219e348575eb80e9a0?s=96&d=mm&r=g\",\"caption\":\"redazione\"},\"sameAs\":[\"http:\\\/\\\/www.bellunopress.it\",\"https:\\\/\\\/x.com\\\/bellunopress\"],\"url\":\"https:\\\/\\\/www.bellunopress.it\\\/fr\\\/author\\\/redazione\\\/\"}]}<\/script>\n<!-- \/ Yoast SEO plugin. -->","yoast_head_json":{"title":"Pra\u2019 del Moro, lezioni di fondo per oltre duecento studenti. Anche gli Alpini sugli sci. - Bellunopress - Dolomiti","robots":{"index":"index","follow":"follow","max-snippet":"max-snippet:-1","max-image-preview":"max-image-preview:large","max-video-preview":"max-video-preview:-1"},"canonical":"https:\/\/www.bellunopress.it\/fr\/2026\/01\/11\/pra-del-moro-lezioni-di-fondo-per-oltre-duecento-studenti-anche-gli-alpini-sugli-sci\/","og_locale":"fr_FR","og_type":"article","og_title":"Pra\u2019 del Moro, lezioni di fondo per oltre duecento studenti. Anche gli Alpini sugli sci. - Bellunopress - Dolomiti","og_description":"Prosegue a pieno ritmo l\u2019attivit\u00e0 sulla pista di sci di fondo in Pra&#8217; del Moro a Feltre, che continua ad attirare appassionati di tutte le et\u00e0. Il tracciato, innevato artificialmente, si presenta in ottime condizioni grazie alle basse temperature che permangono in questi giorni. Questa settimana la pista sar\u00e0 aperta al pubblico i pomeriggi dalle [&hellip;]","og_url":"https:\/\/www.bellunopress.it\/fr\/2026\/01\/11\/pra-del-moro-lezioni-di-fondo-per-oltre-duecento-studenti-anche-gli-alpini-sugli-sci\/","og_site_name":"Bellunopress - Dolomiti","article_publisher":"https:\/\/www.facebook.com\/profile.php?id=100008943462799","article_published_time":"2026-01-11T12:18:46+00:00","og_image":[{"width":600,"height":399,"url":"https:\/\/www.bellunopress.it\/wp-content\/uploads\/2026\/01\/pra-del-moro-feltre.jpg","type":"image\/jpeg"}],"author":"redazione","twitter_card":"summary_large_image","twitter_creator":"@bellunopress","twitter_site":"@bellunopress","twitter_misc":{"\u00c9crit par":"redazione","Dur\u00e9e de lecture estim\u00e9e":"3 minutes"},"schema":{"@context":"https:\/\/schema.org","@graph":[{"@type":"Article","@id":"https:\/\/www.bellunopress.it\/2026\/01\/11\/pra-del-moro-lezioni-di-fondo-per-oltre-duecento-studenti-anche-gli-alpini-sugli-sci\/#article","isPartOf":{"@id":"https:\/\/www.bellunopress.it\/2026\/01\/11\/pra-del-moro-lezioni-di-fondo-per-oltre-duecento-studenti-anche-gli-alpini-sugli-sci\/"},"author":{"name":"redazione","@id":"https:\/\/www.bellunopress.it\/#\/schema\/person\/79bb06722b37ece1c03d3e94beb30d73"},"headline":"Pra\u2019 del Moro, lezioni di fondo per oltre duecento studenti. Anche gli Alpini sugli sci.","datePublished":"2026-01-11T12:18:46+00:00","mainEntityOfPage":{"@id":"https:\/\/www.bellunopress.it\/2026\/01\/11\/pra-del-moro-lezioni-di-fondo-per-oltre-duecento-studenti-anche-gli-alpini-sugli-sci\/"},"wordCount":562,"publisher":{"@id":"https:\/\/www.bellunopress.it\/#organization"},"image":{"@id":"https:\/\/www.bellunopress.it\/2026\/01\/11\/pra-del-moro-lezioni-di-fondo-per-oltre-duecento-studenti-anche-gli-alpini-sugli-sci\/#primaryimage"},"thumbnailUrl":"https:\/\/www.bellunopress.it\/wp-content\/uploads\/2026\/01\/pra-del-moro-feltre.jpg","articleSection":["Sport, tempo libero"],"inLanguage":"fr-FR"},{"@type":"WebPage","@id":"https:\/\/www.bellunopress.it\/2026\/01\/11\/pra-del-moro-lezioni-di-fondo-per-oltre-duecento-studenti-anche-gli-alpini-sugli-sci\/","url":"https:\/\/www.bellunopress.it\/2026\/01\/11\/pra-del-moro-lezioni-di-fondo-per-oltre-duecento-studenti-anche-gli-alpini-sugli-sci\/","name":"Pra\u2019 del Moro, lezioni di fondo per oltre duecento studenti. Anche gli Alpini sugli sci. - Bellunopress - Dolomiti","isPartOf":{"@id":"https:\/\/www.bellunopress.it\/#website"},"primaryImageOfPage":{"@id":"https:\/\/www.bellunopress.it\/2026\/01\/11\/pra-del-moro-lezioni-di-fondo-per-oltre-duecento-studenti-anche-gli-alpini-sugli-sci\/#primaryimage"},"image":{"@id":"https:\/\/www.bellunopress.it\/2026\/01\/11\/pra-del-moro-lezioni-di-fondo-per-oltre-duecento-studenti-anche-gli-alpini-sugli-sci\/#primaryimage"},"thumbnailUrl":"https:\/\/www.bellunopress.it\/wp-content\/uploads\/2026\/01\/pra-del-moro-feltre.jpg","datePublished":"2026-01-11T12:18:46+00:00","breadcrumb":{"@id":"https:\/\/www.bellunopress.it\/2026\/01\/11\/pra-del-moro-lezioni-di-fondo-per-oltre-duecento-studenti-anche-gli-alpini-sugli-sci\/#breadcrumb"},"inLanguage":"fr-FR","potentialAction":[{"@type":"ReadAction","target":["https:\/\/www.bellunopress.it\/2026\/01\/11\/pra-del-moro-lezioni-di-fondo-per-oltre-duecento-studenti-anche-gli-alpini-sugli-sci\/"]}]},{"@type":"ImageObject","inLanguage":"fr-FR","@id":"https:\/\/www.bellunopress.it\/2026\/01\/11\/pra-del-moro-lezioni-di-fondo-per-oltre-duecento-studenti-anche-gli-alpini-sugli-sci\/#primaryimage","url":"https:\/\/www.bellunopress.it\/wp-content\/uploads\/2026\/01\/pra-del-moro-feltre.jpg","contentUrl":"https:\/\/www.bellunopress.it\/wp-content\/uploads\/2026\/01\/pra-del-moro-feltre.jpg","width":600,"height":399,"caption":"2\u00b0 Memorial Paolo Centa (Foto di Giuseppe D\u2019Alia)"},{"@type":"BreadcrumbList","@id":"https:\/\/www.bellunopress.it\/2026\/01\/11\/pra-del-moro-lezioni-di-fondo-per-oltre-duecento-studenti-anche-gli-alpini-sugli-sci\/#breadcrumb","itemListElement":[{"@type":"ListItem","position":1,"name":"Home","item":"https:\/\/www.bellunopress.it\/"},{"@type":"ListItem","position":2,"name":"Pra\u2019 del Moro, lezioni di fondo per oltre duecento studenti. Anche gli Alpini sugli sci."}]},{"@type":"WebSite","@id":"https:\/\/www.bellunopress.it\/#website","url":"https:\/\/www.bellunopress.it\/","name":"Bellunopress - Dolomiti","description":"e-mail: redazione@bellunopress.it","publisher":{"@id":"https:\/\/www.bellunopress.it\/#organization"},"potentialAction":[{"@type":"SearchAction","target":{"@type":"EntryPoint","urlTemplate":"https:\/\/www.bellunopress.it\/?s={search_term_string}"},"query-input":{"@type":"PropertyValueSpecification","valueRequired":true,"valueName":"search_term_string"}}],"inLanguage":"fr-FR"},{"@type":"Organization","@id":"https:\/\/www.bellunopress.it\/#organization","name":"Bellunopress","url":"https:\/\/www.bellunopress.it\/","logo":{"@type":"ImageObject","inLanguage":"fr-FR","@id":"https:\/\/www.bellunopress.it\/#\/schema\/logo\/image\/","url":"https:\/\/www.bellunopress.it\/wp-content\/uploads\/2011\/05\/cropped-logo-bellunopress-.jpg","contentUrl":"https:\/\/www.bellunopress.it\/wp-content\/uploads\/2011\/05\/cropped-logo-bellunopress-.jpg","width":512,"height":512,"caption":"Bellunopress"},"image":{"@id":"https:\/\/www.bellunopress.it\/#\/schema\/logo\/image\/"},"sameAs":["https:\/\/www.facebook.com\/profile.php?id=100008943462799","https:\/\/x.com\/bellunopress","https:\/\/www.linkedin.com\/hp\/?dnr=JBzUWaJfMUw8vbXJJ2tVW5-I3jZKvC4wsoxE&amp;amp;amp;amp;amp;amp;trk=nav_responsive_tab_home","https:\/\/www.youtube.com\/channel\/UCxL0wu1uN0_3_7hGG0306cw"]},{"@type":"Person","@id":"https:\/\/www.bellunopress.it\/#\/schema\/person\/79bb06722b37ece1c03d3e94beb30d73","name":"r\u00e9daction","image":{"@type":"ImageObject","inLanguage":"fr-FR","@id":"https:\/\/secure.gravatar.com\/avatar\/37d968a2e67a6fd04c169c4bdef102d0bc5d31b2546345219e348575eb80e9a0?s=96&d=mm&r=g","url":"https:\/\/secure.gravatar.com\/avatar\/37d968a2e67a6fd04c169c4bdef102d0bc5d31b2546345219e348575eb80e9a0?s=96&d=mm&r=g","contentUrl":"https:\/\/secure.gravatar.com\/avatar\/37d968a2e67a6fd04c169c4bdef102d0bc5d31b2546345219e348575eb80e9a0?s=96&d=mm&r=g","caption":"redazione"},"sameAs":["http:\/\/www.bellunopress.it","https:\/\/x.com\/bellunopress"],"url":"https:\/\/www.bellunopress.it\/fr\/author\/redazione\/"}]}},"_links":{"self":[{"href":"https:\/\/www.bellunopress.it\/fr\/wp-json\/wp\/v2\/posts\/166397","targetHints":{"allow":["GET"]}}],"collection":[{"href":"https:\/\/www.bellunopress.it\/fr\/wp-json\/wp\/v2\/posts"}],"about":[{"href":"https:\/\/www.bellunopress.it\/fr\/wp-json\/wp\/v2\/types\/post"}],"author":[{"embeddable":true,"href":"https:\/\/www.bellunopress.it\/fr\/wp-json\/wp\/v2\/users\/2"}],"replies":[{"embeddable":true,"href":"https:\/\/www.bellunopress.it\/fr\/wp-json\/wp\/v2\/comments?post=166397"}],"version-history":[{"count":1,"href":"https:\/\/www.bellunopress.it\/fr\/wp-json\/wp\/v2\/posts\/166397\/revisions"}],"predecessor-version":[{"id":166399,"href":"https:\/\/www.bellunopress.it\/fr\/wp-json\/wp\/v2\/posts\/166397\/revisions\/166399"}],"wp:featuredmedia":[{"embeddable":true,"href":"https:\/\/www.bellunopress.it\/fr\/wp-json\/wp\/v2\/media\/166398"}],"wp:attachment":[{"href":"https:\/\/www.bellunopress.it\/fr\/wp-json\/wp\/v2\/media?parent=166397"}],"wp:term":[{"taxonomy":"category","embeddable":true,"href":"https:\/\/www.bellunopress.it\/fr\/wp-json\/wp\/v2\/categories?post=166397"},{"taxonomy":"post_tag","embeddable":true,"href":"https:\/\/www.bellunopress.it\/fr\/wp-json\/wp\/v2\/tags?post=166397"}],"curies":[{"name":"wp","href":"https:\/\/api.w.org\/{rel}","templated":true}]}}