{"id":166385,"date":"2026-01-10T21:33:33","date_gmt":"2026-01-10T20:33:33","guid":{"rendered":"https:\/\/www.bellunopress.it\/?p=166385"},"modified":"2026-01-10T21:33:33","modified_gmt":"2026-01-10T20:33:33","slug":"nevegal-e-gestione-impianti-de-pellegrin-come-pubblico-abbiamo-fatto-la-nostra-parte","status":"publish","type":"post","link":"https:\/\/www.bellunopress.it\/fr\/2026\/01\/10\/nevegal-e-gestione-impianti-de-pellegrin-come-pubblico-abbiamo-fatto-la-nostra-parte\/","title":{"rendered":"Nevegal e gestione impianti. De Pellegrin: &#8220;Come pubblico abbiamo fatto la nostra parte&#8221;"},"content":{"rendered":"<figure id=\"attachment_151884\" aria-describedby=\"caption-attachment-151884\" style=\"width: 979px\" class=\"wp-caption aligncenter\"><img loading=\"lazy\" decoding=\"async\" class=\"size-full wp-image-151884\" src=\"https:\/\/www.bellunopress.it\/wp-content\/uploads\/2024\/06\/Oscar-De-Pellegrin-sindaco_edited.jpg\" alt=\"\" width=\"979\" height=\"1000\" srcset=\"https:\/\/www.bellunopress.it\/wp-content\/uploads\/2024\/06\/Oscar-De-Pellegrin-sindaco_edited.jpg 979w, https:\/\/www.bellunopress.it\/wp-content\/uploads\/2024\/06\/Oscar-De-Pellegrin-sindaco_edited-490x500.jpg 490w, https:\/\/www.bellunopress.it\/wp-content\/uploads\/2024\/06\/Oscar-De-Pellegrin-sindaco_edited-411x420.jpg 411w, https:\/\/www.bellunopress.it\/wp-content\/uploads\/2024\/06\/Oscar-De-Pellegrin-sindaco_edited-696x711.jpg 696w\" sizes=\"auto, (max-width: 979px) 100vw, 979px\" \/><figcaption id=\"caption-attachment-151884\" class=\"wp-caption-text\">Oscar De Pellegrin, sindaco di Belluno<\/figcaption><\/figure>\n<p>Belluno, 10 gennaio 2026\u00a0 \u201cDa oltre due anni stiamo lavorando per costruire un nuovo sistema per il Nevegal, un sistema che deve essere sostenibile nel tempo. Se crediamo davvero nelle potenzialit\u00e0 di questa montagna come stazione turistica, dobbiamo avere il coraggio di puntare su un modello capace di reggersi sulle proprie gambe\u201d.<\/p>\n<p>Cos\u00ec il sindaco di Belluno, Oscar De Pellegrin, apre una riflessione sul dibattito emerso in questi giorni attorno alla gestione del comprensorio.<\/p>\n<p>\u201cCome pubblico abbiamo fatto la nostra parte e continueremo a farla, ma nel lungo periodo serve un sistema virtuoso, in cui spese e introiti trovino un equilibrio reale \u2013 prosegue il Sindaco -. Le esperienze del passato dimostrano che le ricette adottate finora non hanno funzionato: diverse societ\u00e0 hanno lasciato il Nevegal. Per questo dispiace che qualcuno voglia ancora trasformare il Nevegal in un terreno di scontro politico. Il Nevegal deve essere una terra di tutti, non di nessuno. Stiamo sperimentando un nuovo metodo che sta gi\u00e0 dando frutti e che ha portato il nostro Colle in una condizione molto diversa rispetto a cinque anni fa, siamo in contatto costante con la Societ\u00e0, sappiamo come lavora e l\u2019impegno che sta mettendo\u201d.<\/p>\n<p>Nel merito delle questioni operative interviene la stessa societ\u00e0 degli impianti, Dolomiti Ski line, a chiarire come la gestione di una stazione sciistica moderna imponga scelte responsabili e fondate su dati reali, in particolare sull\u2019equilibrio tra affluenza e costi di esercizio.<\/p>\n<p>\u201cAprire gli impianti comporta costi certi e incomprimibili come personale, energia, sicurezza, manutenzione, che non diminuiscono nei giorni di scarsa affluenza; per questo le aperture vengono programmate secondo criteri gestionali e non ideologici, nell\u2019interesse della sostenibilit\u00e0 del progetto e della sua continuit\u00e0 nel tempo\u201d spiegano dalla societ\u00e0, evidenziando inoltre come, in una fase di avvio e consolidamento, \u00e8 fisiologico mettere in conto anche eventuali perdite, purch\u00e9 siano calcolate, sostenibili e inserite in una visione strutturata.<\/p>\n<p>\u201cIl nostro obiettivo \u00e8 costruire un modello solido e duraturo, non inseguire solo risultati immediati, che pur vanno perseguiti, a scapito dell\u2019equilibrio complessivo &#8211; sottolineano -. Grazie al lavoro svolto sull\u2019innevamento programmato e sulla manutenzione, la stagione sciistica \u00e8 garantita e il turista potr\u00e0 regolarmente sciare. Anche gli abbonati, attualmente in numero contenuto, potranno ammortizzare serenamente il costo dello skipass nell\u2019arco della stagione\u201d.<\/p>\n<p>Viene ribadito anche il ruolo storico del Nevegal come palestra dello sci veneto. \u201cGli impianti e le piste restano sempre a disposizione di Sci Club e Scuole Sci attraverso un sistema di prenotazione organizzato e trasparente \u2013 aggiungono -; anche nei giorni di chiusura al pubblico, le piste sono disponibili per gli allenamenti su prenotazione, un modello che \u00e8 stato apprezzato dagli Sci Club per continuit\u00e0 e sicurezza\u201d.<\/p>\n<p>Sul fronte degli investimenti, la societ\u00e0 ricorda gli interventi gi\u00e0 realizzati, tra i pi\u00f9 significativi degli ultimi anni, e conferma una visione pluriennale che prevede un\u2019apertura progressiva del comprensorio, la valorizzazione della doppia stagione e lo sviluppo di nuove attivit\u00e0, tra cui skiroll, pump track, pista sintetica, bike e downhill, con l\u2019obiettivo di rendere il Nevegal sempre pi\u00f9 attrattivo e sostenibile.<\/p>\n<p>\u201cIn relazione ai rapporti con la Scuola Sci non esiste alcuna contrapposizione \u2013 concludono da Dolomiti Ski line -: il confronto \u00e8 improntato alla collaborazione, alla condivisione delle regole e al rispetto reciproco, con la concessione anche di agevolazioni per i maestri. Il futuro del Nevegal si costruisce con responsabilit\u00e0, numeri, investimenti e collaborazione tra istituzioni e operatori. Spiace constatare un catastrofismo che non fa bene al territorio e ad una societ\u00e0 che sta facendo tanto con impegno e finalmente una progettazione chiara\u201d.<\/p>\n<p>\u201cIl Nevegal \u00e8 una frazione, ma allo stesso tempo un grande polo turistico che riguarda tutta la Citt\u00e0 \u2013 le parole dell\u2019assessore alle frazioni, Marco Dal Pont -. Come Amministrazione abbiamo sempre dimostrato attenzione verso questo territorio, ma \u00e8 importante anche lasciare lavorare chi oggi sta investendo competenze ed energie. Serve fiducia nei confronti di Dolomiti Ski line e, pi\u00f9 in generale, del progetto We Love Nevegal per costruire un percorso serio e davvero duraturo\u201d.<\/p>\n<p>&nbsp;<\/p>\n<p>&nbsp;<\/p>","protected":false},"excerpt":{"rendered":"<p>Belluno, 10 gennaio 2026\u00a0 \u201cDa oltre due anni stiamo lavorando per costruire un nuovo sistema per il Nevegal, un sistema che deve essere sostenibile nel tempo. Se crediamo davvero nelle potenzialit\u00e0 di questa montagna come stazione turistica, dobbiamo avere il coraggio di puntare su un modello capace di reggersi sulle proprie gambe\u201d. Cos\u00ec il sindaco [&hellip;]<\/p>\n","protected":false},"author":2,"featured_media":151884,"comment_status":"closed","ping_status":"open","sticky":false,"template":"","format":"standard","meta":{"footnotes":""},"categories":[26,8],"tags":[],"class_list":["post-166385","post","type-post","status-publish","format-standard","has-post-thumbnail","category-prima-pagina","category-societa-istituzioni"],"yoast_head":"<!-- This site is optimized with the Yoast SEO plugin v28.4 - https:\/\/yoast.com\/product\/yoast-seo-wordpress\/ -->\n<title>Nevegal e gestione impianti. De Pellegrin: &quot;Come pubblico abbiamo fatto la nostra parte&quot; - Bellunopress - Dolomiti<\/title>\n<meta name=\"robots\" content=\"index, follow, max-snippet:-1, max-image-preview:large, max-video-preview:-1\" \/>\n<link rel=\"canonical\" href=\"https:\/\/www.bellunopress.it\/fr\/2026\/01\/10\/nevegal-e-gestione-impianti-de-pellegrin-come-pubblico-abbiamo-fatto-la-nostra-parte\/\" \/>\n<meta property=\"og:locale\" content=\"fr_FR\" \/>\n<meta property=\"og:type\" content=\"article\" \/>\n<meta property=\"og:title\" content=\"Nevegal e gestione impianti. De Pellegrin: &quot;Come pubblico abbiamo fatto la nostra parte&quot; - Bellunopress - Dolomiti\" \/>\n<meta property=\"og:description\" content=\"Belluno, 10 gennaio 2026\u00a0 \u201cDa oltre due anni stiamo lavorando per costruire un nuovo sistema per il Nevegal, un sistema che deve essere sostenibile nel tempo. Se crediamo davvero nelle potenzialit\u00e0 di questa montagna come stazione turistica, dobbiamo avere il coraggio di puntare su un modello capace di reggersi sulle proprie gambe\u201d. Cos\u00ec il sindaco [&hellip;]\" \/>\n<meta property=\"og:url\" content=\"https:\/\/www.bellunopress.it\/fr\/2026\/01\/10\/nevegal-e-gestione-impianti-de-pellegrin-come-pubblico-abbiamo-fatto-la-nostra-parte\/\" \/>\n<meta property=\"og:site_name\" content=\"Bellunopress - Dolomiti\" \/>\n<meta property=\"article:publisher\" content=\"https:\/\/www.facebook.com\/profile.php?id=100008943462799\" \/>\n<meta property=\"article:published_time\" content=\"2026-01-10T20:33:33+00:00\" \/>\n<meta property=\"og:image\" content=\"https:\/\/www.bellunopress.it\/wp-content\/uploads\/2024\/06\/Oscar-De-Pellegrin-sindaco_edited.jpg\" \/>\n\t<meta property=\"og:image:width\" content=\"979\" \/>\n\t<meta property=\"og:image:height\" content=\"1000\" \/>\n\t<meta property=\"og:image:type\" content=\"image\/jpeg\" \/>\n<meta name=\"author\" content=\"redazione\" \/>\n<meta name=\"twitter:card\" content=\"summary_large_image\" \/>\n<meta name=\"twitter:creator\" content=\"@bellunopress\" \/>\n<meta name=\"twitter:site\" content=\"@bellunopress\" \/>\n<meta name=\"twitter:label1\" content=\"\u00c9crit par\" \/>\n\t<meta name=\"twitter:data1\" content=\"redazione\" \/>\n\t<meta name=\"twitter:label2\" content=\"Dur\u00e9e de lecture estim\u00e9e\" \/>\n\t<meta name=\"twitter:data2\" content=\"3 minutes\" \/>\n<script type=\"application\/ld+json\" class=\"yoast-schema-graph\">{\"@context\":\"https:\\\/\\\/schema.org\",\"@graph\":[{\"@type\":\"Article\",\"@id\":\"https:\\\/\\\/www.bellunopress.it\\\/2026\\\/01\\\/10\\\/nevegal-e-gestione-impianti-de-pellegrin-come-pubblico-abbiamo-fatto-la-nostra-parte\\\/#article\",\"isPartOf\":{\"@id\":\"https:\\\/\\\/www.bellunopress.it\\\/2026\\\/01\\\/10\\\/nevegal-e-gestione-impianti-de-pellegrin-come-pubblico-abbiamo-fatto-la-nostra-parte\\\/\"},\"author\":{\"name\":\"redazione\",\"@id\":\"https:\\\/\\\/www.bellunopress.it\\\/#\\\/schema\\\/person\\\/79bb06722b37ece1c03d3e94beb30d73\"},\"headline\":\"Nevegal e gestione impianti. De Pellegrin: &#8220;Come pubblico abbiamo fatto la nostra parte&#8221;\",\"datePublished\":\"2026-01-10T20:33:33+00:00\",\"mainEntityOfPage\":{\"@id\":\"https:\\\/\\\/www.bellunopress.it\\\/2026\\\/01\\\/10\\\/nevegal-e-gestione-impianti-de-pellegrin-come-pubblico-abbiamo-fatto-la-nostra-parte\\\/\"},\"wordCount\":685,\"publisher\":{\"@id\":\"https:\\\/\\\/www.bellunopress.it\\\/#organization\"},\"image\":{\"@id\":\"https:\\\/\\\/www.bellunopress.it\\\/2026\\\/01\\\/10\\\/nevegal-e-gestione-impianti-de-pellegrin-come-pubblico-abbiamo-fatto-la-nostra-parte\\\/#primaryimage\"},\"thumbnailUrl\":\"https:\\\/\\\/www.bellunopress.it\\\/wp-content\\\/uploads\\\/2024\\\/06\\\/Oscar-De-Pellegrin-sindaco_edited.jpg\",\"articleSection\":[\"Prima Pagina\",\"Societ\u00e0, Associazioni, Istituzioni\"],\"inLanguage\":\"fr-FR\"},{\"@type\":\"WebPage\",\"@id\":\"https:\\\/\\\/www.bellunopress.it\\\/2026\\\/01\\\/10\\\/nevegal-e-gestione-impianti-de-pellegrin-come-pubblico-abbiamo-fatto-la-nostra-parte\\\/\",\"url\":\"https:\\\/\\\/www.bellunopress.it\\\/2026\\\/01\\\/10\\\/nevegal-e-gestione-impianti-de-pellegrin-come-pubblico-abbiamo-fatto-la-nostra-parte\\\/\",\"name\":\"Nevegal e gestione impianti. De Pellegrin: \\\"Come pubblico abbiamo fatto la nostra parte\\\" - Bellunopress - Dolomiti\",\"isPartOf\":{\"@id\":\"https:\\\/\\\/www.bellunopress.it\\\/#website\"},\"primaryImageOfPage\":{\"@id\":\"https:\\\/\\\/www.bellunopress.it\\\/2026\\\/01\\\/10\\\/nevegal-e-gestione-impianti-de-pellegrin-come-pubblico-abbiamo-fatto-la-nostra-parte\\\/#primaryimage\"},\"image\":{\"@id\":\"https:\\\/\\\/www.bellunopress.it\\\/2026\\\/01\\\/10\\\/nevegal-e-gestione-impianti-de-pellegrin-come-pubblico-abbiamo-fatto-la-nostra-parte\\\/#primaryimage\"},\"thumbnailUrl\":\"https:\\\/\\\/www.bellunopress.it\\\/wp-content\\\/uploads\\\/2024\\\/06\\\/Oscar-De-Pellegrin-sindaco_edited.jpg\",\"datePublished\":\"2026-01-10T20:33:33+00:00\",\"breadcrumb\":{\"@id\":\"https:\\\/\\\/www.bellunopress.it\\\/2026\\\/01\\\/10\\\/nevegal-e-gestione-impianti-de-pellegrin-come-pubblico-abbiamo-fatto-la-nostra-parte\\\/#breadcrumb\"},\"inLanguage\":\"fr-FR\",\"potentialAction\":[{\"@type\":\"ReadAction\",\"target\":[\"https:\\\/\\\/www.bellunopress.it\\\/2026\\\/01\\\/10\\\/nevegal-e-gestione-impianti-de-pellegrin-come-pubblico-abbiamo-fatto-la-nostra-parte\\\/\"]}]},{\"@type\":\"ImageObject\",\"inLanguage\":\"fr-FR\",\"@id\":\"https:\\\/\\\/www.bellunopress.it\\\/2026\\\/01\\\/10\\\/nevegal-e-gestione-impianti-de-pellegrin-come-pubblico-abbiamo-fatto-la-nostra-parte\\\/#primaryimage\",\"url\":\"https:\\\/\\\/www.bellunopress.it\\\/wp-content\\\/uploads\\\/2024\\\/06\\\/Oscar-De-Pellegrin-sindaco_edited.jpg\",\"contentUrl\":\"https:\\\/\\\/www.bellunopress.it\\\/wp-content\\\/uploads\\\/2024\\\/06\\\/Oscar-De-Pellegrin-sindaco_edited.jpg\",\"width\":979,\"height\":1000,\"caption\":\"Oscar De Pellegrin, sindaco di Belluno\"},{\"@type\":\"BreadcrumbList\",\"@id\":\"https:\\\/\\\/www.bellunopress.it\\\/2026\\\/01\\\/10\\\/nevegal-e-gestione-impianti-de-pellegrin-come-pubblico-abbiamo-fatto-la-nostra-parte\\\/#breadcrumb\",\"itemListElement\":[{\"@type\":\"ListItem\",\"position\":1,\"name\":\"Home\",\"item\":\"https:\\\/\\\/www.bellunopress.it\\\/\"},{\"@type\":\"ListItem\",\"position\":2,\"name\":\"Nevegal e gestione impianti. De Pellegrin: &#8220;Come pubblico abbiamo fatto la nostra parte&#8221;\"}]},{\"@type\":\"WebSite\",\"@id\":\"https:\\\/\\\/www.bellunopress.it\\\/#website\",\"url\":\"https:\\\/\\\/www.bellunopress.it\\\/\",\"name\":\"Bellunopress - Dolomiti\",\"description\":\"e-mail: redazione@bellunopress.it\",\"publisher\":{\"@id\":\"https:\\\/\\\/www.bellunopress.it\\\/#organization\"},\"potentialAction\":[{\"@type\":\"SearchAction\",\"target\":{\"@type\":\"EntryPoint\",\"urlTemplate\":\"https:\\\/\\\/www.bellunopress.it\\\/?s={search_term_string}\"},\"query-input\":{\"@type\":\"PropertyValueSpecification\",\"valueRequired\":true,\"valueName\":\"search_term_string\"}}],\"inLanguage\":\"fr-FR\"},{\"@type\":\"Organization\",\"@id\":\"https:\\\/\\\/www.bellunopress.it\\\/#organization\",\"name\":\"Bellunopress\",\"url\":\"https:\\\/\\\/www.bellunopress.it\\\/\",\"logo\":{\"@type\":\"ImageObject\",\"inLanguage\":\"fr-FR\",\"@id\":\"https:\\\/\\\/www.bellunopress.it\\\/#\\\/schema\\\/logo\\\/image\\\/\",\"url\":\"https:\\\/\\\/www.bellunopress.it\\\/wp-content\\\/uploads\\\/2011\\\/05\\\/cropped-logo-bellunopress-.jpg\",\"contentUrl\":\"https:\\\/\\\/www.bellunopress.it\\\/wp-content\\\/uploads\\\/2011\\\/05\\\/cropped-logo-bellunopress-.jpg\",\"width\":512,\"height\":512,\"caption\":\"Bellunopress\"},\"image\":{\"@id\":\"https:\\\/\\\/www.bellunopress.it\\\/#\\\/schema\\\/logo\\\/image\\\/\"},\"sameAs\":[\"https:\\\/\\\/www.facebook.com\\\/profile.php?id=100008943462799\",\"https:\\\/\\\/x.com\\\/bellunopress\",\"https:\\\/\\\/www.linkedin.com\\\/hp\\\/?dnr=JBzUWaJfMUw8vbXJJ2tVW5-I3jZKvC4wsoxE&amp;amp;amp;amp;amp;amp;trk=nav_responsive_tab_home\",\"https:\\\/\\\/www.youtube.com\\\/channel\\\/UCxL0wu1uN0_3_7hGG0306cw\"]},{\"@type\":\"Person\",\"@id\":\"https:\\\/\\\/www.bellunopress.it\\\/#\\\/schema\\\/person\\\/79bb06722b37ece1c03d3e94beb30d73\",\"name\":\"redazione\",\"image\":{\"@type\":\"ImageObject\",\"inLanguage\":\"fr-FR\",\"@id\":\"https:\\\/\\\/secure.gravatar.com\\\/avatar\\\/37d968a2e67a6fd04c169c4bdef102d0bc5d31b2546345219e348575eb80e9a0?s=96&d=mm&r=g\",\"url\":\"https:\\\/\\\/secure.gravatar.com\\\/avatar\\\/37d968a2e67a6fd04c169c4bdef102d0bc5d31b2546345219e348575eb80e9a0?s=96&d=mm&r=g\",\"contentUrl\":\"https:\\\/\\\/secure.gravatar.com\\\/avatar\\\/37d968a2e67a6fd04c169c4bdef102d0bc5d31b2546345219e348575eb80e9a0?s=96&d=mm&r=g\",\"caption\":\"redazione\"},\"sameAs\":[\"http:\\\/\\\/www.bellunopress.it\",\"https:\\\/\\\/x.com\\\/bellunopress\"],\"url\":\"https:\\\/\\\/www.bellunopress.it\\\/fr\\\/author\\\/redazione\\\/\"}]}<\/script>\n<!-- \/ Yoast SEO plugin. -->","yoast_head_json":{"title":"Nevegal e gestione impianti. De Pellegrin: \"Come pubblico abbiamo fatto la nostra parte\" - Bellunopress - Dolomiti","robots":{"index":"index","follow":"follow","max-snippet":"max-snippet:-1","max-image-preview":"max-image-preview:large","max-video-preview":"max-video-preview:-1"},"canonical":"https:\/\/www.bellunopress.it\/fr\/2026\/01\/10\/nevegal-e-gestione-impianti-de-pellegrin-come-pubblico-abbiamo-fatto-la-nostra-parte\/","og_locale":"fr_FR","og_type":"article","og_title":"Nevegal e gestione impianti. De Pellegrin: \"Come pubblico abbiamo fatto la nostra parte\" - Bellunopress - Dolomiti","og_description":"Belluno, 10 gennaio 2026\u00a0 \u201cDa oltre due anni stiamo lavorando per costruire un nuovo sistema per il Nevegal, un sistema che deve essere sostenibile nel tempo. Se crediamo davvero nelle potenzialit\u00e0 di questa montagna come stazione turistica, dobbiamo avere il coraggio di puntare su un modello capace di reggersi sulle proprie gambe\u201d. Cos\u00ec il sindaco [&hellip;]","og_url":"https:\/\/www.bellunopress.it\/fr\/2026\/01\/10\/nevegal-e-gestione-impianti-de-pellegrin-come-pubblico-abbiamo-fatto-la-nostra-parte\/","og_site_name":"Bellunopress - Dolomiti","article_publisher":"https:\/\/www.facebook.com\/profile.php?id=100008943462799","article_published_time":"2026-01-10T20:33:33+00:00","og_image":[{"width":979,"height":1000,"url":"https:\/\/www.bellunopress.it\/wp-content\/uploads\/2024\/06\/Oscar-De-Pellegrin-sindaco_edited.jpg","type":"image\/jpeg"}],"author":"redazione","twitter_card":"summary_large_image","twitter_creator":"@bellunopress","twitter_site":"@bellunopress","twitter_misc":{"\u00c9crit par":"redazione","Dur\u00e9e de lecture estim\u00e9e":"3 minutes"},"schema":{"@context":"https:\/\/schema.org","@graph":[{"@type":"Article","@id":"https:\/\/www.bellunopress.it\/2026\/01\/10\/nevegal-e-gestione-impianti-de-pellegrin-come-pubblico-abbiamo-fatto-la-nostra-parte\/#article","isPartOf":{"@id":"https:\/\/www.bellunopress.it\/2026\/01\/10\/nevegal-e-gestione-impianti-de-pellegrin-come-pubblico-abbiamo-fatto-la-nostra-parte\/"},"author":{"name":"redazione","@id":"https:\/\/www.bellunopress.it\/#\/schema\/person\/79bb06722b37ece1c03d3e94beb30d73"},"headline":"Nevegal e gestione impianti. De Pellegrin: &#8220;Come pubblico abbiamo fatto la nostra parte&#8221;","datePublished":"2026-01-10T20:33:33+00:00","mainEntityOfPage":{"@id":"https:\/\/www.bellunopress.it\/2026\/01\/10\/nevegal-e-gestione-impianti-de-pellegrin-come-pubblico-abbiamo-fatto-la-nostra-parte\/"},"wordCount":685,"publisher":{"@id":"https:\/\/www.bellunopress.it\/#organization"},"image":{"@id":"https:\/\/www.bellunopress.it\/2026\/01\/10\/nevegal-e-gestione-impianti-de-pellegrin-come-pubblico-abbiamo-fatto-la-nostra-parte\/#primaryimage"},"thumbnailUrl":"https:\/\/www.bellunopress.it\/wp-content\/uploads\/2024\/06\/Oscar-De-Pellegrin-sindaco_edited.jpg","articleSection":["Prima Pagina","Societ\u00e0, Associazioni, Istituzioni"],"inLanguage":"fr-FR"},{"@type":"WebPage","@id":"https:\/\/www.bellunopress.it\/2026\/01\/10\/nevegal-e-gestione-impianti-de-pellegrin-come-pubblico-abbiamo-fatto-la-nostra-parte\/","url":"https:\/\/www.bellunopress.it\/2026\/01\/10\/nevegal-e-gestione-impianti-de-pellegrin-come-pubblico-abbiamo-fatto-la-nostra-parte\/","name":"Nevegal e gestione impianti. De Pellegrin: \"Come pubblico abbiamo fatto la nostra parte\" - Bellunopress - Dolomiti","isPartOf":{"@id":"https:\/\/www.bellunopress.it\/#website"},"primaryImageOfPage":{"@id":"https:\/\/www.bellunopress.it\/2026\/01\/10\/nevegal-e-gestione-impianti-de-pellegrin-come-pubblico-abbiamo-fatto-la-nostra-parte\/#primaryimage"},"image":{"@id":"https:\/\/www.bellunopress.it\/2026\/01\/10\/nevegal-e-gestione-impianti-de-pellegrin-come-pubblico-abbiamo-fatto-la-nostra-parte\/#primaryimage"},"thumbnailUrl":"https:\/\/www.bellunopress.it\/wp-content\/uploads\/2024\/06\/Oscar-De-Pellegrin-sindaco_edited.jpg","datePublished":"2026-01-10T20:33:33+00:00","breadcrumb":{"@id":"https:\/\/www.bellunopress.it\/2026\/01\/10\/nevegal-e-gestione-impianti-de-pellegrin-come-pubblico-abbiamo-fatto-la-nostra-parte\/#breadcrumb"},"inLanguage":"fr-FR","potentialAction":[{"@type":"ReadAction","target":["https:\/\/www.bellunopress.it\/2026\/01\/10\/nevegal-e-gestione-impianti-de-pellegrin-come-pubblico-abbiamo-fatto-la-nostra-parte\/"]}]},{"@type":"ImageObject","inLanguage":"fr-FR","@id":"https:\/\/www.bellunopress.it\/2026\/01\/10\/nevegal-e-gestione-impianti-de-pellegrin-come-pubblico-abbiamo-fatto-la-nostra-parte\/#primaryimage","url":"https:\/\/www.bellunopress.it\/wp-content\/uploads\/2024\/06\/Oscar-De-Pellegrin-sindaco_edited.jpg","contentUrl":"https:\/\/www.bellunopress.it\/wp-content\/uploads\/2024\/06\/Oscar-De-Pellegrin-sindaco_edited.jpg","width":979,"height":1000,"caption":"Oscar De Pellegrin, sindaco di Belluno"},{"@type":"BreadcrumbList","@id":"https:\/\/www.bellunopress.it\/2026\/01\/10\/nevegal-e-gestione-impianti-de-pellegrin-come-pubblico-abbiamo-fatto-la-nostra-parte\/#breadcrumb","itemListElement":[{"@type":"ListItem","position":1,"name":"Home","item":"https:\/\/www.bellunopress.it\/"},{"@type":"ListItem","position":2,"name":"Nevegal e gestione impianti. De Pellegrin: &#8220;Come pubblico abbiamo fatto la nostra parte&#8221;"}]},{"@type":"WebSite","@id":"https:\/\/www.bellunopress.it\/#website","url":"https:\/\/www.bellunopress.it\/","name":"Bellunopress - Dolomiti","description":"e-mail: redazione@bellunopress.it","publisher":{"@id":"https:\/\/www.bellunopress.it\/#organization"},"potentialAction":[{"@type":"SearchAction","target":{"@type":"EntryPoint","urlTemplate":"https:\/\/www.bellunopress.it\/?s={search_term_string}"},"query-input":{"@type":"PropertyValueSpecification","valueRequired":true,"valueName":"search_term_string"}}],"inLanguage":"fr-FR"},{"@type":"Organization","@id":"https:\/\/www.bellunopress.it\/#organization","name":"Bellunopress","url":"https:\/\/www.bellunopress.it\/","logo":{"@type":"ImageObject","inLanguage":"fr-FR","@id":"https:\/\/www.bellunopress.it\/#\/schema\/logo\/image\/","url":"https:\/\/www.bellunopress.it\/wp-content\/uploads\/2011\/05\/cropped-logo-bellunopress-.jpg","contentUrl":"https:\/\/www.bellunopress.it\/wp-content\/uploads\/2011\/05\/cropped-logo-bellunopress-.jpg","width":512,"height":512,"caption":"Bellunopress"},"image":{"@id":"https:\/\/www.bellunopress.it\/#\/schema\/logo\/image\/"},"sameAs":["https:\/\/www.facebook.com\/profile.php?id=100008943462799","https:\/\/x.com\/bellunopress","https:\/\/www.linkedin.com\/hp\/?dnr=JBzUWaJfMUw8vbXJJ2tVW5-I3jZKvC4wsoxE&amp;amp;amp;amp;amp;amp;trk=nav_responsive_tab_home","https:\/\/www.youtube.com\/channel\/UCxL0wu1uN0_3_7hGG0306cw"]},{"@type":"Person","@id":"https:\/\/www.bellunopress.it\/#\/schema\/person\/79bb06722b37ece1c03d3e94beb30d73","name":"r\u00e9daction","image":{"@type":"ImageObject","inLanguage":"fr-FR","@id":"https:\/\/secure.gravatar.com\/avatar\/37d968a2e67a6fd04c169c4bdef102d0bc5d31b2546345219e348575eb80e9a0?s=96&d=mm&r=g","url":"https:\/\/secure.gravatar.com\/avatar\/37d968a2e67a6fd04c169c4bdef102d0bc5d31b2546345219e348575eb80e9a0?s=96&d=mm&r=g","contentUrl":"https:\/\/secure.gravatar.com\/avatar\/37d968a2e67a6fd04c169c4bdef102d0bc5d31b2546345219e348575eb80e9a0?s=96&d=mm&r=g","caption":"redazione"},"sameAs":["http:\/\/www.bellunopress.it","https:\/\/x.com\/bellunopress"],"url":"https:\/\/www.bellunopress.it\/fr\/author\/redazione\/"}]}},"_links":{"self":[{"href":"https:\/\/www.bellunopress.it\/fr\/wp-json\/wp\/v2\/posts\/166385","targetHints":{"allow":["GET"]}}],"collection":[{"href":"https:\/\/www.bellunopress.it\/fr\/wp-json\/wp\/v2\/posts"}],"about":[{"href":"https:\/\/www.bellunopress.it\/fr\/wp-json\/wp\/v2\/types\/post"}],"author":[{"embeddable":true,"href":"https:\/\/www.bellunopress.it\/fr\/wp-json\/wp\/v2\/users\/2"}],"replies":[{"embeddable":true,"href":"https:\/\/www.bellunopress.it\/fr\/wp-json\/wp\/v2\/comments?post=166385"}],"version-history":[{"count":1,"href":"https:\/\/www.bellunopress.it\/fr\/wp-json\/wp\/v2\/posts\/166385\/revisions"}],"predecessor-version":[{"id":166386,"href":"https:\/\/www.bellunopress.it\/fr\/wp-json\/wp\/v2\/posts\/166385\/revisions\/166386"}],"wp:featuredmedia":[{"embeddable":true,"href":"https:\/\/www.bellunopress.it\/fr\/wp-json\/wp\/v2\/media\/151884"}],"wp:attachment":[{"href":"https:\/\/www.bellunopress.it\/fr\/wp-json\/wp\/v2\/media?parent=166385"}],"wp:term":[{"taxonomy":"category","embeddable":true,"href":"https:\/\/www.bellunopress.it\/fr\/wp-json\/wp\/v2\/categories?post=166385"},{"taxonomy":"post_tag","embeddable":true,"href":"https:\/\/www.bellunopress.it\/fr\/wp-json\/wp\/v2\/tags?post=166385"}],"curies":[{"name":"wp","href":"https:\/\/api.w.org\/{rel}","templated":true}]}}