{"id":166374,"date":"2026-01-11T11:30:32","date_gmt":"2026-01-11T10:30:32","guid":{"rendered":"https:\/\/www.bellunopress.it\/?p=166374"},"modified":"2026-01-10T10:16:39","modified_gmt":"2026-01-10T09:16:39","slug":"luomo-sbagliato-uninchiesta-dal-vivo-a-teatro-un-caso-di-cronaca-che-scuote-le-coscienze","status":"publish","type":"post","link":"https:\/\/www.bellunopress.it\/fr\/2026\/01\/11\/luomo-sbagliato-uninchiesta-dal-vivo-a-teatro-un-caso-di-cronaca-che-scuote-le-coscienze\/","title":{"rendered":"L&#8217;uomo sbagliato \u2013 Un&#8217;inchiesta dal vivo. A teatro un caso di cronaca che scuote le coscienze"},"content":{"rendered":"<p><strong><img loading=\"lazy\" decoding=\"async\" class=\"aligncenter size-full wp-image-166375\" src=\"https:\/\/www.bellunopress.it\/wp-content\/uploads\/2026\/01\/Pablo-Trincia-Luomo-sbagliato.jpg\" alt=\"\" width=\"600\" height=\"600\" srcset=\"https:\/\/www.bellunopress.it\/wp-content\/uploads\/2026\/01\/Pablo-Trincia-Luomo-sbagliato.jpg 600w, https:\/\/www.bellunopress.it\/wp-content\/uploads\/2026\/01\/Pablo-Trincia-Luomo-sbagliato-500x500.jpg 500w, https:\/\/www.bellunopress.it\/wp-content\/uploads\/2026\/01\/Pablo-Trincia-Luomo-sbagliato-300x300.jpg 300w, https:\/\/www.bellunopress.it\/wp-content\/uploads\/2026\/01\/Pablo-Trincia-Luomo-sbagliato-420x420.jpg 420w\" sizes=\"auto, (max-width: 600px) 100vw, 600px\" \/>La storia agghiacciante di Ezzeddine Sebai, serial killer tunisino che, nel 2006, confessa dal carcere 14 omicidi di donne anziane\u00a0<\/strong><\/p>\n<p><strong>Decine di processi gi\u00e0 conclusi. In alcuni di quei delitti sono state condannate persone innocenti<\/strong><\/p>\n<p>\u00c8 diventato in poche settimane uno dei casi teatrali pi\u00f9 sorprendenti della stagione 2025\u20132026. &#8220;L&#8217;Uomo Sbagliato \u2013 Un&#8217;inchiesta dal vivo&#8221;, il progetto teatrale di Pablo Trincia, sta registrando un entusiasmo senza precedenti: Milano e Bologna hanno bruciato in pochi giorni tutti i biglietti disponibili, con il sold out al Teatro Arcimboldi (2 febbraio 2026) e all&#8217;Europauditorium (9 gennaio 2026), spingendo la produzione ad annunciare nuove repliche e ad ampliare il calendario della tourn\u00e9e, che conferma il tutto esaurito in molte citt\u00e0 italiane. La tourn\u00e9e, che partir\u00e0 il 13 dicembre 2025, attraverser\u00e0 i principali teatri italiani, accompagnando il pubblico dentro una storia oscura e una verit\u00e0 scomoda. Biglietti disponibili su TicketOne e nei circuiti autorizzati.<\/p>\n<p>Al centro dello spettacolo, firmato allo stesso Trincia con Debora Campanella, la storia agghiacciante di Ezzeddine Sebai, serial killer tunisino che, nel 2006, confessa dal carcere ben quattordici omicidi di donne anziane commessi nel sud Italia a met\u00e0 anni &#8217;90. Una rivelazione che mette in crisi decine di processi gi\u00e0 conclusi e sentenze passate in giudicato: per alcuni di quei delitti, infatti, sono state condannate persone innocenti, che da anni si battono per dimostrare la propria estraneit\u00e0 ai fatti. &#8220;Porter\u00f2 a teatro un terribile caso di cronaca giudiziaria \u2013 spiega Trincia \u2013 una vicenda piena di errori investigativi che hanno avuto conseguenze pesantissime su intere famiglie gi\u00e0 indebolite dalla povert\u00e0 e dall&#8217;indigenza. L&#8217;idea \u00e8 quella di trascinare il pubblico dentro alla storia, di fargli vivere un viaggio attraverso le ombre della malagiustizia italiana, per uscire dal teatro con la testa piena di domande e il cuore colmo di indignazione.&#8221;<\/p>\n<p>Attraverso video, testimonianze originali, documenti processuali e immagini d&#8217;archivio, &#8220;L&#8217;Uomo Sbagliato&#8221; racconta una vicenda vera e disturbante, un&#8217;inchiesta giornalistica che diventa spettacolo dal vivo e si trasforma in un&#8217;esperienza immersiva, capace di scuotere coscienze e riportare sotto i riflettori una verit\u00e0 scomoda. Questo progetto rappresenta un punto di svolta nel modo di raccontare l&#8217;attualit\u00e0 e la cronaca: un modo nuovo, coraggioso e profondamente umano. &#8220;Era da tempo che sognavo di raccontare una storia nei teatri del nostro Paese \u2013 conclude Trincia \u2013 ora finalmente ho l&#8217;opportunit\u00e0 di farlo. Adoro il palco, l&#8217;attesa, l&#8217;energia, l&#8217;idea di stare in mezzo alle persone, sentirle respirare mentre ascoltano una storia che brucia. Il teatro segna per me l&#8217;inizio di un nuovo percorso professionale e di una nuova fase della mia vita.&#8221;<\/p>\n<p>&#8220;L&#8217;UOMO SBAGLIATO \u2013 Un&#8217;inchiesta dal vivo&#8221; \u00e8 scritto da Debora Campanella e Pablo Trincia, con il contributo di Martina Cataldo. Prodotto e distribuito da: Gianluca Bonanno per Ventidieci e Stefano Francioni produzioni. Management: Isa Arrigoni.<\/p>\n<p>Di seguito il calendario in aggiornamento:<\/p>\n<p>LATINA, 13 dicembre 2025. Teatro D&#8217;Annunzio (data zero)<\/p>\n<p>AOSTA, 22 dicembre 2025. Teatro Splendor (sold out)<\/p>\n<p>GENOVA, 7 gennaio 2026. Politeama Genovese (sold out)<\/p>\n<p>BOLOGNA, 9 gennaio 2026. EuropaAuditorium (sold out)<\/p>\n<p>BOLOGNA, 10 gennaio 2026. EuropaAuditorium (sold out)<\/p>\n<p>ANCONA, 11 gennaio 2026. Teatro Le Muse (sold out)<\/p>\n<p>ROMA, 12 gennaio 2026. Teatro Brancaccio (sold out)<\/p>\n<p>ROMA, 13 gennaio 2026. Teatro Brancaccio (sold out)<\/p>\n<p>FIRENZE, 23 gennaio 2026. Teatro Cartiere Carrara (sold out)<\/p>\n<p>BERGAMO, 24 gennaio 2026. ChorusLife Arena (sold out)<\/p>\n<p>BERGAMO, 25 gennaio 2026. ChorusLife Arena<\/p>\n<p>BOLOGNA, 28 gennaio 2026. EuropaAuditorium (sold out)<\/p>\n<p>MILANO, 2 febbraio 2026. Teatro Arcimboldi (sold out)<\/p>\n<p>PALERMO, 5 febbraio 2026. Teatro Golden<\/p>\n<p>CATANIA, 6 febbraio 2026. Teatro Metropolitan<\/p>\n<p>UDINE, 18 febbraio. Teatro Nuovo. Giovanni da Udine<\/p>\n<p>PESCARA, 21 febbraio 2026. Teatro Massimo<\/p>\n<p>FIRENZE, 23 febbraio 2026. Teatro Cartiere Carrara<\/p>\n<p>TRENTO, 5 marzo 2026. Auditorium Santa Chiara (sold out)<\/p>\n<p>BRESCIA, 6 marzo 2026. Teatro Clerici (sold out)<\/p>\n<p>PADOVA, 7 marzo 2026. Teatro Geox (sold out)<\/p>\n<p>PADOVA, 8 marzo 2026. Teatro Geox<\/p>\n<p>MILANO, 9 marzo 2026. Teatro Arcimboldi (sold out)<\/p>\n<p>PIACENZA, 10 marzo 2026. Teatro Politeama<\/p>\n<p>ROMA, 16 marzo 2026. Teatro Brancaccio<\/p>\n<p>TORINO, 20 marzo 2026. Teatro Colosseo (sold out)<\/p>\n<p>TORINO, 21 marzo 2026. Teatro Colosseo (sold out)<\/p>\n<p>TORINO, 23 marzo 2026. Teatro Colosseo<\/p>\n<p>BIELLA, 24 marzo 2026. Teatro Odeon<\/p>\n<p>MILANO, 30 marzo 2026. Teatro Arcimboldi (sold out)<\/p>\n<p>NAPOLI, 1 aprile 2026. Teatro Augusteo<\/p>\n<p>TRIESTE, 7 aprile 2026. Teatro Rossetti<\/p>\n<p>BRESCIA, 8 aprile 2026. Teatro Clerici<\/p>\n<p>MODENA, 13 aprile 2026. Teatro Storchi<\/p>\n<p>LECCE, 16 aprile 2026. Teatro Apollo<\/p>\n<p>BARI, 17 aprile 2026. Teatro Team<\/p>\n<p>TARANTO, 18 aprile 2026. Teatro Orfeo<\/p>\n<p>TORINO, 20 aprile 2026. Teatro Colosseo<\/p>\n<p>CAGLIARI, 4 e 5 maggio 2026. Teatro Massimo<\/p>\n<p>SASSARI, 6 maggio 2026. Teatro Comunale<\/p>\n<p>BOLOGNA, 18 maggio 2026. EuropaAuditorium<\/p>\n<p>FIRENZE, 19 maggio 2026. Teatro Cartiere Carrara<\/p>\n<p>MILANO, 25 maggio 2026. Teatro Arcimboldi<\/p>\n<p>GENOVA, 26 maggio 2026. Teatro Ivo Chiesa<\/p>","protected":false},"excerpt":{"rendered":"<p>La storia agghiacciante di Ezzeddine Sebai, serial killer tunisino che, nel 2006, confessa dal carcere 14 omicidi di donne anziane\u00a0 Decine di processi gi\u00e0 conclusi. In alcuni di quei delitti sono state condannate persone innocenti \u00c8 diventato in poche settimane uno dei casi teatrali pi\u00f9 sorprendenti della stagione 2025\u20132026. &#8220;L&#8217;Uomo Sbagliato \u2013 Un&#8217;inchiesta dal vivo&#8221;, [&hellip;]<\/p>\n","protected":false},"author":2,"featured_media":166375,"comment_status":"closed","ping_status":"open","sticky":false,"template":"","format":"standard","meta":{"footnotes":""},"categories":[3394],"tags":[],"class_list":["post-166374","post","type-post","status-publish","format-standard","has-post-thumbnail","category-cultura-e-spettacoli-fuori-provincia"],"yoast_head":"<!-- This site is optimized with the Yoast SEO plugin v28.4 - https:\/\/yoast.com\/product\/yoast-seo-wordpress\/ -->\n<title>L&#039;uomo sbagliato \u2013 Un&#039;inchiesta dal vivo. A teatro un caso di cronaca che scuote le coscienze - Bellunopress - Dolomiti<\/title>\n<meta name=\"robots\" content=\"index, follow, max-snippet:-1, max-image-preview:large, max-video-preview:-1\" \/>\n<link rel=\"canonical\" href=\"https:\/\/www.bellunopress.it\/fr\/2026\/01\/11\/luomo-sbagliato-uninchiesta-dal-vivo-a-teatro-un-caso-di-cronaca-che-scuote-le-coscienze\/\" \/>\n<meta property=\"og:locale\" content=\"fr_FR\" \/>\n<meta property=\"og:type\" content=\"article\" \/>\n<meta property=\"og:title\" content=\"L&#039;uomo sbagliato \u2013 Un&#039;inchiesta dal vivo. A teatro un caso di cronaca che scuote le coscienze - Bellunopress - Dolomiti\" \/>\n<meta property=\"og:description\" content=\"La storia agghiacciante di Ezzeddine Sebai, serial killer tunisino che, nel 2006, confessa dal carcere 14 omicidi di donne anziane\u00a0 Decine di processi gi\u00e0 conclusi. In alcuni di quei delitti sono state condannate persone innocenti \u00c8 diventato in poche settimane uno dei casi teatrali pi\u00f9 sorprendenti della stagione 2025\u20132026. &#8220;L&#8217;Uomo Sbagliato \u2013 Un&#8217;inchiesta dal vivo&#8221;, [&hellip;]\" \/>\n<meta property=\"og:url\" content=\"https:\/\/www.bellunopress.it\/fr\/2026\/01\/11\/luomo-sbagliato-uninchiesta-dal-vivo-a-teatro-un-caso-di-cronaca-che-scuote-le-coscienze\/\" \/>\n<meta property=\"og:site_name\" content=\"Bellunopress - Dolomiti\" \/>\n<meta property=\"article:publisher\" content=\"https:\/\/www.facebook.com\/profile.php?id=100008943462799\" \/>\n<meta property=\"article:published_time\" content=\"2026-01-11T10:30:32+00:00\" \/>\n<meta property=\"og:image\" content=\"https:\/\/www.bellunopress.it\/wp-content\/uploads\/2026\/01\/Pablo-Trincia-Luomo-sbagliato.jpg\" \/>\n\t<meta property=\"og:image:width\" content=\"600\" \/>\n\t<meta property=\"og:image:height\" content=\"600\" \/>\n\t<meta property=\"og:image:type\" content=\"image\/jpeg\" \/>\n<meta name=\"author\" content=\"redazione\" \/>\n<meta name=\"twitter:card\" content=\"summary_large_image\" \/>\n<meta name=\"twitter:creator\" content=\"@bellunopress\" \/>\n<meta name=\"twitter:site\" content=\"@bellunopress\" \/>\n<meta name=\"twitter:label1\" content=\"\u00c9crit par\" \/>\n\t<meta name=\"twitter:data1\" content=\"redazione\" \/>\n\t<meta name=\"twitter:label2\" content=\"Dur\u00e9e de lecture estim\u00e9e\" \/>\n\t<meta name=\"twitter:data2\" content=\"3 minutes\" \/>\n<script type=\"application\/ld+json\" class=\"yoast-schema-graph\">{\"@context\":\"https:\\\/\\\/schema.org\",\"@graph\":[{\"@type\":\"Article\",\"@id\":\"https:\\\/\\\/www.bellunopress.it\\\/2026\\\/01\\\/11\\\/luomo-sbagliato-uninchiesta-dal-vivo-a-teatro-un-caso-di-cronaca-che-scuote-le-coscienze\\\/#article\",\"isPartOf\":{\"@id\":\"https:\\\/\\\/www.bellunopress.it\\\/2026\\\/01\\\/11\\\/luomo-sbagliato-uninchiesta-dal-vivo-a-teatro-un-caso-di-cronaca-che-scuote-le-coscienze\\\/\"},\"author\":{\"name\":\"redazione\",\"@id\":\"https:\\\/\\\/www.bellunopress.it\\\/#\\\/schema\\\/person\\\/79bb06722b37ece1c03d3e94beb30d73\"},\"headline\":\"L&#8217;uomo sbagliato \u2013 Un&#8217;inchiesta dal vivo. A teatro un caso di cronaca che scuote le coscienze\",\"datePublished\":\"2026-01-11T10:30:32+00:00\",\"mainEntityOfPage\":{\"@id\":\"https:\\\/\\\/www.bellunopress.it\\\/2026\\\/01\\\/11\\\/luomo-sbagliato-uninchiesta-dal-vivo-a-teatro-un-caso-di-cronaca-che-scuote-le-coscienze\\\/\"},\"wordCount\":703,\"publisher\":{\"@id\":\"https:\\\/\\\/www.bellunopress.it\\\/#organization\"},\"image\":{\"@id\":\"https:\\\/\\\/www.bellunopress.it\\\/2026\\\/01\\\/11\\\/luomo-sbagliato-uninchiesta-dal-vivo-a-teatro-un-caso-di-cronaca-che-scuote-le-coscienze\\\/#primaryimage\"},\"thumbnailUrl\":\"https:\\\/\\\/www.bellunopress.it\\\/wp-content\\\/uploads\\\/2026\\\/01\\\/Pablo-Trincia-Luomo-sbagliato.jpg\",\"articleSection\":[\"Cultura e spettacoli, tempo libero, benessere, fuori provincia\"],\"inLanguage\":\"fr-FR\"},{\"@type\":\"WebPage\",\"@id\":\"https:\\\/\\\/www.bellunopress.it\\\/2026\\\/01\\\/11\\\/luomo-sbagliato-uninchiesta-dal-vivo-a-teatro-un-caso-di-cronaca-che-scuote-le-coscienze\\\/\",\"url\":\"https:\\\/\\\/www.bellunopress.it\\\/2026\\\/01\\\/11\\\/luomo-sbagliato-uninchiesta-dal-vivo-a-teatro-un-caso-di-cronaca-che-scuote-le-coscienze\\\/\",\"name\":\"L'uomo sbagliato \u2013 Un'inchiesta dal vivo. A teatro un caso di cronaca che scuote le coscienze - Bellunopress - Dolomiti\",\"isPartOf\":{\"@id\":\"https:\\\/\\\/www.bellunopress.it\\\/#website\"},\"primaryImageOfPage\":{\"@id\":\"https:\\\/\\\/www.bellunopress.it\\\/2026\\\/01\\\/11\\\/luomo-sbagliato-uninchiesta-dal-vivo-a-teatro-un-caso-di-cronaca-che-scuote-le-coscienze\\\/#primaryimage\"},\"image\":{\"@id\":\"https:\\\/\\\/www.bellunopress.it\\\/2026\\\/01\\\/11\\\/luomo-sbagliato-uninchiesta-dal-vivo-a-teatro-un-caso-di-cronaca-che-scuote-le-coscienze\\\/#primaryimage\"},\"thumbnailUrl\":\"https:\\\/\\\/www.bellunopress.it\\\/wp-content\\\/uploads\\\/2026\\\/01\\\/Pablo-Trincia-Luomo-sbagliato.jpg\",\"datePublished\":\"2026-01-11T10:30:32+00:00\",\"breadcrumb\":{\"@id\":\"https:\\\/\\\/www.bellunopress.it\\\/2026\\\/01\\\/11\\\/luomo-sbagliato-uninchiesta-dal-vivo-a-teatro-un-caso-di-cronaca-che-scuote-le-coscienze\\\/#breadcrumb\"},\"inLanguage\":\"fr-FR\",\"potentialAction\":[{\"@type\":\"ReadAction\",\"target\":[\"https:\\\/\\\/www.bellunopress.it\\\/2026\\\/01\\\/11\\\/luomo-sbagliato-uninchiesta-dal-vivo-a-teatro-un-caso-di-cronaca-che-scuote-le-coscienze\\\/\"]}]},{\"@type\":\"ImageObject\",\"inLanguage\":\"fr-FR\",\"@id\":\"https:\\\/\\\/www.bellunopress.it\\\/2026\\\/01\\\/11\\\/luomo-sbagliato-uninchiesta-dal-vivo-a-teatro-un-caso-di-cronaca-che-scuote-le-coscienze\\\/#primaryimage\",\"url\":\"https:\\\/\\\/www.bellunopress.it\\\/wp-content\\\/uploads\\\/2026\\\/01\\\/Pablo-Trincia-Luomo-sbagliato.jpg\",\"contentUrl\":\"https:\\\/\\\/www.bellunopress.it\\\/wp-content\\\/uploads\\\/2026\\\/01\\\/Pablo-Trincia-Luomo-sbagliato.jpg\",\"width\":600,\"height\":600},{\"@type\":\"BreadcrumbList\",\"@id\":\"https:\\\/\\\/www.bellunopress.it\\\/2026\\\/01\\\/11\\\/luomo-sbagliato-uninchiesta-dal-vivo-a-teatro-un-caso-di-cronaca-che-scuote-le-coscienze\\\/#breadcrumb\",\"itemListElement\":[{\"@type\":\"ListItem\",\"position\":1,\"name\":\"Home\",\"item\":\"https:\\\/\\\/www.bellunopress.it\\\/\"},{\"@type\":\"ListItem\",\"position\":2,\"name\":\"L&#8217;uomo sbagliato \u2013 Un&#8217;inchiesta dal vivo. A teatro un caso di cronaca che scuote le coscienze\"}]},{\"@type\":\"WebSite\",\"@id\":\"https:\\\/\\\/www.bellunopress.it\\\/#website\",\"url\":\"https:\\\/\\\/www.bellunopress.it\\\/\",\"name\":\"Bellunopress - Dolomiti\",\"description\":\"e-mail: redazione@bellunopress.it\",\"publisher\":{\"@id\":\"https:\\\/\\\/www.bellunopress.it\\\/#organization\"},\"potentialAction\":[{\"@type\":\"SearchAction\",\"target\":{\"@type\":\"EntryPoint\",\"urlTemplate\":\"https:\\\/\\\/www.bellunopress.it\\\/?s={search_term_string}\"},\"query-input\":{\"@type\":\"PropertyValueSpecification\",\"valueRequired\":true,\"valueName\":\"search_term_string\"}}],\"inLanguage\":\"fr-FR\"},{\"@type\":\"Organization\",\"@id\":\"https:\\\/\\\/www.bellunopress.it\\\/#organization\",\"name\":\"Bellunopress\",\"url\":\"https:\\\/\\\/www.bellunopress.it\\\/\",\"logo\":{\"@type\":\"ImageObject\",\"inLanguage\":\"fr-FR\",\"@id\":\"https:\\\/\\\/www.bellunopress.it\\\/#\\\/schema\\\/logo\\\/image\\\/\",\"url\":\"https:\\\/\\\/www.bellunopress.it\\\/wp-content\\\/uploads\\\/2011\\\/05\\\/cropped-logo-bellunopress-.jpg\",\"contentUrl\":\"https:\\\/\\\/www.bellunopress.it\\\/wp-content\\\/uploads\\\/2011\\\/05\\\/cropped-logo-bellunopress-.jpg\",\"width\":512,\"height\":512,\"caption\":\"Bellunopress\"},\"image\":{\"@id\":\"https:\\\/\\\/www.bellunopress.it\\\/#\\\/schema\\\/logo\\\/image\\\/\"},\"sameAs\":[\"https:\\\/\\\/www.facebook.com\\\/profile.php?id=100008943462799\",\"https:\\\/\\\/x.com\\\/bellunopress\",\"https:\\\/\\\/www.linkedin.com\\\/hp\\\/?dnr=JBzUWaJfMUw8vbXJJ2tVW5-I3jZKvC4wsoxE&amp;amp;amp;amp;amp;amp;trk=nav_responsive_tab_home\",\"https:\\\/\\\/www.youtube.com\\\/channel\\\/UCxL0wu1uN0_3_7hGG0306cw\"]},{\"@type\":\"Person\",\"@id\":\"https:\\\/\\\/www.bellunopress.it\\\/#\\\/schema\\\/person\\\/79bb06722b37ece1c03d3e94beb30d73\",\"name\":\"redazione\",\"image\":{\"@type\":\"ImageObject\",\"inLanguage\":\"fr-FR\",\"@id\":\"https:\\\/\\\/secure.gravatar.com\\\/avatar\\\/37d968a2e67a6fd04c169c4bdef102d0bc5d31b2546345219e348575eb80e9a0?s=96&d=mm&r=g\",\"url\":\"https:\\\/\\\/secure.gravatar.com\\\/avatar\\\/37d968a2e67a6fd04c169c4bdef102d0bc5d31b2546345219e348575eb80e9a0?s=96&d=mm&r=g\",\"contentUrl\":\"https:\\\/\\\/secure.gravatar.com\\\/avatar\\\/37d968a2e67a6fd04c169c4bdef102d0bc5d31b2546345219e348575eb80e9a0?s=96&d=mm&r=g\",\"caption\":\"redazione\"},\"sameAs\":[\"http:\\\/\\\/www.bellunopress.it\",\"https:\\\/\\\/x.com\\\/bellunopress\"],\"url\":\"https:\\\/\\\/www.bellunopress.it\\\/fr\\\/author\\\/redazione\\\/\"}]}<\/script>\n<!-- \/ Yoast SEO plugin. -->","yoast_head_json":{"title":"L'uomo sbagliato \u2013 Un'inchiesta dal vivo. A teatro un caso di cronaca che scuote le coscienze - Bellunopress - Dolomiti","robots":{"index":"index","follow":"follow","max-snippet":"max-snippet:-1","max-image-preview":"max-image-preview:large","max-video-preview":"max-video-preview:-1"},"canonical":"https:\/\/www.bellunopress.it\/fr\/2026\/01\/11\/luomo-sbagliato-uninchiesta-dal-vivo-a-teatro-un-caso-di-cronaca-che-scuote-le-coscienze\/","og_locale":"fr_FR","og_type":"article","og_title":"L'uomo sbagliato \u2013 Un'inchiesta dal vivo. A teatro un caso di cronaca che scuote le coscienze - Bellunopress - Dolomiti","og_description":"La storia agghiacciante di Ezzeddine Sebai, serial killer tunisino che, nel 2006, confessa dal carcere 14 omicidi di donne anziane\u00a0 Decine di processi gi\u00e0 conclusi. In alcuni di quei delitti sono state condannate persone innocenti \u00c8 diventato in poche settimane uno dei casi teatrali pi\u00f9 sorprendenti della stagione 2025\u20132026. &#8220;L&#8217;Uomo Sbagliato \u2013 Un&#8217;inchiesta dal vivo&#8221;, [&hellip;]","og_url":"https:\/\/www.bellunopress.it\/fr\/2026\/01\/11\/luomo-sbagliato-uninchiesta-dal-vivo-a-teatro-un-caso-di-cronaca-che-scuote-le-coscienze\/","og_site_name":"Bellunopress - Dolomiti","article_publisher":"https:\/\/www.facebook.com\/profile.php?id=100008943462799","article_published_time":"2026-01-11T10:30:32+00:00","og_image":[{"width":600,"height":600,"url":"https:\/\/www.bellunopress.it\/wp-content\/uploads\/2026\/01\/Pablo-Trincia-Luomo-sbagliato.jpg","type":"image\/jpeg"}],"author":"redazione","twitter_card":"summary_large_image","twitter_creator":"@bellunopress","twitter_site":"@bellunopress","twitter_misc":{"\u00c9crit par":"redazione","Dur\u00e9e de lecture estim\u00e9e":"3 minutes"},"schema":{"@context":"https:\/\/schema.org","@graph":[{"@type":"Article","@id":"https:\/\/www.bellunopress.it\/2026\/01\/11\/luomo-sbagliato-uninchiesta-dal-vivo-a-teatro-un-caso-di-cronaca-che-scuote-le-coscienze\/#article","isPartOf":{"@id":"https:\/\/www.bellunopress.it\/2026\/01\/11\/luomo-sbagliato-uninchiesta-dal-vivo-a-teatro-un-caso-di-cronaca-che-scuote-le-coscienze\/"},"author":{"name":"redazione","@id":"https:\/\/www.bellunopress.it\/#\/schema\/person\/79bb06722b37ece1c03d3e94beb30d73"},"headline":"L&#8217;uomo sbagliato \u2013 Un&#8217;inchiesta dal vivo. A teatro un caso di cronaca che scuote le coscienze","datePublished":"2026-01-11T10:30:32+00:00","mainEntityOfPage":{"@id":"https:\/\/www.bellunopress.it\/2026\/01\/11\/luomo-sbagliato-uninchiesta-dal-vivo-a-teatro-un-caso-di-cronaca-che-scuote-le-coscienze\/"},"wordCount":703,"publisher":{"@id":"https:\/\/www.bellunopress.it\/#organization"},"image":{"@id":"https:\/\/www.bellunopress.it\/2026\/01\/11\/luomo-sbagliato-uninchiesta-dal-vivo-a-teatro-un-caso-di-cronaca-che-scuote-le-coscienze\/#primaryimage"},"thumbnailUrl":"https:\/\/www.bellunopress.it\/wp-content\/uploads\/2026\/01\/Pablo-Trincia-Luomo-sbagliato.jpg","articleSection":["Cultura e spettacoli, tempo libero, benessere, fuori provincia"],"inLanguage":"fr-FR"},{"@type":"WebPage","@id":"https:\/\/www.bellunopress.it\/2026\/01\/11\/luomo-sbagliato-uninchiesta-dal-vivo-a-teatro-un-caso-di-cronaca-che-scuote-le-coscienze\/","url":"https:\/\/www.bellunopress.it\/2026\/01\/11\/luomo-sbagliato-uninchiesta-dal-vivo-a-teatro-un-caso-di-cronaca-che-scuote-le-coscienze\/","name":"L'uomo sbagliato \u2013 Un'inchiesta dal vivo. A teatro un caso di cronaca che scuote le coscienze - Bellunopress - Dolomiti","isPartOf":{"@id":"https:\/\/www.bellunopress.it\/#website"},"primaryImageOfPage":{"@id":"https:\/\/www.bellunopress.it\/2026\/01\/11\/luomo-sbagliato-uninchiesta-dal-vivo-a-teatro-un-caso-di-cronaca-che-scuote-le-coscienze\/#primaryimage"},"image":{"@id":"https:\/\/www.bellunopress.it\/2026\/01\/11\/luomo-sbagliato-uninchiesta-dal-vivo-a-teatro-un-caso-di-cronaca-che-scuote-le-coscienze\/#primaryimage"},"thumbnailUrl":"https:\/\/www.bellunopress.it\/wp-content\/uploads\/2026\/01\/Pablo-Trincia-Luomo-sbagliato.jpg","datePublished":"2026-01-11T10:30:32+00:00","breadcrumb":{"@id":"https:\/\/www.bellunopress.it\/2026\/01\/11\/luomo-sbagliato-uninchiesta-dal-vivo-a-teatro-un-caso-di-cronaca-che-scuote-le-coscienze\/#breadcrumb"},"inLanguage":"fr-FR","potentialAction":[{"@type":"ReadAction","target":["https:\/\/www.bellunopress.it\/2026\/01\/11\/luomo-sbagliato-uninchiesta-dal-vivo-a-teatro-un-caso-di-cronaca-che-scuote-le-coscienze\/"]}]},{"@type":"ImageObject","inLanguage":"fr-FR","@id":"https:\/\/www.bellunopress.it\/2026\/01\/11\/luomo-sbagliato-uninchiesta-dal-vivo-a-teatro-un-caso-di-cronaca-che-scuote-le-coscienze\/#primaryimage","url":"https:\/\/www.bellunopress.it\/wp-content\/uploads\/2026\/01\/Pablo-Trincia-Luomo-sbagliato.jpg","contentUrl":"https:\/\/www.bellunopress.it\/wp-content\/uploads\/2026\/01\/Pablo-Trincia-Luomo-sbagliato.jpg","width":600,"height":600},{"@type":"BreadcrumbList","@id":"https:\/\/www.bellunopress.it\/2026\/01\/11\/luomo-sbagliato-uninchiesta-dal-vivo-a-teatro-un-caso-di-cronaca-che-scuote-le-coscienze\/#breadcrumb","itemListElement":[{"@type":"ListItem","position":1,"name":"Home","item":"https:\/\/www.bellunopress.it\/"},{"@type":"ListItem","position":2,"name":"L&#8217;uomo sbagliato \u2013 Un&#8217;inchiesta dal vivo. A teatro un caso di cronaca che scuote le coscienze"}]},{"@type":"WebSite","@id":"https:\/\/www.bellunopress.it\/#website","url":"https:\/\/www.bellunopress.it\/","name":"Bellunopress - Dolomiti","description":"e-mail: redazione@bellunopress.it","publisher":{"@id":"https:\/\/www.bellunopress.it\/#organization"},"potentialAction":[{"@type":"SearchAction","target":{"@type":"EntryPoint","urlTemplate":"https:\/\/www.bellunopress.it\/?s={search_term_string}"},"query-input":{"@type":"PropertyValueSpecification","valueRequired":true,"valueName":"search_term_string"}}],"inLanguage":"fr-FR"},{"@type":"Organization","@id":"https:\/\/www.bellunopress.it\/#organization","name":"Bellunopress","url":"https:\/\/www.bellunopress.it\/","logo":{"@type":"ImageObject","inLanguage":"fr-FR","@id":"https:\/\/www.bellunopress.it\/#\/schema\/logo\/image\/","url":"https:\/\/www.bellunopress.it\/wp-content\/uploads\/2011\/05\/cropped-logo-bellunopress-.jpg","contentUrl":"https:\/\/www.bellunopress.it\/wp-content\/uploads\/2011\/05\/cropped-logo-bellunopress-.jpg","width":512,"height":512,"caption":"Bellunopress"},"image":{"@id":"https:\/\/www.bellunopress.it\/#\/schema\/logo\/image\/"},"sameAs":["https:\/\/www.facebook.com\/profile.php?id=100008943462799","https:\/\/x.com\/bellunopress","https:\/\/www.linkedin.com\/hp\/?dnr=JBzUWaJfMUw8vbXJJ2tVW5-I3jZKvC4wsoxE&amp;amp;amp;amp;amp;amp;trk=nav_responsive_tab_home","https:\/\/www.youtube.com\/channel\/UCxL0wu1uN0_3_7hGG0306cw"]},{"@type":"Person","@id":"https:\/\/www.bellunopress.it\/#\/schema\/person\/79bb06722b37ece1c03d3e94beb30d73","name":"r\u00e9daction","image":{"@type":"ImageObject","inLanguage":"fr-FR","@id":"https:\/\/secure.gravatar.com\/avatar\/37d968a2e67a6fd04c169c4bdef102d0bc5d31b2546345219e348575eb80e9a0?s=96&d=mm&r=g","url":"https:\/\/secure.gravatar.com\/avatar\/37d968a2e67a6fd04c169c4bdef102d0bc5d31b2546345219e348575eb80e9a0?s=96&d=mm&r=g","contentUrl":"https:\/\/secure.gravatar.com\/avatar\/37d968a2e67a6fd04c169c4bdef102d0bc5d31b2546345219e348575eb80e9a0?s=96&d=mm&r=g","caption":"redazione"},"sameAs":["http:\/\/www.bellunopress.it","https:\/\/x.com\/bellunopress"],"url":"https:\/\/www.bellunopress.it\/fr\/author\/redazione\/"}]}},"_links":{"self":[{"href":"https:\/\/www.bellunopress.it\/fr\/wp-json\/wp\/v2\/posts\/166374","targetHints":{"allow":["GET"]}}],"collection":[{"href":"https:\/\/www.bellunopress.it\/fr\/wp-json\/wp\/v2\/posts"}],"about":[{"href":"https:\/\/www.bellunopress.it\/fr\/wp-json\/wp\/v2\/types\/post"}],"author":[{"embeddable":true,"href":"https:\/\/www.bellunopress.it\/fr\/wp-json\/wp\/v2\/users\/2"}],"replies":[{"embeddable":true,"href":"https:\/\/www.bellunopress.it\/fr\/wp-json\/wp\/v2\/comments?post=166374"}],"version-history":[{"count":1,"href":"https:\/\/www.bellunopress.it\/fr\/wp-json\/wp\/v2\/posts\/166374\/revisions"}],"predecessor-version":[{"id":166376,"href":"https:\/\/www.bellunopress.it\/fr\/wp-json\/wp\/v2\/posts\/166374\/revisions\/166376"}],"wp:featuredmedia":[{"embeddable":true,"href":"https:\/\/www.bellunopress.it\/fr\/wp-json\/wp\/v2\/media\/166375"}],"wp:attachment":[{"href":"https:\/\/www.bellunopress.it\/fr\/wp-json\/wp\/v2\/media?parent=166374"}],"wp:term":[{"taxonomy":"category","embeddable":true,"href":"https:\/\/www.bellunopress.it\/fr\/wp-json\/wp\/v2\/categories?post=166374"},{"taxonomy":"post_tag","embeddable":true,"href":"https:\/\/www.bellunopress.it\/fr\/wp-json\/wp\/v2\/tags?post=166374"}],"curies":[{"name":"wp","href":"https:\/\/api.w.org\/{rel}","templated":true}]}}