{"id":166356,"date":"2026-01-09T16:12:06","date_gmt":"2026-01-09T15:12:06","guid":{"rendered":"https:\/\/www.bellunopress.it\/?p=166356"},"modified":"2026-01-09T16:12:06","modified_gmt":"2026-01-09T15:12:06","slug":"cortina-per-tutti-presentata-la-guida-allospitalita-accessibile-e-il-percorso-di-accessibilita-oltre-il-2026","status":"publish","type":"post","link":"https:\/\/www.bellunopress.it\/fr\/2026\/01\/09\/cortina-per-tutti-presentata-la-guida-allospitalita-accessibile-e-il-percorso-di-accessibilita-oltre-il-2026\/","title":{"rendered":"Cortina per Tutti: presentata la Guida all\u2019Ospitalit\u00e0 Accessibile e il percorso di accessibilit\u00e0 oltre il 2026"},"content":{"rendered":"<figure id=\"attachment_166357\" aria-describedby=\"caption-attachment-166357\" style=\"width: 484px\" class=\"wp-caption aligncenter\"><img loading=\"lazy\" decoding=\"async\" class=\"size-full wp-image-166357\" src=\"https:\/\/www.bellunopress.it\/wp-content\/uploads\/2026\/01\/Guida-Turismo-Accessibile-2-Alvera-e-Vitali.jpg\" alt=\"\" width=\"484\" height=\"391\" \/><figcaption id=\"caption-attachment-166357\" class=\"wp-caption-text\">Roberta Alver\u00e0 vicesindaco di Cortina e Roberto Vitali ideatore di Village for All<\/figcaption><\/figure>\n<p>Cortina d\u2019Ampezzo, 9 gennaio 2026 &#8211; Si \u00e8 svolta questa mattina, nella Sala Consiliare del Comune di Cortina d\u2019Ampezzo, la presentazione della Guida all\u2019Ospitalit\u00e0 Accessibile di Cortina d\u2019Ampezzo, un appuntamento che ha rappresentato anche un momento di restituzione del progetto complessivo \u201cCortina per Tutti\u201d, avviato dall\u2019Amministrazione comunale negli ultimi tre anni.<\/p>\n<p>Nel corso della conferenza, la Vicesindaco Roberta Alver\u00e0 ha ripercorso il lavoro svolto per<br \/>\npromuovere una nuova cultura dell\u2019accessibilit\u00e0 e dell\u2019inclusione, sottolineando come i Giochi Olimpici e Paralimpici Invernali del 2026 costituiscano un\u2019importante occasione di<br \/>\naccelerazione, non il punto di arrivo del percorso. L\u2019obiettivo dichiarato \u00e8 lasciare una legacy concreta e duratura, capace di migliorare la qualit\u00e0 della vita e dell\u2019accoglienza ben oltre l\u2019evento sportivo.<br \/>\nIl progetto \u201cCortina per Tutti\u201d, nasce dalla volont\u00e0 di rendere Cortina una destinazione fruibile a tutte le persone e accessibile in ogni stagione dell\u2019anno, attraverso un lavoro integrato che unisce interventi sul territorio, formazione e coinvolgimento degli operatori locali.<br \/>\n&#8220;Sono soddisfatta del lavoro fatto in questi anni &#8211; ha detto Roberta Alver\u00e0, vicesindaco del Comune di Cortina d\u2019Ampezzo -, a volte faticoso. Oggi posso dire che<br \/>\nl&#8217;accessibilit\u00e0 turistica non \u00e8 pi\u00f9 solo un obiettivo ma una strada avviata: un risultato concreto nato dal dialogo, dalla perseveranza e dalla volont\u00e0 di costruire un turismo davvero per tutti. Un progetto reale che non si chiude ma guarda al futuro e continua a crescere con la comunit\u00e0&#8221;.<\/p>\n<p>Uno degli esiti pi\u00f9 concreti di questo percorso \u00e8 la Guida all\u2019Ospitalit\u00e0 Accessibile, sviluppata sulla base del protocollo Destination4All e promossa dal Comune in collaborazione con Village for All \u2013 V4A.<br \/>\nCome illustrato da Roberto Vitali, la guida non \u00e8 un semplice elenco di strutture, ma uno<br \/>\nstrumento operativo che rende disponibili informazioni chiare e verificate, introduce il<br \/>\nPunteggio Accessibilit\u00e0 e valorizza le realt\u00e0 che hanno scelto di investire in un\u2019accoglienza pi\u00f9 consapevole e inclusiva.<\/p>\n<p>&#8220;Il percorso avviato da Cortina, culminato con la seconda guida ufficiale al turismo accessibile,\u00a0 &#8211; ha detto Roberto Vitali ideatore di Village for All &#8211; non \u00e8 solo un supporto per iprossimi Giochi Olimpici e Paralimpici, ma il primo passo verso una legacy duratura per il territorio. Questo approccio innovativo all\u2019ospitalit\u00e0 accessibile ha ottenuto un riconoscimento internazionale con la Commendation della Giuria del World<br \/>\nSustainable Award di Dubai.<br \/>\nIl progetto supera l\u2019idea dell\u2019accessibilit\u00e0 come obbligo normativo e la trasforma in una vera<br \/>\nopportunit\u00e0 di sviluppo, basata sull\u2019Universal Design e su informazioni oggettive e verificate<br \/>\ngrazie al software V4AInside. \u00c8 un investimento per i cittadini e per i visitatori, che rende Cortina una destinazione pi\u00f9 sostenibile, competitiva e pronta ad affrontare le sfide future&#8221;.<\/p>\n<p>Durante l\u2019incontro \u00e8 stato ribadito il valore del lavoro di rete costruito dal Comune: l\u2019accessibilit\u00e0 \u00e8 un processo che richiede tempo, coordinamento e continuit\u00e0, e che coinvolge pubblico e privato in una responsabilit\u00e0 condivisa.<br \/>\nL\u2019Amministrazione comunale ha infine confermato che il progetto proseguir\u00e0 anche dopo le<br \/>\nParalimpiadi, rafforzando gli strumenti gi\u00e0 avviati e sviluppando nuove azioni, con l\u2019obiettivo di fare dell\u2019accessibilit\u00e0 un elemento strutturale dell\u2019identit\u00e0 e della qualit\u00e0 dell\u2019offerta di Cortina d\u2019Ampezzo.<\/p>","protected":false},"excerpt":{"rendered":"<p>Cortina d\u2019Ampezzo, 9 gennaio 2026 &#8211; Si \u00e8 svolta questa mattina, nella Sala Consiliare del Comune di Cortina d\u2019Ampezzo, la presentazione della Guida all\u2019Ospitalit\u00e0 Accessibile di Cortina d\u2019Ampezzo, un appuntamento che ha rappresentato anche un momento di restituzione del progetto complessivo \u201cCortina per Tutti\u201d, avviato dall\u2019Amministrazione comunale negli ultimi tre anni. Nel corso della conferenza, [&hellip;]<\/p>\n","protected":false},"author":2,"featured_media":166357,"comment_status":"closed","ping_status":"open","sticky":false,"template":"","format":"standard","meta":{"footnotes":""},"categories":[26,8],"tags":[],"class_list":["post-166356","post","type-post","status-publish","format-standard","has-post-thumbnail","category-prima-pagina","category-societa-istituzioni"],"yoast_head":"<!-- This site is optimized with the Yoast SEO plugin v28.4 - https:\/\/yoast.com\/product\/yoast-seo-wordpress\/ -->\n<title>Cortina per Tutti: presentata la Guida all\u2019Ospitalit\u00e0 Accessibile e il percorso di accessibilit\u00e0 oltre il 2026 - Bellunopress - Dolomiti<\/title>\n<meta name=\"robots\" content=\"index, follow, max-snippet:-1, max-image-preview:large, max-video-preview:-1\" \/>\n<link rel=\"canonical\" href=\"https:\/\/www.bellunopress.it\/fr\/2026\/01\/09\/cortina-per-tutti-presentata-la-guida-allospitalita-accessibile-e-il-percorso-di-accessibilita-oltre-il-2026\/\" \/>\n<meta property=\"og:locale\" content=\"fr_FR\" \/>\n<meta property=\"og:type\" content=\"article\" \/>\n<meta property=\"og:title\" content=\"Cortina per Tutti: presentata la Guida all\u2019Ospitalit\u00e0 Accessibile e il percorso di accessibilit\u00e0 oltre il 2026 - Bellunopress - Dolomiti\" \/>\n<meta property=\"og:description\" content=\"Cortina d\u2019Ampezzo, 9 gennaio 2026 &#8211; Si \u00e8 svolta questa mattina, nella Sala Consiliare del Comune di Cortina d\u2019Ampezzo, la presentazione della Guida all\u2019Ospitalit\u00e0 Accessibile di Cortina d\u2019Ampezzo, un appuntamento che ha rappresentato anche un momento di restituzione del progetto complessivo \u201cCortina per Tutti\u201d, avviato dall\u2019Amministrazione comunale negli ultimi tre anni. Nel corso della conferenza, [&hellip;]\" \/>\n<meta property=\"og:url\" content=\"https:\/\/www.bellunopress.it\/fr\/2026\/01\/09\/cortina-per-tutti-presentata-la-guida-allospitalita-accessibile-e-il-percorso-di-accessibilita-oltre-il-2026\/\" \/>\n<meta property=\"og:site_name\" content=\"Bellunopress - Dolomiti\" \/>\n<meta property=\"article:publisher\" content=\"https:\/\/www.facebook.com\/profile.php?id=100008943462799\" \/>\n<meta property=\"article:published_time\" content=\"2026-01-09T15:12:06+00:00\" \/>\n<meta property=\"og:image\" content=\"https:\/\/www.bellunopress.it\/wp-content\/uploads\/2026\/01\/Guida-Turismo-Accessibile-2-Alvera-e-Vitali.jpg\" \/>\n\t<meta property=\"og:image:width\" content=\"484\" \/>\n\t<meta property=\"og:image:height\" content=\"391\" \/>\n\t<meta property=\"og:image:type\" content=\"image\/jpeg\" \/>\n<meta name=\"author\" content=\"redazione\" \/>\n<meta name=\"twitter:card\" content=\"summary_large_image\" \/>\n<meta name=\"twitter:creator\" content=\"@bellunopress\" \/>\n<meta name=\"twitter:site\" content=\"@bellunopress\" \/>\n<meta name=\"twitter:label1\" content=\"\u00c9crit par\" \/>\n\t<meta name=\"twitter:data1\" content=\"redazione\" \/>\n\t<meta name=\"twitter:label2\" content=\"Dur\u00e9e de lecture estim\u00e9e\" \/>\n\t<meta name=\"twitter:data2\" content=\"3 minutes\" \/>\n<script type=\"application\/ld+json\" class=\"yoast-schema-graph\">{\"@context\":\"https:\\\/\\\/schema.org\",\"@graph\":[{\"@type\":\"Article\",\"@id\":\"https:\\\/\\\/www.bellunopress.it\\\/2026\\\/01\\\/09\\\/cortina-per-tutti-presentata-la-guida-allospitalita-accessibile-e-il-percorso-di-accessibilita-oltre-il-2026\\\/#article\",\"isPartOf\":{\"@id\":\"https:\\\/\\\/www.bellunopress.it\\\/2026\\\/01\\\/09\\\/cortina-per-tutti-presentata-la-guida-allospitalita-accessibile-e-il-percorso-di-accessibilita-oltre-il-2026\\\/\"},\"author\":{\"name\":\"redazione\",\"@id\":\"https:\\\/\\\/www.bellunopress.it\\\/#\\\/schema\\\/person\\\/79bb06722b37ece1c03d3e94beb30d73\"},\"headline\":\"Cortina per Tutti: presentata la Guida all\u2019Ospitalit\u00e0 Accessibile e il percorso di accessibilit\u00e0 oltre il 2026\",\"datePublished\":\"2026-01-09T15:12:06+00:00\",\"mainEntityOfPage\":{\"@id\":\"https:\\\/\\\/www.bellunopress.it\\\/2026\\\/01\\\/09\\\/cortina-per-tutti-presentata-la-guida-allospitalita-accessibile-e-il-percorso-di-accessibilita-oltre-il-2026\\\/\"},\"wordCount\":554,\"publisher\":{\"@id\":\"https:\\\/\\\/www.bellunopress.it\\\/#organization\"},\"image\":{\"@id\":\"https:\\\/\\\/www.bellunopress.it\\\/2026\\\/01\\\/09\\\/cortina-per-tutti-presentata-la-guida-allospitalita-accessibile-e-il-percorso-di-accessibilita-oltre-il-2026\\\/#primaryimage\"},\"thumbnailUrl\":\"https:\\\/\\\/www.bellunopress.it\\\/wp-content\\\/uploads\\\/2026\\\/01\\\/Guida-Turismo-Accessibile-2-Alvera-e-Vitali.jpg\",\"articleSection\":[\"Prima Pagina\",\"Societ\u00e0, Associazioni, Istituzioni\"],\"inLanguage\":\"fr-FR\"},{\"@type\":\"WebPage\",\"@id\":\"https:\\\/\\\/www.bellunopress.it\\\/2026\\\/01\\\/09\\\/cortina-per-tutti-presentata-la-guida-allospitalita-accessibile-e-il-percorso-di-accessibilita-oltre-il-2026\\\/\",\"url\":\"https:\\\/\\\/www.bellunopress.it\\\/2026\\\/01\\\/09\\\/cortina-per-tutti-presentata-la-guida-allospitalita-accessibile-e-il-percorso-di-accessibilita-oltre-il-2026\\\/\",\"name\":\"Cortina per Tutti: presentata la Guida all\u2019Ospitalit\u00e0 Accessibile e il percorso di accessibilit\u00e0 oltre il 2026 - Bellunopress - Dolomiti\",\"isPartOf\":{\"@id\":\"https:\\\/\\\/www.bellunopress.it\\\/#website\"},\"primaryImageOfPage\":{\"@id\":\"https:\\\/\\\/www.bellunopress.it\\\/2026\\\/01\\\/09\\\/cortina-per-tutti-presentata-la-guida-allospitalita-accessibile-e-il-percorso-di-accessibilita-oltre-il-2026\\\/#primaryimage\"},\"image\":{\"@id\":\"https:\\\/\\\/www.bellunopress.it\\\/2026\\\/01\\\/09\\\/cortina-per-tutti-presentata-la-guida-allospitalita-accessibile-e-il-percorso-di-accessibilita-oltre-il-2026\\\/#primaryimage\"},\"thumbnailUrl\":\"https:\\\/\\\/www.bellunopress.it\\\/wp-content\\\/uploads\\\/2026\\\/01\\\/Guida-Turismo-Accessibile-2-Alvera-e-Vitali.jpg\",\"datePublished\":\"2026-01-09T15:12:06+00:00\",\"breadcrumb\":{\"@id\":\"https:\\\/\\\/www.bellunopress.it\\\/2026\\\/01\\\/09\\\/cortina-per-tutti-presentata-la-guida-allospitalita-accessibile-e-il-percorso-di-accessibilita-oltre-il-2026\\\/#breadcrumb\"},\"inLanguage\":\"fr-FR\",\"potentialAction\":[{\"@type\":\"ReadAction\",\"target\":[\"https:\\\/\\\/www.bellunopress.it\\\/2026\\\/01\\\/09\\\/cortina-per-tutti-presentata-la-guida-allospitalita-accessibile-e-il-percorso-di-accessibilita-oltre-il-2026\\\/\"]}]},{\"@type\":\"ImageObject\",\"inLanguage\":\"fr-FR\",\"@id\":\"https:\\\/\\\/www.bellunopress.it\\\/2026\\\/01\\\/09\\\/cortina-per-tutti-presentata-la-guida-allospitalita-accessibile-e-il-percorso-di-accessibilita-oltre-il-2026\\\/#primaryimage\",\"url\":\"https:\\\/\\\/www.bellunopress.it\\\/wp-content\\\/uploads\\\/2026\\\/01\\\/Guida-Turismo-Accessibile-2-Alvera-e-Vitali.jpg\",\"contentUrl\":\"https:\\\/\\\/www.bellunopress.it\\\/wp-content\\\/uploads\\\/2026\\\/01\\\/Guida-Turismo-Accessibile-2-Alvera-e-Vitali.jpg\",\"width\":484,\"height\":391,\"caption\":\"Roberta Alver\u00e0 vicesindaco di Cortina e Roberto Vitali ideatore di Village for All\"},{\"@type\":\"BreadcrumbList\",\"@id\":\"https:\\\/\\\/www.bellunopress.it\\\/2026\\\/01\\\/09\\\/cortina-per-tutti-presentata-la-guida-allospitalita-accessibile-e-il-percorso-di-accessibilita-oltre-il-2026\\\/#breadcrumb\",\"itemListElement\":[{\"@type\":\"ListItem\",\"position\":1,\"name\":\"Home\",\"item\":\"https:\\\/\\\/www.bellunopress.it\\\/\"},{\"@type\":\"ListItem\",\"position\":2,\"name\":\"Cortina per Tutti: presentata la Guida all\u2019Ospitalit\u00e0 Accessibile e il percorso di accessibilit\u00e0 oltre il 2026\"}]},{\"@type\":\"WebSite\",\"@id\":\"https:\\\/\\\/www.bellunopress.it\\\/#website\",\"url\":\"https:\\\/\\\/www.bellunopress.it\\\/\",\"name\":\"Bellunopress - Dolomiti\",\"description\":\"e-mail: redazione@bellunopress.it\",\"publisher\":{\"@id\":\"https:\\\/\\\/www.bellunopress.it\\\/#organization\"},\"potentialAction\":[{\"@type\":\"SearchAction\",\"target\":{\"@type\":\"EntryPoint\",\"urlTemplate\":\"https:\\\/\\\/www.bellunopress.it\\\/?s={search_term_string}\"},\"query-input\":{\"@type\":\"PropertyValueSpecification\",\"valueRequired\":true,\"valueName\":\"search_term_string\"}}],\"inLanguage\":\"fr-FR\"},{\"@type\":\"Organization\",\"@id\":\"https:\\\/\\\/www.bellunopress.it\\\/#organization\",\"name\":\"Bellunopress\",\"url\":\"https:\\\/\\\/www.bellunopress.it\\\/\",\"logo\":{\"@type\":\"ImageObject\",\"inLanguage\":\"fr-FR\",\"@id\":\"https:\\\/\\\/www.bellunopress.it\\\/#\\\/schema\\\/logo\\\/image\\\/\",\"url\":\"https:\\\/\\\/www.bellunopress.it\\\/wp-content\\\/uploads\\\/2011\\\/05\\\/cropped-logo-bellunopress-.jpg\",\"contentUrl\":\"https:\\\/\\\/www.bellunopress.it\\\/wp-content\\\/uploads\\\/2011\\\/05\\\/cropped-logo-bellunopress-.jpg\",\"width\":512,\"height\":512,\"caption\":\"Bellunopress\"},\"image\":{\"@id\":\"https:\\\/\\\/www.bellunopress.it\\\/#\\\/schema\\\/logo\\\/image\\\/\"},\"sameAs\":[\"https:\\\/\\\/www.facebook.com\\\/profile.php?id=100008943462799\",\"https:\\\/\\\/x.com\\\/bellunopress\",\"https:\\\/\\\/www.linkedin.com\\\/hp\\\/?dnr=JBzUWaJfMUw8vbXJJ2tVW5-I3jZKvC4wsoxE&amp;amp;amp;amp;amp;amp;trk=nav_responsive_tab_home\",\"https:\\\/\\\/www.youtube.com\\\/channel\\\/UCxL0wu1uN0_3_7hGG0306cw\"]},{\"@type\":\"Person\",\"@id\":\"https:\\\/\\\/www.bellunopress.it\\\/#\\\/schema\\\/person\\\/79bb06722b37ece1c03d3e94beb30d73\",\"name\":\"redazione\",\"image\":{\"@type\":\"ImageObject\",\"inLanguage\":\"fr-FR\",\"@id\":\"https:\\\/\\\/secure.gravatar.com\\\/avatar\\\/37d968a2e67a6fd04c169c4bdef102d0bc5d31b2546345219e348575eb80e9a0?s=96&d=mm&r=g\",\"url\":\"https:\\\/\\\/secure.gravatar.com\\\/avatar\\\/37d968a2e67a6fd04c169c4bdef102d0bc5d31b2546345219e348575eb80e9a0?s=96&d=mm&r=g\",\"contentUrl\":\"https:\\\/\\\/secure.gravatar.com\\\/avatar\\\/37d968a2e67a6fd04c169c4bdef102d0bc5d31b2546345219e348575eb80e9a0?s=96&d=mm&r=g\",\"caption\":\"redazione\"},\"sameAs\":[\"http:\\\/\\\/www.bellunopress.it\",\"https:\\\/\\\/x.com\\\/bellunopress\"],\"url\":\"https:\\\/\\\/www.bellunopress.it\\\/fr\\\/author\\\/redazione\\\/\"}]}<\/script>\n<!-- \/ Yoast SEO plugin. -->","yoast_head_json":{"title":"Cortina per Tutti: presentata la Guida all\u2019Ospitalit\u00e0 Accessibile e il percorso di accessibilit\u00e0 oltre il 2026 - Bellunopress - Dolomiti","robots":{"index":"index","follow":"follow","max-snippet":"max-snippet:-1","max-image-preview":"max-image-preview:large","max-video-preview":"max-video-preview:-1"},"canonical":"https:\/\/www.bellunopress.it\/fr\/2026\/01\/09\/cortina-per-tutti-presentata-la-guida-allospitalita-accessibile-e-il-percorso-di-accessibilita-oltre-il-2026\/","og_locale":"fr_FR","og_type":"article","og_title":"Cortina per Tutti: presentata la Guida all\u2019Ospitalit\u00e0 Accessibile e il percorso di accessibilit\u00e0 oltre il 2026 - Bellunopress - Dolomiti","og_description":"Cortina d\u2019Ampezzo, 9 gennaio 2026 &#8211; Si \u00e8 svolta questa mattina, nella Sala Consiliare del Comune di Cortina d\u2019Ampezzo, la presentazione della Guida all\u2019Ospitalit\u00e0 Accessibile di Cortina d\u2019Ampezzo, un appuntamento che ha rappresentato anche un momento di restituzione del progetto complessivo \u201cCortina per Tutti\u201d, avviato dall\u2019Amministrazione comunale negli ultimi tre anni. Nel corso della conferenza, [&hellip;]","og_url":"https:\/\/www.bellunopress.it\/fr\/2026\/01\/09\/cortina-per-tutti-presentata-la-guida-allospitalita-accessibile-e-il-percorso-di-accessibilita-oltre-il-2026\/","og_site_name":"Bellunopress - Dolomiti","article_publisher":"https:\/\/www.facebook.com\/profile.php?id=100008943462799","article_published_time":"2026-01-09T15:12:06+00:00","og_image":[{"width":484,"height":391,"url":"https:\/\/www.bellunopress.it\/wp-content\/uploads\/2026\/01\/Guida-Turismo-Accessibile-2-Alvera-e-Vitali.jpg","type":"image\/jpeg"}],"author":"redazione","twitter_card":"summary_large_image","twitter_creator":"@bellunopress","twitter_site":"@bellunopress","twitter_misc":{"\u00c9crit par":"redazione","Dur\u00e9e de lecture estim\u00e9e":"3 minutes"},"schema":{"@context":"https:\/\/schema.org","@graph":[{"@type":"Article","@id":"https:\/\/www.bellunopress.it\/2026\/01\/09\/cortina-per-tutti-presentata-la-guida-allospitalita-accessibile-e-il-percorso-di-accessibilita-oltre-il-2026\/#article","isPartOf":{"@id":"https:\/\/www.bellunopress.it\/2026\/01\/09\/cortina-per-tutti-presentata-la-guida-allospitalita-accessibile-e-il-percorso-di-accessibilita-oltre-il-2026\/"},"author":{"name":"redazione","@id":"https:\/\/www.bellunopress.it\/#\/schema\/person\/79bb06722b37ece1c03d3e94beb30d73"},"headline":"Cortina per Tutti: presentata la Guida all\u2019Ospitalit\u00e0 Accessibile e il percorso di accessibilit\u00e0 oltre il 2026","datePublished":"2026-01-09T15:12:06+00:00","mainEntityOfPage":{"@id":"https:\/\/www.bellunopress.it\/2026\/01\/09\/cortina-per-tutti-presentata-la-guida-allospitalita-accessibile-e-il-percorso-di-accessibilita-oltre-il-2026\/"},"wordCount":554,"publisher":{"@id":"https:\/\/www.bellunopress.it\/#organization"},"image":{"@id":"https:\/\/www.bellunopress.it\/2026\/01\/09\/cortina-per-tutti-presentata-la-guida-allospitalita-accessibile-e-il-percorso-di-accessibilita-oltre-il-2026\/#primaryimage"},"thumbnailUrl":"https:\/\/www.bellunopress.it\/wp-content\/uploads\/2026\/01\/Guida-Turismo-Accessibile-2-Alvera-e-Vitali.jpg","articleSection":["Prima Pagina","Societ\u00e0, Associazioni, Istituzioni"],"inLanguage":"fr-FR"},{"@type":"WebPage","@id":"https:\/\/www.bellunopress.it\/2026\/01\/09\/cortina-per-tutti-presentata-la-guida-allospitalita-accessibile-e-il-percorso-di-accessibilita-oltre-il-2026\/","url":"https:\/\/www.bellunopress.it\/2026\/01\/09\/cortina-per-tutti-presentata-la-guida-allospitalita-accessibile-e-il-percorso-di-accessibilita-oltre-il-2026\/","name":"Cortina per Tutti: presentata la Guida all\u2019Ospitalit\u00e0 Accessibile e il percorso di accessibilit\u00e0 oltre il 2026 - Bellunopress - Dolomiti","isPartOf":{"@id":"https:\/\/www.bellunopress.it\/#website"},"primaryImageOfPage":{"@id":"https:\/\/www.bellunopress.it\/2026\/01\/09\/cortina-per-tutti-presentata-la-guida-allospitalita-accessibile-e-il-percorso-di-accessibilita-oltre-il-2026\/#primaryimage"},"image":{"@id":"https:\/\/www.bellunopress.it\/2026\/01\/09\/cortina-per-tutti-presentata-la-guida-allospitalita-accessibile-e-il-percorso-di-accessibilita-oltre-il-2026\/#primaryimage"},"thumbnailUrl":"https:\/\/www.bellunopress.it\/wp-content\/uploads\/2026\/01\/Guida-Turismo-Accessibile-2-Alvera-e-Vitali.jpg","datePublished":"2026-01-09T15:12:06+00:00","breadcrumb":{"@id":"https:\/\/www.bellunopress.it\/2026\/01\/09\/cortina-per-tutti-presentata-la-guida-allospitalita-accessibile-e-il-percorso-di-accessibilita-oltre-il-2026\/#breadcrumb"},"inLanguage":"fr-FR","potentialAction":[{"@type":"ReadAction","target":["https:\/\/www.bellunopress.it\/2026\/01\/09\/cortina-per-tutti-presentata-la-guida-allospitalita-accessibile-e-il-percorso-di-accessibilita-oltre-il-2026\/"]}]},{"@type":"ImageObject","inLanguage":"fr-FR","@id":"https:\/\/www.bellunopress.it\/2026\/01\/09\/cortina-per-tutti-presentata-la-guida-allospitalita-accessibile-e-il-percorso-di-accessibilita-oltre-il-2026\/#primaryimage","url":"https:\/\/www.bellunopress.it\/wp-content\/uploads\/2026\/01\/Guida-Turismo-Accessibile-2-Alvera-e-Vitali.jpg","contentUrl":"https:\/\/www.bellunopress.it\/wp-content\/uploads\/2026\/01\/Guida-Turismo-Accessibile-2-Alvera-e-Vitali.jpg","width":484,"height":391,"caption":"Roberta Alver\u00e0 vicesindaco di Cortina e Roberto Vitali ideatore di Village for All"},{"@type":"BreadcrumbList","@id":"https:\/\/www.bellunopress.it\/2026\/01\/09\/cortina-per-tutti-presentata-la-guida-allospitalita-accessibile-e-il-percorso-di-accessibilita-oltre-il-2026\/#breadcrumb","itemListElement":[{"@type":"ListItem","position":1,"name":"Home","item":"https:\/\/www.bellunopress.it\/"},{"@type":"ListItem","position":2,"name":"Cortina per Tutti: presentata la Guida all\u2019Ospitalit\u00e0 Accessibile e il percorso di accessibilit\u00e0 oltre il 2026"}]},{"@type":"WebSite","@id":"https:\/\/www.bellunopress.it\/#website","url":"https:\/\/www.bellunopress.it\/","name":"Bellunopress - Dolomiti","description":"e-mail: redazione@bellunopress.it","publisher":{"@id":"https:\/\/www.bellunopress.it\/#organization"},"potentialAction":[{"@type":"SearchAction","target":{"@type":"EntryPoint","urlTemplate":"https:\/\/www.bellunopress.it\/?s={search_term_string}"},"query-input":{"@type":"PropertyValueSpecification","valueRequired":true,"valueName":"search_term_string"}}],"inLanguage":"fr-FR"},{"@type":"Organization","@id":"https:\/\/www.bellunopress.it\/#organization","name":"Bellunopress","url":"https:\/\/www.bellunopress.it\/","logo":{"@type":"ImageObject","inLanguage":"fr-FR","@id":"https:\/\/www.bellunopress.it\/#\/schema\/logo\/image\/","url":"https:\/\/www.bellunopress.it\/wp-content\/uploads\/2011\/05\/cropped-logo-bellunopress-.jpg","contentUrl":"https:\/\/www.bellunopress.it\/wp-content\/uploads\/2011\/05\/cropped-logo-bellunopress-.jpg","width":512,"height":512,"caption":"Bellunopress"},"image":{"@id":"https:\/\/www.bellunopress.it\/#\/schema\/logo\/image\/"},"sameAs":["https:\/\/www.facebook.com\/profile.php?id=100008943462799","https:\/\/x.com\/bellunopress","https:\/\/www.linkedin.com\/hp\/?dnr=JBzUWaJfMUw8vbXJJ2tVW5-I3jZKvC4wsoxE&amp;amp;amp;amp;amp;amp;trk=nav_responsive_tab_home","https:\/\/www.youtube.com\/channel\/UCxL0wu1uN0_3_7hGG0306cw"]},{"@type":"Person","@id":"https:\/\/www.bellunopress.it\/#\/schema\/person\/79bb06722b37ece1c03d3e94beb30d73","name":"r\u00e9daction","image":{"@type":"ImageObject","inLanguage":"fr-FR","@id":"https:\/\/secure.gravatar.com\/avatar\/37d968a2e67a6fd04c169c4bdef102d0bc5d31b2546345219e348575eb80e9a0?s=96&d=mm&r=g","url":"https:\/\/secure.gravatar.com\/avatar\/37d968a2e67a6fd04c169c4bdef102d0bc5d31b2546345219e348575eb80e9a0?s=96&d=mm&r=g","contentUrl":"https:\/\/secure.gravatar.com\/avatar\/37d968a2e67a6fd04c169c4bdef102d0bc5d31b2546345219e348575eb80e9a0?s=96&d=mm&r=g","caption":"redazione"},"sameAs":["http:\/\/www.bellunopress.it","https:\/\/x.com\/bellunopress"],"url":"https:\/\/www.bellunopress.it\/fr\/author\/redazione\/"}]}},"_links":{"self":[{"href":"https:\/\/www.bellunopress.it\/fr\/wp-json\/wp\/v2\/posts\/166356","targetHints":{"allow":["GET"]}}],"collection":[{"href":"https:\/\/www.bellunopress.it\/fr\/wp-json\/wp\/v2\/posts"}],"about":[{"href":"https:\/\/www.bellunopress.it\/fr\/wp-json\/wp\/v2\/types\/post"}],"author":[{"embeddable":true,"href":"https:\/\/www.bellunopress.it\/fr\/wp-json\/wp\/v2\/users\/2"}],"replies":[{"embeddable":true,"href":"https:\/\/www.bellunopress.it\/fr\/wp-json\/wp\/v2\/comments?post=166356"}],"version-history":[{"count":1,"href":"https:\/\/www.bellunopress.it\/fr\/wp-json\/wp\/v2\/posts\/166356\/revisions"}],"predecessor-version":[{"id":166358,"href":"https:\/\/www.bellunopress.it\/fr\/wp-json\/wp\/v2\/posts\/166356\/revisions\/166358"}],"wp:featuredmedia":[{"embeddable":true,"href":"https:\/\/www.bellunopress.it\/fr\/wp-json\/wp\/v2\/media\/166357"}],"wp:attachment":[{"href":"https:\/\/www.bellunopress.it\/fr\/wp-json\/wp\/v2\/media?parent=166356"}],"wp:term":[{"taxonomy":"category","embeddable":true,"href":"https:\/\/www.bellunopress.it\/fr\/wp-json\/wp\/v2\/categories?post=166356"},{"taxonomy":"post_tag","embeddable":true,"href":"https:\/\/www.bellunopress.it\/fr\/wp-json\/wp\/v2\/tags?post=166356"}],"curies":[{"name":"wp","href":"https:\/\/api.w.org\/{rel}","templated":true}]}}