{"id":166352,"date":"2026-01-09T11:03:30","date_gmt":"2026-01-09T10:03:30","guid":{"rendered":"https:\/\/www.bellunopress.it\/?p=166352"},"modified":"2026-01-09T11:03:30","modified_gmt":"2026-01-09T10:03:30","slug":"unifarco-partner-del-progetto-rifugi-sani-e-sicuri-con-ceramol-per-la-prevenzione-del-melanoma-in-alta-quota","status":"publish","type":"post","link":"https:\/\/www.bellunopress.it\/fr\/2026\/01\/09\/unifarco-partner-del-progetto-rifugi-sani-e-sicuri-con-ceramol-per-la-prevenzione-del-melanoma-in-alta-quota\/","title":{"rendered":"Unifarco partner del progetto &#8220;Rifugi Sani e Sicuri&#8221;: con Ceramol per la prevenzione del melanoma in alta quota"},"content":{"rendered":"<p><strong><img loading=\"lazy\" decoding=\"async\" class=\"aligncenter size-full wp-image-149039\" src=\"https:\/\/www.bellunopress.it\/wp-content\/uploads\/2024\/03\/Unifarco-2_edited.jpg\" alt=\"\" width=\"1000\" height=\"668\" srcset=\"https:\/\/www.bellunopress.it\/wp-content\/uploads\/2024\/03\/Unifarco-2_edited.jpg 1000w, https:\/\/www.bellunopress.it\/wp-content\/uploads\/2024\/03\/Unifarco-2_edited-500x334.jpg 500w, https:\/\/www.bellunopress.it\/wp-content\/uploads\/2024\/03\/Unifarco-2_edited-696x465.jpg 696w\" sizes=\"auto, (max-width: 1000px) 100vw, 1000px\" \/>Realizzati e installati dispenser di crema solare per proteggere la pelle in 18 rifugi dolomitici<\/strong><\/p>\n<p>Belluno, 9 gennaio 2026 \u2013 Unifarco, azienda leader in Italia nel settore della salute e del benessere in farmacia, aderisce al progetto &#8220;Rifugi Sani e Sicuri&#8221;, promosso dal Dipartimento di Prevenzione dell&#8217;Ulss 1 Dolomiti, con l&#8217;obiettivo di diffondere la cultura della salute, della prevenzione e della sicurezza negli ambienti di alta montagna.<br \/>\nAll&#8217;interno del progetto, Ceramol, brand dermatologico di Unifarco, ha sviluppato un&#8217;iniziativa dedicata alla prevenzione del melanoma in montagna, attraverso la realizzazione di dispenser di crema solare, che verranno installati in 18 rifugi del territorio dolomitico, con una maggiore concentrazione nell&#8217;area di Cortina.<\/p>\n<p>L&#8217;iniziativa si inserisce nel pi\u00f9 ampio percorso di avvicinamento ai Giochi Olimpici e Paralimpici Invernali Milano Cortina 2026, valorizzando il territorio e promuovendo comportamenti responsabili tra i visitatori.<\/p>\n<p><strong>Un&#8217;azione concreta di prevenzione in alta quota<\/strong><\/p>\n<p>L&#8217;obiettivo della campagna \u00e8 sensibilizzare sull&#8217;importanza di un corretto utilizzo della protezione solare in montagna, dove l&#8217;esposizione ai raggi UVA e UVB risulta pi\u00f9 intensa e quindi pi\u00f9 pericolosa per la salute della pelle, promuovendo l&#8217;utilizzo della giusta quantit\u00e0 di prodotto e la sua corretta frequenza di applicazione, anche nelle zone spesso dimenticate quali mani, collo, naso e orecchie.<\/p>\n<p>I dispenser Ceramol sono progettati come strumenti di prevenzione attiva consentendo l&#8217;erogazione diretta di crema solare ai visitatori dei rifugi. Pensata per favorire un gesto semplice ma fondamentale per la salute della pelle la crema solare Ceramol Sun, \u00e8 formulata per garantire protezione dai raggi solari e un&#8217;elevata tollerabilit\u00e0 cutanea.<\/p>\n<p><strong>Il melanoma in Italia<\/strong><\/p>\n<p>In Italia si stimano circa 13.000-14.000 nuovi casi di melanoma all&#8217;anno e alcune proiezioni suggeriscono che potrebbero salire velocemente a oltre 17.000 come conseguenza dell&#8217;aumento delle diagnosi e dell&#8217;invecchiamento della popolazione.<\/p>\n<p>In Veneto l&#8217;incidenza del melanoma risulta in aumento negli ultimi 30 anni con un incremento annuo del 3,8% nella popolazione maschile e del 2,8% nella popolazione femminile.<\/p>\n<p>In alcune province, tra cui Belluno, l&#8217;incidenza \u00e8 particolarmente elevata e il melanoma risulta uno dei tumori pi\u00f9 frequenti negli under 50.<\/p>\n<p>Questi dati suggeriscono che la malattia rappresenta sempre pi\u00f9 una sfida per la sanit\u00e0 pubblica richiedendo strategie di prevenzione primaria e secondaria.<\/p>\n<p><strong>Presentazione del progetto<\/strong><\/p>\n<p>L&#8217;iniziativa sar\u00e0 presentata ufficialmente il 12 gennaio a Belluno, presso Palazzo Crepadona, in occasione della cerimonia di consegna delle targhe &#8220;Rifugi Sani e Sicuri&#8221;, progetto nato nel 2023 con la firma del primo protocollo che ha previsto l&#8217;avvio di un percorso di miglioramento nei rifugi alpini associati, finalizzato a garantire un contesto &#8220;sano e sicuro&#8221; in termini di idoneit\u00e0 igienico-sanitaria, di potenziamento della sicurezza sanitaria e di orientamento alla promozione della salute.<\/p>\n<p>Durante l&#8217;evento \u00e8 previsto uno spazio dedicato ai partner, nel quale Unifarco illustrer\u00e0 il valore della prevenzione dermatologica in alta quota e il progetto dei dispenser installati nei rifugi.<\/p>\n<figure id=\"attachment_142038\" aria-describedby=\"caption-attachment-142038\" style=\"width: 1000px\" class=\"wp-caption aligncenter\"><img loading=\"lazy\" decoding=\"async\" class=\"size-full wp-image-142038\" src=\"https:\/\/www.bellunopress.it\/wp-content\/uploads\/2023\/06\/Gianni-Baratto-Unifarco.jpg\" alt=\"\" width=\"1000\" height=\"724\" srcset=\"https:\/\/www.bellunopress.it\/wp-content\/uploads\/2023\/06\/Gianni-Baratto-Unifarco.jpg 1000w, https:\/\/www.bellunopress.it\/wp-content\/uploads\/2023\/06\/Gianni-Baratto-Unifarco-500x362.jpg 500w, https:\/\/www.bellunopress.it\/wp-content\/uploads\/2023\/06\/Gianni-Baratto-Unifarco-696x504.jpg 696w, https:\/\/www.bellunopress.it\/wp-content\/uploads\/2023\/06\/Gianni-Baratto-Unifarco-580x420.jpg 580w, https:\/\/www.bellunopress.it\/wp-content\/uploads\/2023\/06\/Gianni-Baratto-Unifarco-324x235.jpg 324w\" sizes=\"auto, (max-width: 1000px) 100vw, 1000px\" \/><figcaption id=\"caption-attachment-142038\" class=\"wp-caption-text\">Gianni Baratto, vicepresidente e direttore scientifico di Unifarco<\/figcaption><\/figure>\n<p>\u00abCon questa iniziativa rinnoviamo il nostro impegno concreto nella promozione del benessere delle persone\u00bb, commenta Gianni Baratto, Science &amp; Research Vice President di Unifarco. \u00abAttraverso l&#8217;attenzione alla salute della pelle, il progetto contribuisce a diffondere una maggiore consapevolezza sull&#8217;importanza della prevenzione di una malattia che colpisce ogni anno un numero significativo di individui e che pu\u00f2 essere contrastata con un gesto semplice e immediato\u00bb.<\/p>\n<p>\u00abIn montagna l&#8217;esposizione ai raggi UV \u00e8 spesso sottovalutata, ma in realt\u00e0 con l&#8217;altitudine aumenta l&#8217;intensit\u00e0 della radiazione, rendendo la pelle pi\u00f9 vulnerabile\u00bb, spiega Andrea Baratto, Global Medical Marketing Manager di Ceramol. \u00abRendere la protezione solare accessibile a tutti nei Rifugi selezionati, ci permette di lavorare in prevenzione e dare un valore farmaceutico al prodotto solare. \u00c8 proprio da queste piccole azioni quotidiane che pu\u00f2 nascere una maggiore consapevolezza nella tutela della salute della pelle, soprattutto tra le fasce pi\u00f9 giovani\u00bb.<\/p>","protected":false},"excerpt":{"rendered":"<p>Realizzati e installati dispenser di crema solare per proteggere la pelle in 18 rifugi dolomitici Belluno, 9 gennaio 2026 \u2013 Unifarco, azienda leader in Italia nel settore della salute e del benessere in farmacia, aderisce al progetto &#8220;Rifugi Sani e Sicuri&#8221;, promosso dal Dipartimento di Prevenzione dell&#8217;Ulss 1 Dolomiti, con l&#8217;obiettivo di diffondere la cultura [&hellip;]<\/p>\n","protected":false},"author":2,"featured_media":148723,"comment_status":"closed","ping_status":"open","sticky":false,"template":"","format":"standard","meta":{"footnotes":""},"categories":[26,17],"tags":[],"class_list":["post-166352","post","type-post","status-publish","format-standard","has-post-thumbnail","category-prima-pagina","category-sanita"],"yoast_head":"<!-- This site is optimized with the Yoast SEO plugin v28.4 - https:\/\/yoast.com\/product\/yoast-seo-wordpress\/ -->\n<title>Unifarco partner del progetto &quot;Rifugi Sani e Sicuri&quot;: con Ceramol per la prevenzione del melanoma in alta quota - Bellunopress - Dolomiti<\/title>\n<meta name=\"robots\" content=\"index, follow, max-snippet:-1, max-image-preview:large, max-video-preview:-1\" \/>\n<link rel=\"canonical\" href=\"https:\/\/www.bellunopress.it\/fr\/2026\/01\/09\/unifarco-partner-del-progetto-rifugi-sani-e-sicuri-con-ceramol-per-la-prevenzione-del-melanoma-in-alta-quota\/\" \/>\n<meta property=\"og:locale\" content=\"fr_FR\" \/>\n<meta property=\"og:type\" content=\"article\" \/>\n<meta property=\"og:title\" content=\"Unifarco partner del progetto &quot;Rifugi Sani e Sicuri&quot;: con Ceramol per la prevenzione del melanoma in alta quota - Bellunopress - Dolomiti\" \/>\n<meta property=\"og:description\" content=\"Realizzati e installati dispenser di crema solare per proteggere la pelle in 18 rifugi dolomitici Belluno, 9 gennaio 2026 \u2013 Unifarco, azienda leader in Italia nel settore della salute e del benessere in farmacia, aderisce al progetto &#8220;Rifugi Sani e Sicuri&#8221;, promosso dal Dipartimento di Prevenzione dell&#8217;Ulss 1 Dolomiti, con l&#8217;obiettivo di diffondere la cultura [&hellip;]\" \/>\n<meta property=\"og:url\" content=\"https:\/\/www.bellunopress.it\/fr\/2026\/01\/09\/unifarco-partner-del-progetto-rifugi-sani-e-sicuri-con-ceramol-per-la-prevenzione-del-melanoma-in-alta-quota\/\" \/>\n<meta property=\"og:site_name\" content=\"Bellunopress - Dolomiti\" \/>\n<meta property=\"article:publisher\" content=\"https:\/\/www.facebook.com\/profile.php?id=100008943462799\" \/>\n<meta property=\"article:published_time\" content=\"2026-01-09T10:03:30+00:00\" \/>\n<meta property=\"og:image\" content=\"https:\/\/www.bellunopress.it\/wp-content\/uploads\/2024\/02\/Unifarco-2_edited.jpg\" \/>\n\t<meta property=\"og:image:width\" content=\"1000\" \/>\n\t<meta property=\"og:image:height\" content=\"668\" \/>\n\t<meta property=\"og:image:type\" content=\"image\/jpeg\" \/>\n<meta name=\"author\" content=\"redazione\" \/>\n<meta name=\"twitter:card\" content=\"summary_large_image\" \/>\n<meta name=\"twitter:creator\" content=\"@bellunopress\" \/>\n<meta name=\"twitter:site\" content=\"@bellunopress\" \/>\n<meta name=\"twitter:label1\" content=\"\u00c9crit par\" \/>\n\t<meta name=\"twitter:data1\" content=\"redazione\" \/>\n\t<meta name=\"twitter:label2\" content=\"Dur\u00e9e de lecture estim\u00e9e\" \/>\n\t<meta name=\"twitter:data2\" content=\"3 minutes\" \/>\n<script type=\"application\/ld+json\" class=\"yoast-schema-graph\">{\"@context\":\"https:\\\/\\\/schema.org\",\"@graph\":[{\"@type\":\"Article\",\"@id\":\"https:\\\/\\\/www.bellunopress.it\\\/2026\\\/01\\\/09\\\/unifarco-partner-del-progetto-rifugi-sani-e-sicuri-con-ceramol-per-la-prevenzione-del-melanoma-in-alta-quota\\\/#article\",\"isPartOf\":{\"@id\":\"https:\\\/\\\/www.bellunopress.it\\\/2026\\\/01\\\/09\\\/unifarco-partner-del-progetto-rifugi-sani-e-sicuri-con-ceramol-per-la-prevenzione-del-melanoma-in-alta-quota\\\/\"},\"author\":{\"name\":\"redazione\",\"@id\":\"https:\\\/\\\/www.bellunopress.it\\\/#\\\/schema\\\/person\\\/79bb06722b37ece1c03d3e94beb30d73\"},\"headline\":\"Unifarco partner del progetto &#8220;Rifugi Sani e Sicuri&#8221;: con Ceramol per la prevenzione del melanoma in alta quota\",\"datePublished\":\"2026-01-09T10:03:30+00:00\",\"mainEntityOfPage\":{\"@id\":\"https:\\\/\\\/www.bellunopress.it\\\/2026\\\/01\\\/09\\\/unifarco-partner-del-progetto-rifugi-sani-e-sicuri-con-ceramol-per-la-prevenzione-del-melanoma-in-alta-quota\\\/\"},\"wordCount\":647,\"publisher\":{\"@id\":\"https:\\\/\\\/www.bellunopress.it\\\/#organization\"},\"image\":{\"@id\":\"https:\\\/\\\/www.bellunopress.it\\\/2026\\\/01\\\/09\\\/unifarco-partner-del-progetto-rifugi-sani-e-sicuri-con-ceramol-per-la-prevenzione-del-melanoma-in-alta-quota\\\/#primaryimage\"},\"thumbnailUrl\":\"https:\\\/\\\/www.bellunopress.it\\\/wp-content\\\/uploads\\\/2024\\\/02\\\/Unifarco-2_edited.jpg\",\"articleSection\":[\"Prima Pagina\",\"Sanit\u00e0 Medicina\"],\"inLanguage\":\"fr-FR\"},{\"@type\":\"WebPage\",\"@id\":\"https:\\\/\\\/www.bellunopress.it\\\/2026\\\/01\\\/09\\\/unifarco-partner-del-progetto-rifugi-sani-e-sicuri-con-ceramol-per-la-prevenzione-del-melanoma-in-alta-quota\\\/\",\"url\":\"https:\\\/\\\/www.bellunopress.it\\\/2026\\\/01\\\/09\\\/unifarco-partner-del-progetto-rifugi-sani-e-sicuri-con-ceramol-per-la-prevenzione-del-melanoma-in-alta-quota\\\/\",\"name\":\"Unifarco partner del progetto \\\"Rifugi Sani e Sicuri\\\": con Ceramol per la prevenzione del melanoma in alta quota - Bellunopress - Dolomiti\",\"isPartOf\":{\"@id\":\"https:\\\/\\\/www.bellunopress.it\\\/#website\"},\"primaryImageOfPage\":{\"@id\":\"https:\\\/\\\/www.bellunopress.it\\\/2026\\\/01\\\/09\\\/unifarco-partner-del-progetto-rifugi-sani-e-sicuri-con-ceramol-per-la-prevenzione-del-melanoma-in-alta-quota\\\/#primaryimage\"},\"image\":{\"@id\":\"https:\\\/\\\/www.bellunopress.it\\\/2026\\\/01\\\/09\\\/unifarco-partner-del-progetto-rifugi-sani-e-sicuri-con-ceramol-per-la-prevenzione-del-melanoma-in-alta-quota\\\/#primaryimage\"},\"thumbnailUrl\":\"https:\\\/\\\/www.bellunopress.it\\\/wp-content\\\/uploads\\\/2024\\\/02\\\/Unifarco-2_edited.jpg\",\"datePublished\":\"2026-01-09T10:03:30+00:00\",\"breadcrumb\":{\"@id\":\"https:\\\/\\\/www.bellunopress.it\\\/2026\\\/01\\\/09\\\/unifarco-partner-del-progetto-rifugi-sani-e-sicuri-con-ceramol-per-la-prevenzione-del-melanoma-in-alta-quota\\\/#breadcrumb\"},\"inLanguage\":\"fr-FR\",\"potentialAction\":[{\"@type\":\"ReadAction\",\"target\":[\"https:\\\/\\\/www.bellunopress.it\\\/2026\\\/01\\\/09\\\/unifarco-partner-del-progetto-rifugi-sani-e-sicuri-con-ceramol-per-la-prevenzione-del-melanoma-in-alta-quota\\\/\"]}]},{\"@type\":\"ImageObject\",\"inLanguage\":\"fr-FR\",\"@id\":\"https:\\\/\\\/www.bellunopress.it\\\/2026\\\/01\\\/09\\\/unifarco-partner-del-progetto-rifugi-sani-e-sicuri-con-ceramol-per-la-prevenzione-del-melanoma-in-alta-quota\\\/#primaryimage\",\"url\":\"https:\\\/\\\/www.bellunopress.it\\\/wp-content\\\/uploads\\\/2024\\\/02\\\/Unifarco-2_edited.jpg\",\"contentUrl\":\"https:\\\/\\\/www.bellunopress.it\\\/wp-content\\\/uploads\\\/2024\\\/02\\\/Unifarco-2_edited.jpg\",\"width\":1000,\"height\":668},{\"@type\":\"BreadcrumbList\",\"@id\":\"https:\\\/\\\/www.bellunopress.it\\\/2026\\\/01\\\/09\\\/unifarco-partner-del-progetto-rifugi-sani-e-sicuri-con-ceramol-per-la-prevenzione-del-melanoma-in-alta-quota\\\/#breadcrumb\",\"itemListElement\":[{\"@type\":\"ListItem\",\"position\":1,\"name\":\"Home\",\"item\":\"https:\\\/\\\/www.bellunopress.it\\\/\"},{\"@type\":\"ListItem\",\"position\":2,\"name\":\"Unifarco partner del progetto &#8220;Rifugi Sani e Sicuri&#8221;: con Ceramol per la prevenzione del melanoma in alta quota\"}]},{\"@type\":\"WebSite\",\"@id\":\"https:\\\/\\\/www.bellunopress.it\\\/#website\",\"url\":\"https:\\\/\\\/www.bellunopress.it\\\/\",\"name\":\"Bellunopress - Dolomiti\",\"description\":\"e-mail: redazione@bellunopress.it\",\"publisher\":{\"@id\":\"https:\\\/\\\/www.bellunopress.it\\\/#organization\"},\"potentialAction\":[{\"@type\":\"SearchAction\",\"target\":{\"@type\":\"EntryPoint\",\"urlTemplate\":\"https:\\\/\\\/www.bellunopress.it\\\/?s={search_term_string}\"},\"query-input\":{\"@type\":\"PropertyValueSpecification\",\"valueRequired\":true,\"valueName\":\"search_term_string\"}}],\"inLanguage\":\"fr-FR\"},{\"@type\":\"Organization\",\"@id\":\"https:\\\/\\\/www.bellunopress.it\\\/#organization\",\"name\":\"Bellunopress\",\"url\":\"https:\\\/\\\/www.bellunopress.it\\\/\",\"logo\":{\"@type\":\"ImageObject\",\"inLanguage\":\"fr-FR\",\"@id\":\"https:\\\/\\\/www.bellunopress.it\\\/#\\\/schema\\\/logo\\\/image\\\/\",\"url\":\"https:\\\/\\\/www.bellunopress.it\\\/wp-content\\\/uploads\\\/2011\\\/05\\\/cropped-logo-bellunopress-.jpg\",\"contentUrl\":\"https:\\\/\\\/www.bellunopress.it\\\/wp-content\\\/uploads\\\/2011\\\/05\\\/cropped-logo-bellunopress-.jpg\",\"width\":512,\"height\":512,\"caption\":\"Bellunopress\"},\"image\":{\"@id\":\"https:\\\/\\\/www.bellunopress.it\\\/#\\\/schema\\\/logo\\\/image\\\/\"},\"sameAs\":[\"https:\\\/\\\/www.facebook.com\\\/profile.php?id=100008943462799\",\"https:\\\/\\\/x.com\\\/bellunopress\",\"https:\\\/\\\/www.linkedin.com\\\/hp\\\/?dnr=JBzUWaJfMUw8vbXJJ2tVW5-I3jZKvC4wsoxE&amp;amp;amp;amp;amp;amp;trk=nav_responsive_tab_home\",\"https:\\\/\\\/www.youtube.com\\\/channel\\\/UCxL0wu1uN0_3_7hGG0306cw\"]},{\"@type\":\"Person\",\"@id\":\"https:\\\/\\\/www.bellunopress.it\\\/#\\\/schema\\\/person\\\/79bb06722b37ece1c03d3e94beb30d73\",\"name\":\"redazione\",\"image\":{\"@type\":\"ImageObject\",\"inLanguage\":\"fr-FR\",\"@id\":\"https:\\\/\\\/secure.gravatar.com\\\/avatar\\\/37d968a2e67a6fd04c169c4bdef102d0bc5d31b2546345219e348575eb80e9a0?s=96&d=mm&r=g\",\"url\":\"https:\\\/\\\/secure.gravatar.com\\\/avatar\\\/37d968a2e67a6fd04c169c4bdef102d0bc5d31b2546345219e348575eb80e9a0?s=96&d=mm&r=g\",\"contentUrl\":\"https:\\\/\\\/secure.gravatar.com\\\/avatar\\\/37d968a2e67a6fd04c169c4bdef102d0bc5d31b2546345219e348575eb80e9a0?s=96&d=mm&r=g\",\"caption\":\"redazione\"},\"sameAs\":[\"http:\\\/\\\/www.bellunopress.it\",\"https:\\\/\\\/x.com\\\/bellunopress\"],\"url\":\"https:\\\/\\\/www.bellunopress.it\\\/fr\\\/author\\\/redazione\\\/\"}]}<\/script>\n<!-- \/ Yoast SEO plugin. -->","yoast_head_json":{"title":"Unifarco partner del progetto \"Rifugi Sani e Sicuri\": con Ceramol per la prevenzione del melanoma in alta quota - Bellunopress - Dolomiti","robots":{"index":"index","follow":"follow","max-snippet":"max-snippet:-1","max-image-preview":"max-image-preview:large","max-video-preview":"max-video-preview:-1"},"canonical":"https:\/\/www.bellunopress.it\/fr\/2026\/01\/09\/unifarco-partner-del-progetto-rifugi-sani-e-sicuri-con-ceramol-per-la-prevenzione-del-melanoma-in-alta-quota\/","og_locale":"fr_FR","og_type":"article","og_title":"Unifarco partner del progetto \"Rifugi Sani e Sicuri\": con Ceramol per la prevenzione del melanoma in alta quota - Bellunopress - Dolomiti","og_description":"Realizzati e installati dispenser di crema solare per proteggere la pelle in 18 rifugi dolomitici Belluno, 9 gennaio 2026 \u2013 Unifarco, azienda leader in Italia nel settore della salute e del benessere in farmacia, aderisce al progetto &#8220;Rifugi Sani e Sicuri&#8221;, promosso dal Dipartimento di Prevenzione dell&#8217;Ulss 1 Dolomiti, con l&#8217;obiettivo di diffondere la cultura [&hellip;]","og_url":"https:\/\/www.bellunopress.it\/fr\/2026\/01\/09\/unifarco-partner-del-progetto-rifugi-sani-e-sicuri-con-ceramol-per-la-prevenzione-del-melanoma-in-alta-quota\/","og_site_name":"Bellunopress - Dolomiti","article_publisher":"https:\/\/www.facebook.com\/profile.php?id=100008943462799","article_published_time":"2026-01-09T10:03:30+00:00","og_image":[{"width":1000,"height":668,"url":"https:\/\/www.bellunopress.it\/wp-content\/uploads\/2024\/02\/Unifarco-2_edited.jpg","type":"image\/jpeg"}],"author":"redazione","twitter_card":"summary_large_image","twitter_creator":"@bellunopress","twitter_site":"@bellunopress","twitter_misc":{"\u00c9crit par":"redazione","Dur\u00e9e de lecture estim\u00e9e":"3 minutes"},"schema":{"@context":"https:\/\/schema.org","@graph":[{"@type":"Article","@id":"https:\/\/www.bellunopress.it\/2026\/01\/09\/unifarco-partner-del-progetto-rifugi-sani-e-sicuri-con-ceramol-per-la-prevenzione-del-melanoma-in-alta-quota\/#article","isPartOf":{"@id":"https:\/\/www.bellunopress.it\/2026\/01\/09\/unifarco-partner-del-progetto-rifugi-sani-e-sicuri-con-ceramol-per-la-prevenzione-del-melanoma-in-alta-quota\/"},"author":{"name":"redazione","@id":"https:\/\/www.bellunopress.it\/#\/schema\/person\/79bb06722b37ece1c03d3e94beb30d73"},"headline":"Unifarco partner del progetto &#8220;Rifugi Sani e Sicuri&#8221;: con Ceramol per la prevenzione del melanoma in alta quota","datePublished":"2026-01-09T10:03:30+00:00","mainEntityOfPage":{"@id":"https:\/\/www.bellunopress.it\/2026\/01\/09\/unifarco-partner-del-progetto-rifugi-sani-e-sicuri-con-ceramol-per-la-prevenzione-del-melanoma-in-alta-quota\/"},"wordCount":647,"publisher":{"@id":"https:\/\/www.bellunopress.it\/#organization"},"image":{"@id":"https:\/\/www.bellunopress.it\/2026\/01\/09\/unifarco-partner-del-progetto-rifugi-sani-e-sicuri-con-ceramol-per-la-prevenzione-del-melanoma-in-alta-quota\/#primaryimage"},"thumbnailUrl":"https:\/\/www.bellunopress.it\/wp-content\/uploads\/2024\/02\/Unifarco-2_edited.jpg","articleSection":["Prima Pagina","Sanit\u00e0 Medicina"],"inLanguage":"fr-FR"},{"@type":"WebPage","@id":"https:\/\/www.bellunopress.it\/2026\/01\/09\/unifarco-partner-del-progetto-rifugi-sani-e-sicuri-con-ceramol-per-la-prevenzione-del-melanoma-in-alta-quota\/","url":"https:\/\/www.bellunopress.it\/2026\/01\/09\/unifarco-partner-del-progetto-rifugi-sani-e-sicuri-con-ceramol-per-la-prevenzione-del-melanoma-in-alta-quota\/","name":"Unifarco partner del progetto \"Rifugi Sani e Sicuri\": con Ceramol per la prevenzione del melanoma in alta quota - Bellunopress - Dolomiti","isPartOf":{"@id":"https:\/\/www.bellunopress.it\/#website"},"primaryImageOfPage":{"@id":"https:\/\/www.bellunopress.it\/2026\/01\/09\/unifarco-partner-del-progetto-rifugi-sani-e-sicuri-con-ceramol-per-la-prevenzione-del-melanoma-in-alta-quota\/#primaryimage"},"image":{"@id":"https:\/\/www.bellunopress.it\/2026\/01\/09\/unifarco-partner-del-progetto-rifugi-sani-e-sicuri-con-ceramol-per-la-prevenzione-del-melanoma-in-alta-quota\/#primaryimage"},"thumbnailUrl":"https:\/\/www.bellunopress.it\/wp-content\/uploads\/2024\/02\/Unifarco-2_edited.jpg","datePublished":"2026-01-09T10:03:30+00:00","breadcrumb":{"@id":"https:\/\/www.bellunopress.it\/2026\/01\/09\/unifarco-partner-del-progetto-rifugi-sani-e-sicuri-con-ceramol-per-la-prevenzione-del-melanoma-in-alta-quota\/#breadcrumb"},"inLanguage":"fr-FR","potentialAction":[{"@type":"ReadAction","target":["https:\/\/www.bellunopress.it\/2026\/01\/09\/unifarco-partner-del-progetto-rifugi-sani-e-sicuri-con-ceramol-per-la-prevenzione-del-melanoma-in-alta-quota\/"]}]},{"@type":"ImageObject","inLanguage":"fr-FR","@id":"https:\/\/www.bellunopress.it\/2026\/01\/09\/unifarco-partner-del-progetto-rifugi-sani-e-sicuri-con-ceramol-per-la-prevenzione-del-melanoma-in-alta-quota\/#primaryimage","url":"https:\/\/www.bellunopress.it\/wp-content\/uploads\/2024\/02\/Unifarco-2_edited.jpg","contentUrl":"https:\/\/www.bellunopress.it\/wp-content\/uploads\/2024\/02\/Unifarco-2_edited.jpg","width":1000,"height":668},{"@type":"BreadcrumbList","@id":"https:\/\/www.bellunopress.it\/2026\/01\/09\/unifarco-partner-del-progetto-rifugi-sani-e-sicuri-con-ceramol-per-la-prevenzione-del-melanoma-in-alta-quota\/#breadcrumb","itemListElement":[{"@type":"ListItem","position":1,"name":"Home","item":"https:\/\/www.bellunopress.it\/"},{"@type":"ListItem","position":2,"name":"Unifarco partner del progetto &#8220;Rifugi Sani e Sicuri&#8221;: con Ceramol per la prevenzione del melanoma in alta quota"}]},{"@type":"WebSite","@id":"https:\/\/www.bellunopress.it\/#website","url":"https:\/\/www.bellunopress.it\/","name":"Bellunopress - Dolomiti","description":"e-mail: redazione@bellunopress.it","publisher":{"@id":"https:\/\/www.bellunopress.it\/#organization"},"potentialAction":[{"@type":"SearchAction","target":{"@type":"EntryPoint","urlTemplate":"https:\/\/www.bellunopress.it\/?s={search_term_string}"},"query-input":{"@type":"PropertyValueSpecification","valueRequired":true,"valueName":"search_term_string"}}],"inLanguage":"fr-FR"},{"@type":"Organization","@id":"https:\/\/www.bellunopress.it\/#organization","name":"Bellunopress","url":"https:\/\/www.bellunopress.it\/","logo":{"@type":"ImageObject","inLanguage":"fr-FR","@id":"https:\/\/www.bellunopress.it\/#\/schema\/logo\/image\/","url":"https:\/\/www.bellunopress.it\/wp-content\/uploads\/2011\/05\/cropped-logo-bellunopress-.jpg","contentUrl":"https:\/\/www.bellunopress.it\/wp-content\/uploads\/2011\/05\/cropped-logo-bellunopress-.jpg","width":512,"height":512,"caption":"Bellunopress"},"image":{"@id":"https:\/\/www.bellunopress.it\/#\/schema\/logo\/image\/"},"sameAs":["https:\/\/www.facebook.com\/profile.php?id=100008943462799","https:\/\/x.com\/bellunopress","https:\/\/www.linkedin.com\/hp\/?dnr=JBzUWaJfMUw8vbXJJ2tVW5-I3jZKvC4wsoxE&amp;amp;amp;amp;amp;amp;trk=nav_responsive_tab_home","https:\/\/www.youtube.com\/channel\/UCxL0wu1uN0_3_7hGG0306cw"]},{"@type":"Person","@id":"https:\/\/www.bellunopress.it\/#\/schema\/person\/79bb06722b37ece1c03d3e94beb30d73","name":"r\u00e9daction","image":{"@type":"ImageObject","inLanguage":"fr-FR","@id":"https:\/\/secure.gravatar.com\/avatar\/37d968a2e67a6fd04c169c4bdef102d0bc5d31b2546345219e348575eb80e9a0?s=96&d=mm&r=g","url":"https:\/\/secure.gravatar.com\/avatar\/37d968a2e67a6fd04c169c4bdef102d0bc5d31b2546345219e348575eb80e9a0?s=96&d=mm&r=g","contentUrl":"https:\/\/secure.gravatar.com\/avatar\/37d968a2e67a6fd04c169c4bdef102d0bc5d31b2546345219e348575eb80e9a0?s=96&d=mm&r=g","caption":"redazione"},"sameAs":["http:\/\/www.bellunopress.it","https:\/\/x.com\/bellunopress"],"url":"https:\/\/www.bellunopress.it\/fr\/author\/redazione\/"}]}},"_links":{"self":[{"href":"https:\/\/www.bellunopress.it\/fr\/wp-json\/wp\/v2\/posts\/166352","targetHints":{"allow":["GET"]}}],"collection":[{"href":"https:\/\/www.bellunopress.it\/fr\/wp-json\/wp\/v2\/posts"}],"about":[{"href":"https:\/\/www.bellunopress.it\/fr\/wp-json\/wp\/v2\/types\/post"}],"author":[{"embeddable":true,"href":"https:\/\/www.bellunopress.it\/fr\/wp-json\/wp\/v2\/users\/2"}],"replies":[{"embeddable":true,"href":"https:\/\/www.bellunopress.it\/fr\/wp-json\/wp\/v2\/comments?post=166352"}],"version-history":[{"count":1,"href":"https:\/\/www.bellunopress.it\/fr\/wp-json\/wp\/v2\/posts\/166352\/revisions"}],"predecessor-version":[{"id":166353,"href":"https:\/\/www.bellunopress.it\/fr\/wp-json\/wp\/v2\/posts\/166352\/revisions\/166353"}],"wp:featuredmedia":[{"embeddable":true,"href":"https:\/\/www.bellunopress.it\/fr\/wp-json\/wp\/v2\/media\/148723"}],"wp:attachment":[{"href":"https:\/\/www.bellunopress.it\/fr\/wp-json\/wp\/v2\/media?parent=166352"}],"wp:term":[{"taxonomy":"category","embeddable":true,"href":"https:\/\/www.bellunopress.it\/fr\/wp-json\/wp\/v2\/categories?post=166352"},{"taxonomy":"post_tag","embeddable":true,"href":"https:\/\/www.bellunopress.it\/fr\/wp-json\/wp\/v2\/tags?post=166352"}],"curies":[{"name":"wp","href":"https:\/\/api.w.org\/{rel}","templated":true}]}}